{"id":1057,"date":"2016-09-02T21:53:27","date_gmt":"2016-09-02T19:53:27","guid":{"rendered":"http:\/\/surbooke.fr\/wordpress\/?p=1057"},"modified":"2022-07-28T21:52:58","modified_gmt":"2022-07-28T19:52:58","slug":"ils-sont-votre-epouvante-et-vous-etes-leur-crainte-thierry-jonquet-editions-seuil","status":"publish","type":"post","link":"https:\/\/surbooke.fr\/wordpress\/2016\/09\/02\/ils-sont-votre-epouvante-et-vous-etes-leur-crainte-thierry-jonquet-editions-seuil\/","title":{"rendered":"Ils sont votre \u00e9pouvante et vous \u00eates leur crainte, Thierry Jonquet, \u00c9ditions Seuil"},"content":{"rendered":"\n<p><strong>Incontournable<\/strong>. Comme presque tout ce qu&rsquo;a \u00e9crit Thierry Jonquet : romans, livres pour adolescents ou encore ses m\u00e9moires de 1968. Avec pour seule limite qu&rsquo;il vaut mieux espacer les lectures tant son univers est noir. Noir comme ce qu&rsquo;il a crois\u00e9 dans son existence, des h\u00f4pitaux aux zones d&rsquo;\u00e9ducation prioritaire en banlieue parisienne. <em>Ils sont votre \u00e9pouvante et vous \u00eates leur crainte<\/em> est son dernier livre, r\u00e9dig\u00e9 en 2005 et publi\u00e9 en 2006 au moment des \u00e9meutes de banlieues et de l&rsquo;assassinat d&rsquo;Ilan Halimi. Jonquet s&rsquo;en est inspir\u00e9 pour dresser un constat angoissant de territoires du 9-3 qui ont bascul\u00e9 en dehors de la R\u00e9publique et o\u00f9 le vivier du terrorisme islamique a pris place. Une lucidit\u00e9 qui appelle d&rsquo;autant plus l&rsquo;admiration que Jonquet vient de l&rsquo;extr\u00eame gauche, ce qui lui valut bien des critiques de ses anciens compagnons politiques. Comme toujours chez lui, l&rsquo;histoire est prenante, haletante, et on ne repose le roman qu&rsquo;une fois la derni\u00e8re page lue. Elle se d\u00e9roule \u00e0 Certigny, une commune imaginaire de Seine-Saint-Denis. La ville est tenue par diverses mafias avec l&rsquo;acceptation implicite de la mairie trop heureuse d&rsquo;avoir ainsi deal\u00e9 la paix sociale. La cit\u00e9 des Grands-Ch\u00eanes est le domaine des fr\u00e8res Lakdaoui qui s&rsquo;enrichissent avec le commerce du shit. La cit\u00e9 des Sabli\u00e8re  est aux mains de Boubakar dit le Magnifique. Lui fait dans le pain de fesse avec ses \u00ab gazelles \u00bb directement import\u00e9es de Bamako, qu&rsquo;il contr\u00f4le avec l&rsquo;aide d&rsquo;anciens de la guerre des Balkans. \u00c0 la cit\u00e9 du Moulin, les Salafistes se sont implant\u00e9s depuis la construction de la Mosqu\u00e9e. Et dans celle de la Br\u00e8che-aux-Loups, Alain Ceccati ancien de Fleury-M\u00e9rogis a fait fleurir les seringues sur toutes les pelouses. Une situation que le substitut Richard Verdier compare au <em>Titanic<\/em>. Anna Doblinsky est nomm\u00e9e dans le coll\u00e8ge de Certigny pour d\u00e9buter sa carri\u00e8re de professeur de fran\u00e7ais. Fra\u00eechement \u00e9moulue de l&rsquo;IUFM o\u00f9 les \u00e9l\u00e8ves sont appel\u00e9s les apprenants dans le sabir de l&rsquo;\u00c9ducation nationale, elle d\u00e9barque dans un \u00e9tablissement dont les responsables et une grande partie des profs ont d\u00e9missionn\u00e9 depuis longtemps. Pas par manque d&rsquo;ambition, mais parce qu&rsquo;ils sont d\u00e9pass\u00e9s par des \u00e9l\u00e8ves qui ne ma\u00eetrisent souvent que 300 mots et dont la culture se limite \u00e0 la t\u00e9l\u00e9-r\u00e9alit\u00e9. Le jeune Lakdar Abdane fait toutefois exception et Anna s&rsquo;appuie sur lui pour faire r\u00e9gner un semblant d&rsquo;ordre dans sa classe. De l\u00e0 \u00e0 leur faire appr\u00e9cier Victor Hugo, il y a de la marge. En classe, l&rsquo;expression \u00e9crite laisse la place aux d\u00e9bats infiniment plus accessibles. Mais pas n\u00e9cessairement de meilleure tenue car ils virent trop souvent \u00e0 l&rsquo;affrontement communautaire entre blacks et rebeus. Deux soci\u00e9t\u00e9s qui se r\u00e9concilient sur le dos des feujs qui font \u00ab <em>toujours des coups de vice<\/em> \u00bb. Pas vraiment une bonne nouvelle pour Anna. Les \u00e9meutes de 2006 font \u00e9clater le fragile \u00e9quilibre \u00e0 Certigny rebattant les cartes entre les diff\u00e9rents clans. Et les plus violents ne sont pas n\u00e9cessairement les trafiquants de drogue ni les prox\u00e9n\u00e8tes. <\/p>\n","protected":false},"excerpt":{"rendered":"<p>Incontournable. Comme presque tout ce qu&rsquo;a \u00e9crit Thierry Jonquet : romans, livres pour adolescents ou encore ses m\u00e9moires de 1968. Avec pour seule limite qu&rsquo;il vaut mieux espacer les lectures tant son univers est noir. Noir comme ce qu&rsquo;il a crois\u00e9 dans son existence, des h\u00f4pitaux aux zones d&rsquo;\u00e9ducation prioritaire en banlieue parisienne. Ils sont [&hellip;]<\/p>\n","protected":false},"author":8,"featured_media":19235,"comment_status":"open","ping_status":"open","sticky":false,"template":"","format":"standard","meta":{"footnotes":""},"categories":[2,3],"tags":[58],"class_list":["post-1057","post","type-post","status-publish","format-standard","has-post-thumbnail","hentry","category-roman-noir","category-coup-de-coeur","tag-le-seuil"],"yoast_head":"<!-- This site is optimized with the Yoast SEO plugin v27.5 - https:\/\/yoast.com\/product\/yoast-seo-wordpress\/ -->\n<title>Ils sont votre \u00e9pouvante et vous \u00eates leur crainte, Thierry Jonquet, \u00c9ditions Seuil - Surbook\u00e9<\/title>\n<meta name=\"robots\" content=\"index, follow, max-snippet:-1, max-image-preview:large, max-video-preview:-1\" \/>\n<link rel=\"canonical\" href=\"https:\/\/surbooke.fr\/wordpress\/2016\/09\/02\/ils-sont-votre-epouvante-et-vous-etes-leur-crainte-thierry-jonquet-editions-seuil\/\" \/>\n<meta property=\"og:locale\" content=\"fr_FR\" \/>\n<meta property=\"og:type\" content=\"article\" \/>\n<meta property=\"og:title\" content=\"Ils sont votre \u00e9pouvante et vous \u00eates leur crainte, Thierry Jonquet, \u00c9ditions Seuil - Surbook\u00e9\" \/>\n<meta property=\"og:description\" content=\"Incontournable. Comme presque tout ce qu&rsquo;a \u00e9crit Thierry Jonquet : romans, livres pour adolescents ou encore ses m\u00e9moires de 1968. Avec pour seule limite qu&rsquo;il vaut mieux espacer les lectures tant son univers est noir. Noir comme ce qu&rsquo;il a crois\u00e9 dans son existence, des h\u00f4pitaux aux zones d&rsquo;\u00e9ducation prioritaire en banlieue parisienne. Ils sont [&hellip;]\" \/>\n<meta property=\"og:url\" content=\"https:\/\/surbooke.fr\/wordpress\/2016\/09\/02\/ils-sont-votre-epouvante-et-vous-etes-leur-crainte-thierry-jonquet-editions-seuil\/\" \/>\n<meta property=\"og:site_name\" content=\"Surbook\u00e9\" \/>\n<meta property=\"article:published_time\" content=\"2016-09-02T19:53:27+00:00\" \/>\n<meta property=\"article:modified_time\" content=\"2022-07-28T19:52:58+00:00\" \/>\n<meta property=\"og:image\" content=\"https:\/\/surbooke.fr\/wordpress\/wp-content\/uploads\/2016\/09\/ils_sont_votre_epouvante_et_vous_etes_leur_crainte-260668-264-432.jpg\" \/>\n\t<meta property=\"og:image:width\" content=\"261\" \/>\n\t<meta property=\"og:image:height\" content=\"432\" \/>\n\t<meta property=\"og:image:type\" content=\"image\/jpeg\" \/>\n<meta name=\"author\" content=\"Laurent Bisault\" \/>\n<meta name=\"twitter:card\" content=\"summary_large_image\" \/>\n<meta name=\"twitter:creator\" content=\"@LaurentBisault\" \/>\n<meta name=\"twitter:label1\" content=\"\u00c9crit par\" \/>\n\t<meta name=\"twitter:data1\" content=\"Laurent Bisault\" \/>\n\t<meta name=\"twitter:label2\" content=\"Dur\u00e9e de lecture estim\u00e9e\" \/>\n\t<meta name=\"twitter:data2\" content=\"3 minutes\" \/>\n<script type=\"application\/ld+json\" class=\"yoast-schema-graph\">{\"@context\":\"https:\\\/\\\/schema.org\",\"@graph\":[{\"@type\":\"Article\",\"@id\":\"https:\\\/\\\/surbooke.fr\\\/wordpress\\\/2016\\\/09\\\/02\\\/ils-sont-votre-epouvante-et-vous-etes-leur-crainte-thierry-jonquet-editions-seuil\\\/#article\",\"isPartOf\":{\"@id\":\"https:\\\/\\\/surbooke.fr\\\/wordpress\\\/2016\\\/09\\\/02\\\/ils-sont-votre-epouvante-et-vous-etes-leur-crainte-thierry-jonquet-editions-seuil\\\/\"},\"author\":{\"name\":\"Laurent Bisault\",\"@id\":\"https:\\\/\\\/surbooke.fr\\\/wordpress\\\/#\\\/schema\\\/person\\\/9c6be4d35203c76182c56b0e974807c6\"},\"headline\":\"Ils sont votre \u00e9pouvante et vous \u00eates leur crainte, Thierry Jonquet, \u00c9ditions Seuil\",\"datePublished\":\"2016-09-02T19:53:27+00:00\",\"dateModified\":\"2022-07-28T19:52:58+00:00\",\"mainEntityOfPage\":{\"@id\":\"https:\\\/\\\/surbooke.fr\\\/wordpress\\\/2016\\\/09\\\/02\\\/ils-sont-votre-epouvante-et-vous-etes-leur-crainte-thierry-jonquet-editions-seuil\\\/\"},\"wordCount\":563,\"commentCount\":0,\"image\":{\"@id\":\"https:\\\/\\\/surbooke.fr\\\/wordpress\\\/2016\\\/09\\\/02\\\/ils-sont-votre-epouvante-et-vous-etes-leur-crainte-thierry-jonquet-editions-seuil\\\/#primaryimage\"},\"thumbnailUrl\":\"https:\\\/\\\/surbooke.fr\\\/wordpress\\\/wp-content\\\/uploads\\\/2016\\\/09\\\/ils_sont_votre_epouvante_et_vous_etes_leur_crainte-260668-264-432.jpg\",\"keywords\":[\"Le Seuil\"],\"articleSection\":[\"roman noir\",\"\ud83e\udd0d\"],\"inLanguage\":\"fr-FR\",\"potentialAction\":[{\"@type\":\"CommentAction\",\"name\":\"Comment\",\"target\":[\"https:\\\/\\\/surbooke.fr\\\/wordpress\\\/2016\\\/09\\\/02\\\/ils-sont-votre-epouvante-et-vous-etes-leur-crainte-thierry-jonquet-editions-seuil\\\/#respond\"]}]},{\"@type\":\"WebPage\",\"@id\":\"https:\\\/\\\/surbooke.fr\\\/wordpress\\\/2016\\\/09\\\/02\\\/ils-sont-votre-epouvante-et-vous-etes-leur-crainte-thierry-jonquet-editions-seuil\\\/\",\"url\":\"https:\\\/\\\/surbooke.fr\\\/wordpress\\\/2016\\\/09\\\/02\\\/ils-sont-votre-epouvante-et-vous-etes-leur-crainte-thierry-jonquet-editions-seuil\\\/\",\"name\":\"Ils sont votre \u00e9pouvante et vous \u00eates leur crainte, Thierry Jonquet, \u00c9ditions Seuil - Surbook\u00e9\",\"isPartOf\":{\"@id\":\"https:\\\/\\\/surbooke.fr\\\/wordpress\\\/#website\"},\"primaryImageOfPage\":{\"@id\":\"https:\\\/\\\/surbooke.fr\\\/wordpress\\\/2016\\\/09\\\/02\\\/ils-sont-votre-epouvante-et-vous-etes-leur-crainte-thierry-jonquet-editions-seuil\\\/#primaryimage\"},\"image\":{\"@id\":\"https:\\\/\\\/surbooke.fr\\\/wordpress\\\/2016\\\/09\\\/02\\\/ils-sont-votre-epouvante-et-vous-etes-leur-crainte-thierry-jonquet-editions-seuil\\\/#primaryimage\"},\"thumbnailUrl\":\"https:\\\/\\\/surbooke.fr\\\/wordpress\\\/wp-content\\\/uploads\\\/2016\\\/09\\\/ils_sont_votre_epouvante_et_vous_etes_leur_crainte-260668-264-432.jpg\",\"datePublished\":\"2016-09-02T19:53:27+00:00\",\"dateModified\":\"2022-07-28T19:52:58+00:00\",\"author\":{\"@id\":\"https:\\\/\\\/surbooke.fr\\\/wordpress\\\/#\\\/schema\\\/person\\\/9c6be4d35203c76182c56b0e974807c6\"},\"breadcrumb\":{\"@id\":\"https:\\\/\\\/surbooke.fr\\\/wordpress\\\/2016\\\/09\\\/02\\\/ils-sont-votre-epouvante-et-vous-etes-leur-crainte-thierry-jonquet-editions-seuil\\\/#breadcrumb\"},\"inLanguage\":\"fr-FR\",\"potentialAction\":[{\"@type\":\"ReadAction\",\"target\":[\"https:\\\/\\\/surbooke.fr\\\/wordpress\\\/2016\\\/09\\\/02\\\/ils-sont-votre-epouvante-et-vous-etes-leur-crainte-thierry-jonquet-editions-seuil\\\/\"]}]},{\"@type\":\"ImageObject\",\"inLanguage\":\"fr-FR\",\"@id\":\"https:\\\/\\\/surbooke.fr\\\/wordpress\\\/2016\\\/09\\\/02\\\/ils-sont-votre-epouvante-et-vous-etes-leur-crainte-thierry-jonquet-editions-seuil\\\/#primaryimage\",\"url\":\"https:\\\/\\\/surbooke.fr\\\/wordpress\\\/wp-content\\\/uploads\\\/2016\\\/09\\\/ils_sont_votre_epouvante_et_vous_etes_leur_crainte-260668-264-432.jpg\",\"contentUrl\":\"https:\\\/\\\/surbooke.fr\\\/wordpress\\\/wp-content\\\/uploads\\\/2016\\\/09\\\/ils_sont_votre_epouvante_et_vous_etes_leur_crainte-260668-264-432.jpg\",\"width\":261,\"height\":432},{\"@type\":\"BreadcrumbList\",\"@id\":\"https:\\\/\\\/surbooke.fr\\\/wordpress\\\/2016\\\/09\\\/02\\\/ils-sont-votre-epouvante-et-vous-etes-leur-crainte-thierry-jonquet-editions-seuil\\\/#breadcrumb\",\"itemListElement\":[{\"@type\":\"ListItem\",\"position\":1,\"name\":\"Accueil\",\"item\":\"https:\\\/\\\/surbooke.fr\\\/wordpress\\\/\"},{\"@type\":\"ListItem\",\"position\":2,\"name\":\"Ils sont votre \u00e9pouvante et vous \u00eates leur crainte, Thierry Jonquet, \u00c9ditions Seuil\"}]},{\"@type\":\"WebSite\",\"@id\":\"https:\\\/\\\/surbooke.fr\\\/wordpress\\\/#website\",\"url\":\"https:\\\/\\\/surbooke.fr\\\/wordpress\\\/\",\"name\":\"Surbook\u00e9\",\"description\":\"Le blog de Laurent Bisault\",\"potentialAction\":[{\"@type\":\"SearchAction\",\"target\":{\"@type\":\"EntryPoint\",\"urlTemplate\":\"https:\\\/\\\/surbooke.fr\\\/wordpress\\\/?s={search_term_string}\"},\"query-input\":{\"@type\":\"PropertyValueSpecification\",\"valueRequired\":true,\"valueName\":\"search_term_string\"}}],\"inLanguage\":\"fr-FR\"},{\"@type\":\"Person\",\"@id\":\"https:\\\/\\\/surbooke.fr\\\/wordpress\\\/#\\\/schema\\\/person\\\/9c6be4d35203c76182c56b0e974807c6\",\"name\":\"Laurent Bisault\",\"image\":{\"@type\":\"ImageObject\",\"inLanguage\":\"fr-FR\",\"@id\":\"https:\\\/\\\/secure.gravatar.com\\\/avatar\\\/3bcd2efdfc3a3e416bea3223d3dfcd7f8845e2ca0669671d0c7ed8e84e97bfc4?s=96&d=mm&r=g\",\"url\":\"https:\\\/\\\/secure.gravatar.com\\\/avatar\\\/3bcd2efdfc3a3e416bea3223d3dfcd7f8845e2ca0669671d0c7ed8e84e97bfc4?s=96&d=mm&r=g\",\"contentUrl\":\"https:\\\/\\\/secure.gravatar.com\\\/avatar\\\/3bcd2efdfc3a3e416bea3223d3dfcd7f8845e2ca0669671d0c7ed8e84e97bfc4?s=96&d=mm&r=g\",\"caption\":\"Laurent Bisault\"},\"sameAs\":[\"https:\\\/\\\/surbooke.fr\\\/wordpress\\\/\",\"https:\\\/\\\/x.com\\\/LaurentBisault\"],\"url\":\"https:\\\/\\\/surbooke.fr\\\/wordpress\\\/author\\\/surbooke\\\/\"}]}<\/script>\n<!-- \/ Yoast SEO plugin. -->","yoast_head_json":{"title":"Ils sont votre \u00e9pouvante et vous \u00eates leur crainte, Thierry Jonquet, \u00c9ditions Seuil - Surbook\u00e9","robots":{"index":"index","follow":"follow","max-snippet":"max-snippet:-1","max-image-preview":"max-image-preview:large","max-video-preview":"max-video-preview:-1"},"canonical":"https:\/\/surbooke.fr\/wordpress\/2016\/09\/02\/ils-sont-votre-epouvante-et-vous-etes-leur-crainte-thierry-jonquet-editions-seuil\/","og_locale":"fr_FR","og_type":"article","og_title":"Ils sont votre \u00e9pouvante et vous \u00eates leur crainte, Thierry Jonquet, \u00c9ditions Seuil - Surbook\u00e9","og_description":"Incontournable. Comme presque tout ce qu&rsquo;a \u00e9crit Thierry Jonquet : romans, livres pour adolescents ou encore ses m\u00e9moires de 1968. Avec pour seule limite qu&rsquo;il vaut mieux espacer les lectures tant son univers est noir. Noir comme ce qu&rsquo;il a crois\u00e9 dans son existence, des h\u00f4pitaux aux zones d&rsquo;\u00e9ducation prioritaire en banlieue parisienne. Ils sont [&hellip;]","og_url":"https:\/\/surbooke.fr\/wordpress\/2016\/09\/02\/ils-sont-votre-epouvante-et-vous-etes-leur-crainte-thierry-jonquet-editions-seuil\/","og_site_name":"Surbook\u00e9","article_published_time":"2016-09-02T19:53:27+00:00","article_modified_time":"2022-07-28T19:52:58+00:00","og_image":[{"width":261,"height":432,"url":"https:\/\/surbooke.fr\/wordpress\/wp-content\/uploads\/2016\/09\/ils_sont_votre_epouvante_et_vous_etes_leur_crainte-260668-264-432.jpg","type":"image\/jpeg"}],"author":"Laurent Bisault","twitter_card":"summary_large_image","twitter_creator":"@LaurentBisault","twitter_misc":{"\u00c9crit par":"Laurent Bisault","Dur\u00e9e de lecture estim\u00e9e":"3 minutes"},"schema":{"@context":"https:\/\/schema.org","@graph":[{"@type":"Article","@id":"https:\/\/surbooke.fr\/wordpress\/2016\/09\/02\/ils-sont-votre-epouvante-et-vous-etes-leur-crainte-thierry-jonquet-editions-seuil\/#article","isPartOf":{"@id":"https:\/\/surbooke.fr\/wordpress\/2016\/09\/02\/ils-sont-votre-epouvante-et-vous-etes-leur-crainte-thierry-jonquet-editions-seuil\/"},"author":{"name":"Laurent Bisault","@id":"https:\/\/surbooke.fr\/wordpress\/#\/schema\/person\/9c6be4d35203c76182c56b0e974807c6"},"headline":"Ils sont votre \u00e9pouvante et vous \u00eates leur crainte, Thierry Jonquet, \u00c9ditions Seuil","datePublished":"2016-09-02T19:53:27+00:00","dateModified":"2022-07-28T19:52:58+00:00","mainEntityOfPage":{"@id":"https:\/\/surbooke.fr\/wordpress\/2016\/09\/02\/ils-sont-votre-epouvante-et-vous-etes-leur-crainte-thierry-jonquet-editions-seuil\/"},"wordCount":563,"commentCount":0,"image":{"@id":"https:\/\/surbooke.fr\/wordpress\/2016\/09\/02\/ils-sont-votre-epouvante-et-vous-etes-leur-crainte-thierry-jonquet-editions-seuil\/#primaryimage"},"thumbnailUrl":"https:\/\/surbooke.fr\/wordpress\/wp-content\/uploads\/2016\/09\/ils_sont_votre_epouvante_et_vous_etes_leur_crainte-260668-264-432.jpg","keywords":["Le Seuil"],"articleSection":["roman noir","\ud83e\udd0d"],"inLanguage":"fr-FR","potentialAction":[{"@type":"CommentAction","name":"Comment","target":["https:\/\/surbooke.fr\/wordpress\/2016\/09\/02\/ils-sont-votre-epouvante-et-vous-etes-leur-crainte-thierry-jonquet-editions-seuil\/#respond"]}]},{"@type":"WebPage","@id":"https:\/\/surbooke.fr\/wordpress\/2016\/09\/02\/ils-sont-votre-epouvante-et-vous-etes-leur-crainte-thierry-jonquet-editions-seuil\/","url":"https:\/\/surbooke.fr\/wordpress\/2016\/09\/02\/ils-sont-votre-epouvante-et-vous-etes-leur-crainte-thierry-jonquet-editions-seuil\/","name":"Ils sont votre \u00e9pouvante et vous \u00eates leur crainte, Thierry Jonquet, \u00c9ditions Seuil - Surbook\u00e9","isPartOf":{"@id":"https:\/\/surbooke.fr\/wordpress\/#website"},"primaryImageOfPage":{"@id":"https:\/\/surbooke.fr\/wordpress\/2016\/09\/02\/ils-sont-votre-epouvante-et-vous-etes-leur-crainte-thierry-jonquet-editions-seuil\/#primaryimage"},"image":{"@id":"https:\/\/surbooke.fr\/wordpress\/2016\/09\/02\/ils-sont-votre-epouvante-et-vous-etes-leur-crainte-thierry-jonquet-editions-seuil\/#primaryimage"},"thumbnailUrl":"https:\/\/surbooke.fr\/wordpress\/wp-content\/uploads\/2016\/09\/ils_sont_votre_epouvante_et_vous_etes_leur_crainte-260668-264-432.jpg","datePublished":"2016-09-02T19:53:27+00:00","dateModified":"2022-07-28T19:52:58+00:00","author":{"@id":"https:\/\/surbooke.fr\/wordpress\/#\/schema\/person\/9c6be4d35203c76182c56b0e974807c6"},"breadcrumb":{"@id":"https:\/\/surbooke.fr\/wordpress\/2016\/09\/02\/ils-sont-votre-epouvante-et-vous-etes-leur-crainte-thierry-jonquet-editions-seuil\/#breadcrumb"},"inLanguage":"fr-FR","potentialAction":[{"@type":"ReadAction","target":["https:\/\/surbooke.fr\/wordpress\/2016\/09\/02\/ils-sont-votre-epouvante-et-vous-etes-leur-crainte-thierry-jonquet-editions-seuil\/"]}]},{"@type":"ImageObject","inLanguage":"fr-FR","@id":"https:\/\/surbooke.fr\/wordpress\/2016\/09\/02\/ils-sont-votre-epouvante-et-vous-etes-leur-crainte-thierry-jonquet-editions-seuil\/#primaryimage","url":"https:\/\/surbooke.fr\/wordpress\/wp-content\/uploads\/2016\/09\/ils_sont_votre_epouvante_et_vous_etes_leur_crainte-260668-264-432.jpg","contentUrl":"https:\/\/surbooke.fr\/wordpress\/wp-content\/uploads\/2016\/09\/ils_sont_votre_epouvante_et_vous_etes_leur_crainte-260668-264-432.jpg","width":261,"height":432},{"@type":"BreadcrumbList","@id":"https:\/\/surbooke.fr\/wordpress\/2016\/09\/02\/ils-sont-votre-epouvante-et-vous-etes-leur-crainte-thierry-jonquet-editions-seuil\/#breadcrumb","itemListElement":[{"@type":"ListItem","position":1,"name":"Accueil","item":"https:\/\/surbooke.fr\/wordpress\/"},{"@type":"ListItem","position":2,"name":"Ils sont votre \u00e9pouvante et vous \u00eates leur crainte, Thierry Jonquet, \u00c9ditions Seuil"}]},{"@type":"WebSite","@id":"https:\/\/surbooke.fr\/wordpress\/#website","url":"https:\/\/surbooke.fr\/wordpress\/","name":"Surbook\u00e9","description":"Le blog de Laurent Bisault","potentialAction":[{"@type":"SearchAction","target":{"@type":"EntryPoint","urlTemplate":"https:\/\/surbooke.fr\/wordpress\/?s={search_term_string}"},"query-input":{"@type":"PropertyValueSpecification","valueRequired":true,"valueName":"search_term_string"}}],"inLanguage":"fr-FR"},{"@type":"Person","@id":"https:\/\/surbooke.fr\/wordpress\/#\/schema\/person\/9c6be4d35203c76182c56b0e974807c6","name":"Laurent Bisault","image":{"@type":"ImageObject","inLanguage":"fr-FR","@id":"https:\/\/secure.gravatar.com\/avatar\/3bcd2efdfc3a3e416bea3223d3dfcd7f8845e2ca0669671d0c7ed8e84e97bfc4?s=96&d=mm&r=g","url":"https:\/\/secure.gravatar.com\/avatar\/3bcd2efdfc3a3e416bea3223d3dfcd7f8845e2ca0669671d0c7ed8e84e97bfc4?s=96&d=mm&r=g","contentUrl":"https:\/\/secure.gravatar.com\/avatar\/3bcd2efdfc3a3e416bea3223d3dfcd7f8845e2ca0669671d0c7ed8e84e97bfc4?s=96&d=mm&r=g","caption":"Laurent Bisault"},"sameAs":["https:\/\/surbooke.fr\/wordpress\/","https:\/\/x.com\/LaurentBisault"],"url":"https:\/\/surbooke.fr\/wordpress\/author\/surbooke\/"}]}},"_links":{"self":[{"href":"https:\/\/surbooke.fr\/wordpress\/wp-json\/wp\/v2\/posts\/1057","targetHints":{"allow":["GET"]}}],"collection":[{"href":"https:\/\/surbooke.fr\/wordpress\/wp-json\/wp\/v2\/posts"}],"about":[{"href":"https:\/\/surbooke.fr\/wordpress\/wp-json\/wp\/v2\/types\/post"}],"author":[{"embeddable":true,"href":"https:\/\/surbooke.fr\/wordpress\/wp-json\/wp\/v2\/users\/8"}],"replies":[{"embeddable":true,"href":"https:\/\/surbooke.fr\/wordpress\/wp-json\/wp\/v2\/comments?post=1057"}],"version-history":[{"count":0,"href":"https:\/\/surbooke.fr\/wordpress\/wp-json\/wp\/v2\/posts\/1057\/revisions"}],"wp:featuredmedia":[{"embeddable":true,"href":"https:\/\/surbooke.fr\/wordpress\/wp-json\/wp\/v2\/media\/19235"}],"wp:attachment":[{"href":"https:\/\/surbooke.fr\/wordpress\/wp-json\/wp\/v2\/media?parent=1057"}],"wp:term":[{"taxonomy":"category","embeddable":true,"href":"https:\/\/surbooke.fr\/wordpress\/wp-json\/wp\/v2\/categories?post=1057"},{"taxonomy":"post_tag","embeddable":true,"href":"https:\/\/surbooke.fr\/wordpress\/wp-json\/wp\/v2\/tags?post=1057"}],"curies":[{"name":"wp","href":"https:\/\/api.w.org\/{rel}","templated":true}]}}