{"id":10627,"date":"2021-08-29T21:07:47","date_gmt":"2021-08-29T19:07:47","guid":{"rendered":"https:\/\/surbooke.fr\/wordpress\/?p=10627"},"modified":"2022-07-05T18:02:55","modified_gmt":"2022-07-05T16:02:55","slug":"recap-juillet-aout-2021","status":"publish","type":"post","link":"https:\/\/surbooke.fr\/wordpress\/2021\/08\/29\/recap-juillet-aout-2021\/","title":{"rendered":"R\u00e9cap juillet-ao\u00fbt 2021"},"content":{"rendered":"\n<p><strong>Vous les avez manqu\u00e9es ?<\/strong> Pas grave. On vous redonne les chroniques, tr\u00e8s italiennes, publi\u00e9es en juillet et ao\u00fbt 221.<\/p>\n\n\n\n<figure class=\"wp-block-embed-wordpress wp-block-embed is-type-wp-embed is-provider-surbooke\"><div class=\"wp-block-embed__wrapper\">\n<blockquote class=\"wp-embedded-content\" data-secret=\"V4yFcSZ0M3\"><a href=\"https:\/\/surbooke.fr\/wordpress\/2021\/07\/01\/la-commode-aux-tiroirs-de-couleurs-olivia-ruiz-editions-jean-claude-lattes\/\">La commode aux tiroirs de couleurs, Olivia Ruiz, \u00c9ditions Jean-Claude Latt\u00e8s<\/a><\/blockquote><iframe loading=\"lazy\" class=\"wp-embedded-content\" sandbox=\"allow-scripts\" security=\"restricted\" style=\"position: absolute; visibility: hidden;\" title=\"\u00ab\u00a0La commode aux tiroirs de couleurs, Olivia Ruiz, \u00c9ditions Jean-Claude Latt\u00e8s\u00a0\u00bb &#8212; Surbook\u00e9\" src=\"https:\/\/surbooke.fr\/wordpress\/2021\/07\/01\/la-commode-aux-tiroirs-de-couleurs-olivia-ruiz-editions-jean-claude-lattes\/embed\/#?secret=W0RusUl7uj#?secret=V4yFcSZ0M3\" data-secret=\"V4yFcSZ0M3\" width=\"600\" height=\"338\" frameborder=\"0\" marginwidth=\"0\" marginheight=\"0\" scrolling=\"no\"><\/iframe>\n<\/div><figcaption>Avec elle vous ne serez jamais chocolat<\/figcaption><\/figure>\n\n\n\n<figure class=\"wp-block-embed-wordpress wp-block-embed is-type-wp-embed is-provider-surbooke\"><div class=\"wp-block-embed__wrapper\">\n<blockquote class=\"wp-embedded-content\" data-secret=\"6WNeoR94MI\"><a href=\"https:\/\/surbooke.fr\/wordpress\/2021\/07\/08\/je-suis-le-cycliste-masque-antoine-vayer-editions-hugo-sport\/\">Je suis le cycliste masqu\u00e9, Antoine Vayer, \u00c9ditions Hugo Sport<\/a><\/blockquote><iframe loading=\"lazy\" class=\"wp-embedded-content\" sandbox=\"allow-scripts\" security=\"restricted\" style=\"position: absolute; visibility: hidden;\" title=\"\u00ab\u00a0Je suis le cycliste masqu\u00e9, Antoine Vayer, \u00c9ditions Hugo Sport\u00a0\u00bb &#8212; Surbook\u00e9\" src=\"https:\/\/surbooke.fr\/wordpress\/2021\/07\/08\/je-suis-le-cycliste-masque-antoine-vayer-editions-hugo-sport\/embed\/#?secret=wlc3D1BKU0#?secret=6WNeoR94MI\" data-secret=\"6WNeoR94MI\" width=\"600\" height=\"338\" frameborder=\"0\" marginwidth=\"0\" marginheight=\"0\" scrolling=\"no\"><\/iframe>\n<\/div><figcaption>Il para\u00eet qu&rsquo;il y aurait encore du dopage dans le v\u00e9lo &#8230;<\/figcaption><\/figure>\n\n\n\n<figure class=\"wp-block-embed-wordpress wp-block-embed is-type-wp-embed is-provider-surbooke\"><div class=\"wp-block-embed__wrapper\">\n<blockquote class=\"wp-embedded-content\" data-secret=\"AzmpKEeZun\"><a href=\"https:\/\/surbooke.fr\/wordpress\/2021\/07\/23\/les-lions-de-sicile-stefania-auci-editions-albin-michel\/\">Les lions de Sicile, Stefania Auci, \u00c9ditions Albin Michel<\/a><\/blockquote><iframe loading=\"lazy\" class=\"wp-embedded-content\" sandbox=\"allow-scripts\" security=\"restricted\" style=\"position: absolute; visibility: hidden;\" title=\"\u00ab\u00a0Les lions de Sicile, Stefania Auci, \u00c9ditions Albin Michel\u00a0\u00bb &#8212; Surbook\u00e9\" src=\"https:\/\/surbooke.fr\/wordpress\/2021\/07\/23\/les-lions-de-sicile-stefania-auci-editions-albin-michel\/embed\/#?secret=ojwDsD2j59#?secret=AzmpKEeZun\" data-secret=\"AzmpKEeZun\" width=\"600\" height=\"338\" frameborder=\"0\" marginwidth=\"0\" marginheight=\"0\" scrolling=\"no\"><\/iframe>\n<\/div><figcaption>Si si il y a du Balzac chez cette autrice<\/figcaption><\/figure>\n\n\n\n<figure class=\"wp-block-embed-wordpress wp-block-embed is-type-wp-embed is-provider-surbooke\"><div class=\"wp-block-embed__wrapper\">\n<blockquote class=\"wp-embedded-content\" data-secret=\"uG5g7pmYMI\"><a href=\"https:\/\/surbooke.fr\/wordpress\/2021\/07\/27\/lecume-des-pates-tommaso-melilli-editions-stock\/\">L&rsquo;\u00e9cume des p\u00e2tes, Tommaso Melilli, \u00c9ditions Stock<\/a><\/blockquote><iframe loading=\"lazy\" class=\"wp-embedded-content\" sandbox=\"allow-scripts\" security=\"restricted\" style=\"position: absolute; visibility: hidden;\" title=\"\u00ab\u00a0L&rsquo;\u00e9cume des p\u00e2tes, Tommaso Melilli, \u00c9ditions Stock\u00a0\u00bb &#8212; Surbook\u00e9\" src=\"https:\/\/surbooke.fr\/wordpress\/2021\/07\/27\/lecume-des-pates-tommaso-melilli-editions-stock\/embed\/#?secret=FHiN9IGEfF#?secret=uG5g7pmYMI\" data-secret=\"uG5g7pmYMI\" width=\"600\" height=\"338\" frameborder=\"0\" marginwidth=\"0\" marginheight=\"0\" scrolling=\"no\"><\/iframe>\n<\/div><figcaption>D\u00e9p\u00eachez-vous le prix des p\u00e2tes ne va pas tarder \u00e0 augmenter<\/figcaption><\/figure>\n\n\n\n<figure class=\"wp-block-embed-wordpress wp-block-embed is-type-wp-embed is-provider-surbooke\"><div class=\"wp-block-embed__wrapper\">\n<blockquote class=\"wp-embedded-content\" data-secret=\"42QV3iOmb3\"><a href=\"https:\/\/surbooke.fr\/wordpress\/2021\/07\/30\/les-mafieuses-pascale-dietrich-editions-liana-levi\/\">Les mafieuses, Pascale Dietrich, \u00c9ditions Liana Levi<\/a><\/blockquote><iframe loading=\"lazy\" class=\"wp-embedded-content\" sandbox=\"allow-scripts\" security=\"restricted\" style=\"position: absolute; visibility: hidden;\" title=\"\u00ab\u00a0Les mafieuses, Pascale Dietrich, \u00c9ditions Liana Levi\u00a0\u00bb &#8212; Surbook\u00e9\" src=\"https:\/\/surbooke.fr\/wordpress\/2021\/07\/30\/les-mafieuses-pascale-dietrich-editions-liana-levi\/embed\/#?secret=Hb4QvJZ7AF#?secret=42QV3iOmb3\" data-secret=\"42QV3iOmb3\" width=\"600\" height=\"338\" frameborder=\"0\" marginwidth=\"0\" marginheight=\"0\" scrolling=\"no\"><\/iframe>\n<\/div><figcaption>Les faibles femmes n&rsquo;existent donc plus ?<\/figcaption><\/figure>\n\n\n\n<figure class=\"wp-block-embed-wordpress wp-block-embed is-type-wp-embed is-provider-surbooke\"><div class=\"wp-block-embed__wrapper\">\n<blockquote class=\"wp-embedded-content\" data-secret=\"OFiPQtP2aV\"><a href=\"https:\/\/surbooke.fr\/wordpress\/2021\/08\/09\/les-ritals-francois-cavanna-editions-belfond\/\">Les Ritals, Fran\u00e7ois Cavanna, \u00c9ditions Belfond<\/a><\/blockquote><iframe loading=\"lazy\" class=\"wp-embedded-content\" sandbox=\"allow-scripts\" security=\"restricted\" style=\"position: absolute; visibility: hidden;\" title=\"\u00ab\u00a0Les Ritals, Fran\u00e7ois Cavanna, \u00c9ditions Belfond\u00a0\u00bb &#8212; Surbook\u00e9\" src=\"https:\/\/surbooke.fr\/wordpress\/2021\/08\/09\/les-ritals-francois-cavanna-editions-belfond\/embed\/#?secret=gcIafISPcc#?secret=OFiPQtP2aV\" data-secret=\"OFiPQtP2aV\" width=\"600\" height=\"338\" frameborder=\"0\" marginwidth=\"0\" marginheight=\"0\" scrolling=\"no\"><\/iframe>\n<\/div><figcaption>Cavanna un pur g\u00e9nie<\/figcaption><\/figure>\n\n\n\n<figure class=\"wp-block-embed-wordpress wp-block-embed is-type-wp-embed is-provider-surbooke\"><div class=\"wp-block-embed__wrapper\">\n<blockquote class=\"wp-embedded-content\" data-secret=\"gnU3valTRN\"><a href=\"https:\/\/surbooke.fr\/wordpress\/2021\/08\/19\/quand-un-jeune-pecheur-seprend-de-la-fille-dun-chef-mafieux-sicilien-au-debut-du-xx-siecle-cela-ne-peut-que-mal-se-passer-un-roman-passionnant-et-tres-documente\/\">L&rsquo;America, Michel Moutot, \u00c9ditions Le Seuil<\/a><\/blockquote><iframe loading=\"lazy\" class=\"wp-embedded-content\" sandbox=\"allow-scripts\" security=\"restricted\" style=\"position: absolute; visibility: hidden;\" title=\"\u00ab\u00a0L&rsquo;America, Michel Moutot, \u00c9ditions Le Seuil\u00a0\u00bb &#8212; Surbook\u00e9\" src=\"https:\/\/surbooke.fr\/wordpress\/2021\/08\/19\/quand-un-jeune-pecheur-seprend-de-la-fille-dun-chef-mafieux-sicilien-au-debut-du-xx-siecle-cela-ne-peut-que-mal-se-passer-un-roman-passionnant-et-tres-documente\/embed\/#?secret=jh1sOaqv28#?secret=gnU3valTRN\" data-secret=\"gnU3valTRN\" width=\"600\" height=\"338\" frameborder=\"0\" marginwidth=\"0\" marginheight=\"0\" scrolling=\"no\"><\/iframe>\n<\/div><figcaption>On vous pr\u00e9vient : il ne faut jamais coucher avec la fille d&rsquo;un mafieux<\/figcaption><\/figure>\n","protected":false},"excerpt":{"rendered":"<p>Vous les avez manqu\u00e9es ? Pas grave. On vous redonne les chroniques, tr\u00e8s italiennes, publi\u00e9es en juillet et ao\u00fbt 221.<\/p>\n","protected":false},"author":8,"featured_media":0,"comment_status":"open","ping_status":"open","sticky":false,"template":"","format":"standard","meta":{"footnotes":""},"categories":[1],"tags":[],"class_list":["post-10627","post","type-post","status-publish","format-standard","hentry","category-non-classe"],"yoast_head":"<!-- This site is optimized with the Yoast SEO plugin v27.4 - https:\/\/yoast.com\/product\/yoast-seo-wordpress\/ -->\n<title>R\u00e9cap juillet-ao\u00fbt 2021 - Surbook\u00e9<\/title>\n<meta name=\"robots\" content=\"index, follow, max-snippet:-1, max-image-preview:large, max-video-preview:-1\" \/>\n<link rel=\"canonical\" href=\"https:\/\/surbooke.fr\/wordpress\/2021\/08\/29\/recap-juillet-aout-2021\/\" \/>\n<meta property=\"og:locale\" content=\"fr_FR\" \/>\n<meta property=\"og:type\" content=\"article\" \/>\n<meta property=\"og:title\" content=\"R\u00e9cap juillet-ao\u00fbt 2021 - Surbook\u00e9\" \/>\n<meta property=\"og:description\" content=\"Vous les avez manqu\u00e9es ? Pas grave. On vous redonne les chroniques, tr\u00e8s italiennes, publi\u00e9es en juillet et ao\u00fbt 221.\" \/>\n<meta property=\"og:url\" content=\"https:\/\/surbooke.fr\/wordpress\/2021\/08\/29\/recap-juillet-aout-2021\/\" \/>\n<meta property=\"og:site_name\" content=\"Surbook\u00e9\" \/>\n<meta property=\"article:published_time\" content=\"2021-08-29T19:07:47+00:00\" \/>\n<meta property=\"article:modified_time\" content=\"2022-07-05T16:02:55+00:00\" \/>\n<meta name=\"author\" content=\"Laurent Bisault\" \/>\n<meta name=\"twitter:card\" content=\"summary_large_image\" \/>\n<meta name=\"twitter:creator\" content=\"@LaurentBisault\" \/>\n<meta name=\"twitter:label1\" content=\"\u00c9crit par\" \/>\n\t<meta name=\"twitter:data1\" content=\"Laurent Bisault\" \/>\n\t<meta name=\"twitter:label2\" content=\"Dur\u00e9e de lecture estim\u00e9e\" \/>\n\t<meta name=\"twitter:data2\" content=\"1 minute\" \/>\n<script type=\"application\/ld+json\" class=\"yoast-schema-graph\">{\"@context\":\"https:\\\/\\\/schema.org\",\"@graph\":[{\"@type\":\"Article\",\"@id\":\"https:\\\/\\\/surbooke.fr\\\/wordpress\\\/2021\\\/08\\\/29\\\/recap-juillet-aout-2021\\\/#article\",\"isPartOf\":{\"@id\":\"https:\\\/\\\/surbooke.fr\\\/wordpress\\\/2021\\\/08\\\/29\\\/recap-juillet-aout-2021\\\/\"},\"author\":{\"name\":\"Laurent Bisault\",\"@id\":\"https:\\\/\\\/surbooke.fr\\\/wordpress\\\/#\\\/schema\\\/person\\\/9c6be4d35203c76182c56b0e974807c6\"},\"headline\":\"R\u00e9cap juillet-ao\u00fbt 2021\",\"datePublished\":\"2021-08-29T19:07:47+00:00\",\"dateModified\":\"2022-07-05T16:02:55+00:00\",\"mainEntityOfPage\":{\"@id\":\"https:\\\/\\\/surbooke.fr\\\/wordpress\\\/2021\\\/08\\\/29\\\/recap-juillet-aout-2021\\\/\"},\"wordCount\":132,\"commentCount\":0,\"inLanguage\":\"fr-FR\",\"potentialAction\":[{\"@type\":\"CommentAction\",\"name\":\"Comment\",\"target\":[\"https:\\\/\\\/surbooke.fr\\\/wordpress\\\/2021\\\/08\\\/29\\\/recap-juillet-aout-2021\\\/#respond\"]}]},{\"@type\":\"WebPage\",\"@id\":\"https:\\\/\\\/surbooke.fr\\\/wordpress\\\/2021\\\/08\\\/29\\\/recap-juillet-aout-2021\\\/\",\"url\":\"https:\\\/\\\/surbooke.fr\\\/wordpress\\\/2021\\\/08\\\/29\\\/recap-juillet-aout-2021\\\/\",\"name\":\"R\u00e9cap juillet-ao\u00fbt 2021 - Surbook\u00e9\",\"isPartOf\":{\"@id\":\"https:\\\/\\\/surbooke.fr\\\/wordpress\\\/#website\"},\"datePublished\":\"2021-08-29T19:07:47+00:00\",\"dateModified\":\"2022-07-05T16:02:55+00:00\",\"author\":{\"@id\":\"https:\\\/\\\/surbooke.fr\\\/wordpress\\\/#\\\/schema\\\/person\\\/9c6be4d35203c76182c56b0e974807c6\"},\"breadcrumb\":{\"@id\":\"https:\\\/\\\/surbooke.fr\\\/wordpress\\\/2021\\\/08\\\/29\\\/recap-juillet-aout-2021\\\/#breadcrumb\"},\"inLanguage\":\"fr-FR\",\"potentialAction\":[{\"@type\":\"ReadAction\",\"target\":[\"https:\\\/\\\/surbooke.fr\\\/wordpress\\\/2021\\\/08\\\/29\\\/recap-juillet-aout-2021\\\/\"]}]},{\"@type\":\"BreadcrumbList\",\"@id\":\"https:\\\/\\\/surbooke.fr\\\/wordpress\\\/2021\\\/08\\\/29\\\/recap-juillet-aout-2021\\\/#breadcrumb\",\"itemListElement\":[{\"@type\":\"ListItem\",\"position\":1,\"name\":\"Accueil\",\"item\":\"https:\\\/\\\/surbooke.fr\\\/wordpress\\\/\"},{\"@type\":\"ListItem\",\"position\":2,\"name\":\"R\u00e9cap juillet-ao\u00fbt 2021\"}]},{\"@type\":\"WebSite\",\"@id\":\"https:\\\/\\\/surbooke.fr\\\/wordpress\\\/#website\",\"url\":\"https:\\\/\\\/surbooke.fr\\\/wordpress\\\/\",\"name\":\"Surbook\u00e9\",\"description\":\"Le blog de Laurent Bisault\",\"potentialAction\":[{\"@type\":\"SearchAction\",\"target\":{\"@type\":\"EntryPoint\",\"urlTemplate\":\"https:\\\/\\\/surbooke.fr\\\/wordpress\\\/?s={search_term_string}\"},\"query-input\":{\"@type\":\"PropertyValueSpecification\",\"valueRequired\":true,\"valueName\":\"search_term_string\"}}],\"inLanguage\":\"fr-FR\"},{\"@type\":\"Person\",\"@id\":\"https:\\\/\\\/surbooke.fr\\\/wordpress\\\/#\\\/schema\\\/person\\\/9c6be4d35203c76182c56b0e974807c6\",\"name\":\"Laurent Bisault\",\"image\":{\"@type\":\"ImageObject\",\"inLanguage\":\"fr-FR\",\"@id\":\"https:\\\/\\\/secure.gravatar.com\\\/avatar\\\/3bcd2efdfc3a3e416bea3223d3dfcd7f8845e2ca0669671d0c7ed8e84e97bfc4?s=96&d=mm&r=g\",\"url\":\"https:\\\/\\\/secure.gravatar.com\\\/avatar\\\/3bcd2efdfc3a3e416bea3223d3dfcd7f8845e2ca0669671d0c7ed8e84e97bfc4?s=96&d=mm&r=g\",\"contentUrl\":\"https:\\\/\\\/secure.gravatar.com\\\/avatar\\\/3bcd2efdfc3a3e416bea3223d3dfcd7f8845e2ca0669671d0c7ed8e84e97bfc4?s=96&d=mm&r=g\",\"caption\":\"Laurent Bisault\"},\"sameAs\":[\"https:\\\/\\\/surbooke.fr\\\/wordpress\\\/\",\"https:\\\/\\\/x.com\\\/LaurentBisault\"],\"url\":\"https:\\\/\\\/surbooke.fr\\\/wordpress\\\/author\\\/surbooke\\\/\"}]}<\/script>\n<!-- \/ Yoast SEO plugin. -->","yoast_head_json":{"title":"R\u00e9cap juillet-ao\u00fbt 2021 - Surbook\u00e9","robots":{"index":"index","follow":"follow","max-snippet":"max-snippet:-1","max-image-preview":"max-image-preview:large","max-video-preview":"max-video-preview:-1"},"canonical":"https:\/\/surbooke.fr\/wordpress\/2021\/08\/29\/recap-juillet-aout-2021\/","og_locale":"fr_FR","og_type":"article","og_title":"R\u00e9cap juillet-ao\u00fbt 2021 - Surbook\u00e9","og_description":"Vous les avez manqu\u00e9es ? Pas grave. On vous redonne les chroniques, tr\u00e8s italiennes, publi\u00e9es en juillet et ao\u00fbt 221.","og_url":"https:\/\/surbooke.fr\/wordpress\/2021\/08\/29\/recap-juillet-aout-2021\/","og_site_name":"Surbook\u00e9","article_published_time":"2021-08-29T19:07:47+00:00","article_modified_time":"2022-07-05T16:02:55+00:00","author":"Laurent Bisault","twitter_card":"summary_large_image","twitter_creator":"@LaurentBisault","twitter_misc":{"\u00c9crit par":"Laurent Bisault","Dur\u00e9e de lecture estim\u00e9e":"1 minute"},"schema":{"@context":"https:\/\/schema.org","@graph":[{"@type":"Article","@id":"https:\/\/surbooke.fr\/wordpress\/2021\/08\/29\/recap-juillet-aout-2021\/#article","isPartOf":{"@id":"https:\/\/surbooke.fr\/wordpress\/2021\/08\/29\/recap-juillet-aout-2021\/"},"author":{"name":"Laurent Bisault","@id":"https:\/\/surbooke.fr\/wordpress\/#\/schema\/person\/9c6be4d35203c76182c56b0e974807c6"},"headline":"R\u00e9cap juillet-ao\u00fbt 2021","datePublished":"2021-08-29T19:07:47+00:00","dateModified":"2022-07-05T16:02:55+00:00","mainEntityOfPage":{"@id":"https:\/\/surbooke.fr\/wordpress\/2021\/08\/29\/recap-juillet-aout-2021\/"},"wordCount":132,"commentCount":0,"inLanguage":"fr-FR","potentialAction":[{"@type":"CommentAction","name":"Comment","target":["https:\/\/surbooke.fr\/wordpress\/2021\/08\/29\/recap-juillet-aout-2021\/#respond"]}]},{"@type":"WebPage","@id":"https:\/\/surbooke.fr\/wordpress\/2021\/08\/29\/recap-juillet-aout-2021\/","url":"https:\/\/surbooke.fr\/wordpress\/2021\/08\/29\/recap-juillet-aout-2021\/","name":"R\u00e9cap juillet-ao\u00fbt 2021 - Surbook\u00e9","isPartOf":{"@id":"https:\/\/surbooke.fr\/wordpress\/#website"},"datePublished":"2021-08-29T19:07:47+00:00","dateModified":"2022-07-05T16:02:55+00:00","author":{"@id":"https:\/\/surbooke.fr\/wordpress\/#\/schema\/person\/9c6be4d35203c76182c56b0e974807c6"},"breadcrumb":{"@id":"https:\/\/surbooke.fr\/wordpress\/2021\/08\/29\/recap-juillet-aout-2021\/#breadcrumb"},"inLanguage":"fr-FR","potentialAction":[{"@type":"ReadAction","target":["https:\/\/surbooke.fr\/wordpress\/2021\/08\/29\/recap-juillet-aout-2021\/"]}]},{"@type":"BreadcrumbList","@id":"https:\/\/surbooke.fr\/wordpress\/2021\/08\/29\/recap-juillet-aout-2021\/#breadcrumb","itemListElement":[{"@type":"ListItem","position":1,"name":"Accueil","item":"https:\/\/surbooke.fr\/wordpress\/"},{"@type":"ListItem","position":2,"name":"R\u00e9cap juillet-ao\u00fbt 2021"}]},{"@type":"WebSite","@id":"https:\/\/surbooke.fr\/wordpress\/#website","url":"https:\/\/surbooke.fr\/wordpress\/","name":"Surbook\u00e9","description":"Le blog de Laurent Bisault","potentialAction":[{"@type":"SearchAction","target":{"@type":"EntryPoint","urlTemplate":"https:\/\/surbooke.fr\/wordpress\/?s={search_term_string}"},"query-input":{"@type":"PropertyValueSpecification","valueRequired":true,"valueName":"search_term_string"}}],"inLanguage":"fr-FR"},{"@type":"Person","@id":"https:\/\/surbooke.fr\/wordpress\/#\/schema\/person\/9c6be4d35203c76182c56b0e974807c6","name":"Laurent Bisault","image":{"@type":"ImageObject","inLanguage":"fr-FR","@id":"https:\/\/secure.gravatar.com\/avatar\/3bcd2efdfc3a3e416bea3223d3dfcd7f8845e2ca0669671d0c7ed8e84e97bfc4?s=96&d=mm&r=g","url":"https:\/\/secure.gravatar.com\/avatar\/3bcd2efdfc3a3e416bea3223d3dfcd7f8845e2ca0669671d0c7ed8e84e97bfc4?s=96&d=mm&r=g","contentUrl":"https:\/\/secure.gravatar.com\/avatar\/3bcd2efdfc3a3e416bea3223d3dfcd7f8845e2ca0669671d0c7ed8e84e97bfc4?s=96&d=mm&r=g","caption":"Laurent Bisault"},"sameAs":["https:\/\/surbooke.fr\/wordpress\/","https:\/\/x.com\/LaurentBisault"],"url":"https:\/\/surbooke.fr\/wordpress\/author\/surbooke\/"}]}},"_links":{"self":[{"href":"https:\/\/surbooke.fr\/wordpress\/wp-json\/wp\/v2\/posts\/10627","targetHints":{"allow":["GET"]}}],"collection":[{"href":"https:\/\/surbooke.fr\/wordpress\/wp-json\/wp\/v2\/posts"}],"about":[{"href":"https:\/\/surbooke.fr\/wordpress\/wp-json\/wp\/v2\/types\/post"}],"author":[{"embeddable":true,"href":"https:\/\/surbooke.fr\/wordpress\/wp-json\/wp\/v2\/users\/8"}],"replies":[{"embeddable":true,"href":"https:\/\/surbooke.fr\/wordpress\/wp-json\/wp\/v2\/comments?post=10627"}],"version-history":[{"count":0,"href":"https:\/\/surbooke.fr\/wordpress\/wp-json\/wp\/v2\/posts\/10627\/revisions"}],"wp:attachment":[{"href":"https:\/\/surbooke.fr\/wordpress\/wp-json\/wp\/v2\/media?parent=10627"}],"wp:term":[{"taxonomy":"category","embeddable":true,"href":"https:\/\/surbooke.fr\/wordpress\/wp-json\/wp\/v2\/categories?post=10627"},{"taxonomy":"post_tag","embeddable":true,"href":"https:\/\/surbooke.fr\/wordpress\/wp-json\/wp\/v2\/tags?post=10627"}],"curies":[{"name":"wp","href":"https:\/\/api.w.org\/{rel}","templated":true}]}}