{"id":11290,"date":"2021-09-21T08:03:10","date_gmt":"2021-09-21T06:03:10","guid":{"rendered":"https:\/\/surbooke.fr\/wordpress\/?p=11290"},"modified":"2022-07-06T21:42:23","modified_gmt":"2022-07-06T19:42:23","slug":"la-carte-postale-anne-berest-editions-grasset","status":"publish","type":"post","link":"https:\/\/surbooke.fr\/wordpress\/2021\/09\/21\/la-carte-postale-anne-berest-editions-grasset\/","title":{"rendered":"La carte postale, Anne Berest, \u00c9ditions Grasset"},"content":{"rendered":"\n<p><strong>Le<\/strong> <strong>six<\/strong> <strong>janvier<\/strong> <strong>2003<\/strong>, L\u00e9lia la m\u00e8re d&rsquo;Anne Berest re\u00e7oit une carte postale anonyme avec en photo l&rsquo;Op\u00e9ra Garnier. Au verso figurent quatre pr\u00e9noms : Ephra\u00efm, Emma, No\u00e9mie, Jacques. Ce sont ceux de ses grands-parents maternels, de sa tante et de son oncle tous morts  \u00e0 Auschwitz en 1942. L&rsquo;\u00e9v\u00e9nement n&rsquo;a pas de suite jusqu&rsquo;\u00e0 ce que Anne sur le point d&rsquo;accoucher demande dix ann\u00e9es plus  tard \u00e0 sa m\u00e8re de lui raconter l&rsquo;histoire de ces quatre personnes. Ainsi commence <em>La carte postale<\/em> ce roman qui nous emm\u00e8ne tout d&rsquo;abord \u00e0 la recherche de la famille Rabinovitch, de la Russie \u00e0 la France, en passant par la Pologne, la Lettonie et la Palestine. La suite est consacr\u00e9e \u00e0 l&rsquo;identification de celui ou celle qui a envoy\u00e9 la carte. Elle est surtout une r\u00e9flexion sur ce que signifie \u00eatre Juif. L&rsquo;histoire, davantage r\u00e9cit que roman, est infiniment \u00e9mouvante par le destin des personnages, mais aussi par leur volont\u00e9 toujours contrari\u00e9e de s&rsquo;ins\u00e9rer dans la soci\u00e9t\u00e9 fran\u00e7aise. Un constat jamais compl\u00e8tement d\u00e9pass\u00e9, et que l&rsquo;on pourrait aussi \u00e9tendre aujourd&rsquo;hui \u00e0 tous ceux qui sont suspect\u00e9s ne pas \u00eatre r\u00e9ellement fran\u00e7ais.<\/p>\n\n\n\n<blockquote class=\"wp-block-quote has-text-align-center is-style-large is-layout-flow wp-block-quote-is-layout-flow\"><p>Quand ses filles rentrent au lyc\u00e9e F\u00e9nelon elles sont consid\u00e9r\u00e9es comme apatrides d&rsquo;origine palestinienne<\/p><\/blockquote>\n\n\n\n<p>Ephraim Rabinovitch et Emma Wolf se sont mari\u00e9s \u00e0 Moscou en 1919. Il est ing\u00e9nieur et croit au socialisme pas \u00e0 la religion. Elle est la fille d&rsquo;un industriel du textile de Lodz en Pologne. Peu apr\u00e8s le mariage, le p\u00e8re d&rsquo;Ephraim exhorte ses enfants \u00e0 \u00e9migrer pour se prot\u00e9ger de l&rsquo;antis\u00e9mitisme, car il ne croit pas \u00e0 sa disparition malgr\u00e9 la r\u00e9volution. Il choisit de s&rsquo;installer en Palestine pour cultiver des orangers. Ephraim et Emma iront \u00e0 Riga en Lettonie pour \u00e9chapper aux Bolcheviques qui le recherchent, non comme Juif mais en tant que socialiste r\u00e9volutionnaire. Ephraim commercialise avec succ\u00e8s du caviar jusqu&rsquo;\u00e0 ce qu&rsquo;un baril avari\u00e9 le ruine \u00e0 la grande satisfaction de tous ceux qui ne supportaient pas ce nouveau riche. Il rejoint alors ses parents en Palestine <em>via<\/em> le port de Constanza en Roumanie. Les conditions de vie y sont terribles et Ephraim parvient \u00e0 peine \u00e0 faire vivre sa femme et ses trois enfants. Myriam l&rsquo;a\u00een\u00e9e, No\u00e9mie la cadette, et le petit dernier Itzhaak qui plus tard s&rsquo;appellera Jacques. En 1929, Ephraim d\u00e9cide de s&rsquo;installer \u00e0 Paris o\u00f9 r\u00e9side son petit fr\u00e8re Emmanuel. Quand ses filles rentrent au lyc\u00e9e F\u00e9nelon elles sont consid\u00e9r\u00e9es comme apatrides d&rsquo;origine palestinienne. Ce qui ne les emp\u00eachent pas de faire de brillantes \u00e9tudes. \u00c0 partir de 1933 Ephraim feint de ne pas s&rsquo;inqui\u00e9ter des bruits sinistres qui proviennent d&rsquo;Allemagne. Il mise sur la demande de naturalisation qu&rsquo;il a d\u00e9pos\u00e9e pour lui et sa famille. Pour se donner plus de chances, il se choisit un nom fran\u00e7ais : Eug\u00e8ne Rivroche. Mais l&rsquo;administration est intraitable : il manque toujours un document pour obtenir les papiers tant esp\u00e9r\u00e9s. Il doit admettre son \u00e9chec en 1938 et d\u00e9cide de passer l&rsquo;\u00e9t\u00e9 \u00e0 la campagne \u00e0 c\u00f4t\u00e9 \u00c9vreux pour se faire plus discret. Faire oublier qu&rsquo;il est juif devient son obsession. \u00c7a lui est plus facile que pour Emma qui fr\u00e9quente la synagogue.<\/p>\n\n\n\n<blockquote class=\"wp-block-quote has-text-align-center is-style-large is-layout-flow wp-block-quote-is-layout-flow\"><p>Un de ses atouts est qu&rsquo;elle parle six langues dont le yiddish qui est le point commun des prisonniers<\/p><\/blockquote>\n\n\n\n<p>Le 14 octobre 1940 Ephraim est pourtant le premier \u00e0 se faire recenser avec Emma et Jacques comme Juifs \u00e0 la pr\u00e9fecture d&rsquo;\u00c9vreux. Avec l&rsquo;espoir de se faire bien voir des autorit\u00e9s. Ses filles s&rsquo;en abstiennent. Quand en 1942 les Juifs sont assign\u00e9s \u00e0 r\u00e9sidence seule Myriam qui vient de se marier peut encore se d\u00e9placer. Les 14 juillet des militaires allemands et des gendarmes fran\u00e7ais viennent arr\u00eater No\u00e9mie et Jacques. Myriam veut les accompagner mais Ephraim l&rsquo;envoie de cacher dans le jardin. No\u00e9mie et Jacques sont intern\u00e9s au camp de Pithiviers o\u00f9 le docteur Ad\u00e9la\u00efde Hautval, elle-m\u00eame prisonni\u00e8re, r\u00e9quisitionne No\u00e9mie comme aide-soignante. Elle dira apr\u00e8s la guerre qu&rsquo;elle a \u00e9t\u00e9 sa meilleure collaboratrice. Un de ses atouts est qu&rsquo;elle parle six langues dont le yiddish qui est le point commun des prisonniers qui sont quasiment tous des Juifs \u00e9trangers. Le fr\u00e8re et la s\u0153ur montent le 2 ao\u00fbt 1942 dans le train et arrivent trois jours plus tard \u00e0 Auschwitz. Jacques est imm\u00e9diatement gaz\u00e9. No\u00e9mie mourra apr\u00e8s quelques semaines du typhus. Le 8 octobre 1942 les gendarmes viennent chercher leurs parents qui avaient pr\u00e9par\u00e9 leurs valises avec quelques objets pour leurs enfants qu&rsquo;ils esp\u00e9raient retrouver. Ils passent par le camp de Drancy et seront gaz\u00e9s dans la nuit du 6 au 7 novembre 1942 \u00e0 Auschwitz.<\/p>\n\n\n\n<blockquote class=\"wp-block-quote has-text-align-center is-style-large is-layout-flow wp-block-quote-is-layout-flow\"><p>Nuit et Brouillard d&rsquo;Alain Resnais a ainsi \u00e9t\u00e9 retir\u00e9 de la comp\u00e9tition du Festival de Cannes en 1967 \u00e0 la demande de l&rsquo;Allemagne<\/p><\/blockquote>\n\n\n\n<p>Anne Berest d\u00e9couvre le mot juif \u00e0 six ans quand la maison de ses parents est tagu\u00e9e d&rsquo;une croix gamm\u00e9e. Pour sa grand-m\u00e8re Myriam, Dieu \u00e9tait mort dans les camps de la mort. Les parents d&rsquo;Anne avaient perp\u00e9tu\u00e9 le mode de vie d&rsquo;Ephraim et Emma en donnant \u00e0 leurs enfants une \u00e9ducation socialiste, la\u00efque et r\u00e9publicaine. Pas de <em>shabbat<\/em>, ni <em>pessah<\/em>, ni <em>kippour<\/em>.<em> Le manifeste du parti communiste<\/em> plut\u00f4t que <em>La Torah<\/em>. Mais Les Doors, Le Che, Le sous-commandant Marcos et la f\u00eate de <em>L&rsquo;Huma<\/em>. Anne est rattrap\u00e9e par son histoire quand un camarade dit \u00e0 sa fille Clara qu&rsquo;on n&rsquo;aime pas les Juifs dans sa famille. Commence alors une longue recherche pour faire r\u00e9appara\u00eetre les quatre disparus. On d\u00e9couvre avec effroi que pour l\u2019administration fran\u00e7aise, ils sont morts \u00e0 Pithiviers et non \u00e0 Auschwitz. Parce que jusqu&rsquo;aux ann\u00e9es 80 personne ne voulait vraiment savoir ce qui s&rsquo;\u00e9tait pass\u00e9. <em>Nuit et Brouillard<\/em> d&rsquo;Alain Resnais a ainsi \u00e9t\u00e9 retir\u00e9 de la comp\u00e9tition du Festival de Cannes en 1967 \u00e0 la demande de l&rsquo;Allemagne. Au nom de la r\u00e9conciliation franco-allemande. Heureusement la diffusion de <em>Shoah<\/em> de Jacques Lanzmann a peu \u00e0 peu fait bouger les choses.<\/p>\n","protected":false},"excerpt":{"rendered":"<p>Le six janvier 2003, L\u00e9lia la m\u00e8re d&rsquo;Anne Berest re\u00e7oit une carte postale anonyme avec en photo l&rsquo;Op\u00e9ra Garnier. Au verso figurent quatre pr\u00e9noms : Ephra\u00efm, Emma, No\u00e9mie, Jacques. Ce sont ceux de ses grands-parents maternels, de sa tante et de son oncle tous morts \u00e0 Auschwitz en 1942. L&rsquo;\u00e9v\u00e9nement n&rsquo;a pas de suite jusqu&rsquo;\u00e0 [&hellip;]<\/p>\n","protected":false},"author":8,"featured_media":18430,"comment_status":"open","ping_status":"open","sticky":false,"template":"","format":"standard","meta":{"footnotes":""},"categories":[15,3],"tags":[11],"class_list":["post-11290","post","type-post","status-publish","format-standard","has-post-thumbnail","hentry","category-roman-francais","category-coup-de-coeur","tag-grasset"],"yoast_head":"<!-- This site is optimized with the Yoast SEO plugin v27.5 - https:\/\/yoast.com\/product\/yoast-seo-wordpress\/ -->\n<title>La carte postale, Anne Berest, \u00c9ditions Grasset - Surbook\u00e9<\/title>\n<meta name=\"robots\" content=\"index, follow, max-snippet:-1, max-image-preview:large, max-video-preview:-1\" \/>\n<link rel=\"canonical\" href=\"https:\/\/surbooke.fr\/wordpress\/2021\/09\/21\/la-carte-postale-anne-berest-editions-grasset\/\" \/>\n<meta property=\"og:locale\" content=\"fr_FR\" \/>\n<meta property=\"og:type\" content=\"article\" \/>\n<meta property=\"og:title\" content=\"La carte postale, Anne Berest, \u00c9ditions Grasset - Surbook\u00e9\" \/>\n<meta property=\"og:description\" content=\"Le six janvier 2003, L\u00e9lia la m\u00e8re d&rsquo;Anne Berest re\u00e7oit une carte postale anonyme avec en photo l&rsquo;Op\u00e9ra Garnier. Au verso figurent quatre pr\u00e9noms : Ephra\u00efm, Emma, No\u00e9mie, Jacques. Ce sont ceux de ses grands-parents maternels, de sa tante et de son oncle tous morts \u00e0 Auschwitz en 1942. L&rsquo;\u00e9v\u00e9nement n&rsquo;a pas de suite jusqu&rsquo;\u00e0 [&hellip;]\" \/>\n<meta property=\"og:url\" content=\"https:\/\/surbooke.fr\/wordpress\/2021\/09\/21\/la-carte-postale-anne-berest-editions-grasset\/\" \/>\n<meta property=\"og:site_name\" content=\"Surbook\u00e9\" \/>\n<meta property=\"article:published_time\" content=\"2021-09-21T06:03:10+00:00\" \/>\n<meta property=\"article:modified_time\" content=\"2022-07-06T19:42:23+00:00\" \/>\n<meta property=\"og:image\" content=\"https:\/\/surbooke.fr\/wordpress\/wp-content\/uploads\/2021\/09\/La-carte-postale-1.jpg\" \/>\n\t<meta property=\"og:image:width\" content=\"373\" \/>\n\t<meta property=\"og:image:height\" content=\"450\" \/>\n\t<meta property=\"og:image:type\" content=\"image\/jpeg\" \/>\n<meta name=\"author\" content=\"Laurent Bisault\" \/>\n<meta name=\"twitter:card\" content=\"summary_large_image\" \/>\n<meta name=\"twitter:creator\" content=\"@LaurentBisault\" \/>\n<meta name=\"twitter:label1\" content=\"\u00c9crit par\" \/>\n\t<meta name=\"twitter:data1\" content=\"Laurent Bisault\" \/>\n\t<meta name=\"twitter:label2\" content=\"Dur\u00e9e de lecture estim\u00e9e\" \/>\n\t<meta name=\"twitter:data2\" content=\"5 minutes\" \/>\n<script type=\"application\/ld+json\" class=\"yoast-schema-graph\">{\"@context\":\"https:\\\/\\\/schema.org\",\"@graph\":[{\"@type\":\"Article\",\"@id\":\"https:\\\/\\\/surbooke.fr\\\/wordpress\\\/2021\\\/09\\\/21\\\/la-carte-postale-anne-berest-editions-grasset\\\/#article\",\"isPartOf\":{\"@id\":\"https:\\\/\\\/surbooke.fr\\\/wordpress\\\/2021\\\/09\\\/21\\\/la-carte-postale-anne-berest-editions-grasset\\\/\"},\"author\":{\"name\":\"Laurent Bisault\",\"@id\":\"https:\\\/\\\/surbooke.fr\\\/wordpress\\\/#\\\/schema\\\/person\\\/9c6be4d35203c76182c56b0e974807c6\"},\"headline\":\"La carte postale, Anne Berest, \u00c9ditions Grasset\",\"datePublished\":\"2021-09-21T06:03:10+00:00\",\"dateModified\":\"2022-07-06T19:42:23+00:00\",\"mainEntityOfPage\":{\"@id\":\"https:\\\/\\\/surbooke.fr\\\/wordpress\\\/2021\\\/09\\\/21\\\/la-carte-postale-anne-berest-editions-grasset\\\/\"},\"wordCount\":1076,\"commentCount\":0,\"image\":{\"@id\":\"https:\\\/\\\/surbooke.fr\\\/wordpress\\\/2021\\\/09\\\/21\\\/la-carte-postale-anne-berest-editions-grasset\\\/#primaryimage\"},\"thumbnailUrl\":\"https:\\\/\\\/surbooke.fr\\\/wordpress\\\/wp-content\\\/uploads\\\/2021\\\/09\\\/La-carte-postale-1.jpg\",\"keywords\":[\"Grasset\"],\"articleSection\":[\"roman fran\u00e7ais \ud83c\uddeb\ud83c\uddf7\",\"\ud83e\udd0d\"],\"inLanguage\":\"fr-FR\",\"potentialAction\":[{\"@type\":\"CommentAction\",\"name\":\"Comment\",\"target\":[\"https:\\\/\\\/surbooke.fr\\\/wordpress\\\/2021\\\/09\\\/21\\\/la-carte-postale-anne-berest-editions-grasset\\\/#respond\"]}]},{\"@type\":\"WebPage\",\"@id\":\"https:\\\/\\\/surbooke.fr\\\/wordpress\\\/2021\\\/09\\\/21\\\/la-carte-postale-anne-berest-editions-grasset\\\/\",\"url\":\"https:\\\/\\\/surbooke.fr\\\/wordpress\\\/2021\\\/09\\\/21\\\/la-carte-postale-anne-berest-editions-grasset\\\/\",\"name\":\"La carte postale, Anne Berest, \u00c9ditions Grasset - Surbook\u00e9\",\"isPartOf\":{\"@id\":\"https:\\\/\\\/surbooke.fr\\\/wordpress\\\/#website\"},\"primaryImageOfPage\":{\"@id\":\"https:\\\/\\\/surbooke.fr\\\/wordpress\\\/2021\\\/09\\\/21\\\/la-carte-postale-anne-berest-editions-grasset\\\/#primaryimage\"},\"image\":{\"@id\":\"https:\\\/\\\/surbooke.fr\\\/wordpress\\\/2021\\\/09\\\/21\\\/la-carte-postale-anne-berest-editions-grasset\\\/#primaryimage\"},\"thumbnailUrl\":\"https:\\\/\\\/surbooke.fr\\\/wordpress\\\/wp-content\\\/uploads\\\/2021\\\/09\\\/La-carte-postale-1.jpg\",\"datePublished\":\"2021-09-21T06:03:10+00:00\",\"dateModified\":\"2022-07-06T19:42:23+00:00\",\"author\":{\"@id\":\"https:\\\/\\\/surbooke.fr\\\/wordpress\\\/#\\\/schema\\\/person\\\/9c6be4d35203c76182c56b0e974807c6\"},\"breadcrumb\":{\"@id\":\"https:\\\/\\\/surbooke.fr\\\/wordpress\\\/2021\\\/09\\\/21\\\/la-carte-postale-anne-berest-editions-grasset\\\/#breadcrumb\"},\"inLanguage\":\"fr-FR\",\"potentialAction\":[{\"@type\":\"ReadAction\",\"target\":[\"https:\\\/\\\/surbooke.fr\\\/wordpress\\\/2021\\\/09\\\/21\\\/la-carte-postale-anne-berest-editions-grasset\\\/\"]}]},{\"@type\":\"ImageObject\",\"inLanguage\":\"fr-FR\",\"@id\":\"https:\\\/\\\/surbooke.fr\\\/wordpress\\\/2021\\\/09\\\/21\\\/la-carte-postale-anne-berest-editions-grasset\\\/#primaryimage\",\"url\":\"https:\\\/\\\/surbooke.fr\\\/wordpress\\\/wp-content\\\/uploads\\\/2021\\\/09\\\/La-carte-postale-1.jpg\",\"contentUrl\":\"https:\\\/\\\/surbooke.fr\\\/wordpress\\\/wp-content\\\/uploads\\\/2021\\\/09\\\/La-carte-postale-1.jpg\",\"width\":373,\"height\":450},{\"@type\":\"BreadcrumbList\",\"@id\":\"https:\\\/\\\/surbooke.fr\\\/wordpress\\\/2021\\\/09\\\/21\\\/la-carte-postale-anne-berest-editions-grasset\\\/#breadcrumb\",\"itemListElement\":[{\"@type\":\"ListItem\",\"position\":1,\"name\":\"Accueil\",\"item\":\"https:\\\/\\\/surbooke.fr\\\/wordpress\\\/\"},{\"@type\":\"ListItem\",\"position\":2,\"name\":\"La carte postale, Anne Berest, \u00c9ditions Grasset\"}]},{\"@type\":\"WebSite\",\"@id\":\"https:\\\/\\\/surbooke.fr\\\/wordpress\\\/#website\",\"url\":\"https:\\\/\\\/surbooke.fr\\\/wordpress\\\/\",\"name\":\"Surbook\u00e9\",\"description\":\"Le blog de Laurent Bisault\",\"potentialAction\":[{\"@type\":\"SearchAction\",\"target\":{\"@type\":\"EntryPoint\",\"urlTemplate\":\"https:\\\/\\\/surbooke.fr\\\/wordpress\\\/?s={search_term_string}\"},\"query-input\":{\"@type\":\"PropertyValueSpecification\",\"valueRequired\":true,\"valueName\":\"search_term_string\"}}],\"inLanguage\":\"fr-FR\"},{\"@type\":\"Person\",\"@id\":\"https:\\\/\\\/surbooke.fr\\\/wordpress\\\/#\\\/schema\\\/person\\\/9c6be4d35203c76182c56b0e974807c6\",\"name\":\"Laurent Bisault\",\"image\":{\"@type\":\"ImageObject\",\"inLanguage\":\"fr-FR\",\"@id\":\"https:\\\/\\\/secure.gravatar.com\\\/avatar\\\/3bcd2efdfc3a3e416bea3223d3dfcd7f8845e2ca0669671d0c7ed8e84e97bfc4?s=96&d=mm&r=g\",\"url\":\"https:\\\/\\\/secure.gravatar.com\\\/avatar\\\/3bcd2efdfc3a3e416bea3223d3dfcd7f8845e2ca0669671d0c7ed8e84e97bfc4?s=96&d=mm&r=g\",\"contentUrl\":\"https:\\\/\\\/secure.gravatar.com\\\/avatar\\\/3bcd2efdfc3a3e416bea3223d3dfcd7f8845e2ca0669671d0c7ed8e84e97bfc4?s=96&d=mm&r=g\",\"caption\":\"Laurent Bisault\"},\"sameAs\":[\"https:\\\/\\\/surbooke.fr\\\/wordpress\\\/\",\"https:\\\/\\\/x.com\\\/LaurentBisault\"],\"url\":\"https:\\\/\\\/surbooke.fr\\\/wordpress\\\/author\\\/surbooke\\\/\"}]}<\/script>\n<!-- \/ Yoast SEO plugin. -->","yoast_head_json":{"title":"La carte postale, Anne Berest, \u00c9ditions Grasset - Surbook\u00e9","robots":{"index":"index","follow":"follow","max-snippet":"max-snippet:-1","max-image-preview":"max-image-preview:large","max-video-preview":"max-video-preview:-1"},"canonical":"https:\/\/surbooke.fr\/wordpress\/2021\/09\/21\/la-carte-postale-anne-berest-editions-grasset\/","og_locale":"fr_FR","og_type":"article","og_title":"La carte postale, Anne Berest, \u00c9ditions Grasset - Surbook\u00e9","og_description":"Le six janvier 2003, L\u00e9lia la m\u00e8re d&rsquo;Anne Berest re\u00e7oit une carte postale anonyme avec en photo l&rsquo;Op\u00e9ra Garnier. Au verso figurent quatre pr\u00e9noms : Ephra\u00efm, Emma, No\u00e9mie, Jacques. Ce sont ceux de ses grands-parents maternels, de sa tante et de son oncle tous morts \u00e0 Auschwitz en 1942. L&rsquo;\u00e9v\u00e9nement n&rsquo;a pas de suite jusqu&rsquo;\u00e0 [&hellip;]","og_url":"https:\/\/surbooke.fr\/wordpress\/2021\/09\/21\/la-carte-postale-anne-berest-editions-grasset\/","og_site_name":"Surbook\u00e9","article_published_time":"2021-09-21T06:03:10+00:00","article_modified_time":"2022-07-06T19:42:23+00:00","og_image":[{"width":373,"height":450,"url":"https:\/\/surbooke.fr\/wordpress\/wp-content\/uploads\/2021\/09\/La-carte-postale-1.jpg","type":"image\/jpeg"}],"author":"Laurent Bisault","twitter_card":"summary_large_image","twitter_creator":"@LaurentBisault","twitter_misc":{"\u00c9crit par":"Laurent Bisault","Dur\u00e9e de lecture estim\u00e9e":"5 minutes"},"schema":{"@context":"https:\/\/schema.org","@graph":[{"@type":"Article","@id":"https:\/\/surbooke.fr\/wordpress\/2021\/09\/21\/la-carte-postale-anne-berest-editions-grasset\/#article","isPartOf":{"@id":"https:\/\/surbooke.fr\/wordpress\/2021\/09\/21\/la-carte-postale-anne-berest-editions-grasset\/"},"author":{"name":"Laurent Bisault","@id":"https:\/\/surbooke.fr\/wordpress\/#\/schema\/person\/9c6be4d35203c76182c56b0e974807c6"},"headline":"La carte postale, Anne Berest, \u00c9ditions Grasset","datePublished":"2021-09-21T06:03:10+00:00","dateModified":"2022-07-06T19:42:23+00:00","mainEntityOfPage":{"@id":"https:\/\/surbooke.fr\/wordpress\/2021\/09\/21\/la-carte-postale-anne-berest-editions-grasset\/"},"wordCount":1076,"commentCount":0,"image":{"@id":"https:\/\/surbooke.fr\/wordpress\/2021\/09\/21\/la-carte-postale-anne-berest-editions-grasset\/#primaryimage"},"thumbnailUrl":"https:\/\/surbooke.fr\/wordpress\/wp-content\/uploads\/2021\/09\/La-carte-postale-1.jpg","keywords":["Grasset"],"articleSection":["roman fran\u00e7ais \ud83c\uddeb\ud83c\uddf7","\ud83e\udd0d"],"inLanguage":"fr-FR","potentialAction":[{"@type":"CommentAction","name":"Comment","target":["https:\/\/surbooke.fr\/wordpress\/2021\/09\/21\/la-carte-postale-anne-berest-editions-grasset\/#respond"]}]},{"@type":"WebPage","@id":"https:\/\/surbooke.fr\/wordpress\/2021\/09\/21\/la-carte-postale-anne-berest-editions-grasset\/","url":"https:\/\/surbooke.fr\/wordpress\/2021\/09\/21\/la-carte-postale-anne-berest-editions-grasset\/","name":"La carte postale, Anne Berest, \u00c9ditions Grasset - Surbook\u00e9","isPartOf":{"@id":"https:\/\/surbooke.fr\/wordpress\/#website"},"primaryImageOfPage":{"@id":"https:\/\/surbooke.fr\/wordpress\/2021\/09\/21\/la-carte-postale-anne-berest-editions-grasset\/#primaryimage"},"image":{"@id":"https:\/\/surbooke.fr\/wordpress\/2021\/09\/21\/la-carte-postale-anne-berest-editions-grasset\/#primaryimage"},"thumbnailUrl":"https:\/\/surbooke.fr\/wordpress\/wp-content\/uploads\/2021\/09\/La-carte-postale-1.jpg","datePublished":"2021-09-21T06:03:10+00:00","dateModified":"2022-07-06T19:42:23+00:00","author":{"@id":"https:\/\/surbooke.fr\/wordpress\/#\/schema\/person\/9c6be4d35203c76182c56b0e974807c6"},"breadcrumb":{"@id":"https:\/\/surbooke.fr\/wordpress\/2021\/09\/21\/la-carte-postale-anne-berest-editions-grasset\/#breadcrumb"},"inLanguage":"fr-FR","potentialAction":[{"@type":"ReadAction","target":["https:\/\/surbooke.fr\/wordpress\/2021\/09\/21\/la-carte-postale-anne-berest-editions-grasset\/"]}]},{"@type":"ImageObject","inLanguage":"fr-FR","@id":"https:\/\/surbooke.fr\/wordpress\/2021\/09\/21\/la-carte-postale-anne-berest-editions-grasset\/#primaryimage","url":"https:\/\/surbooke.fr\/wordpress\/wp-content\/uploads\/2021\/09\/La-carte-postale-1.jpg","contentUrl":"https:\/\/surbooke.fr\/wordpress\/wp-content\/uploads\/2021\/09\/La-carte-postale-1.jpg","width":373,"height":450},{"@type":"BreadcrumbList","@id":"https:\/\/surbooke.fr\/wordpress\/2021\/09\/21\/la-carte-postale-anne-berest-editions-grasset\/#breadcrumb","itemListElement":[{"@type":"ListItem","position":1,"name":"Accueil","item":"https:\/\/surbooke.fr\/wordpress\/"},{"@type":"ListItem","position":2,"name":"La carte postale, Anne Berest, \u00c9ditions Grasset"}]},{"@type":"WebSite","@id":"https:\/\/surbooke.fr\/wordpress\/#website","url":"https:\/\/surbooke.fr\/wordpress\/","name":"Surbook\u00e9","description":"Le blog de Laurent Bisault","potentialAction":[{"@type":"SearchAction","target":{"@type":"EntryPoint","urlTemplate":"https:\/\/surbooke.fr\/wordpress\/?s={search_term_string}"},"query-input":{"@type":"PropertyValueSpecification","valueRequired":true,"valueName":"search_term_string"}}],"inLanguage":"fr-FR"},{"@type":"Person","@id":"https:\/\/surbooke.fr\/wordpress\/#\/schema\/person\/9c6be4d35203c76182c56b0e974807c6","name":"Laurent Bisault","image":{"@type":"ImageObject","inLanguage":"fr-FR","@id":"https:\/\/secure.gravatar.com\/avatar\/3bcd2efdfc3a3e416bea3223d3dfcd7f8845e2ca0669671d0c7ed8e84e97bfc4?s=96&d=mm&r=g","url":"https:\/\/secure.gravatar.com\/avatar\/3bcd2efdfc3a3e416bea3223d3dfcd7f8845e2ca0669671d0c7ed8e84e97bfc4?s=96&d=mm&r=g","contentUrl":"https:\/\/secure.gravatar.com\/avatar\/3bcd2efdfc3a3e416bea3223d3dfcd7f8845e2ca0669671d0c7ed8e84e97bfc4?s=96&d=mm&r=g","caption":"Laurent Bisault"},"sameAs":["https:\/\/surbooke.fr\/wordpress\/","https:\/\/x.com\/LaurentBisault"],"url":"https:\/\/surbooke.fr\/wordpress\/author\/surbooke\/"}]}},"_links":{"self":[{"href":"https:\/\/surbooke.fr\/wordpress\/wp-json\/wp\/v2\/posts\/11290","targetHints":{"allow":["GET"]}}],"collection":[{"href":"https:\/\/surbooke.fr\/wordpress\/wp-json\/wp\/v2\/posts"}],"about":[{"href":"https:\/\/surbooke.fr\/wordpress\/wp-json\/wp\/v2\/types\/post"}],"author":[{"embeddable":true,"href":"https:\/\/surbooke.fr\/wordpress\/wp-json\/wp\/v2\/users\/8"}],"replies":[{"embeddable":true,"href":"https:\/\/surbooke.fr\/wordpress\/wp-json\/wp\/v2\/comments?post=11290"}],"version-history":[{"count":0,"href":"https:\/\/surbooke.fr\/wordpress\/wp-json\/wp\/v2\/posts\/11290\/revisions"}],"wp:featuredmedia":[{"embeddable":true,"href":"https:\/\/surbooke.fr\/wordpress\/wp-json\/wp\/v2\/media\/18430"}],"wp:attachment":[{"href":"https:\/\/surbooke.fr\/wordpress\/wp-json\/wp\/v2\/media?parent=11290"}],"wp:term":[{"taxonomy":"category","embeddable":true,"href":"https:\/\/surbooke.fr\/wordpress\/wp-json\/wp\/v2\/categories?post=11290"},{"taxonomy":"post_tag","embeddable":true,"href":"https:\/\/surbooke.fr\/wordpress\/wp-json\/wp\/v2\/tags?post=11290"}],"curies":[{"name":"wp","href":"https:\/\/api.w.org\/{rel}","templated":true}]}}