{"id":1197,"date":"2015-04-03T12:03:02","date_gmt":"2015-04-03T10:03:02","guid":{"rendered":"http:\/\/surbooke.fr\/wordpress\/?p=1197"},"modified":"2022-07-28T21:03:15","modified_gmt":"2022-07-28T19:03:15","slug":"le-cas-eduard-einstein-laurent-seksik-editions-flammarion","status":"publish","type":"post","link":"https:\/\/surbooke.fr\/wordpress\/2015\/04\/03\/le-cas-eduard-einstein-laurent-seksik-editions-flammarion\/","title":{"rendered":"Le cas Eduard Einstein, Laurent Seksik, \u00c9ditions Flammarion"},"content":{"rendered":"\n<p><strong>C&rsquo;est un g\u00e9nie absolu<\/strong> qui a publi\u00e9 \u00e0 26 ans une th\u00e9orie qui allait r\u00e9volutionner l&rsquo;humanit\u00e9. C&rsquo;est pour l&rsquo;\u00e9ternit\u00e9 un symbole d&rsquo;intelligence. Un \u00eatre qui a brill\u00e9 par son courage en s&rsquo;opposant aux th\u00e9ories racistes. Par n\u00e9cessit\u00e9 d&rsquo;abord, quand Albert Einstein \u00e9tait harcel\u00e9 comme Juif par les Nazis. Mais aussi par conviction en d\u00e9fendant les droits des Noirs aux \u00c9tats-Unis. Il risquait pourtant l&rsquo;expulsion tant le maccarthysme s&rsquo;attaquait \u00e0 tout ce qui n&rsquo;\u00e9tait pas parfaitement dans la ligne. C&rsquo;\u00e9tait aussi un grand charmeur aux multiples conqu\u00eates f\u00e9minines. Un bon joueur de violon, un non-conformiste portant les cheveux longs et capable d&rsquo;immortaliser son portrait en tirant la langue.  Sa vie priv\u00e9e n&rsquo;en \u00e9tait pas moins une ruine. Il y avait d\u00e9j\u00e0 Lieserl, la fille cach\u00e9e, car tr\u00e8s t\u00f4t disparue. Enterr\u00e9e en grand secret en Serbie, le pays de Mileva Maric sa premi\u00e8re \u00e9pouse. Si bien cach\u00e9e que les historiens ne trouveront sa trace qu&rsquo;en 1986. Et puis surtout Eduard, le fils schizophr\u00e8ne, qu&rsquo;Albert a tr\u00e8s t\u00f4t abandonn\u00e9 quand il a quitt\u00e9 sa m\u00e8re pour se marier avec Elsa une cousine berlinoise. Certes Albert leur procure de l&rsquo;argent pour les aider \u00e0 vivre. Au moins tant que les Nazis ne l&rsquo;auront pas spoli\u00e9 de ce qu&rsquo;il avait gagn\u00e9 avec le prix Nobel. Mais il ne viendra quasiment jamais voir Eduard \u00e0 Zurich, comme s&rsquo;il n&rsquo;acceptait pas cette maladie. Pourtant Eduard souffre comme \u00e9cras\u00e9 par la notori\u00e9t\u00e9 d&rsquo;un p\u00e8re qu&rsquo;il d\u00e9teste. Sa m\u00e8re tente de le faire soigner en le faisant interner. Mais la m\u00e9decine ne peut rien d&rsquo;autre que des traitements barbares qui ne lui \u00e9pargnent aucune rechute. Des p\u00e9riodes o\u00f9 il devient violent y compris contre sa m\u00e8re. Elle s&rsquo;acharne, lui sacrifie sa vie alors que sa sant\u00e9 d\u00e9cline. Comme elle avait sacrifi\u00e9 son avenir professionnel \u00e0 Albert quand ils \u00e9taient \u00e9tudiants en Suisse. Albert Einstein aurait-il pu sauver Eduard ? Probablement pas, m\u00eame s&rsquo;il se refuse \u00e0 faire appel \u00e0 Freud qui aurait pu essayer la psychanalyse. Einstein le savait pour avoir travaill\u00e9 avec cet autre g\u00e9nie. Eduard ne demandait que cela tant il v\u00e9n\u00e9rait le m\u00e9decin viennois au point d&rsquo;afficher son portrait dans sa chambre. Il perdra d&rsquo;abord sa m\u00e8re puis son p\u00e8re sans jamais l&rsquo;avoir revu. Albert se tenant de loin au courant de son \u00e9tat par un interm\u00e9diaire.<\/p>\n","protected":false},"excerpt":{"rendered":"<p>C&rsquo;est un g\u00e9nie absolu qui a publi\u00e9 \u00e0 26 ans une th\u00e9orie qui allait r\u00e9volutionner l&rsquo;humanit\u00e9. C&rsquo;est pour l&rsquo;\u00e9ternit\u00e9 un symbole d&rsquo;intelligence. Un \u00eatre qui a brill\u00e9 par son courage en s&rsquo;opposant aux th\u00e9ories racistes. Par n\u00e9cessit\u00e9 d&rsquo;abord, quand Albert Einstein \u00e9tait harcel\u00e9 comme Juif par les Nazis. Mais aussi par conviction en d\u00e9fendant les [&hellip;]<\/p>\n","protected":false},"author":8,"featured_media":19140,"comment_status":"open","ping_status":"open","sticky":false,"template":"","format":"standard","meta":{"footnotes":""},"categories":[15],"tags":[32],"class_list":["post-1197","post","type-post","status-publish","format-standard","has-post-thumbnail","hentry","category-roman-francais","tag-flammarion"],"yoast_head":"<!-- This site is optimized with the Yoast SEO plugin v27.5 - https:\/\/yoast.com\/product\/yoast-seo-wordpress\/ -->\n<title>Le cas Eduard Einstein, Laurent Seksik, \u00c9ditions Flammarion - Surbook\u00e9<\/title>\n<meta name=\"robots\" content=\"index, follow, max-snippet:-1, max-image-preview:large, max-video-preview:-1\" \/>\n<link rel=\"canonical\" href=\"https:\/\/surbooke.fr\/wordpress\/2015\/04\/03\/le-cas-eduard-einstein-laurent-seksik-editions-flammarion\/\" \/>\n<meta property=\"og:locale\" content=\"fr_FR\" \/>\n<meta property=\"og:type\" content=\"article\" \/>\n<meta property=\"og:title\" content=\"Le cas Eduard Einstein, Laurent Seksik, \u00c9ditions Flammarion - Surbook\u00e9\" \/>\n<meta property=\"og:description\" content=\"C&rsquo;est un g\u00e9nie absolu qui a publi\u00e9 \u00e0 26 ans une th\u00e9orie qui allait r\u00e9volutionner l&rsquo;humanit\u00e9. C&rsquo;est pour l&rsquo;\u00e9ternit\u00e9 un symbole d&rsquo;intelligence. Un \u00eatre qui a brill\u00e9 par son courage en s&rsquo;opposant aux th\u00e9ories racistes. Par n\u00e9cessit\u00e9 d&rsquo;abord, quand Albert Einstein \u00e9tait harcel\u00e9 comme Juif par les Nazis. Mais aussi par conviction en d\u00e9fendant les [&hellip;]\" \/>\n<meta property=\"og:url\" content=\"https:\/\/surbooke.fr\/wordpress\/2015\/04\/03\/le-cas-eduard-einstein-laurent-seksik-editions-flammarion\/\" \/>\n<meta property=\"og:site_name\" content=\"Surbook\u00e9\" \/>\n<meta property=\"article:published_time\" content=\"2015-04-03T10:03:02+00:00\" \/>\n<meta property=\"article:modified_time\" content=\"2022-07-28T19:03:15+00:00\" \/>\n<meta property=\"og:image\" content=\"https:\/\/surbooke.fr\/wordpress\/wp-content\/uploads\/2015\/04\/Le-cas-Eduard-Einstein.jpg\" \/>\n\t<meta property=\"og:image:width\" content=\"292\" \/>\n\t<meta property=\"og:image:height\" content=\"456\" \/>\n\t<meta property=\"og:image:type\" content=\"image\/jpeg\" \/>\n<meta name=\"author\" content=\"Laurent Bisault\" \/>\n<meta name=\"twitter:card\" content=\"summary_large_image\" \/>\n<meta name=\"twitter:creator\" content=\"@LaurentBisault\" \/>\n<meta name=\"twitter:label1\" content=\"\u00c9crit par\" \/>\n\t<meta name=\"twitter:data1\" content=\"Laurent Bisault\" \/>\n\t<meta name=\"twitter:label2\" content=\"Dur\u00e9e de lecture estim\u00e9e\" \/>\n\t<meta name=\"twitter:data2\" content=\"2 minutes\" \/>\n<script type=\"application\/ld+json\" class=\"yoast-schema-graph\">{\"@context\":\"https:\\\/\\\/schema.org\",\"@graph\":[{\"@type\":\"Article\",\"@id\":\"https:\\\/\\\/surbooke.fr\\\/wordpress\\\/2015\\\/04\\\/03\\\/le-cas-eduard-einstein-laurent-seksik-editions-flammarion\\\/#article\",\"isPartOf\":{\"@id\":\"https:\\\/\\\/surbooke.fr\\\/wordpress\\\/2015\\\/04\\\/03\\\/le-cas-eduard-einstein-laurent-seksik-editions-flammarion\\\/\"},\"author\":{\"name\":\"Laurent Bisault\",\"@id\":\"https:\\\/\\\/surbooke.fr\\\/wordpress\\\/#\\\/schema\\\/person\\\/9c6be4d35203c76182c56b0e974807c6\"},\"headline\":\"Le cas Eduard Einstein, Laurent Seksik, \u00c9ditions Flammarion\",\"datePublished\":\"2015-04-03T10:03:02+00:00\",\"dateModified\":\"2022-07-28T19:03:15+00:00\",\"mainEntityOfPage\":{\"@id\":\"https:\\\/\\\/surbooke.fr\\\/wordpress\\\/2015\\\/04\\\/03\\\/le-cas-eduard-einstein-laurent-seksik-editions-flammarion\\\/\"},\"wordCount\":443,\"commentCount\":0,\"image\":{\"@id\":\"https:\\\/\\\/surbooke.fr\\\/wordpress\\\/2015\\\/04\\\/03\\\/le-cas-eduard-einstein-laurent-seksik-editions-flammarion\\\/#primaryimage\"},\"thumbnailUrl\":\"https:\\\/\\\/surbooke.fr\\\/wordpress\\\/wp-content\\\/uploads\\\/2015\\\/04\\\/Le-cas-Eduard-Einstein.jpg\",\"keywords\":[\"Flammarion\"],\"articleSection\":[\"roman fran\u00e7ais \ud83c\uddeb\ud83c\uddf7\"],\"inLanguage\":\"fr-FR\",\"potentialAction\":[{\"@type\":\"CommentAction\",\"name\":\"Comment\",\"target\":[\"https:\\\/\\\/surbooke.fr\\\/wordpress\\\/2015\\\/04\\\/03\\\/le-cas-eduard-einstein-laurent-seksik-editions-flammarion\\\/#respond\"]}]},{\"@type\":\"WebPage\",\"@id\":\"https:\\\/\\\/surbooke.fr\\\/wordpress\\\/2015\\\/04\\\/03\\\/le-cas-eduard-einstein-laurent-seksik-editions-flammarion\\\/\",\"url\":\"https:\\\/\\\/surbooke.fr\\\/wordpress\\\/2015\\\/04\\\/03\\\/le-cas-eduard-einstein-laurent-seksik-editions-flammarion\\\/\",\"name\":\"Le cas Eduard Einstein, Laurent Seksik, \u00c9ditions Flammarion - Surbook\u00e9\",\"isPartOf\":{\"@id\":\"https:\\\/\\\/surbooke.fr\\\/wordpress\\\/#website\"},\"primaryImageOfPage\":{\"@id\":\"https:\\\/\\\/surbooke.fr\\\/wordpress\\\/2015\\\/04\\\/03\\\/le-cas-eduard-einstein-laurent-seksik-editions-flammarion\\\/#primaryimage\"},\"image\":{\"@id\":\"https:\\\/\\\/surbooke.fr\\\/wordpress\\\/2015\\\/04\\\/03\\\/le-cas-eduard-einstein-laurent-seksik-editions-flammarion\\\/#primaryimage\"},\"thumbnailUrl\":\"https:\\\/\\\/surbooke.fr\\\/wordpress\\\/wp-content\\\/uploads\\\/2015\\\/04\\\/Le-cas-Eduard-Einstein.jpg\",\"datePublished\":\"2015-04-03T10:03:02+00:00\",\"dateModified\":\"2022-07-28T19:03:15+00:00\",\"author\":{\"@id\":\"https:\\\/\\\/surbooke.fr\\\/wordpress\\\/#\\\/schema\\\/person\\\/9c6be4d35203c76182c56b0e974807c6\"},\"breadcrumb\":{\"@id\":\"https:\\\/\\\/surbooke.fr\\\/wordpress\\\/2015\\\/04\\\/03\\\/le-cas-eduard-einstein-laurent-seksik-editions-flammarion\\\/#breadcrumb\"},\"inLanguage\":\"fr-FR\",\"potentialAction\":[{\"@type\":\"ReadAction\",\"target\":[\"https:\\\/\\\/surbooke.fr\\\/wordpress\\\/2015\\\/04\\\/03\\\/le-cas-eduard-einstein-laurent-seksik-editions-flammarion\\\/\"]}]},{\"@type\":\"ImageObject\",\"inLanguage\":\"fr-FR\",\"@id\":\"https:\\\/\\\/surbooke.fr\\\/wordpress\\\/2015\\\/04\\\/03\\\/le-cas-eduard-einstein-laurent-seksik-editions-flammarion\\\/#primaryimage\",\"url\":\"https:\\\/\\\/surbooke.fr\\\/wordpress\\\/wp-content\\\/uploads\\\/2015\\\/04\\\/Le-cas-Eduard-Einstein.jpg\",\"contentUrl\":\"https:\\\/\\\/surbooke.fr\\\/wordpress\\\/wp-content\\\/uploads\\\/2015\\\/04\\\/Le-cas-Eduard-Einstein.jpg\",\"width\":292,\"height\":456},{\"@type\":\"BreadcrumbList\",\"@id\":\"https:\\\/\\\/surbooke.fr\\\/wordpress\\\/2015\\\/04\\\/03\\\/le-cas-eduard-einstein-laurent-seksik-editions-flammarion\\\/#breadcrumb\",\"itemListElement\":[{\"@type\":\"ListItem\",\"position\":1,\"name\":\"Accueil\",\"item\":\"https:\\\/\\\/surbooke.fr\\\/wordpress\\\/\"},{\"@type\":\"ListItem\",\"position\":2,\"name\":\"Le cas Eduard Einstein, Laurent Seksik, \u00c9ditions Flammarion\"}]},{\"@type\":\"WebSite\",\"@id\":\"https:\\\/\\\/surbooke.fr\\\/wordpress\\\/#website\",\"url\":\"https:\\\/\\\/surbooke.fr\\\/wordpress\\\/\",\"name\":\"Surbook\u00e9\",\"description\":\"Le blog de Laurent Bisault\",\"potentialAction\":[{\"@type\":\"SearchAction\",\"target\":{\"@type\":\"EntryPoint\",\"urlTemplate\":\"https:\\\/\\\/surbooke.fr\\\/wordpress\\\/?s={search_term_string}\"},\"query-input\":{\"@type\":\"PropertyValueSpecification\",\"valueRequired\":true,\"valueName\":\"search_term_string\"}}],\"inLanguage\":\"fr-FR\"},{\"@type\":\"Person\",\"@id\":\"https:\\\/\\\/surbooke.fr\\\/wordpress\\\/#\\\/schema\\\/person\\\/9c6be4d35203c76182c56b0e974807c6\",\"name\":\"Laurent Bisault\",\"image\":{\"@type\":\"ImageObject\",\"inLanguage\":\"fr-FR\",\"@id\":\"https:\\\/\\\/secure.gravatar.com\\\/avatar\\\/3bcd2efdfc3a3e416bea3223d3dfcd7f8845e2ca0669671d0c7ed8e84e97bfc4?s=96&d=mm&r=g\",\"url\":\"https:\\\/\\\/secure.gravatar.com\\\/avatar\\\/3bcd2efdfc3a3e416bea3223d3dfcd7f8845e2ca0669671d0c7ed8e84e97bfc4?s=96&d=mm&r=g\",\"contentUrl\":\"https:\\\/\\\/secure.gravatar.com\\\/avatar\\\/3bcd2efdfc3a3e416bea3223d3dfcd7f8845e2ca0669671d0c7ed8e84e97bfc4?s=96&d=mm&r=g\",\"caption\":\"Laurent Bisault\"},\"sameAs\":[\"https:\\\/\\\/surbooke.fr\\\/wordpress\\\/\",\"https:\\\/\\\/x.com\\\/LaurentBisault\"],\"url\":\"https:\\\/\\\/surbooke.fr\\\/wordpress\\\/author\\\/surbooke\\\/\"}]}<\/script>\n<!-- \/ Yoast SEO plugin. -->","yoast_head_json":{"title":"Le cas Eduard Einstein, Laurent Seksik, \u00c9ditions Flammarion - Surbook\u00e9","robots":{"index":"index","follow":"follow","max-snippet":"max-snippet:-1","max-image-preview":"max-image-preview:large","max-video-preview":"max-video-preview:-1"},"canonical":"https:\/\/surbooke.fr\/wordpress\/2015\/04\/03\/le-cas-eduard-einstein-laurent-seksik-editions-flammarion\/","og_locale":"fr_FR","og_type":"article","og_title":"Le cas Eduard Einstein, Laurent Seksik, \u00c9ditions Flammarion - Surbook\u00e9","og_description":"C&rsquo;est un g\u00e9nie absolu qui a publi\u00e9 \u00e0 26 ans une th\u00e9orie qui allait r\u00e9volutionner l&rsquo;humanit\u00e9. C&rsquo;est pour l&rsquo;\u00e9ternit\u00e9 un symbole d&rsquo;intelligence. Un \u00eatre qui a brill\u00e9 par son courage en s&rsquo;opposant aux th\u00e9ories racistes. Par n\u00e9cessit\u00e9 d&rsquo;abord, quand Albert Einstein \u00e9tait harcel\u00e9 comme Juif par les Nazis. Mais aussi par conviction en d\u00e9fendant les [&hellip;]","og_url":"https:\/\/surbooke.fr\/wordpress\/2015\/04\/03\/le-cas-eduard-einstein-laurent-seksik-editions-flammarion\/","og_site_name":"Surbook\u00e9","article_published_time":"2015-04-03T10:03:02+00:00","article_modified_time":"2022-07-28T19:03:15+00:00","og_image":[{"width":292,"height":456,"url":"https:\/\/surbooke.fr\/wordpress\/wp-content\/uploads\/2015\/04\/Le-cas-Eduard-Einstein.jpg","type":"image\/jpeg"}],"author":"Laurent Bisault","twitter_card":"summary_large_image","twitter_creator":"@LaurentBisault","twitter_misc":{"\u00c9crit par":"Laurent Bisault","Dur\u00e9e de lecture estim\u00e9e":"2 minutes"},"schema":{"@context":"https:\/\/schema.org","@graph":[{"@type":"Article","@id":"https:\/\/surbooke.fr\/wordpress\/2015\/04\/03\/le-cas-eduard-einstein-laurent-seksik-editions-flammarion\/#article","isPartOf":{"@id":"https:\/\/surbooke.fr\/wordpress\/2015\/04\/03\/le-cas-eduard-einstein-laurent-seksik-editions-flammarion\/"},"author":{"name":"Laurent Bisault","@id":"https:\/\/surbooke.fr\/wordpress\/#\/schema\/person\/9c6be4d35203c76182c56b0e974807c6"},"headline":"Le cas Eduard Einstein, Laurent Seksik, \u00c9ditions Flammarion","datePublished":"2015-04-03T10:03:02+00:00","dateModified":"2022-07-28T19:03:15+00:00","mainEntityOfPage":{"@id":"https:\/\/surbooke.fr\/wordpress\/2015\/04\/03\/le-cas-eduard-einstein-laurent-seksik-editions-flammarion\/"},"wordCount":443,"commentCount":0,"image":{"@id":"https:\/\/surbooke.fr\/wordpress\/2015\/04\/03\/le-cas-eduard-einstein-laurent-seksik-editions-flammarion\/#primaryimage"},"thumbnailUrl":"https:\/\/surbooke.fr\/wordpress\/wp-content\/uploads\/2015\/04\/Le-cas-Eduard-Einstein.jpg","keywords":["Flammarion"],"articleSection":["roman fran\u00e7ais \ud83c\uddeb\ud83c\uddf7"],"inLanguage":"fr-FR","potentialAction":[{"@type":"CommentAction","name":"Comment","target":["https:\/\/surbooke.fr\/wordpress\/2015\/04\/03\/le-cas-eduard-einstein-laurent-seksik-editions-flammarion\/#respond"]}]},{"@type":"WebPage","@id":"https:\/\/surbooke.fr\/wordpress\/2015\/04\/03\/le-cas-eduard-einstein-laurent-seksik-editions-flammarion\/","url":"https:\/\/surbooke.fr\/wordpress\/2015\/04\/03\/le-cas-eduard-einstein-laurent-seksik-editions-flammarion\/","name":"Le cas Eduard Einstein, Laurent Seksik, \u00c9ditions Flammarion - Surbook\u00e9","isPartOf":{"@id":"https:\/\/surbooke.fr\/wordpress\/#website"},"primaryImageOfPage":{"@id":"https:\/\/surbooke.fr\/wordpress\/2015\/04\/03\/le-cas-eduard-einstein-laurent-seksik-editions-flammarion\/#primaryimage"},"image":{"@id":"https:\/\/surbooke.fr\/wordpress\/2015\/04\/03\/le-cas-eduard-einstein-laurent-seksik-editions-flammarion\/#primaryimage"},"thumbnailUrl":"https:\/\/surbooke.fr\/wordpress\/wp-content\/uploads\/2015\/04\/Le-cas-Eduard-Einstein.jpg","datePublished":"2015-04-03T10:03:02+00:00","dateModified":"2022-07-28T19:03:15+00:00","author":{"@id":"https:\/\/surbooke.fr\/wordpress\/#\/schema\/person\/9c6be4d35203c76182c56b0e974807c6"},"breadcrumb":{"@id":"https:\/\/surbooke.fr\/wordpress\/2015\/04\/03\/le-cas-eduard-einstein-laurent-seksik-editions-flammarion\/#breadcrumb"},"inLanguage":"fr-FR","potentialAction":[{"@type":"ReadAction","target":["https:\/\/surbooke.fr\/wordpress\/2015\/04\/03\/le-cas-eduard-einstein-laurent-seksik-editions-flammarion\/"]}]},{"@type":"ImageObject","inLanguage":"fr-FR","@id":"https:\/\/surbooke.fr\/wordpress\/2015\/04\/03\/le-cas-eduard-einstein-laurent-seksik-editions-flammarion\/#primaryimage","url":"https:\/\/surbooke.fr\/wordpress\/wp-content\/uploads\/2015\/04\/Le-cas-Eduard-Einstein.jpg","contentUrl":"https:\/\/surbooke.fr\/wordpress\/wp-content\/uploads\/2015\/04\/Le-cas-Eduard-Einstein.jpg","width":292,"height":456},{"@type":"BreadcrumbList","@id":"https:\/\/surbooke.fr\/wordpress\/2015\/04\/03\/le-cas-eduard-einstein-laurent-seksik-editions-flammarion\/#breadcrumb","itemListElement":[{"@type":"ListItem","position":1,"name":"Accueil","item":"https:\/\/surbooke.fr\/wordpress\/"},{"@type":"ListItem","position":2,"name":"Le cas Eduard Einstein, Laurent Seksik, \u00c9ditions Flammarion"}]},{"@type":"WebSite","@id":"https:\/\/surbooke.fr\/wordpress\/#website","url":"https:\/\/surbooke.fr\/wordpress\/","name":"Surbook\u00e9","description":"Le blog de Laurent Bisault","potentialAction":[{"@type":"SearchAction","target":{"@type":"EntryPoint","urlTemplate":"https:\/\/surbooke.fr\/wordpress\/?s={search_term_string}"},"query-input":{"@type":"PropertyValueSpecification","valueRequired":true,"valueName":"search_term_string"}}],"inLanguage":"fr-FR"},{"@type":"Person","@id":"https:\/\/surbooke.fr\/wordpress\/#\/schema\/person\/9c6be4d35203c76182c56b0e974807c6","name":"Laurent Bisault","image":{"@type":"ImageObject","inLanguage":"fr-FR","@id":"https:\/\/secure.gravatar.com\/avatar\/3bcd2efdfc3a3e416bea3223d3dfcd7f8845e2ca0669671d0c7ed8e84e97bfc4?s=96&d=mm&r=g","url":"https:\/\/secure.gravatar.com\/avatar\/3bcd2efdfc3a3e416bea3223d3dfcd7f8845e2ca0669671d0c7ed8e84e97bfc4?s=96&d=mm&r=g","contentUrl":"https:\/\/secure.gravatar.com\/avatar\/3bcd2efdfc3a3e416bea3223d3dfcd7f8845e2ca0669671d0c7ed8e84e97bfc4?s=96&d=mm&r=g","caption":"Laurent Bisault"},"sameAs":["https:\/\/surbooke.fr\/wordpress\/","https:\/\/x.com\/LaurentBisault"],"url":"https:\/\/surbooke.fr\/wordpress\/author\/surbooke\/"}]}},"_links":{"self":[{"href":"https:\/\/surbooke.fr\/wordpress\/wp-json\/wp\/v2\/posts\/1197","targetHints":{"allow":["GET"]}}],"collection":[{"href":"https:\/\/surbooke.fr\/wordpress\/wp-json\/wp\/v2\/posts"}],"about":[{"href":"https:\/\/surbooke.fr\/wordpress\/wp-json\/wp\/v2\/types\/post"}],"author":[{"embeddable":true,"href":"https:\/\/surbooke.fr\/wordpress\/wp-json\/wp\/v2\/users\/8"}],"replies":[{"embeddable":true,"href":"https:\/\/surbooke.fr\/wordpress\/wp-json\/wp\/v2\/comments?post=1197"}],"version-history":[{"count":0,"href":"https:\/\/surbooke.fr\/wordpress\/wp-json\/wp\/v2\/posts\/1197\/revisions"}],"wp:featuredmedia":[{"embeddable":true,"href":"https:\/\/surbooke.fr\/wordpress\/wp-json\/wp\/v2\/media\/19140"}],"wp:attachment":[{"href":"https:\/\/surbooke.fr\/wordpress\/wp-json\/wp\/v2\/media?parent=1197"}],"wp:term":[{"taxonomy":"category","embeddable":true,"href":"https:\/\/surbooke.fr\/wordpress\/wp-json\/wp\/v2\/categories?post=1197"},{"taxonomy":"post_tag","embeddable":true,"href":"https:\/\/surbooke.fr\/wordpress\/wp-json\/wp\/v2\/tags?post=1197"}],"curies":[{"name":"wp","href":"https:\/\/api.w.org\/{rel}","templated":true}]}}