{"id":12085,"date":"2021-10-27T07:20:11","date_gmt":"2021-10-27T05:20:11","guid":{"rendered":"https:\/\/surbooke.fr\/wordpress\/?p=12085"},"modified":"2022-07-06T21:37:32","modified_gmt":"2022-07-06T19:37:32","slug":"le-petit-soviet-eric-decouty-editions-liana-levi","status":"publish","type":"post","link":"https:\/\/surbooke.fr\/wordpress\/2021\/10\/27\/le-petit-soviet-eric-decouty-editions-liana-levi\/","title":{"rendered":"Le Petit Soviet, \u00c9ric Decouty, \u00c9ditions Liana L\u00e9vi"},"content":{"rendered":"\n<p><strong>\u00c7a<\/strong> <strong>se<\/strong> <strong>lit<\/strong> <strong>comme<\/strong> <strong>une<\/strong> <strong>s\u00e9rie<\/strong> <strong>noire<\/strong>. Comme ces excellents polars historiques que concoctaient Didier Daeninckx ou Fr\u00e9d\u00e9ric Fajardie dans les ann\u00e9es quatre-vingt. Dans <em>Le<\/em> <em>Petit<\/em> <em>Soviet<\/em> \u00c9ric Decouty, journaliste de profession, part \u00e0 la recherche d&rsquo;un secret de famille qui remonte \u00e0 la R\u00e9sistance. Une p\u00e9riode o\u00f9 l&rsquo;h\u00e9ro\u00efsme s&rsquo;est parfois confondu avec des actes que l&rsquo;on a pr\u00e9f\u00e9r\u00e9 cacher sous le manteau. En filigrane, sans jamais citer son nom, Decouty nous raconte un peu la vie de Georges Guingouin, celui qui avait \u00e9t\u00e9 surnomm\u00e9 \u00ab Le pr\u00e9fet du Maquis \u00bb tant il avait d&rsquo;importance dans la R\u00e9sistance limousine. Communiste au d\u00e9but de la guerre, Guingouin s&rsquo;est souvent oppos\u00e9 aux consignes de son parti. Ce sont les victoires des r\u00e9sistants qu&rsquo;il dirigeait qui ont amen\u00e9 les Allemands \u00e0 surnommer le Limousin \u00ab La petite Russie \u00bb. Guingouin est \u00e9lu en 1945 maire de Limoges, ce qui ne l&#8217;emp\u00eache pas d&rsquo;\u00eatre accus\u00e9 d&rsquo;exactions contre des civils pendant la guerre et d&rsquo;avoir d\u00e9rob\u00e9 de l&rsquo;argent. D\u00e9j\u00e0 mauvaises pendant la guerre, les relations entre Guingouin et le PC se d\u00e9t\u00e9riorent. Il est attaqu\u00e9 par les dirigeants du parti et exclu dans les ann\u00e9es cinquante. En 1954 Guingouin est jug\u00e9 et condamn\u00e9 suite aux accusations prof\u00e9r\u00e9es \u00e0 la Lib\u00e9ration. On annonce son suicide en prison. Il avait en fait \u00e9t\u00e9 battu \u00e0 mort mais il en r\u00e9chappe . Parce qu&rsquo;il est originaire de Saint-Junien, \u00e0 proximit\u00e9 de Limoges et d&rsquo;Oradour-sur-Glane, \u00c9ric Decouty nous fait revivre avec passion cette p\u00e9riode. Il cr\u00e9e pour cela un personnage amen\u00e9 \u00e0 d\u00e9couvrir les faits et m\u00e9faits de son grand-p\u00e8re dans des lieux jamais nomm\u00e9s, le Village, la  Ville, la Sous-pr\u00e9fecture.<\/p>\n\n\n\n<blockquote class=\"wp-block-quote has-text-align-center is-style-large is-layout-flow wp-block-quote-is-layout-flow\"><p>Il y a cette chape de plomb qui semble emp\u00eacher les gens de parler<\/p><\/blockquote>\n\n\n\n<p>Joseph Kruger est le fils de Maurice Kruger et le petit-fils de Paul Kruger. \u00c0 croire que les m\u00e8res ne comptent pas dans son pays. Joseph a quitt\u00e9 le village en 1987 avec ses parents. Il avait douze ans et son grand-p\u00e8re, une figure du coin, venait de mourir. Il \u00e9tait communiste, les pr\u00e9noms de ses descendants en attestent. Maurice renvoie \u00e0 Thorez et Joseph au petit p\u00e8re des peuples. Apr\u00e8s le d\u00e9c\u00e8s du grand-p\u00e8re, la famille est en qu\u00eate d&rsquo;un avenir meilleur, et \u00e7a commence pour Joseph par des \u00e9tudes \u00e0 la Ville. Trente ann\u00e9es apr\u00e8s Joseph Kruger revient au Village \u00e0 la demande d&rsquo;un banquier, pour r\u00e9gler la succession de ses parents qui viennent de d\u00e9c\u00e9der. Joseph est d\u00e9sormais mari\u00e9 avec Janet une architecte am\u00e9ricaine de Chicago avec qui il a eu deux enfants. Le Village a bien chang\u00e9, ses trois caf\u00e9s, son restaurant et les \u00e9l\u00e8ves de l&rsquo;\u00e9cole appartiennent au pass\u00e9. Le s\u00e9jour de Joseph s&rsquo;annonce court. Mais il multiplie les rencontres inattendues. Le fils de l&rsquo;ancien maire, d\u00e9sormais maire lui-m\u00eame, qui habite le ch\u00e2teau du Village. Une ancienne amie de sa m\u00e8re, et le banquier qui lui r\u00e9v\u00e8le de bien curieux secrets. Il y a aussi cette chape de plomb qui semble emp\u00eacher les gens de parler, m\u00eame si certains disent que son grand-p\u00e8re se serait suicid\u00e9. Le s\u00e9jour se prolonge, Joseph parcourt sa r\u00e9gion d&rsquo;enfance, boit des bi\u00e8res au bistrot, remue ce que certains voudraient oublier. C&rsquo;est \u00e0 croire que ses parents lui ont laiss\u00e9 cette t\u00e2che. Mais \u00e0 trop fouiller l&rsquo;histoire on y d\u00e9couvre parfois ce qu&rsquo;on aurait pr\u00e9f\u00e9r\u00e9 \u00e9viter.<\/p>\n","protected":false},"excerpt":{"rendered":"<p>\u00c7a se lit comme une s\u00e9rie noire. Comme ces excellents polars historiques que concoctaient Didier Daeninckx ou Fr\u00e9d\u00e9ric Fajardie dans les ann\u00e9es quatre-vingt. Dans Le Petit Soviet \u00c9ric Decouty, journaliste de profession, part \u00e0 la recherche d&rsquo;un secret de famille qui remonte \u00e0 la R\u00e9sistance. Une p\u00e9riode o\u00f9 l&rsquo;h\u00e9ro\u00efsme s&rsquo;est parfois confondu avec des actes [&hellip;]<\/p>\n","protected":false},"author":8,"featured_media":18418,"comment_status":"open","ping_status":"open","sticky":false,"template":"","format":"standard","meta":{"footnotes":""},"categories":[15,3],"tags":[31],"class_list":["post-12085","post","type-post","status-publish","format-standard","has-post-thumbnail","hentry","category-roman-francais","category-coup-de-coeur","tag-liana-levi"],"yoast_head":"<!-- This site is optimized with the Yoast SEO plugin v27.4 - https:\/\/yoast.com\/product\/yoast-seo-wordpress\/ -->\n<title>Le Petit Soviet, \u00c9ric Decouty, \u00c9ditions Liana L\u00e9vi - Surbook\u00e9<\/title>\n<meta name=\"robots\" content=\"index, follow, max-snippet:-1, max-image-preview:large, max-video-preview:-1\" \/>\n<link rel=\"canonical\" href=\"https:\/\/surbooke.fr\/wordpress\/2021\/10\/27\/le-petit-soviet-eric-decouty-editions-liana-levi\/\" \/>\n<meta property=\"og:locale\" content=\"fr_FR\" \/>\n<meta property=\"og:type\" content=\"article\" \/>\n<meta property=\"og:title\" content=\"Le Petit Soviet, \u00c9ric Decouty, \u00c9ditions Liana L\u00e9vi - Surbook\u00e9\" \/>\n<meta property=\"og:description\" content=\"\u00c7a se lit comme une s\u00e9rie noire. Comme ces excellents polars historiques que concoctaient Didier Daeninckx ou Fr\u00e9d\u00e9ric Fajardie dans les ann\u00e9es quatre-vingt. Dans Le Petit Soviet \u00c9ric Decouty, journaliste de profession, part \u00e0 la recherche d&rsquo;un secret de famille qui remonte \u00e0 la R\u00e9sistance. Une p\u00e9riode o\u00f9 l&rsquo;h\u00e9ro\u00efsme s&rsquo;est parfois confondu avec des actes [&hellip;]\" \/>\n<meta property=\"og:url\" content=\"https:\/\/surbooke.fr\/wordpress\/2021\/10\/27\/le-petit-soviet-eric-decouty-editions-liana-levi\/\" \/>\n<meta property=\"og:site_name\" content=\"Surbook\u00e9\" \/>\n<meta property=\"article:published_time\" content=\"2021-10-27T05:20:11+00:00\" \/>\n<meta property=\"article:modified_time\" content=\"2022-07-06T19:37:32+00:00\" \/>\n<meta property=\"og:image\" content=\"https:\/\/surbooke.fr\/wordpress\/wp-content\/uploads\/2021\/10\/Le-petit-soviet.jpg\" \/>\n\t<meta property=\"og:image:width\" content=\"1512\" \/>\n\t<meta property=\"og:image:height\" content=\"2016\" \/>\n\t<meta property=\"og:image:type\" content=\"image\/jpeg\" \/>\n<meta name=\"author\" content=\"Laurent Bisault\" \/>\n<meta name=\"twitter:card\" content=\"summary_large_image\" \/>\n<meta name=\"twitter:creator\" content=\"@LaurentBisault\" \/>\n<meta name=\"twitter:label1\" content=\"\u00c9crit par\" \/>\n\t<meta name=\"twitter:data1\" content=\"Laurent Bisault\" \/>\n\t<meta name=\"twitter:label2\" content=\"Dur\u00e9e de lecture estim\u00e9e\" \/>\n\t<meta name=\"twitter:data2\" content=\"3 minutes\" \/>\n<script type=\"application\/ld+json\" class=\"yoast-schema-graph\">{\"@context\":\"https:\\\/\\\/schema.org\",\"@graph\":[{\"@type\":\"Article\",\"@id\":\"https:\\\/\\\/surbooke.fr\\\/wordpress\\\/2021\\\/10\\\/27\\\/le-petit-soviet-eric-decouty-editions-liana-levi\\\/#article\",\"isPartOf\":{\"@id\":\"https:\\\/\\\/surbooke.fr\\\/wordpress\\\/2021\\\/10\\\/27\\\/le-petit-soviet-eric-decouty-editions-liana-levi\\\/\"},\"author\":{\"name\":\"Laurent Bisault\",\"@id\":\"https:\\\/\\\/surbooke.fr\\\/wordpress\\\/#\\\/schema\\\/person\\\/9c6be4d35203c76182c56b0e974807c6\"},\"headline\":\"Le Petit Soviet, \u00c9ric Decouty, \u00c9ditions Liana L\u00e9vi\",\"datePublished\":\"2021-10-27T05:20:11+00:00\",\"dateModified\":\"2022-07-06T19:37:32+00:00\",\"mainEntityOfPage\":{\"@id\":\"https:\\\/\\\/surbooke.fr\\\/wordpress\\\/2021\\\/10\\\/27\\\/le-petit-soviet-eric-decouty-editions-liana-levi\\\/\"},\"wordCount\":630,\"commentCount\":0,\"image\":{\"@id\":\"https:\\\/\\\/surbooke.fr\\\/wordpress\\\/2021\\\/10\\\/27\\\/le-petit-soviet-eric-decouty-editions-liana-levi\\\/#primaryimage\"},\"thumbnailUrl\":\"https:\\\/\\\/surbooke.fr\\\/wordpress\\\/wp-content\\\/uploads\\\/2021\\\/10\\\/Le-petit-soviet.jpg\",\"keywords\":[\"Liana Levi\"],\"articleSection\":[\"roman fran\u00e7ais \ud83c\uddeb\ud83c\uddf7\",\"\ud83e\udd0d\"],\"inLanguage\":\"fr-FR\",\"potentialAction\":[{\"@type\":\"CommentAction\",\"name\":\"Comment\",\"target\":[\"https:\\\/\\\/surbooke.fr\\\/wordpress\\\/2021\\\/10\\\/27\\\/le-petit-soviet-eric-decouty-editions-liana-levi\\\/#respond\"]}]},{\"@type\":\"WebPage\",\"@id\":\"https:\\\/\\\/surbooke.fr\\\/wordpress\\\/2021\\\/10\\\/27\\\/le-petit-soviet-eric-decouty-editions-liana-levi\\\/\",\"url\":\"https:\\\/\\\/surbooke.fr\\\/wordpress\\\/2021\\\/10\\\/27\\\/le-petit-soviet-eric-decouty-editions-liana-levi\\\/\",\"name\":\"Le Petit Soviet, \u00c9ric Decouty, \u00c9ditions Liana L\u00e9vi - Surbook\u00e9\",\"isPartOf\":{\"@id\":\"https:\\\/\\\/surbooke.fr\\\/wordpress\\\/#website\"},\"primaryImageOfPage\":{\"@id\":\"https:\\\/\\\/surbooke.fr\\\/wordpress\\\/2021\\\/10\\\/27\\\/le-petit-soviet-eric-decouty-editions-liana-levi\\\/#primaryimage\"},\"image\":{\"@id\":\"https:\\\/\\\/surbooke.fr\\\/wordpress\\\/2021\\\/10\\\/27\\\/le-petit-soviet-eric-decouty-editions-liana-levi\\\/#primaryimage\"},\"thumbnailUrl\":\"https:\\\/\\\/surbooke.fr\\\/wordpress\\\/wp-content\\\/uploads\\\/2021\\\/10\\\/Le-petit-soviet.jpg\",\"datePublished\":\"2021-10-27T05:20:11+00:00\",\"dateModified\":\"2022-07-06T19:37:32+00:00\",\"author\":{\"@id\":\"https:\\\/\\\/surbooke.fr\\\/wordpress\\\/#\\\/schema\\\/person\\\/9c6be4d35203c76182c56b0e974807c6\"},\"breadcrumb\":{\"@id\":\"https:\\\/\\\/surbooke.fr\\\/wordpress\\\/2021\\\/10\\\/27\\\/le-petit-soviet-eric-decouty-editions-liana-levi\\\/#breadcrumb\"},\"inLanguage\":\"fr-FR\",\"potentialAction\":[{\"@type\":\"ReadAction\",\"target\":[\"https:\\\/\\\/surbooke.fr\\\/wordpress\\\/2021\\\/10\\\/27\\\/le-petit-soviet-eric-decouty-editions-liana-levi\\\/\"]}]},{\"@type\":\"ImageObject\",\"inLanguage\":\"fr-FR\",\"@id\":\"https:\\\/\\\/surbooke.fr\\\/wordpress\\\/2021\\\/10\\\/27\\\/le-petit-soviet-eric-decouty-editions-liana-levi\\\/#primaryimage\",\"url\":\"https:\\\/\\\/surbooke.fr\\\/wordpress\\\/wp-content\\\/uploads\\\/2021\\\/10\\\/Le-petit-soviet.jpg\",\"contentUrl\":\"https:\\\/\\\/surbooke.fr\\\/wordpress\\\/wp-content\\\/uploads\\\/2021\\\/10\\\/Le-petit-soviet.jpg\",\"width\":1512,\"height\":2016},{\"@type\":\"BreadcrumbList\",\"@id\":\"https:\\\/\\\/surbooke.fr\\\/wordpress\\\/2021\\\/10\\\/27\\\/le-petit-soviet-eric-decouty-editions-liana-levi\\\/#breadcrumb\",\"itemListElement\":[{\"@type\":\"ListItem\",\"position\":1,\"name\":\"Accueil\",\"item\":\"https:\\\/\\\/surbooke.fr\\\/wordpress\\\/\"},{\"@type\":\"ListItem\",\"position\":2,\"name\":\"Le Petit Soviet, \u00c9ric Decouty, \u00c9ditions Liana L\u00e9vi\"}]},{\"@type\":\"WebSite\",\"@id\":\"https:\\\/\\\/surbooke.fr\\\/wordpress\\\/#website\",\"url\":\"https:\\\/\\\/surbooke.fr\\\/wordpress\\\/\",\"name\":\"Surbook\u00e9\",\"description\":\"Le blog de Laurent Bisault\",\"potentialAction\":[{\"@type\":\"SearchAction\",\"target\":{\"@type\":\"EntryPoint\",\"urlTemplate\":\"https:\\\/\\\/surbooke.fr\\\/wordpress\\\/?s={search_term_string}\"},\"query-input\":{\"@type\":\"PropertyValueSpecification\",\"valueRequired\":true,\"valueName\":\"search_term_string\"}}],\"inLanguage\":\"fr-FR\"},{\"@type\":\"Person\",\"@id\":\"https:\\\/\\\/surbooke.fr\\\/wordpress\\\/#\\\/schema\\\/person\\\/9c6be4d35203c76182c56b0e974807c6\",\"name\":\"Laurent Bisault\",\"image\":{\"@type\":\"ImageObject\",\"inLanguage\":\"fr-FR\",\"@id\":\"https:\\\/\\\/secure.gravatar.com\\\/avatar\\\/3bcd2efdfc3a3e416bea3223d3dfcd7f8845e2ca0669671d0c7ed8e84e97bfc4?s=96&d=mm&r=g\",\"url\":\"https:\\\/\\\/secure.gravatar.com\\\/avatar\\\/3bcd2efdfc3a3e416bea3223d3dfcd7f8845e2ca0669671d0c7ed8e84e97bfc4?s=96&d=mm&r=g\",\"contentUrl\":\"https:\\\/\\\/secure.gravatar.com\\\/avatar\\\/3bcd2efdfc3a3e416bea3223d3dfcd7f8845e2ca0669671d0c7ed8e84e97bfc4?s=96&d=mm&r=g\",\"caption\":\"Laurent Bisault\"},\"sameAs\":[\"https:\\\/\\\/surbooke.fr\\\/wordpress\\\/\",\"https:\\\/\\\/x.com\\\/LaurentBisault\"],\"url\":\"https:\\\/\\\/surbooke.fr\\\/wordpress\\\/author\\\/surbooke\\\/\"}]}<\/script>\n<!-- \/ Yoast SEO plugin. -->","yoast_head_json":{"title":"Le Petit Soviet, \u00c9ric Decouty, \u00c9ditions Liana L\u00e9vi - Surbook\u00e9","robots":{"index":"index","follow":"follow","max-snippet":"max-snippet:-1","max-image-preview":"max-image-preview:large","max-video-preview":"max-video-preview:-1"},"canonical":"https:\/\/surbooke.fr\/wordpress\/2021\/10\/27\/le-petit-soviet-eric-decouty-editions-liana-levi\/","og_locale":"fr_FR","og_type":"article","og_title":"Le Petit Soviet, \u00c9ric Decouty, \u00c9ditions Liana L\u00e9vi - Surbook\u00e9","og_description":"\u00c7a se lit comme une s\u00e9rie noire. Comme ces excellents polars historiques que concoctaient Didier Daeninckx ou Fr\u00e9d\u00e9ric Fajardie dans les ann\u00e9es quatre-vingt. Dans Le Petit Soviet \u00c9ric Decouty, journaliste de profession, part \u00e0 la recherche d&rsquo;un secret de famille qui remonte \u00e0 la R\u00e9sistance. Une p\u00e9riode o\u00f9 l&rsquo;h\u00e9ro\u00efsme s&rsquo;est parfois confondu avec des actes [&hellip;]","og_url":"https:\/\/surbooke.fr\/wordpress\/2021\/10\/27\/le-petit-soviet-eric-decouty-editions-liana-levi\/","og_site_name":"Surbook\u00e9","article_published_time":"2021-10-27T05:20:11+00:00","article_modified_time":"2022-07-06T19:37:32+00:00","og_image":[{"width":1512,"height":2016,"url":"https:\/\/surbooke.fr\/wordpress\/wp-content\/uploads\/2021\/10\/Le-petit-soviet.jpg","type":"image\/jpeg"}],"author":"Laurent Bisault","twitter_card":"summary_large_image","twitter_creator":"@LaurentBisault","twitter_misc":{"\u00c9crit par":"Laurent Bisault","Dur\u00e9e de lecture estim\u00e9e":"3 minutes"},"schema":{"@context":"https:\/\/schema.org","@graph":[{"@type":"Article","@id":"https:\/\/surbooke.fr\/wordpress\/2021\/10\/27\/le-petit-soviet-eric-decouty-editions-liana-levi\/#article","isPartOf":{"@id":"https:\/\/surbooke.fr\/wordpress\/2021\/10\/27\/le-petit-soviet-eric-decouty-editions-liana-levi\/"},"author":{"name":"Laurent Bisault","@id":"https:\/\/surbooke.fr\/wordpress\/#\/schema\/person\/9c6be4d35203c76182c56b0e974807c6"},"headline":"Le Petit Soviet, \u00c9ric Decouty, \u00c9ditions Liana L\u00e9vi","datePublished":"2021-10-27T05:20:11+00:00","dateModified":"2022-07-06T19:37:32+00:00","mainEntityOfPage":{"@id":"https:\/\/surbooke.fr\/wordpress\/2021\/10\/27\/le-petit-soviet-eric-decouty-editions-liana-levi\/"},"wordCount":630,"commentCount":0,"image":{"@id":"https:\/\/surbooke.fr\/wordpress\/2021\/10\/27\/le-petit-soviet-eric-decouty-editions-liana-levi\/#primaryimage"},"thumbnailUrl":"https:\/\/surbooke.fr\/wordpress\/wp-content\/uploads\/2021\/10\/Le-petit-soviet.jpg","keywords":["Liana Levi"],"articleSection":["roman fran\u00e7ais \ud83c\uddeb\ud83c\uddf7","\ud83e\udd0d"],"inLanguage":"fr-FR","potentialAction":[{"@type":"CommentAction","name":"Comment","target":["https:\/\/surbooke.fr\/wordpress\/2021\/10\/27\/le-petit-soviet-eric-decouty-editions-liana-levi\/#respond"]}]},{"@type":"WebPage","@id":"https:\/\/surbooke.fr\/wordpress\/2021\/10\/27\/le-petit-soviet-eric-decouty-editions-liana-levi\/","url":"https:\/\/surbooke.fr\/wordpress\/2021\/10\/27\/le-petit-soviet-eric-decouty-editions-liana-levi\/","name":"Le Petit Soviet, \u00c9ric Decouty, \u00c9ditions Liana L\u00e9vi - Surbook\u00e9","isPartOf":{"@id":"https:\/\/surbooke.fr\/wordpress\/#website"},"primaryImageOfPage":{"@id":"https:\/\/surbooke.fr\/wordpress\/2021\/10\/27\/le-petit-soviet-eric-decouty-editions-liana-levi\/#primaryimage"},"image":{"@id":"https:\/\/surbooke.fr\/wordpress\/2021\/10\/27\/le-petit-soviet-eric-decouty-editions-liana-levi\/#primaryimage"},"thumbnailUrl":"https:\/\/surbooke.fr\/wordpress\/wp-content\/uploads\/2021\/10\/Le-petit-soviet.jpg","datePublished":"2021-10-27T05:20:11+00:00","dateModified":"2022-07-06T19:37:32+00:00","author":{"@id":"https:\/\/surbooke.fr\/wordpress\/#\/schema\/person\/9c6be4d35203c76182c56b0e974807c6"},"breadcrumb":{"@id":"https:\/\/surbooke.fr\/wordpress\/2021\/10\/27\/le-petit-soviet-eric-decouty-editions-liana-levi\/#breadcrumb"},"inLanguage":"fr-FR","potentialAction":[{"@type":"ReadAction","target":["https:\/\/surbooke.fr\/wordpress\/2021\/10\/27\/le-petit-soviet-eric-decouty-editions-liana-levi\/"]}]},{"@type":"ImageObject","inLanguage":"fr-FR","@id":"https:\/\/surbooke.fr\/wordpress\/2021\/10\/27\/le-petit-soviet-eric-decouty-editions-liana-levi\/#primaryimage","url":"https:\/\/surbooke.fr\/wordpress\/wp-content\/uploads\/2021\/10\/Le-petit-soviet.jpg","contentUrl":"https:\/\/surbooke.fr\/wordpress\/wp-content\/uploads\/2021\/10\/Le-petit-soviet.jpg","width":1512,"height":2016},{"@type":"BreadcrumbList","@id":"https:\/\/surbooke.fr\/wordpress\/2021\/10\/27\/le-petit-soviet-eric-decouty-editions-liana-levi\/#breadcrumb","itemListElement":[{"@type":"ListItem","position":1,"name":"Accueil","item":"https:\/\/surbooke.fr\/wordpress\/"},{"@type":"ListItem","position":2,"name":"Le Petit Soviet, \u00c9ric Decouty, \u00c9ditions Liana L\u00e9vi"}]},{"@type":"WebSite","@id":"https:\/\/surbooke.fr\/wordpress\/#website","url":"https:\/\/surbooke.fr\/wordpress\/","name":"Surbook\u00e9","description":"Le blog de Laurent Bisault","potentialAction":[{"@type":"SearchAction","target":{"@type":"EntryPoint","urlTemplate":"https:\/\/surbooke.fr\/wordpress\/?s={search_term_string}"},"query-input":{"@type":"PropertyValueSpecification","valueRequired":true,"valueName":"search_term_string"}}],"inLanguage":"fr-FR"},{"@type":"Person","@id":"https:\/\/surbooke.fr\/wordpress\/#\/schema\/person\/9c6be4d35203c76182c56b0e974807c6","name":"Laurent Bisault","image":{"@type":"ImageObject","inLanguage":"fr-FR","@id":"https:\/\/secure.gravatar.com\/avatar\/3bcd2efdfc3a3e416bea3223d3dfcd7f8845e2ca0669671d0c7ed8e84e97bfc4?s=96&d=mm&r=g","url":"https:\/\/secure.gravatar.com\/avatar\/3bcd2efdfc3a3e416bea3223d3dfcd7f8845e2ca0669671d0c7ed8e84e97bfc4?s=96&d=mm&r=g","contentUrl":"https:\/\/secure.gravatar.com\/avatar\/3bcd2efdfc3a3e416bea3223d3dfcd7f8845e2ca0669671d0c7ed8e84e97bfc4?s=96&d=mm&r=g","caption":"Laurent Bisault"},"sameAs":["https:\/\/surbooke.fr\/wordpress\/","https:\/\/x.com\/LaurentBisault"],"url":"https:\/\/surbooke.fr\/wordpress\/author\/surbooke\/"}]}},"_links":{"self":[{"href":"https:\/\/surbooke.fr\/wordpress\/wp-json\/wp\/v2\/posts\/12085","targetHints":{"allow":["GET"]}}],"collection":[{"href":"https:\/\/surbooke.fr\/wordpress\/wp-json\/wp\/v2\/posts"}],"about":[{"href":"https:\/\/surbooke.fr\/wordpress\/wp-json\/wp\/v2\/types\/post"}],"author":[{"embeddable":true,"href":"https:\/\/surbooke.fr\/wordpress\/wp-json\/wp\/v2\/users\/8"}],"replies":[{"embeddable":true,"href":"https:\/\/surbooke.fr\/wordpress\/wp-json\/wp\/v2\/comments?post=12085"}],"version-history":[{"count":0,"href":"https:\/\/surbooke.fr\/wordpress\/wp-json\/wp\/v2\/posts\/12085\/revisions"}],"wp:featuredmedia":[{"embeddable":true,"href":"https:\/\/surbooke.fr\/wordpress\/wp-json\/wp\/v2\/media\/18418"}],"wp:attachment":[{"href":"https:\/\/surbooke.fr\/wordpress\/wp-json\/wp\/v2\/media?parent=12085"}],"wp:term":[{"taxonomy":"category","embeddable":true,"href":"https:\/\/surbooke.fr\/wordpress\/wp-json\/wp\/v2\/categories?post=12085"},{"taxonomy":"post_tag","embeddable":true,"href":"https:\/\/surbooke.fr\/wordpress\/wp-json\/wp\/v2\/tags?post=12085"}],"curies":[{"name":"wp","href":"https:\/\/api.w.org\/{rel}","templated":true}]}}