{"id":12261,"date":"2021-11-05T06:34:31","date_gmt":"2021-11-05T05:34:31","guid":{"rendered":"https:\/\/surbooke.fr\/wordpress\/?p=12261"},"modified":"2022-07-06T21:35:47","modified_gmt":"2022-07-06T19:35:47","slug":"la-guerre-des-pauvres-eric-vuillard-editions-actes-sud","status":"publish","type":"post","link":"https:\/\/surbooke.fr\/wordpress\/2021\/11\/05\/la-guerre-des-pauvres-eric-vuillard-editions-actes-sud\/","title":{"rendered":"La guerre des pauvres, \u00c9ric Vuillard, \u00c9ditions Actes Sud"},"content":{"rendered":"\n<p><strong>Un<\/strong> <strong>petit<\/strong> <strong>livre<\/strong> <strong>de 80 pages<\/strong> qui gagnent \u00e0 \u00eatre lues. <em>La<\/em> <em>guerre<\/em> <em>des<\/em> <em>pauvres<\/em> c&rsquo;est l&rsquo;histoire d&rsquo;un pr\u00e9dicateur Thomas Muntzer qui prit la t\u00eate d&rsquo;une r\u00e9volte sociale, \u00ab la guerre des paysans allemands \u00bb . Elle s&rsquo;est d\u00e9roul\u00e9e au sein du Saint-Empire romain germanique, dans le centre de ce qui est aujourd&rsquo;hui l&rsquo;Allemagne, mais aussi en Suisse et en Alsace, au XVIe si\u00e8cle. N\u00e9 dans une famille pauvre, Thomas Muntzer se r\u00e9volta d&rsquo;abord pour des raisons th\u00e9ologiques contre l&rsquo;\u00c9glise \u00e0 une p\u00e9riode o\u00f9 la R\u00e9forme avait d\u00e9j\u00e0 d\u00e9but\u00e9. Sa singularit\u00e9 vint de ce qu&rsquo;il remit en cause les privil\u00e8ges, bien au-del\u00e0 de ce qu&rsquo;avait fait Luther, en contestant le commerce des indulgences pratiqu\u00e9 par l&rsquo;\u00c9glise catholique romaine. Sa rencontre avec les paysans et artisans en lutte contre les f\u00e9odalit\u00e9s a travers\u00e9 l&rsquo;histoire, puisque Marx et Engels ont consid\u00e9r\u00e9 que  Muntzer a \u00e9t\u00e9 un des premiers r\u00e9volutionnaires. Historien de formation, \u00e9crivain couronn\u00e9 du Goncourt avec <strong><a href=\"http:\/\/surbooke.fr\/wordpress\/?p=765\" target=\"_blank\" rel=\"noreferrer noopener\" aria-label=\"L'ordre du jour (s\u2019ouvre dans un nouvel onglet)\"><em>L&rsquo;ordre<\/em> <em>du<\/em> <em>jour<\/em><\/a><\/strong> en 2017, \u00c9ric Vuillard poursuit ici ses r\u00e9cits qui nous m\u00e8nent de France en Am\u00e9rique latine, de l&rsquo;Allemagne au Congo. Toujours avec le m\u00eame art de transmettre l&rsquo;histoire, avec une \u00e9criture facile \u00e0 lire, souvent dr\u00f4le. Vuillard explique avoir anticip\u00e9 la sortie de son livre de quelques mois pour \u00eatre en phase avec le mouvement des gilets jaunes. On lui laisse la responsabilit\u00e9 de la comparaison de ces deux mouvements. Certes \u00e0 chaque fois avec le rejet de taxes et d&rsquo;imp\u00f4ts, mais parlera-t-on encore de la prise des ronds-points dans plusieurs si\u00e8cles ?<\/p>\n\n\n\n<blockquote class=\"wp-block-quote has-text-align-center is-style-large is-layout-flow wp-block-quote-is-layout-flow\"><p>C&rsquo;\u00e9tait normal parce qu&rsquo;abandonner le latin pour un sabir de soudard, de lourdingue, \u00e7a n&rsquo;\u00e9tait juste pas acceptable<\/p><\/blockquote>\n\n\n\n<p>Cinquante ann\u00e9es plus t\u00f4t l&rsquo;imprimerie \u00e9tait n\u00e9e. Avec un tel outil on fabriquait 180 Bibles en trois ans alors qu&rsquo;un seul moine n&rsquo;en aurait copi\u00e9 qu&rsquo;une. Or le petit Thomas Muntzer lisait la Bible. Il grandissait avec \u00c9z\u00e9chiel, Os\u00e9e et Daniel. Thomas Muntzer fit des \u00e9tudes \u00e0 Leipzig et fut nomm\u00e9 en 1520 pr\u00e9dicateur \u00e0 Zwickau. Cette ville, personne ne la connaissait. Pourtant on y tissait pour les gens de Francfort, de Dresde et m\u00eame de Paris. On y exploitait aussi des mines. \u00c0 Zwickau il y avait les riches et les pauvres, les patriciens et les pl\u00e9b\u00e9iens. Devant les mis\u00e9reux on d\u00e9non\u00e7ait la corruption de l&rsquo;\u00c9glise, on s&rsquo;\u00e9tonnait du luxe d\u00e9ploy\u00e9 par les ministres de Dieu. On lisait des \u00e9crits comme ceux de Jan Hus qui avait fini sur le b\u00fbcher. Chass\u00e9 de Zwickau Muntzer atterrit en Boh\u00eame o\u00f9 on allait d&rsquo;h\u00e9r\u00e9sie en h\u00e9r\u00e9sie. Une soif de puret\u00e9 traversait le pays. Un peu comme ce qui avait commenc\u00e9 vers le milieu du XIVe si\u00e8cle en Angleterre, quand John Wyclif avait d\u00e9cid\u00e9 de traduire la Bible en anglais, avant de pr\u00f4ner l&rsquo;\u00e9galit\u00e9 des hommes. Alors il plut des bulles, parce que quand le pape se f\u00e2che il pleut des bulles. C&rsquo;\u00e9tait normal parce qu&rsquo;abandonner le latin pour un sabir de soudard, de lourdingue, \u00e7a n&rsquo;\u00e9tait juste pas acceptable. Wyclif mourut isol\u00e9 et quarante ans apr\u00e8s on exhuma son cadavre pour le br\u00fbler. \u00c7a aurait d\u00fb calmer ses successeurs. Il n&rsquo;en fut rien. Quelques ann\u00e9es plus tard, la r\u00e9volte embrasa peu \u00e0 peu l&rsquo;Angleterre, davantage contre les taxes que pour des raisons th\u00e9ologiques. En 1381 on d\u00e9capita les juges jusqu&rsquo;\u00e0 Londres, et on demanda l&rsquo;abolition du servage, ce qui ne faisait pas rire les nobles. Le roi Richard II c\u00e9da, mais comme ses troupes avaient repris le dessus, il commen\u00e7a \u00e0 se venger. Pour l&rsquo;abolition du servage la royaut\u00e9 prit son temps, juste deux si\u00e8cles. La remise en cause du latin dans la religion n&rsquo;\u00e9tait pas pour autant enterr\u00e9e. Errant en Boh\u00eame Muntzer s&rsquo;y remit en traduisant \u00e0 son tour la Bible, cette fois en allemand. Alors quand il disait la messe les gens accourraient, m\u00eame les bourgeois, tous heureux de comprendre pour une fois ce qu&rsquo;on leur racontait. Ce n&rsquo;\u00e9taient pas des paroles de paix que pronon\u00e7ait Muntzer. Il en appelait \u00e0 tuer les souverains impies. En 1525 la r\u00e9volte des paysans grondait en Thuringe, en Suisse et en Alsace. On crevait les enceintes, on rasait les ch\u00e2teaux. On accourut des quatre coins de l&rsquo;Europe au secours du pr\u00e9dicateur. Ces gueux disposaient de quelques bombardes, pas grand-chose en comparaison de l&rsquo;artillerie et des fantassins  r\u00e9unis par les princes qui tu\u00e8rent quatre mille paysans. Attrap\u00e9 Muntzer fut d\u00e9capit\u00e9.<\/p>\n","protected":false},"excerpt":{"rendered":"<p>Un petit livre de 80 pages qui gagnent \u00e0 \u00eatre lues. La guerre des pauvres c&rsquo;est l&rsquo;histoire d&rsquo;un pr\u00e9dicateur Thomas Muntzer qui prit la t\u00eate d&rsquo;une r\u00e9volte sociale, \u00ab la guerre des paysans allemands \u00bb . Elle s&rsquo;est d\u00e9roul\u00e9e au sein du Saint-Empire romain germanique, dans le centre de ce qui est aujourd&rsquo;hui l&rsquo;Allemagne, mais [&hellip;]<\/p>\n","protected":false},"author":8,"featured_media":18414,"comment_status":"open","ping_status":"open","sticky":false,"template":"","format":"standard","meta":{"footnotes":""},"categories":[15],"tags":[39],"class_list":["post-12261","post","type-post","status-publish","format-standard","has-post-thumbnail","hentry","category-roman-francais","tag-actes-sud"],"yoast_head":"<!-- This site is optimized with the Yoast SEO plugin v27.4 - https:\/\/yoast.com\/product\/yoast-seo-wordpress\/ -->\n<title>La guerre des pauvres, \u00c9ric Vuillard, \u00c9ditions Actes Sud - Surbook\u00e9<\/title>\n<meta name=\"robots\" content=\"index, follow, max-snippet:-1, max-image-preview:large, max-video-preview:-1\" \/>\n<link rel=\"canonical\" href=\"https:\/\/surbooke.fr\/wordpress\/2021\/11\/05\/la-guerre-des-pauvres-eric-vuillard-editions-actes-sud\/\" \/>\n<meta property=\"og:locale\" content=\"fr_FR\" \/>\n<meta property=\"og:type\" content=\"article\" \/>\n<meta property=\"og:title\" content=\"La guerre des pauvres, \u00c9ric Vuillard, \u00c9ditions Actes Sud - Surbook\u00e9\" \/>\n<meta property=\"og:description\" content=\"Un petit livre de 80 pages qui gagnent \u00e0 \u00eatre lues. La guerre des pauvres c&rsquo;est l&rsquo;histoire d&rsquo;un pr\u00e9dicateur Thomas Muntzer qui prit la t\u00eate d&rsquo;une r\u00e9volte sociale, \u00ab la guerre des paysans allemands \u00bb . Elle s&rsquo;est d\u00e9roul\u00e9e au sein du Saint-Empire romain germanique, dans le centre de ce qui est aujourd&rsquo;hui l&rsquo;Allemagne, mais [&hellip;]\" \/>\n<meta property=\"og:url\" content=\"https:\/\/surbooke.fr\/wordpress\/2021\/11\/05\/la-guerre-des-pauvres-eric-vuillard-editions-actes-sud\/\" \/>\n<meta property=\"og:site_name\" content=\"Surbook\u00e9\" \/>\n<meta property=\"article:published_time\" content=\"2021-11-05T05:34:31+00:00\" \/>\n<meta property=\"article:modified_time\" content=\"2022-07-06T19:35:47+00:00\" \/>\n<meta property=\"og:image\" content=\"https:\/\/surbooke.fr\/wordpress\/wp-content\/uploads\/2021\/11\/La-guerre-des-pauvres-1.png\" \/>\n\t<meta property=\"og:image:width\" content=\"265\" \/>\n\t<meta property=\"og:image:height\" content=\"265\" \/>\n\t<meta property=\"og:image:type\" content=\"image\/png\" \/>\n<meta name=\"author\" content=\"Laurent Bisault\" \/>\n<meta name=\"twitter:card\" content=\"summary_large_image\" \/>\n<meta name=\"twitter:creator\" content=\"@LaurentBisault\" \/>\n<meta name=\"twitter:label1\" content=\"\u00c9crit par\" \/>\n\t<meta name=\"twitter:data1\" content=\"Laurent Bisault\" \/>\n\t<meta name=\"twitter:label2\" content=\"Dur\u00e9e de lecture estim\u00e9e\" \/>\n\t<meta name=\"twitter:data2\" content=\"4 minutes\" \/>\n<script type=\"application\/ld+json\" class=\"yoast-schema-graph\">{\"@context\":\"https:\\\/\\\/schema.org\",\"@graph\":[{\"@type\":\"Article\",\"@id\":\"https:\\\/\\\/surbooke.fr\\\/wordpress\\\/2021\\\/11\\\/05\\\/la-guerre-des-pauvres-eric-vuillard-editions-actes-sud\\\/#article\",\"isPartOf\":{\"@id\":\"https:\\\/\\\/surbooke.fr\\\/wordpress\\\/2021\\\/11\\\/05\\\/la-guerre-des-pauvres-eric-vuillard-editions-actes-sud\\\/\"},\"author\":{\"name\":\"Laurent Bisault\",\"@id\":\"https:\\\/\\\/surbooke.fr\\\/wordpress\\\/#\\\/schema\\\/person\\\/9c6be4d35203c76182c56b0e974807c6\"},\"headline\":\"La guerre des pauvres, \u00c9ric Vuillard, \u00c9ditions Actes Sud\",\"datePublished\":\"2021-11-05T05:34:31+00:00\",\"dateModified\":\"2022-07-06T19:35:47+00:00\",\"mainEntityOfPage\":{\"@id\":\"https:\\\/\\\/surbooke.fr\\\/wordpress\\\/2021\\\/11\\\/05\\\/la-guerre-des-pauvres-eric-vuillard-editions-actes-sud\\\/\"},\"wordCount\":811,\"commentCount\":0,\"image\":{\"@id\":\"https:\\\/\\\/surbooke.fr\\\/wordpress\\\/2021\\\/11\\\/05\\\/la-guerre-des-pauvres-eric-vuillard-editions-actes-sud\\\/#primaryimage\"},\"thumbnailUrl\":\"https:\\\/\\\/surbooke.fr\\\/wordpress\\\/wp-content\\\/uploads\\\/2021\\\/11\\\/La-guerre-des-pauvres-1.png\",\"keywords\":[\"Actes Sud\"],\"articleSection\":[\"roman fran\u00e7ais \ud83c\uddeb\ud83c\uddf7\"],\"inLanguage\":\"fr-FR\",\"potentialAction\":[{\"@type\":\"CommentAction\",\"name\":\"Comment\",\"target\":[\"https:\\\/\\\/surbooke.fr\\\/wordpress\\\/2021\\\/11\\\/05\\\/la-guerre-des-pauvres-eric-vuillard-editions-actes-sud\\\/#respond\"]}]},{\"@type\":\"WebPage\",\"@id\":\"https:\\\/\\\/surbooke.fr\\\/wordpress\\\/2021\\\/11\\\/05\\\/la-guerre-des-pauvres-eric-vuillard-editions-actes-sud\\\/\",\"url\":\"https:\\\/\\\/surbooke.fr\\\/wordpress\\\/2021\\\/11\\\/05\\\/la-guerre-des-pauvres-eric-vuillard-editions-actes-sud\\\/\",\"name\":\"La guerre des pauvres, \u00c9ric Vuillard, \u00c9ditions Actes Sud - Surbook\u00e9\",\"isPartOf\":{\"@id\":\"https:\\\/\\\/surbooke.fr\\\/wordpress\\\/#website\"},\"primaryImageOfPage\":{\"@id\":\"https:\\\/\\\/surbooke.fr\\\/wordpress\\\/2021\\\/11\\\/05\\\/la-guerre-des-pauvres-eric-vuillard-editions-actes-sud\\\/#primaryimage\"},\"image\":{\"@id\":\"https:\\\/\\\/surbooke.fr\\\/wordpress\\\/2021\\\/11\\\/05\\\/la-guerre-des-pauvres-eric-vuillard-editions-actes-sud\\\/#primaryimage\"},\"thumbnailUrl\":\"https:\\\/\\\/surbooke.fr\\\/wordpress\\\/wp-content\\\/uploads\\\/2021\\\/11\\\/La-guerre-des-pauvres-1.png\",\"datePublished\":\"2021-11-05T05:34:31+00:00\",\"dateModified\":\"2022-07-06T19:35:47+00:00\",\"author\":{\"@id\":\"https:\\\/\\\/surbooke.fr\\\/wordpress\\\/#\\\/schema\\\/person\\\/9c6be4d35203c76182c56b0e974807c6\"},\"breadcrumb\":{\"@id\":\"https:\\\/\\\/surbooke.fr\\\/wordpress\\\/2021\\\/11\\\/05\\\/la-guerre-des-pauvres-eric-vuillard-editions-actes-sud\\\/#breadcrumb\"},\"inLanguage\":\"fr-FR\",\"potentialAction\":[{\"@type\":\"ReadAction\",\"target\":[\"https:\\\/\\\/surbooke.fr\\\/wordpress\\\/2021\\\/11\\\/05\\\/la-guerre-des-pauvres-eric-vuillard-editions-actes-sud\\\/\"]}]},{\"@type\":\"ImageObject\",\"inLanguage\":\"fr-FR\",\"@id\":\"https:\\\/\\\/surbooke.fr\\\/wordpress\\\/2021\\\/11\\\/05\\\/la-guerre-des-pauvres-eric-vuillard-editions-actes-sud\\\/#primaryimage\",\"url\":\"https:\\\/\\\/surbooke.fr\\\/wordpress\\\/wp-content\\\/uploads\\\/2021\\\/11\\\/La-guerre-des-pauvres-1.png\",\"contentUrl\":\"https:\\\/\\\/surbooke.fr\\\/wordpress\\\/wp-content\\\/uploads\\\/2021\\\/11\\\/La-guerre-des-pauvres-1.png\",\"width\":265,\"height\":265},{\"@type\":\"BreadcrumbList\",\"@id\":\"https:\\\/\\\/surbooke.fr\\\/wordpress\\\/2021\\\/11\\\/05\\\/la-guerre-des-pauvres-eric-vuillard-editions-actes-sud\\\/#breadcrumb\",\"itemListElement\":[{\"@type\":\"ListItem\",\"position\":1,\"name\":\"Accueil\",\"item\":\"https:\\\/\\\/surbooke.fr\\\/wordpress\\\/\"},{\"@type\":\"ListItem\",\"position\":2,\"name\":\"La guerre des pauvres, \u00c9ric Vuillard, \u00c9ditions Actes Sud\"}]},{\"@type\":\"WebSite\",\"@id\":\"https:\\\/\\\/surbooke.fr\\\/wordpress\\\/#website\",\"url\":\"https:\\\/\\\/surbooke.fr\\\/wordpress\\\/\",\"name\":\"Surbook\u00e9\",\"description\":\"Le blog de Laurent Bisault\",\"potentialAction\":[{\"@type\":\"SearchAction\",\"target\":{\"@type\":\"EntryPoint\",\"urlTemplate\":\"https:\\\/\\\/surbooke.fr\\\/wordpress\\\/?s={search_term_string}\"},\"query-input\":{\"@type\":\"PropertyValueSpecification\",\"valueRequired\":true,\"valueName\":\"search_term_string\"}}],\"inLanguage\":\"fr-FR\"},{\"@type\":\"Person\",\"@id\":\"https:\\\/\\\/surbooke.fr\\\/wordpress\\\/#\\\/schema\\\/person\\\/9c6be4d35203c76182c56b0e974807c6\",\"name\":\"Laurent Bisault\",\"image\":{\"@type\":\"ImageObject\",\"inLanguage\":\"fr-FR\",\"@id\":\"https:\\\/\\\/secure.gravatar.com\\\/avatar\\\/3bcd2efdfc3a3e416bea3223d3dfcd7f8845e2ca0669671d0c7ed8e84e97bfc4?s=96&d=mm&r=g\",\"url\":\"https:\\\/\\\/secure.gravatar.com\\\/avatar\\\/3bcd2efdfc3a3e416bea3223d3dfcd7f8845e2ca0669671d0c7ed8e84e97bfc4?s=96&d=mm&r=g\",\"contentUrl\":\"https:\\\/\\\/secure.gravatar.com\\\/avatar\\\/3bcd2efdfc3a3e416bea3223d3dfcd7f8845e2ca0669671d0c7ed8e84e97bfc4?s=96&d=mm&r=g\",\"caption\":\"Laurent Bisault\"},\"sameAs\":[\"https:\\\/\\\/surbooke.fr\\\/wordpress\\\/\",\"https:\\\/\\\/x.com\\\/LaurentBisault\"],\"url\":\"https:\\\/\\\/surbooke.fr\\\/wordpress\\\/author\\\/surbooke\\\/\"}]}<\/script>\n<!-- \/ Yoast SEO plugin. -->","yoast_head_json":{"title":"La guerre des pauvres, \u00c9ric Vuillard, \u00c9ditions Actes Sud - Surbook\u00e9","robots":{"index":"index","follow":"follow","max-snippet":"max-snippet:-1","max-image-preview":"max-image-preview:large","max-video-preview":"max-video-preview:-1"},"canonical":"https:\/\/surbooke.fr\/wordpress\/2021\/11\/05\/la-guerre-des-pauvres-eric-vuillard-editions-actes-sud\/","og_locale":"fr_FR","og_type":"article","og_title":"La guerre des pauvres, \u00c9ric Vuillard, \u00c9ditions Actes Sud - Surbook\u00e9","og_description":"Un petit livre de 80 pages qui gagnent \u00e0 \u00eatre lues. La guerre des pauvres c&rsquo;est l&rsquo;histoire d&rsquo;un pr\u00e9dicateur Thomas Muntzer qui prit la t\u00eate d&rsquo;une r\u00e9volte sociale, \u00ab la guerre des paysans allemands \u00bb . Elle s&rsquo;est d\u00e9roul\u00e9e au sein du Saint-Empire romain germanique, dans le centre de ce qui est aujourd&rsquo;hui l&rsquo;Allemagne, mais [&hellip;]","og_url":"https:\/\/surbooke.fr\/wordpress\/2021\/11\/05\/la-guerre-des-pauvres-eric-vuillard-editions-actes-sud\/","og_site_name":"Surbook\u00e9","article_published_time":"2021-11-05T05:34:31+00:00","article_modified_time":"2022-07-06T19:35:47+00:00","og_image":[{"width":265,"height":265,"url":"https:\/\/surbooke.fr\/wordpress\/wp-content\/uploads\/2021\/11\/La-guerre-des-pauvres-1.png","type":"image\/png"}],"author":"Laurent Bisault","twitter_card":"summary_large_image","twitter_creator":"@LaurentBisault","twitter_misc":{"\u00c9crit par":"Laurent Bisault","Dur\u00e9e de lecture estim\u00e9e":"4 minutes"},"schema":{"@context":"https:\/\/schema.org","@graph":[{"@type":"Article","@id":"https:\/\/surbooke.fr\/wordpress\/2021\/11\/05\/la-guerre-des-pauvres-eric-vuillard-editions-actes-sud\/#article","isPartOf":{"@id":"https:\/\/surbooke.fr\/wordpress\/2021\/11\/05\/la-guerre-des-pauvres-eric-vuillard-editions-actes-sud\/"},"author":{"name":"Laurent Bisault","@id":"https:\/\/surbooke.fr\/wordpress\/#\/schema\/person\/9c6be4d35203c76182c56b0e974807c6"},"headline":"La guerre des pauvres, \u00c9ric Vuillard, \u00c9ditions Actes Sud","datePublished":"2021-11-05T05:34:31+00:00","dateModified":"2022-07-06T19:35:47+00:00","mainEntityOfPage":{"@id":"https:\/\/surbooke.fr\/wordpress\/2021\/11\/05\/la-guerre-des-pauvres-eric-vuillard-editions-actes-sud\/"},"wordCount":811,"commentCount":0,"image":{"@id":"https:\/\/surbooke.fr\/wordpress\/2021\/11\/05\/la-guerre-des-pauvres-eric-vuillard-editions-actes-sud\/#primaryimage"},"thumbnailUrl":"https:\/\/surbooke.fr\/wordpress\/wp-content\/uploads\/2021\/11\/La-guerre-des-pauvres-1.png","keywords":["Actes Sud"],"articleSection":["roman fran\u00e7ais \ud83c\uddeb\ud83c\uddf7"],"inLanguage":"fr-FR","potentialAction":[{"@type":"CommentAction","name":"Comment","target":["https:\/\/surbooke.fr\/wordpress\/2021\/11\/05\/la-guerre-des-pauvres-eric-vuillard-editions-actes-sud\/#respond"]}]},{"@type":"WebPage","@id":"https:\/\/surbooke.fr\/wordpress\/2021\/11\/05\/la-guerre-des-pauvres-eric-vuillard-editions-actes-sud\/","url":"https:\/\/surbooke.fr\/wordpress\/2021\/11\/05\/la-guerre-des-pauvres-eric-vuillard-editions-actes-sud\/","name":"La guerre des pauvres, \u00c9ric Vuillard, \u00c9ditions Actes Sud - Surbook\u00e9","isPartOf":{"@id":"https:\/\/surbooke.fr\/wordpress\/#website"},"primaryImageOfPage":{"@id":"https:\/\/surbooke.fr\/wordpress\/2021\/11\/05\/la-guerre-des-pauvres-eric-vuillard-editions-actes-sud\/#primaryimage"},"image":{"@id":"https:\/\/surbooke.fr\/wordpress\/2021\/11\/05\/la-guerre-des-pauvres-eric-vuillard-editions-actes-sud\/#primaryimage"},"thumbnailUrl":"https:\/\/surbooke.fr\/wordpress\/wp-content\/uploads\/2021\/11\/La-guerre-des-pauvres-1.png","datePublished":"2021-11-05T05:34:31+00:00","dateModified":"2022-07-06T19:35:47+00:00","author":{"@id":"https:\/\/surbooke.fr\/wordpress\/#\/schema\/person\/9c6be4d35203c76182c56b0e974807c6"},"breadcrumb":{"@id":"https:\/\/surbooke.fr\/wordpress\/2021\/11\/05\/la-guerre-des-pauvres-eric-vuillard-editions-actes-sud\/#breadcrumb"},"inLanguage":"fr-FR","potentialAction":[{"@type":"ReadAction","target":["https:\/\/surbooke.fr\/wordpress\/2021\/11\/05\/la-guerre-des-pauvres-eric-vuillard-editions-actes-sud\/"]}]},{"@type":"ImageObject","inLanguage":"fr-FR","@id":"https:\/\/surbooke.fr\/wordpress\/2021\/11\/05\/la-guerre-des-pauvres-eric-vuillard-editions-actes-sud\/#primaryimage","url":"https:\/\/surbooke.fr\/wordpress\/wp-content\/uploads\/2021\/11\/La-guerre-des-pauvres-1.png","contentUrl":"https:\/\/surbooke.fr\/wordpress\/wp-content\/uploads\/2021\/11\/La-guerre-des-pauvres-1.png","width":265,"height":265},{"@type":"BreadcrumbList","@id":"https:\/\/surbooke.fr\/wordpress\/2021\/11\/05\/la-guerre-des-pauvres-eric-vuillard-editions-actes-sud\/#breadcrumb","itemListElement":[{"@type":"ListItem","position":1,"name":"Accueil","item":"https:\/\/surbooke.fr\/wordpress\/"},{"@type":"ListItem","position":2,"name":"La guerre des pauvres, \u00c9ric Vuillard, \u00c9ditions Actes Sud"}]},{"@type":"WebSite","@id":"https:\/\/surbooke.fr\/wordpress\/#website","url":"https:\/\/surbooke.fr\/wordpress\/","name":"Surbook\u00e9","description":"Le blog de Laurent Bisault","potentialAction":[{"@type":"SearchAction","target":{"@type":"EntryPoint","urlTemplate":"https:\/\/surbooke.fr\/wordpress\/?s={search_term_string}"},"query-input":{"@type":"PropertyValueSpecification","valueRequired":true,"valueName":"search_term_string"}}],"inLanguage":"fr-FR"},{"@type":"Person","@id":"https:\/\/surbooke.fr\/wordpress\/#\/schema\/person\/9c6be4d35203c76182c56b0e974807c6","name":"Laurent Bisault","image":{"@type":"ImageObject","inLanguage":"fr-FR","@id":"https:\/\/secure.gravatar.com\/avatar\/3bcd2efdfc3a3e416bea3223d3dfcd7f8845e2ca0669671d0c7ed8e84e97bfc4?s=96&d=mm&r=g","url":"https:\/\/secure.gravatar.com\/avatar\/3bcd2efdfc3a3e416bea3223d3dfcd7f8845e2ca0669671d0c7ed8e84e97bfc4?s=96&d=mm&r=g","contentUrl":"https:\/\/secure.gravatar.com\/avatar\/3bcd2efdfc3a3e416bea3223d3dfcd7f8845e2ca0669671d0c7ed8e84e97bfc4?s=96&d=mm&r=g","caption":"Laurent Bisault"},"sameAs":["https:\/\/surbooke.fr\/wordpress\/","https:\/\/x.com\/LaurentBisault"],"url":"https:\/\/surbooke.fr\/wordpress\/author\/surbooke\/"}]}},"_links":{"self":[{"href":"https:\/\/surbooke.fr\/wordpress\/wp-json\/wp\/v2\/posts\/12261","targetHints":{"allow":["GET"]}}],"collection":[{"href":"https:\/\/surbooke.fr\/wordpress\/wp-json\/wp\/v2\/posts"}],"about":[{"href":"https:\/\/surbooke.fr\/wordpress\/wp-json\/wp\/v2\/types\/post"}],"author":[{"embeddable":true,"href":"https:\/\/surbooke.fr\/wordpress\/wp-json\/wp\/v2\/users\/8"}],"replies":[{"embeddable":true,"href":"https:\/\/surbooke.fr\/wordpress\/wp-json\/wp\/v2\/comments?post=12261"}],"version-history":[{"count":0,"href":"https:\/\/surbooke.fr\/wordpress\/wp-json\/wp\/v2\/posts\/12261\/revisions"}],"wp:featuredmedia":[{"embeddable":true,"href":"https:\/\/surbooke.fr\/wordpress\/wp-json\/wp\/v2\/media\/18414"}],"wp:attachment":[{"href":"https:\/\/surbooke.fr\/wordpress\/wp-json\/wp\/v2\/media?parent=12261"}],"wp:term":[{"taxonomy":"category","embeddable":true,"href":"https:\/\/surbooke.fr\/wordpress\/wp-json\/wp\/v2\/categories?post=12261"},{"taxonomy":"post_tag","embeddable":true,"href":"https:\/\/surbooke.fr\/wordpress\/wp-json\/wp\/v2\/tags?post=12261"}],"curies":[{"name":"wp","href":"https:\/\/api.w.org\/{rel}","templated":true}]}}