{"id":1233,"date":"2019-04-05T18:57:23","date_gmt":"2019-04-05T16:57:23","guid":{"rendered":"http:\/\/surbooke.fr\/wordpress\/?p=1233"},"modified":"2022-07-28T19:12:35","modified_gmt":"2022-07-28T17:12:35","slug":"grossir-le-ciel-franck-bouysse-editions-la-manufacture-des-livres","status":"publish","type":"post","link":"https:\/\/surbooke.fr\/wordpress\/2019\/04\/05\/grossir-le-ciel-franck-bouysse-editions-la-manufacture-des-livres\/","title":{"rendered":"Grossir le ciel, Franck Bouysse, \u00c9ditions La Manufacture de livres"},"content":{"rendered":"\n<p><strong>Un bouquin, noir, tr\u00e8s noir<\/strong>. Implacable. Pas vraiment un policier comme nous le dit l&rsquo;\u00e9diteur. Ou alors un polar rural comme chez Jim Thompson. Franck Bouysse abandonne pour une fois sa Corr\u00e8ze visit\u00e9e dans Plateau (Surbook\u00e9 16). Nous sommes en Loz\u00e8re au-dessus du Pont-de-Monvert. Une terre rude qui ne nourrit pas son homme, le pays des Parpaillots. Gus et Abel sont deux vieux fermiers install\u00e9s au-dessus du bourg. Gus a la cinquantaine, Abel son voisin probablement vingt ans de plus. Ils vivent seuls en compagnie de leurs vaches. Gus a aussi son chien Mars, ainsi nomm\u00e9 parce qu&rsquo;il l&rsquo;a trouv\u00e9 un mois de mars. La duret\u00e9 de la vie pousse parfois Gus et Abel \u00e0 s&rsquo;entraider voire \u00e0 vider une bouteille ensemble. Mais cela reste l&rsquo;exception. Chacun chez soi et les vaches seront bien gard\u00e9es. Gus a eu une existence particuli\u00e8rement rude. Orphelin, suite \u00e0 la mort de son p\u00e8re transperc\u00e9 \u00e0 coups de fourche  par sa m\u00e8re qui n&rsquo;en pouvait plus d&rsquo;\u00eatre saillie. Elle l&rsquo;avait pay\u00e9 d&rsquo;un long s\u00e9jour en prison, car \u00e0 cette \u00e9poque une femme devait se donner \u00e0 son mari. Elle ne s&rsquo;en \u00e9tait pas remise puisqu&rsquo;elle se suicida \u00e0 peine lib\u00e9r\u00e9e devant le jeune Gus qui ne la regretta pas. Dans sa ferme, Gus a une existence bien r\u00e9gl\u00e9e, qui ne laisse aucune place aux contacts. Ni avec le repr\u00e9sentant de la banque qui voudrait lui ouvrir un compte. Encore moins avec les \u00c9vang\u00e9listes, ces suceurs de Bible  qui le d\u00e9marchent en vain. Pourtant cette journ\u00e9e ne sera pas comme les autres. L&rsquo;abb\u00e9 Pierre vient de mourir, or Gus le solitaire aime bien l&rsquo;abb\u00e9 Pierre. Si cela ne suffisait pas, Abel semble cacher des choses \u00e0 Gus. Et puis il y a ces coups de feu entendus \u00e0 proximit\u00e9 de la ferme et ces traces de sang dans la neige. Comme chez Thompson, l&rsquo;histoire ne peut que mal se terminer. On le sait mais ce qui compte c&rsquo;est la mani\u00e8re dont elle est racont\u00e9e. Et Franck Bouysse est un grand \u00e9crivain.<\/p>\n","protected":false},"excerpt":{"rendered":"<p>Un bouquin, noir, tr\u00e8s noir. Implacable. Pas vraiment un policier comme nous le dit l&rsquo;\u00e9diteur. Ou alors un polar rural comme chez Jim Thompson. Franck Bouysse abandonne pour une fois sa Corr\u00e8ze visit\u00e9e dans Plateau (Surbook\u00e9 16). Nous sommes en Loz\u00e8re au-dessus du Pont-de-Monvert. Une terre rude qui ne nourrit pas son homme, le pays [&hellip;]<\/p>\n","protected":false},"author":8,"featured_media":19095,"comment_status":"open","ping_status":"open","sticky":false,"template":"","format":"standard","meta":{"footnotes":""},"categories":[2,3],"tags":[37],"class_list":["post-1233","post","type-post","status-publish","format-standard","has-post-thumbnail","hentry","category-roman-noir","category-coup-de-coeur","tag-la-manufacture-des-livres"],"yoast_head":"<!-- This site is optimized with the Yoast SEO plugin v27.5 - https:\/\/yoast.com\/product\/yoast-seo-wordpress\/ -->\n<title>Grossir le ciel, Franck Bouysse, \u00c9ditions La Manufacture de livres - Surbook\u00e9<\/title>\n<meta name=\"robots\" content=\"index, follow, max-snippet:-1, max-image-preview:large, max-video-preview:-1\" \/>\n<link rel=\"canonical\" href=\"https:\/\/surbooke.fr\/wordpress\/2019\/04\/05\/grossir-le-ciel-franck-bouysse-editions-la-manufacture-des-livres\/\" \/>\n<meta property=\"og:locale\" content=\"fr_FR\" \/>\n<meta property=\"og:type\" content=\"article\" \/>\n<meta property=\"og:title\" content=\"Grossir le ciel, Franck Bouysse, \u00c9ditions La Manufacture de livres - Surbook\u00e9\" \/>\n<meta property=\"og:description\" content=\"Un bouquin, noir, tr\u00e8s noir. Implacable. Pas vraiment un policier comme nous le dit l&rsquo;\u00e9diteur. Ou alors un polar rural comme chez Jim Thompson. Franck Bouysse abandonne pour une fois sa Corr\u00e8ze visit\u00e9e dans Plateau (Surbook\u00e9 16). Nous sommes en Loz\u00e8re au-dessus du Pont-de-Monvert. Une terre rude qui ne nourrit pas son homme, le pays [&hellip;]\" \/>\n<meta property=\"og:url\" content=\"https:\/\/surbooke.fr\/wordpress\/2019\/04\/05\/grossir-le-ciel-franck-bouysse-editions-la-manufacture-des-livres\/\" \/>\n<meta property=\"og:site_name\" content=\"Surbook\u00e9\" \/>\n<meta property=\"article:published_time\" content=\"2019-04-05T16:57:23+00:00\" \/>\n<meta property=\"article:modified_time\" content=\"2022-07-28T17:12:35+00:00\" \/>\n<meta property=\"og:image\" content=\"https:\/\/surbooke.fr\/wordpress\/wp-content\/uploads\/2019\/04\/Grossir-le-ciel.jpg\" \/>\n\t<meta property=\"og:image:width\" content=\"1200\" \/>\n\t<meta property=\"og:image:height\" content=\"630\" \/>\n\t<meta property=\"og:image:type\" content=\"image\/jpeg\" \/>\n<meta name=\"author\" content=\"Laurent Bisault\" \/>\n<meta name=\"twitter:card\" content=\"summary_large_image\" \/>\n<meta name=\"twitter:creator\" content=\"@LaurentBisault\" \/>\n<meta name=\"twitter:label1\" content=\"\u00c9crit par\" \/>\n\t<meta name=\"twitter:data1\" content=\"Laurent Bisault\" \/>\n\t<meta name=\"twitter:label2\" content=\"Dur\u00e9e de lecture estim\u00e9e\" \/>\n\t<meta name=\"twitter:data2\" content=\"2 minutes\" \/>\n<script type=\"application\/ld+json\" class=\"yoast-schema-graph\">{\"@context\":\"https:\\\/\\\/schema.org\",\"@graph\":[{\"@type\":\"Article\",\"@id\":\"https:\\\/\\\/surbooke.fr\\\/wordpress\\\/2019\\\/04\\\/05\\\/grossir-le-ciel-franck-bouysse-editions-la-manufacture-des-livres\\\/#article\",\"isPartOf\":{\"@id\":\"https:\\\/\\\/surbooke.fr\\\/wordpress\\\/2019\\\/04\\\/05\\\/grossir-le-ciel-franck-bouysse-editions-la-manufacture-des-livres\\\/\"},\"author\":{\"name\":\"Laurent Bisault\",\"@id\":\"https:\\\/\\\/surbooke.fr\\\/wordpress\\\/#\\\/schema\\\/person\\\/9c6be4d35203c76182c56b0e974807c6\"},\"headline\":\"Grossir le ciel, Franck Bouysse, \u00c9ditions La Manufacture de livres\",\"datePublished\":\"2019-04-05T16:57:23+00:00\",\"dateModified\":\"2022-07-28T17:12:35+00:00\",\"mainEntityOfPage\":{\"@id\":\"https:\\\/\\\/surbooke.fr\\\/wordpress\\\/2019\\\/04\\\/05\\\/grossir-le-ciel-franck-bouysse-editions-la-manufacture-des-livres\\\/\"},\"wordCount\":371,\"commentCount\":0,\"image\":{\"@id\":\"https:\\\/\\\/surbooke.fr\\\/wordpress\\\/2019\\\/04\\\/05\\\/grossir-le-ciel-franck-bouysse-editions-la-manufacture-des-livres\\\/#primaryimage\"},\"thumbnailUrl\":\"https:\\\/\\\/surbooke.fr\\\/wordpress\\\/wp-content\\\/uploads\\\/2019\\\/04\\\/Grossir-le-ciel.jpg\",\"keywords\":[\"La Manufacture de livres\"],\"articleSection\":[\"roman noir\",\"\ud83e\udd0d\"],\"inLanguage\":\"fr-FR\",\"potentialAction\":[{\"@type\":\"CommentAction\",\"name\":\"Comment\",\"target\":[\"https:\\\/\\\/surbooke.fr\\\/wordpress\\\/2019\\\/04\\\/05\\\/grossir-le-ciel-franck-bouysse-editions-la-manufacture-des-livres\\\/#respond\"]}]},{\"@type\":\"WebPage\",\"@id\":\"https:\\\/\\\/surbooke.fr\\\/wordpress\\\/2019\\\/04\\\/05\\\/grossir-le-ciel-franck-bouysse-editions-la-manufacture-des-livres\\\/\",\"url\":\"https:\\\/\\\/surbooke.fr\\\/wordpress\\\/2019\\\/04\\\/05\\\/grossir-le-ciel-franck-bouysse-editions-la-manufacture-des-livres\\\/\",\"name\":\"Grossir le ciel, Franck Bouysse, \u00c9ditions La Manufacture de livres - Surbook\u00e9\",\"isPartOf\":{\"@id\":\"https:\\\/\\\/surbooke.fr\\\/wordpress\\\/#website\"},\"primaryImageOfPage\":{\"@id\":\"https:\\\/\\\/surbooke.fr\\\/wordpress\\\/2019\\\/04\\\/05\\\/grossir-le-ciel-franck-bouysse-editions-la-manufacture-des-livres\\\/#primaryimage\"},\"image\":{\"@id\":\"https:\\\/\\\/surbooke.fr\\\/wordpress\\\/2019\\\/04\\\/05\\\/grossir-le-ciel-franck-bouysse-editions-la-manufacture-des-livres\\\/#primaryimage\"},\"thumbnailUrl\":\"https:\\\/\\\/surbooke.fr\\\/wordpress\\\/wp-content\\\/uploads\\\/2019\\\/04\\\/Grossir-le-ciel.jpg\",\"datePublished\":\"2019-04-05T16:57:23+00:00\",\"dateModified\":\"2022-07-28T17:12:35+00:00\",\"author\":{\"@id\":\"https:\\\/\\\/surbooke.fr\\\/wordpress\\\/#\\\/schema\\\/person\\\/9c6be4d35203c76182c56b0e974807c6\"},\"breadcrumb\":{\"@id\":\"https:\\\/\\\/surbooke.fr\\\/wordpress\\\/2019\\\/04\\\/05\\\/grossir-le-ciel-franck-bouysse-editions-la-manufacture-des-livres\\\/#breadcrumb\"},\"inLanguage\":\"fr-FR\",\"potentialAction\":[{\"@type\":\"ReadAction\",\"target\":[\"https:\\\/\\\/surbooke.fr\\\/wordpress\\\/2019\\\/04\\\/05\\\/grossir-le-ciel-franck-bouysse-editions-la-manufacture-des-livres\\\/\"]}]},{\"@type\":\"ImageObject\",\"inLanguage\":\"fr-FR\",\"@id\":\"https:\\\/\\\/surbooke.fr\\\/wordpress\\\/2019\\\/04\\\/05\\\/grossir-le-ciel-franck-bouysse-editions-la-manufacture-des-livres\\\/#primaryimage\",\"url\":\"https:\\\/\\\/surbooke.fr\\\/wordpress\\\/wp-content\\\/uploads\\\/2019\\\/04\\\/Grossir-le-ciel.jpg\",\"contentUrl\":\"https:\\\/\\\/surbooke.fr\\\/wordpress\\\/wp-content\\\/uploads\\\/2019\\\/04\\\/Grossir-le-ciel.jpg\",\"width\":1200,\"height\":630},{\"@type\":\"BreadcrumbList\",\"@id\":\"https:\\\/\\\/surbooke.fr\\\/wordpress\\\/2019\\\/04\\\/05\\\/grossir-le-ciel-franck-bouysse-editions-la-manufacture-des-livres\\\/#breadcrumb\",\"itemListElement\":[{\"@type\":\"ListItem\",\"position\":1,\"name\":\"Accueil\",\"item\":\"https:\\\/\\\/surbooke.fr\\\/wordpress\\\/\"},{\"@type\":\"ListItem\",\"position\":2,\"name\":\"Grossir le ciel, Franck Bouysse, \u00c9ditions La Manufacture de livres\"}]},{\"@type\":\"WebSite\",\"@id\":\"https:\\\/\\\/surbooke.fr\\\/wordpress\\\/#website\",\"url\":\"https:\\\/\\\/surbooke.fr\\\/wordpress\\\/\",\"name\":\"Surbook\u00e9\",\"description\":\"Le blog de Laurent Bisault\",\"potentialAction\":[{\"@type\":\"SearchAction\",\"target\":{\"@type\":\"EntryPoint\",\"urlTemplate\":\"https:\\\/\\\/surbooke.fr\\\/wordpress\\\/?s={search_term_string}\"},\"query-input\":{\"@type\":\"PropertyValueSpecification\",\"valueRequired\":true,\"valueName\":\"search_term_string\"}}],\"inLanguage\":\"fr-FR\"},{\"@type\":\"Person\",\"@id\":\"https:\\\/\\\/surbooke.fr\\\/wordpress\\\/#\\\/schema\\\/person\\\/9c6be4d35203c76182c56b0e974807c6\",\"name\":\"Laurent Bisault\",\"image\":{\"@type\":\"ImageObject\",\"inLanguage\":\"fr-FR\",\"@id\":\"https:\\\/\\\/secure.gravatar.com\\\/avatar\\\/3bcd2efdfc3a3e416bea3223d3dfcd7f8845e2ca0669671d0c7ed8e84e97bfc4?s=96&d=mm&r=g\",\"url\":\"https:\\\/\\\/secure.gravatar.com\\\/avatar\\\/3bcd2efdfc3a3e416bea3223d3dfcd7f8845e2ca0669671d0c7ed8e84e97bfc4?s=96&d=mm&r=g\",\"contentUrl\":\"https:\\\/\\\/secure.gravatar.com\\\/avatar\\\/3bcd2efdfc3a3e416bea3223d3dfcd7f8845e2ca0669671d0c7ed8e84e97bfc4?s=96&d=mm&r=g\",\"caption\":\"Laurent Bisault\"},\"sameAs\":[\"https:\\\/\\\/surbooke.fr\\\/wordpress\\\/\",\"https:\\\/\\\/x.com\\\/LaurentBisault\"],\"url\":\"https:\\\/\\\/surbooke.fr\\\/wordpress\\\/author\\\/surbooke\\\/\"}]}<\/script>\n<!-- \/ Yoast SEO plugin. -->","yoast_head_json":{"title":"Grossir le ciel, Franck Bouysse, \u00c9ditions La Manufacture de livres - Surbook\u00e9","robots":{"index":"index","follow":"follow","max-snippet":"max-snippet:-1","max-image-preview":"max-image-preview:large","max-video-preview":"max-video-preview:-1"},"canonical":"https:\/\/surbooke.fr\/wordpress\/2019\/04\/05\/grossir-le-ciel-franck-bouysse-editions-la-manufacture-des-livres\/","og_locale":"fr_FR","og_type":"article","og_title":"Grossir le ciel, Franck Bouysse, \u00c9ditions La Manufacture de livres - Surbook\u00e9","og_description":"Un bouquin, noir, tr\u00e8s noir. Implacable. Pas vraiment un policier comme nous le dit l&rsquo;\u00e9diteur. Ou alors un polar rural comme chez Jim Thompson. Franck Bouysse abandonne pour une fois sa Corr\u00e8ze visit\u00e9e dans Plateau (Surbook\u00e9 16). Nous sommes en Loz\u00e8re au-dessus du Pont-de-Monvert. Une terre rude qui ne nourrit pas son homme, le pays [&hellip;]","og_url":"https:\/\/surbooke.fr\/wordpress\/2019\/04\/05\/grossir-le-ciel-franck-bouysse-editions-la-manufacture-des-livres\/","og_site_name":"Surbook\u00e9","article_published_time":"2019-04-05T16:57:23+00:00","article_modified_time":"2022-07-28T17:12:35+00:00","og_image":[{"width":1200,"height":630,"url":"https:\/\/surbooke.fr\/wordpress\/wp-content\/uploads\/2019\/04\/Grossir-le-ciel.jpg","type":"image\/jpeg"}],"author":"Laurent Bisault","twitter_card":"summary_large_image","twitter_creator":"@LaurentBisault","twitter_misc":{"\u00c9crit par":"Laurent Bisault","Dur\u00e9e de lecture estim\u00e9e":"2 minutes"},"schema":{"@context":"https:\/\/schema.org","@graph":[{"@type":"Article","@id":"https:\/\/surbooke.fr\/wordpress\/2019\/04\/05\/grossir-le-ciel-franck-bouysse-editions-la-manufacture-des-livres\/#article","isPartOf":{"@id":"https:\/\/surbooke.fr\/wordpress\/2019\/04\/05\/grossir-le-ciel-franck-bouysse-editions-la-manufacture-des-livres\/"},"author":{"name":"Laurent Bisault","@id":"https:\/\/surbooke.fr\/wordpress\/#\/schema\/person\/9c6be4d35203c76182c56b0e974807c6"},"headline":"Grossir le ciel, Franck Bouysse, \u00c9ditions La Manufacture de livres","datePublished":"2019-04-05T16:57:23+00:00","dateModified":"2022-07-28T17:12:35+00:00","mainEntityOfPage":{"@id":"https:\/\/surbooke.fr\/wordpress\/2019\/04\/05\/grossir-le-ciel-franck-bouysse-editions-la-manufacture-des-livres\/"},"wordCount":371,"commentCount":0,"image":{"@id":"https:\/\/surbooke.fr\/wordpress\/2019\/04\/05\/grossir-le-ciel-franck-bouysse-editions-la-manufacture-des-livres\/#primaryimage"},"thumbnailUrl":"https:\/\/surbooke.fr\/wordpress\/wp-content\/uploads\/2019\/04\/Grossir-le-ciel.jpg","keywords":["La Manufacture de livres"],"articleSection":["roman noir","\ud83e\udd0d"],"inLanguage":"fr-FR","potentialAction":[{"@type":"CommentAction","name":"Comment","target":["https:\/\/surbooke.fr\/wordpress\/2019\/04\/05\/grossir-le-ciel-franck-bouysse-editions-la-manufacture-des-livres\/#respond"]}]},{"@type":"WebPage","@id":"https:\/\/surbooke.fr\/wordpress\/2019\/04\/05\/grossir-le-ciel-franck-bouysse-editions-la-manufacture-des-livres\/","url":"https:\/\/surbooke.fr\/wordpress\/2019\/04\/05\/grossir-le-ciel-franck-bouysse-editions-la-manufacture-des-livres\/","name":"Grossir le ciel, Franck Bouysse, \u00c9ditions La Manufacture de livres - Surbook\u00e9","isPartOf":{"@id":"https:\/\/surbooke.fr\/wordpress\/#website"},"primaryImageOfPage":{"@id":"https:\/\/surbooke.fr\/wordpress\/2019\/04\/05\/grossir-le-ciel-franck-bouysse-editions-la-manufacture-des-livres\/#primaryimage"},"image":{"@id":"https:\/\/surbooke.fr\/wordpress\/2019\/04\/05\/grossir-le-ciel-franck-bouysse-editions-la-manufacture-des-livres\/#primaryimage"},"thumbnailUrl":"https:\/\/surbooke.fr\/wordpress\/wp-content\/uploads\/2019\/04\/Grossir-le-ciel.jpg","datePublished":"2019-04-05T16:57:23+00:00","dateModified":"2022-07-28T17:12:35+00:00","author":{"@id":"https:\/\/surbooke.fr\/wordpress\/#\/schema\/person\/9c6be4d35203c76182c56b0e974807c6"},"breadcrumb":{"@id":"https:\/\/surbooke.fr\/wordpress\/2019\/04\/05\/grossir-le-ciel-franck-bouysse-editions-la-manufacture-des-livres\/#breadcrumb"},"inLanguage":"fr-FR","potentialAction":[{"@type":"ReadAction","target":["https:\/\/surbooke.fr\/wordpress\/2019\/04\/05\/grossir-le-ciel-franck-bouysse-editions-la-manufacture-des-livres\/"]}]},{"@type":"ImageObject","inLanguage":"fr-FR","@id":"https:\/\/surbooke.fr\/wordpress\/2019\/04\/05\/grossir-le-ciel-franck-bouysse-editions-la-manufacture-des-livres\/#primaryimage","url":"https:\/\/surbooke.fr\/wordpress\/wp-content\/uploads\/2019\/04\/Grossir-le-ciel.jpg","contentUrl":"https:\/\/surbooke.fr\/wordpress\/wp-content\/uploads\/2019\/04\/Grossir-le-ciel.jpg","width":1200,"height":630},{"@type":"BreadcrumbList","@id":"https:\/\/surbooke.fr\/wordpress\/2019\/04\/05\/grossir-le-ciel-franck-bouysse-editions-la-manufacture-des-livres\/#breadcrumb","itemListElement":[{"@type":"ListItem","position":1,"name":"Accueil","item":"https:\/\/surbooke.fr\/wordpress\/"},{"@type":"ListItem","position":2,"name":"Grossir le ciel, Franck Bouysse, \u00c9ditions La Manufacture de livres"}]},{"@type":"WebSite","@id":"https:\/\/surbooke.fr\/wordpress\/#website","url":"https:\/\/surbooke.fr\/wordpress\/","name":"Surbook\u00e9","description":"Le blog de Laurent Bisault","potentialAction":[{"@type":"SearchAction","target":{"@type":"EntryPoint","urlTemplate":"https:\/\/surbooke.fr\/wordpress\/?s={search_term_string}"},"query-input":{"@type":"PropertyValueSpecification","valueRequired":true,"valueName":"search_term_string"}}],"inLanguage":"fr-FR"},{"@type":"Person","@id":"https:\/\/surbooke.fr\/wordpress\/#\/schema\/person\/9c6be4d35203c76182c56b0e974807c6","name":"Laurent Bisault","image":{"@type":"ImageObject","inLanguage":"fr-FR","@id":"https:\/\/secure.gravatar.com\/avatar\/3bcd2efdfc3a3e416bea3223d3dfcd7f8845e2ca0669671d0c7ed8e84e97bfc4?s=96&d=mm&r=g","url":"https:\/\/secure.gravatar.com\/avatar\/3bcd2efdfc3a3e416bea3223d3dfcd7f8845e2ca0669671d0c7ed8e84e97bfc4?s=96&d=mm&r=g","contentUrl":"https:\/\/secure.gravatar.com\/avatar\/3bcd2efdfc3a3e416bea3223d3dfcd7f8845e2ca0669671d0c7ed8e84e97bfc4?s=96&d=mm&r=g","caption":"Laurent Bisault"},"sameAs":["https:\/\/surbooke.fr\/wordpress\/","https:\/\/x.com\/LaurentBisault"],"url":"https:\/\/surbooke.fr\/wordpress\/author\/surbooke\/"}]}},"_links":{"self":[{"href":"https:\/\/surbooke.fr\/wordpress\/wp-json\/wp\/v2\/posts\/1233","targetHints":{"allow":["GET"]}}],"collection":[{"href":"https:\/\/surbooke.fr\/wordpress\/wp-json\/wp\/v2\/posts"}],"about":[{"href":"https:\/\/surbooke.fr\/wordpress\/wp-json\/wp\/v2\/types\/post"}],"author":[{"embeddable":true,"href":"https:\/\/surbooke.fr\/wordpress\/wp-json\/wp\/v2\/users\/8"}],"replies":[{"embeddable":true,"href":"https:\/\/surbooke.fr\/wordpress\/wp-json\/wp\/v2\/comments?post=1233"}],"version-history":[{"count":0,"href":"https:\/\/surbooke.fr\/wordpress\/wp-json\/wp\/v2\/posts\/1233\/revisions"}],"wp:featuredmedia":[{"embeddable":true,"href":"https:\/\/surbooke.fr\/wordpress\/wp-json\/wp\/v2\/media\/19095"}],"wp:attachment":[{"href":"https:\/\/surbooke.fr\/wordpress\/wp-json\/wp\/v2\/media?parent=1233"}],"wp:term":[{"taxonomy":"category","embeddable":true,"href":"https:\/\/surbooke.fr\/wordpress\/wp-json\/wp\/v2\/categories?post=1233"},{"taxonomy":"post_tag","embeddable":true,"href":"https:\/\/surbooke.fr\/wordpress\/wp-json\/wp\/v2\/tags?post=1233"}],"curies":[{"name":"wp","href":"https:\/\/api.w.org\/{rel}","templated":true}]}}