{"id":12584,"date":"2021-11-22T06:44:15","date_gmt":"2021-11-22T05:44:15","guid":{"rendered":"https:\/\/surbooke.fr\/wordpress\/?p=12584"},"modified":"2022-07-06T21:31:37","modified_gmt":"2022-07-06T19:31:37","slug":"letat-contre-les-juifs-laurent-joly-editions-grasset","status":"publish","type":"post","link":"https:\/\/surbooke.fr\/wordpress\/2021\/11\/22\/letat-contre-les-juifs-laurent-joly-editions-grasset\/","title":{"rendered":"L&rsquo;\u00c9tat contre les juifs, Laurent Joly, \u00c9ditions Grasset"},"content":{"rendered":"\n<p><strong>\u00c9ric<\/strong> <strong>Zemmour<\/strong> <strong>peut-il<\/strong> <strong>affirmer<\/strong> :  \u00ab <em>que Vichy a prot\u00e9g\u00e9 les Juifs fran\u00e7ais et donn\u00e9 les Juifs \u00e9trangers<\/em> \u00bb ? Pour tenter de r\u00e9pondre \u00e0 cette question on va s&rsquo;appuyer sur les travaux de l&rsquo;historien Laurent Joly et notamment son livre <em>L&rsquo;\u00c9tat contre les Juifs<\/em>. On rappelle pr\u00e9alablement que nul historien ne peut pr\u00e9tendre d\u00e9tenir la v\u00e9rit\u00e9. Mais pour remettre en cause ses travaux, encore faut-il faire soi-m\u00eame \u0153uvre d&rsquo;historien. C&rsquo;est-\u00e0-dire amener des documents et des t\u00e9moignages qui appuient une th\u00e8se. Ce qui est infiniment plus compliqu\u00e9 que de s&rsquo;agiter dans les m\u00e9dias.  Laurent Joly r\u00e9sume le but de son livre dans son introduction : \u00ab <em>Pourquoi, d\u00e8s l\u2019\u00e9t\u00e9 1940, le r\u00e9gime du mar\u00e9chal P\u00e9tain&nbsp;a-t-il impuls\u00e9 une politique antis\u00e9mite&nbsp;? Pourquoi, deux ans plus tard, a-t-il accept\u00e9 de contribuer aux d\u00e9portations massives d\u00e9cid\u00e9es par les nazis&nbsp;? \u00c9tait-ce pour prot\u00e9ger les Juifs fran\u00e7ais, quitte \u00e0 <\/em>\u201c<em>&nbsp;sacrifier&nbsp;<\/em>\u201d<em> les \u00e9trangers&nbsp;? Quel \u00e9tait le poids de la pression allemande&nbsp;? Quel sens donner au bilan du g\u00e9nocide en France (74&nbsp;150 d\u00e9port\u00e9s, plus de 200&nbsp;000 non-d\u00e9port\u00e9s)&nbsp;? Que savait-on de l\u2019extermination des Juifs \u00e0 l\u2019Est&nbsp;? Dans quelle mesure l\u2019administration a-t-elle collabor\u00e9&nbsp;? Que s\u2019est-il pass\u00e9 \u00e0 la Lib\u00e9ration&nbsp;?<\/em> \u00bb. En se limitant \u00e0 la question d&rsquo;une \u00e9ventuelle d\u00e9fense des Juifs fran\u00e7ais par Vichy, on va voir que la th\u00e8se de Zemmour ne tient pas. Que le r\u00e9gime de Vichy a effectu\u00e9 le sale boulot au profit des nazis. Et que la proportion de Juifs fran\u00e7ais dans les convois pour Auschwitz n&rsquo;a cess\u00e9 de progresser au cours la guerre, jusqu&rsquo;\u00e0 repr\u00e9senter la moiti\u00e9 des d\u00e9port\u00e9s.<\/p>\n\n\n\n<blockquote class=\"wp-block-quote has-text-align-center is-style-large is-layout-flow wp-block-quote-is-layout-flow\"><p>Les autorit\u00e9s allemandes demandent \u00e0 la Pr\u00e9fecture de police de recenser les Juifs<\/p><\/blockquote>\n\n\n\n<p>En 1939 se multiplient les appels \u00e0 la cr\u00e9ation d&rsquo;un statut des Juifs. Cela s&rsquo;est d\u00e9j\u00e0 fait en Allemagne avec les lois de Nuremberg de 1936, mais aussi dans l&rsquo;Italie fasciste, en Pologne et en Roumanie. En France l&rsquo;\u00e9galit\u00e9 de droits a \u00e9t\u00e9 attribu\u00e9e aux Juifs par la R\u00e9volution fran\u00e7aise en 1791. La remise en cause de cet acquis provient de l&rsquo;extr\u00eame droite, d&rsquo;\u00e9crivains comme C\u00e9line, de politiques tel Darquier de Pellepoix. D\u00e8s juillet 1940 le r\u00e9gime de Vichy met en place des restrictions qui portent sur l&rsquo;acc\u00e8s \u00e0 la fonction publique, puis sur les m\u00e9tiers de m\u00e9decin et d&rsquo;avocat r\u00e9serv\u00e9s d\u00e9sormais \u00ab <em>aux seuls fils de Fran\u00e7ais<\/em> \u00bb. Elles visent clairement les Juifs naturalis\u00e9s qui auraient envahi ces emplois. En octobre 1940 le statut des Juifs est publi\u00e9 au <em>Journal<\/em> <em>officiel<\/em> : on leur interdit les postes d&rsquo;officier, de magistrat, de diplomate, de professeur et de policier. On les exclut aussi du monde de la culture. Les autorit\u00e9s allemandes demandent \u00e0 la Pr\u00e9fecture de police de Paris (PP), qui obtemp\u00e8re, d&rsquo;organiser le recensement des Juifs. La PP comptabilise 150 000 Juifs \u00e0 Paris et 30 000 en province dans la seule zone occup\u00e9e. Elle distingue aussi les Juifs fran\u00e7ais des Juifs \u00e9trangers. Le recensement se poursuit en zone libre o\u00f9 le Commissariat g\u00e9n\u00e9ral aux questions juives (CGQJ) d\u00e9nombre 110 000 Juifs. On commence \u00e0 les envoyer dans des camps comme \u00e0 Gurs (Pyr\u00e9n\u00e9es-Orientales) o\u00f9 beaucoup d\u00e9c\u00e8dent ainsi qu&rsquo;\u00e0 Pithiviers (Loiret). C&rsquo;est ce que raconte Anne Berest dans <strong><em><a rel=\"noreferrer noopener\" aria-label=\"La carte postale (s\u2019ouvre dans un nouvel onglet)\" href=\"https:\/\/surbooke.fr\/wordpress\/?p=11290\" target=\"_blank\">La carte postale<\/a><\/em><\/strong>. Le 14 mai 1941 une premi\u00e8re rafle est organis\u00e9e \u00e0 Paris contre les Juifs apatrides. Une autre suivra en ao\u00fbt men\u00e9e par la PP sur ordre des Allemands qui demandent en plus un recensement compl\u00e9mentaire des Juifs. Par la loi de juillet 1941, Vichy organise la spoliation des biens des Juifs, fran\u00e7ais comme \u00e9trangers. En juin 1942 le port de l&rsquo;\u00e9toile jaune est impos\u00e9 en zone occup\u00e9e aux Juifs \u00e2g\u00e9s de plus de cinq ans. Elles sont distribu\u00e9es dans les commissariats. C&rsquo;est \u00e0 ce moment que les premiers trains partent pour Auschwitz.<\/p>\n\n\n\n<blockquote class=\"wp-block-quote has-text-align-center is-style-large is-layout-flow wp-block-quote-is-layout-flow\"><p>Aucun Allemand n&rsquo;a particip\u00e9 \u00e0 la rafle<\/p><\/blockquote>\n\n\n\n<p>Le 16 juillet 1942 au matin d\u00e9bute la rafle du Vel d&rsquo;Hiv avec \u00e0 la clef l&rsquo;arrestation de 3 000 hommes, 5 800 femmes et de 4 000 enfants. Les adultes sont \u00e9trangers ou apatrides, mais de nombreux enfants sont fran\u00e7ais car n\u00e9s en France. Les Allemands ne les avaient pas demand\u00e9s mais Laval les a impos\u00e9s. Officiellement par souci d&rsquo;humanit\u00e9. En r\u00e9alit\u00e9 par crainte d&rsquo;une r\u00e9action de l&rsquo;opinion publique. En province on rafle des Juifs fran\u00e7ais faute de trouver assez d&rsquo;apatrides pour atteindre les quotas allemands. \u00c0 Paris les 3 000 hommes et 5 800 femmes ne repr\u00e9sentent pas un tiers des demandes des nazis. Les raisons en sont multiples. L&rsquo;information avait fuit\u00e9, notamment du fait des organisations de la R\u00e9sistance, ce qui a permis \u00e0 certains de se mettre \u00e0 l&rsquo;abri. Mais l&rsquo;application des r\u00e8gles par les policiers a \u00e9t\u00e9 variable, souvent inhumaine, parfois arrangeante pour \u00e9pargner ceux qu&rsquo;ils \u00e9taient venus arr\u00eater. Alors qu&rsquo;aucun Allemand n&rsquo;a particip\u00e9 \u00e0 la rafle, appara\u00eet ainsi l&rsquo;importance de ce que fait l&rsquo;administration fran\u00e7aise. Car sans elle, les Allemands ne sont pas en capacit\u00e9 d&rsquo;op\u00e9rer des rafles massives. Ils le seront de moins en moins avec la multiplication des fronts pendant la guerre.<\/p>\n\n\n\n<blockquote class=\"wp-block-quote has-text-align-center is-style-large is-layout-flow wp-block-quote-is-layout-flow\"><p>Sur l&rsquo;ensemble de l&rsquo;occupation un tiers des 74 000 Juifs d\u00e9port\u00e9s \u00e9taient fran\u00e7ais<\/p><\/blockquote>\n\n\n\n<p>\u00c0 partir de septembre 1942 les autorit\u00e9s allemandes peinent \u00e0 remplir les trains pour Auschwitz, et ils font pression sur Vichy pour qu&rsquo;on leur livre des Juifs fran\u00e7ais. Dans les six mois qui suivent ils vont repr\u00e9senter 25 % des Juifs d\u00e9port\u00e9s. Qui constitue \u00e0 ce moment en France la plus solide opposition \u00e0 la d\u00e9portation des Juifs ? L&rsquo;Italie fasciste qui occupe \u00e0 partir de novembre 1942 le Sud-Est du pays. Cette zone devient un vaste refuge pour les Juifs pers\u00e9cut\u00e9s sur le territoire fran\u00e7ais. En juin 1943, Vichy retire la nationalit\u00e9 fran\u00e7aise aux Juifs naturalis\u00e9s depuis 1927. Rien ne s&rsquo;oppose plus \u00e0 leur livraison aux Allemands. \u00c0 partir de janvier 1944, Vichy accepte de livrer les Juifs fran\u00e7ais de province. \u00c0 Bordeaux, Dijon, Poitiers la police les arr\u00eate. Mais les Allemands ne diligentent  aucune op\u00e9ration \u00e0 Paris de peur d&rsquo;une r\u00e9action de la population. Leur situation militaire s&rsquo;est tellement d\u00e9grad\u00e9e qu&rsquo;il ne faudrait pas aussi que Paris se soul\u00e8ve. Au total de juillet 1943 \u00e0 ao\u00fbt 1944 la moiti\u00e9 des Juifs d\u00e9port\u00e9s sont fran\u00e7ais. Et sur l&rsquo;ensemble de l&rsquo;occupation un tiers des 74 000 Juifs d\u00e9port\u00e9s \u00e9taient fran\u00e7ais. Pierre Dac, la voix de la France libre \u00e0 Londres pendant la guerre, et humoriste juif, a un jour dit : \u00ab <em>Quand un Fran\u00e7ais est con, on dit : <\/em>\u201c<em> <\/em>Quel sale con ! \u201d<em> &#8211; Quand un Juif est con, on dit : <\/em>\u201c<em> <\/em>Quel sale Juif ! \u201d<em>. &#8211; Je revendique pour les Juifs, le droit d&rsquo;\u00eatre cons. <\/em> \u00bb. Il est sans doute venu le temps de dire que Zemmour est un sale con.<\/p>\n\n\n\n<p>\u00ab\u00a0<\/p>\n\n\n\n<p><strong>Les propos d&rsquo;\u00c9ric Zemmour jug\u00e9s par Laurent Joly<\/strong><\/p>\n\n\n\n<figure class=\"wp-block-embed is-type-video is-provider-youtube wp-block-embed-youtube wp-embed-aspect-16-9 wp-has-aspect-ratio\"><div class=\"wp-block-embed__wrapper\">\n<iframe loading=\"lazy\" title=\"Les th\u00e8ses d\u2019\u00c9ric Zemmour et Vichy : le regard de l\u2019historien Laurent Joly\" width=\"640\" height=\"360\" src=\"https:\/\/www.youtube.com\/embed\/0eBfmz79Ciw?feature=oembed\" frameborder=\"0\" allow=\"accelerometer; autoplay; clipboard-write; encrypted-media; gyroscope; picture-in-picture; web-share\" referrerpolicy=\"strict-origin-when-cross-origin\" allowfullscreen><\/iframe>\n<\/div><\/figure>\n\n\n\n<p><strong>Interview de Robert Paxton donn\u00e9 au <em>Monde<\/em><\/strong><\/p>\n\n\n\n<figure class=\"wp-block-embed is-type-video is-provider-dailymotion\"><div class=\"wp-block-embed__wrapper\">\n<iframe loading=\"lazy\" title=\"Vichy, P\u00e9tain et les juifs : l\u2019historien Robert Paxton r\u00e9pond \u00e0 Eric Zemmour\" frameborder=\"0\" width=\"640\" height=\"359\" src=\"https:\/\/geo.dailymotion.com\/player.html?video=x860ac5&#038;\" allowfullscreen allow=\"autoplay; fullscreen; picture-in-picture; web-share\"><\/iframe>\n<\/div><\/figure>\n","protected":false},"excerpt":{"rendered":"<p>\u00c9ric Zemmour peut-il affirmer : \u00ab que Vichy a prot\u00e9g\u00e9 les Juifs fran\u00e7ais et donn\u00e9 les Juifs \u00e9trangers \u00bb ? Pour tenter de r\u00e9pondre \u00e0 cette question on va s&rsquo;appuyer sur les travaux de l&rsquo;historien Laurent Joly et notamment son livre L&rsquo;\u00c9tat contre les Juifs. On rappelle pr\u00e9alablement que nul historien ne peut pr\u00e9tendre d\u00e9tenir [&hellip;]<\/p>\n","protected":false},"author":8,"featured_media":18406,"comment_status":"open","ping_status":"open","sticky":false,"template":"","format":"standard","meta":{"footnotes":""},"categories":[26,3],"tags":[],"class_list":["post-12584","post","type-post","status-publish","format-standard","has-post-thumbnail","hentry","category-histoire","category-coup-de-coeur"],"yoast_head":"<!-- This site is optimized with the Yoast SEO plugin v27.5 - https:\/\/yoast.com\/product\/yoast-seo-wordpress\/ -->\n<title>L&#039;\u00c9tat contre les juifs, Laurent Joly, \u00c9ditions Grasset - Surbook\u00e9<\/title>\n<meta name=\"robots\" content=\"index, follow, max-snippet:-1, max-image-preview:large, max-video-preview:-1\" \/>\n<link rel=\"canonical\" href=\"https:\/\/surbooke.fr\/wordpress\/2021\/11\/22\/letat-contre-les-juifs-laurent-joly-editions-grasset\/\" \/>\n<meta property=\"og:locale\" content=\"fr_FR\" \/>\n<meta property=\"og:type\" content=\"article\" \/>\n<meta property=\"og:title\" content=\"L&#039;\u00c9tat contre les juifs, Laurent Joly, \u00c9ditions Grasset - Surbook\u00e9\" \/>\n<meta property=\"og:description\" content=\"\u00c9ric Zemmour peut-il affirmer : \u00ab que Vichy a prot\u00e9g\u00e9 les Juifs fran\u00e7ais et donn\u00e9 les Juifs \u00e9trangers \u00bb ? Pour tenter de r\u00e9pondre \u00e0 cette question on va s&rsquo;appuyer sur les travaux de l&rsquo;historien Laurent Joly et notamment son livre L&rsquo;\u00c9tat contre les Juifs. On rappelle pr\u00e9alablement que nul historien ne peut pr\u00e9tendre d\u00e9tenir [&hellip;]\" \/>\n<meta property=\"og:url\" content=\"https:\/\/surbooke.fr\/wordpress\/2021\/11\/22\/letat-contre-les-juifs-laurent-joly-editions-grasset\/\" \/>\n<meta property=\"og:site_name\" content=\"Surbook\u00e9\" \/>\n<meta property=\"article:published_time\" content=\"2021-11-22T05:44:15+00:00\" \/>\n<meta property=\"article:modified_time\" content=\"2022-07-06T19:31:37+00:00\" \/>\n<meta property=\"og:image\" content=\"https:\/\/surbooke.fr\/wordpress\/wp-content\/uploads\/2021\/11\/LEtat-contre-les-Juifs.jpg\" \/>\n\t<meta property=\"og:image:width\" content=\"277\" \/>\n\t<meta property=\"og:image:height\" content=\"456\" \/>\n\t<meta property=\"og:image:type\" content=\"image\/jpeg\" \/>\n<meta name=\"author\" content=\"Laurent Bisault\" \/>\n<meta name=\"twitter:card\" content=\"summary_large_image\" \/>\n<meta name=\"twitter:creator\" content=\"@LaurentBisault\" \/>\n<meta name=\"twitter:label1\" content=\"\u00c9crit par\" \/>\n\t<meta name=\"twitter:data1\" content=\"Laurent Bisault\" \/>\n\t<meta name=\"twitter:label2\" content=\"Dur\u00e9e de lecture estim\u00e9e\" \/>\n\t<meta name=\"twitter:data2\" content=\"6 minutes\" \/>\n<script type=\"application\/ld+json\" class=\"yoast-schema-graph\">{\"@context\":\"https:\\\/\\\/schema.org\",\"@graph\":[{\"@type\":\"Article\",\"@id\":\"https:\\\/\\\/surbooke.fr\\\/wordpress\\\/2021\\\/11\\\/22\\\/letat-contre-les-juifs-laurent-joly-editions-grasset\\\/#article\",\"isPartOf\":{\"@id\":\"https:\\\/\\\/surbooke.fr\\\/wordpress\\\/2021\\\/11\\\/22\\\/letat-contre-les-juifs-laurent-joly-editions-grasset\\\/\"},\"author\":{\"name\":\"Laurent Bisault\",\"@id\":\"https:\\\/\\\/surbooke.fr\\\/wordpress\\\/#\\\/schema\\\/person\\\/9c6be4d35203c76182c56b0e974807c6\"},\"headline\":\"L&rsquo;\u00c9tat contre les juifs, Laurent Joly, \u00c9ditions Grasset\",\"datePublished\":\"2021-11-22T05:44:15+00:00\",\"dateModified\":\"2022-07-06T19:31:37+00:00\",\"mainEntityOfPage\":{\"@id\":\"https:\\\/\\\/surbooke.fr\\\/wordpress\\\/2021\\\/11\\\/22\\\/letat-contre-les-juifs-laurent-joly-editions-grasset\\\/\"},\"wordCount\":1226,\"commentCount\":1,\"image\":{\"@id\":\"https:\\\/\\\/surbooke.fr\\\/wordpress\\\/2021\\\/11\\\/22\\\/letat-contre-les-juifs-laurent-joly-editions-grasset\\\/#primaryimage\"},\"thumbnailUrl\":\"https:\\\/\\\/surbooke.fr\\\/wordpress\\\/wp-content\\\/uploads\\\/2021\\\/11\\\/LEtat-contre-les-Juifs.jpg\",\"articleSection\":[\"histoire\",\"\ud83e\udd0d\"],\"inLanguage\":\"fr-FR\",\"potentialAction\":[{\"@type\":\"CommentAction\",\"name\":\"Comment\",\"target\":[\"https:\\\/\\\/surbooke.fr\\\/wordpress\\\/2021\\\/11\\\/22\\\/letat-contre-les-juifs-laurent-joly-editions-grasset\\\/#respond\"]}]},{\"@type\":\"WebPage\",\"@id\":\"https:\\\/\\\/surbooke.fr\\\/wordpress\\\/2021\\\/11\\\/22\\\/letat-contre-les-juifs-laurent-joly-editions-grasset\\\/\",\"url\":\"https:\\\/\\\/surbooke.fr\\\/wordpress\\\/2021\\\/11\\\/22\\\/letat-contre-les-juifs-laurent-joly-editions-grasset\\\/\",\"name\":\"L'\u00c9tat contre les juifs, Laurent Joly, \u00c9ditions Grasset - Surbook\u00e9\",\"isPartOf\":{\"@id\":\"https:\\\/\\\/surbooke.fr\\\/wordpress\\\/#website\"},\"primaryImageOfPage\":{\"@id\":\"https:\\\/\\\/surbooke.fr\\\/wordpress\\\/2021\\\/11\\\/22\\\/letat-contre-les-juifs-laurent-joly-editions-grasset\\\/#primaryimage\"},\"image\":{\"@id\":\"https:\\\/\\\/surbooke.fr\\\/wordpress\\\/2021\\\/11\\\/22\\\/letat-contre-les-juifs-laurent-joly-editions-grasset\\\/#primaryimage\"},\"thumbnailUrl\":\"https:\\\/\\\/surbooke.fr\\\/wordpress\\\/wp-content\\\/uploads\\\/2021\\\/11\\\/LEtat-contre-les-Juifs.jpg\",\"datePublished\":\"2021-11-22T05:44:15+00:00\",\"dateModified\":\"2022-07-06T19:31:37+00:00\",\"author\":{\"@id\":\"https:\\\/\\\/surbooke.fr\\\/wordpress\\\/#\\\/schema\\\/person\\\/9c6be4d35203c76182c56b0e974807c6\"},\"breadcrumb\":{\"@id\":\"https:\\\/\\\/surbooke.fr\\\/wordpress\\\/2021\\\/11\\\/22\\\/letat-contre-les-juifs-laurent-joly-editions-grasset\\\/#breadcrumb\"},\"inLanguage\":\"fr-FR\",\"potentialAction\":[{\"@type\":\"ReadAction\",\"target\":[\"https:\\\/\\\/surbooke.fr\\\/wordpress\\\/2021\\\/11\\\/22\\\/letat-contre-les-juifs-laurent-joly-editions-grasset\\\/\"]}]},{\"@type\":\"ImageObject\",\"inLanguage\":\"fr-FR\",\"@id\":\"https:\\\/\\\/surbooke.fr\\\/wordpress\\\/2021\\\/11\\\/22\\\/letat-contre-les-juifs-laurent-joly-editions-grasset\\\/#primaryimage\",\"url\":\"https:\\\/\\\/surbooke.fr\\\/wordpress\\\/wp-content\\\/uploads\\\/2021\\\/11\\\/LEtat-contre-les-Juifs.jpg\",\"contentUrl\":\"https:\\\/\\\/surbooke.fr\\\/wordpress\\\/wp-content\\\/uploads\\\/2021\\\/11\\\/LEtat-contre-les-Juifs.jpg\",\"width\":277,\"height\":456},{\"@type\":\"BreadcrumbList\",\"@id\":\"https:\\\/\\\/surbooke.fr\\\/wordpress\\\/2021\\\/11\\\/22\\\/letat-contre-les-juifs-laurent-joly-editions-grasset\\\/#breadcrumb\",\"itemListElement\":[{\"@type\":\"ListItem\",\"position\":1,\"name\":\"Accueil\",\"item\":\"https:\\\/\\\/surbooke.fr\\\/wordpress\\\/\"},{\"@type\":\"ListItem\",\"position\":2,\"name\":\"L&#8217;\u00c9tat contre les juifs, Laurent Joly, \u00c9ditions Grasset\"}]},{\"@type\":\"WebSite\",\"@id\":\"https:\\\/\\\/surbooke.fr\\\/wordpress\\\/#website\",\"url\":\"https:\\\/\\\/surbooke.fr\\\/wordpress\\\/\",\"name\":\"Surbook\u00e9\",\"description\":\"Le blog de Laurent Bisault\",\"potentialAction\":[{\"@type\":\"SearchAction\",\"target\":{\"@type\":\"EntryPoint\",\"urlTemplate\":\"https:\\\/\\\/surbooke.fr\\\/wordpress\\\/?s={search_term_string}\"},\"query-input\":{\"@type\":\"PropertyValueSpecification\",\"valueRequired\":true,\"valueName\":\"search_term_string\"}}],\"inLanguage\":\"fr-FR\"},{\"@type\":\"Person\",\"@id\":\"https:\\\/\\\/surbooke.fr\\\/wordpress\\\/#\\\/schema\\\/person\\\/9c6be4d35203c76182c56b0e974807c6\",\"name\":\"Laurent Bisault\",\"image\":{\"@type\":\"ImageObject\",\"inLanguage\":\"fr-FR\",\"@id\":\"https:\\\/\\\/secure.gravatar.com\\\/avatar\\\/3bcd2efdfc3a3e416bea3223d3dfcd7f8845e2ca0669671d0c7ed8e84e97bfc4?s=96&d=mm&r=g\",\"url\":\"https:\\\/\\\/secure.gravatar.com\\\/avatar\\\/3bcd2efdfc3a3e416bea3223d3dfcd7f8845e2ca0669671d0c7ed8e84e97bfc4?s=96&d=mm&r=g\",\"contentUrl\":\"https:\\\/\\\/secure.gravatar.com\\\/avatar\\\/3bcd2efdfc3a3e416bea3223d3dfcd7f8845e2ca0669671d0c7ed8e84e97bfc4?s=96&d=mm&r=g\",\"caption\":\"Laurent Bisault\"},\"sameAs\":[\"https:\\\/\\\/surbooke.fr\\\/wordpress\\\/\",\"https:\\\/\\\/x.com\\\/LaurentBisault\"],\"url\":\"https:\\\/\\\/surbooke.fr\\\/wordpress\\\/author\\\/surbooke\\\/\"}]}<\/script>\n<!-- \/ Yoast SEO plugin. -->","yoast_head_json":{"title":"L'\u00c9tat contre les juifs, Laurent Joly, \u00c9ditions Grasset - Surbook\u00e9","robots":{"index":"index","follow":"follow","max-snippet":"max-snippet:-1","max-image-preview":"max-image-preview:large","max-video-preview":"max-video-preview:-1"},"canonical":"https:\/\/surbooke.fr\/wordpress\/2021\/11\/22\/letat-contre-les-juifs-laurent-joly-editions-grasset\/","og_locale":"fr_FR","og_type":"article","og_title":"L'\u00c9tat contre les juifs, Laurent Joly, \u00c9ditions Grasset - Surbook\u00e9","og_description":"\u00c9ric Zemmour peut-il affirmer : \u00ab que Vichy a prot\u00e9g\u00e9 les Juifs fran\u00e7ais et donn\u00e9 les Juifs \u00e9trangers \u00bb ? Pour tenter de r\u00e9pondre \u00e0 cette question on va s&rsquo;appuyer sur les travaux de l&rsquo;historien Laurent Joly et notamment son livre L&rsquo;\u00c9tat contre les Juifs. On rappelle pr\u00e9alablement que nul historien ne peut pr\u00e9tendre d\u00e9tenir [&hellip;]","og_url":"https:\/\/surbooke.fr\/wordpress\/2021\/11\/22\/letat-contre-les-juifs-laurent-joly-editions-grasset\/","og_site_name":"Surbook\u00e9","article_published_time":"2021-11-22T05:44:15+00:00","article_modified_time":"2022-07-06T19:31:37+00:00","og_image":[{"width":277,"height":456,"url":"https:\/\/surbooke.fr\/wordpress\/wp-content\/uploads\/2021\/11\/LEtat-contre-les-Juifs.jpg","type":"image\/jpeg"}],"author":"Laurent Bisault","twitter_card":"summary_large_image","twitter_creator":"@LaurentBisault","twitter_misc":{"\u00c9crit par":"Laurent Bisault","Dur\u00e9e de lecture estim\u00e9e":"6 minutes"},"schema":{"@context":"https:\/\/schema.org","@graph":[{"@type":"Article","@id":"https:\/\/surbooke.fr\/wordpress\/2021\/11\/22\/letat-contre-les-juifs-laurent-joly-editions-grasset\/#article","isPartOf":{"@id":"https:\/\/surbooke.fr\/wordpress\/2021\/11\/22\/letat-contre-les-juifs-laurent-joly-editions-grasset\/"},"author":{"name":"Laurent Bisault","@id":"https:\/\/surbooke.fr\/wordpress\/#\/schema\/person\/9c6be4d35203c76182c56b0e974807c6"},"headline":"L&rsquo;\u00c9tat contre les juifs, Laurent Joly, \u00c9ditions Grasset","datePublished":"2021-11-22T05:44:15+00:00","dateModified":"2022-07-06T19:31:37+00:00","mainEntityOfPage":{"@id":"https:\/\/surbooke.fr\/wordpress\/2021\/11\/22\/letat-contre-les-juifs-laurent-joly-editions-grasset\/"},"wordCount":1226,"commentCount":1,"image":{"@id":"https:\/\/surbooke.fr\/wordpress\/2021\/11\/22\/letat-contre-les-juifs-laurent-joly-editions-grasset\/#primaryimage"},"thumbnailUrl":"https:\/\/surbooke.fr\/wordpress\/wp-content\/uploads\/2021\/11\/LEtat-contre-les-Juifs.jpg","articleSection":["histoire","\ud83e\udd0d"],"inLanguage":"fr-FR","potentialAction":[{"@type":"CommentAction","name":"Comment","target":["https:\/\/surbooke.fr\/wordpress\/2021\/11\/22\/letat-contre-les-juifs-laurent-joly-editions-grasset\/#respond"]}]},{"@type":"WebPage","@id":"https:\/\/surbooke.fr\/wordpress\/2021\/11\/22\/letat-contre-les-juifs-laurent-joly-editions-grasset\/","url":"https:\/\/surbooke.fr\/wordpress\/2021\/11\/22\/letat-contre-les-juifs-laurent-joly-editions-grasset\/","name":"L'\u00c9tat contre les juifs, Laurent Joly, \u00c9ditions Grasset - Surbook\u00e9","isPartOf":{"@id":"https:\/\/surbooke.fr\/wordpress\/#website"},"primaryImageOfPage":{"@id":"https:\/\/surbooke.fr\/wordpress\/2021\/11\/22\/letat-contre-les-juifs-laurent-joly-editions-grasset\/#primaryimage"},"image":{"@id":"https:\/\/surbooke.fr\/wordpress\/2021\/11\/22\/letat-contre-les-juifs-laurent-joly-editions-grasset\/#primaryimage"},"thumbnailUrl":"https:\/\/surbooke.fr\/wordpress\/wp-content\/uploads\/2021\/11\/LEtat-contre-les-Juifs.jpg","datePublished":"2021-11-22T05:44:15+00:00","dateModified":"2022-07-06T19:31:37+00:00","author":{"@id":"https:\/\/surbooke.fr\/wordpress\/#\/schema\/person\/9c6be4d35203c76182c56b0e974807c6"},"breadcrumb":{"@id":"https:\/\/surbooke.fr\/wordpress\/2021\/11\/22\/letat-contre-les-juifs-laurent-joly-editions-grasset\/#breadcrumb"},"inLanguage":"fr-FR","potentialAction":[{"@type":"ReadAction","target":["https:\/\/surbooke.fr\/wordpress\/2021\/11\/22\/letat-contre-les-juifs-laurent-joly-editions-grasset\/"]}]},{"@type":"ImageObject","inLanguage":"fr-FR","@id":"https:\/\/surbooke.fr\/wordpress\/2021\/11\/22\/letat-contre-les-juifs-laurent-joly-editions-grasset\/#primaryimage","url":"https:\/\/surbooke.fr\/wordpress\/wp-content\/uploads\/2021\/11\/LEtat-contre-les-Juifs.jpg","contentUrl":"https:\/\/surbooke.fr\/wordpress\/wp-content\/uploads\/2021\/11\/LEtat-contre-les-Juifs.jpg","width":277,"height":456},{"@type":"BreadcrumbList","@id":"https:\/\/surbooke.fr\/wordpress\/2021\/11\/22\/letat-contre-les-juifs-laurent-joly-editions-grasset\/#breadcrumb","itemListElement":[{"@type":"ListItem","position":1,"name":"Accueil","item":"https:\/\/surbooke.fr\/wordpress\/"},{"@type":"ListItem","position":2,"name":"L&#8217;\u00c9tat contre les juifs, Laurent Joly, \u00c9ditions Grasset"}]},{"@type":"WebSite","@id":"https:\/\/surbooke.fr\/wordpress\/#website","url":"https:\/\/surbooke.fr\/wordpress\/","name":"Surbook\u00e9","description":"Le blog de Laurent Bisault","potentialAction":[{"@type":"SearchAction","target":{"@type":"EntryPoint","urlTemplate":"https:\/\/surbooke.fr\/wordpress\/?s={search_term_string}"},"query-input":{"@type":"PropertyValueSpecification","valueRequired":true,"valueName":"search_term_string"}}],"inLanguage":"fr-FR"},{"@type":"Person","@id":"https:\/\/surbooke.fr\/wordpress\/#\/schema\/person\/9c6be4d35203c76182c56b0e974807c6","name":"Laurent Bisault","image":{"@type":"ImageObject","inLanguage":"fr-FR","@id":"https:\/\/secure.gravatar.com\/avatar\/3bcd2efdfc3a3e416bea3223d3dfcd7f8845e2ca0669671d0c7ed8e84e97bfc4?s=96&d=mm&r=g","url":"https:\/\/secure.gravatar.com\/avatar\/3bcd2efdfc3a3e416bea3223d3dfcd7f8845e2ca0669671d0c7ed8e84e97bfc4?s=96&d=mm&r=g","contentUrl":"https:\/\/secure.gravatar.com\/avatar\/3bcd2efdfc3a3e416bea3223d3dfcd7f8845e2ca0669671d0c7ed8e84e97bfc4?s=96&d=mm&r=g","caption":"Laurent Bisault"},"sameAs":["https:\/\/surbooke.fr\/wordpress\/","https:\/\/x.com\/LaurentBisault"],"url":"https:\/\/surbooke.fr\/wordpress\/author\/surbooke\/"}]}},"_links":{"self":[{"href":"https:\/\/surbooke.fr\/wordpress\/wp-json\/wp\/v2\/posts\/12584","targetHints":{"allow":["GET"]}}],"collection":[{"href":"https:\/\/surbooke.fr\/wordpress\/wp-json\/wp\/v2\/posts"}],"about":[{"href":"https:\/\/surbooke.fr\/wordpress\/wp-json\/wp\/v2\/types\/post"}],"author":[{"embeddable":true,"href":"https:\/\/surbooke.fr\/wordpress\/wp-json\/wp\/v2\/users\/8"}],"replies":[{"embeddable":true,"href":"https:\/\/surbooke.fr\/wordpress\/wp-json\/wp\/v2\/comments?post=12584"}],"version-history":[{"count":0,"href":"https:\/\/surbooke.fr\/wordpress\/wp-json\/wp\/v2\/posts\/12584\/revisions"}],"wp:featuredmedia":[{"embeddable":true,"href":"https:\/\/surbooke.fr\/wordpress\/wp-json\/wp\/v2\/media\/18406"}],"wp:attachment":[{"href":"https:\/\/surbooke.fr\/wordpress\/wp-json\/wp\/v2\/media?parent=12584"}],"wp:term":[{"taxonomy":"category","embeddable":true,"href":"https:\/\/surbooke.fr\/wordpress\/wp-json\/wp\/v2\/categories?post=12584"},{"taxonomy":"post_tag","embeddable":true,"href":"https:\/\/surbooke.fr\/wordpress\/wp-json\/wp\/v2\/tags?post=12584"}],"curies":[{"name":"wp","href":"https:\/\/api.w.org\/{rel}","templated":true}]}}