{"id":13828,"date":"2022-01-20T07:09:17","date_gmt":"2022-01-20T06:09:17","guid":{"rendered":"https:\/\/surbooke.fr\/wordpress\/?p=13828"},"modified":"2022-07-06T21:23:10","modified_gmt":"2022-07-06T19:23:10","slug":"la-decision-karine-tuil-editions-gallimard","status":"publish","type":"post","link":"https:\/\/surbooke.fr\/wordpress\/2022\/01\/20\/la-decision-karine-tuil-editions-gallimard\/","title":{"rendered":"La d\u00e9cision, Karine Tuil, \u00c9ditions Gallimard"},"content":{"rendered":"\n<p><strong>Ce<\/strong> <strong>roman<\/strong> <strong>est<\/strong> <strong>d\u00e9rangeant, d\u00e9stabilisant<\/strong>, c&rsquo;est pour cela qu&rsquo;il est r\u00e9ussi. Son personnage principal la juge antiterroriste Alma Revel est en charge d&rsquo;une t\u00e2che impossible, prot\u00e9ger la soci\u00e9t\u00e9 tout en respectant les droits des accus\u00e9s. Nous lui demandons de nous \u00e9pargner la barbarie et d&rsquo;envisager une seconde chance pour ceux qui ont tutoy\u00e9 le mal. Comme nous sommes aussi dans un roman, Alma tombe amoureuse de l&rsquo;avocat d&rsquo;un des pr\u00e9venus dont elle s&rsquo;occupe. Abdeljalil Kacem, un jeune homme intercept\u00e9 avec femme et enfant \u00e0 son retour de Syrie. Une situation incompatible avec sa fonction, qu&rsquo;elle cache plus mal que bien. Alors qu&rsquo;elle a sacrifi\u00e9 depuis des ann\u00e9es sa vie priv\u00e9e \u00e0 son m\u00e9tier, doit-elle aussi \u00e9teindre la petite lumi\u00e8re qui vient de s&rsquo;allumer ? Alma Revel est une juge rouge, trop \u00e0 gauche disent certains. Elle a h\u00e9rit\u00e9 sa vision de la justice de son p\u00e8re qui avait choisi de suivre Pierre Goldman, rebelle dans les ann\u00e9es 1968 de la gauche intellectuelle. Cela l&rsquo;avait amen\u00e9 en prison d&rsquo;o\u00f9 il \u00e9tait sorti d\u00e9truit. Alma travaille en bin\u00f4me avec Fran\u00e7ois Vasseur son pendant de droite, r\u00e9cemment arriv\u00e9, dont les attentats de <em>Charlie Hebdo<\/em> ont \u00e9t\u00e9 un des premiers dossiers. \u00c0 quarante-neuf ans Alma est en instance de divorce. M\u00e8re de trois enfants dont l&rsquo;a\u00een\u00e9e est adulte, elle ne partage plus rien avec son mari Ezra Halev. Ni le logement, elle r\u00e9side dans un studio parisien, lui dans une maison de Fontainebleau. Encore moins les sentiments. Ils se sont aim\u00e9s, puis \u00e9loign\u00e9s quand Ezra s&rsquo;est aigri avec l&rsquo;insucc\u00e8s de ses romans, lui qui tr\u00e8s jeune avait obtenu le Goncourt. Il s&rsquo;est depuis r\u00e9fugi\u00e9 dans un juda\u00efsme orthodoxe \u00e0 l&rsquo;image de ses parents qui ne voulaient pas qu&rsquo;il \u00e9pouse une goy.<\/p>\n\n\n\n<blockquote class=\"wp-block-quote has-text-align-center is-style-large is-layout-flow wp-block-quote-is-layout-flow\"><p>C&rsquo;est pour cela qu&rsquo;elle a une protection polici\u00e8re<\/p><\/blockquote>\n\n\n\n<p>Son pr\u00e9d\u00e9cesseur l&rsquo;avait avertie, dans ce m\u00e9tier on est ab\u00eem\u00e9 par la noirceur ambiante. Sur l&rsquo;\u00e9chelle de ses angoisses, le viol et la d\u00e9capitation arrivent juste derri\u00e8re la mort de ses enfants. Ce m\u00e9tier de juge antiterroriste elle le pratique depuis 2009. Elle a eu droit \u00e0 l&rsquo;affaire Mohammed Merah, ensuite ce furent les meurtres de <em>Charlie<\/em>, l&rsquo;assassinat de la polici\u00e8re de Montrouge, la prise d&rsquo;otages de L&rsquo;Hyper Cacher, puis les attentats de novembre. Des messages de menaces elle en re\u00e7oit souvent. \u00ab <em>Vous allez crever en enfe<\/em>r \u00bb, \u00ab <em>La juge, cette pute <\/em>\u00bb, \u00ab<em> Les fr\u00e8res vont buter ta gueule, grosse salope<\/em> \u00bb, \u00ab SALE M\u00c9CR\u00c9ANTE, ON VA TE D\u00c9CAPIT\u00c9 \u00bb. C&rsquo;est pour cela qu&rsquo;elle b\u00e9n\u00e9ficie d&rsquo;une protection polici\u00e8re qui ne la l\u00e2che pas, qui \u00e9radique sa vie priv\u00e9e. Tous les jours les suspects qui d\u00e9filent dans son cabinet l&rsquo;insultent. Les parents qui ont perdu un enfant dans un attentat lui reprochent son indiff\u00e9rence. A-t-elle peur ? Pour elle non, pour ses enfants toujours. Les personnes qu&rsquo;elle interroge ont en commun d&rsquo;\u00eatre issues de l&rsquo;immigration, et plus encore de chercher \u00e0 donner du sens \u00e0 des existences vides. Elle leur sert toujours la main quand ils entrent dans son bureau, m\u00eame quand ils sont accus\u00e9s de crimes abominables. Il s&rsquo;agit d&rsquo;affirmer la primaut\u00e9 de l&rsquo;humanit\u00e9 sur la barbarie. Alma Revel fait face \u00e0 des individus n\u00e9s en France qui hurlent leur haine contre ce pays, refusent les lois de la R\u00e9publique, se r\u00e9clament de la charia. Elle doit se prononcer sur des psychopathes qui ont trouv\u00e9 dans le djihadisme le terreau pour assouvir leur sadisme. Autant dire que les d\u00e9cisions qu&rsquo;elle prend sont lourdes de cons\u00e9quences. Mais Alma aime \u00e0 rappeler que \u00ab <em>Le<\/em> <em>risque<\/em> <em>de<\/em> <em>prendre<\/em> <em>une<\/em> <em>mauvaise<\/em> <em>d\u00e9cision<\/em> <em>n&rsquo;est<\/em> <em>rien<\/em> <em>compar\u00e9<\/em> \u00e0 la <em>terreur<\/em> <em>de<\/em> <em>l&rsquo;ind\u00e9cision<\/em> \u00bb. Aujourd&rsquo;hui Abdeljalil Kacem jure qu&rsquo;il a tourn\u00e9 la page, qu&rsquo;il s&rsquo;est affranchi de l&rsquo;\u00c9tat islamique. Certains experts le d\u00e9crivent toutefois comme manipulateur. Alma Revel prendra-t-elle la bonne d\u00e9cision ?<\/p>\n\n\n\n<p><strong>Qu&rsquo;en<\/strong> <strong>dit<\/strong> <strong><em>Bibliosurf<\/em><\/strong> <strong>?<\/strong><br><a href=\"https:\/\/www.bibliosurf.com\/La-decision.html\">https:\/\/www.bibliosurf.com\/La-decision.html<\/a><\/p>\n","protected":false},"excerpt":{"rendered":"<p>Ce roman est d\u00e9rangeant, d\u00e9stabilisant, c&rsquo;est pour cela qu&rsquo;il est r\u00e9ussi. Son personnage principal la juge antiterroriste Alma Revel est en charge d&rsquo;une t\u00e2che impossible, prot\u00e9ger la soci\u00e9t\u00e9 tout en respectant les droits des accus\u00e9s. Nous lui demandons de nous \u00e9pargner la barbarie et d&rsquo;envisager une seconde chance pour ceux qui ont tutoy\u00e9 le mal. [&hellip;]<\/p>\n","protected":false},"author":8,"featured_media":18393,"comment_status":"open","ping_status":"open","sticky":false,"template":"","format":"standard","meta":{"footnotes":""},"categories":[15],"tags":[27],"class_list":["post-13828","post","type-post","status-publish","format-standard","has-post-thumbnail","hentry","category-roman-francais","tag-gallimard"],"yoast_head":"<!-- This site is optimized with the Yoast SEO plugin v27.5 - https:\/\/yoast.com\/product\/yoast-seo-wordpress\/ -->\n<title>La d\u00e9cision, Karine Tuil, \u00c9ditions Gallimard - Surbook\u00e9<\/title>\n<meta name=\"robots\" content=\"index, follow, max-snippet:-1, max-image-preview:large, max-video-preview:-1\" \/>\n<link rel=\"canonical\" href=\"https:\/\/surbooke.fr\/wordpress\/2022\/01\/20\/la-decision-karine-tuil-editions-gallimard\/\" \/>\n<meta property=\"og:locale\" content=\"fr_FR\" \/>\n<meta property=\"og:type\" content=\"article\" \/>\n<meta property=\"og:title\" content=\"La d\u00e9cision, Karine Tuil, \u00c9ditions Gallimard - Surbook\u00e9\" \/>\n<meta property=\"og:description\" content=\"Ce roman est d\u00e9rangeant, d\u00e9stabilisant, c&rsquo;est pour cela qu&rsquo;il est r\u00e9ussi. Son personnage principal la juge antiterroriste Alma Revel est en charge d&rsquo;une t\u00e2che impossible, prot\u00e9ger la soci\u00e9t\u00e9 tout en respectant les droits des accus\u00e9s. Nous lui demandons de nous \u00e9pargner la barbarie et d&rsquo;envisager une seconde chance pour ceux qui ont tutoy\u00e9 le mal. [&hellip;]\" \/>\n<meta property=\"og:url\" content=\"https:\/\/surbooke.fr\/wordpress\/2022\/01\/20\/la-decision-karine-tuil-editions-gallimard\/\" \/>\n<meta property=\"og:site_name\" content=\"Surbook\u00e9\" \/>\n<meta property=\"article:published_time\" content=\"2022-01-20T06:09:17+00:00\" \/>\n<meta property=\"article:modified_time\" content=\"2022-07-06T19:23:10+00:00\" \/>\n<meta property=\"og:image\" content=\"https:\/\/surbooke.fr\/wordpress\/wp-content\/uploads\/2022\/01\/La-decision.jpeg\" \/>\n\t<meta property=\"og:image:width\" content=\"308\" \/>\n\t<meta property=\"og:image:height\" content=\"418\" \/>\n\t<meta property=\"og:image:type\" content=\"image\/jpeg\" \/>\n<meta name=\"author\" content=\"Laurent Bisault\" \/>\n<meta name=\"twitter:card\" content=\"summary_large_image\" \/>\n<meta name=\"twitter:creator\" content=\"@LaurentBisault\" \/>\n<meta name=\"twitter:label1\" content=\"\u00c9crit par\" \/>\n\t<meta name=\"twitter:data1\" content=\"Laurent Bisault\" \/>\n\t<meta name=\"twitter:label2\" content=\"Dur\u00e9e de lecture estim\u00e9e\" \/>\n\t<meta name=\"twitter:data2\" content=\"4 minutes\" \/>\n<script type=\"application\/ld+json\" class=\"yoast-schema-graph\">{\"@context\":\"https:\\\/\\\/schema.org\",\"@graph\":[{\"@type\":\"Article\",\"@id\":\"https:\\\/\\\/surbooke.fr\\\/wordpress\\\/2022\\\/01\\\/20\\\/la-decision-karine-tuil-editions-gallimard\\\/#article\",\"isPartOf\":{\"@id\":\"https:\\\/\\\/surbooke.fr\\\/wordpress\\\/2022\\\/01\\\/20\\\/la-decision-karine-tuil-editions-gallimard\\\/\"},\"author\":{\"name\":\"Laurent Bisault\",\"@id\":\"https:\\\/\\\/surbooke.fr\\\/wordpress\\\/#\\\/schema\\\/person\\\/9c6be4d35203c76182c56b0e974807c6\"},\"headline\":\"La d\u00e9cision, Karine Tuil, \u00c9ditions Gallimard\",\"datePublished\":\"2022-01-20T06:09:17+00:00\",\"dateModified\":\"2022-07-06T19:23:10+00:00\",\"mainEntityOfPage\":{\"@id\":\"https:\\\/\\\/surbooke.fr\\\/wordpress\\\/2022\\\/01\\\/20\\\/la-decision-karine-tuil-editions-gallimard\\\/\"},\"wordCount\":721,\"commentCount\":0,\"image\":{\"@id\":\"https:\\\/\\\/surbooke.fr\\\/wordpress\\\/2022\\\/01\\\/20\\\/la-decision-karine-tuil-editions-gallimard\\\/#primaryimage\"},\"thumbnailUrl\":\"https:\\\/\\\/surbooke.fr\\\/wordpress\\\/wp-content\\\/uploads\\\/2022\\\/01\\\/La-decision.jpeg\",\"keywords\":[\"Gallimard\"],\"articleSection\":[\"roman fran\u00e7ais \ud83c\uddeb\ud83c\uddf7\"],\"inLanguage\":\"fr-FR\",\"potentialAction\":[{\"@type\":\"CommentAction\",\"name\":\"Comment\",\"target\":[\"https:\\\/\\\/surbooke.fr\\\/wordpress\\\/2022\\\/01\\\/20\\\/la-decision-karine-tuil-editions-gallimard\\\/#respond\"]}]},{\"@type\":\"WebPage\",\"@id\":\"https:\\\/\\\/surbooke.fr\\\/wordpress\\\/2022\\\/01\\\/20\\\/la-decision-karine-tuil-editions-gallimard\\\/\",\"url\":\"https:\\\/\\\/surbooke.fr\\\/wordpress\\\/2022\\\/01\\\/20\\\/la-decision-karine-tuil-editions-gallimard\\\/\",\"name\":\"La d\u00e9cision, Karine Tuil, \u00c9ditions Gallimard - Surbook\u00e9\",\"isPartOf\":{\"@id\":\"https:\\\/\\\/surbooke.fr\\\/wordpress\\\/#website\"},\"primaryImageOfPage\":{\"@id\":\"https:\\\/\\\/surbooke.fr\\\/wordpress\\\/2022\\\/01\\\/20\\\/la-decision-karine-tuil-editions-gallimard\\\/#primaryimage\"},\"image\":{\"@id\":\"https:\\\/\\\/surbooke.fr\\\/wordpress\\\/2022\\\/01\\\/20\\\/la-decision-karine-tuil-editions-gallimard\\\/#primaryimage\"},\"thumbnailUrl\":\"https:\\\/\\\/surbooke.fr\\\/wordpress\\\/wp-content\\\/uploads\\\/2022\\\/01\\\/La-decision.jpeg\",\"datePublished\":\"2022-01-20T06:09:17+00:00\",\"dateModified\":\"2022-07-06T19:23:10+00:00\",\"author\":{\"@id\":\"https:\\\/\\\/surbooke.fr\\\/wordpress\\\/#\\\/schema\\\/person\\\/9c6be4d35203c76182c56b0e974807c6\"},\"breadcrumb\":{\"@id\":\"https:\\\/\\\/surbooke.fr\\\/wordpress\\\/2022\\\/01\\\/20\\\/la-decision-karine-tuil-editions-gallimard\\\/#breadcrumb\"},\"inLanguage\":\"fr-FR\",\"potentialAction\":[{\"@type\":\"ReadAction\",\"target\":[\"https:\\\/\\\/surbooke.fr\\\/wordpress\\\/2022\\\/01\\\/20\\\/la-decision-karine-tuil-editions-gallimard\\\/\"]}]},{\"@type\":\"ImageObject\",\"inLanguage\":\"fr-FR\",\"@id\":\"https:\\\/\\\/surbooke.fr\\\/wordpress\\\/2022\\\/01\\\/20\\\/la-decision-karine-tuil-editions-gallimard\\\/#primaryimage\",\"url\":\"https:\\\/\\\/surbooke.fr\\\/wordpress\\\/wp-content\\\/uploads\\\/2022\\\/01\\\/La-decision.jpeg\",\"contentUrl\":\"https:\\\/\\\/surbooke.fr\\\/wordpress\\\/wp-content\\\/uploads\\\/2022\\\/01\\\/La-decision.jpeg\",\"width\":308,\"height\":418},{\"@type\":\"BreadcrumbList\",\"@id\":\"https:\\\/\\\/surbooke.fr\\\/wordpress\\\/2022\\\/01\\\/20\\\/la-decision-karine-tuil-editions-gallimard\\\/#breadcrumb\",\"itemListElement\":[{\"@type\":\"ListItem\",\"position\":1,\"name\":\"Accueil\",\"item\":\"https:\\\/\\\/surbooke.fr\\\/wordpress\\\/\"},{\"@type\":\"ListItem\",\"position\":2,\"name\":\"La d\u00e9cision, Karine Tuil, \u00c9ditions Gallimard\"}]},{\"@type\":\"WebSite\",\"@id\":\"https:\\\/\\\/surbooke.fr\\\/wordpress\\\/#website\",\"url\":\"https:\\\/\\\/surbooke.fr\\\/wordpress\\\/\",\"name\":\"Surbook\u00e9\",\"description\":\"Le blog de Laurent Bisault\",\"potentialAction\":[{\"@type\":\"SearchAction\",\"target\":{\"@type\":\"EntryPoint\",\"urlTemplate\":\"https:\\\/\\\/surbooke.fr\\\/wordpress\\\/?s={search_term_string}\"},\"query-input\":{\"@type\":\"PropertyValueSpecification\",\"valueRequired\":true,\"valueName\":\"search_term_string\"}}],\"inLanguage\":\"fr-FR\"},{\"@type\":\"Person\",\"@id\":\"https:\\\/\\\/surbooke.fr\\\/wordpress\\\/#\\\/schema\\\/person\\\/9c6be4d35203c76182c56b0e974807c6\",\"name\":\"Laurent Bisault\",\"image\":{\"@type\":\"ImageObject\",\"inLanguage\":\"fr-FR\",\"@id\":\"https:\\\/\\\/secure.gravatar.com\\\/avatar\\\/3bcd2efdfc3a3e416bea3223d3dfcd7f8845e2ca0669671d0c7ed8e84e97bfc4?s=96&d=mm&r=g\",\"url\":\"https:\\\/\\\/secure.gravatar.com\\\/avatar\\\/3bcd2efdfc3a3e416bea3223d3dfcd7f8845e2ca0669671d0c7ed8e84e97bfc4?s=96&d=mm&r=g\",\"contentUrl\":\"https:\\\/\\\/secure.gravatar.com\\\/avatar\\\/3bcd2efdfc3a3e416bea3223d3dfcd7f8845e2ca0669671d0c7ed8e84e97bfc4?s=96&d=mm&r=g\",\"caption\":\"Laurent Bisault\"},\"sameAs\":[\"https:\\\/\\\/surbooke.fr\\\/wordpress\\\/\",\"https:\\\/\\\/x.com\\\/LaurentBisault\"],\"url\":\"https:\\\/\\\/surbooke.fr\\\/wordpress\\\/author\\\/surbooke\\\/\"}]}<\/script>\n<!-- \/ Yoast SEO plugin. -->","yoast_head_json":{"title":"La d\u00e9cision, Karine Tuil, \u00c9ditions Gallimard - Surbook\u00e9","robots":{"index":"index","follow":"follow","max-snippet":"max-snippet:-1","max-image-preview":"max-image-preview:large","max-video-preview":"max-video-preview:-1"},"canonical":"https:\/\/surbooke.fr\/wordpress\/2022\/01\/20\/la-decision-karine-tuil-editions-gallimard\/","og_locale":"fr_FR","og_type":"article","og_title":"La d\u00e9cision, Karine Tuil, \u00c9ditions Gallimard - Surbook\u00e9","og_description":"Ce roman est d\u00e9rangeant, d\u00e9stabilisant, c&rsquo;est pour cela qu&rsquo;il est r\u00e9ussi. Son personnage principal la juge antiterroriste Alma Revel est en charge d&rsquo;une t\u00e2che impossible, prot\u00e9ger la soci\u00e9t\u00e9 tout en respectant les droits des accus\u00e9s. Nous lui demandons de nous \u00e9pargner la barbarie et d&rsquo;envisager une seconde chance pour ceux qui ont tutoy\u00e9 le mal. [&hellip;]","og_url":"https:\/\/surbooke.fr\/wordpress\/2022\/01\/20\/la-decision-karine-tuil-editions-gallimard\/","og_site_name":"Surbook\u00e9","article_published_time":"2022-01-20T06:09:17+00:00","article_modified_time":"2022-07-06T19:23:10+00:00","og_image":[{"width":308,"height":418,"url":"https:\/\/surbooke.fr\/wordpress\/wp-content\/uploads\/2022\/01\/La-decision.jpeg","type":"image\/jpeg"}],"author":"Laurent Bisault","twitter_card":"summary_large_image","twitter_creator":"@LaurentBisault","twitter_misc":{"\u00c9crit par":"Laurent Bisault","Dur\u00e9e de lecture estim\u00e9e":"4 minutes"},"schema":{"@context":"https:\/\/schema.org","@graph":[{"@type":"Article","@id":"https:\/\/surbooke.fr\/wordpress\/2022\/01\/20\/la-decision-karine-tuil-editions-gallimard\/#article","isPartOf":{"@id":"https:\/\/surbooke.fr\/wordpress\/2022\/01\/20\/la-decision-karine-tuil-editions-gallimard\/"},"author":{"name":"Laurent Bisault","@id":"https:\/\/surbooke.fr\/wordpress\/#\/schema\/person\/9c6be4d35203c76182c56b0e974807c6"},"headline":"La d\u00e9cision, Karine Tuil, \u00c9ditions Gallimard","datePublished":"2022-01-20T06:09:17+00:00","dateModified":"2022-07-06T19:23:10+00:00","mainEntityOfPage":{"@id":"https:\/\/surbooke.fr\/wordpress\/2022\/01\/20\/la-decision-karine-tuil-editions-gallimard\/"},"wordCount":721,"commentCount":0,"image":{"@id":"https:\/\/surbooke.fr\/wordpress\/2022\/01\/20\/la-decision-karine-tuil-editions-gallimard\/#primaryimage"},"thumbnailUrl":"https:\/\/surbooke.fr\/wordpress\/wp-content\/uploads\/2022\/01\/La-decision.jpeg","keywords":["Gallimard"],"articleSection":["roman fran\u00e7ais \ud83c\uddeb\ud83c\uddf7"],"inLanguage":"fr-FR","potentialAction":[{"@type":"CommentAction","name":"Comment","target":["https:\/\/surbooke.fr\/wordpress\/2022\/01\/20\/la-decision-karine-tuil-editions-gallimard\/#respond"]}]},{"@type":"WebPage","@id":"https:\/\/surbooke.fr\/wordpress\/2022\/01\/20\/la-decision-karine-tuil-editions-gallimard\/","url":"https:\/\/surbooke.fr\/wordpress\/2022\/01\/20\/la-decision-karine-tuil-editions-gallimard\/","name":"La d\u00e9cision, Karine Tuil, \u00c9ditions Gallimard - Surbook\u00e9","isPartOf":{"@id":"https:\/\/surbooke.fr\/wordpress\/#website"},"primaryImageOfPage":{"@id":"https:\/\/surbooke.fr\/wordpress\/2022\/01\/20\/la-decision-karine-tuil-editions-gallimard\/#primaryimage"},"image":{"@id":"https:\/\/surbooke.fr\/wordpress\/2022\/01\/20\/la-decision-karine-tuil-editions-gallimard\/#primaryimage"},"thumbnailUrl":"https:\/\/surbooke.fr\/wordpress\/wp-content\/uploads\/2022\/01\/La-decision.jpeg","datePublished":"2022-01-20T06:09:17+00:00","dateModified":"2022-07-06T19:23:10+00:00","author":{"@id":"https:\/\/surbooke.fr\/wordpress\/#\/schema\/person\/9c6be4d35203c76182c56b0e974807c6"},"breadcrumb":{"@id":"https:\/\/surbooke.fr\/wordpress\/2022\/01\/20\/la-decision-karine-tuil-editions-gallimard\/#breadcrumb"},"inLanguage":"fr-FR","potentialAction":[{"@type":"ReadAction","target":["https:\/\/surbooke.fr\/wordpress\/2022\/01\/20\/la-decision-karine-tuil-editions-gallimard\/"]}]},{"@type":"ImageObject","inLanguage":"fr-FR","@id":"https:\/\/surbooke.fr\/wordpress\/2022\/01\/20\/la-decision-karine-tuil-editions-gallimard\/#primaryimage","url":"https:\/\/surbooke.fr\/wordpress\/wp-content\/uploads\/2022\/01\/La-decision.jpeg","contentUrl":"https:\/\/surbooke.fr\/wordpress\/wp-content\/uploads\/2022\/01\/La-decision.jpeg","width":308,"height":418},{"@type":"BreadcrumbList","@id":"https:\/\/surbooke.fr\/wordpress\/2022\/01\/20\/la-decision-karine-tuil-editions-gallimard\/#breadcrumb","itemListElement":[{"@type":"ListItem","position":1,"name":"Accueil","item":"https:\/\/surbooke.fr\/wordpress\/"},{"@type":"ListItem","position":2,"name":"La d\u00e9cision, Karine Tuil, \u00c9ditions Gallimard"}]},{"@type":"WebSite","@id":"https:\/\/surbooke.fr\/wordpress\/#website","url":"https:\/\/surbooke.fr\/wordpress\/","name":"Surbook\u00e9","description":"Le blog de Laurent Bisault","potentialAction":[{"@type":"SearchAction","target":{"@type":"EntryPoint","urlTemplate":"https:\/\/surbooke.fr\/wordpress\/?s={search_term_string}"},"query-input":{"@type":"PropertyValueSpecification","valueRequired":true,"valueName":"search_term_string"}}],"inLanguage":"fr-FR"},{"@type":"Person","@id":"https:\/\/surbooke.fr\/wordpress\/#\/schema\/person\/9c6be4d35203c76182c56b0e974807c6","name":"Laurent Bisault","image":{"@type":"ImageObject","inLanguage":"fr-FR","@id":"https:\/\/secure.gravatar.com\/avatar\/3bcd2efdfc3a3e416bea3223d3dfcd7f8845e2ca0669671d0c7ed8e84e97bfc4?s=96&d=mm&r=g","url":"https:\/\/secure.gravatar.com\/avatar\/3bcd2efdfc3a3e416bea3223d3dfcd7f8845e2ca0669671d0c7ed8e84e97bfc4?s=96&d=mm&r=g","contentUrl":"https:\/\/secure.gravatar.com\/avatar\/3bcd2efdfc3a3e416bea3223d3dfcd7f8845e2ca0669671d0c7ed8e84e97bfc4?s=96&d=mm&r=g","caption":"Laurent Bisault"},"sameAs":["https:\/\/surbooke.fr\/wordpress\/","https:\/\/x.com\/LaurentBisault"],"url":"https:\/\/surbooke.fr\/wordpress\/author\/surbooke\/"}]}},"_links":{"self":[{"href":"https:\/\/surbooke.fr\/wordpress\/wp-json\/wp\/v2\/posts\/13828","targetHints":{"allow":["GET"]}}],"collection":[{"href":"https:\/\/surbooke.fr\/wordpress\/wp-json\/wp\/v2\/posts"}],"about":[{"href":"https:\/\/surbooke.fr\/wordpress\/wp-json\/wp\/v2\/types\/post"}],"author":[{"embeddable":true,"href":"https:\/\/surbooke.fr\/wordpress\/wp-json\/wp\/v2\/users\/8"}],"replies":[{"embeddable":true,"href":"https:\/\/surbooke.fr\/wordpress\/wp-json\/wp\/v2\/comments?post=13828"}],"version-history":[{"count":0,"href":"https:\/\/surbooke.fr\/wordpress\/wp-json\/wp\/v2\/posts\/13828\/revisions"}],"wp:featuredmedia":[{"embeddable":true,"href":"https:\/\/surbooke.fr\/wordpress\/wp-json\/wp\/v2\/media\/18393"}],"wp:attachment":[{"href":"https:\/\/surbooke.fr\/wordpress\/wp-json\/wp\/v2\/media?parent=13828"}],"wp:term":[{"taxonomy":"category","embeddable":true,"href":"https:\/\/surbooke.fr\/wordpress\/wp-json\/wp\/v2\/categories?post=13828"},{"taxonomy":"post_tag","embeddable":true,"href":"https:\/\/surbooke.fr\/wordpress\/wp-json\/wp\/v2\/tags?post=13828"}],"curies":[{"name":"wp","href":"https:\/\/api.w.org\/{rel}","templated":true}]}}