{"id":17698,"date":"2022-06-16T07:01:03","date_gmt":"2022-06-16T05:01:03","guid":{"rendered":"https:\/\/surbooke.fr\/wordpress\/?p=17698"},"modified":"2023-02-28T14:47:43","modified_gmt":"2023-02-28T13:47:43","slug":"les-gens-des-collines-chris-offutt-editions-gallmeister","status":"publish","type":"post","link":"https:\/\/surbooke.fr\/wordpress\/2022\/06\/16\/les-gens-des-collines-chris-offutt-editions-gallmeister\/","title":{"rendered":"Les gens des collines, Chris Offutt, \u00c9ditions Gallmeister"},"content":{"rendered":"\n<p><strong>Tr\u00e8s<\/strong> <strong>bonne<\/strong> <strong>surprise<\/strong> que la d\u00e9couverte de ce romancier de l&rsquo;Am\u00e9rique profonde. Chris Offutt est un \u00e9crivain des Appalaches, des collines du Kentucky, un peu comme David Joy d\u00e9j\u00e0 pr\u00e9sent\u00e9 dans ce blog avec <a rel=\"noreferrer noopener\" aria-label=\"Ce lien entre nous (s\u2019ouvre dans un nouvel onglet)\" href=\"http:\/\/surbooke.fr\/wordpress\/?p=6102\" target=\"_blank\"><strong><em>Ce<\/em><\/strong> <strong><em>lien<\/em><\/strong> <em><strong>entre<\/strong><\/em> <strong><em>nous<\/em><\/strong><\/a> et <a rel=\"noreferrer noopener\" aria-label=\"L\u00e0 o\u00f9 les lumi\u00e8res se perdent (s\u2019ouvre dans un nouvel onglet)\" href=\"https:\/\/surbooke.fr\/wordpress\/?p=13350\" target=\"_blank\"><strong><em>L\u00e0<\/em><\/strong> <strong><em>o\u00f9<\/em><\/strong> <em><strong>les<\/strong><\/em> <strong><em>lumi\u00e8res<\/em><\/strong> <strong><em>se<\/em><\/strong> <em><strong>perdent<\/strong><\/em><\/a>. Sous couvert d&rsquo;une enqu\u00eate polici\u00e8re, Offutt nous raconte une communaut\u00e9 qui s&rsquo;ouvre peu sur l&rsquo;ext\u00e9rieur, au point qu&rsquo;il faut parfois cinq g\u00e9n\u00e9rations pour s&rsquo;y faire accepter. Ici tout le monde se conna\u00eet, on a pris l&rsquo;habitude de r\u00e9gler ses conflits en interne, nul besoin de faire appel \u00e0 la police pour solder un meurtre. De toute fa\u00e7on quand on trouve un cadavre dans le comt\u00e9 de Rowan on sait qui l&rsquo;a tu\u00e9 : un voisin, une famille ou la drogue. Alors autant dire que Linda Hardin est mal barr\u00e9e quand on lui signale la mort d&rsquo;une femme retrouv\u00e9e en pleine for\u00eat. F\u00fbt-elle la sh\u00e9rif du coin. Heureusement son fr\u00e8re Mick est de retour au pays, lui qui s&rsquo;est sp\u00e9cialis\u00e9 dans les homicides \u00e0 l&rsquo;arm\u00e9e. Quatorze ans qu&rsquo;il y bosse, et dans les pires endroits Irak, Afghanistan, Syrie. Des pays o\u00f9 on risque autant de mourir de la chaleur que d&rsquo;une balle. Ce jour l\u00e0 Mick n&rsquo;est pas au mieux quand il aper\u00e7oit l&rsquo;uniforme de Linda. Elle semble s&rsquo;inqui\u00e9ter pour lui, mais Linda est en r\u00e9alit\u00e9 venue qu\u00e9mander de l&rsquo;aide. Non seulement son enqu\u00eate s&rsquo;av\u00e8re p\u00e9rilleuse, et en plus les huiles de cette partie du Kentucky cherchent \u00e0 l&rsquo;\u00e9jecter. Alors comme Mick appr\u00e9cie sa s\u0153ur il accepte. La p\u00e9riode n&rsquo;est pourtant pas faste pour lui. Sa femme Peggy est \u00e0 quinze jours de son premier accouchement, et elle vient de lui annoncer qu&rsquo;elle n&rsquo;est pas s\u00fbre qu&rsquo;il soit le p\u00e8re. Comme Mick est fou amoureux de Peggy il lui a demand\u00e9 un test g\u00e9n\u00e9tique.<\/p>\n\n\n\n<blockquote class=\"wp-block-quote has-text-align-center is-style-large is-layout-flow wp-block-quote-is-layout-flow\"><p>L&rsquo;autre personnage important du roman c&rsquo;est la nature abondamment d\u00e9crite par Chris Offutt<\/p><\/blockquote>\n\n\n\n<p>Difficile de ne pas appr\u00e9cier les personnages d&rsquo;Offutt. Les flics qui font leur maximum pour appliquer la loi, comme les paum\u00e9s de toute sorte. C&rsquo;est encore plus vrai pour Mick Hardin qui n&rsquo;est nulle part plus heureux que dans les lieux qu&rsquo;il a connus en compagnie de son grand-p\u00e8re. Il roule d&rsquo;ailleurs dans son pick-up qui a entre-temps \u00e9t\u00e9 celui de son p\u00e8re. Lui aussi il les aime ces habitants des collines dont certains sont capables d&rsquo;apprendre \u00e0 une poule  \u00e0 marcher \u00e0 reculons, de conna\u00eetre l&rsquo;\u00e2ge des \u00e9cureuils ou de disposer d&rsquo;une mule toujours susceptible de les mordre. L&rsquo;autre personnage important du roman c&rsquo;est la nature abondamment d\u00e9crite par Chris Offutt. Une nature omnipr\u00e9sente qui permet aux habitants de se terrer dans des vallons oubli\u00e9s, inconnus des GPS, pour \u00e9chapper \u00e0 ceux qui les cherchent ou dissimuler une culture de ginseng de peur de se la faire carotter. Ce monde des collines est aussi celui  des ours, des pumas, des cerfs, des geais, des colins de Virginie et des chouettes.<\/p>\n\n\n\n<p><strong>Qu&rsquo;en dit <em>Bibliosurf<\/em> ?<\/strong><br><a href=\"https:\/\/www.bibliosurf.com\/Les-gens-des-collines.html\">https:\/\/www.bibliosurf.com\/Les-gens-des-collines.html<\/a><\/p>\n\n\n\n<div style=\"padding:20px\" class=\"wp-block-tnp-minimal\"><p><strong>Abonnez-vous pour \u00eatre averti des nouvelles chroniques !<\/strong><\/p><div><div class=\"tnp tnp-subscription-minimal  \"><form action=\"https:\/\/surbooke.fr\/wordpress\/wp-admin\/admin-ajax.php?action=tnp&amp;na=s\" method=\"post\" style=\"text-align: center\"><input type=\"hidden\" name=\"nr\" value=\"minimal\">\n<input type=\"hidden\" name=\"nlang\" value=\"\">\n<input class=\"tnp-email\" type=\"email\" required name=\"ne\" value=\"\" placeholder=\"Email\"><input class=\"tnp-submit\" type=\"submit\" value=\"S&#039;abonner\" style=\"\">\n<div class=\"tnp-field tnp-privacy-field\"><label><input type=\"checkbox\" name=\"ny\" required class=\"tnp-privacy\"> En continuant, vous acceptez la politique de confidentialit\u00e9<\/label><\/div><\/form><\/div>\n<\/div><\/div>\n","protected":false},"excerpt":{"rendered":"<p>Tr\u00e8s bonne surprise que la d\u00e9couverte de ce romancier de l&rsquo;Am\u00e9rique profonde. Chris Offutt est un \u00e9crivain des Appalaches, des collines du Kentucky, un peu comme David Joy d\u00e9j\u00e0 pr\u00e9sent\u00e9 dans ce blog avec Ce lien entre nous et L\u00e0 o\u00f9 les lumi\u00e8res se perdent. Sous couvert d&rsquo;une enqu\u00eate polici\u00e8re, Offutt nous raconte une communaut\u00e9 [&hellip;]<\/p>\n","protected":false},"author":8,"featured_media":17877,"comment_status":"open","ping_status":"open","sticky":false,"template":"","format":"standard","meta":{"footnotes":""},"categories":[30,2],"tags":[47],"class_list":["post-17698","post","type-post","status-publish","format-standard","has-post-thumbnail","hentry","category-roman-americain","category-roman-noir","tag-gallmeister"],"yoast_head":"<!-- This site is optimized with the Yoast SEO plugin v27.4 - https:\/\/yoast.com\/product\/yoast-seo-wordpress\/ -->\n<title>Les gens des collines, Chris Offutt, \u00c9ditions Gallmeister - Surbook\u00e9<\/title>\n<meta name=\"robots\" content=\"index, follow, max-snippet:-1, max-image-preview:large, max-video-preview:-1\" \/>\n<link rel=\"canonical\" href=\"https:\/\/surbooke.fr\/wordpress\/2022\/06\/16\/les-gens-des-collines-chris-offutt-editions-gallmeister\/\" \/>\n<meta property=\"og:locale\" content=\"fr_FR\" \/>\n<meta property=\"og:type\" content=\"article\" \/>\n<meta property=\"og:title\" content=\"Les gens des collines, Chris Offutt, \u00c9ditions Gallmeister - Surbook\u00e9\" \/>\n<meta property=\"og:description\" content=\"Tr\u00e8s bonne surprise que la d\u00e9couverte de ce romancier de l&rsquo;Am\u00e9rique profonde. Chris Offutt est un \u00e9crivain des Appalaches, des collines du Kentucky, un peu comme David Joy d\u00e9j\u00e0 pr\u00e9sent\u00e9 dans ce blog avec Ce lien entre nous et L\u00e0 o\u00f9 les lumi\u00e8res se perdent. Sous couvert d&rsquo;une enqu\u00eate polici\u00e8re, Offutt nous raconte une communaut\u00e9 [&hellip;]\" \/>\n<meta property=\"og:url\" content=\"https:\/\/surbooke.fr\/wordpress\/2022\/06\/16\/les-gens-des-collines-chris-offutt-editions-gallmeister\/\" \/>\n<meta property=\"og:site_name\" content=\"Surbook\u00e9\" \/>\n<meta property=\"article:published_time\" content=\"2022-06-16T05:01:03+00:00\" \/>\n<meta property=\"article:modified_time\" content=\"2023-02-28T13:47:43+00:00\" \/>\n<meta property=\"og:image\" content=\"https:\/\/surbooke.fr\/wordpress\/wp-content\/uploads\/2022\/06\/Les-gens-des-collines.jpeg\" \/>\n\t<meta property=\"og:image:width\" content=\"225\" \/>\n\t<meta property=\"og:image:height\" content=\"225\" \/>\n\t<meta property=\"og:image:type\" content=\"image\/jpeg\" \/>\n<meta name=\"author\" content=\"Laurent Bisault\" \/>\n<meta name=\"twitter:card\" content=\"summary_large_image\" \/>\n<meta name=\"twitter:creator\" content=\"@LaurentBisault\" \/>\n<meta name=\"twitter:label1\" content=\"\u00c9crit par\" \/>\n\t<meta name=\"twitter:data1\" content=\"Laurent Bisault\" \/>\n<script type=\"application\/ld+json\" class=\"yoast-schema-graph\">{\"@context\":\"https:\\\/\\\/schema.org\",\"@graph\":[{\"@type\":\"Article\",\"@id\":\"https:\\\/\\\/surbooke.fr\\\/wordpress\\\/2022\\\/06\\\/16\\\/les-gens-des-collines-chris-offutt-editions-gallmeister\\\/#article\",\"isPartOf\":{\"@id\":\"https:\\\/\\\/surbooke.fr\\\/wordpress\\\/2022\\\/06\\\/16\\\/les-gens-des-collines-chris-offutt-editions-gallmeister\\\/\"},\"author\":{\"name\":\"Laurent Bisault\",\"@id\":\"https:\\\/\\\/surbooke.fr\\\/wordpress\\\/#\\\/schema\\\/person\\\/9c6be4d35203c76182c56b0e974807c6\"},\"headline\":\"Les gens des collines, Chris Offutt, \u00c9ditions Gallmeister\",\"datePublished\":\"2022-06-16T05:01:03+00:00\",\"dateModified\":\"2023-02-28T13:47:43+00:00\",\"mainEntityOfPage\":{\"@id\":\"https:\\\/\\\/surbooke.fr\\\/wordpress\\\/2022\\\/06\\\/16\\\/les-gens-des-collines-chris-offutt-editions-gallmeister\\\/\"},\"wordCount\":582,\"commentCount\":0,\"image\":{\"@id\":\"https:\\\/\\\/surbooke.fr\\\/wordpress\\\/2022\\\/06\\\/16\\\/les-gens-des-collines-chris-offutt-editions-gallmeister\\\/#primaryimage\"},\"thumbnailUrl\":\"https:\\\/\\\/surbooke.fr\\\/wordpress\\\/wp-content\\\/uploads\\\/2022\\\/06\\\/Les-gens-des-collines.jpeg\",\"keywords\":[\"Gallmeister\"],\"articleSection\":[\"roman am\u00e9ricain \ud83c\uddfa\ud83c\uddf8\",\"roman noir\"],\"inLanguage\":\"fr-FR\",\"potentialAction\":[{\"@type\":\"CommentAction\",\"name\":\"Comment\",\"target\":[\"https:\\\/\\\/surbooke.fr\\\/wordpress\\\/2022\\\/06\\\/16\\\/les-gens-des-collines-chris-offutt-editions-gallmeister\\\/#respond\"]}]},{\"@type\":\"WebPage\",\"@id\":\"https:\\\/\\\/surbooke.fr\\\/wordpress\\\/2022\\\/06\\\/16\\\/les-gens-des-collines-chris-offutt-editions-gallmeister\\\/\",\"url\":\"https:\\\/\\\/surbooke.fr\\\/wordpress\\\/2022\\\/06\\\/16\\\/les-gens-des-collines-chris-offutt-editions-gallmeister\\\/\",\"name\":\"Les gens des collines, Chris Offutt, \u00c9ditions Gallmeister - Surbook\u00e9\",\"isPartOf\":{\"@id\":\"https:\\\/\\\/surbooke.fr\\\/wordpress\\\/#website\"},\"primaryImageOfPage\":{\"@id\":\"https:\\\/\\\/surbooke.fr\\\/wordpress\\\/2022\\\/06\\\/16\\\/les-gens-des-collines-chris-offutt-editions-gallmeister\\\/#primaryimage\"},\"image\":{\"@id\":\"https:\\\/\\\/surbooke.fr\\\/wordpress\\\/2022\\\/06\\\/16\\\/les-gens-des-collines-chris-offutt-editions-gallmeister\\\/#primaryimage\"},\"thumbnailUrl\":\"https:\\\/\\\/surbooke.fr\\\/wordpress\\\/wp-content\\\/uploads\\\/2022\\\/06\\\/Les-gens-des-collines.jpeg\",\"datePublished\":\"2022-06-16T05:01:03+00:00\",\"dateModified\":\"2023-02-28T13:47:43+00:00\",\"author\":{\"@id\":\"https:\\\/\\\/surbooke.fr\\\/wordpress\\\/#\\\/schema\\\/person\\\/9c6be4d35203c76182c56b0e974807c6\"},\"breadcrumb\":{\"@id\":\"https:\\\/\\\/surbooke.fr\\\/wordpress\\\/2022\\\/06\\\/16\\\/les-gens-des-collines-chris-offutt-editions-gallmeister\\\/#breadcrumb\"},\"inLanguage\":\"fr-FR\",\"potentialAction\":[{\"@type\":\"ReadAction\",\"target\":[\"https:\\\/\\\/surbooke.fr\\\/wordpress\\\/2022\\\/06\\\/16\\\/les-gens-des-collines-chris-offutt-editions-gallmeister\\\/\"]}]},{\"@type\":\"ImageObject\",\"inLanguage\":\"fr-FR\",\"@id\":\"https:\\\/\\\/surbooke.fr\\\/wordpress\\\/2022\\\/06\\\/16\\\/les-gens-des-collines-chris-offutt-editions-gallmeister\\\/#primaryimage\",\"url\":\"https:\\\/\\\/surbooke.fr\\\/wordpress\\\/wp-content\\\/uploads\\\/2022\\\/06\\\/Les-gens-des-collines.jpeg\",\"contentUrl\":\"https:\\\/\\\/surbooke.fr\\\/wordpress\\\/wp-content\\\/uploads\\\/2022\\\/06\\\/Les-gens-des-collines.jpeg\",\"width\":225,\"height\":225},{\"@type\":\"BreadcrumbList\",\"@id\":\"https:\\\/\\\/surbooke.fr\\\/wordpress\\\/2022\\\/06\\\/16\\\/les-gens-des-collines-chris-offutt-editions-gallmeister\\\/#breadcrumb\",\"itemListElement\":[{\"@type\":\"ListItem\",\"position\":1,\"name\":\"Accueil\",\"item\":\"https:\\\/\\\/surbooke.fr\\\/wordpress\\\/\"},{\"@type\":\"ListItem\",\"position\":2,\"name\":\"Les gens des collines, Chris Offutt, \u00c9ditions Gallmeister\"}]},{\"@type\":\"WebSite\",\"@id\":\"https:\\\/\\\/surbooke.fr\\\/wordpress\\\/#website\",\"url\":\"https:\\\/\\\/surbooke.fr\\\/wordpress\\\/\",\"name\":\"Surbook\u00e9\",\"description\":\"Le blog de Laurent Bisault\",\"potentialAction\":[{\"@type\":\"SearchAction\",\"target\":{\"@type\":\"EntryPoint\",\"urlTemplate\":\"https:\\\/\\\/surbooke.fr\\\/wordpress\\\/?s={search_term_string}\"},\"query-input\":{\"@type\":\"PropertyValueSpecification\",\"valueRequired\":true,\"valueName\":\"search_term_string\"}}],\"inLanguage\":\"fr-FR\"},{\"@type\":\"Person\",\"@id\":\"https:\\\/\\\/surbooke.fr\\\/wordpress\\\/#\\\/schema\\\/person\\\/9c6be4d35203c76182c56b0e974807c6\",\"name\":\"Laurent Bisault\",\"image\":{\"@type\":\"ImageObject\",\"inLanguage\":\"fr-FR\",\"@id\":\"https:\\\/\\\/secure.gravatar.com\\\/avatar\\\/3bcd2efdfc3a3e416bea3223d3dfcd7f8845e2ca0669671d0c7ed8e84e97bfc4?s=96&d=mm&r=g\",\"url\":\"https:\\\/\\\/secure.gravatar.com\\\/avatar\\\/3bcd2efdfc3a3e416bea3223d3dfcd7f8845e2ca0669671d0c7ed8e84e97bfc4?s=96&d=mm&r=g\",\"contentUrl\":\"https:\\\/\\\/secure.gravatar.com\\\/avatar\\\/3bcd2efdfc3a3e416bea3223d3dfcd7f8845e2ca0669671d0c7ed8e84e97bfc4?s=96&d=mm&r=g\",\"caption\":\"Laurent Bisault\"},\"sameAs\":[\"https:\\\/\\\/surbooke.fr\\\/wordpress\\\/\",\"https:\\\/\\\/x.com\\\/LaurentBisault\"],\"url\":\"https:\\\/\\\/surbooke.fr\\\/wordpress\\\/author\\\/surbooke\\\/\"}]}<\/script>\n<!-- \/ Yoast SEO plugin. -->","yoast_head_json":{"title":"Les gens des collines, Chris Offutt, \u00c9ditions Gallmeister - Surbook\u00e9","robots":{"index":"index","follow":"follow","max-snippet":"max-snippet:-1","max-image-preview":"max-image-preview:large","max-video-preview":"max-video-preview:-1"},"canonical":"https:\/\/surbooke.fr\/wordpress\/2022\/06\/16\/les-gens-des-collines-chris-offutt-editions-gallmeister\/","og_locale":"fr_FR","og_type":"article","og_title":"Les gens des collines, Chris Offutt, \u00c9ditions Gallmeister - Surbook\u00e9","og_description":"Tr\u00e8s bonne surprise que la d\u00e9couverte de ce romancier de l&rsquo;Am\u00e9rique profonde. Chris Offutt est un \u00e9crivain des Appalaches, des collines du Kentucky, un peu comme David Joy d\u00e9j\u00e0 pr\u00e9sent\u00e9 dans ce blog avec Ce lien entre nous et L\u00e0 o\u00f9 les lumi\u00e8res se perdent. Sous couvert d&rsquo;une enqu\u00eate polici\u00e8re, Offutt nous raconte une communaut\u00e9 [&hellip;]","og_url":"https:\/\/surbooke.fr\/wordpress\/2022\/06\/16\/les-gens-des-collines-chris-offutt-editions-gallmeister\/","og_site_name":"Surbook\u00e9","article_published_time":"2022-06-16T05:01:03+00:00","article_modified_time":"2023-02-28T13:47:43+00:00","og_image":[{"width":225,"height":225,"url":"https:\/\/surbooke.fr\/wordpress\/wp-content\/uploads\/2022\/06\/Les-gens-des-collines.jpeg","type":"image\/jpeg"}],"author":"Laurent Bisault","twitter_card":"summary_large_image","twitter_creator":"@LaurentBisault","twitter_misc":{"\u00c9crit par":"Laurent Bisault"},"schema":{"@context":"https:\/\/schema.org","@graph":[{"@type":"Article","@id":"https:\/\/surbooke.fr\/wordpress\/2022\/06\/16\/les-gens-des-collines-chris-offutt-editions-gallmeister\/#article","isPartOf":{"@id":"https:\/\/surbooke.fr\/wordpress\/2022\/06\/16\/les-gens-des-collines-chris-offutt-editions-gallmeister\/"},"author":{"name":"Laurent Bisault","@id":"https:\/\/surbooke.fr\/wordpress\/#\/schema\/person\/9c6be4d35203c76182c56b0e974807c6"},"headline":"Les gens des collines, Chris Offutt, \u00c9ditions Gallmeister","datePublished":"2022-06-16T05:01:03+00:00","dateModified":"2023-02-28T13:47:43+00:00","mainEntityOfPage":{"@id":"https:\/\/surbooke.fr\/wordpress\/2022\/06\/16\/les-gens-des-collines-chris-offutt-editions-gallmeister\/"},"wordCount":582,"commentCount":0,"image":{"@id":"https:\/\/surbooke.fr\/wordpress\/2022\/06\/16\/les-gens-des-collines-chris-offutt-editions-gallmeister\/#primaryimage"},"thumbnailUrl":"https:\/\/surbooke.fr\/wordpress\/wp-content\/uploads\/2022\/06\/Les-gens-des-collines.jpeg","keywords":["Gallmeister"],"articleSection":["roman am\u00e9ricain \ud83c\uddfa\ud83c\uddf8","roman noir"],"inLanguage":"fr-FR","potentialAction":[{"@type":"CommentAction","name":"Comment","target":["https:\/\/surbooke.fr\/wordpress\/2022\/06\/16\/les-gens-des-collines-chris-offutt-editions-gallmeister\/#respond"]}]},{"@type":"WebPage","@id":"https:\/\/surbooke.fr\/wordpress\/2022\/06\/16\/les-gens-des-collines-chris-offutt-editions-gallmeister\/","url":"https:\/\/surbooke.fr\/wordpress\/2022\/06\/16\/les-gens-des-collines-chris-offutt-editions-gallmeister\/","name":"Les gens des collines, Chris Offutt, \u00c9ditions Gallmeister - Surbook\u00e9","isPartOf":{"@id":"https:\/\/surbooke.fr\/wordpress\/#website"},"primaryImageOfPage":{"@id":"https:\/\/surbooke.fr\/wordpress\/2022\/06\/16\/les-gens-des-collines-chris-offutt-editions-gallmeister\/#primaryimage"},"image":{"@id":"https:\/\/surbooke.fr\/wordpress\/2022\/06\/16\/les-gens-des-collines-chris-offutt-editions-gallmeister\/#primaryimage"},"thumbnailUrl":"https:\/\/surbooke.fr\/wordpress\/wp-content\/uploads\/2022\/06\/Les-gens-des-collines.jpeg","datePublished":"2022-06-16T05:01:03+00:00","dateModified":"2023-02-28T13:47:43+00:00","author":{"@id":"https:\/\/surbooke.fr\/wordpress\/#\/schema\/person\/9c6be4d35203c76182c56b0e974807c6"},"breadcrumb":{"@id":"https:\/\/surbooke.fr\/wordpress\/2022\/06\/16\/les-gens-des-collines-chris-offutt-editions-gallmeister\/#breadcrumb"},"inLanguage":"fr-FR","potentialAction":[{"@type":"ReadAction","target":["https:\/\/surbooke.fr\/wordpress\/2022\/06\/16\/les-gens-des-collines-chris-offutt-editions-gallmeister\/"]}]},{"@type":"ImageObject","inLanguage":"fr-FR","@id":"https:\/\/surbooke.fr\/wordpress\/2022\/06\/16\/les-gens-des-collines-chris-offutt-editions-gallmeister\/#primaryimage","url":"https:\/\/surbooke.fr\/wordpress\/wp-content\/uploads\/2022\/06\/Les-gens-des-collines.jpeg","contentUrl":"https:\/\/surbooke.fr\/wordpress\/wp-content\/uploads\/2022\/06\/Les-gens-des-collines.jpeg","width":225,"height":225},{"@type":"BreadcrumbList","@id":"https:\/\/surbooke.fr\/wordpress\/2022\/06\/16\/les-gens-des-collines-chris-offutt-editions-gallmeister\/#breadcrumb","itemListElement":[{"@type":"ListItem","position":1,"name":"Accueil","item":"https:\/\/surbooke.fr\/wordpress\/"},{"@type":"ListItem","position":2,"name":"Les gens des collines, Chris Offutt, \u00c9ditions Gallmeister"}]},{"@type":"WebSite","@id":"https:\/\/surbooke.fr\/wordpress\/#website","url":"https:\/\/surbooke.fr\/wordpress\/","name":"Surbook\u00e9","description":"Le blog de Laurent Bisault","potentialAction":[{"@type":"SearchAction","target":{"@type":"EntryPoint","urlTemplate":"https:\/\/surbooke.fr\/wordpress\/?s={search_term_string}"},"query-input":{"@type":"PropertyValueSpecification","valueRequired":true,"valueName":"search_term_string"}}],"inLanguage":"fr-FR"},{"@type":"Person","@id":"https:\/\/surbooke.fr\/wordpress\/#\/schema\/person\/9c6be4d35203c76182c56b0e974807c6","name":"Laurent Bisault","image":{"@type":"ImageObject","inLanguage":"fr-FR","@id":"https:\/\/secure.gravatar.com\/avatar\/3bcd2efdfc3a3e416bea3223d3dfcd7f8845e2ca0669671d0c7ed8e84e97bfc4?s=96&d=mm&r=g","url":"https:\/\/secure.gravatar.com\/avatar\/3bcd2efdfc3a3e416bea3223d3dfcd7f8845e2ca0669671d0c7ed8e84e97bfc4?s=96&d=mm&r=g","contentUrl":"https:\/\/secure.gravatar.com\/avatar\/3bcd2efdfc3a3e416bea3223d3dfcd7f8845e2ca0669671d0c7ed8e84e97bfc4?s=96&d=mm&r=g","caption":"Laurent Bisault"},"sameAs":["https:\/\/surbooke.fr\/wordpress\/","https:\/\/x.com\/LaurentBisault"],"url":"https:\/\/surbooke.fr\/wordpress\/author\/surbooke\/"}]}},"_links":{"self":[{"href":"https:\/\/surbooke.fr\/wordpress\/wp-json\/wp\/v2\/posts\/17698","targetHints":{"allow":["GET"]}}],"collection":[{"href":"https:\/\/surbooke.fr\/wordpress\/wp-json\/wp\/v2\/posts"}],"about":[{"href":"https:\/\/surbooke.fr\/wordpress\/wp-json\/wp\/v2\/types\/post"}],"author":[{"embeddable":true,"href":"https:\/\/surbooke.fr\/wordpress\/wp-json\/wp\/v2\/users\/8"}],"replies":[{"embeddable":true,"href":"https:\/\/surbooke.fr\/wordpress\/wp-json\/wp\/v2\/comments?post=17698"}],"version-history":[{"count":0,"href":"https:\/\/surbooke.fr\/wordpress\/wp-json\/wp\/v2\/posts\/17698\/revisions"}],"wp:featuredmedia":[{"embeddable":true,"href":"https:\/\/surbooke.fr\/wordpress\/wp-json\/wp\/v2\/media\/17877"}],"wp:attachment":[{"href":"https:\/\/surbooke.fr\/wordpress\/wp-json\/wp\/v2\/media?parent=17698"}],"wp:term":[{"taxonomy":"category","embeddable":true,"href":"https:\/\/surbooke.fr\/wordpress\/wp-json\/wp\/v2\/categories?post=17698"},{"taxonomy":"post_tag","embeddable":true,"href":"https:\/\/surbooke.fr\/wordpress\/wp-json\/wp\/v2\/tags?post=17698"}],"curies":[{"name":"wp","href":"https:\/\/api.w.org\/{rel}","templated":true}]}}