{"id":18697,"date":"2022-07-11T06:32:31","date_gmt":"2022-07-11T04:32:31","guid":{"rendered":"https:\/\/surbooke.fr\/wordpress\/?p=18697"},"modified":"2023-02-28T14:46:05","modified_gmt":"2023-02-28T13:46:05","slug":"coeur-du-sahel-djaili-amadou-amal-editions-emmanuelle-collas","status":"publish","type":"post","link":"https:\/\/surbooke.fr\/wordpress\/2022\/07\/11\/coeur-du-sahel-djaili-amadou-amal-editions-emmanuelle-collas\/","title":{"rendered":"C\u0153ur du Sahel, Dja\u00efli Amadou Amal, \u00c9ditions Emmanuelle Collas"},"content":{"rendered":"\n<p><strong>Pour<\/strong> <strong>la<\/strong> <strong>premi\u00e8re<\/strong> <strong>fois<\/strong> <strong>Fayd\u00e9<\/strong> <strong>d\u00e9fie<\/strong> <strong>sa<\/strong> <strong>m\u00e8re<\/strong> <strong>Kondem<\/strong>. L&rsquo;adolescente veut quitter son village du Nord-Cameroun pour travailler comme domestique \u00e0 Maroua la capitale r\u00e9gionale. Fayd\u00e9 ne se voit pas d&rsquo;avenir comme paysanne sur une terre en manque d&rsquo;eau, avec un changement climatique qui ne pourra que compliquer sa vie. Elle veut aussi tout ce que ses amies rapportent de Maroua. Pagnes, bijoux, chaussures, savon, allumettes ainsi que le poisson s\u00e9ch\u00e9. Les jeunes filles de son \u00e2ge sont d&rsquo;ailleurs presque toutes parties \u00e0 la ville. Le d\u00e9part de Fayd\u00e9 est une catastrophe pour sa m\u00e8re. Il implique l&rsquo;abandon des \u00e9tudes de sa fille, la fin de son r\u00eave de devenir m\u00e9decin. Fayd\u00e9 y voit au contraire la possibilit\u00e9 de donner un peu d&rsquo;argent \u00e0 sa famille qui n&rsquo;en tire plus des champs dess\u00e9ch\u00e9s. Imaginer sa fille domestique rappelle surtout \u00e0 Kondem le viol qu&rsquo;elle a subi \u00e0 Maroua quand elle y travaillait. Mais Fayd\u00e9 serait-elle en s\u00e9curit\u00e9 au village maintenant que les djihadistes de Boko Haram d\u00e9boulent pour piller, violer, enlever, br\u00fbler au nom d&rsquo;Allah ? Le mari de Kondem a d&rsquo;ailleurs disparu lors de leur derni\u00e8re incursion. C&rsquo;est finalement Adaw le sorcier du village qui la rassure en lui annon\u00e7ant qu&rsquo;il n&rsquo;arrivera rien \u00e0 sa fille. Alors Kondem accepte le d\u00e9part de Fayd\u00e9 vers la ville musulmane bien qu&rsquo;elle soit chr\u00e9tienne. L&rsquo;adolescente se retrouve dans une \u00ab concession \u00bb, la maison d&rsquo;un homme et de ses \u00e9pouses. Diddi est la premi\u00e8re, celle qui dirige. La seconde s&rsquo;appelle Nenn\u00e9 et la troisi\u00e8me Ayya. Fayd\u00e9 leur doit une ob\u00e9issance absolue pour les travaux m\u00e9nagers, le m\u00e9nage, le linge, la cuisine, et la vaisselle qui lui fait si peur parce qu&rsquo;elle n&rsquo;a jamais manipul\u00e9 d&rsquo;assiettes , de verres ni de plats. Dans la concession il y a aussi Biri le chauffeur qui l&rsquo;a \u00e0 la bonne, et qui lui explique comment faire pour ne pas perdre sa place. Ce serait dommage, il y a tout dans cette maison, de l&rsquo;eau pour se doucher, des toilettes \u00e0 l&rsquo;ext\u00e9rieur, tellement de nourriture au point qu&rsquo;on en jette, et m\u00eame la t\u00e9l\u00e9vision. Le soir Fayd\u00e9 regagne la case qu&rsquo;elle partage avec d&rsquo;autres employ\u00e9es.<\/p>\n\n\n\n<blockquote class=\"wp-block-quote is-style-large is-layout-flow wp-block-quote-is-layout-flow\"><p>L\u2019ensemble de ces combats ont fait de Dja\u00efli Amadou Amal la d\u00e9fenseuse des opprim\u00e9s au Cameroun<span style=\"font-size: 1.5em; font-style: italic; font-weight: 300;\"><\/span><\/p><\/blockquote>\n\n\n\n<p>Ce roman est en quelque sorte la suite des <em><strong><a rel=\"noreferrer noopener\" href=\"https:\/\/surbooke.fr\/wordpress\/wp-admin\/post.php?post=4953&amp;action=edit\" target=\"_blank\">Impatientes<\/a><\/strong><\/em> qui avait rat\u00e9 de peu le Goncourt 2020 tout en obtenant celui des lyc\u00e9ens. <em>C\u0153ur de Sahel<\/em> aborde le m\u00eame sujet, la vie de la femme camerounaise face \u00e0 l&rsquo;omnipotence des hommes. On la marie de force y compris avec son violeur, on lui impose d&rsquo;arriver vierge \u00e0 ses noces ce qui n&rsquo;est pas envisageable pour un homme. Elle doit accepter la polygamie de son \u00e9poux, ainsi que de le servir selon son bon vouloir. S&rsquo;y ajoute dans le nord du Cameroun o\u00f9 est n\u00e9e Dja\u00efli Amadou Amal le racisme d\u00e9velopp\u00e9 par les couches ais\u00e9es de la population \u00e0 l&rsquo;\u00e9gard des plus pauvres. Ainsi que la vision ethnique des Peuls musulmans qui consid\u00e8rent les chr\u00e9tiens comme une race inf\u00e9rieure. L&rsquo;ensemble de ces combats ont fait de Dja\u00efli Amadou Amal la d\u00e9fenseuse des opprim\u00e9s au Cameroun, elle qui est n\u00e9e dans une famille peule musulmane \u00e0 Maroua. Cette militante f\u00e9ministe, mari\u00e9e de force \u00e0 dix-sept ans et qui quitta son second mari violent, ne manque pas de combats. Elle d\u00e9nonce aujourd&rsquo;hui les cons\u00e9quences du r\u00e9chauffement climatiques qui st\u00e9rilise les terres en bordure du Sahel ainsi que les m\u00e9faits de Boko Haram. Car cette secte djihadiste a depuis longtemps \u00e9tendu son action au-del\u00e0 du Nigeria pour s&rsquo;en prendre aux pays limitrophes, le Cameroun, le Tchad, le Niger et le Mali. Ses crimes sont d&rsquo;autant plus cruels qu&rsquo;ils interviennent dans des territoires sans \u00c9tat, o\u00f9 la corruption est monnaie courante. La force de l&rsquo;autrice est de nous faire passer tout cela en nous pr\u00e9sentant la vie de jeunes filles toujours dynamiques malgr\u00e9 leurs conditions d&rsquo;existence. <meta http-equiv=\"content-type\" content=\"text\/html; charset=utf-8\">Fayd\u00e9 et ses copines continuent d&rsquo;esp\u00e9rer en des jours meilleurs, font preuve d&rsquo;inventivit\u00e9 pour am\u00e9liorer leur sort, sans n\u00e9gliger de s&rsquo;amuser quand l&rsquo;occasion s&rsquo;en pr\u00e9sente le soir. Mais m\u00eame si certains hommes ressortent du lot, \u00eatre une jeune femme demeure dans cette soci\u00e9t\u00e9 un lourd handicap. La plupart vont payer pour le savoir.<\/p>\n\n\n\n<p><strong>Qu&rsquo;en dit <em>Bibliosurf<\/em> ?<\/strong><br><a href=\"https:\/\/www.bibliosurf.com\/Coeur-du-Sahel.html\">https:\/\/www.bibliosurf.com\/Coeur-du-Sahel.html<\/a><\/p>\n\n\n\n<p><strong>Dja\u00efli Amadou Amal au festival du livre de Paris<\/strong><\/p>\n\n\n\n<figure class=\"wp-block-embed is-type-video is-provider-youtube wp-block-embed-youtube wp-embed-aspect-16-9 wp-has-aspect-ratio\"><div class=\"wp-block-embed__wrapper\">\n<iframe loading=\"lazy\" title=\"Dja\u00efli Amadou Amal plonge ses lecteurs au &quot;Coeur du Sahel&quot; \u2022 FRANCE 24\" width=\"640\" height=\"360\" src=\"https:\/\/www.youtube.com\/embed\/FrRVuCGF3-c?feature=oembed\" frameborder=\"0\" allow=\"accelerometer; autoplay; clipboard-write; encrypted-media; gyroscope; picture-in-picture; web-share\" referrerpolicy=\"strict-origin-when-cross-origin\" allowfullscreen><\/iframe>\n<\/div><\/figure>\n\n\n\n<div style=\"padding:20px\" class=\"wp-block-tnp-minimal\"><p><strong>Abonnez-vous pour \u00eatre averti des nouvelles chroniques !<\/strong><\/p><div><div class=\"tnp tnp-subscription-minimal  \"><form action=\"https:\/\/surbooke.fr\/wordpress\/wp-admin\/admin-ajax.php?action=tnp&amp;na=s\" method=\"post\" style=\"text-align: center\"><input type=\"hidden\" name=\"nr\" value=\"minimal\">\n<input type=\"hidden\" name=\"nlang\" value=\"\">\n<input class=\"tnp-email\" type=\"email\" required name=\"ne\" value=\"\" placeholder=\"Email\"><input class=\"tnp-submit\" type=\"submit\" value=\"S&#039;abonner\" style=\"\">\n<div class=\"tnp-field tnp-privacy-field\"><label><input type=\"checkbox\" name=\"ny\" required class=\"tnp-privacy\"> En continuant, vous acceptez la politique de confidentialit\u00e9<\/label><\/div><\/form><\/div>\n<\/div><\/div>\n","protected":false},"excerpt":{"rendered":"<p>Pour la premi\u00e8re fois Fayd\u00e9 d\u00e9fie sa m\u00e8re Kondem. L&rsquo;adolescente veut quitter son village du Nord-Cameroun pour travailler comme domestique \u00e0 Maroua la capitale r\u00e9gionale. Fayd\u00e9 ne se voit pas d&rsquo;avenir comme paysanne sur une terre en manque d&rsquo;eau, avec un changement climatique qui ne pourra que compliquer sa vie. Elle veut aussi tout ce [&hellip;]<\/p>\n","protected":false},"author":8,"featured_media":18700,"comment_status":"open","ping_status":"open","sticky":false,"template":"","format":"standard","meta":{"footnotes":""},"categories":[81],"tags":[80],"class_list":["post-18697","post","type-post","status-publish","format-standard","has-post-thumbnail","hentry","category-roman-camerounais","tag-emmanuelle-colas"],"yoast_head":"<!-- This site is optimized with the Yoast SEO plugin v27.5 - https:\/\/yoast.com\/product\/yoast-seo-wordpress\/ -->\n<title>C\u0153ur du Sahel, Dja\u00efli Amadou Amal, \u00c9ditions Emmanuelle Collas - Surbook\u00e9<\/title>\n<meta name=\"description\" content=\"Le combat des jeunes filles camerounaises qaui viennent \u00e0 la ville servir comme domestiques.\" \/>\n<meta name=\"robots\" content=\"index, follow, max-snippet:-1, max-image-preview:large, max-video-preview:-1\" \/>\n<link rel=\"canonical\" href=\"https:\/\/surbooke.fr\/wordpress\/2022\/07\/11\/coeur-du-sahel-djaili-amadou-amal-editions-emmanuelle-collas\/\" \/>\n<meta property=\"og:locale\" content=\"fr_FR\" \/>\n<meta property=\"og:type\" content=\"article\" \/>\n<meta property=\"og:title\" content=\"C\u0153ur du Sahel, Dja\u00efli Amadou Amal, \u00c9ditions Emmanuelle Collas - Surbook\u00e9\" \/>\n<meta property=\"og:description\" content=\"Le combat des jeunes filles camerounaises qaui viennent \u00e0 la ville servir comme domestiques.\" \/>\n<meta property=\"og:url\" content=\"https:\/\/surbooke.fr\/wordpress\/2022\/07\/11\/coeur-du-sahel-djaili-amadou-amal-editions-emmanuelle-collas\/\" \/>\n<meta property=\"og:site_name\" content=\"Surbook\u00e9\" \/>\n<meta property=\"article:published_time\" content=\"2022-07-11T04:32:31+00:00\" \/>\n<meta property=\"article:modified_time\" content=\"2023-02-28T13:46:05+00:00\" \/>\n<meta property=\"og:image\" content=\"https:\/\/surbooke.fr\/wordpress\/wp-content\/uploads\/2022\/07\/telechargement-1.jpeg\" \/>\n\t<meta property=\"og:image:width\" content=\"182\" \/>\n\t<meta property=\"og:image:height\" content=\"277\" \/>\n\t<meta property=\"og:image:type\" content=\"image\/jpeg\" \/>\n<meta name=\"author\" content=\"Laurent Bisault\" \/>\n<meta name=\"twitter:card\" content=\"summary_large_image\" \/>\n<meta name=\"twitter:creator\" content=\"@LaurentBisault\" \/>\n<meta name=\"twitter:label1\" content=\"\u00c9crit par\" \/>\n\t<meta name=\"twitter:data1\" content=\"Laurent Bisault\" \/>\n\t<meta name=\"twitter:label2\" content=\"Dur\u00e9e de lecture estim\u00e9e\" \/>\n\t<meta name=\"twitter:data2\" content=\"4 minutes\" \/>\n<script type=\"application\/ld+json\" class=\"yoast-schema-graph\">{\"@context\":\"https:\\\/\\\/schema.org\",\"@graph\":[{\"@type\":\"Article\",\"@id\":\"https:\\\/\\\/surbooke.fr\\\/wordpress\\\/2022\\\/07\\\/11\\\/coeur-du-sahel-djaili-amadou-amal-editions-emmanuelle-collas\\\/#article\",\"isPartOf\":{\"@id\":\"https:\\\/\\\/surbooke.fr\\\/wordpress\\\/2022\\\/07\\\/11\\\/coeur-du-sahel-djaili-amadou-amal-editions-emmanuelle-collas\\\/\"},\"author\":{\"name\":\"Laurent Bisault\",\"@id\":\"https:\\\/\\\/surbooke.fr\\\/wordpress\\\/#\\\/schema\\\/person\\\/9c6be4d35203c76182c56b0e974807c6\"},\"headline\":\"C\u0153ur du Sahel, Dja\u00efli Amadou Amal, \u00c9ditions Emmanuelle Collas\",\"datePublished\":\"2022-07-11T04:32:31+00:00\",\"dateModified\":\"2023-02-28T13:46:05+00:00\",\"mainEntityOfPage\":{\"@id\":\"https:\\\/\\\/surbooke.fr\\\/wordpress\\\/2022\\\/07\\\/11\\\/coeur-du-sahel-djaili-amadou-amal-editions-emmanuelle-collas\\\/\"},\"wordCount\":834,\"commentCount\":1,\"image\":{\"@id\":\"https:\\\/\\\/surbooke.fr\\\/wordpress\\\/2022\\\/07\\\/11\\\/coeur-du-sahel-djaili-amadou-amal-editions-emmanuelle-collas\\\/#primaryimage\"},\"thumbnailUrl\":\"https:\\\/\\\/surbooke.fr\\\/wordpress\\\/wp-content\\\/uploads\\\/2022\\\/07\\\/telechargement-1.jpeg\",\"keywords\":[\"Emmanuelle Collas\"],\"articleSection\":[\"roman camerounais \ud83c\udde8\ud83c\uddf2\"],\"inLanguage\":\"fr-FR\",\"potentialAction\":[{\"@type\":\"CommentAction\",\"name\":\"Comment\",\"target\":[\"https:\\\/\\\/surbooke.fr\\\/wordpress\\\/2022\\\/07\\\/11\\\/coeur-du-sahel-djaili-amadou-amal-editions-emmanuelle-collas\\\/#respond\"]}]},{\"@type\":\"WebPage\",\"@id\":\"https:\\\/\\\/surbooke.fr\\\/wordpress\\\/2022\\\/07\\\/11\\\/coeur-du-sahel-djaili-amadou-amal-editions-emmanuelle-collas\\\/\",\"url\":\"https:\\\/\\\/surbooke.fr\\\/wordpress\\\/2022\\\/07\\\/11\\\/coeur-du-sahel-djaili-amadou-amal-editions-emmanuelle-collas\\\/\",\"name\":\"C\u0153ur du Sahel, Dja\u00efli Amadou Amal, \u00c9ditions Emmanuelle Collas - Surbook\u00e9\",\"isPartOf\":{\"@id\":\"https:\\\/\\\/surbooke.fr\\\/wordpress\\\/#website\"},\"primaryImageOfPage\":{\"@id\":\"https:\\\/\\\/surbooke.fr\\\/wordpress\\\/2022\\\/07\\\/11\\\/coeur-du-sahel-djaili-amadou-amal-editions-emmanuelle-collas\\\/#primaryimage\"},\"image\":{\"@id\":\"https:\\\/\\\/surbooke.fr\\\/wordpress\\\/2022\\\/07\\\/11\\\/coeur-du-sahel-djaili-amadou-amal-editions-emmanuelle-collas\\\/#primaryimage\"},\"thumbnailUrl\":\"https:\\\/\\\/surbooke.fr\\\/wordpress\\\/wp-content\\\/uploads\\\/2022\\\/07\\\/telechargement-1.jpeg\",\"datePublished\":\"2022-07-11T04:32:31+00:00\",\"dateModified\":\"2023-02-28T13:46:05+00:00\",\"author\":{\"@id\":\"https:\\\/\\\/surbooke.fr\\\/wordpress\\\/#\\\/schema\\\/person\\\/9c6be4d35203c76182c56b0e974807c6\"},\"description\":\"Le combat des jeunes filles camerounaises qaui viennent \u00e0 la ville servir comme domestiques.\",\"breadcrumb\":{\"@id\":\"https:\\\/\\\/surbooke.fr\\\/wordpress\\\/2022\\\/07\\\/11\\\/coeur-du-sahel-djaili-amadou-amal-editions-emmanuelle-collas\\\/#breadcrumb\"},\"inLanguage\":\"fr-FR\",\"potentialAction\":[{\"@type\":\"ReadAction\",\"target\":[\"https:\\\/\\\/surbooke.fr\\\/wordpress\\\/2022\\\/07\\\/11\\\/coeur-du-sahel-djaili-amadou-amal-editions-emmanuelle-collas\\\/\"]}]},{\"@type\":\"ImageObject\",\"inLanguage\":\"fr-FR\",\"@id\":\"https:\\\/\\\/surbooke.fr\\\/wordpress\\\/2022\\\/07\\\/11\\\/coeur-du-sahel-djaili-amadou-amal-editions-emmanuelle-collas\\\/#primaryimage\",\"url\":\"https:\\\/\\\/surbooke.fr\\\/wordpress\\\/wp-content\\\/uploads\\\/2022\\\/07\\\/telechargement-1.jpeg\",\"contentUrl\":\"https:\\\/\\\/surbooke.fr\\\/wordpress\\\/wp-content\\\/uploads\\\/2022\\\/07\\\/telechargement-1.jpeg\",\"width\":182,\"height\":277},{\"@type\":\"BreadcrumbList\",\"@id\":\"https:\\\/\\\/surbooke.fr\\\/wordpress\\\/2022\\\/07\\\/11\\\/coeur-du-sahel-djaili-amadou-amal-editions-emmanuelle-collas\\\/#breadcrumb\",\"itemListElement\":[{\"@type\":\"ListItem\",\"position\":1,\"name\":\"Accueil\",\"item\":\"https:\\\/\\\/surbooke.fr\\\/wordpress\\\/\"},{\"@type\":\"ListItem\",\"position\":2,\"name\":\"C\u0153ur du Sahel, Dja\u00efli Amadou Amal, \u00c9ditions Emmanuelle Collas\"}]},{\"@type\":\"WebSite\",\"@id\":\"https:\\\/\\\/surbooke.fr\\\/wordpress\\\/#website\",\"url\":\"https:\\\/\\\/surbooke.fr\\\/wordpress\\\/\",\"name\":\"Surbook\u00e9\",\"description\":\"Le blog de Laurent Bisault\",\"potentialAction\":[{\"@type\":\"SearchAction\",\"target\":{\"@type\":\"EntryPoint\",\"urlTemplate\":\"https:\\\/\\\/surbooke.fr\\\/wordpress\\\/?s={search_term_string}\"},\"query-input\":{\"@type\":\"PropertyValueSpecification\",\"valueRequired\":true,\"valueName\":\"search_term_string\"}}],\"inLanguage\":\"fr-FR\"},{\"@type\":\"Person\",\"@id\":\"https:\\\/\\\/surbooke.fr\\\/wordpress\\\/#\\\/schema\\\/person\\\/9c6be4d35203c76182c56b0e974807c6\",\"name\":\"Laurent Bisault\",\"image\":{\"@type\":\"ImageObject\",\"inLanguage\":\"fr-FR\",\"@id\":\"https:\\\/\\\/secure.gravatar.com\\\/avatar\\\/3bcd2efdfc3a3e416bea3223d3dfcd7f8845e2ca0669671d0c7ed8e84e97bfc4?s=96&d=mm&r=g\",\"url\":\"https:\\\/\\\/secure.gravatar.com\\\/avatar\\\/3bcd2efdfc3a3e416bea3223d3dfcd7f8845e2ca0669671d0c7ed8e84e97bfc4?s=96&d=mm&r=g\",\"contentUrl\":\"https:\\\/\\\/secure.gravatar.com\\\/avatar\\\/3bcd2efdfc3a3e416bea3223d3dfcd7f8845e2ca0669671d0c7ed8e84e97bfc4?s=96&d=mm&r=g\",\"caption\":\"Laurent Bisault\"},\"sameAs\":[\"https:\\\/\\\/surbooke.fr\\\/wordpress\\\/\",\"https:\\\/\\\/x.com\\\/LaurentBisault\"],\"url\":\"https:\\\/\\\/surbooke.fr\\\/wordpress\\\/author\\\/surbooke\\\/\"}]}<\/script>\n<!-- \/ Yoast SEO plugin. -->","yoast_head_json":{"title":"C\u0153ur du Sahel, Dja\u00efli Amadou Amal, \u00c9ditions Emmanuelle Collas - Surbook\u00e9","description":"Le combat des jeunes filles camerounaises qaui viennent \u00e0 la ville servir comme domestiques.","robots":{"index":"index","follow":"follow","max-snippet":"max-snippet:-1","max-image-preview":"max-image-preview:large","max-video-preview":"max-video-preview:-1"},"canonical":"https:\/\/surbooke.fr\/wordpress\/2022\/07\/11\/coeur-du-sahel-djaili-amadou-amal-editions-emmanuelle-collas\/","og_locale":"fr_FR","og_type":"article","og_title":"C\u0153ur du Sahel, Dja\u00efli Amadou Amal, \u00c9ditions Emmanuelle Collas - Surbook\u00e9","og_description":"Le combat des jeunes filles camerounaises qaui viennent \u00e0 la ville servir comme domestiques.","og_url":"https:\/\/surbooke.fr\/wordpress\/2022\/07\/11\/coeur-du-sahel-djaili-amadou-amal-editions-emmanuelle-collas\/","og_site_name":"Surbook\u00e9","article_published_time":"2022-07-11T04:32:31+00:00","article_modified_time":"2023-02-28T13:46:05+00:00","og_image":[{"width":182,"height":277,"url":"https:\/\/surbooke.fr\/wordpress\/wp-content\/uploads\/2022\/07\/telechargement-1.jpeg","type":"image\/jpeg"}],"author":"Laurent Bisault","twitter_card":"summary_large_image","twitter_creator":"@LaurentBisault","twitter_misc":{"\u00c9crit par":"Laurent Bisault","Dur\u00e9e de lecture estim\u00e9e":"4 minutes"},"schema":{"@context":"https:\/\/schema.org","@graph":[{"@type":"Article","@id":"https:\/\/surbooke.fr\/wordpress\/2022\/07\/11\/coeur-du-sahel-djaili-amadou-amal-editions-emmanuelle-collas\/#article","isPartOf":{"@id":"https:\/\/surbooke.fr\/wordpress\/2022\/07\/11\/coeur-du-sahel-djaili-amadou-amal-editions-emmanuelle-collas\/"},"author":{"name":"Laurent Bisault","@id":"https:\/\/surbooke.fr\/wordpress\/#\/schema\/person\/9c6be4d35203c76182c56b0e974807c6"},"headline":"C\u0153ur du Sahel, Dja\u00efli Amadou Amal, \u00c9ditions Emmanuelle Collas","datePublished":"2022-07-11T04:32:31+00:00","dateModified":"2023-02-28T13:46:05+00:00","mainEntityOfPage":{"@id":"https:\/\/surbooke.fr\/wordpress\/2022\/07\/11\/coeur-du-sahel-djaili-amadou-amal-editions-emmanuelle-collas\/"},"wordCount":834,"commentCount":1,"image":{"@id":"https:\/\/surbooke.fr\/wordpress\/2022\/07\/11\/coeur-du-sahel-djaili-amadou-amal-editions-emmanuelle-collas\/#primaryimage"},"thumbnailUrl":"https:\/\/surbooke.fr\/wordpress\/wp-content\/uploads\/2022\/07\/telechargement-1.jpeg","keywords":["Emmanuelle Collas"],"articleSection":["roman camerounais \ud83c\udde8\ud83c\uddf2"],"inLanguage":"fr-FR","potentialAction":[{"@type":"CommentAction","name":"Comment","target":["https:\/\/surbooke.fr\/wordpress\/2022\/07\/11\/coeur-du-sahel-djaili-amadou-amal-editions-emmanuelle-collas\/#respond"]}]},{"@type":"WebPage","@id":"https:\/\/surbooke.fr\/wordpress\/2022\/07\/11\/coeur-du-sahel-djaili-amadou-amal-editions-emmanuelle-collas\/","url":"https:\/\/surbooke.fr\/wordpress\/2022\/07\/11\/coeur-du-sahel-djaili-amadou-amal-editions-emmanuelle-collas\/","name":"C\u0153ur du Sahel, Dja\u00efli Amadou Amal, \u00c9ditions Emmanuelle Collas - Surbook\u00e9","isPartOf":{"@id":"https:\/\/surbooke.fr\/wordpress\/#website"},"primaryImageOfPage":{"@id":"https:\/\/surbooke.fr\/wordpress\/2022\/07\/11\/coeur-du-sahel-djaili-amadou-amal-editions-emmanuelle-collas\/#primaryimage"},"image":{"@id":"https:\/\/surbooke.fr\/wordpress\/2022\/07\/11\/coeur-du-sahel-djaili-amadou-amal-editions-emmanuelle-collas\/#primaryimage"},"thumbnailUrl":"https:\/\/surbooke.fr\/wordpress\/wp-content\/uploads\/2022\/07\/telechargement-1.jpeg","datePublished":"2022-07-11T04:32:31+00:00","dateModified":"2023-02-28T13:46:05+00:00","author":{"@id":"https:\/\/surbooke.fr\/wordpress\/#\/schema\/person\/9c6be4d35203c76182c56b0e974807c6"},"description":"Le combat des jeunes filles camerounaises qaui viennent \u00e0 la ville servir comme domestiques.","breadcrumb":{"@id":"https:\/\/surbooke.fr\/wordpress\/2022\/07\/11\/coeur-du-sahel-djaili-amadou-amal-editions-emmanuelle-collas\/#breadcrumb"},"inLanguage":"fr-FR","potentialAction":[{"@type":"ReadAction","target":["https:\/\/surbooke.fr\/wordpress\/2022\/07\/11\/coeur-du-sahel-djaili-amadou-amal-editions-emmanuelle-collas\/"]}]},{"@type":"ImageObject","inLanguage":"fr-FR","@id":"https:\/\/surbooke.fr\/wordpress\/2022\/07\/11\/coeur-du-sahel-djaili-amadou-amal-editions-emmanuelle-collas\/#primaryimage","url":"https:\/\/surbooke.fr\/wordpress\/wp-content\/uploads\/2022\/07\/telechargement-1.jpeg","contentUrl":"https:\/\/surbooke.fr\/wordpress\/wp-content\/uploads\/2022\/07\/telechargement-1.jpeg","width":182,"height":277},{"@type":"BreadcrumbList","@id":"https:\/\/surbooke.fr\/wordpress\/2022\/07\/11\/coeur-du-sahel-djaili-amadou-amal-editions-emmanuelle-collas\/#breadcrumb","itemListElement":[{"@type":"ListItem","position":1,"name":"Accueil","item":"https:\/\/surbooke.fr\/wordpress\/"},{"@type":"ListItem","position":2,"name":"C\u0153ur du Sahel, Dja\u00efli Amadou Amal, \u00c9ditions Emmanuelle Collas"}]},{"@type":"WebSite","@id":"https:\/\/surbooke.fr\/wordpress\/#website","url":"https:\/\/surbooke.fr\/wordpress\/","name":"Surbook\u00e9","description":"Le blog de Laurent Bisault","potentialAction":[{"@type":"SearchAction","target":{"@type":"EntryPoint","urlTemplate":"https:\/\/surbooke.fr\/wordpress\/?s={search_term_string}"},"query-input":{"@type":"PropertyValueSpecification","valueRequired":true,"valueName":"search_term_string"}}],"inLanguage":"fr-FR"},{"@type":"Person","@id":"https:\/\/surbooke.fr\/wordpress\/#\/schema\/person\/9c6be4d35203c76182c56b0e974807c6","name":"Laurent Bisault","image":{"@type":"ImageObject","inLanguage":"fr-FR","@id":"https:\/\/secure.gravatar.com\/avatar\/3bcd2efdfc3a3e416bea3223d3dfcd7f8845e2ca0669671d0c7ed8e84e97bfc4?s=96&d=mm&r=g","url":"https:\/\/secure.gravatar.com\/avatar\/3bcd2efdfc3a3e416bea3223d3dfcd7f8845e2ca0669671d0c7ed8e84e97bfc4?s=96&d=mm&r=g","contentUrl":"https:\/\/secure.gravatar.com\/avatar\/3bcd2efdfc3a3e416bea3223d3dfcd7f8845e2ca0669671d0c7ed8e84e97bfc4?s=96&d=mm&r=g","caption":"Laurent Bisault"},"sameAs":["https:\/\/surbooke.fr\/wordpress\/","https:\/\/x.com\/LaurentBisault"],"url":"https:\/\/surbooke.fr\/wordpress\/author\/surbooke\/"}]}},"_links":{"self":[{"href":"https:\/\/surbooke.fr\/wordpress\/wp-json\/wp\/v2\/posts\/18697","targetHints":{"allow":["GET"]}}],"collection":[{"href":"https:\/\/surbooke.fr\/wordpress\/wp-json\/wp\/v2\/posts"}],"about":[{"href":"https:\/\/surbooke.fr\/wordpress\/wp-json\/wp\/v2\/types\/post"}],"author":[{"embeddable":true,"href":"https:\/\/surbooke.fr\/wordpress\/wp-json\/wp\/v2\/users\/8"}],"replies":[{"embeddable":true,"href":"https:\/\/surbooke.fr\/wordpress\/wp-json\/wp\/v2\/comments?post=18697"}],"version-history":[{"count":0,"href":"https:\/\/surbooke.fr\/wordpress\/wp-json\/wp\/v2\/posts\/18697\/revisions"}],"wp:featuredmedia":[{"embeddable":true,"href":"https:\/\/surbooke.fr\/wordpress\/wp-json\/wp\/v2\/media\/18700"}],"wp:attachment":[{"href":"https:\/\/surbooke.fr\/wordpress\/wp-json\/wp\/v2\/media?parent=18697"}],"wp:term":[{"taxonomy":"category","embeddable":true,"href":"https:\/\/surbooke.fr\/wordpress\/wp-json\/wp\/v2\/categories?post=18697"},{"taxonomy":"post_tag","embeddable":true,"href":"https:\/\/surbooke.fr\/wordpress\/wp-json\/wp\/v2\/tags?post=18697"}],"curies":[{"name":"wp","href":"https:\/\/api.w.org\/{rel}","templated":true}]}}