{"id":18946,"date":"2022-07-25T19:24:43","date_gmt":"2022-07-25T17:24:43","guid":{"rendered":"https:\/\/surbooke.fr\/wordpress\/?p=18946"},"modified":"2025-10-22T15:07:25","modified_gmt":"2025-10-22T13:07:25","slug":"la-fabrique-de-la-terreur-frederic-paulin-editions-agullo","status":"publish","type":"post","link":"https:\/\/surbooke.fr\/wordpress\/2022\/07\/25\/la-fabrique-de-la-terreur-frederic-paulin-editions-agullo\/","title":{"rendered":"La fabrique de la terreur, Fr\u00e9d\u00e9ric Paulin, \u00c9ditions Agullo"},"content":{"rendered":"\n<p>2010, Tarek un jeune Tunisien de Sidi Bouzid s&rsquo;immole par le feu. Il n&rsquo;en peut plus des gifles et du racket des policiers qui viennent en plus de lui prendre sa charrette de primeur ambulant. Wassim Kacem a dix-neuf ans, il est amoureux de Maram. Il fait partie des Tunisiens qui hurlent leur col\u00e8re contre le pr\u00e9sident Ben Ali. Il aurait aim\u00e9 \u00eatre m\u00e9canicien mais il n&rsquo;y a pas de travail. Wassim gagne un peu d&rsquo;argent en vendant de l&rsquo;essence ramen\u00e9e d&rsquo;Alg\u00e9rie. \u00c0 Lunel dans l&rsquo;H\u00e9rault Simon s&rsquo;est converti \u00e0 l&rsquo;islam. Il vient d&rsquo;avoir son bac, il a entam\u00e9 des \u00e9tudes informatiques, mais c&rsquo;est sa nouvelle foi qui remplit sa vie. \u00c0 Toulouse la commissaire divisionnaire Laur\u00e9line Fell dirige la DCRI, le service de police en charge du renseignement int\u00e9rieur. Elle a r\u00e9ussi \u00e0 \u00e9viter la prison \u00e0 Tedj Benlazar avec qui elle partage sa vie dans la maison qu&rsquo;elle a achet\u00e9e en Haute-Loire. \u00c0 Pontempeyrat, Tedj qui a d\u00e9pass\u00e9 les soixante ans, se sent bien. Il cherche des champignons avec son ami G\u00e9rard et fait \u00e0 manger \u00e0 Laur\u00e9line quand elle d\u00e9barque. Vanessa la fille de Tedj a d\u00e9missionn\u00e9 du <em>Parisien<\/em>. Elle travaille comme journaliste <em>free-lance<\/em> et r\u00e9alise des documentaires. Sujets privil\u00e9gi\u00e9s : l&rsquo;islamisme et les pays arabes. Son compagnon R\u00e9if Arnotovic n&rsquo;est plus journaliste, il enseigne le fran\u00e7ais en banlieue et veille sur leurs deux fils Arthur et Achille quand Vanessa part \u00e0 l&rsquo;\u00e9tranger.<\/p>\n\n\n\n<blockquote class=\"wp-block-quote is-style-large is-layout-flow wp-block-quote-is-layout-flow\"><p>Ihsane conna\u00eet le jeune Merah<\/p><\/blockquote>\n\n\n\n<p>Toulouse 2011, le lieutenant Bout de l&rsquo;An et la brigadier Ihsane Chaoui surveillent les fr\u00e8res Merah, Abdelkader l&rsquo;a\u00een\u00e9 et Mohamed le second. La polici\u00e8re a quitt\u00e9 sa tenue pour le renseignement parce qu&rsquo;elle est une des rares dans la police \u00e0 parler couramment arabe. Ihsane connait le jeune Merah, elle est au courant de ses s\u00e9jours en prison, de sa personnalit\u00e9 d\u00e9s\u00e9quilibr\u00e9e, de sa radicalisation. Elle n&rsquo;attend rien de bon de sa part. Atef Belhaj est membre de Ennahdha, un parti islamique tunisien. Il a emmen\u00e9 Wassim Kacem et un ses copains \u00e0 Tunis. C&rsquo;est dans la capitale que la r\u00e9volte contre Ben Ali se d\u00e9roule. Belhadj est partisan de l&rsquo;instauration d&rsquo;un califat en Tunisie, un point de vue minoritaire au sein d&rsquo;Ennahdha. Ce parti est certes religieux mais pas r\u00e9trograde, il refuse la th\u00e9ocratie. La plupart des militants sont contre les mariages forc\u00e9s. Alors pour faire avancer sa cause Belhadj recrute des jeunes Tunisiens et les envoie se former en Lybie. L\u00e0-bas Kadhafi est un appui s\u00fbr pour les islamistes.<\/p>\n\n\n\n<blockquote class=\"wp-block-quote is-style-large is-layout-flow wp-block-quote-is-layout-flow\"><p>Pourtant les signes avant-coureurs ont \u00e9t\u00e9 nombreux<\/p><\/blockquote>\n\n\n\n<p>Avec ce dernier volet de sa trilogie consacr\u00e9e au terrorisme islamique Fr\u00e9d\u00e9ric Paulin entre d\u00e9finitivement parmi les grands \u00e9crivains. C&rsquo;est un formidable raconteur d&rsquo;histoires, la vraie que l&rsquo;on conna\u00eet plus ou moins, et celle de ses personnages. Cet ultime tome nous emm\u00e8ne de 2010, date du d\u00e9but des printemps arabes, aux attentats de 2015. Ceux de <em>Charlie Hebdo<\/em> et du Bataclan. Avec une construction d\u00e9moniaque le r\u00e9cit d\u00e9crypte les innombrables rat\u00e9s des services de renseignement qui, de restructurations en c\u00e9cit\u00e9s des hi\u00e9rarchies, refusent de voir arriver l&rsquo;horreur. Pourtant les signes avant-coureurs ont \u00e9t\u00e9 nombreux, des attentats de Bruxelles aux crimes de Mohamed Merah. La monstrueuse guerre syrienne \u00e9tait \u00e9galement riche de ce qui allait se passer en Europe. Mais Ben Laden abattu, l&rsquo;Am\u00e9rique s&rsquo;en est r\u00e9jouie et a feint d&rsquo;ignorer que le djihad allait continuer avec Al-Qa\u00efda et d&rsquo;autres organisations. En France les services du renseignement se sont crus sauv\u00e9s par la fin de la guerre civile alg\u00e9rienne. Tout au plus la politique ext\u00e9rieure du pays a-t-elle \u00e9volu\u00e9. Kadhafi l&rsquo;alli\u00e9 qu&rsquo;on avait hier autoris\u00e9 \u00e0 planter sa tente dans les jardins de l&rsquo;\u00c9lys\u00e9e est devenu l&rsquo;ennemi \u00e0 abattre. On avait envisag\u00e9 de lui vendre du nucl\u00e9aire, on le pr\u00e9sente d\u00e9sormais comme le repr\u00e9sentant du mal. Aurait-on des traces \u00e0 faire dispara\u00eetre ?<\/p>\n\n\n\n<p><strong>Qu&rsquo;en dit <em>Bibliosurf<\/em> ?<\/strong><br><a href=\"https:\/\/www.bibliosurf.com\/La-fabrique-de-la-terreur.html\">https:\/\/www.bibliosurf.com\/La-fabrique-de-la-terreur.html<\/a><\/p>\n\n\n\n<div style=\"padding:20px\" class=\"wp-block-tnp-minimal\"><p><strong>Abonnez-vous pour \u00eatre averti des nouvelles chroniques !<\/strong><\/p><div><div class=\"tnp tnp-subscription-minimal  \"><form action=\"https:\/\/surbooke.fr\/wordpress\/wp-admin\/admin-ajax.php?action=tnp&amp;na=s\" method=\"post\" style=\"text-align: center\"><input type=\"hidden\" name=\"nr\" value=\"minimal\">\n<input type=\"hidden\" name=\"nlang\" value=\"\">\n<input class=\"tnp-email\" type=\"email\" required name=\"ne\" value=\"\" placeholder=\"Email\"><input class=\"tnp-submit\" type=\"submit\" value=\"S&#039;abonner\" style=\"\">\n<div class=\"tnp-field tnp-privacy-field\"><label><input type=\"checkbox\" name=\"ny\" required class=\"tnp-privacy\"> En continuant, vous acceptez la politique de confidentialit\u00e9<\/label><\/div><\/form><\/div>\n<\/div><\/div>\n","protected":false},"excerpt":{"rendered":"<p>2010, Tarek un jeune Tunisien de Sidi Bouzid s&rsquo;immole par le feu. Il n&rsquo;en peut plus des gifles et du racket des policiers qui viennent en plus de lui prendre sa charrette de primeur ambulant. Wassim Kacem a dix-neuf ans, il est amoureux de Maram. Il fait partie des Tunisiens qui hurlent leur col\u00e8re contre [&hellip;]<\/p>\n","protected":false},"author":8,"featured_media":34006,"comment_status":"open","ping_status":"open","sticky":false,"template":"","format":"standard","meta":{"footnotes":""},"categories":[26,2,3],"tags":[4],"class_list":["post-18946","post","type-post","status-publish","format-standard","has-post-thumbnail","hentry","category-histoire","category-roman-noir","category-coup-de-coeur","tag-agullo"],"yoast_head":"<!-- This site is optimized with the Yoast SEO plugin v27.4 - https:\/\/yoast.com\/product\/yoast-seo-wordpress\/ -->\n<title>La fabrique de la terreur, Fr\u00e9d\u00e9ric Paulin, \u00c9ditions Agullo - Surbook\u00e9<\/title>\n<meta name=\"description\" content=\"Troisi\u00e8me volet de la trilogie Benlazar La fabrique de la terreur nous fait revivre la mont\u00e9e du terrorisme des r\u00e9volutions arabes aux attentats de 2015\" \/>\n<meta name=\"robots\" content=\"index, follow, max-snippet:-1, max-image-preview:large, max-video-preview:-1\" \/>\n<link rel=\"canonical\" href=\"https:\/\/surbooke.fr\/wordpress\/2022\/07\/25\/la-fabrique-de-la-terreur-frederic-paulin-editions-agullo\/\" \/>\n<meta property=\"og:locale\" content=\"fr_FR\" \/>\n<meta property=\"og:type\" content=\"article\" \/>\n<meta property=\"og:title\" content=\"La fabrique de la terreur, Fr\u00e9d\u00e9ric Paulin, \u00c9ditions Agullo - Surbook\u00e9\" \/>\n<meta property=\"og:description\" content=\"Troisi\u00e8me volet de la trilogie Benlazar La fabrique de la terreur nous fait revivre la mont\u00e9e du terrorisme des r\u00e9volutions arabes aux attentats de 2015\" \/>\n<meta property=\"og:url\" content=\"https:\/\/surbooke.fr\/wordpress\/2022\/07\/25\/la-fabrique-de-la-terreur-frederic-paulin-editions-agullo\/\" \/>\n<meta property=\"og:site_name\" content=\"Surbook\u00e9\" \/>\n<meta property=\"article:published_time\" content=\"2022-07-25T17:24:43+00:00\" \/>\n<meta property=\"article:modified_time\" content=\"2025-10-22T13:07:25+00:00\" \/>\n<meta property=\"og:image\" content=\"https:\/\/surbooke.fr\/wordpress\/wp-content\/uploads\/2022\/07\/La-fabrique-de-la-terreur-e1761138234590.jpg\" \/>\n\t<meta property=\"og:image:width\" content=\"400\" \/>\n\t<meta property=\"og:image:height\" content=\"590\" \/>\n\t<meta property=\"og:image:type\" content=\"image\/jpeg\" \/>\n<meta name=\"author\" content=\"Laurent Bisault\" \/>\n<meta name=\"twitter:card\" content=\"summary_large_image\" \/>\n<meta name=\"twitter:creator\" content=\"@LaurentBisault\" \/>\n<meta name=\"twitter:label1\" content=\"\u00c9crit par\" \/>\n\t<meta name=\"twitter:data1\" content=\"Laurent Bisault\" \/>\n\t<meta name=\"twitter:label2\" content=\"Dur\u00e9e de lecture estim\u00e9e\" \/>\n\t<meta name=\"twitter:data2\" content=\"4 minutes\" \/>\n<script type=\"application\/ld+json\" class=\"yoast-schema-graph\">{\"@context\":\"https:\\\/\\\/schema.org\",\"@graph\":[{\"@type\":\"Article\",\"@id\":\"https:\\\/\\\/surbooke.fr\\\/wordpress\\\/2022\\\/07\\\/25\\\/la-fabrique-de-la-terreur-frederic-paulin-editions-agullo\\\/#article\",\"isPartOf\":{\"@id\":\"https:\\\/\\\/surbooke.fr\\\/wordpress\\\/2022\\\/07\\\/25\\\/la-fabrique-de-la-terreur-frederic-paulin-editions-agullo\\\/\"},\"author\":{\"name\":\"Laurent Bisault\",\"@id\":\"https:\\\/\\\/surbooke.fr\\\/wordpress\\\/#\\\/schema\\\/person\\\/9c6be4d35203c76182c56b0e974807c6\"},\"headline\":\"La fabrique de la terreur, Fr\u00e9d\u00e9ric Paulin, \u00c9ditions Agullo\",\"datePublished\":\"2022-07-25T17:24:43+00:00\",\"dateModified\":\"2025-10-22T13:07:25+00:00\",\"mainEntityOfPage\":{\"@id\":\"https:\\\/\\\/surbooke.fr\\\/wordpress\\\/2022\\\/07\\\/25\\\/la-fabrique-de-la-terreur-frederic-paulin-editions-agullo\\\/\"},\"wordCount\":739,\"commentCount\":0,\"image\":{\"@id\":\"https:\\\/\\\/surbooke.fr\\\/wordpress\\\/2022\\\/07\\\/25\\\/la-fabrique-de-la-terreur-frederic-paulin-editions-agullo\\\/#primaryimage\"},\"thumbnailUrl\":\"https:\\\/\\\/surbooke.fr\\\/wordpress\\\/wp-content\\\/uploads\\\/2022\\\/07\\\/La-fabrique-de-la-terreur-e1761138234590.jpg\",\"keywords\":[\"Agullo\"],\"articleSection\":[\"histoire\",\"roman noir\",\"\ud83e\udd0d\"],\"inLanguage\":\"fr-FR\",\"potentialAction\":[{\"@type\":\"CommentAction\",\"name\":\"Comment\",\"target\":[\"https:\\\/\\\/surbooke.fr\\\/wordpress\\\/2022\\\/07\\\/25\\\/la-fabrique-de-la-terreur-frederic-paulin-editions-agullo\\\/#respond\"]}]},{\"@type\":\"WebPage\",\"@id\":\"https:\\\/\\\/surbooke.fr\\\/wordpress\\\/2022\\\/07\\\/25\\\/la-fabrique-de-la-terreur-frederic-paulin-editions-agullo\\\/\",\"url\":\"https:\\\/\\\/surbooke.fr\\\/wordpress\\\/2022\\\/07\\\/25\\\/la-fabrique-de-la-terreur-frederic-paulin-editions-agullo\\\/\",\"name\":\"La fabrique de la terreur, Fr\u00e9d\u00e9ric Paulin, \u00c9ditions Agullo - Surbook\u00e9\",\"isPartOf\":{\"@id\":\"https:\\\/\\\/surbooke.fr\\\/wordpress\\\/#website\"},\"primaryImageOfPage\":{\"@id\":\"https:\\\/\\\/surbooke.fr\\\/wordpress\\\/2022\\\/07\\\/25\\\/la-fabrique-de-la-terreur-frederic-paulin-editions-agullo\\\/#primaryimage\"},\"image\":{\"@id\":\"https:\\\/\\\/surbooke.fr\\\/wordpress\\\/2022\\\/07\\\/25\\\/la-fabrique-de-la-terreur-frederic-paulin-editions-agullo\\\/#primaryimage\"},\"thumbnailUrl\":\"https:\\\/\\\/surbooke.fr\\\/wordpress\\\/wp-content\\\/uploads\\\/2022\\\/07\\\/La-fabrique-de-la-terreur-e1761138234590.jpg\",\"datePublished\":\"2022-07-25T17:24:43+00:00\",\"dateModified\":\"2025-10-22T13:07:25+00:00\",\"author\":{\"@id\":\"https:\\\/\\\/surbooke.fr\\\/wordpress\\\/#\\\/schema\\\/person\\\/9c6be4d35203c76182c56b0e974807c6\"},\"description\":\"Troisi\u00e8me volet de la trilogie Benlazar La fabrique de la terreur nous fait revivre la mont\u00e9e du terrorisme des r\u00e9volutions arabes aux attentats de 2015\",\"breadcrumb\":{\"@id\":\"https:\\\/\\\/surbooke.fr\\\/wordpress\\\/2022\\\/07\\\/25\\\/la-fabrique-de-la-terreur-frederic-paulin-editions-agullo\\\/#breadcrumb\"},\"inLanguage\":\"fr-FR\",\"potentialAction\":[{\"@type\":\"ReadAction\",\"target\":[\"https:\\\/\\\/surbooke.fr\\\/wordpress\\\/2022\\\/07\\\/25\\\/la-fabrique-de-la-terreur-frederic-paulin-editions-agullo\\\/\"]}]},{\"@type\":\"ImageObject\",\"inLanguage\":\"fr-FR\",\"@id\":\"https:\\\/\\\/surbooke.fr\\\/wordpress\\\/2022\\\/07\\\/25\\\/la-fabrique-de-la-terreur-frederic-paulin-editions-agullo\\\/#primaryimage\",\"url\":\"https:\\\/\\\/surbooke.fr\\\/wordpress\\\/wp-content\\\/uploads\\\/2022\\\/07\\\/La-fabrique-de-la-terreur-e1761138234590.jpg\",\"contentUrl\":\"https:\\\/\\\/surbooke.fr\\\/wordpress\\\/wp-content\\\/uploads\\\/2022\\\/07\\\/La-fabrique-de-la-terreur-e1761138234590.jpg\",\"width\":400,\"height\":590},{\"@type\":\"BreadcrumbList\",\"@id\":\"https:\\\/\\\/surbooke.fr\\\/wordpress\\\/2022\\\/07\\\/25\\\/la-fabrique-de-la-terreur-frederic-paulin-editions-agullo\\\/#breadcrumb\",\"itemListElement\":[{\"@type\":\"ListItem\",\"position\":1,\"name\":\"Accueil\",\"item\":\"https:\\\/\\\/surbooke.fr\\\/wordpress\\\/\"},{\"@type\":\"ListItem\",\"position\":2,\"name\":\"La fabrique de la terreur, Fr\u00e9d\u00e9ric Paulin, \u00c9ditions Agullo\"}]},{\"@type\":\"WebSite\",\"@id\":\"https:\\\/\\\/surbooke.fr\\\/wordpress\\\/#website\",\"url\":\"https:\\\/\\\/surbooke.fr\\\/wordpress\\\/\",\"name\":\"Surbook\u00e9\",\"description\":\"Le blog de Laurent Bisault\",\"potentialAction\":[{\"@type\":\"SearchAction\",\"target\":{\"@type\":\"EntryPoint\",\"urlTemplate\":\"https:\\\/\\\/surbooke.fr\\\/wordpress\\\/?s={search_term_string}\"},\"query-input\":{\"@type\":\"PropertyValueSpecification\",\"valueRequired\":true,\"valueName\":\"search_term_string\"}}],\"inLanguage\":\"fr-FR\"},{\"@type\":\"Person\",\"@id\":\"https:\\\/\\\/surbooke.fr\\\/wordpress\\\/#\\\/schema\\\/person\\\/9c6be4d35203c76182c56b0e974807c6\",\"name\":\"Laurent Bisault\",\"image\":{\"@type\":\"ImageObject\",\"inLanguage\":\"fr-FR\",\"@id\":\"https:\\\/\\\/secure.gravatar.com\\\/avatar\\\/3bcd2efdfc3a3e416bea3223d3dfcd7f8845e2ca0669671d0c7ed8e84e97bfc4?s=96&d=mm&r=g\",\"url\":\"https:\\\/\\\/secure.gravatar.com\\\/avatar\\\/3bcd2efdfc3a3e416bea3223d3dfcd7f8845e2ca0669671d0c7ed8e84e97bfc4?s=96&d=mm&r=g\",\"contentUrl\":\"https:\\\/\\\/secure.gravatar.com\\\/avatar\\\/3bcd2efdfc3a3e416bea3223d3dfcd7f8845e2ca0669671d0c7ed8e84e97bfc4?s=96&d=mm&r=g\",\"caption\":\"Laurent Bisault\"},\"sameAs\":[\"https:\\\/\\\/surbooke.fr\\\/wordpress\\\/\",\"https:\\\/\\\/x.com\\\/LaurentBisault\"],\"url\":\"https:\\\/\\\/surbooke.fr\\\/wordpress\\\/author\\\/surbooke\\\/\"}]}<\/script>\n<!-- \/ Yoast SEO plugin. -->","yoast_head_json":{"title":"La fabrique de la terreur, Fr\u00e9d\u00e9ric Paulin, \u00c9ditions Agullo - Surbook\u00e9","description":"Troisi\u00e8me volet de la trilogie Benlazar La fabrique de la terreur nous fait revivre la mont\u00e9e du terrorisme des r\u00e9volutions arabes aux attentats de 2015","robots":{"index":"index","follow":"follow","max-snippet":"max-snippet:-1","max-image-preview":"max-image-preview:large","max-video-preview":"max-video-preview:-1"},"canonical":"https:\/\/surbooke.fr\/wordpress\/2022\/07\/25\/la-fabrique-de-la-terreur-frederic-paulin-editions-agullo\/","og_locale":"fr_FR","og_type":"article","og_title":"La fabrique de la terreur, Fr\u00e9d\u00e9ric Paulin, \u00c9ditions Agullo - Surbook\u00e9","og_description":"Troisi\u00e8me volet de la trilogie Benlazar La fabrique de la terreur nous fait revivre la mont\u00e9e du terrorisme des r\u00e9volutions arabes aux attentats de 2015","og_url":"https:\/\/surbooke.fr\/wordpress\/2022\/07\/25\/la-fabrique-de-la-terreur-frederic-paulin-editions-agullo\/","og_site_name":"Surbook\u00e9","article_published_time":"2022-07-25T17:24:43+00:00","article_modified_time":"2025-10-22T13:07:25+00:00","og_image":[{"width":400,"height":590,"url":"https:\/\/surbooke.fr\/wordpress\/wp-content\/uploads\/2022\/07\/La-fabrique-de-la-terreur-e1761138234590.jpg","type":"image\/jpeg"}],"author":"Laurent Bisault","twitter_card":"summary_large_image","twitter_creator":"@LaurentBisault","twitter_misc":{"\u00c9crit par":"Laurent Bisault","Dur\u00e9e de lecture estim\u00e9e":"4 minutes"},"schema":{"@context":"https:\/\/schema.org","@graph":[{"@type":"Article","@id":"https:\/\/surbooke.fr\/wordpress\/2022\/07\/25\/la-fabrique-de-la-terreur-frederic-paulin-editions-agullo\/#article","isPartOf":{"@id":"https:\/\/surbooke.fr\/wordpress\/2022\/07\/25\/la-fabrique-de-la-terreur-frederic-paulin-editions-agullo\/"},"author":{"name":"Laurent Bisault","@id":"https:\/\/surbooke.fr\/wordpress\/#\/schema\/person\/9c6be4d35203c76182c56b0e974807c6"},"headline":"La fabrique de la terreur, Fr\u00e9d\u00e9ric Paulin, \u00c9ditions Agullo","datePublished":"2022-07-25T17:24:43+00:00","dateModified":"2025-10-22T13:07:25+00:00","mainEntityOfPage":{"@id":"https:\/\/surbooke.fr\/wordpress\/2022\/07\/25\/la-fabrique-de-la-terreur-frederic-paulin-editions-agullo\/"},"wordCount":739,"commentCount":0,"image":{"@id":"https:\/\/surbooke.fr\/wordpress\/2022\/07\/25\/la-fabrique-de-la-terreur-frederic-paulin-editions-agullo\/#primaryimage"},"thumbnailUrl":"https:\/\/surbooke.fr\/wordpress\/wp-content\/uploads\/2022\/07\/La-fabrique-de-la-terreur-e1761138234590.jpg","keywords":["Agullo"],"articleSection":["histoire","roman noir","\ud83e\udd0d"],"inLanguage":"fr-FR","potentialAction":[{"@type":"CommentAction","name":"Comment","target":["https:\/\/surbooke.fr\/wordpress\/2022\/07\/25\/la-fabrique-de-la-terreur-frederic-paulin-editions-agullo\/#respond"]}]},{"@type":"WebPage","@id":"https:\/\/surbooke.fr\/wordpress\/2022\/07\/25\/la-fabrique-de-la-terreur-frederic-paulin-editions-agullo\/","url":"https:\/\/surbooke.fr\/wordpress\/2022\/07\/25\/la-fabrique-de-la-terreur-frederic-paulin-editions-agullo\/","name":"La fabrique de la terreur, Fr\u00e9d\u00e9ric Paulin, \u00c9ditions Agullo - Surbook\u00e9","isPartOf":{"@id":"https:\/\/surbooke.fr\/wordpress\/#website"},"primaryImageOfPage":{"@id":"https:\/\/surbooke.fr\/wordpress\/2022\/07\/25\/la-fabrique-de-la-terreur-frederic-paulin-editions-agullo\/#primaryimage"},"image":{"@id":"https:\/\/surbooke.fr\/wordpress\/2022\/07\/25\/la-fabrique-de-la-terreur-frederic-paulin-editions-agullo\/#primaryimage"},"thumbnailUrl":"https:\/\/surbooke.fr\/wordpress\/wp-content\/uploads\/2022\/07\/La-fabrique-de-la-terreur-e1761138234590.jpg","datePublished":"2022-07-25T17:24:43+00:00","dateModified":"2025-10-22T13:07:25+00:00","author":{"@id":"https:\/\/surbooke.fr\/wordpress\/#\/schema\/person\/9c6be4d35203c76182c56b0e974807c6"},"description":"Troisi\u00e8me volet de la trilogie Benlazar La fabrique de la terreur nous fait revivre la mont\u00e9e du terrorisme des r\u00e9volutions arabes aux attentats de 2015","breadcrumb":{"@id":"https:\/\/surbooke.fr\/wordpress\/2022\/07\/25\/la-fabrique-de-la-terreur-frederic-paulin-editions-agullo\/#breadcrumb"},"inLanguage":"fr-FR","potentialAction":[{"@type":"ReadAction","target":["https:\/\/surbooke.fr\/wordpress\/2022\/07\/25\/la-fabrique-de-la-terreur-frederic-paulin-editions-agullo\/"]}]},{"@type":"ImageObject","inLanguage":"fr-FR","@id":"https:\/\/surbooke.fr\/wordpress\/2022\/07\/25\/la-fabrique-de-la-terreur-frederic-paulin-editions-agullo\/#primaryimage","url":"https:\/\/surbooke.fr\/wordpress\/wp-content\/uploads\/2022\/07\/La-fabrique-de-la-terreur-e1761138234590.jpg","contentUrl":"https:\/\/surbooke.fr\/wordpress\/wp-content\/uploads\/2022\/07\/La-fabrique-de-la-terreur-e1761138234590.jpg","width":400,"height":590},{"@type":"BreadcrumbList","@id":"https:\/\/surbooke.fr\/wordpress\/2022\/07\/25\/la-fabrique-de-la-terreur-frederic-paulin-editions-agullo\/#breadcrumb","itemListElement":[{"@type":"ListItem","position":1,"name":"Accueil","item":"https:\/\/surbooke.fr\/wordpress\/"},{"@type":"ListItem","position":2,"name":"La fabrique de la terreur, Fr\u00e9d\u00e9ric Paulin, \u00c9ditions Agullo"}]},{"@type":"WebSite","@id":"https:\/\/surbooke.fr\/wordpress\/#website","url":"https:\/\/surbooke.fr\/wordpress\/","name":"Surbook\u00e9","description":"Le blog de Laurent Bisault","potentialAction":[{"@type":"SearchAction","target":{"@type":"EntryPoint","urlTemplate":"https:\/\/surbooke.fr\/wordpress\/?s={search_term_string}"},"query-input":{"@type":"PropertyValueSpecification","valueRequired":true,"valueName":"search_term_string"}}],"inLanguage":"fr-FR"},{"@type":"Person","@id":"https:\/\/surbooke.fr\/wordpress\/#\/schema\/person\/9c6be4d35203c76182c56b0e974807c6","name":"Laurent Bisault","image":{"@type":"ImageObject","inLanguage":"fr-FR","@id":"https:\/\/secure.gravatar.com\/avatar\/3bcd2efdfc3a3e416bea3223d3dfcd7f8845e2ca0669671d0c7ed8e84e97bfc4?s=96&d=mm&r=g","url":"https:\/\/secure.gravatar.com\/avatar\/3bcd2efdfc3a3e416bea3223d3dfcd7f8845e2ca0669671d0c7ed8e84e97bfc4?s=96&d=mm&r=g","contentUrl":"https:\/\/secure.gravatar.com\/avatar\/3bcd2efdfc3a3e416bea3223d3dfcd7f8845e2ca0669671d0c7ed8e84e97bfc4?s=96&d=mm&r=g","caption":"Laurent Bisault"},"sameAs":["https:\/\/surbooke.fr\/wordpress\/","https:\/\/x.com\/LaurentBisault"],"url":"https:\/\/surbooke.fr\/wordpress\/author\/surbooke\/"}]}},"_links":{"self":[{"href":"https:\/\/surbooke.fr\/wordpress\/wp-json\/wp\/v2\/posts\/18946","targetHints":{"allow":["GET"]}}],"collection":[{"href":"https:\/\/surbooke.fr\/wordpress\/wp-json\/wp\/v2\/posts"}],"about":[{"href":"https:\/\/surbooke.fr\/wordpress\/wp-json\/wp\/v2\/types\/post"}],"author":[{"embeddable":true,"href":"https:\/\/surbooke.fr\/wordpress\/wp-json\/wp\/v2\/users\/8"}],"replies":[{"embeddable":true,"href":"https:\/\/surbooke.fr\/wordpress\/wp-json\/wp\/v2\/comments?post=18946"}],"version-history":[{"count":0,"href":"https:\/\/surbooke.fr\/wordpress\/wp-json\/wp\/v2\/posts\/18946\/revisions"}],"wp:featuredmedia":[{"embeddable":true,"href":"https:\/\/surbooke.fr\/wordpress\/wp-json\/wp\/v2\/media\/34006"}],"wp:attachment":[{"href":"https:\/\/surbooke.fr\/wordpress\/wp-json\/wp\/v2\/media?parent=18946"}],"wp:term":[{"taxonomy":"category","embeddable":true,"href":"https:\/\/surbooke.fr\/wordpress\/wp-json\/wp\/v2\/categories?post=18946"},{"taxonomy":"post_tag","embeddable":true,"href":"https:\/\/surbooke.fr\/wordpress\/wp-json\/wp\/v2\/tags?post=18946"}],"curies":[{"name":"wp","href":"https:\/\/api.w.org\/{rel}","templated":true}]}}