{"id":20274,"date":"2022-09-11T19:58:11","date_gmt":"2022-09-11T17:58:11","guid":{"rendered":"https:\/\/surbooke.fr\/wordpress\/?p=20274"},"modified":"2023-02-28T14:49:27","modified_gmt":"2023-02-28T13:49:27","slug":"collapsus-thomas-bronnec-editions-gallimard","status":"publish","type":"post","link":"https:\/\/surbooke.fr\/wordpress\/2022\/09\/11\/collapsus-thomas-bronnec-editions-gallimard\/","title":{"rendered":"Collapsus, Thomas Bronnec, \u00c9ditions Gallimard"},"content":{"rendered":"\n<blockquote class=\"wp-block-quote is-layout-flow wp-block-quote-is-layout-flow\"><p><\/p><\/blockquote>\n\n\n\n<p>Pierre Savidan \u00e9tait  arriv\u00e9 au pouvoir par hasard. C&rsquo;est du moins ce que disaient ses opposants. Il avait pourtant \u00e9t\u00e9 \u00e9lu quatre ans plus t\u00f4t \u00e0 la pr\u00e9sidence de la R\u00e9publique, avec 50,5 % des voix face \u00e0 Violaine Roy la candidate issue des d\u00e9combres du Rassemblement national et des R\u00e9publicains. Aucun argument juridique ne pouvait contester sa l\u00e9gitimit\u00e9, et surtout pas le petit nombre de voix dont il avait b\u00e9n\u00e9fici\u00e9. L&rsquo;\u00e9poque \u00e9tait \u00e0 la d\u00e9fiance et \u00e0 la disparition des partis dits de gouvernement. Savidan n&rsquo;avait rien d&rsquo;un homme politique. Celui que certains qualifiaient de gourou venait du monde associatif  o\u00f9 il avait \u0153uvr\u00e9 pendant vingt ann\u00e9es. Il y avait certes un peu d\u00e9rap\u00e9 en promouvant une alimentation saine plut\u00f4t que la m\u00e9decine traditionnelle. Mais c&rsquo;\u00e9tait il y a longtemps et il s&rsquo;en \u00e9tait excus\u00e9. Il avait aussi gagn\u00e9 beaucoup d&rsquo;argent avec ses stages et tout ce qu&rsquo;il vendait sur son site. Pour dire la v\u00e9rit\u00e9 il avait \u00e9t\u00e9 \u00e9lu parce qu&rsquo;il \u00e9tait celui qui faisait le moins peur. Il avait \u00e9galement s\u00e9duit en annon\u00e7ant qu&rsquo;il prot\u00e9gerait l&rsquo;environnement. Il s&rsquo;y attela en instaurant le 100 % bio dans les cantines et en investissant dans l&rsquo;isolation des passoires thermiques et les mobilit\u00e9s douces. C&rsquo;est ensuite que tout avait d\u00e9marr\u00e9. Sa strat\u00e9gie nationale d&rsquo;\u00e9limination du carbone avait provoqu\u00e9 une effroyable r\u00e9cession. En privil\u00e9giant les circuits courts, en taxant les exportations pour \u00e9conomiser le CO2, elle avait frein\u00e9 les PME qui devaient faire tourner leurs groupes \u00e9lectrog\u00e8nes quand l&rsquo;\u00e9lectricit\u00e9 \u00e9tait coup\u00e9e suite \u00e0 l&rsquo;arr\u00eat des centrales nucl\u00e9aires. C&rsquo;est alors qu&rsquo;\u00e9tait apparu le <em>Scoring<\/em> \u00e9cologique individuel qui mesurait l&rsquo;engagement des citoyens dans le nouveau projet collectif de la nation. Il n&rsquo;\u00e9tait pas obligatoire car le Conseil constitutionnel s&rsquo;y \u00e9tait oppos\u00e9. Mais quand on \u00e9tait bien not\u00e9 on payait moins d&rsquo;imp\u00f4ts ce dont tout le monde avait envie. On pouvait toutefois \u00ab r\u00e9cup\u00e9rer \u00bb ses points en allant \u00e9tudier les bonnes pratiques dans des centres de r\u00e9\u00e9ducation : covoiturage, nocivit\u00e9 des voyages en avion, r\u00e9duction de la consommation de viande. On expliqua ensuite combien il \u00e9tait mauvais de faire des enfants. Puis le pays se crispa et tout d\u00e9rapa.<\/p>\n\n\n\n<blockquote class=\"wp-block-quote is-style-large is-layout-flow wp-block-quote-is-layout-flow\"><p>On pense \u00e0 Trump, au mouvement cinq \u00e9toiles italien et aux partis d\u2019extr\u00eame droite ou n\u00e9ofascistes transalpins<\/p><\/blockquote>\n\n\n\n<p>Thomas Bronnec creuse depuis longtemps son sillon d&rsquo;auteur dont les personnages gravitent autour du pouvoir. <a href=\"http:\/\/surbooke.fr\/wordpress\/?p=1191\" target=\"_blank\" rel=\"noreferrer noopener\"><strong><em>Les initi\u00e9<\/em>s<\/strong><\/a>, <em><a href=\"https:\/\/surbooke.fr\/wordpress\/2017\/05\/02\/en-pays-conquis-thomas-bronnec-editions-gallimard\/\" target=\"_blank\" rel=\"noreferrer noopener\"><strong>En pays conquis<\/strong><\/a><\/em>, <em><a href=\"https:\/\/surbooke.fr\/wordpress\/2019\/11\/06\/la-meute-thomas-bronnec-editions-les-arenes\/\" target=\"_blank\" rel=\"noreferrer noopener\"><strong>La meute<\/strong><\/a><\/em> ont \u00e9t\u00e9 pr\u00e9sent\u00e9s sur ce blog. Il r\u00e9it\u00e8re avec ce roman d&rsquo;anticipation qui nous fait tutoyer l&rsquo;horreur. Comme dans sa trilogie, Bronnec s&rsquo;inspire de ce qu&rsquo;il observe de ses yeux de journaliste. On peut lire <em>Collapsus<\/em> comme une d\u00e9nonciation des Amish et des Khmers verts, en expliquant que le projet \u00e9cologique est attentatoire aux libert\u00e9s. Mais ce serait trop r\u00e9ducteur. Le roman traite tout autant de l&rsquo;accession au pouvoir de personnages qui profitent de la d\u00e9composition du monde politique. On pense \u00e0 Trump, au mouvement cinq \u00e9toiles italien et aux partis d&rsquo;extr\u00eame droite ou n\u00e9ofascistes transalpins. Le r\u00e9cit fait r\u00e9fl\u00e9chir sur les institutions fran\u00e7aises de la Ve R\u00e9publique. Stables, qui ont su s&rsquo;adapter \u00e0 tant de changements politiques, mais qui comportent en leur sein un article 16 tellement inqui\u00e9tant. <em>Collapsus<\/em> c&rsquo;est \u00e9galement une r\u00e9flexion sur toutes les faiblesses, bassesses, trahisons de nos dirigeants. C&rsquo;est le r\u00e9cits des combats entre les lignes dures incarn\u00e9es dans le roman par Fanny Roussel, une conseill\u00e8re occulte de Savidan. Et les tendances plus conciliantes repr\u00e9sent\u00e9es par <meta http-equiv=\"content-type\" content=\"text\/html; charset=utf-8\">Lisa Viansson, une prise de guerre de Savidan \u00e9ject\u00e9e du gouvernement pr\u00e9c\u00e9dent et qui a rejoint la dynamique du nouveau pouvoir pour se venger. Vous y ajoutez une bonne dose de sexe, d\u00e9j\u00e0 bien pr\u00e9sente dans <em>La<\/em> <em>meute<\/em> et vous vous trouvez devant une question quasi insoluble. Peut-on transformer la soci\u00e9t\u00e9 pour son bien en franchissant la ligne jaune des libert\u00e9s publiques, compte tenu des comportements humains ? R\u00e9ponse attendue dans les plus brefs d\u00e9lais, la catastrophe climatique s&rsquo;annon\u00e7ant jour apr\u00e8s jour toujours plus certaine.<\/p>\n\n\n\n<p><meta http-equiv=\"content-type\" content=\"text\/html; charset=utf-8\"><strong>Qu&rsquo;en dit <em>Bibliosurf<\/em> ?<\/strong><br><a href=\"https:\/\/www.bibliosurf.com\/Le-Soldat-desaccorde.html\">l<\/a><a href=\"https:\/\/www.bibliosurf.com\/Collapsus.html\">https:\/\/www.bibliosurf.com\/Collapsus.html<\/a><\/p>\n\n\n\n<div style=\"padding:20px\" class=\"wp-block-tnp-minimal\"><p><strong>Abonnez-vous pour \u00eatre averti des nouvelles chroniques !<\/strong><\/p><div><div class=\"tnp tnp-subscription-minimal  \"><form action=\"https:\/\/surbooke.fr\/wordpress\/wp-admin\/admin-ajax.php?action=tnp&amp;na=s\" method=\"post\" style=\"text-align: center\"><input type=\"hidden\" name=\"nr\" value=\"minimal\">\n<input type=\"hidden\" name=\"nlang\" value=\"\">\n<input class=\"tnp-email\" type=\"email\" required name=\"ne\" value=\"\" placeholder=\"Email\"><input class=\"tnp-submit\" type=\"submit\" value=\"S&#039;abonner\" style=\"\">\n<div class=\"tnp-field tnp-privacy-field\"><label><input type=\"checkbox\" name=\"ny\" required class=\"tnp-privacy\"> En continuant, vous acceptez la politique de confidentialit\u00e9<\/label><\/div><\/form><\/div>\n<\/div><\/div>\n","protected":false},"excerpt":{"rendered":"<p>Pierre Savidan \u00e9tait arriv\u00e9 au pouvoir par hasard. C&rsquo;est du moins ce que disaient ses opposants. Il avait pourtant \u00e9t\u00e9 \u00e9lu quatre ans plus t\u00f4t \u00e0 la pr\u00e9sidence de la R\u00e9publique, avec 50,5 % des voix face \u00e0 Violaine Roy la candidate issue des d\u00e9combres du Rassemblement national et des R\u00e9publicains. Aucun argument juridique ne [&hellip;]<\/p>\n","protected":false},"author":8,"featured_media":20275,"comment_status":"open","ping_status":"open","sticky":false,"template":"","format":"standard","meta":{"footnotes":""},"categories":[6],"tags":[27],"class_list":["post-20274","post","type-post","status-publish","format-standard","has-post-thumbnail","hentry","category-roman-policier-thriller","tag-gallimard"],"yoast_head":"<!-- This site is optimized with the Yoast SEO plugin v27.5 - https:\/\/yoast.com\/product\/yoast-seo-wordpress\/ -->\n<title>Collapsus, Thomas Bronnec, \u00c9ditions Gallimard - Surbook\u00e9<\/title>\n<meta name=\"description\" content=\"Pierre Savidan a \u00e9t\u00e9 \u00e9lu pr\u00e9sident de la R\u00e9publique et il s&#039;appr\u00eate \u00e0 transformer la soci\u00e9t\u00e9 pour \u00e9viter la catastrophe climatique. En r\u00e9interp\u00e9tant \u00e0 sa fa\u00e7on le concept de libert\u00e9.\" \/>\n<meta name=\"robots\" content=\"index, follow, max-snippet:-1, max-image-preview:large, max-video-preview:-1\" \/>\n<link rel=\"canonical\" href=\"https:\/\/surbooke.fr\/wordpress\/2022\/09\/11\/collapsus-thomas-bronnec-editions-gallimard\/\" \/>\n<meta property=\"og:locale\" content=\"fr_FR\" \/>\n<meta property=\"og:type\" content=\"article\" \/>\n<meta property=\"og:title\" content=\"Collapsus, Thomas Bronnec, \u00c9ditions Gallimard - Surbook\u00e9\" \/>\n<meta property=\"og:description\" content=\"Pierre Savidan a \u00e9t\u00e9 \u00e9lu pr\u00e9sident de la R\u00e9publique et il s&#039;appr\u00eate \u00e0 transformer la soci\u00e9t\u00e9 pour \u00e9viter la catastrophe climatique. En r\u00e9interp\u00e9tant \u00e0 sa fa\u00e7on le concept de libert\u00e9.\" \/>\n<meta property=\"og:url\" content=\"https:\/\/surbooke.fr\/wordpress\/2022\/09\/11\/collapsus-thomas-bronnec-editions-gallimard\/\" \/>\n<meta property=\"og:site_name\" content=\"Surbook\u00e9\" \/>\n<meta property=\"article:published_time\" content=\"2022-09-11T17:58:11+00:00\" \/>\n<meta property=\"article:modified_time\" content=\"2023-02-28T13:49:27+00:00\" \/>\n<meta property=\"og:image\" content=\"https:\/\/surbooke.fr\/wordpress\/wp-content\/uploads\/2022\/09\/Collapsus.jpeg\" \/>\n\t<meta property=\"og:image:width\" content=\"95\" \/>\n\t<meta property=\"og:image:height\" content=\"150\" \/>\n\t<meta property=\"og:image:type\" content=\"image\/jpeg\" \/>\n<meta name=\"author\" content=\"Laurent Bisault\" \/>\n<meta name=\"twitter:card\" content=\"summary_large_image\" \/>\n<meta name=\"twitter:creator\" content=\"@LaurentBisault\" \/>\n<meta name=\"twitter:label1\" content=\"\u00c9crit par\" \/>\n\t<meta name=\"twitter:data1\" content=\"Laurent Bisault\" \/>\n\t<meta name=\"twitter:label2\" content=\"Dur\u00e9e de lecture estim\u00e9e\" \/>\n\t<meta name=\"twitter:data2\" content=\"4 minutes\" \/>\n<script type=\"application\/ld+json\" class=\"yoast-schema-graph\">{\"@context\":\"https:\\\/\\\/schema.org\",\"@graph\":[{\"@type\":\"Article\",\"@id\":\"https:\\\/\\\/surbooke.fr\\\/wordpress\\\/2022\\\/09\\\/11\\\/collapsus-thomas-bronnec-editions-gallimard\\\/#article\",\"isPartOf\":{\"@id\":\"https:\\\/\\\/surbooke.fr\\\/wordpress\\\/2022\\\/09\\\/11\\\/collapsus-thomas-bronnec-editions-gallimard\\\/\"},\"author\":{\"name\":\"Laurent Bisault\",\"@id\":\"https:\\\/\\\/surbooke.fr\\\/wordpress\\\/#\\\/schema\\\/person\\\/9c6be4d35203c76182c56b0e974807c6\"},\"headline\":\"Collapsus, Thomas Bronnec, \u00c9ditions Gallimard\",\"datePublished\":\"2022-09-11T17:58:11+00:00\",\"dateModified\":\"2023-02-28T13:49:27+00:00\",\"mainEntityOfPage\":{\"@id\":\"https:\\\/\\\/surbooke.fr\\\/wordpress\\\/2022\\\/09\\\/11\\\/collapsus-thomas-bronnec-editions-gallimard\\\/\"},\"wordCount\":763,\"commentCount\":0,\"image\":{\"@id\":\"https:\\\/\\\/surbooke.fr\\\/wordpress\\\/2022\\\/09\\\/11\\\/collapsus-thomas-bronnec-editions-gallimard\\\/#primaryimage\"},\"thumbnailUrl\":\"https:\\\/\\\/surbooke.fr\\\/wordpress\\\/wp-content\\\/uploads\\\/2022\\\/09\\\/Collapsus.jpeg\",\"keywords\":[\"Gallimard\"],\"articleSection\":[\"roman policier, thriller\"],\"inLanguage\":\"fr-FR\",\"potentialAction\":[{\"@type\":\"CommentAction\",\"name\":\"Comment\",\"target\":[\"https:\\\/\\\/surbooke.fr\\\/wordpress\\\/2022\\\/09\\\/11\\\/collapsus-thomas-bronnec-editions-gallimard\\\/#respond\"]}]},{\"@type\":\"WebPage\",\"@id\":\"https:\\\/\\\/surbooke.fr\\\/wordpress\\\/2022\\\/09\\\/11\\\/collapsus-thomas-bronnec-editions-gallimard\\\/\",\"url\":\"https:\\\/\\\/surbooke.fr\\\/wordpress\\\/2022\\\/09\\\/11\\\/collapsus-thomas-bronnec-editions-gallimard\\\/\",\"name\":\"Collapsus, Thomas Bronnec, \u00c9ditions Gallimard - Surbook\u00e9\",\"isPartOf\":{\"@id\":\"https:\\\/\\\/surbooke.fr\\\/wordpress\\\/#website\"},\"primaryImageOfPage\":{\"@id\":\"https:\\\/\\\/surbooke.fr\\\/wordpress\\\/2022\\\/09\\\/11\\\/collapsus-thomas-bronnec-editions-gallimard\\\/#primaryimage\"},\"image\":{\"@id\":\"https:\\\/\\\/surbooke.fr\\\/wordpress\\\/2022\\\/09\\\/11\\\/collapsus-thomas-bronnec-editions-gallimard\\\/#primaryimage\"},\"thumbnailUrl\":\"https:\\\/\\\/surbooke.fr\\\/wordpress\\\/wp-content\\\/uploads\\\/2022\\\/09\\\/Collapsus.jpeg\",\"datePublished\":\"2022-09-11T17:58:11+00:00\",\"dateModified\":\"2023-02-28T13:49:27+00:00\",\"author\":{\"@id\":\"https:\\\/\\\/surbooke.fr\\\/wordpress\\\/#\\\/schema\\\/person\\\/9c6be4d35203c76182c56b0e974807c6\"},\"description\":\"Pierre Savidan a \u00e9t\u00e9 \u00e9lu pr\u00e9sident de la R\u00e9publique et il s'appr\u00eate \u00e0 transformer la soci\u00e9t\u00e9 pour \u00e9viter la catastrophe climatique. En r\u00e9interp\u00e9tant \u00e0 sa fa\u00e7on le concept de libert\u00e9.\",\"breadcrumb\":{\"@id\":\"https:\\\/\\\/surbooke.fr\\\/wordpress\\\/2022\\\/09\\\/11\\\/collapsus-thomas-bronnec-editions-gallimard\\\/#breadcrumb\"},\"inLanguage\":\"fr-FR\",\"potentialAction\":[{\"@type\":\"ReadAction\",\"target\":[\"https:\\\/\\\/surbooke.fr\\\/wordpress\\\/2022\\\/09\\\/11\\\/collapsus-thomas-bronnec-editions-gallimard\\\/\"]}]},{\"@type\":\"ImageObject\",\"inLanguage\":\"fr-FR\",\"@id\":\"https:\\\/\\\/surbooke.fr\\\/wordpress\\\/2022\\\/09\\\/11\\\/collapsus-thomas-bronnec-editions-gallimard\\\/#primaryimage\",\"url\":\"https:\\\/\\\/surbooke.fr\\\/wordpress\\\/wp-content\\\/uploads\\\/2022\\\/09\\\/Collapsus.jpeg\",\"contentUrl\":\"https:\\\/\\\/surbooke.fr\\\/wordpress\\\/wp-content\\\/uploads\\\/2022\\\/09\\\/Collapsus.jpeg\",\"width\":95,\"height\":150},{\"@type\":\"BreadcrumbList\",\"@id\":\"https:\\\/\\\/surbooke.fr\\\/wordpress\\\/2022\\\/09\\\/11\\\/collapsus-thomas-bronnec-editions-gallimard\\\/#breadcrumb\",\"itemListElement\":[{\"@type\":\"ListItem\",\"position\":1,\"name\":\"Accueil\",\"item\":\"https:\\\/\\\/surbooke.fr\\\/wordpress\\\/\"},{\"@type\":\"ListItem\",\"position\":2,\"name\":\"Collapsus, Thomas Bronnec, \u00c9ditions Gallimard\"}]},{\"@type\":\"WebSite\",\"@id\":\"https:\\\/\\\/surbooke.fr\\\/wordpress\\\/#website\",\"url\":\"https:\\\/\\\/surbooke.fr\\\/wordpress\\\/\",\"name\":\"Surbook\u00e9\",\"description\":\"Le blog de Laurent Bisault\",\"potentialAction\":[{\"@type\":\"SearchAction\",\"target\":{\"@type\":\"EntryPoint\",\"urlTemplate\":\"https:\\\/\\\/surbooke.fr\\\/wordpress\\\/?s={search_term_string}\"},\"query-input\":{\"@type\":\"PropertyValueSpecification\",\"valueRequired\":true,\"valueName\":\"search_term_string\"}}],\"inLanguage\":\"fr-FR\"},{\"@type\":\"Person\",\"@id\":\"https:\\\/\\\/surbooke.fr\\\/wordpress\\\/#\\\/schema\\\/person\\\/9c6be4d35203c76182c56b0e974807c6\",\"name\":\"Laurent Bisault\",\"image\":{\"@type\":\"ImageObject\",\"inLanguage\":\"fr-FR\",\"@id\":\"https:\\\/\\\/secure.gravatar.com\\\/avatar\\\/3bcd2efdfc3a3e416bea3223d3dfcd7f8845e2ca0669671d0c7ed8e84e97bfc4?s=96&d=mm&r=g\",\"url\":\"https:\\\/\\\/secure.gravatar.com\\\/avatar\\\/3bcd2efdfc3a3e416bea3223d3dfcd7f8845e2ca0669671d0c7ed8e84e97bfc4?s=96&d=mm&r=g\",\"contentUrl\":\"https:\\\/\\\/secure.gravatar.com\\\/avatar\\\/3bcd2efdfc3a3e416bea3223d3dfcd7f8845e2ca0669671d0c7ed8e84e97bfc4?s=96&d=mm&r=g\",\"caption\":\"Laurent Bisault\"},\"sameAs\":[\"https:\\\/\\\/surbooke.fr\\\/wordpress\\\/\",\"https:\\\/\\\/x.com\\\/LaurentBisault\"],\"url\":\"https:\\\/\\\/surbooke.fr\\\/wordpress\\\/author\\\/surbooke\\\/\"}]}<\/script>\n<!-- \/ Yoast SEO plugin. -->","yoast_head_json":{"title":"Collapsus, Thomas Bronnec, \u00c9ditions Gallimard - Surbook\u00e9","description":"Pierre Savidan a \u00e9t\u00e9 \u00e9lu pr\u00e9sident de la R\u00e9publique et il s'appr\u00eate \u00e0 transformer la soci\u00e9t\u00e9 pour \u00e9viter la catastrophe climatique. En r\u00e9interp\u00e9tant \u00e0 sa fa\u00e7on le concept de libert\u00e9.","robots":{"index":"index","follow":"follow","max-snippet":"max-snippet:-1","max-image-preview":"max-image-preview:large","max-video-preview":"max-video-preview:-1"},"canonical":"https:\/\/surbooke.fr\/wordpress\/2022\/09\/11\/collapsus-thomas-bronnec-editions-gallimard\/","og_locale":"fr_FR","og_type":"article","og_title":"Collapsus, Thomas Bronnec, \u00c9ditions Gallimard - Surbook\u00e9","og_description":"Pierre Savidan a \u00e9t\u00e9 \u00e9lu pr\u00e9sident de la R\u00e9publique et il s'appr\u00eate \u00e0 transformer la soci\u00e9t\u00e9 pour \u00e9viter la catastrophe climatique. En r\u00e9interp\u00e9tant \u00e0 sa fa\u00e7on le concept de libert\u00e9.","og_url":"https:\/\/surbooke.fr\/wordpress\/2022\/09\/11\/collapsus-thomas-bronnec-editions-gallimard\/","og_site_name":"Surbook\u00e9","article_published_time":"2022-09-11T17:58:11+00:00","article_modified_time":"2023-02-28T13:49:27+00:00","og_image":[{"width":95,"height":150,"url":"https:\/\/surbooke.fr\/wordpress\/wp-content\/uploads\/2022\/09\/Collapsus.jpeg","type":"image\/jpeg"}],"author":"Laurent Bisault","twitter_card":"summary_large_image","twitter_creator":"@LaurentBisault","twitter_misc":{"\u00c9crit par":"Laurent Bisault","Dur\u00e9e de lecture estim\u00e9e":"4 minutes"},"schema":{"@context":"https:\/\/schema.org","@graph":[{"@type":"Article","@id":"https:\/\/surbooke.fr\/wordpress\/2022\/09\/11\/collapsus-thomas-bronnec-editions-gallimard\/#article","isPartOf":{"@id":"https:\/\/surbooke.fr\/wordpress\/2022\/09\/11\/collapsus-thomas-bronnec-editions-gallimard\/"},"author":{"name":"Laurent Bisault","@id":"https:\/\/surbooke.fr\/wordpress\/#\/schema\/person\/9c6be4d35203c76182c56b0e974807c6"},"headline":"Collapsus, Thomas Bronnec, \u00c9ditions Gallimard","datePublished":"2022-09-11T17:58:11+00:00","dateModified":"2023-02-28T13:49:27+00:00","mainEntityOfPage":{"@id":"https:\/\/surbooke.fr\/wordpress\/2022\/09\/11\/collapsus-thomas-bronnec-editions-gallimard\/"},"wordCount":763,"commentCount":0,"image":{"@id":"https:\/\/surbooke.fr\/wordpress\/2022\/09\/11\/collapsus-thomas-bronnec-editions-gallimard\/#primaryimage"},"thumbnailUrl":"https:\/\/surbooke.fr\/wordpress\/wp-content\/uploads\/2022\/09\/Collapsus.jpeg","keywords":["Gallimard"],"articleSection":["roman policier, thriller"],"inLanguage":"fr-FR","potentialAction":[{"@type":"CommentAction","name":"Comment","target":["https:\/\/surbooke.fr\/wordpress\/2022\/09\/11\/collapsus-thomas-bronnec-editions-gallimard\/#respond"]}]},{"@type":"WebPage","@id":"https:\/\/surbooke.fr\/wordpress\/2022\/09\/11\/collapsus-thomas-bronnec-editions-gallimard\/","url":"https:\/\/surbooke.fr\/wordpress\/2022\/09\/11\/collapsus-thomas-bronnec-editions-gallimard\/","name":"Collapsus, Thomas Bronnec, \u00c9ditions Gallimard - Surbook\u00e9","isPartOf":{"@id":"https:\/\/surbooke.fr\/wordpress\/#website"},"primaryImageOfPage":{"@id":"https:\/\/surbooke.fr\/wordpress\/2022\/09\/11\/collapsus-thomas-bronnec-editions-gallimard\/#primaryimage"},"image":{"@id":"https:\/\/surbooke.fr\/wordpress\/2022\/09\/11\/collapsus-thomas-bronnec-editions-gallimard\/#primaryimage"},"thumbnailUrl":"https:\/\/surbooke.fr\/wordpress\/wp-content\/uploads\/2022\/09\/Collapsus.jpeg","datePublished":"2022-09-11T17:58:11+00:00","dateModified":"2023-02-28T13:49:27+00:00","author":{"@id":"https:\/\/surbooke.fr\/wordpress\/#\/schema\/person\/9c6be4d35203c76182c56b0e974807c6"},"description":"Pierre Savidan a \u00e9t\u00e9 \u00e9lu pr\u00e9sident de la R\u00e9publique et il s'appr\u00eate \u00e0 transformer la soci\u00e9t\u00e9 pour \u00e9viter la catastrophe climatique. En r\u00e9interp\u00e9tant \u00e0 sa fa\u00e7on le concept de libert\u00e9.","breadcrumb":{"@id":"https:\/\/surbooke.fr\/wordpress\/2022\/09\/11\/collapsus-thomas-bronnec-editions-gallimard\/#breadcrumb"},"inLanguage":"fr-FR","potentialAction":[{"@type":"ReadAction","target":["https:\/\/surbooke.fr\/wordpress\/2022\/09\/11\/collapsus-thomas-bronnec-editions-gallimard\/"]}]},{"@type":"ImageObject","inLanguage":"fr-FR","@id":"https:\/\/surbooke.fr\/wordpress\/2022\/09\/11\/collapsus-thomas-bronnec-editions-gallimard\/#primaryimage","url":"https:\/\/surbooke.fr\/wordpress\/wp-content\/uploads\/2022\/09\/Collapsus.jpeg","contentUrl":"https:\/\/surbooke.fr\/wordpress\/wp-content\/uploads\/2022\/09\/Collapsus.jpeg","width":95,"height":150},{"@type":"BreadcrumbList","@id":"https:\/\/surbooke.fr\/wordpress\/2022\/09\/11\/collapsus-thomas-bronnec-editions-gallimard\/#breadcrumb","itemListElement":[{"@type":"ListItem","position":1,"name":"Accueil","item":"https:\/\/surbooke.fr\/wordpress\/"},{"@type":"ListItem","position":2,"name":"Collapsus, Thomas Bronnec, \u00c9ditions Gallimard"}]},{"@type":"WebSite","@id":"https:\/\/surbooke.fr\/wordpress\/#website","url":"https:\/\/surbooke.fr\/wordpress\/","name":"Surbook\u00e9","description":"Le blog de Laurent Bisault","potentialAction":[{"@type":"SearchAction","target":{"@type":"EntryPoint","urlTemplate":"https:\/\/surbooke.fr\/wordpress\/?s={search_term_string}"},"query-input":{"@type":"PropertyValueSpecification","valueRequired":true,"valueName":"search_term_string"}}],"inLanguage":"fr-FR"},{"@type":"Person","@id":"https:\/\/surbooke.fr\/wordpress\/#\/schema\/person\/9c6be4d35203c76182c56b0e974807c6","name":"Laurent Bisault","image":{"@type":"ImageObject","inLanguage":"fr-FR","@id":"https:\/\/secure.gravatar.com\/avatar\/3bcd2efdfc3a3e416bea3223d3dfcd7f8845e2ca0669671d0c7ed8e84e97bfc4?s=96&d=mm&r=g","url":"https:\/\/secure.gravatar.com\/avatar\/3bcd2efdfc3a3e416bea3223d3dfcd7f8845e2ca0669671d0c7ed8e84e97bfc4?s=96&d=mm&r=g","contentUrl":"https:\/\/secure.gravatar.com\/avatar\/3bcd2efdfc3a3e416bea3223d3dfcd7f8845e2ca0669671d0c7ed8e84e97bfc4?s=96&d=mm&r=g","caption":"Laurent Bisault"},"sameAs":["https:\/\/surbooke.fr\/wordpress\/","https:\/\/x.com\/LaurentBisault"],"url":"https:\/\/surbooke.fr\/wordpress\/author\/surbooke\/"}]}},"_links":{"self":[{"href":"https:\/\/surbooke.fr\/wordpress\/wp-json\/wp\/v2\/posts\/20274","targetHints":{"allow":["GET"]}}],"collection":[{"href":"https:\/\/surbooke.fr\/wordpress\/wp-json\/wp\/v2\/posts"}],"about":[{"href":"https:\/\/surbooke.fr\/wordpress\/wp-json\/wp\/v2\/types\/post"}],"author":[{"embeddable":true,"href":"https:\/\/surbooke.fr\/wordpress\/wp-json\/wp\/v2\/users\/8"}],"replies":[{"embeddable":true,"href":"https:\/\/surbooke.fr\/wordpress\/wp-json\/wp\/v2\/comments?post=20274"}],"version-history":[{"count":0,"href":"https:\/\/surbooke.fr\/wordpress\/wp-json\/wp\/v2\/posts\/20274\/revisions"}],"wp:featuredmedia":[{"embeddable":true,"href":"https:\/\/surbooke.fr\/wordpress\/wp-json\/wp\/v2\/media\/20275"}],"wp:attachment":[{"href":"https:\/\/surbooke.fr\/wordpress\/wp-json\/wp\/v2\/media?parent=20274"}],"wp:term":[{"taxonomy":"category","embeddable":true,"href":"https:\/\/surbooke.fr\/wordpress\/wp-json\/wp\/v2\/categories?post=20274"},{"taxonomy":"post_tag","embeddable":true,"href":"https:\/\/surbooke.fr\/wordpress\/wp-json\/wp\/v2\/tags?post=20274"}],"curies":[{"name":"wp","href":"https:\/\/api.w.org\/{rel}","templated":true}]}}