{"id":22769,"date":"2023-01-04T22:54:14","date_gmt":"2023-01-04T21:54:14","guid":{"rendered":"https:\/\/surbooke.fr\/wordpress\/?p=22769"},"modified":"2023-02-28T14:29:46","modified_gmt":"2023-02-28T13:29:46","slug":"retour-a-lemberg-philippe-sands-editions-albin-michel","status":"publish","type":"post","link":"https:\/\/surbooke.fr\/wordpress\/2023\/01\/04\/retour-a-lemberg-philippe-sands-editions-albin-michel\/","title":{"rendered":"Retour \u00e0 Lemberg, Philippe Sands, \u00c9ditions Albin Michel"},"content":{"rendered":"\n<p><strong>Lviv<\/strong> <strong>a<\/strong> <strong>chang\u00e9<\/strong> <strong>huit<\/strong> <strong>fois<\/strong> <strong>de<\/strong> <strong>pays<\/strong> <strong>de<\/strong> <strong>1914<\/strong> <strong>\u00e0<\/strong> <strong>1945<\/strong> et plusieurs fois de nom. La cit\u00e9 de Galicie fut Lemberg dans l&rsquo;Empire austro-hongrois au XIXe si\u00e8cle, Lw\u00f3w quand elle fut incorpor\u00e9e \u00e0 la nouvelle Pologne, Lvov sous domination sovi\u00e9tique au d\u00e9but de la  Seconde Guerre mondiale, de nouveau Lemberg quand elle fut occup\u00e9e par les Allemands. Et enfin Lviv quand elle devint ukrainienne apr\u00e8s 1945. C&rsquo;est l&rsquo;histoire de cette ville que raconte Philippe Sands, \u00e9crivain franco-britannique et avocat \u00e0 la Cour p\u00e9nale internationale de La Haye. Une ville qui joua un r\u00f4le majeur dans la Solution finale imagin\u00e9e par les Nazis. C&rsquo;est \u00e0 Lviv que Hans Frank, gouverneur de Pologne, annon\u00e7a sa mise en place en 1942. C&rsquo;est de Lviv et de ses environs dont sont originaires  deux juristes juifs, Hersch Lauterpacht et Raphael Lemkin, qui ont jou\u00e9 un r\u00f4le essentiel au proc\u00e8s de Nuremberg en proposant deux nouveaux concepts : le crime contre l&rsquo;humanit\u00e9 et le g\u00e9nocide. Et c&rsquo;est \u00e0 Lviv que naquit Leon Buchholz le grand-p\u00e8re de Philippe Sands. Lviv a longtemps \u00e9t\u00e9 peupl\u00e9e de trois communaut\u00e9s : les Polonais, les Ukrainiens et les Juifs. Apr\u00e8s la Seconde Guerre mondiale les Polonais avaient \u00e9t\u00e9 d\u00e9plac\u00e9s et les Juifs extermin\u00e9s. Auparavant Polonais et Ukrainiens s&rsquo;\u00e9taient souvent affront\u00e9s pour le contr\u00f4le de la cit\u00e9. Outre leur nationalit\u00e9, la religion les opposait. Les Polonais \u00e9taient des catholiques romains et les Ukrainiens aussi appel\u00e9s Ruth\u00e8nes des catholiques grecs ou des orthodoxes. Mais le go\u00fbt des pogroms les r\u00e9unissait. Au XXe si\u00e8cle la vie en Galicie a \u00e9t\u00e9 r\u00e9gent\u00e9e par une s\u00e9rie de catastrophes. Les bombes \u00e0 retardement laiss\u00e9es par la d\u00e9sint\u00e9gration de l&rsquo;Autriche-Hongrie, le pacte germano-sovi\u00e9tique qui attribua la r\u00e9gion aux forces de Moscou, et l&rsquo;arriv\u00e9e des Nazis. Tout au long de cette histoire les migrations des habitants se sont succ\u00e9d\u00e9, du moins tant qu&rsquo;elles furent possibles. Car pour les Juifs de Galicie les portes de l&rsquo;exil allaient se fermer.<\/p>\n\n\n\n<blockquote class=\"wp-block-quote is-style-large is-layout-flow wp-block-quote-is-layout-flow\"><p>&nbsp;Il n\u2019\u00e9tait pas de sort plus dur dans cette ville que celui du Juif \u00e9tranger qui venait de l\u2019est<\/p><\/blockquote>\n\n\n\n<p>C&rsquo;est \u00e0 l&rsquo;automne 2010 que Philippe Sands arrive la premi\u00e8re fois \u00e0 Lviv pour donner une conf\u00e9rence sur les origines du droit international. Il y parle de Lauterpacht et de Lemkin devant des personnes qui ignoraient que ces deux grands juristes les avaient pr\u00e9c\u00e9d\u00e9es dans ce lieu. Il explique que le g\u00e9nocide diff\u00e8re du crime contre l&rsquo;humanit\u00e9 en ce qu&rsquo;il sous-entend une volont\u00e9 d&rsquo;an\u00e9antir un groupe. Mais il y a une autre motivation \u00e0 la venue de Sands en Ukraine : la recherche du pass\u00e9 de son grand-p\u00e8re Leon qui y avait v\u00e9cu de sa naissance en 1904 \u00e0 son d\u00e9part pour Vienne en 1913. C&rsquo;est pourquoi Sands est accompagn\u00e9 de Ruth sa m\u00e8re, la fille de Leon. M\u00eame \u00e0 Vienne la vie de Leon avait \u00e9t\u00e9 compliqu\u00e9e, car comme le rappelait l&rsquo;\u00e9crivain autrichien Joseph Roth, il n&rsquo;\u00e9tait pas de sort plus dur dans cette ville que celui du Juif \u00e9tranger qui venait de l&rsquo;est. Pour \u00e9chapper aux Nazis L\u00e9on est parti avec sa fille \u00e0 Paris en janvier 1939, un peu apr\u00e8s <em>l&rsquo;Anschluss<\/em>. Ruth r\u00e9ussira \u00e0 les rejoindre en 1941. Sur les soixante-dix personnes de la famille de Leon, il est en 1945 le seul rescap\u00e9.<\/p>\n\n\n\n<blockquote class=\"wp-block-quote is-style-large is-layout-flow wp-block-quote-is-layout-flow\"><p>En droit rien n\u2019interdisait ces meurtres commis par un \u00c9tat souverain contre ses ressortissants<\/p><\/blockquote>\n\n\n\n<p>Hersch Lauterpacht a \u00e9tudi\u00e9 \u00e0 Vienne. C&rsquo;est dans la capitale autrichienne qu&rsquo;il se rallie \u00e0 l&rsquo;id\u00e9e que les droits de l&rsquo;individu priment sur ceux des groupes, alors que l&rsquo;id\u00e9e dominante \u00e9tait que le droit servait le souverain. En 1923 Lauterpacht s&rsquo;installe \u00e0 Londres avec sa femme. D&rsquo;origine plus modeste Raphael Lemkin \u00e9tait le fils d&rsquo;un m\u00e9tayer juif n\u00e9 \u00e0 quelques centaines de kilom\u00e8tres de Lviv dans une r\u00e9gion polonaise annex\u00e9e par la Russie. Il commence ses \u00e9tudes de droit \u00e0 Lviv. Sa r\u00e9flexion sur les crimes contre l&rsquo;humanit\u00e9 provient des pogroms qu&rsquo;il a connus, mais aussi d&rsquo;un proc\u00e8s qui s&rsquo;\u00e9tait tenu en 1921 \u00e0 Berlin. Un jeune Arm\u00e9nien \u00e9tait jug\u00e9 pour avoir tu\u00e9 un ex-ministre ottoman afin de venger les assassinats de ses compatriotes par les Turcs. En droit rien n&rsquo;interdisait les meurtres d&rsquo;un \u00c9tat souverain contre ses ressortissants. Lemkin fait carri\u00e8re en Pologne avant d&rsquo;\u00e9migrer aux \u00c9tats-Unis quand il r\u00e9ussit \u00e0 quitter son pays en 1940 <em>via<\/em> la Su\u00e8de, l&rsquo;Union sovi\u00e9tique et le Japon.<\/p>\n\n\n\n<blockquote class=\"wp-block-quote is-style-large is-layout-flow wp-block-quote-is-layout-flow\"><p>Les juges auront \u00e0 choisir entre deux concepts pour pr\u00e9venir les assassinats de masse<\/p><\/blockquote>\n\n\n\n<p>En octobre 1938 Hans Frank est nomm\u00e9 gouverneur de Pologne. Le contr\u00f4le de Lviv lui \u00e9chappe car la cit\u00e9 est alors sous domination sovi\u00e9tique. En rompant le pacte sign\u00e9 avec Staline en juin 1941 Hitler envoie son arm\u00e9e vers l&rsquo;est et fait de Frank le nouveau ma\u00eetre de la ville. Il sera le responsable des meurtres des familles de Lauterpacht et de Lemkin. C&rsquo;est lui qui dirigera la grande rafle, la <em>grosse Aktion<\/em>, qui fera mourir les 50 000 Juifs parqu\u00e9s dans le ghetto. Le gouverneur de Pologne est arr\u00eat\u00e9 en mai 1945 par les Am\u00e9ricains pendant sa fuite vers l&rsquo;ouest. Malgr\u00e9 ses d\u00e9n\u00e9gations il est envoy\u00e9 devant le tribunal de Nuremberg o\u00f9 comme tous les accus\u00e9s il se pr\u00e9tend innocent. C&rsquo;est dans ces circonstances exceptionnelles que les procureurs et les juges auront \u00e0 choisir entre deux concepts pour pr\u00e9venir les assassinats de masse : celui de Lauterpacht qui prot\u00e8ge les individus et le concept de Lemkin qui prot\u00e8ge les groupes. Ils vont les utiliser in\u00e9galement pour r\u00e9futer l&rsquo;argumentation de la d\u00e9fense qui rejette les assassinats sur les \u00c9tats. Tous les accus\u00e9s sauf trois sont jug\u00e9s coupables mais jamais de g\u00e9nocide. Hans Frank sera donc pendu. Le combat des deux juristes juifs aboutira en 1998, apr\u00e8s les massacres de Yougoslavie et du Rwanda, par la cr\u00e9ation d&rsquo;une cour p\u00e9nale internationale. De quoi faire peur \u00e0 Poutine ?<\/p>\n\n\n\n<div style=\"padding:20px\" class=\"wp-block-tnp-minimal\"><p><strong>Abonnez-vous pour \u00eatre averti des nouvelles chroniques !<\/strong><\/p><div><div class=\"tnp tnp-subscription-minimal  \"><form action=\"https:\/\/surbooke.fr\/wordpress\/wp-admin\/admin-ajax.php?action=tnp&amp;na=s\" method=\"post\" style=\"text-align: center\"><input type=\"hidden\" name=\"nr\" value=\"minimal\">\n<input type=\"hidden\" name=\"nlang\" value=\"\">\n<input class=\"tnp-email\" type=\"email\" required name=\"ne\" value=\"\" placeholder=\"Email\"><input class=\"tnp-submit\" type=\"submit\" value=\"S&#039;abonner\" style=\"\">\n<div class=\"tnp-field tnp-privacy-field\"><label><input type=\"checkbox\" name=\"ny\" required class=\"tnp-privacy\"> En continuant, vous acceptez la politique de confidentialit\u00e9<\/label><\/div><\/form><\/div>\n<\/div><\/div>\n","protected":false},"excerpt":{"rendered":"<p>Lviv a chang\u00e9 huit fois de pays de 1914 \u00e0 1945 et plusieurs fois de nom. La cit\u00e9 de Galicie fut Lemberg dans l&rsquo;Empire austro-hongrois au XIXe si\u00e8cle, Lw\u00f3w quand elle fut incorpor\u00e9e \u00e0 la nouvelle Pologne, Lvov sous domination sovi\u00e9tique au d\u00e9but de la Seconde Guerre mondiale, de nouveau Lemberg quand elle fut occup\u00e9e [&hellip;]<\/p>\n","protected":false},"author":8,"featured_media":23202,"comment_status":"open","ping_status":"open","sticky":false,"template":"","format":"standard","meta":{"footnotes":""},"categories":[10,26,3],"tags":[21],"class_list":["post-22769","post","type-post","status-publish","format-standard","has-post-thumbnail","hentry","category-biographie","category-histoire","category-coup-de-coeur","tag-albin-michel"],"yoast_head":"<!-- This site is optimized with the Yoast SEO plugin v27.5 - https:\/\/yoast.com\/product\/yoast-seo-wordpress\/ -->\n<title>Retour \u00e0 Lemberg, Philippe Sands, \u00c9ditions Albin Michel - Surbook\u00e9<\/title>\n<meta name=\"description\" content=\"La compr\u00e9hension de la Solution finale passe aussi par Lviv, une ville de Galicie qui changea maintes fois de nom et de pays d&#039;attache. C&#039;est dans cette cit\u00e9 que sont n\u00e9s deux juristes juifs qui forg\u00e8rent l&#039;accusation contre les Nazis au proc\u00e8s de Nuremberg. Une enqu\u00eate \u00e9crite comme un polar par un avocat international.\" \/>\n<meta name=\"robots\" content=\"index, follow, max-snippet:-1, max-image-preview:large, max-video-preview:-1\" \/>\n<link rel=\"canonical\" href=\"https:\/\/surbooke.fr\/wordpress\/2023\/01\/04\/retour-a-lemberg-philippe-sands-editions-albin-michel\/\" \/>\n<meta property=\"og:locale\" content=\"fr_FR\" \/>\n<meta property=\"og:type\" content=\"article\" \/>\n<meta property=\"og:title\" content=\"Retour \u00e0 Lemberg, Philippe Sands, \u00c9ditions Albin Michel - Surbook\u00e9\" \/>\n<meta property=\"og:description\" content=\"La compr\u00e9hension de la Solution finale passe aussi par Lviv, une ville de Galicie qui changea maintes fois de nom et de pays d&#039;attache. C&#039;est dans cette cit\u00e9 que sont n\u00e9s deux juristes juifs qui forg\u00e8rent l&#039;accusation contre les Nazis au proc\u00e8s de Nuremberg. Une enqu\u00eate \u00e9crite comme un polar par un avocat international.\" \/>\n<meta property=\"og:url\" content=\"https:\/\/surbooke.fr\/wordpress\/2023\/01\/04\/retour-a-lemberg-philippe-sands-editions-albin-michel\/\" \/>\n<meta property=\"og:site_name\" content=\"Surbook\u00e9\" \/>\n<meta property=\"article:published_time\" content=\"2023-01-04T21:54:14+00:00\" \/>\n<meta property=\"article:modified_time\" content=\"2023-02-28T13:29:46+00:00\" \/>\n<meta property=\"og:image\" content=\"https:\/\/surbooke.fr\/wordpress\/wp-content\/uploads\/2023\/01\/Retour-a-Lemberg.jpg\" \/>\n\t<meta property=\"og:image:width\" content=\"500\" \/>\n\t<meta property=\"og:image:height\" content=\"500\" \/>\n\t<meta property=\"og:image:type\" content=\"image\/jpeg\" \/>\n<meta name=\"author\" content=\"Laurent Bisault\" \/>\n<meta name=\"twitter:card\" content=\"summary_large_image\" \/>\n<meta name=\"twitter:creator\" content=\"@LaurentBisault\" \/>\n<meta name=\"twitter:label1\" content=\"\u00c9crit par\" \/>\n\t<meta name=\"twitter:data1\" content=\"Laurent Bisault\" \/>\n\t<meta name=\"twitter:label2\" content=\"Dur\u00e9e de lecture estim\u00e9e\" \/>\n\t<meta name=\"twitter:data2\" content=\"5 minutes\" \/>\n<script type=\"application\/ld+json\" class=\"yoast-schema-graph\">{\"@context\":\"https:\\\/\\\/schema.org\",\"@graph\":[{\"@type\":\"Article\",\"@id\":\"https:\\\/\\\/surbooke.fr\\\/wordpress\\\/2023\\\/01\\\/04\\\/retour-a-lemberg-philippe-sands-editions-albin-michel\\\/#article\",\"isPartOf\":{\"@id\":\"https:\\\/\\\/surbooke.fr\\\/wordpress\\\/2023\\\/01\\\/04\\\/retour-a-lemberg-philippe-sands-editions-albin-michel\\\/\"},\"author\":{\"name\":\"Laurent Bisault\",\"@id\":\"https:\\\/\\\/surbooke.fr\\\/wordpress\\\/#\\\/schema\\\/person\\\/9c6be4d35203c76182c56b0e974807c6\"},\"headline\":\"Retour \u00e0 Lemberg, Philippe Sands, \u00c9ditions Albin Michel\",\"datePublished\":\"2023-01-04T21:54:14+00:00\",\"dateModified\":\"2023-02-28T13:29:46+00:00\",\"mainEntityOfPage\":{\"@id\":\"https:\\\/\\\/surbooke.fr\\\/wordpress\\\/2023\\\/01\\\/04\\\/retour-a-lemberg-philippe-sands-editions-albin-michel\\\/\"},\"wordCount\":1067,\"commentCount\":0,\"image\":{\"@id\":\"https:\\\/\\\/surbooke.fr\\\/wordpress\\\/2023\\\/01\\\/04\\\/retour-a-lemberg-philippe-sands-editions-albin-michel\\\/#primaryimage\"},\"thumbnailUrl\":\"https:\\\/\\\/surbooke.fr\\\/wordpress\\\/wp-content\\\/uploads\\\/2023\\\/01\\\/Retour-a-Lemberg.jpg\",\"keywords\":[\"Albin Michel\"],\"articleSection\":[\"biographie\",\"histoire\",\"\ud83e\udd0d\"],\"inLanguage\":\"fr-FR\",\"potentialAction\":[{\"@type\":\"CommentAction\",\"name\":\"Comment\",\"target\":[\"https:\\\/\\\/surbooke.fr\\\/wordpress\\\/2023\\\/01\\\/04\\\/retour-a-lemberg-philippe-sands-editions-albin-michel\\\/#respond\"]}]},{\"@type\":\"WebPage\",\"@id\":\"https:\\\/\\\/surbooke.fr\\\/wordpress\\\/2023\\\/01\\\/04\\\/retour-a-lemberg-philippe-sands-editions-albin-michel\\\/\",\"url\":\"https:\\\/\\\/surbooke.fr\\\/wordpress\\\/2023\\\/01\\\/04\\\/retour-a-lemberg-philippe-sands-editions-albin-michel\\\/\",\"name\":\"Retour \u00e0 Lemberg, Philippe Sands, \u00c9ditions Albin Michel - Surbook\u00e9\",\"isPartOf\":{\"@id\":\"https:\\\/\\\/surbooke.fr\\\/wordpress\\\/#website\"},\"primaryImageOfPage\":{\"@id\":\"https:\\\/\\\/surbooke.fr\\\/wordpress\\\/2023\\\/01\\\/04\\\/retour-a-lemberg-philippe-sands-editions-albin-michel\\\/#primaryimage\"},\"image\":{\"@id\":\"https:\\\/\\\/surbooke.fr\\\/wordpress\\\/2023\\\/01\\\/04\\\/retour-a-lemberg-philippe-sands-editions-albin-michel\\\/#primaryimage\"},\"thumbnailUrl\":\"https:\\\/\\\/surbooke.fr\\\/wordpress\\\/wp-content\\\/uploads\\\/2023\\\/01\\\/Retour-a-Lemberg.jpg\",\"datePublished\":\"2023-01-04T21:54:14+00:00\",\"dateModified\":\"2023-02-28T13:29:46+00:00\",\"author\":{\"@id\":\"https:\\\/\\\/surbooke.fr\\\/wordpress\\\/#\\\/schema\\\/person\\\/9c6be4d35203c76182c56b0e974807c6\"},\"description\":\"La compr\u00e9hension de la Solution finale passe aussi par Lviv, une ville de Galicie qui changea maintes fois de nom et de pays d'attache. C'est dans cette cit\u00e9 que sont n\u00e9s deux juristes juifs qui forg\u00e8rent l'accusation contre les Nazis au proc\u00e8s de Nuremberg. Une enqu\u00eate \u00e9crite comme un polar par un avocat international.\",\"breadcrumb\":{\"@id\":\"https:\\\/\\\/surbooke.fr\\\/wordpress\\\/2023\\\/01\\\/04\\\/retour-a-lemberg-philippe-sands-editions-albin-michel\\\/#breadcrumb\"},\"inLanguage\":\"fr-FR\",\"potentialAction\":[{\"@type\":\"ReadAction\",\"target\":[\"https:\\\/\\\/surbooke.fr\\\/wordpress\\\/2023\\\/01\\\/04\\\/retour-a-lemberg-philippe-sands-editions-albin-michel\\\/\"]}]},{\"@type\":\"ImageObject\",\"inLanguage\":\"fr-FR\",\"@id\":\"https:\\\/\\\/surbooke.fr\\\/wordpress\\\/2023\\\/01\\\/04\\\/retour-a-lemberg-philippe-sands-editions-albin-michel\\\/#primaryimage\",\"url\":\"https:\\\/\\\/surbooke.fr\\\/wordpress\\\/wp-content\\\/uploads\\\/2023\\\/01\\\/Retour-a-Lemberg.jpg\",\"contentUrl\":\"https:\\\/\\\/surbooke.fr\\\/wordpress\\\/wp-content\\\/uploads\\\/2023\\\/01\\\/Retour-a-Lemberg.jpg\",\"width\":500,\"height\":500},{\"@type\":\"BreadcrumbList\",\"@id\":\"https:\\\/\\\/surbooke.fr\\\/wordpress\\\/2023\\\/01\\\/04\\\/retour-a-lemberg-philippe-sands-editions-albin-michel\\\/#breadcrumb\",\"itemListElement\":[{\"@type\":\"ListItem\",\"position\":1,\"name\":\"Accueil\",\"item\":\"https:\\\/\\\/surbooke.fr\\\/wordpress\\\/\"},{\"@type\":\"ListItem\",\"position\":2,\"name\":\"Retour \u00e0 Lemberg, Philippe Sands, \u00c9ditions Albin Michel\"}]},{\"@type\":\"WebSite\",\"@id\":\"https:\\\/\\\/surbooke.fr\\\/wordpress\\\/#website\",\"url\":\"https:\\\/\\\/surbooke.fr\\\/wordpress\\\/\",\"name\":\"Surbook\u00e9\",\"description\":\"Le blog de Laurent Bisault\",\"potentialAction\":[{\"@type\":\"SearchAction\",\"target\":{\"@type\":\"EntryPoint\",\"urlTemplate\":\"https:\\\/\\\/surbooke.fr\\\/wordpress\\\/?s={search_term_string}\"},\"query-input\":{\"@type\":\"PropertyValueSpecification\",\"valueRequired\":true,\"valueName\":\"search_term_string\"}}],\"inLanguage\":\"fr-FR\"},{\"@type\":\"Person\",\"@id\":\"https:\\\/\\\/surbooke.fr\\\/wordpress\\\/#\\\/schema\\\/person\\\/9c6be4d35203c76182c56b0e974807c6\",\"name\":\"Laurent Bisault\",\"image\":{\"@type\":\"ImageObject\",\"inLanguage\":\"fr-FR\",\"@id\":\"https:\\\/\\\/secure.gravatar.com\\\/avatar\\\/3bcd2efdfc3a3e416bea3223d3dfcd7f8845e2ca0669671d0c7ed8e84e97bfc4?s=96&d=mm&r=g\",\"url\":\"https:\\\/\\\/secure.gravatar.com\\\/avatar\\\/3bcd2efdfc3a3e416bea3223d3dfcd7f8845e2ca0669671d0c7ed8e84e97bfc4?s=96&d=mm&r=g\",\"contentUrl\":\"https:\\\/\\\/secure.gravatar.com\\\/avatar\\\/3bcd2efdfc3a3e416bea3223d3dfcd7f8845e2ca0669671d0c7ed8e84e97bfc4?s=96&d=mm&r=g\",\"caption\":\"Laurent Bisault\"},\"sameAs\":[\"https:\\\/\\\/surbooke.fr\\\/wordpress\\\/\",\"https:\\\/\\\/x.com\\\/LaurentBisault\"],\"url\":\"https:\\\/\\\/surbooke.fr\\\/wordpress\\\/author\\\/surbooke\\\/\"}]}<\/script>\n<!-- \/ Yoast SEO plugin. -->","yoast_head_json":{"title":"Retour \u00e0 Lemberg, Philippe Sands, \u00c9ditions Albin Michel - Surbook\u00e9","description":"La compr\u00e9hension de la Solution finale passe aussi par Lviv, une ville de Galicie qui changea maintes fois de nom et de pays d'attache. C'est dans cette cit\u00e9 que sont n\u00e9s deux juristes juifs qui forg\u00e8rent l'accusation contre les Nazis au proc\u00e8s de Nuremberg. Une enqu\u00eate \u00e9crite comme un polar par un avocat international.","robots":{"index":"index","follow":"follow","max-snippet":"max-snippet:-1","max-image-preview":"max-image-preview:large","max-video-preview":"max-video-preview:-1"},"canonical":"https:\/\/surbooke.fr\/wordpress\/2023\/01\/04\/retour-a-lemberg-philippe-sands-editions-albin-michel\/","og_locale":"fr_FR","og_type":"article","og_title":"Retour \u00e0 Lemberg, Philippe Sands, \u00c9ditions Albin Michel - Surbook\u00e9","og_description":"La compr\u00e9hension de la Solution finale passe aussi par Lviv, une ville de Galicie qui changea maintes fois de nom et de pays d'attache. C'est dans cette cit\u00e9 que sont n\u00e9s deux juristes juifs qui forg\u00e8rent l'accusation contre les Nazis au proc\u00e8s de Nuremberg. Une enqu\u00eate \u00e9crite comme un polar par un avocat international.","og_url":"https:\/\/surbooke.fr\/wordpress\/2023\/01\/04\/retour-a-lemberg-philippe-sands-editions-albin-michel\/","og_site_name":"Surbook\u00e9","article_published_time":"2023-01-04T21:54:14+00:00","article_modified_time":"2023-02-28T13:29:46+00:00","og_image":[{"width":500,"height":500,"url":"https:\/\/surbooke.fr\/wordpress\/wp-content\/uploads\/2023\/01\/Retour-a-Lemberg.jpg","type":"image\/jpeg"}],"author":"Laurent Bisault","twitter_card":"summary_large_image","twitter_creator":"@LaurentBisault","twitter_misc":{"\u00c9crit par":"Laurent Bisault","Dur\u00e9e de lecture estim\u00e9e":"5 minutes"},"schema":{"@context":"https:\/\/schema.org","@graph":[{"@type":"Article","@id":"https:\/\/surbooke.fr\/wordpress\/2023\/01\/04\/retour-a-lemberg-philippe-sands-editions-albin-michel\/#article","isPartOf":{"@id":"https:\/\/surbooke.fr\/wordpress\/2023\/01\/04\/retour-a-lemberg-philippe-sands-editions-albin-michel\/"},"author":{"name":"Laurent Bisault","@id":"https:\/\/surbooke.fr\/wordpress\/#\/schema\/person\/9c6be4d35203c76182c56b0e974807c6"},"headline":"Retour \u00e0 Lemberg, Philippe Sands, \u00c9ditions Albin Michel","datePublished":"2023-01-04T21:54:14+00:00","dateModified":"2023-02-28T13:29:46+00:00","mainEntityOfPage":{"@id":"https:\/\/surbooke.fr\/wordpress\/2023\/01\/04\/retour-a-lemberg-philippe-sands-editions-albin-michel\/"},"wordCount":1067,"commentCount":0,"image":{"@id":"https:\/\/surbooke.fr\/wordpress\/2023\/01\/04\/retour-a-lemberg-philippe-sands-editions-albin-michel\/#primaryimage"},"thumbnailUrl":"https:\/\/surbooke.fr\/wordpress\/wp-content\/uploads\/2023\/01\/Retour-a-Lemberg.jpg","keywords":["Albin Michel"],"articleSection":["biographie","histoire","\ud83e\udd0d"],"inLanguage":"fr-FR","potentialAction":[{"@type":"CommentAction","name":"Comment","target":["https:\/\/surbooke.fr\/wordpress\/2023\/01\/04\/retour-a-lemberg-philippe-sands-editions-albin-michel\/#respond"]}]},{"@type":"WebPage","@id":"https:\/\/surbooke.fr\/wordpress\/2023\/01\/04\/retour-a-lemberg-philippe-sands-editions-albin-michel\/","url":"https:\/\/surbooke.fr\/wordpress\/2023\/01\/04\/retour-a-lemberg-philippe-sands-editions-albin-michel\/","name":"Retour \u00e0 Lemberg, Philippe Sands, \u00c9ditions Albin Michel - Surbook\u00e9","isPartOf":{"@id":"https:\/\/surbooke.fr\/wordpress\/#website"},"primaryImageOfPage":{"@id":"https:\/\/surbooke.fr\/wordpress\/2023\/01\/04\/retour-a-lemberg-philippe-sands-editions-albin-michel\/#primaryimage"},"image":{"@id":"https:\/\/surbooke.fr\/wordpress\/2023\/01\/04\/retour-a-lemberg-philippe-sands-editions-albin-michel\/#primaryimage"},"thumbnailUrl":"https:\/\/surbooke.fr\/wordpress\/wp-content\/uploads\/2023\/01\/Retour-a-Lemberg.jpg","datePublished":"2023-01-04T21:54:14+00:00","dateModified":"2023-02-28T13:29:46+00:00","author":{"@id":"https:\/\/surbooke.fr\/wordpress\/#\/schema\/person\/9c6be4d35203c76182c56b0e974807c6"},"description":"La compr\u00e9hension de la Solution finale passe aussi par Lviv, une ville de Galicie qui changea maintes fois de nom et de pays d'attache. C'est dans cette cit\u00e9 que sont n\u00e9s deux juristes juifs qui forg\u00e8rent l'accusation contre les Nazis au proc\u00e8s de Nuremberg. Une enqu\u00eate \u00e9crite comme un polar par un avocat international.","breadcrumb":{"@id":"https:\/\/surbooke.fr\/wordpress\/2023\/01\/04\/retour-a-lemberg-philippe-sands-editions-albin-michel\/#breadcrumb"},"inLanguage":"fr-FR","potentialAction":[{"@type":"ReadAction","target":["https:\/\/surbooke.fr\/wordpress\/2023\/01\/04\/retour-a-lemberg-philippe-sands-editions-albin-michel\/"]}]},{"@type":"ImageObject","inLanguage":"fr-FR","@id":"https:\/\/surbooke.fr\/wordpress\/2023\/01\/04\/retour-a-lemberg-philippe-sands-editions-albin-michel\/#primaryimage","url":"https:\/\/surbooke.fr\/wordpress\/wp-content\/uploads\/2023\/01\/Retour-a-Lemberg.jpg","contentUrl":"https:\/\/surbooke.fr\/wordpress\/wp-content\/uploads\/2023\/01\/Retour-a-Lemberg.jpg","width":500,"height":500},{"@type":"BreadcrumbList","@id":"https:\/\/surbooke.fr\/wordpress\/2023\/01\/04\/retour-a-lemberg-philippe-sands-editions-albin-michel\/#breadcrumb","itemListElement":[{"@type":"ListItem","position":1,"name":"Accueil","item":"https:\/\/surbooke.fr\/wordpress\/"},{"@type":"ListItem","position":2,"name":"Retour \u00e0 Lemberg, Philippe Sands, \u00c9ditions Albin Michel"}]},{"@type":"WebSite","@id":"https:\/\/surbooke.fr\/wordpress\/#website","url":"https:\/\/surbooke.fr\/wordpress\/","name":"Surbook\u00e9","description":"Le blog de Laurent Bisault","potentialAction":[{"@type":"SearchAction","target":{"@type":"EntryPoint","urlTemplate":"https:\/\/surbooke.fr\/wordpress\/?s={search_term_string}"},"query-input":{"@type":"PropertyValueSpecification","valueRequired":true,"valueName":"search_term_string"}}],"inLanguage":"fr-FR"},{"@type":"Person","@id":"https:\/\/surbooke.fr\/wordpress\/#\/schema\/person\/9c6be4d35203c76182c56b0e974807c6","name":"Laurent Bisault","image":{"@type":"ImageObject","inLanguage":"fr-FR","@id":"https:\/\/secure.gravatar.com\/avatar\/3bcd2efdfc3a3e416bea3223d3dfcd7f8845e2ca0669671d0c7ed8e84e97bfc4?s=96&d=mm&r=g","url":"https:\/\/secure.gravatar.com\/avatar\/3bcd2efdfc3a3e416bea3223d3dfcd7f8845e2ca0669671d0c7ed8e84e97bfc4?s=96&d=mm&r=g","contentUrl":"https:\/\/secure.gravatar.com\/avatar\/3bcd2efdfc3a3e416bea3223d3dfcd7f8845e2ca0669671d0c7ed8e84e97bfc4?s=96&d=mm&r=g","caption":"Laurent Bisault"},"sameAs":["https:\/\/surbooke.fr\/wordpress\/","https:\/\/x.com\/LaurentBisault"],"url":"https:\/\/surbooke.fr\/wordpress\/author\/surbooke\/"}]}},"_links":{"self":[{"href":"https:\/\/surbooke.fr\/wordpress\/wp-json\/wp\/v2\/posts\/22769","targetHints":{"allow":["GET"]}}],"collection":[{"href":"https:\/\/surbooke.fr\/wordpress\/wp-json\/wp\/v2\/posts"}],"about":[{"href":"https:\/\/surbooke.fr\/wordpress\/wp-json\/wp\/v2\/types\/post"}],"author":[{"embeddable":true,"href":"https:\/\/surbooke.fr\/wordpress\/wp-json\/wp\/v2\/users\/8"}],"replies":[{"embeddable":true,"href":"https:\/\/surbooke.fr\/wordpress\/wp-json\/wp\/v2\/comments?post=22769"}],"version-history":[{"count":0,"href":"https:\/\/surbooke.fr\/wordpress\/wp-json\/wp\/v2\/posts\/22769\/revisions"}],"wp:featuredmedia":[{"embeddable":true,"href":"https:\/\/surbooke.fr\/wordpress\/wp-json\/wp\/v2\/media\/23202"}],"wp:attachment":[{"href":"https:\/\/surbooke.fr\/wordpress\/wp-json\/wp\/v2\/media?parent=22769"}],"wp:term":[{"taxonomy":"category","embeddable":true,"href":"https:\/\/surbooke.fr\/wordpress\/wp-json\/wp\/v2\/categories?post=22769"},{"taxonomy":"post_tag","embeddable":true,"href":"https:\/\/surbooke.fr\/wordpress\/wp-json\/wp\/v2\/tags?post=22769"}],"curies":[{"name":"wp","href":"https:\/\/api.w.org\/{rel}","templated":true}]}}