{"id":23221,"date":"2023-01-18T21:13:00","date_gmt":"2023-01-18T20:13:00","guid":{"rendered":"https:\/\/surbooke.fr\/wordpress\/?p=23221"},"modified":"2026-01-11T09:43:01","modified_gmt":"2026-01-11T08:43:01","slug":"le-grand-monde-pierre-lemaitre-editions-calmann-levy","status":"publish","type":"post","link":"https:\/\/surbooke.fr\/wordpress\/2023\/01\/18\/le-grand-monde-pierre-lemaitre-editions-calmann-levy\/","title":{"rendered":"Le Grand Monde, Pierre Lemaitre, \u00c9ditions Calmann-L\u00e9vy"},"content":{"rendered":"\n<p><strong>Beyrouth<\/strong> <strong>mars<\/strong> <strong>1948<\/strong>. Louis Pelletier dirige la \u00ab Maison Pelletier et fils \u00bb, une savonnerie qu&rsquo;il a acquise dans les ann\u00e9es vingt et qu&rsquo;il a d\u00e9velopp\u00e9e. Il l&rsquo;avait imagin\u00e9e comme l&rsquo;\u00e9gale de ce que sont Michelin \u00e0 Clermont, Schneider au Creusot ou Wendel en Lorraine avant d&rsquo;en rabattre. Son usine n&rsquo;en est pas moins un fleuron de l&rsquo;industrie libanaise. Louis Pelletier a eu avec sa femme Ang\u00e8le quatre enfants. Fran\u00e7ois \u00e9tudiant \u00e0 l&rsquo;\u00c9cole normale sup\u00e9rieure \u00e0 Paris, Jean qui a fui dans la capitale fran\u00e7aise avec son \u00e9pouse Genevi\u00e8ve pour ne pas diriger l&rsquo;usine. \u00c9tienne le pr\u00e9f\u00e9r\u00e9 d&rsquo;Ang\u00e8le qui s&rsquo;appr\u00eate \u00e0 rejoindre en Indochine Raymond, un l\u00e9gionnaire belge avec qui il a v\u00e9cu une grande passion. Et H\u00e9l\u00e8ne, dix-neuf ans, qui voudrait imiter ses fr\u00e8res. \u00c0 Sa\u00efgon \u00c9tienne trouve du travail au service contentieux de l&rsquo;Agence indochinoise des monnaies. \u00c0 d\u00e9faut de retrouver Raymond tortur\u00e9 et ex\u00e9cut\u00e9 par les Vi\u00eats, \u00c9tienne d\u00e9couvre la ville avec Gaston Paumelle, un coll\u00e8gue fils et petit-fils de colons. Les restaus, les \u00e9tablissements de nuit, les putes chinoises et annamites. Un train de vie bien trop \u00e9lev\u00e9 par rapport \u00e0 son salaire. Alors Paumelle lui r\u00e9v\u00e8le qu&rsquo;il profite de sa position \u00e0 l&rsquo;Agence pour jouer sur le cours des piastres. En les faisant transiter par la m\u00e9tropole, il double leur valeur. Fran\u00e7ois a laiss\u00e9 tomber ses \u00e9tudes pour sa passion le journalisme. Il doit pour l&rsquo;instant se contenter d&rsquo;un petit emploi au <em>Populaire<\/em>. L&rsquo;euphorie de la Lib\u00e9ration est d\u00e9sormais oubli\u00e9e dans la capitale. Le rationnement est toujours de mise et l&rsquo;inflation grignote les maigres revenus. Puis Fran\u00e7ois r\u00e9ussit \u00e0 se faire embaucher au <em>Journal<\/em> <em>du<\/em> <em>soir<\/em>, le quotidien dirig\u00e9 par Adrien Denissov qui le fait tant r\u00eaver. Le mariage de Jean se transforme rapidement en calvaire. Incapable de trouver un emploi de repr\u00e9sentant de commerce, le seul m\u00e9tier qu&rsquo;il ose envisager, il doit en plus supporter les r\u00e9flexions de sa femme. Le couple bat tellement de l&rsquo;aile que la petite amie de Fran\u00e7ois refuse de manger avec eux en arguant qu&rsquo;elle est dingue et que lui est une couille molle.<\/p>\n\n\n\n<blockquote class=\"wp-block-quote is-style-large is-layout-flow wp-block-quote-is-layout-flow\">\n<p>Le Viet &#8211; minh est partout, insaisissable, dans une guerre que l&rsquo;arm\u00e9e fran\u00e7aise ne comprend pas<\/p>\n<\/blockquote>\n\n\n\n<p>Formidable r\u00e9ussite que ce premier vol<em>ume<\/em> de la saga de Pierre Lemaitre sur les Trente Glorieuses. Le second tome vient de sortir, et s&rsquo;il est du m\u00eame niveau que <em>Le<\/em> <em>Grand<\/em> <em>Monde<\/em>, on n&rsquo;a pas fini de se r\u00e9galer. Dans ce premier opus on navigue entre Beyrouth, Sa\u00efgon et Paris aux c\u00f4t\u00e9s de la famille Pelletier. La guerre est termin\u00e9e depuis quatre ans mais les ann\u00e9es glorieuses se font encore attendre. Certes on mange mais il faut encore faire avec les tickets de rationnement. M\u00eame si la France a fait partie des vainqueurs, elle ne va pas tarder \u00e0 en rabattre dans ses ambitions coloniales. Le r\u00e9cit est vivant, document\u00e9, passionnant, comme les romans-feuilletons que Lemaitre ressuscite. La description de l&rsquo;Indochine, moite, d\u00e9clinante, o\u00f9 les Fran\u00e7ais se goinfrent dans la capitale sous la protection de fortins, est fabuleuse. Les colons sont veules, glauques, ils naviguent de pipes d&rsquo;opium en prostitu\u00e9es et se ruinent au jeu. Ils savent tous que \u00e7a n&rsquo;aura qu&rsquo;un temps. Le Viet &#8211; minh est partout, insaisissable, dans une guerre que l&rsquo;arm\u00e9e fran\u00e7aise ne comprend pas, alors autant en profiter avant qu&rsquo;on les foute dehors. \u00c0 Paris Pierre Lemaitre nous plonge avec gourmandise dans la vie d&rsquo;un grand journal, en faisant revivre un patron de presse comme il n&rsquo;en existe plus. Tout le monde devrait trouver du plaisir \u00e0 lire cet auteur qui a fait ses armes dans les romans policiers. Son r\u00e9cit p\u00e9tille, on adore les membres de la famille Pelletier. On se d\u00e9lecte de l&rsquo;humour de Lemaitre, quand il fait dire au responsable de l&rsquo;Agence indochinoise des monnaies que \u00ab <em>sa<\/em> <em>premi\u00e8re<\/em> <em>femme<\/em> <em>\u00e9tait<\/em> <em>une<\/em> <em>salope<\/em>, <em>je<\/em> <em>vous<\/em> <em>di<\/em>s <em>pas<\/em> \u00bb. Ou quand un s\u00e9nateur d\u00e9clare \u00ab <em>Je<\/em> <em>n&rsquo;ai<\/em> <em>pas<\/em> <em>monsieur<\/em>, <em>je<\/em> <em>n&rsquo;ai<\/em> <em>jamais<\/em> <em>eu<\/em> <em>de<\/em> <em>compte<\/em> <em>dans<\/em> <em>l&rsquo;un<\/em> <em>de<\/em> <em>ces<\/em> <em>\u00e9tablissements<\/em>, <em>ni<\/em> <em>maintenant<\/em> <em>ni<\/em> <em>jamais<\/em> \u00bb. J\u00e9r\u00f4me on te salue. Vivement la suite !<\/p>\n\n\n\n<p><strong>Qu&rsquo;en<\/strong> <strong>dit<\/strong> <strong><em>Bibliosurf<\/em><\/strong> <strong>?<\/strong><br><a href=\"https:\/\/www.bibliosurf.com\/Le-Grand-Monde.html\">https:\/\/www.bibliosurf.com\/Le-Grand-Monde.html<\/a><br><br><\/p>\n\n\n\n<p><strong>Abonnez-vous pour \u00eatre averti des nouvelles chroniques !<\/strong><\/p>\n\n\n\n<div style=\"padding:20px\" class=\"wp-block-tnp-minimal\"><p>Subscribe to our newsletter!<\/p><div><div class=\"tnp tnp-subscription-minimal  \"><form action=\"https:\/\/surbooke.fr\/wordpress\/wp-admin\/admin-ajax.php?action=tnp&amp;na=s\" method=\"post\" style=\"text-align: center\"><input type=\"hidden\" name=\"nr\" value=\"minimal\">\n<input type=\"hidden\" name=\"nlang\" value=\"\">\n<input class=\"tnp-email\" type=\"email\" required name=\"ne\" value=\"\" placeholder=\"Email\"><input class=\"tnp-submit\" type=\"submit\" value=\"S&#039;abonner\" style=\"\">\n<div class=\"tnp-field tnp-privacy-field\"><label><input type=\"checkbox\" name=\"ny\" required class=\"tnp-privacy\"> En continuant, vous acceptez la politique de confidentialit\u00e9<\/label><\/div><\/form><\/div>\n<\/div><\/div>\n","protected":false},"excerpt":{"rendered":"<p>Beyrouth mars 1948. Louis Pelletier dirige la \u00ab Maison Pelletier et fils \u00bb, une savonnerie qu&rsquo;il a acquise dans les ann\u00e9es vingt et qu&rsquo;il a d\u00e9velopp\u00e9e. Il l&rsquo;avait imagin\u00e9e comme l&rsquo;\u00e9gale de ce que sont Michelin \u00e0 Clermont, Schneider au Creusot ou Wendel en Lorraine avant d&rsquo;en rabattre. Son usine n&rsquo;en est pas moins un [&hellip;]<\/p>\n","protected":false},"author":8,"featured_media":23224,"comment_status":"open","ping_status":"open","sticky":false,"template":"","format":"standard","meta":{"footnotes":""},"categories":[15,171],"tags":[89],"class_list":["post-23221","post","type-post","status-publish","format-standard","has-post-thumbnail","hentry","category-roman-francais","category-171","tag-calmann-levy"],"yoast_head":"<!-- This site is optimized with the Yoast SEO plugin v27.4 - https:\/\/yoast.com\/product\/yoast-seo-wordpress\/ -->\n<title>Le Grand Monde, Pierre Lemaitre, \u00c9ditions Calmann-L\u00e9vy - Surbook\u00e9<\/title>\n<meta name=\"description\" content=\"Premier volume de la saga de Pierre Lemaitre sur les Trente Glorieuses. O\u00f9 l&#039;on d\u00e9couvre avec bonheur les aventures de la famille Pelletier.\" \/>\n<meta name=\"robots\" content=\"index, follow, max-snippet:-1, max-image-preview:large, max-video-preview:-1\" \/>\n<link rel=\"canonical\" href=\"https:\/\/surbooke.fr\/wordpress\/2023\/01\/18\/le-grand-monde-pierre-lemaitre-editions-calmann-levy\/\" \/>\n<meta property=\"og:locale\" content=\"fr_FR\" \/>\n<meta property=\"og:type\" content=\"article\" \/>\n<meta property=\"og:title\" content=\"Le Grand Monde, Pierre Lemaitre, \u00c9ditions Calmann-L\u00e9vy - Surbook\u00e9\" \/>\n<meta property=\"og:description\" content=\"Premier volume de la saga de Pierre Lemaitre sur les Trente Glorieuses. O\u00f9 l&#039;on d\u00e9couvre avec bonheur les aventures de la famille Pelletier.\" \/>\n<meta property=\"og:url\" content=\"https:\/\/surbooke.fr\/wordpress\/2023\/01\/18\/le-grand-monde-pierre-lemaitre-editions-calmann-levy\/\" \/>\n<meta property=\"og:site_name\" content=\"Surbook\u00e9\" \/>\n<meta property=\"article:published_time\" content=\"2023-01-18T20:13:00+00:00\" \/>\n<meta property=\"article:modified_time\" content=\"2026-01-11T08:43:01+00:00\" \/>\n<meta property=\"og:image\" content=\"https:\/\/surbooke.fr\/wordpress\/wp-content\/uploads\/2023\/01\/Le-Grand-Monde-1.jpeg\" \/>\n\t<meta property=\"og:image:width\" content=\"183\" \/>\n\t<meta property=\"og:image:height\" content=\"276\" \/>\n\t<meta property=\"og:image:type\" content=\"image\/jpeg\" \/>\n<meta name=\"author\" content=\"Laurent Bisault\" \/>\n<meta name=\"twitter:card\" content=\"summary_large_image\" \/>\n<meta name=\"twitter:creator\" content=\"@LaurentBisault\" \/>\n<meta name=\"twitter:label1\" content=\"\u00c9crit par\" \/>\n\t<meta name=\"twitter:data1\" content=\"Laurent Bisault\" \/>\n\t<meta name=\"twitter:label2\" content=\"Dur\u00e9e de lecture estim\u00e9e\" \/>\n\t<meta name=\"twitter:data2\" content=\"4 minutes\" \/>\n<script type=\"application\/ld+json\" class=\"yoast-schema-graph\">{\"@context\":\"https:\\\/\\\/schema.org\",\"@graph\":[{\"@type\":\"Article\",\"@id\":\"https:\\\/\\\/surbooke.fr\\\/wordpress\\\/2023\\\/01\\\/18\\\/le-grand-monde-pierre-lemaitre-editions-calmann-levy\\\/#article\",\"isPartOf\":{\"@id\":\"https:\\\/\\\/surbooke.fr\\\/wordpress\\\/2023\\\/01\\\/18\\\/le-grand-monde-pierre-lemaitre-editions-calmann-levy\\\/\"},\"author\":{\"name\":\"Laurent Bisault\",\"@id\":\"https:\\\/\\\/surbooke.fr\\\/wordpress\\\/#\\\/schema\\\/person\\\/9c6be4d35203c76182c56b0e974807c6\"},\"headline\":\"Le Grand Monde, Pierre Lemaitre, \u00c9ditions Calmann-L\u00e9vy\",\"datePublished\":\"2023-01-18T20:13:00+00:00\",\"dateModified\":\"2026-01-11T08:43:01+00:00\",\"mainEntityOfPage\":{\"@id\":\"https:\\\/\\\/surbooke.fr\\\/wordpress\\\/2023\\\/01\\\/18\\\/le-grand-monde-pierre-lemaitre-editions-calmann-levy\\\/\"},\"wordCount\":784,\"commentCount\":0,\"image\":{\"@id\":\"https:\\\/\\\/surbooke.fr\\\/wordpress\\\/2023\\\/01\\\/18\\\/le-grand-monde-pierre-lemaitre-editions-calmann-levy\\\/#primaryimage\"},\"thumbnailUrl\":\"https:\\\/\\\/surbooke.fr\\\/wordpress\\\/wp-content\\\/uploads\\\/2023\\\/01\\\/Le-Grand-Monde-1.jpeg\",\"keywords\":[\"Calmann-L\u00e9vy\"],\"articleSection\":[\"roman fran\u00e7ais \ud83c\uddeb\ud83c\uddf7\",\"\ud83e\udd0d\ud83e\udd0d\"],\"inLanguage\":\"fr-FR\",\"potentialAction\":[{\"@type\":\"CommentAction\",\"name\":\"Comment\",\"target\":[\"https:\\\/\\\/surbooke.fr\\\/wordpress\\\/2023\\\/01\\\/18\\\/le-grand-monde-pierre-lemaitre-editions-calmann-levy\\\/#respond\"]}]},{\"@type\":\"WebPage\",\"@id\":\"https:\\\/\\\/surbooke.fr\\\/wordpress\\\/2023\\\/01\\\/18\\\/le-grand-monde-pierre-lemaitre-editions-calmann-levy\\\/\",\"url\":\"https:\\\/\\\/surbooke.fr\\\/wordpress\\\/2023\\\/01\\\/18\\\/le-grand-monde-pierre-lemaitre-editions-calmann-levy\\\/\",\"name\":\"Le Grand Monde, Pierre Lemaitre, \u00c9ditions Calmann-L\u00e9vy - Surbook\u00e9\",\"isPartOf\":{\"@id\":\"https:\\\/\\\/surbooke.fr\\\/wordpress\\\/#website\"},\"primaryImageOfPage\":{\"@id\":\"https:\\\/\\\/surbooke.fr\\\/wordpress\\\/2023\\\/01\\\/18\\\/le-grand-monde-pierre-lemaitre-editions-calmann-levy\\\/#primaryimage\"},\"image\":{\"@id\":\"https:\\\/\\\/surbooke.fr\\\/wordpress\\\/2023\\\/01\\\/18\\\/le-grand-monde-pierre-lemaitre-editions-calmann-levy\\\/#primaryimage\"},\"thumbnailUrl\":\"https:\\\/\\\/surbooke.fr\\\/wordpress\\\/wp-content\\\/uploads\\\/2023\\\/01\\\/Le-Grand-Monde-1.jpeg\",\"datePublished\":\"2023-01-18T20:13:00+00:00\",\"dateModified\":\"2026-01-11T08:43:01+00:00\",\"author\":{\"@id\":\"https:\\\/\\\/surbooke.fr\\\/wordpress\\\/#\\\/schema\\\/person\\\/9c6be4d35203c76182c56b0e974807c6\"},\"description\":\"Premier volume de la saga de Pierre Lemaitre sur les Trente Glorieuses. O\u00f9 l'on d\u00e9couvre avec bonheur les aventures de la famille Pelletier.\",\"breadcrumb\":{\"@id\":\"https:\\\/\\\/surbooke.fr\\\/wordpress\\\/2023\\\/01\\\/18\\\/le-grand-monde-pierre-lemaitre-editions-calmann-levy\\\/#breadcrumb\"},\"inLanguage\":\"fr-FR\",\"potentialAction\":[{\"@type\":\"ReadAction\",\"target\":[\"https:\\\/\\\/surbooke.fr\\\/wordpress\\\/2023\\\/01\\\/18\\\/le-grand-monde-pierre-lemaitre-editions-calmann-levy\\\/\"]}]},{\"@type\":\"ImageObject\",\"inLanguage\":\"fr-FR\",\"@id\":\"https:\\\/\\\/surbooke.fr\\\/wordpress\\\/2023\\\/01\\\/18\\\/le-grand-monde-pierre-lemaitre-editions-calmann-levy\\\/#primaryimage\",\"url\":\"https:\\\/\\\/surbooke.fr\\\/wordpress\\\/wp-content\\\/uploads\\\/2023\\\/01\\\/Le-Grand-Monde-1.jpeg\",\"contentUrl\":\"https:\\\/\\\/surbooke.fr\\\/wordpress\\\/wp-content\\\/uploads\\\/2023\\\/01\\\/Le-Grand-Monde-1.jpeg\",\"width\":183,\"height\":276},{\"@type\":\"BreadcrumbList\",\"@id\":\"https:\\\/\\\/surbooke.fr\\\/wordpress\\\/2023\\\/01\\\/18\\\/le-grand-monde-pierre-lemaitre-editions-calmann-levy\\\/#breadcrumb\",\"itemListElement\":[{\"@type\":\"ListItem\",\"position\":1,\"name\":\"Accueil\",\"item\":\"https:\\\/\\\/surbooke.fr\\\/wordpress\\\/\"},{\"@type\":\"ListItem\",\"position\":2,\"name\":\"Le Grand Monde, Pierre Lemaitre, \u00c9ditions Calmann-L\u00e9vy\"}]},{\"@type\":\"WebSite\",\"@id\":\"https:\\\/\\\/surbooke.fr\\\/wordpress\\\/#website\",\"url\":\"https:\\\/\\\/surbooke.fr\\\/wordpress\\\/\",\"name\":\"Surbook\u00e9\",\"description\":\"Le blog de Laurent Bisault\",\"potentialAction\":[{\"@type\":\"SearchAction\",\"target\":{\"@type\":\"EntryPoint\",\"urlTemplate\":\"https:\\\/\\\/surbooke.fr\\\/wordpress\\\/?s={search_term_string}\"},\"query-input\":{\"@type\":\"PropertyValueSpecification\",\"valueRequired\":true,\"valueName\":\"search_term_string\"}}],\"inLanguage\":\"fr-FR\"},{\"@type\":\"Person\",\"@id\":\"https:\\\/\\\/surbooke.fr\\\/wordpress\\\/#\\\/schema\\\/person\\\/9c6be4d35203c76182c56b0e974807c6\",\"name\":\"Laurent Bisault\",\"image\":{\"@type\":\"ImageObject\",\"inLanguage\":\"fr-FR\",\"@id\":\"https:\\\/\\\/secure.gravatar.com\\\/avatar\\\/3bcd2efdfc3a3e416bea3223d3dfcd7f8845e2ca0669671d0c7ed8e84e97bfc4?s=96&d=mm&r=g\",\"url\":\"https:\\\/\\\/secure.gravatar.com\\\/avatar\\\/3bcd2efdfc3a3e416bea3223d3dfcd7f8845e2ca0669671d0c7ed8e84e97bfc4?s=96&d=mm&r=g\",\"contentUrl\":\"https:\\\/\\\/secure.gravatar.com\\\/avatar\\\/3bcd2efdfc3a3e416bea3223d3dfcd7f8845e2ca0669671d0c7ed8e84e97bfc4?s=96&d=mm&r=g\",\"caption\":\"Laurent Bisault\"},\"sameAs\":[\"https:\\\/\\\/surbooke.fr\\\/wordpress\\\/\",\"https:\\\/\\\/x.com\\\/LaurentBisault\"],\"url\":\"https:\\\/\\\/surbooke.fr\\\/wordpress\\\/author\\\/surbooke\\\/\"}]}<\/script>\n<!-- \/ Yoast SEO plugin. -->","yoast_head_json":{"title":"Le Grand Monde, Pierre Lemaitre, \u00c9ditions Calmann-L\u00e9vy - Surbook\u00e9","description":"Premier volume de la saga de Pierre Lemaitre sur les Trente Glorieuses. O\u00f9 l'on d\u00e9couvre avec bonheur les aventures de la famille Pelletier.","robots":{"index":"index","follow":"follow","max-snippet":"max-snippet:-1","max-image-preview":"max-image-preview:large","max-video-preview":"max-video-preview:-1"},"canonical":"https:\/\/surbooke.fr\/wordpress\/2023\/01\/18\/le-grand-monde-pierre-lemaitre-editions-calmann-levy\/","og_locale":"fr_FR","og_type":"article","og_title":"Le Grand Monde, Pierre Lemaitre, \u00c9ditions Calmann-L\u00e9vy - Surbook\u00e9","og_description":"Premier volume de la saga de Pierre Lemaitre sur les Trente Glorieuses. O\u00f9 l'on d\u00e9couvre avec bonheur les aventures de la famille Pelletier.","og_url":"https:\/\/surbooke.fr\/wordpress\/2023\/01\/18\/le-grand-monde-pierre-lemaitre-editions-calmann-levy\/","og_site_name":"Surbook\u00e9","article_published_time":"2023-01-18T20:13:00+00:00","article_modified_time":"2026-01-11T08:43:01+00:00","og_image":[{"width":183,"height":276,"url":"https:\/\/surbooke.fr\/wordpress\/wp-content\/uploads\/2023\/01\/Le-Grand-Monde-1.jpeg","type":"image\/jpeg"}],"author":"Laurent Bisault","twitter_card":"summary_large_image","twitter_creator":"@LaurentBisault","twitter_misc":{"\u00c9crit par":"Laurent Bisault","Dur\u00e9e de lecture estim\u00e9e":"4 minutes"},"schema":{"@context":"https:\/\/schema.org","@graph":[{"@type":"Article","@id":"https:\/\/surbooke.fr\/wordpress\/2023\/01\/18\/le-grand-monde-pierre-lemaitre-editions-calmann-levy\/#article","isPartOf":{"@id":"https:\/\/surbooke.fr\/wordpress\/2023\/01\/18\/le-grand-monde-pierre-lemaitre-editions-calmann-levy\/"},"author":{"name":"Laurent Bisault","@id":"https:\/\/surbooke.fr\/wordpress\/#\/schema\/person\/9c6be4d35203c76182c56b0e974807c6"},"headline":"Le Grand Monde, Pierre Lemaitre, \u00c9ditions Calmann-L\u00e9vy","datePublished":"2023-01-18T20:13:00+00:00","dateModified":"2026-01-11T08:43:01+00:00","mainEntityOfPage":{"@id":"https:\/\/surbooke.fr\/wordpress\/2023\/01\/18\/le-grand-monde-pierre-lemaitre-editions-calmann-levy\/"},"wordCount":784,"commentCount":0,"image":{"@id":"https:\/\/surbooke.fr\/wordpress\/2023\/01\/18\/le-grand-monde-pierre-lemaitre-editions-calmann-levy\/#primaryimage"},"thumbnailUrl":"https:\/\/surbooke.fr\/wordpress\/wp-content\/uploads\/2023\/01\/Le-Grand-Monde-1.jpeg","keywords":["Calmann-L\u00e9vy"],"articleSection":["roman fran\u00e7ais \ud83c\uddeb\ud83c\uddf7","\ud83e\udd0d\ud83e\udd0d"],"inLanguage":"fr-FR","potentialAction":[{"@type":"CommentAction","name":"Comment","target":["https:\/\/surbooke.fr\/wordpress\/2023\/01\/18\/le-grand-monde-pierre-lemaitre-editions-calmann-levy\/#respond"]}]},{"@type":"WebPage","@id":"https:\/\/surbooke.fr\/wordpress\/2023\/01\/18\/le-grand-monde-pierre-lemaitre-editions-calmann-levy\/","url":"https:\/\/surbooke.fr\/wordpress\/2023\/01\/18\/le-grand-monde-pierre-lemaitre-editions-calmann-levy\/","name":"Le Grand Monde, Pierre Lemaitre, \u00c9ditions Calmann-L\u00e9vy - Surbook\u00e9","isPartOf":{"@id":"https:\/\/surbooke.fr\/wordpress\/#website"},"primaryImageOfPage":{"@id":"https:\/\/surbooke.fr\/wordpress\/2023\/01\/18\/le-grand-monde-pierre-lemaitre-editions-calmann-levy\/#primaryimage"},"image":{"@id":"https:\/\/surbooke.fr\/wordpress\/2023\/01\/18\/le-grand-monde-pierre-lemaitre-editions-calmann-levy\/#primaryimage"},"thumbnailUrl":"https:\/\/surbooke.fr\/wordpress\/wp-content\/uploads\/2023\/01\/Le-Grand-Monde-1.jpeg","datePublished":"2023-01-18T20:13:00+00:00","dateModified":"2026-01-11T08:43:01+00:00","author":{"@id":"https:\/\/surbooke.fr\/wordpress\/#\/schema\/person\/9c6be4d35203c76182c56b0e974807c6"},"description":"Premier volume de la saga de Pierre Lemaitre sur les Trente Glorieuses. O\u00f9 l'on d\u00e9couvre avec bonheur les aventures de la famille Pelletier.","breadcrumb":{"@id":"https:\/\/surbooke.fr\/wordpress\/2023\/01\/18\/le-grand-monde-pierre-lemaitre-editions-calmann-levy\/#breadcrumb"},"inLanguage":"fr-FR","potentialAction":[{"@type":"ReadAction","target":["https:\/\/surbooke.fr\/wordpress\/2023\/01\/18\/le-grand-monde-pierre-lemaitre-editions-calmann-levy\/"]}]},{"@type":"ImageObject","inLanguage":"fr-FR","@id":"https:\/\/surbooke.fr\/wordpress\/2023\/01\/18\/le-grand-monde-pierre-lemaitre-editions-calmann-levy\/#primaryimage","url":"https:\/\/surbooke.fr\/wordpress\/wp-content\/uploads\/2023\/01\/Le-Grand-Monde-1.jpeg","contentUrl":"https:\/\/surbooke.fr\/wordpress\/wp-content\/uploads\/2023\/01\/Le-Grand-Monde-1.jpeg","width":183,"height":276},{"@type":"BreadcrumbList","@id":"https:\/\/surbooke.fr\/wordpress\/2023\/01\/18\/le-grand-monde-pierre-lemaitre-editions-calmann-levy\/#breadcrumb","itemListElement":[{"@type":"ListItem","position":1,"name":"Accueil","item":"https:\/\/surbooke.fr\/wordpress\/"},{"@type":"ListItem","position":2,"name":"Le Grand Monde, Pierre Lemaitre, \u00c9ditions Calmann-L\u00e9vy"}]},{"@type":"WebSite","@id":"https:\/\/surbooke.fr\/wordpress\/#website","url":"https:\/\/surbooke.fr\/wordpress\/","name":"Surbook\u00e9","description":"Le blog de Laurent Bisault","potentialAction":[{"@type":"SearchAction","target":{"@type":"EntryPoint","urlTemplate":"https:\/\/surbooke.fr\/wordpress\/?s={search_term_string}"},"query-input":{"@type":"PropertyValueSpecification","valueRequired":true,"valueName":"search_term_string"}}],"inLanguage":"fr-FR"},{"@type":"Person","@id":"https:\/\/surbooke.fr\/wordpress\/#\/schema\/person\/9c6be4d35203c76182c56b0e974807c6","name":"Laurent Bisault","image":{"@type":"ImageObject","inLanguage":"fr-FR","@id":"https:\/\/secure.gravatar.com\/avatar\/3bcd2efdfc3a3e416bea3223d3dfcd7f8845e2ca0669671d0c7ed8e84e97bfc4?s=96&d=mm&r=g","url":"https:\/\/secure.gravatar.com\/avatar\/3bcd2efdfc3a3e416bea3223d3dfcd7f8845e2ca0669671d0c7ed8e84e97bfc4?s=96&d=mm&r=g","contentUrl":"https:\/\/secure.gravatar.com\/avatar\/3bcd2efdfc3a3e416bea3223d3dfcd7f8845e2ca0669671d0c7ed8e84e97bfc4?s=96&d=mm&r=g","caption":"Laurent Bisault"},"sameAs":["https:\/\/surbooke.fr\/wordpress\/","https:\/\/x.com\/LaurentBisault"],"url":"https:\/\/surbooke.fr\/wordpress\/author\/surbooke\/"}]}},"_links":{"self":[{"href":"https:\/\/surbooke.fr\/wordpress\/wp-json\/wp\/v2\/posts\/23221","targetHints":{"allow":["GET"]}}],"collection":[{"href":"https:\/\/surbooke.fr\/wordpress\/wp-json\/wp\/v2\/posts"}],"about":[{"href":"https:\/\/surbooke.fr\/wordpress\/wp-json\/wp\/v2\/types\/post"}],"author":[{"embeddable":true,"href":"https:\/\/surbooke.fr\/wordpress\/wp-json\/wp\/v2\/users\/8"}],"replies":[{"embeddable":true,"href":"https:\/\/surbooke.fr\/wordpress\/wp-json\/wp\/v2\/comments?post=23221"}],"version-history":[{"count":0,"href":"https:\/\/surbooke.fr\/wordpress\/wp-json\/wp\/v2\/posts\/23221\/revisions"}],"wp:featuredmedia":[{"embeddable":true,"href":"https:\/\/surbooke.fr\/wordpress\/wp-json\/wp\/v2\/media\/23224"}],"wp:attachment":[{"href":"https:\/\/surbooke.fr\/wordpress\/wp-json\/wp\/v2\/media?parent=23221"}],"wp:term":[{"taxonomy":"category","embeddable":true,"href":"https:\/\/surbooke.fr\/wordpress\/wp-json\/wp\/v2\/categories?post=23221"},{"taxonomy":"post_tag","embeddable":true,"href":"https:\/\/surbooke.fr\/wordpress\/wp-json\/wp\/v2\/tags?post=23221"}],"curies":[{"name":"wp","href":"https:\/\/api.w.org\/{rel}","templated":true}]}}