{"id":23777,"date":"2023-02-16T21:00:05","date_gmt":"2023-02-16T20:00:05","guid":{"rendered":"https:\/\/surbooke.fr\/wordpress\/?p=23777"},"modified":"2023-02-28T14:24:56","modified_gmt":"2023-02-28T13:24:56","slug":"les-sources-marie-helene-lafon-editions-buchet-chastel","status":"publish","type":"post","link":"https:\/\/surbooke.fr\/wordpress\/2023\/02\/16\/les-sources-marie-helene-lafon-editions-buchet-chastel\/","title":{"rendered":"Les sources, Marie-H\u00e9l\u00e8ne Lafon, \u00c9ditions Buchet-Chastel"},"content":{"rendered":"\n<p><strong>Vall\u00e9e<\/strong> <strong>de<\/strong> <strong>la<\/strong> <strong>Santoire<\/strong> <strong>(Cantal)<\/strong> <strong>juin<\/strong> <strong>1967,<\/strong> mille m\u00e8tres d&rsquo;altitude, elle aura trente ans dans trois semaines. Elle a trois enfants Isabelle, Claire et Gilles, et une belle ferme de trente-trois hectares avec un commis et un vacher. Elle est mari\u00e9e depuis huit ann\u00e9es dont quatre pass\u00e9es dans cette exploitation du bout du monde. Son mari dort sur le banc, il va bient\u00f4t se r\u00e9veiller et lui demander ce qu&rsquo;elle attend pour d\u00e9barrasser la table. Son p\u00e8re l&rsquo;avait pr\u00e9venu, il n&rsquo;aimait pas la mani\u00e8re dont celui qui allait l&#8217;emmener de l&rsquo;autre c\u00f4t\u00e9 de Murat la regardait. Aujourd&rsquo;hui elle n&rsquo;arr\u00eate pas, la maison, le linge, les enfants, le jardin, les poules et les lapins. Son corps lard\u00e9 des cicatrices de ses trois c\u00e9sariennes n&rsquo;est plus le m\u00eame. Son vrai, celui d&rsquo;avant, est parti. Elle n&rsquo;aura plus d&rsquo;enfants, apr\u00e8s le troisi\u00e8me le docteur lui avait expliqu\u00e9 la ligature des trompes comme \u00e7a elle serait tranquille. Heureusement pour l&rsquo;aider il y a une bonne Nicole qui a succ\u00e9d\u00e9 \u00e0 Annie. Chez elle \u00e0 Fridi\u00e8res il n&rsquo;y en avait jamais eu, alors que ses beaux-parents ont six domestiques. Ils ont toujours su rentrer de l&rsquo;argent. Ils ont \u00e9t\u00e9 les premiers \u00e0 acheter un tracteur, une voiture, une t\u00e9l\u00e9vision. \u00c0 la ferme personne ne vient sauf le facteur et le marchand de bestiaux, eux ne sont pas d&rsquo;ici et on leur fait savoir en les appelant les Aurillacois. Ils ne vont nulle part sauf dans les familles une fois par mois. Pourtant elle fait semblant. Semblant de vivre, alors qu&rsquo;il la cogne dans les jambes, dans le ventre, en lui gueulant dessus qu&rsquo;elle est grosse et molle.<\/p>\n\n\n\n<blockquote class=\"wp-block-quote is-style-large is-layout-flow wp-block-quote-is-layout-flow\"><p>Les parents n&rsquo;ont pas de nom<\/p><\/blockquote>\n\n\n\n<p>Les sources ce sont les racines. Dans cette histoire il s&rsquo;agit de la ferme o\u00f9 la famille s&rsquo;est install\u00e9e avant d&rsquo;\u00e9clater. Roman apr\u00e8s roman Marie-H\u00e9l\u00e8ne Lafon enrichit son \u0153uvre de nouvelles vies du Cantal. Apr\u00e8s <a href=\"https:\/\/surbooke.fr\/wordpress\/?p=20061\" target=\"_blank\" rel=\"noreferrer noopener\"><strong><em>Histoire<\/em><\/strong> <strong><em>du<\/em><\/strong> <strong><em>fils<\/em><\/strong> <\/a>pr\u00e9sent\u00e9 r\u00e9cemment sur ce blog, elle remet \u00e7a avec des paysans install\u00e9s sur les hauteurs du C\u00e9zallier. C&rsquo;est court, sec, bouleversant. Les parents n&rsquo;ont pas de noms, seuls les enfants, leurs employ\u00e9s et le reste de la parent\u00e8le en ont un. Pourquoi en auraient-ils puisqu&rsquo;ils ne se parlent pas ? Lui hurle, elle se tait. Le p\u00e8re et la m\u00e8re ont pourtant construit leur destin, d&rsquo;abord fianc\u00e9s en attendant qu&rsquo;il revienne de son service militaire au Maroc. Puis mari\u00e9s et associ\u00e9s dans l&rsquo;achat de la ferme dont ils sont propri\u00e9taires \u00e0 parts \u00e9gales. Elle a toujours voulu des enfants, elle les a eus, trois en sept ann\u00e9es. Mais maintenant \u00ab <em>Elle<\/em> <em>est<\/em> <em>comme<\/em> <em>une<\/em> <em>vache<\/em> <em>lourde,<\/em> <em>une<\/em> <em>vieille<\/em> <em>vache<\/em> <em>fatigu\u00e9e<\/em> \u00bb. Alors il cogne pour lui dire qu&rsquo;elle ne sert plus \u00e0 rien, et qu&rsquo;elle passe son temps \u00e0 d\u00e9penser pour les courses l&rsquo;argent qu&rsquo;il gagne en travaillant. Elle l&rsquo;accepte, comme elle accepte la terreur qu&rsquo;il impose aux enfants. Jusqu&rsquo;au jour o\u00f9.<\/p>\n\n\n\n<p><strong>Qu&rsquo;en dit <em>Bibliosurf<\/em> ?<\/strong><br><a href=\"https:\/\/www.bibliosurf.com\/Les-sources.html\">https:\/\/www.bibliosurf.com\/Les-sources.html<\/a><\/p>\n\n\n\n<div style=\"padding:20px\" class=\"wp-block-tnp-minimal\"><p><strong>Abonnez-vous pour \u00eatre averti des nouvelles chroniques !<\/strong><\/p><div><div class=\"tnp tnp-subscription-minimal  \"><form action=\"https:\/\/surbooke.fr\/wordpress\/wp-admin\/admin-ajax.php?action=tnp&amp;na=s\" method=\"post\" style=\"text-align: center\"><input type=\"hidden\" name=\"nr\" value=\"minimal\">\n<input type=\"hidden\" name=\"nlang\" value=\"\">\n<input class=\"tnp-email\" type=\"email\" required name=\"ne\" value=\"\" placeholder=\"Email\"><input class=\"tnp-submit\" type=\"submit\" value=\"S&#039;abonner\" style=\"\">\n<div class=\"tnp-field tnp-privacy-field\"><label><input type=\"checkbox\" name=\"ny\" required class=\"tnp-privacy\"> En continuant, vous acceptez la politique de confidentialit\u00e9<\/label><\/div><\/form><\/div>\n<\/div><\/div>\n","protected":false},"excerpt":{"rendered":"<p>Vall\u00e9e de la Santoire (Cantal) juin 1967, mille m\u00e8tres d&rsquo;altitude, elle aura trente ans dans trois semaines. Elle a trois enfants Isabelle, Claire et Gilles, et une belle ferme de trente-trois hectares avec un commis et un vacher. Elle est mari\u00e9e depuis huit ann\u00e9es dont quatre pass\u00e9es dans cette exploitation du bout du monde. Son [&hellip;]<\/p>\n","protected":false},"author":8,"featured_media":23778,"comment_status":"open","ping_status":"open","sticky":false,"template":"","format":"standard","meta":{"footnotes":""},"categories":[15,3],"tags":[130],"class_list":["post-23777","post","type-post","status-publish","format-standard","has-post-thumbnail","hentry","category-roman-francais","category-coup-de-coeur","tag-buchet-chastel"],"yoast_head":"<!-- This site is optimized with the Yoast SEO plugin v27.4 - https:\/\/yoast.com\/product\/yoast-seo-wordpress\/ -->\n<title>Les sources, Marie-H\u00e9l\u00e8ne Lafon, \u00c9ditions Buchet-Chastel - Surbook\u00e9<\/title>\n<meta name=\"description\" content=\"L&#039;histoire intime d&#039;une famille de paysans cantalous dont le p\u00e8re prend l&#039;habitude de cogner la m\u00e8re. Court r\u00e9cit et grosses \u00e9motions port\u00e9es par la langue de Marie-H\u00e9l\u00e8ne Lafon.\" \/>\n<meta name=\"robots\" content=\"index, follow, max-snippet:-1, max-image-preview:large, max-video-preview:-1\" \/>\n<link rel=\"canonical\" href=\"https:\/\/surbooke.fr\/wordpress\/2023\/02\/16\/les-sources-marie-helene-lafon-editions-buchet-chastel\/\" \/>\n<meta property=\"og:locale\" content=\"fr_FR\" \/>\n<meta property=\"og:type\" content=\"article\" \/>\n<meta property=\"og:title\" content=\"Les sources, Marie-H\u00e9l\u00e8ne Lafon, \u00c9ditions Buchet-Chastel - Surbook\u00e9\" \/>\n<meta property=\"og:description\" content=\"L&#039;histoire intime d&#039;une famille de paysans cantalous dont le p\u00e8re prend l&#039;habitude de cogner la m\u00e8re. Court r\u00e9cit et grosses \u00e9motions port\u00e9es par la langue de Marie-H\u00e9l\u00e8ne Lafon.\" \/>\n<meta property=\"og:url\" content=\"https:\/\/surbooke.fr\/wordpress\/2023\/02\/16\/les-sources-marie-helene-lafon-editions-buchet-chastel\/\" \/>\n<meta property=\"og:site_name\" content=\"Surbook\u00e9\" \/>\n<meta property=\"article:published_time\" content=\"2023-02-16T20:00:05+00:00\" \/>\n<meta property=\"article:modified_time\" content=\"2023-02-28T13:24:56+00:00\" \/>\n<meta property=\"og:image\" content=\"https:\/\/surbooke.fr\/wordpress\/wp-content\/uploads\/2023\/02\/Les-sources.jpg\" \/>\n\t<meta property=\"og:image:width\" content=\"340\" \/>\n\t<meta property=\"og:image:height\" content=\"340\" \/>\n\t<meta property=\"og:image:type\" content=\"image\/jpeg\" \/>\n<meta name=\"author\" content=\"Laurent Bisault\" \/>\n<meta name=\"twitter:card\" content=\"summary_large_image\" \/>\n<meta name=\"twitter:creator\" content=\"@LaurentBisault\" \/>\n<meta name=\"twitter:label1\" content=\"\u00c9crit par\" \/>\n\t<meta name=\"twitter:data1\" content=\"Laurent Bisault\" \/>\n\t<meta name=\"twitter:label2\" content=\"Dur\u00e9e de lecture estim\u00e9e\" \/>\n\t<meta name=\"twitter:data2\" content=\"3 minutes\" \/>\n<script type=\"application\/ld+json\" class=\"yoast-schema-graph\">{\"@context\":\"https:\\\/\\\/schema.org\",\"@graph\":[{\"@type\":\"Article\",\"@id\":\"https:\\\/\\\/surbooke.fr\\\/wordpress\\\/2023\\\/02\\\/16\\\/les-sources-marie-helene-lafon-editions-buchet-chastel\\\/#article\",\"isPartOf\":{\"@id\":\"https:\\\/\\\/surbooke.fr\\\/wordpress\\\/2023\\\/02\\\/16\\\/les-sources-marie-helene-lafon-editions-buchet-chastel\\\/\"},\"author\":{\"name\":\"Laurent Bisault\",\"@id\":\"https:\\\/\\\/surbooke.fr\\\/wordpress\\\/#\\\/schema\\\/person\\\/9c6be4d35203c76182c56b0e974807c6\"},\"headline\":\"Les sources, Marie-H\u00e9l\u00e8ne Lafon, \u00c9ditions Buchet-Chastel\",\"datePublished\":\"2023-02-16T20:00:05+00:00\",\"dateModified\":\"2023-02-28T13:24:56+00:00\",\"mainEntityOfPage\":{\"@id\":\"https:\\\/\\\/surbooke.fr\\\/wordpress\\\/2023\\\/02\\\/16\\\/les-sources-marie-helene-lafon-editions-buchet-chastel\\\/\"},\"wordCount\":572,\"commentCount\":0,\"image\":{\"@id\":\"https:\\\/\\\/surbooke.fr\\\/wordpress\\\/2023\\\/02\\\/16\\\/les-sources-marie-helene-lafon-editions-buchet-chastel\\\/#primaryimage\"},\"thumbnailUrl\":\"https:\\\/\\\/surbooke.fr\\\/wordpress\\\/wp-content\\\/uploads\\\/2023\\\/02\\\/Les-sources.jpg\",\"keywords\":[\"Buchet Chastel\"],\"articleSection\":[\"roman fran\u00e7ais \ud83c\uddeb\ud83c\uddf7\",\"\ud83e\udd0d\"],\"inLanguage\":\"fr-FR\",\"potentialAction\":[{\"@type\":\"CommentAction\",\"name\":\"Comment\",\"target\":[\"https:\\\/\\\/surbooke.fr\\\/wordpress\\\/2023\\\/02\\\/16\\\/les-sources-marie-helene-lafon-editions-buchet-chastel\\\/#respond\"]}]},{\"@type\":\"WebPage\",\"@id\":\"https:\\\/\\\/surbooke.fr\\\/wordpress\\\/2023\\\/02\\\/16\\\/les-sources-marie-helene-lafon-editions-buchet-chastel\\\/\",\"url\":\"https:\\\/\\\/surbooke.fr\\\/wordpress\\\/2023\\\/02\\\/16\\\/les-sources-marie-helene-lafon-editions-buchet-chastel\\\/\",\"name\":\"Les sources, Marie-H\u00e9l\u00e8ne Lafon, \u00c9ditions Buchet-Chastel - Surbook\u00e9\",\"isPartOf\":{\"@id\":\"https:\\\/\\\/surbooke.fr\\\/wordpress\\\/#website\"},\"primaryImageOfPage\":{\"@id\":\"https:\\\/\\\/surbooke.fr\\\/wordpress\\\/2023\\\/02\\\/16\\\/les-sources-marie-helene-lafon-editions-buchet-chastel\\\/#primaryimage\"},\"image\":{\"@id\":\"https:\\\/\\\/surbooke.fr\\\/wordpress\\\/2023\\\/02\\\/16\\\/les-sources-marie-helene-lafon-editions-buchet-chastel\\\/#primaryimage\"},\"thumbnailUrl\":\"https:\\\/\\\/surbooke.fr\\\/wordpress\\\/wp-content\\\/uploads\\\/2023\\\/02\\\/Les-sources.jpg\",\"datePublished\":\"2023-02-16T20:00:05+00:00\",\"dateModified\":\"2023-02-28T13:24:56+00:00\",\"author\":{\"@id\":\"https:\\\/\\\/surbooke.fr\\\/wordpress\\\/#\\\/schema\\\/person\\\/9c6be4d35203c76182c56b0e974807c6\"},\"description\":\"L'histoire intime d'une famille de paysans cantalous dont le p\u00e8re prend l'habitude de cogner la m\u00e8re. Court r\u00e9cit et grosses \u00e9motions port\u00e9es par la langue de Marie-H\u00e9l\u00e8ne Lafon.\",\"breadcrumb\":{\"@id\":\"https:\\\/\\\/surbooke.fr\\\/wordpress\\\/2023\\\/02\\\/16\\\/les-sources-marie-helene-lafon-editions-buchet-chastel\\\/#breadcrumb\"},\"inLanguage\":\"fr-FR\",\"potentialAction\":[{\"@type\":\"ReadAction\",\"target\":[\"https:\\\/\\\/surbooke.fr\\\/wordpress\\\/2023\\\/02\\\/16\\\/les-sources-marie-helene-lafon-editions-buchet-chastel\\\/\"]}]},{\"@type\":\"ImageObject\",\"inLanguage\":\"fr-FR\",\"@id\":\"https:\\\/\\\/surbooke.fr\\\/wordpress\\\/2023\\\/02\\\/16\\\/les-sources-marie-helene-lafon-editions-buchet-chastel\\\/#primaryimage\",\"url\":\"https:\\\/\\\/surbooke.fr\\\/wordpress\\\/wp-content\\\/uploads\\\/2023\\\/02\\\/Les-sources.jpg\",\"contentUrl\":\"https:\\\/\\\/surbooke.fr\\\/wordpress\\\/wp-content\\\/uploads\\\/2023\\\/02\\\/Les-sources.jpg\",\"width\":340,\"height\":340},{\"@type\":\"BreadcrumbList\",\"@id\":\"https:\\\/\\\/surbooke.fr\\\/wordpress\\\/2023\\\/02\\\/16\\\/les-sources-marie-helene-lafon-editions-buchet-chastel\\\/#breadcrumb\",\"itemListElement\":[{\"@type\":\"ListItem\",\"position\":1,\"name\":\"Accueil\",\"item\":\"https:\\\/\\\/surbooke.fr\\\/wordpress\\\/\"},{\"@type\":\"ListItem\",\"position\":2,\"name\":\"Les sources, Marie-H\u00e9l\u00e8ne Lafon, \u00c9ditions Buchet-Chastel\"}]},{\"@type\":\"WebSite\",\"@id\":\"https:\\\/\\\/surbooke.fr\\\/wordpress\\\/#website\",\"url\":\"https:\\\/\\\/surbooke.fr\\\/wordpress\\\/\",\"name\":\"Surbook\u00e9\",\"description\":\"Le blog de Laurent Bisault\",\"potentialAction\":[{\"@type\":\"SearchAction\",\"target\":{\"@type\":\"EntryPoint\",\"urlTemplate\":\"https:\\\/\\\/surbooke.fr\\\/wordpress\\\/?s={search_term_string}\"},\"query-input\":{\"@type\":\"PropertyValueSpecification\",\"valueRequired\":true,\"valueName\":\"search_term_string\"}}],\"inLanguage\":\"fr-FR\"},{\"@type\":\"Person\",\"@id\":\"https:\\\/\\\/surbooke.fr\\\/wordpress\\\/#\\\/schema\\\/person\\\/9c6be4d35203c76182c56b0e974807c6\",\"name\":\"Laurent Bisault\",\"image\":{\"@type\":\"ImageObject\",\"inLanguage\":\"fr-FR\",\"@id\":\"https:\\\/\\\/secure.gravatar.com\\\/avatar\\\/3bcd2efdfc3a3e416bea3223d3dfcd7f8845e2ca0669671d0c7ed8e84e97bfc4?s=96&d=mm&r=g\",\"url\":\"https:\\\/\\\/secure.gravatar.com\\\/avatar\\\/3bcd2efdfc3a3e416bea3223d3dfcd7f8845e2ca0669671d0c7ed8e84e97bfc4?s=96&d=mm&r=g\",\"contentUrl\":\"https:\\\/\\\/secure.gravatar.com\\\/avatar\\\/3bcd2efdfc3a3e416bea3223d3dfcd7f8845e2ca0669671d0c7ed8e84e97bfc4?s=96&d=mm&r=g\",\"caption\":\"Laurent Bisault\"},\"sameAs\":[\"https:\\\/\\\/surbooke.fr\\\/wordpress\\\/\",\"https:\\\/\\\/x.com\\\/LaurentBisault\"],\"url\":\"https:\\\/\\\/surbooke.fr\\\/wordpress\\\/author\\\/surbooke\\\/\"}]}<\/script>\n<!-- \/ Yoast SEO plugin. -->","yoast_head_json":{"title":"Les sources, Marie-H\u00e9l\u00e8ne Lafon, \u00c9ditions Buchet-Chastel - Surbook\u00e9","description":"L'histoire intime d'une famille de paysans cantalous dont le p\u00e8re prend l'habitude de cogner la m\u00e8re. Court r\u00e9cit et grosses \u00e9motions port\u00e9es par la langue de Marie-H\u00e9l\u00e8ne Lafon.","robots":{"index":"index","follow":"follow","max-snippet":"max-snippet:-1","max-image-preview":"max-image-preview:large","max-video-preview":"max-video-preview:-1"},"canonical":"https:\/\/surbooke.fr\/wordpress\/2023\/02\/16\/les-sources-marie-helene-lafon-editions-buchet-chastel\/","og_locale":"fr_FR","og_type":"article","og_title":"Les sources, Marie-H\u00e9l\u00e8ne Lafon, \u00c9ditions Buchet-Chastel - Surbook\u00e9","og_description":"L'histoire intime d'une famille de paysans cantalous dont le p\u00e8re prend l'habitude de cogner la m\u00e8re. Court r\u00e9cit et grosses \u00e9motions port\u00e9es par la langue de Marie-H\u00e9l\u00e8ne Lafon.","og_url":"https:\/\/surbooke.fr\/wordpress\/2023\/02\/16\/les-sources-marie-helene-lafon-editions-buchet-chastel\/","og_site_name":"Surbook\u00e9","article_published_time":"2023-02-16T20:00:05+00:00","article_modified_time":"2023-02-28T13:24:56+00:00","og_image":[{"width":340,"height":340,"url":"https:\/\/surbooke.fr\/wordpress\/wp-content\/uploads\/2023\/02\/Les-sources.jpg","type":"image\/jpeg"}],"author":"Laurent Bisault","twitter_card":"summary_large_image","twitter_creator":"@LaurentBisault","twitter_misc":{"\u00c9crit par":"Laurent Bisault","Dur\u00e9e de lecture estim\u00e9e":"3 minutes"},"schema":{"@context":"https:\/\/schema.org","@graph":[{"@type":"Article","@id":"https:\/\/surbooke.fr\/wordpress\/2023\/02\/16\/les-sources-marie-helene-lafon-editions-buchet-chastel\/#article","isPartOf":{"@id":"https:\/\/surbooke.fr\/wordpress\/2023\/02\/16\/les-sources-marie-helene-lafon-editions-buchet-chastel\/"},"author":{"name":"Laurent Bisault","@id":"https:\/\/surbooke.fr\/wordpress\/#\/schema\/person\/9c6be4d35203c76182c56b0e974807c6"},"headline":"Les sources, Marie-H\u00e9l\u00e8ne Lafon, \u00c9ditions Buchet-Chastel","datePublished":"2023-02-16T20:00:05+00:00","dateModified":"2023-02-28T13:24:56+00:00","mainEntityOfPage":{"@id":"https:\/\/surbooke.fr\/wordpress\/2023\/02\/16\/les-sources-marie-helene-lafon-editions-buchet-chastel\/"},"wordCount":572,"commentCount":0,"image":{"@id":"https:\/\/surbooke.fr\/wordpress\/2023\/02\/16\/les-sources-marie-helene-lafon-editions-buchet-chastel\/#primaryimage"},"thumbnailUrl":"https:\/\/surbooke.fr\/wordpress\/wp-content\/uploads\/2023\/02\/Les-sources.jpg","keywords":["Buchet Chastel"],"articleSection":["roman fran\u00e7ais \ud83c\uddeb\ud83c\uddf7","\ud83e\udd0d"],"inLanguage":"fr-FR","potentialAction":[{"@type":"CommentAction","name":"Comment","target":["https:\/\/surbooke.fr\/wordpress\/2023\/02\/16\/les-sources-marie-helene-lafon-editions-buchet-chastel\/#respond"]}]},{"@type":"WebPage","@id":"https:\/\/surbooke.fr\/wordpress\/2023\/02\/16\/les-sources-marie-helene-lafon-editions-buchet-chastel\/","url":"https:\/\/surbooke.fr\/wordpress\/2023\/02\/16\/les-sources-marie-helene-lafon-editions-buchet-chastel\/","name":"Les sources, Marie-H\u00e9l\u00e8ne Lafon, \u00c9ditions Buchet-Chastel - Surbook\u00e9","isPartOf":{"@id":"https:\/\/surbooke.fr\/wordpress\/#website"},"primaryImageOfPage":{"@id":"https:\/\/surbooke.fr\/wordpress\/2023\/02\/16\/les-sources-marie-helene-lafon-editions-buchet-chastel\/#primaryimage"},"image":{"@id":"https:\/\/surbooke.fr\/wordpress\/2023\/02\/16\/les-sources-marie-helene-lafon-editions-buchet-chastel\/#primaryimage"},"thumbnailUrl":"https:\/\/surbooke.fr\/wordpress\/wp-content\/uploads\/2023\/02\/Les-sources.jpg","datePublished":"2023-02-16T20:00:05+00:00","dateModified":"2023-02-28T13:24:56+00:00","author":{"@id":"https:\/\/surbooke.fr\/wordpress\/#\/schema\/person\/9c6be4d35203c76182c56b0e974807c6"},"description":"L'histoire intime d'une famille de paysans cantalous dont le p\u00e8re prend l'habitude de cogner la m\u00e8re. Court r\u00e9cit et grosses \u00e9motions port\u00e9es par la langue de Marie-H\u00e9l\u00e8ne Lafon.","breadcrumb":{"@id":"https:\/\/surbooke.fr\/wordpress\/2023\/02\/16\/les-sources-marie-helene-lafon-editions-buchet-chastel\/#breadcrumb"},"inLanguage":"fr-FR","potentialAction":[{"@type":"ReadAction","target":["https:\/\/surbooke.fr\/wordpress\/2023\/02\/16\/les-sources-marie-helene-lafon-editions-buchet-chastel\/"]}]},{"@type":"ImageObject","inLanguage":"fr-FR","@id":"https:\/\/surbooke.fr\/wordpress\/2023\/02\/16\/les-sources-marie-helene-lafon-editions-buchet-chastel\/#primaryimage","url":"https:\/\/surbooke.fr\/wordpress\/wp-content\/uploads\/2023\/02\/Les-sources.jpg","contentUrl":"https:\/\/surbooke.fr\/wordpress\/wp-content\/uploads\/2023\/02\/Les-sources.jpg","width":340,"height":340},{"@type":"BreadcrumbList","@id":"https:\/\/surbooke.fr\/wordpress\/2023\/02\/16\/les-sources-marie-helene-lafon-editions-buchet-chastel\/#breadcrumb","itemListElement":[{"@type":"ListItem","position":1,"name":"Accueil","item":"https:\/\/surbooke.fr\/wordpress\/"},{"@type":"ListItem","position":2,"name":"Les sources, Marie-H\u00e9l\u00e8ne Lafon, \u00c9ditions Buchet-Chastel"}]},{"@type":"WebSite","@id":"https:\/\/surbooke.fr\/wordpress\/#website","url":"https:\/\/surbooke.fr\/wordpress\/","name":"Surbook\u00e9","description":"Le blog de Laurent Bisault","potentialAction":[{"@type":"SearchAction","target":{"@type":"EntryPoint","urlTemplate":"https:\/\/surbooke.fr\/wordpress\/?s={search_term_string}"},"query-input":{"@type":"PropertyValueSpecification","valueRequired":true,"valueName":"search_term_string"}}],"inLanguage":"fr-FR"},{"@type":"Person","@id":"https:\/\/surbooke.fr\/wordpress\/#\/schema\/person\/9c6be4d35203c76182c56b0e974807c6","name":"Laurent Bisault","image":{"@type":"ImageObject","inLanguage":"fr-FR","@id":"https:\/\/secure.gravatar.com\/avatar\/3bcd2efdfc3a3e416bea3223d3dfcd7f8845e2ca0669671d0c7ed8e84e97bfc4?s=96&d=mm&r=g","url":"https:\/\/secure.gravatar.com\/avatar\/3bcd2efdfc3a3e416bea3223d3dfcd7f8845e2ca0669671d0c7ed8e84e97bfc4?s=96&d=mm&r=g","contentUrl":"https:\/\/secure.gravatar.com\/avatar\/3bcd2efdfc3a3e416bea3223d3dfcd7f8845e2ca0669671d0c7ed8e84e97bfc4?s=96&d=mm&r=g","caption":"Laurent Bisault"},"sameAs":["https:\/\/surbooke.fr\/wordpress\/","https:\/\/x.com\/LaurentBisault"],"url":"https:\/\/surbooke.fr\/wordpress\/author\/surbooke\/"}]}},"_links":{"self":[{"href":"https:\/\/surbooke.fr\/wordpress\/wp-json\/wp\/v2\/posts\/23777","targetHints":{"allow":["GET"]}}],"collection":[{"href":"https:\/\/surbooke.fr\/wordpress\/wp-json\/wp\/v2\/posts"}],"about":[{"href":"https:\/\/surbooke.fr\/wordpress\/wp-json\/wp\/v2\/types\/post"}],"author":[{"embeddable":true,"href":"https:\/\/surbooke.fr\/wordpress\/wp-json\/wp\/v2\/users\/8"}],"replies":[{"embeddable":true,"href":"https:\/\/surbooke.fr\/wordpress\/wp-json\/wp\/v2\/comments?post=23777"}],"version-history":[{"count":0,"href":"https:\/\/surbooke.fr\/wordpress\/wp-json\/wp\/v2\/posts\/23777\/revisions"}],"wp:featuredmedia":[{"embeddable":true,"href":"https:\/\/surbooke.fr\/wordpress\/wp-json\/wp\/v2\/media\/23778"}],"wp:attachment":[{"href":"https:\/\/surbooke.fr\/wordpress\/wp-json\/wp\/v2\/media?parent=23777"}],"wp:term":[{"taxonomy":"category","embeddable":true,"href":"https:\/\/surbooke.fr\/wordpress\/wp-json\/wp\/v2\/categories?post=23777"},{"taxonomy":"post_tag","embeddable":true,"href":"https:\/\/surbooke.fr\/wordpress\/wp-json\/wp\/v2\/tags?post=23777"}],"curies":[{"name":"wp","href":"https:\/\/api.w.org\/{rel}","templated":true}]}}