{"id":23831,"date":"2023-02-26T19:29:38","date_gmt":"2023-02-26T18:29:38","guid":{"rendered":"https:\/\/surbooke.fr\/wordpress\/?p=23831"},"modified":"2023-02-28T14:24:30","modified_gmt":"2023-02-28T13:24:30","slug":"staline-a-bu-la-mer-fabien-vincon-editions-anne-carriere","status":"publish","type":"post","link":"https:\/\/surbooke.fr\/wordpress\/2023\/02\/26\/staline-a-bu-la-mer-fabien-vincon-editions-anne-carriere\/","title":{"rendered":"Staline a bu la mer, Fabien Vin\u00e7on, \u00c9ditions Anne Carri\u00e8re"},"content":{"rendered":"\n<p><strong>On<\/strong> <strong>n&rsquo;en<\/strong> <strong>a<\/strong> <strong>jamais<\/strong> <strong>fini<\/strong> <strong>avec<\/strong> <strong>les<\/strong> <strong>crimes<\/strong> <strong>du<\/strong> <strong>petit<\/strong> <strong>p\u00e8re<\/strong> <strong>des<\/strong> <strong>peuples.<\/strong> Apr\u00e8s les meurtres par millions place \u00e0 un crime d&rsquo;un nouveau type, un crime contre la nature. C&rsquo;est ce que nous raconte Fabien Vin\u00e7on dans son second roman <em>Staline<\/em> <em>a<\/em> <em>bu<\/em> <em>la<\/em> <em>mer<\/em>, une fable consacr\u00e9e \u00e0 la disparition de la mer d&rsquo;Aral. Vin\u00e7on met en sc\u00e8ne le dictateur g\u00e9orgien qui ordonne de vider ce grand lac sal\u00e9 d&rsquo;Asie centrale, vaste de 68 000 kilom\u00e8tres carr\u00e9s soit deux fois la superficie de la Belgique. En r\u00e9alit\u00e9 la disparition de la mer est post\u00e9rieure \u00e0 la mort de Staline car elle r\u00e9sulte de l&rsquo;intensification de la culture du coton d\u00e9cid\u00e9e par  Khrouchtchev. Elle n&rsquo;a donc jamais \u00e9t\u00e9 explicitement exig\u00e9e par le roi du Kremlin. Mais la fin de cette mer int\u00e9rieure s&rsquo;inscrit parfaitement dans le grand plan de transformation de la nature de Staline, qui du nord au sud de l&rsquo;Urss voulait doper la production agricole en faisant fi des co\u00fbts humains ou financiers. Et cela Staline savait le faire, lui qui avait fait creuser le Canal de la mer blanche par les prisonniers du Goulag dont 25 000, voire m\u00eame 250  000 selon Soljenitsyne, en \u00e9taient morts. Le roman m\u00eale l&rsquo;histoire et la fiction pour mieux nous faire vivre ce d\u00e9sastre \u00e9cologique ainsi que la terreur du r\u00e9gime stalinien.<\/p>\n\n\n\n<blockquote class=\"wp-block-quote is-style-large is-layout-flow wp-block-quote-is-layout-flow\"><p>Le Staline de Vin\u00e7on est criant de v\u00e9rit\u00e9 <\/p><\/blockquote>\n\n\n\n<p>Vin\u00e7on nous fait d\u00e9couvrir l&rsquo;an\u00e9antissement des peuples et des cultures d&rsquo;Asie centrale qui avaient jusque-l\u00e0 r\u00e9sist\u00e9 \u00e0 bien des envahisseurs. Il montre l&rsquo;\u00e9chec de Sovi\u00e9tiques dont les m\u00e9faits ont \u00e9t\u00e9 loin d&rsquo;\u00eatre compens\u00e9s  par l&rsquo;\u00e9mancipation des femmes apport\u00e9e en Ouzb\u00e9kistan. Car pour s&rsquo;imposer le r\u00e9gime communiste avait s\u00e9dentaris\u00e9 les habitants au prix d&rsquo;une famine pay\u00e9e par des milliers de morts. Il a aussi fait dispara\u00eetre d&rsquo;innombrables esp\u00e8ces animales et v\u00e9g\u00e9tales en industrialisant la p\u00eache dans la mer d&rsquo;Aral. Avec des tonnes de poissons arrach\u00e9s \u00e0 d&rsquo;autres milieux, carpes de Chine, harengs de la Baltique, aloses de la Caspienne dont la confrontation biologique avait donn\u00e9 naissance \u00e0 d&rsquo;ignobles b\u00e2tards. Des avortons \u00e0 trois yeux et six nageoires, des cr\u00e9atures sans queue ni branchies qui s&rsquo;\u00e9taient d\u00e9velopp\u00e9es aux d\u00e9pens d&rsquo;esp\u00e8ces plus fragiles. Le Staline de Vin\u00e7on est criant de v\u00e9rit\u00e9 du d\u00e9but \u00e0 la fin du livre. Cruel, pervers, terrifiant, parano\u00efaque, d\u00e9ment. Il est entour\u00e9 de serviteurs pr\u00eats \u00e0 tout pour rester en vie, mais \u00e9galement parce qu&rsquo;ils ont compris que dans ce r\u00e9gime la l\u00e2chet\u00e9 est le meilleur passeport pour faire carri\u00e8re. Le tableau de Vin\u00e7on est heureusement compl\u00e9t\u00e9 par des personnages plus humains. Elmira la m\u00e9tisse aux yeux verts qui cause scandale en revendiquant son \u00e9mancipation, roulant \u00e0 v\u00e9lo et tombant amoureuse d&rsquo;un Russe. Et un chaman pr\u00eat \u00e0 tout pour sauvegarder ses croyances h\u00e9rit\u00e9es des  zoroastriens, et \u00e0 se battre \u00e0 cheval tel Don Quichotte contre l&rsquo;armada militaire sovi\u00e9tique.  Une bien belle r\u00e9ussite. <\/p>\n\n\n\n<blockquote class=\"wp-block-quote is-style-large is-layout-flow wp-block-quote-is-layout-flow\"><p>Il d\u00e9cide de punir la mer d\u2019Aral en la privant des fleuves Amou-Diara et Syr-Diara qui l\u2019alimentent<\/p><\/blockquote>\n\n\n\n<p>Octobre 1949 le dictateur est clou\u00e9 au lit plusieurs jours et perd l&rsquo;usage de la parole. Plut\u00f4t que de lui conseiller d&rsquo;adapter son mode de vie \u00e0 son \u00e2ge m\u00e9decins et scientifiques accusent un vent iod\u00e9 qui serait responsable de l&rsquo;attaque de leur v\u00e9n\u00e9r\u00e9 malade. Le z\u00e9phyr viendrait de l&rsquo;archipel de la R\u00e9surrection au milieu de la mer d&rsquo;Aral, et les locaux l&rsquo;appelleraient \u00ab le baiser de la steppe \u00bb. D\u00e9p\u00each\u00e9s sur place les savants installent de hautes turbines \u00e0 m\u00eame d&#8217;emp\u00eacher le vent de se diriger vers Moscou. Un an plus tard un jeune m\u00e9decin re\u00e7oit l&rsquo;autorisation d&rsquo;ouvrir dans l&rsquo;archipel un sanatorium r\u00e9serv\u00e9 aux h\u00e9ros de la patrie. L&rsquo;exposition aux vents satur\u00e9s d&#8217;embruns tonifiants devrait revigorer les vieillards. Mais rien ne fonctionne et les vieillards cacochymes passent leur temps sur des chaises longues \u00e0 se saouler au frais de la m\u00e8re patrie. Puis appara\u00eet la Sainte Vierge dans le sanatorium ce qui d\u00e9clenche la col\u00e8re de Staline. Il d\u00e9cide de punir la mer d&rsquo;Aral en la privant des fleuves Amou-Diara et Syr-Diara qui l&rsquo;alimentent. L&rsquo;eau ainsi d\u00e9tourn\u00e9e fera tourner trois usines hydro\u00e9lectriques g\u00e9antes et d\u00e9cuplera la production de coton. Le plan de transformation de la nature cher au G\u00e9orgien a \u00e9t\u00e9 enrichi d&rsquo;une nouvelle op\u00e9ration d\u00e9nomm\u00e9e \u00ab La Grande Soif \u00bb. C&rsquo;est un jeune ing\u00e9nieur L\u00e9onid  Borisov qui a la charge de punir les fleuves insolents qui ont offens\u00e9 le camarade Staline. Il s&rsquo;y emploie \u00e0 grands coups d&rsquo;explosifs, de tonnes de b\u00e9ton mues par une arm\u00e9e de travailleurs venus de tout l&#8217;empire.<\/p>\n\n\n\n<div style=\"padding:20px\" class=\"wp-block-tnp-minimal\"><p><strong>Abonnez-vous pour \u00eatre averti des nouvelles chroniques !<\/strong><\/p><div><div class=\"tnp tnp-subscription-minimal  \"><form action=\"https:\/\/surbooke.fr\/wordpress\/wp-admin\/admin-ajax.php?action=tnp&amp;na=s\" method=\"post\" style=\"text-align: center\"><input type=\"hidden\" name=\"nr\" value=\"minimal\">\n<input type=\"hidden\" name=\"nlang\" value=\"\">\n<input class=\"tnp-email\" type=\"email\" required name=\"ne\" value=\"\" placeholder=\"Email\"><input class=\"tnp-submit\" type=\"submit\" value=\"S&#039;abonner\" style=\"\">\n<div class=\"tnp-field tnp-privacy-field\"><label><input type=\"checkbox\" name=\"ny\" required class=\"tnp-privacy\"> En continuant, vous acceptez la politique de confidentialit\u00e9<\/label><\/div><\/form><\/div>\n<\/div><\/div>\n\n\n\n<p><\/p>\n","protected":false},"excerpt":{"rendered":"<p>On n&rsquo;en a jamais fini avec les crimes du petit p\u00e8re des peuples. Apr\u00e8s les meurtres par millions place \u00e0 un crime d&rsquo;un nouveau type, un crime contre la nature. C&rsquo;est ce que nous raconte Fabien Vin\u00e7on dans son second roman Staline a bu la mer, une fable consacr\u00e9e \u00e0 la disparition de la mer [&hellip;]<\/p>\n","protected":false},"author":8,"featured_media":23832,"comment_status":"open","ping_status":"open","sticky":false,"template":"","format":"standard","meta":{"footnotes":""},"categories":[15],"tags":[85],"class_list":["post-23831","post","type-post","status-publish","format-standard","has-post-thumbnail","hentry","category-roman-francais","tag-anne-carriere"],"yoast_head":"<!-- This site is optimized with the Yoast SEO plugin v27.4 - https:\/\/yoast.com\/product\/yoast-seo-wordpress\/ -->\n<title>Staline a bu la mer, Fabien Vin\u00e7on, \u00c9ditions Anne Carri\u00e8re - Surbook\u00e9<\/title>\n<meta name=\"description\" content=\"Quand le dictateur g\u00e9orgien d\u00e9cide de vider la mer d&#039;Aral qui lui aurait manqu\u00e9 de respect, toute l&#039;armada sovi\u00e9tique se pr\u00e9cipite en Asie centrale pour passer aux actes. Un roman qui m\u00eale avec brio l&#039;histoire et la po\u00e9sie.\" \/>\n<meta name=\"robots\" content=\"index, follow, max-snippet:-1, max-image-preview:large, max-video-preview:-1\" \/>\n<link rel=\"canonical\" href=\"https:\/\/surbooke.fr\/wordpress\/2023\/02\/26\/staline-a-bu-la-mer-fabien-vincon-editions-anne-carriere\/\" \/>\n<meta property=\"og:locale\" content=\"fr_FR\" \/>\n<meta property=\"og:type\" content=\"article\" \/>\n<meta property=\"og:title\" content=\"Staline a bu la mer, Fabien Vin\u00e7on, \u00c9ditions Anne Carri\u00e8re - Surbook\u00e9\" \/>\n<meta property=\"og:description\" content=\"Quand le dictateur g\u00e9orgien d\u00e9cide de vider la mer d&#039;Aral qui lui aurait manqu\u00e9 de respect, toute l&#039;armada sovi\u00e9tique se pr\u00e9cipite en Asie centrale pour passer aux actes. Un roman qui m\u00eale avec brio l&#039;histoire et la po\u00e9sie.\" \/>\n<meta property=\"og:url\" content=\"https:\/\/surbooke.fr\/wordpress\/2023\/02\/26\/staline-a-bu-la-mer-fabien-vincon-editions-anne-carriere\/\" \/>\n<meta property=\"og:site_name\" content=\"Surbook\u00e9\" \/>\n<meta property=\"article:published_time\" content=\"2023-02-26T18:29:38+00:00\" \/>\n<meta property=\"article:modified_time\" content=\"2023-02-28T13:24:30+00:00\" \/>\n<meta property=\"og:image\" content=\"https:\/\/surbooke.fr\/wordpress\/wp-content\/uploads\/2023\/02\/Staline-a-bu-la-mer.png\" \/>\n\t<meta property=\"og:image:width\" content=\"600\" \/>\n\t<meta property=\"og:image:height\" content=\"350\" \/>\n\t<meta property=\"og:image:type\" content=\"image\/png\" \/>\n<meta name=\"author\" content=\"Laurent Bisault\" \/>\n<meta name=\"twitter:card\" content=\"summary_large_image\" \/>\n<meta name=\"twitter:creator\" content=\"@LaurentBisault\" \/>\n<meta name=\"twitter:label1\" content=\"\u00c9crit par\" \/>\n\t<meta name=\"twitter:data1\" content=\"Laurent Bisault\" \/>\n\t<meta name=\"twitter:label2\" content=\"Dur\u00e9e de lecture estim\u00e9e\" \/>\n\t<meta name=\"twitter:data2\" content=\"4 minutes\" \/>\n<script type=\"application\/ld+json\" class=\"yoast-schema-graph\">{\"@context\":\"https:\\\/\\\/schema.org\",\"@graph\":[{\"@type\":\"Article\",\"@id\":\"https:\\\/\\\/surbooke.fr\\\/wordpress\\\/2023\\\/02\\\/26\\\/staline-a-bu-la-mer-fabien-vincon-editions-anne-carriere\\\/#article\",\"isPartOf\":{\"@id\":\"https:\\\/\\\/surbooke.fr\\\/wordpress\\\/2023\\\/02\\\/26\\\/staline-a-bu-la-mer-fabien-vincon-editions-anne-carriere\\\/\"},\"author\":{\"name\":\"Laurent Bisault\",\"@id\":\"https:\\\/\\\/surbooke.fr\\\/wordpress\\\/#\\\/schema\\\/person\\\/9c6be4d35203c76182c56b0e974807c6\"},\"headline\":\"Staline a bu la mer, Fabien Vin\u00e7on, \u00c9ditions Anne Carri\u00e8re\",\"datePublished\":\"2023-02-26T18:29:38+00:00\",\"dateModified\":\"2023-02-28T13:24:30+00:00\",\"mainEntityOfPage\":{\"@id\":\"https:\\\/\\\/surbooke.fr\\\/wordpress\\\/2023\\\/02\\\/26\\\/staline-a-bu-la-mer-fabien-vincon-editions-anne-carriere\\\/\"},\"wordCount\":888,\"commentCount\":0,\"image\":{\"@id\":\"https:\\\/\\\/surbooke.fr\\\/wordpress\\\/2023\\\/02\\\/26\\\/staline-a-bu-la-mer-fabien-vincon-editions-anne-carriere\\\/#primaryimage\"},\"thumbnailUrl\":\"https:\\\/\\\/surbooke.fr\\\/wordpress\\\/wp-content\\\/uploads\\\/2023\\\/02\\\/Staline-a-bu-la-mer.png\",\"keywords\":[\"Anne Carri\u00e8re\"],\"articleSection\":[\"roman fran\u00e7ais \ud83c\uddeb\ud83c\uddf7\"],\"inLanguage\":\"fr-FR\",\"potentialAction\":[{\"@type\":\"CommentAction\",\"name\":\"Comment\",\"target\":[\"https:\\\/\\\/surbooke.fr\\\/wordpress\\\/2023\\\/02\\\/26\\\/staline-a-bu-la-mer-fabien-vincon-editions-anne-carriere\\\/#respond\"]}]},{\"@type\":\"WebPage\",\"@id\":\"https:\\\/\\\/surbooke.fr\\\/wordpress\\\/2023\\\/02\\\/26\\\/staline-a-bu-la-mer-fabien-vincon-editions-anne-carriere\\\/\",\"url\":\"https:\\\/\\\/surbooke.fr\\\/wordpress\\\/2023\\\/02\\\/26\\\/staline-a-bu-la-mer-fabien-vincon-editions-anne-carriere\\\/\",\"name\":\"Staline a bu la mer, Fabien Vin\u00e7on, \u00c9ditions Anne Carri\u00e8re - Surbook\u00e9\",\"isPartOf\":{\"@id\":\"https:\\\/\\\/surbooke.fr\\\/wordpress\\\/#website\"},\"primaryImageOfPage\":{\"@id\":\"https:\\\/\\\/surbooke.fr\\\/wordpress\\\/2023\\\/02\\\/26\\\/staline-a-bu-la-mer-fabien-vincon-editions-anne-carriere\\\/#primaryimage\"},\"image\":{\"@id\":\"https:\\\/\\\/surbooke.fr\\\/wordpress\\\/2023\\\/02\\\/26\\\/staline-a-bu-la-mer-fabien-vincon-editions-anne-carriere\\\/#primaryimage\"},\"thumbnailUrl\":\"https:\\\/\\\/surbooke.fr\\\/wordpress\\\/wp-content\\\/uploads\\\/2023\\\/02\\\/Staline-a-bu-la-mer.png\",\"datePublished\":\"2023-02-26T18:29:38+00:00\",\"dateModified\":\"2023-02-28T13:24:30+00:00\",\"author\":{\"@id\":\"https:\\\/\\\/surbooke.fr\\\/wordpress\\\/#\\\/schema\\\/person\\\/9c6be4d35203c76182c56b0e974807c6\"},\"description\":\"Quand le dictateur g\u00e9orgien d\u00e9cide de vider la mer d'Aral qui lui aurait manqu\u00e9 de respect, toute l'armada sovi\u00e9tique se pr\u00e9cipite en Asie centrale pour passer aux actes. Un roman qui m\u00eale avec brio l'histoire et la po\u00e9sie.\",\"breadcrumb\":{\"@id\":\"https:\\\/\\\/surbooke.fr\\\/wordpress\\\/2023\\\/02\\\/26\\\/staline-a-bu-la-mer-fabien-vincon-editions-anne-carriere\\\/#breadcrumb\"},\"inLanguage\":\"fr-FR\",\"potentialAction\":[{\"@type\":\"ReadAction\",\"target\":[\"https:\\\/\\\/surbooke.fr\\\/wordpress\\\/2023\\\/02\\\/26\\\/staline-a-bu-la-mer-fabien-vincon-editions-anne-carriere\\\/\"]}]},{\"@type\":\"ImageObject\",\"inLanguage\":\"fr-FR\",\"@id\":\"https:\\\/\\\/surbooke.fr\\\/wordpress\\\/2023\\\/02\\\/26\\\/staline-a-bu-la-mer-fabien-vincon-editions-anne-carriere\\\/#primaryimage\",\"url\":\"https:\\\/\\\/surbooke.fr\\\/wordpress\\\/wp-content\\\/uploads\\\/2023\\\/02\\\/Staline-a-bu-la-mer.png\",\"contentUrl\":\"https:\\\/\\\/surbooke.fr\\\/wordpress\\\/wp-content\\\/uploads\\\/2023\\\/02\\\/Staline-a-bu-la-mer.png\",\"width\":600,\"height\":350},{\"@type\":\"BreadcrumbList\",\"@id\":\"https:\\\/\\\/surbooke.fr\\\/wordpress\\\/2023\\\/02\\\/26\\\/staline-a-bu-la-mer-fabien-vincon-editions-anne-carriere\\\/#breadcrumb\",\"itemListElement\":[{\"@type\":\"ListItem\",\"position\":1,\"name\":\"Accueil\",\"item\":\"https:\\\/\\\/surbooke.fr\\\/wordpress\\\/\"},{\"@type\":\"ListItem\",\"position\":2,\"name\":\"Staline a bu la mer, Fabien Vin\u00e7on, \u00c9ditions Anne Carri\u00e8re\"}]},{\"@type\":\"WebSite\",\"@id\":\"https:\\\/\\\/surbooke.fr\\\/wordpress\\\/#website\",\"url\":\"https:\\\/\\\/surbooke.fr\\\/wordpress\\\/\",\"name\":\"Surbook\u00e9\",\"description\":\"Le blog de Laurent Bisault\",\"potentialAction\":[{\"@type\":\"SearchAction\",\"target\":{\"@type\":\"EntryPoint\",\"urlTemplate\":\"https:\\\/\\\/surbooke.fr\\\/wordpress\\\/?s={search_term_string}\"},\"query-input\":{\"@type\":\"PropertyValueSpecification\",\"valueRequired\":true,\"valueName\":\"search_term_string\"}}],\"inLanguage\":\"fr-FR\"},{\"@type\":\"Person\",\"@id\":\"https:\\\/\\\/surbooke.fr\\\/wordpress\\\/#\\\/schema\\\/person\\\/9c6be4d35203c76182c56b0e974807c6\",\"name\":\"Laurent Bisault\",\"image\":{\"@type\":\"ImageObject\",\"inLanguage\":\"fr-FR\",\"@id\":\"https:\\\/\\\/secure.gravatar.com\\\/avatar\\\/3bcd2efdfc3a3e416bea3223d3dfcd7f8845e2ca0669671d0c7ed8e84e97bfc4?s=96&d=mm&r=g\",\"url\":\"https:\\\/\\\/secure.gravatar.com\\\/avatar\\\/3bcd2efdfc3a3e416bea3223d3dfcd7f8845e2ca0669671d0c7ed8e84e97bfc4?s=96&d=mm&r=g\",\"contentUrl\":\"https:\\\/\\\/secure.gravatar.com\\\/avatar\\\/3bcd2efdfc3a3e416bea3223d3dfcd7f8845e2ca0669671d0c7ed8e84e97bfc4?s=96&d=mm&r=g\",\"caption\":\"Laurent Bisault\"},\"sameAs\":[\"https:\\\/\\\/surbooke.fr\\\/wordpress\\\/\",\"https:\\\/\\\/x.com\\\/LaurentBisault\"],\"url\":\"https:\\\/\\\/surbooke.fr\\\/wordpress\\\/author\\\/surbooke\\\/\"}]}<\/script>\n<!-- \/ Yoast SEO plugin. -->","yoast_head_json":{"title":"Staline a bu la mer, Fabien Vin\u00e7on, \u00c9ditions Anne Carri\u00e8re - Surbook\u00e9","description":"Quand le dictateur g\u00e9orgien d\u00e9cide de vider la mer d'Aral qui lui aurait manqu\u00e9 de respect, toute l'armada sovi\u00e9tique se pr\u00e9cipite en Asie centrale pour passer aux actes. Un roman qui m\u00eale avec brio l'histoire et la po\u00e9sie.","robots":{"index":"index","follow":"follow","max-snippet":"max-snippet:-1","max-image-preview":"max-image-preview:large","max-video-preview":"max-video-preview:-1"},"canonical":"https:\/\/surbooke.fr\/wordpress\/2023\/02\/26\/staline-a-bu-la-mer-fabien-vincon-editions-anne-carriere\/","og_locale":"fr_FR","og_type":"article","og_title":"Staline a bu la mer, Fabien Vin\u00e7on, \u00c9ditions Anne Carri\u00e8re - Surbook\u00e9","og_description":"Quand le dictateur g\u00e9orgien d\u00e9cide de vider la mer d'Aral qui lui aurait manqu\u00e9 de respect, toute l'armada sovi\u00e9tique se pr\u00e9cipite en Asie centrale pour passer aux actes. Un roman qui m\u00eale avec brio l'histoire et la po\u00e9sie.","og_url":"https:\/\/surbooke.fr\/wordpress\/2023\/02\/26\/staline-a-bu-la-mer-fabien-vincon-editions-anne-carriere\/","og_site_name":"Surbook\u00e9","article_published_time":"2023-02-26T18:29:38+00:00","article_modified_time":"2023-02-28T13:24:30+00:00","og_image":[{"width":600,"height":350,"url":"https:\/\/surbooke.fr\/wordpress\/wp-content\/uploads\/2023\/02\/Staline-a-bu-la-mer.png","type":"image\/png"}],"author":"Laurent Bisault","twitter_card":"summary_large_image","twitter_creator":"@LaurentBisault","twitter_misc":{"\u00c9crit par":"Laurent Bisault","Dur\u00e9e de lecture estim\u00e9e":"4 minutes"},"schema":{"@context":"https:\/\/schema.org","@graph":[{"@type":"Article","@id":"https:\/\/surbooke.fr\/wordpress\/2023\/02\/26\/staline-a-bu-la-mer-fabien-vincon-editions-anne-carriere\/#article","isPartOf":{"@id":"https:\/\/surbooke.fr\/wordpress\/2023\/02\/26\/staline-a-bu-la-mer-fabien-vincon-editions-anne-carriere\/"},"author":{"name":"Laurent Bisault","@id":"https:\/\/surbooke.fr\/wordpress\/#\/schema\/person\/9c6be4d35203c76182c56b0e974807c6"},"headline":"Staline a bu la mer, Fabien Vin\u00e7on, \u00c9ditions Anne Carri\u00e8re","datePublished":"2023-02-26T18:29:38+00:00","dateModified":"2023-02-28T13:24:30+00:00","mainEntityOfPage":{"@id":"https:\/\/surbooke.fr\/wordpress\/2023\/02\/26\/staline-a-bu-la-mer-fabien-vincon-editions-anne-carriere\/"},"wordCount":888,"commentCount":0,"image":{"@id":"https:\/\/surbooke.fr\/wordpress\/2023\/02\/26\/staline-a-bu-la-mer-fabien-vincon-editions-anne-carriere\/#primaryimage"},"thumbnailUrl":"https:\/\/surbooke.fr\/wordpress\/wp-content\/uploads\/2023\/02\/Staline-a-bu-la-mer.png","keywords":["Anne Carri\u00e8re"],"articleSection":["roman fran\u00e7ais \ud83c\uddeb\ud83c\uddf7"],"inLanguage":"fr-FR","potentialAction":[{"@type":"CommentAction","name":"Comment","target":["https:\/\/surbooke.fr\/wordpress\/2023\/02\/26\/staline-a-bu-la-mer-fabien-vincon-editions-anne-carriere\/#respond"]}]},{"@type":"WebPage","@id":"https:\/\/surbooke.fr\/wordpress\/2023\/02\/26\/staline-a-bu-la-mer-fabien-vincon-editions-anne-carriere\/","url":"https:\/\/surbooke.fr\/wordpress\/2023\/02\/26\/staline-a-bu-la-mer-fabien-vincon-editions-anne-carriere\/","name":"Staline a bu la mer, Fabien Vin\u00e7on, \u00c9ditions Anne Carri\u00e8re - Surbook\u00e9","isPartOf":{"@id":"https:\/\/surbooke.fr\/wordpress\/#website"},"primaryImageOfPage":{"@id":"https:\/\/surbooke.fr\/wordpress\/2023\/02\/26\/staline-a-bu-la-mer-fabien-vincon-editions-anne-carriere\/#primaryimage"},"image":{"@id":"https:\/\/surbooke.fr\/wordpress\/2023\/02\/26\/staline-a-bu-la-mer-fabien-vincon-editions-anne-carriere\/#primaryimage"},"thumbnailUrl":"https:\/\/surbooke.fr\/wordpress\/wp-content\/uploads\/2023\/02\/Staline-a-bu-la-mer.png","datePublished":"2023-02-26T18:29:38+00:00","dateModified":"2023-02-28T13:24:30+00:00","author":{"@id":"https:\/\/surbooke.fr\/wordpress\/#\/schema\/person\/9c6be4d35203c76182c56b0e974807c6"},"description":"Quand le dictateur g\u00e9orgien d\u00e9cide de vider la mer d'Aral qui lui aurait manqu\u00e9 de respect, toute l'armada sovi\u00e9tique se pr\u00e9cipite en Asie centrale pour passer aux actes. Un roman qui m\u00eale avec brio l'histoire et la po\u00e9sie.","breadcrumb":{"@id":"https:\/\/surbooke.fr\/wordpress\/2023\/02\/26\/staline-a-bu-la-mer-fabien-vincon-editions-anne-carriere\/#breadcrumb"},"inLanguage":"fr-FR","potentialAction":[{"@type":"ReadAction","target":["https:\/\/surbooke.fr\/wordpress\/2023\/02\/26\/staline-a-bu-la-mer-fabien-vincon-editions-anne-carriere\/"]}]},{"@type":"ImageObject","inLanguage":"fr-FR","@id":"https:\/\/surbooke.fr\/wordpress\/2023\/02\/26\/staline-a-bu-la-mer-fabien-vincon-editions-anne-carriere\/#primaryimage","url":"https:\/\/surbooke.fr\/wordpress\/wp-content\/uploads\/2023\/02\/Staline-a-bu-la-mer.png","contentUrl":"https:\/\/surbooke.fr\/wordpress\/wp-content\/uploads\/2023\/02\/Staline-a-bu-la-mer.png","width":600,"height":350},{"@type":"BreadcrumbList","@id":"https:\/\/surbooke.fr\/wordpress\/2023\/02\/26\/staline-a-bu-la-mer-fabien-vincon-editions-anne-carriere\/#breadcrumb","itemListElement":[{"@type":"ListItem","position":1,"name":"Accueil","item":"https:\/\/surbooke.fr\/wordpress\/"},{"@type":"ListItem","position":2,"name":"Staline a bu la mer, Fabien Vin\u00e7on, \u00c9ditions Anne Carri\u00e8re"}]},{"@type":"WebSite","@id":"https:\/\/surbooke.fr\/wordpress\/#website","url":"https:\/\/surbooke.fr\/wordpress\/","name":"Surbook\u00e9","description":"Le blog de Laurent Bisault","potentialAction":[{"@type":"SearchAction","target":{"@type":"EntryPoint","urlTemplate":"https:\/\/surbooke.fr\/wordpress\/?s={search_term_string}"},"query-input":{"@type":"PropertyValueSpecification","valueRequired":true,"valueName":"search_term_string"}}],"inLanguage":"fr-FR"},{"@type":"Person","@id":"https:\/\/surbooke.fr\/wordpress\/#\/schema\/person\/9c6be4d35203c76182c56b0e974807c6","name":"Laurent Bisault","image":{"@type":"ImageObject","inLanguage":"fr-FR","@id":"https:\/\/secure.gravatar.com\/avatar\/3bcd2efdfc3a3e416bea3223d3dfcd7f8845e2ca0669671d0c7ed8e84e97bfc4?s=96&d=mm&r=g","url":"https:\/\/secure.gravatar.com\/avatar\/3bcd2efdfc3a3e416bea3223d3dfcd7f8845e2ca0669671d0c7ed8e84e97bfc4?s=96&d=mm&r=g","contentUrl":"https:\/\/secure.gravatar.com\/avatar\/3bcd2efdfc3a3e416bea3223d3dfcd7f8845e2ca0669671d0c7ed8e84e97bfc4?s=96&d=mm&r=g","caption":"Laurent Bisault"},"sameAs":["https:\/\/surbooke.fr\/wordpress\/","https:\/\/x.com\/LaurentBisault"],"url":"https:\/\/surbooke.fr\/wordpress\/author\/surbooke\/"}]}},"_links":{"self":[{"href":"https:\/\/surbooke.fr\/wordpress\/wp-json\/wp\/v2\/posts\/23831","targetHints":{"allow":["GET"]}}],"collection":[{"href":"https:\/\/surbooke.fr\/wordpress\/wp-json\/wp\/v2\/posts"}],"about":[{"href":"https:\/\/surbooke.fr\/wordpress\/wp-json\/wp\/v2\/types\/post"}],"author":[{"embeddable":true,"href":"https:\/\/surbooke.fr\/wordpress\/wp-json\/wp\/v2\/users\/8"}],"replies":[{"embeddable":true,"href":"https:\/\/surbooke.fr\/wordpress\/wp-json\/wp\/v2\/comments?post=23831"}],"version-history":[{"count":0,"href":"https:\/\/surbooke.fr\/wordpress\/wp-json\/wp\/v2\/posts\/23831\/revisions"}],"wp:featuredmedia":[{"embeddable":true,"href":"https:\/\/surbooke.fr\/wordpress\/wp-json\/wp\/v2\/media\/23832"}],"wp:attachment":[{"href":"https:\/\/surbooke.fr\/wordpress\/wp-json\/wp\/v2\/media?parent=23831"}],"wp:term":[{"taxonomy":"category","embeddable":true,"href":"https:\/\/surbooke.fr\/wordpress\/wp-json\/wp\/v2\/categories?post=23831"},{"taxonomy":"post_tag","embeddable":true,"href":"https:\/\/surbooke.fr\/wordpress\/wp-json\/wp\/v2\/tags?post=23831"}],"curies":[{"name":"wp","href":"https:\/\/api.w.org\/{rel}","templated":true}]}}