{"id":25608,"date":"2023-07-04T16:20:46","date_gmt":"2023-07-04T14:20:46","guid":{"rendered":"https:\/\/surbooke.fr\/wordpress\/?p=25608"},"modified":"2023-07-04T16:20:54","modified_gmt":"2023-07-04T14:20:54","slug":"des-livres-pour-lete-2023","status":"publish","type":"post","link":"https:\/\/surbooke.fr\/wordpress\/2023\/07\/04\/des-livres-pour-lete-2023\/","title":{"rendered":"Des livres pour l&rsquo;\u00e9t\u00e9 2023"},"content":{"rendered":"\n<p><strong>Avec<\/strong> <strong>les<\/strong> <strong>vacances<\/strong> arrive la p\u00e9riode des lectures. Petite s\u00e9lection de bouquins chroniqu\u00e9s depuis le d\u00e9but de l&rsquo;ann\u00e9e pour faciliter vos choix.<\/p>\n\n\n\n<figure class=\"wp-block-embed is-type-wp-embed is-provider-surbooke wp-block-embed-surbooke\"><div class=\"wp-block-embed__wrapper\">\n<blockquote class=\"wp-embedded-content\" data-secret=\"5x1GFyQLSs\"><a href=\"https:\/\/surbooke.fr\/wordpress\/2023\/02\/06\/une-saison-pour-les-ombres-r-j-ellory-editions-sonatine\/\">Une saison pour les ombres, R.J. Ellory, \u00c9ditions Sonatine<\/a><\/blockquote><iframe loading=\"lazy\" class=\"wp-embedded-content\" sandbox=\"allow-scripts\" security=\"restricted\" style=\"position: absolute; visibility: hidden;\" title=\"\u00ab\u00a0Une saison pour les ombres, R.J. Ellory, \u00c9ditions Sonatine\u00a0\u00bb &#8212; Surbook\u00e9\" src=\"https:\/\/surbooke.fr\/wordpress\/2023\/02\/06\/une-saison-pour-les-ombres-r-j-ellory-editions-sonatine\/embed\/#?secret=ijcjFFnvUi#?secret=5x1GFyQLSs\" data-secret=\"5x1GFyQLSs\" width=\"600\" height=\"338\" frameborder=\"0\" marginwidth=\"0\" marginheight=\"0\" scrolling=\"no\"><\/iframe>\n<\/div><figcaption>Un abonn\u00e9 de ce blog. On peut tout lire chez Ellory.<\/figcaption><\/figure>\n\n\n\n<figure class=\"wp-block-embed is-type-wp-embed is-provider-surbooke wp-block-embed-surbooke\"><div class=\"wp-block-embed__wrapper\">\n<blockquote class=\"wp-embedded-content\" data-secret=\"xTJLAT8ZkC\"><a href=\"https:\/\/surbooke.fr\/wordpress\/2023\/02\/16\/les-sources-marie-helene-lafon-editions-buchet-chastel\/\">Les sources, Marie-H\u00e9l\u00e8ne Lafon, \u00c9ditions Buchet-Chastel<\/a><\/blockquote><iframe loading=\"lazy\" class=\"wp-embedded-content\" sandbox=\"allow-scripts\" security=\"restricted\" style=\"position: absolute; visibility: hidden;\" title=\"\u00ab\u00a0Les sources, Marie-H\u00e9l\u00e8ne Lafon, \u00c9ditions Buchet-Chastel\u00a0\u00bb &#8212; Surbook\u00e9\" src=\"https:\/\/surbooke.fr\/wordpress\/2023\/02\/16\/les-sources-marie-helene-lafon-editions-buchet-chastel\/embed\/#?secret=Wx55WhhNOv#?secret=xTJLAT8ZkC\" data-secret=\"xTJLAT8ZkC\" width=\"600\" height=\"338\" frameborder=\"0\" marginwidth=\"0\" marginheight=\"0\" scrolling=\"no\"><\/iframe>\n<\/div><figcaption>Livre apr\u00e8s livre Marie-H\u00e9l\u00e8ne Lafon raconte son Cantal. Une grande autrice.<\/figcaption><\/figure>\n\n\n\n<figure class=\"wp-block-embed is-type-wp-embed is-provider-surbooke wp-block-embed-surbooke\"><div class=\"wp-block-embed__wrapper\">\n<blockquote class=\"wp-embedded-content\" data-secret=\"PrrDuM7r2c\"><a href=\"https:\/\/surbooke.fr\/wordpress\/2023\/02\/01\/le-silence-et-la-colere-pierre-lemaitre-editions-calmann-levy\/\">Le silence et la col\u00e8re, Pierre Lemaitre, \u00c9ditions Calmann L\u00e9vy<\/a><\/blockquote><iframe loading=\"lazy\" class=\"wp-embedded-content\" sandbox=\"allow-scripts\" security=\"restricted\" style=\"position: absolute; visibility: hidden;\" title=\"\u00ab\u00a0Le silence et la col\u00e8re, Pierre Lemaitre, \u00c9ditions Calmann L\u00e9vy\u00a0\u00bb &#8212; Surbook\u00e9\" src=\"https:\/\/surbooke.fr\/wordpress\/2023\/02\/01\/le-silence-et-la-colere-pierre-lemaitre-editions-calmann-levy\/embed\/#?secret=CLmN4acgXV#?secret=PrrDuM7r2c\" data-secret=\"PrrDuM7r2c\" width=\"600\" height=\"338\" frameborder=\"0\" marginwidth=\"0\" marginheight=\"0\" scrolling=\"no\"><\/iframe>\n<\/div><figcaption>\u00c0 lire apr\u00e8s <em>Le grand monde<\/em>, ce second tome de la trilogie de Lemaitre sur les Trente glorieuses est une merveille.<\/figcaption><\/figure>\n\n\n\n<figure class=\"wp-block-embed is-type-wp-embed is-provider-surbooke wp-block-embed-surbooke\"><div class=\"wp-block-embed__wrapper\">\n<blockquote class=\"wp-embedded-content\" data-secret=\"cBinDe2lf1\"><a href=\"https:\/\/surbooke.fr\/wordpress\/2023\/02\/28\/la-syndicaliste-caroline-michel-aguire-editions-stock\/\">La syndicaliste, Caroline Michel-Aguirre, \u00c9ditions Stock<\/a><\/blockquote><iframe loading=\"lazy\" class=\"wp-embedded-content\" sandbox=\"allow-scripts\" security=\"restricted\" style=\"position: absolute; visibility: hidden;\" title=\"\u00ab\u00a0La syndicaliste, Caroline Michel-Aguirre, \u00c9ditions Stock\u00a0\u00bb &#8212; Surbook\u00e9\" src=\"https:\/\/surbooke.fr\/wordpress\/2023\/02\/28\/la-syndicaliste-caroline-michel-aguire-editions-stock\/embed\/#?secret=yRo1BK3H17#?secret=cBinDe2lf1\" data-secret=\"cBinDe2lf1\" width=\"600\" height=\"338\" frameborder=\"0\" marginwidth=\"0\" marginheight=\"0\" scrolling=\"no\"><\/iframe>\n<\/div><figcaption>\u00c7a pourrait \u00eatre un excellent thriller. C&rsquo;est en plus une histoire vraie.<\/figcaption><\/figure>\n\n\n\n<figure class=\"wp-block-embed is-type-wp-embed is-provider-surbooke wp-block-embed-surbooke\"><div class=\"wp-block-embed__wrapper\">\n<blockquote class=\"wp-embedded-content\" data-secret=\"P0cnCDWtBQ\"><a href=\"https:\/\/surbooke.fr\/wordpress\/2023\/04\/20\/le-nageur-pierre-assouline-editions-gallimard\/\">Le Nageur, Pierre Assouline, \u00c9ditions Gallimard<\/a><\/blockquote><iframe loading=\"lazy\" class=\"wp-embedded-content\" sandbox=\"allow-scripts\" security=\"restricted\" style=\"position: absolute; visibility: hidden;\" title=\"\u00ab\u00a0Le Nageur, Pierre Assouline, \u00c9ditions Gallimard\u00a0\u00bb &#8212; Surbook\u00e9\" src=\"https:\/\/surbooke.fr\/wordpress\/2023\/04\/20\/le-nageur-pierre-assouline-editions-gallimard\/embed\/#?secret=i8j74uhF5E#?secret=P0cnCDWtBQ\" data-secret=\"P0cnCDWtBQ\" width=\"600\" height=\"338\" frameborder=\"0\" marginwidth=\"0\" marginheight=\"0\" scrolling=\"no\"><\/iframe>\n<\/div><figcaption>La tr\u00e8s triste mais tr\u00e8s belle histoire d&rsquo;Alfred Nakache magnifiquement racont\u00e9e par Pierre Assouline.<\/figcaption><\/figure>\n\n\n\n<figure class=\"wp-block-embed is-type-wp-embed is-provider-surbooke wp-block-embed-surbooke\"><div class=\"wp-block-embed__wrapper\">\n<blockquote class=\"wp-embedded-content\" data-secret=\"x2foWHxDkZ\"><a href=\"https:\/\/surbooke.fr\/wordpress\/2023\/03\/19\/mes-soeurs-naimez-pas-les-marins-gregory-nicolas-editions-les-escales\/\">Mes s\u0153urs, n&rsquo;aimez pas les marins, Gr\u00e9gory Nicolas, \u00c9ditions Les Escales<\/a><\/blockquote><iframe loading=\"lazy\" class=\"wp-embedded-content\" sandbox=\"allow-scripts\" security=\"restricted\" style=\"position: absolute; visibility: hidden;\" title=\"\u00ab\u00a0Mes s\u0153urs, n&rsquo;aimez pas les marins, Gr\u00e9gory Nicolas, \u00c9ditions Les Escales\u00a0\u00bb &#8212; Surbook\u00e9\" src=\"https:\/\/surbooke.fr\/wordpress\/2023\/03\/19\/mes-soeurs-naimez-pas-les-marins-gregory-nicolas-editions-les-escales\/embed\/#?secret=tT1GI0g0pZ#?secret=x2foWHxDkZ\" data-secret=\"x2foWHxDkZ\" width=\"600\" height=\"338\" frameborder=\"0\" marginwidth=\"0\" marginheight=\"0\" scrolling=\"no\"><\/iframe>\n<\/div><figcaption>Gr\u00e9gory Nicolas est un peu le chouchou de ce blog. Sa livraison annuelle est excellente.<\/figcaption><\/figure>\n\n\n\n<figure class=\"wp-block-embed is-type-wp-embed is-provider-surbooke wp-block-embed-surbooke\"><div class=\"wp-block-embed__wrapper\">\n<blockquote class=\"wp-embedded-content\" data-secret=\"zhBgYUxuSe\"><a href=\"https:\/\/surbooke.fr\/wordpress\/2023\/05\/03\/le-silence-dennis-lehane-editions-gallmeister\/\">Le silence, Dennis Lehane, \u00c9ditions Gallmeister<\/a><\/blockquote><iframe loading=\"lazy\" class=\"wp-embedded-content\" sandbox=\"allow-scripts\" security=\"restricted\" style=\"position: absolute; visibility: hidden;\" title=\"\u00ab\u00a0Le silence, Dennis Lehane, \u00c9ditions Gallmeister\u00a0\u00bb &#8212; Surbook\u00e9\" src=\"https:\/\/surbooke.fr\/wordpress\/2023\/05\/03\/le-silence-dennis-lehane-editions-gallmeister\/embed\/#?secret=GQSTQtq5qS#?secret=zhBgYUxuSe\" data-secret=\"zhBgYUxuSe\" width=\"600\" height=\"338\" frameborder=\"0\" marginwidth=\"0\" marginheight=\"0\" scrolling=\"no\"><\/iframe>\n<\/div><figcaption>Peut-\u00eatre le meilleur livre de 2023.<\/figcaption><\/figure>\n\n\n\n<figure class=\"wp-block-embed is-type-wp-embed is-provider-surbooke wp-block-embed-surbooke\"><div class=\"wp-block-embed__wrapper\">\n<blockquote class=\"wp-embedded-content\" data-secret=\"ZPAzMrv5RT\"><a href=\"https:\/\/surbooke.fr\/wordpress\/2023\/05\/13\/shit-jacky-schwartzmann-editions-le-seuil\/\">Shit, Jacky Schwartzmann, \u00c9ditions Le Seuil<\/a><\/blockquote><iframe loading=\"lazy\" class=\"wp-embedded-content\" sandbox=\"allow-scripts\" security=\"restricted\" style=\"position: absolute; visibility: hidden;\" title=\"\u00ab\u00a0Shit, Jacky Schwartzmann, \u00c9ditions Le Seuil\u00a0\u00bb &#8212; Surbook\u00e9\" src=\"https:\/\/surbooke.fr\/wordpress\/2023\/05\/13\/shit-jacky-schwartzmann-editions-le-seuil\/embed\/#?secret=0ewXqNg6CY#?secret=ZPAzMrv5RT\" data-secret=\"ZPAzMrv5RT\" width=\"600\" height=\"338\" frameborder=\"0\" marginwidth=\"0\" marginheight=\"0\" scrolling=\"no\"><\/iframe>\n<\/div><figcaption>Ils ne sont pas si nombreux ceux qui allient roman noir et humour.<\/figcaption><\/figure>\n\n\n\n<figure class=\"wp-block-embed is-type-wp-embed is-provider-surbooke wp-block-embed-surbooke\"><div class=\"wp-block-embed__wrapper\">\n<blockquote class=\"wp-embedded-content\" data-secret=\"Nm18OH29Xn\"><a href=\"https:\/\/surbooke.fr\/wordpress\/2023\/05\/17\/mai-67-thomas-cantaloube-editions-gallimard\/\">Mai 67, Thomas Cantaloube, \u00c9ditions Gallimard<\/a><\/blockquote><iframe loading=\"lazy\" class=\"wp-embedded-content\" sandbox=\"allow-scripts\" security=\"restricted\" style=\"position: absolute; visibility: hidden;\" title=\"\u00ab\u00a0Mai 67, Thomas Cantaloube, \u00c9ditions Gallimard\u00a0\u00bb &#8212; Surbook\u00e9\" src=\"https:\/\/surbooke.fr\/wordpress\/2023\/05\/17\/mai-67-thomas-cantaloube-editions-gallimard\/embed\/#?secret=bkkva4BoeH#?secret=Nm18OH29Xn\" data-secret=\"Nm18OH29Xn\" width=\"600\" height=\"338\" frameborder=\"0\" marginwidth=\"0\" marginheight=\"0\" scrolling=\"no\"><\/iframe>\n<\/div><\/figure>\n\n\n\n<p>Troisi\u00e8me volet de son triptyque sur les m\u00e9faits de la France coloniale, <em>Cantaloube<\/em> est avant tout un polar tr\u00e8s attachant.<\/p>\n\n\n\n<div style=\"padding:20px\" class=\"wp-block-tnp-minimal\"><p><strong>Abonnez-vous pour \u00eatre averti des nouvelles chroniques !<\/strong><\/p><div><div class=\"tnp tnp-subscription-minimal  \"><form action=\"https:\/\/surbooke.fr\/wordpress\/wp-admin\/admin-ajax.php?action=tnp&amp;na=s\" method=\"post\" style=\"text-align: center\"><input type=\"hidden\" name=\"nr\" value=\"minimal\">\n<input type=\"hidden\" name=\"nlang\" value=\"\">\n<input class=\"tnp-email\" type=\"email\" required name=\"ne\" value=\"\" placeholder=\"Email\"><input class=\"tnp-submit\" type=\"submit\" value=\"S&#039;abonner\" style=\"\">\n<div class=\"tnp-field tnp-privacy-field\"><label><input type=\"checkbox\" name=\"ny\" required class=\"tnp-privacy\"> En continuant, vous acceptez la politique de confidentialit\u00e9<\/label><\/div><\/form><\/div>\n<\/div><\/div>\n","protected":false},"excerpt":{"rendered":"<p>Avec les vacances arrive la p\u00e9riode des lectures. Petite s\u00e9lection de bouquins chroniqu\u00e9s depuis le d\u00e9but de l&rsquo;ann\u00e9e pour faciliter vos choix. Troisi\u00e8me volet de son triptyque sur les m\u00e9faits de la France coloniale, Cantaloube est avant tout un polar tr\u00e8s attachant.<\/p>\n","protected":false},"author":8,"featured_media":25610,"comment_status":"open","ping_status":"open","sticky":false,"template":"","format":"standard","meta":{"footnotes":""},"categories":[146],"tags":[],"class_list":["post-25608","post","type-post","status-publish","format-standard","has-post-thumbnail","hentry","category-liste-de-livres-"],"yoast_head":"<!-- This site is optimized with the Yoast SEO plugin v27.4 - https:\/\/yoast.com\/product\/yoast-seo-wordpress\/ -->\n<title>Des livres pour l&#039;\u00e9t\u00e9 2023 - Surbook\u00e9<\/title>\n<meta name=\"description\" content=\"De quoi alimenter vos lectures pendant les vacances\" \/>\n<meta name=\"robots\" content=\"index, follow, max-snippet:-1, max-image-preview:large, max-video-preview:-1\" \/>\n<link rel=\"canonical\" href=\"https:\/\/surbooke.fr\/wordpress\/2023\/07\/04\/des-livres-pour-lete-2023\/\" \/>\n<meta property=\"og:locale\" content=\"fr_FR\" \/>\n<meta property=\"og:type\" content=\"article\" \/>\n<meta property=\"og:title\" content=\"Des livres pour l&#039;\u00e9t\u00e9 2023 - Surbook\u00e9\" \/>\n<meta property=\"og:description\" content=\"De quoi alimenter vos lectures pendant les vacances\" \/>\n<meta property=\"og:url\" content=\"https:\/\/surbooke.fr\/wordpress\/2023\/07\/04\/des-livres-pour-lete-2023\/\" \/>\n<meta property=\"og:site_name\" content=\"Surbook\u00e9\" \/>\n<meta property=\"article:published_time\" content=\"2023-07-04T14:20:46+00:00\" \/>\n<meta property=\"article:modified_time\" content=\"2023-07-04T14:20:54+00:00\" \/>\n<meta property=\"og:image\" content=\"https:\/\/surbooke.fr\/wordpress\/wp-content\/uploads\/2023\/06\/Livres-plage.jpeg\" \/>\n\t<meta property=\"og:image:width\" content=\"287\" \/>\n\t<meta property=\"og:image:height\" content=\"175\" \/>\n\t<meta property=\"og:image:type\" content=\"image\/jpeg\" \/>\n<meta name=\"author\" content=\"Laurent Bisault\" \/>\n<meta name=\"twitter:card\" content=\"summary_large_image\" \/>\n<meta name=\"twitter:creator\" content=\"@LaurentBisault\" \/>\n<meta name=\"twitter:label1\" content=\"\u00c9crit par\" \/>\n\t<meta name=\"twitter:data1\" content=\"Laurent Bisault\" \/>\n\t<meta name=\"twitter:label2\" content=\"Dur\u00e9e de lecture estim\u00e9e\" \/>\n\t<meta name=\"twitter:data2\" content=\"1 minute\" \/>\n<script type=\"application\/ld+json\" class=\"yoast-schema-graph\">{\"@context\":\"https:\\\/\\\/schema.org\",\"@graph\":[{\"@type\":\"Article\",\"@id\":\"https:\\\/\\\/surbooke.fr\\\/wordpress\\\/2023\\\/07\\\/04\\\/des-livres-pour-lete-2023\\\/#article\",\"isPartOf\":{\"@id\":\"https:\\\/\\\/surbooke.fr\\\/wordpress\\\/2023\\\/07\\\/04\\\/des-livres-pour-lete-2023\\\/\"},\"author\":{\"name\":\"Laurent Bisault\",\"@id\":\"https:\\\/\\\/surbooke.fr\\\/wordpress\\\/#\\\/schema\\\/person\\\/9c6be4d35203c76182c56b0e974807c6\"},\"headline\":\"Des livres pour l&rsquo;\u00e9t\u00e9 2023\",\"datePublished\":\"2023-07-04T14:20:46+00:00\",\"dateModified\":\"2023-07-04T14:20:54+00:00\",\"mainEntityOfPage\":{\"@id\":\"https:\\\/\\\/surbooke.fr\\\/wordpress\\\/2023\\\/07\\\/04\\\/des-livres-pour-lete-2023\\\/\"},\"wordCount\":225,\"commentCount\":0,\"image\":{\"@id\":\"https:\\\/\\\/surbooke.fr\\\/wordpress\\\/2023\\\/07\\\/04\\\/des-livres-pour-lete-2023\\\/#primaryimage\"},\"thumbnailUrl\":\"https:\\\/\\\/surbooke.fr\\\/wordpress\\\/wp-content\\\/uploads\\\/2023\\\/06\\\/Livres-plage.jpeg\",\"articleSection\":[\"liste de livres \ud83d\udcd6\"],\"inLanguage\":\"fr-FR\",\"potentialAction\":[{\"@type\":\"CommentAction\",\"name\":\"Comment\",\"target\":[\"https:\\\/\\\/surbooke.fr\\\/wordpress\\\/2023\\\/07\\\/04\\\/des-livres-pour-lete-2023\\\/#respond\"]}]},{\"@type\":\"WebPage\",\"@id\":\"https:\\\/\\\/surbooke.fr\\\/wordpress\\\/2023\\\/07\\\/04\\\/des-livres-pour-lete-2023\\\/\",\"url\":\"https:\\\/\\\/surbooke.fr\\\/wordpress\\\/2023\\\/07\\\/04\\\/des-livres-pour-lete-2023\\\/\",\"name\":\"Des livres pour l'\u00e9t\u00e9 2023 - Surbook\u00e9\",\"isPartOf\":{\"@id\":\"https:\\\/\\\/surbooke.fr\\\/wordpress\\\/#website\"},\"primaryImageOfPage\":{\"@id\":\"https:\\\/\\\/surbooke.fr\\\/wordpress\\\/2023\\\/07\\\/04\\\/des-livres-pour-lete-2023\\\/#primaryimage\"},\"image\":{\"@id\":\"https:\\\/\\\/surbooke.fr\\\/wordpress\\\/2023\\\/07\\\/04\\\/des-livres-pour-lete-2023\\\/#primaryimage\"},\"thumbnailUrl\":\"https:\\\/\\\/surbooke.fr\\\/wordpress\\\/wp-content\\\/uploads\\\/2023\\\/06\\\/Livres-plage.jpeg\",\"datePublished\":\"2023-07-04T14:20:46+00:00\",\"dateModified\":\"2023-07-04T14:20:54+00:00\",\"author\":{\"@id\":\"https:\\\/\\\/surbooke.fr\\\/wordpress\\\/#\\\/schema\\\/person\\\/9c6be4d35203c76182c56b0e974807c6\"},\"description\":\"De quoi alimenter vos lectures pendant les vacances\",\"breadcrumb\":{\"@id\":\"https:\\\/\\\/surbooke.fr\\\/wordpress\\\/2023\\\/07\\\/04\\\/des-livres-pour-lete-2023\\\/#breadcrumb\"},\"inLanguage\":\"fr-FR\",\"potentialAction\":[{\"@type\":\"ReadAction\",\"target\":[\"https:\\\/\\\/surbooke.fr\\\/wordpress\\\/2023\\\/07\\\/04\\\/des-livres-pour-lete-2023\\\/\"]}]},{\"@type\":\"ImageObject\",\"inLanguage\":\"fr-FR\",\"@id\":\"https:\\\/\\\/surbooke.fr\\\/wordpress\\\/2023\\\/07\\\/04\\\/des-livres-pour-lete-2023\\\/#primaryimage\",\"url\":\"https:\\\/\\\/surbooke.fr\\\/wordpress\\\/wp-content\\\/uploads\\\/2023\\\/06\\\/Livres-plage.jpeg\",\"contentUrl\":\"https:\\\/\\\/surbooke.fr\\\/wordpress\\\/wp-content\\\/uploads\\\/2023\\\/06\\\/Livres-plage.jpeg\",\"width\":287,\"height\":175},{\"@type\":\"BreadcrumbList\",\"@id\":\"https:\\\/\\\/surbooke.fr\\\/wordpress\\\/2023\\\/07\\\/04\\\/des-livres-pour-lete-2023\\\/#breadcrumb\",\"itemListElement\":[{\"@type\":\"ListItem\",\"position\":1,\"name\":\"Accueil\",\"item\":\"https:\\\/\\\/surbooke.fr\\\/wordpress\\\/\"},{\"@type\":\"ListItem\",\"position\":2,\"name\":\"Des livres pour l&#8217;\u00e9t\u00e9 2023\"}]},{\"@type\":\"WebSite\",\"@id\":\"https:\\\/\\\/surbooke.fr\\\/wordpress\\\/#website\",\"url\":\"https:\\\/\\\/surbooke.fr\\\/wordpress\\\/\",\"name\":\"Surbook\u00e9\",\"description\":\"Le blog de Laurent Bisault\",\"potentialAction\":[{\"@type\":\"SearchAction\",\"target\":{\"@type\":\"EntryPoint\",\"urlTemplate\":\"https:\\\/\\\/surbooke.fr\\\/wordpress\\\/?s={search_term_string}\"},\"query-input\":{\"@type\":\"PropertyValueSpecification\",\"valueRequired\":true,\"valueName\":\"search_term_string\"}}],\"inLanguage\":\"fr-FR\"},{\"@type\":\"Person\",\"@id\":\"https:\\\/\\\/surbooke.fr\\\/wordpress\\\/#\\\/schema\\\/person\\\/9c6be4d35203c76182c56b0e974807c6\",\"name\":\"Laurent Bisault\",\"image\":{\"@type\":\"ImageObject\",\"inLanguage\":\"fr-FR\",\"@id\":\"https:\\\/\\\/secure.gravatar.com\\\/avatar\\\/3bcd2efdfc3a3e416bea3223d3dfcd7f8845e2ca0669671d0c7ed8e84e97bfc4?s=96&d=mm&r=g\",\"url\":\"https:\\\/\\\/secure.gravatar.com\\\/avatar\\\/3bcd2efdfc3a3e416bea3223d3dfcd7f8845e2ca0669671d0c7ed8e84e97bfc4?s=96&d=mm&r=g\",\"contentUrl\":\"https:\\\/\\\/secure.gravatar.com\\\/avatar\\\/3bcd2efdfc3a3e416bea3223d3dfcd7f8845e2ca0669671d0c7ed8e84e97bfc4?s=96&d=mm&r=g\",\"caption\":\"Laurent Bisault\"},\"sameAs\":[\"https:\\\/\\\/surbooke.fr\\\/wordpress\\\/\",\"https:\\\/\\\/x.com\\\/LaurentBisault\"],\"url\":\"https:\\\/\\\/surbooke.fr\\\/wordpress\\\/author\\\/surbooke\\\/\"}]}<\/script>\n<!-- \/ Yoast SEO plugin. -->","yoast_head_json":{"title":"Des livres pour l'\u00e9t\u00e9 2023 - Surbook\u00e9","description":"De quoi alimenter vos lectures pendant les vacances","robots":{"index":"index","follow":"follow","max-snippet":"max-snippet:-1","max-image-preview":"max-image-preview:large","max-video-preview":"max-video-preview:-1"},"canonical":"https:\/\/surbooke.fr\/wordpress\/2023\/07\/04\/des-livres-pour-lete-2023\/","og_locale":"fr_FR","og_type":"article","og_title":"Des livres pour l'\u00e9t\u00e9 2023 - Surbook\u00e9","og_description":"De quoi alimenter vos lectures pendant les vacances","og_url":"https:\/\/surbooke.fr\/wordpress\/2023\/07\/04\/des-livres-pour-lete-2023\/","og_site_name":"Surbook\u00e9","article_published_time":"2023-07-04T14:20:46+00:00","article_modified_time":"2023-07-04T14:20:54+00:00","og_image":[{"width":287,"height":175,"url":"https:\/\/surbooke.fr\/wordpress\/wp-content\/uploads\/2023\/06\/Livres-plage.jpeg","type":"image\/jpeg"}],"author":"Laurent Bisault","twitter_card":"summary_large_image","twitter_creator":"@LaurentBisault","twitter_misc":{"\u00c9crit par":"Laurent Bisault","Dur\u00e9e de lecture estim\u00e9e":"1 minute"},"schema":{"@context":"https:\/\/schema.org","@graph":[{"@type":"Article","@id":"https:\/\/surbooke.fr\/wordpress\/2023\/07\/04\/des-livres-pour-lete-2023\/#article","isPartOf":{"@id":"https:\/\/surbooke.fr\/wordpress\/2023\/07\/04\/des-livres-pour-lete-2023\/"},"author":{"name":"Laurent Bisault","@id":"https:\/\/surbooke.fr\/wordpress\/#\/schema\/person\/9c6be4d35203c76182c56b0e974807c6"},"headline":"Des livres pour l&rsquo;\u00e9t\u00e9 2023","datePublished":"2023-07-04T14:20:46+00:00","dateModified":"2023-07-04T14:20:54+00:00","mainEntityOfPage":{"@id":"https:\/\/surbooke.fr\/wordpress\/2023\/07\/04\/des-livres-pour-lete-2023\/"},"wordCount":225,"commentCount":0,"image":{"@id":"https:\/\/surbooke.fr\/wordpress\/2023\/07\/04\/des-livres-pour-lete-2023\/#primaryimage"},"thumbnailUrl":"https:\/\/surbooke.fr\/wordpress\/wp-content\/uploads\/2023\/06\/Livres-plage.jpeg","articleSection":["liste de livres \ud83d\udcd6"],"inLanguage":"fr-FR","potentialAction":[{"@type":"CommentAction","name":"Comment","target":["https:\/\/surbooke.fr\/wordpress\/2023\/07\/04\/des-livres-pour-lete-2023\/#respond"]}]},{"@type":"WebPage","@id":"https:\/\/surbooke.fr\/wordpress\/2023\/07\/04\/des-livres-pour-lete-2023\/","url":"https:\/\/surbooke.fr\/wordpress\/2023\/07\/04\/des-livres-pour-lete-2023\/","name":"Des livres pour l'\u00e9t\u00e9 2023 - Surbook\u00e9","isPartOf":{"@id":"https:\/\/surbooke.fr\/wordpress\/#website"},"primaryImageOfPage":{"@id":"https:\/\/surbooke.fr\/wordpress\/2023\/07\/04\/des-livres-pour-lete-2023\/#primaryimage"},"image":{"@id":"https:\/\/surbooke.fr\/wordpress\/2023\/07\/04\/des-livres-pour-lete-2023\/#primaryimage"},"thumbnailUrl":"https:\/\/surbooke.fr\/wordpress\/wp-content\/uploads\/2023\/06\/Livres-plage.jpeg","datePublished":"2023-07-04T14:20:46+00:00","dateModified":"2023-07-04T14:20:54+00:00","author":{"@id":"https:\/\/surbooke.fr\/wordpress\/#\/schema\/person\/9c6be4d35203c76182c56b0e974807c6"},"description":"De quoi alimenter vos lectures pendant les vacances","breadcrumb":{"@id":"https:\/\/surbooke.fr\/wordpress\/2023\/07\/04\/des-livres-pour-lete-2023\/#breadcrumb"},"inLanguage":"fr-FR","potentialAction":[{"@type":"ReadAction","target":["https:\/\/surbooke.fr\/wordpress\/2023\/07\/04\/des-livres-pour-lete-2023\/"]}]},{"@type":"ImageObject","inLanguage":"fr-FR","@id":"https:\/\/surbooke.fr\/wordpress\/2023\/07\/04\/des-livres-pour-lete-2023\/#primaryimage","url":"https:\/\/surbooke.fr\/wordpress\/wp-content\/uploads\/2023\/06\/Livres-plage.jpeg","contentUrl":"https:\/\/surbooke.fr\/wordpress\/wp-content\/uploads\/2023\/06\/Livres-plage.jpeg","width":287,"height":175},{"@type":"BreadcrumbList","@id":"https:\/\/surbooke.fr\/wordpress\/2023\/07\/04\/des-livres-pour-lete-2023\/#breadcrumb","itemListElement":[{"@type":"ListItem","position":1,"name":"Accueil","item":"https:\/\/surbooke.fr\/wordpress\/"},{"@type":"ListItem","position":2,"name":"Des livres pour l&#8217;\u00e9t\u00e9 2023"}]},{"@type":"WebSite","@id":"https:\/\/surbooke.fr\/wordpress\/#website","url":"https:\/\/surbooke.fr\/wordpress\/","name":"Surbook\u00e9","description":"Le blog de Laurent Bisault","potentialAction":[{"@type":"SearchAction","target":{"@type":"EntryPoint","urlTemplate":"https:\/\/surbooke.fr\/wordpress\/?s={search_term_string}"},"query-input":{"@type":"PropertyValueSpecification","valueRequired":true,"valueName":"search_term_string"}}],"inLanguage":"fr-FR"},{"@type":"Person","@id":"https:\/\/surbooke.fr\/wordpress\/#\/schema\/person\/9c6be4d35203c76182c56b0e974807c6","name":"Laurent Bisault","image":{"@type":"ImageObject","inLanguage":"fr-FR","@id":"https:\/\/secure.gravatar.com\/avatar\/3bcd2efdfc3a3e416bea3223d3dfcd7f8845e2ca0669671d0c7ed8e84e97bfc4?s=96&d=mm&r=g","url":"https:\/\/secure.gravatar.com\/avatar\/3bcd2efdfc3a3e416bea3223d3dfcd7f8845e2ca0669671d0c7ed8e84e97bfc4?s=96&d=mm&r=g","contentUrl":"https:\/\/secure.gravatar.com\/avatar\/3bcd2efdfc3a3e416bea3223d3dfcd7f8845e2ca0669671d0c7ed8e84e97bfc4?s=96&d=mm&r=g","caption":"Laurent Bisault"},"sameAs":["https:\/\/surbooke.fr\/wordpress\/","https:\/\/x.com\/LaurentBisault"],"url":"https:\/\/surbooke.fr\/wordpress\/author\/surbooke\/"}]}},"_links":{"self":[{"href":"https:\/\/surbooke.fr\/wordpress\/wp-json\/wp\/v2\/posts\/25608","targetHints":{"allow":["GET"]}}],"collection":[{"href":"https:\/\/surbooke.fr\/wordpress\/wp-json\/wp\/v2\/posts"}],"about":[{"href":"https:\/\/surbooke.fr\/wordpress\/wp-json\/wp\/v2\/types\/post"}],"author":[{"embeddable":true,"href":"https:\/\/surbooke.fr\/wordpress\/wp-json\/wp\/v2\/users\/8"}],"replies":[{"embeddable":true,"href":"https:\/\/surbooke.fr\/wordpress\/wp-json\/wp\/v2\/comments?post=25608"}],"version-history":[{"count":0,"href":"https:\/\/surbooke.fr\/wordpress\/wp-json\/wp\/v2\/posts\/25608\/revisions"}],"wp:featuredmedia":[{"embeddable":true,"href":"https:\/\/surbooke.fr\/wordpress\/wp-json\/wp\/v2\/media\/25610"}],"wp:attachment":[{"href":"https:\/\/surbooke.fr\/wordpress\/wp-json\/wp\/v2\/media?parent=25608"}],"wp:term":[{"taxonomy":"category","embeddable":true,"href":"https:\/\/surbooke.fr\/wordpress\/wp-json\/wp\/v2\/categories?post=25608"},{"taxonomy":"post_tag","embeddable":true,"href":"https:\/\/surbooke.fr\/wordpress\/wp-json\/wp\/v2\/tags?post=25608"}],"curies":[{"name":"wp","href":"https:\/\/api.w.org\/{rel}","templated":true}]}}