{"id":25876,"date":"2023-07-19T19:06:28","date_gmt":"2023-07-19T17:06:28","guid":{"rendered":"https:\/\/surbooke.fr\/wordpress\/?p=25876"},"modified":"2023-07-19T19:06:32","modified_gmt":"2023-07-19T17:06:32","slug":"un-garcon-ordinaire-joseph-danvers-editions-rivages","status":"publish","type":"post","link":"https:\/\/surbooke.fr\/wordpress\/2023\/07\/19\/un-garcon-ordinaire-joseph-danvers-editions-rivages\/","title":{"rendered":"Un gar\u00e7on ordinaire, Joseph d&rsquo;Anvers, \u00c9ditions Rivages"},"content":{"rendered":"\n<p><strong>Aujourd&rsquo;hui,<\/strong> <strong>Kurt Cobain<\/strong> <strong>est<\/strong> <strong>mort.<\/strong> Ce matin d&rsquo;avril 1994 est pour Victor un matin ordinaire sauf que Kurt Cobain est mort. D\u00e9j\u00e0 ses copains de lyc\u00e9e remettent en cause la th\u00e8se du suicide et parlent d&rsquo;assassinat. Quand certains meurent \u00e0 vingt-sept ans, la perspective du bac appara\u00eet d&rsquo;autant plus mis\u00e9rable. Alors autant se l\u00e2cher tout de suite, m\u00eame si c&rsquo;est difficile de savoir comment faire avec les filles. Surtout avec Alice. Pour c\u00e9l\u00e9brer leur idole d\u00e9c\u00e9d\u00e9e Victor et ses potes peignent une phrase du chanteur devant le lyc\u00e9e, et ils remplacent les drapeaux officiels par les leurs. H\u00e9las ce fait d&rsquo;armes de la radicalit\u00e9 ne survit pas \u00e0 la nuit, tout est effac\u00e9 le lendemain, tout a disparu devant le bahut. La punition est rude pour le petit groupe qui cultive avec application sa singularit\u00e9 au cin\u00e9-club comme chez le disquaire ind\u00e9 pour \u00e9couter les Sonic Youth et les Pixies. Leur refuge c&rsquo;est leur groupe, Tom \u00e0 la batterie, Victor \u00e0 la guitare, Youri \u00e0 la basse, qui se retrouvent dans une vieille remise au fond du jardin des parents de Tom. Ceux qui sont blind\u00e9s parce qu&rsquo;ils dirigent le Mammouth du coin. Quand ils ne jouent pas aux musicos, ils vont \u00e0 <em>La<\/em> <em>Taverne<\/em>, le seul bar rock de la ville, celui que leurs parents ont fr\u00e9quent\u00e9. Ou alors ils se retrouvent au foyer.<\/p>\n\n\n\n<blockquote class=\"wp-block-quote is-layout-flow wp-block-quote-is-layout-flow\">\n<p class=\"has-medium-font-size\">Pas de r\u00e9volte chez ces fans de Kurt Kobain,<\/p>\n<\/blockquote>\n\n\n\n<p>Vraiment \u00e9mouvant ce troisi\u00e8me roman de Joseph d&rsquo;Anvers un auteur aux talents multiples puisqu&rsquo;il a aussi quatre albums au compteur et des compositions pour d&rsquo;autres artistes. <em>Un<\/em> <em>gar\u00e7on<\/em> <em>ordinaire<\/em> c&rsquo;est le r\u00e9cit forc\u00e9ment autobiographique des derniers mois de lyc\u00e9e dans une petite ville qui n&rsquo;est jamais nomm\u00e9e. Le bac est en vue pour Victor et ses copains, c&rsquo;est le s\u00e9same qui les fera passer dans la vie d&rsquo;adulte tant souhait\u00e9e. Ce n&rsquo;est pas pour autant qu&rsquo;ils sont press\u00e9s d&rsquo;y parvenir, car cette fin d&rsquo;adolescence entre potes et les premiers amours a aussi son charme. Pas de r\u00e9volte chez ces fans de Kurt Kobain, pas vraiment de tensions avec les parents qui leur mettent la pression pour obtenir ce foutu dipl\u00f4me. M\u00eame le demi-course pay\u00e9 en lieu et place de la 103 pour aller au lyc\u00e9e est pass\u00e9 cr\u00e8me. ll y a certes Youri qui se fout du bac, pr\u00e9f\u00e8re jouer de la basse, brancher les filles, et rouler \u00e0 moto. Mais Youri n&rsquo;est pas comme eux, c&rsquo;est un peu leur grand fr\u00e8re. Il y a aussi Karim qui vient d&rsquo;un autre monde, celui des HLM construits \u00e0 la va-vite au d\u00e9but des ann\u00e9es soixante-dix, quand les p\u00e8res pensaient offrir une vie meilleure \u00e0 leur famille. Karim a vite compris qu&rsquo;il ne pourrait s&rsquo;en sortir qu&rsquo;avec son dipl\u00f4me puisqu&rsquo;il tra\u00eene d\u00e9j\u00e0 le handicap r\u00e9serv\u00e9 \u00e0 ceux qui viennent d&rsquo;ailleurs. Alors ils bossent un peu, boivent des bi\u00e8res, profitent de la musique enregistr\u00e9e sur des cassettes BASF chrome, et des <em>Black Sessions<\/em> diffus\u00e9es sur France Inter. Et Victor dix-sept ans r\u00eave des l\u00e8vres d&rsquo;Alice dont les parents ont eu la bonne id\u00e9e de d\u00e9m\u00e9nager, et d&rsquo;inscrire leur fille en milieu d&rsquo;ann\u00e9e dans son lyc\u00e9e.<\/p>\n\n\n\n<p><strong>La<\/strong><em><strong> Black Session <\/strong><\/em><strong>de<\/strong><em><strong> <\/strong><\/em><strong>Lloyd Cole<\/strong><em><strong>&nbsp;<\/strong><\/em><strong>enregistr\u00e9e<\/strong><em><strong> <\/strong><\/em><strong>le<\/strong><em><strong> <\/strong><\/em><strong>09\/11\/1993<\/strong><br><a href=\"https:\/\/blacksession.fr\/bsnum.php?id=40\">https:\/\/blacksession.fr\/bsnum.php?id=276<\/a><\/p>\n\n\n\n<p><strong>Qu\u2019en dit&nbsp;<em>Bibliosurf<\/em>&nbsp;?<\/strong><br><a href=\"https:\/\/www.bibliosurf.com\/Un-garcon-ordinaire.html#recherche\">https:\/\/www.bibliosurf.com\/Un-garcon-ordinaire.html#recherche<\/a><\/p>\n\n\n\n<div style=\"padding:20px\" class=\"wp-block-tnp-minimal\"><p><strong>Abonnez-vous pour \u00eatre averti des nouvelles chroniques !<\/strong><\/p><div><div class=\"tnp tnp-subscription-minimal  \"><form action=\"https:\/\/surbooke.fr\/wordpress\/wp-admin\/admin-ajax.php?action=tnp&amp;na=s\" method=\"post\" style=\"text-align: center\"><input type=\"hidden\" name=\"nr\" value=\"minimal\">\n<input type=\"hidden\" name=\"nlang\" value=\"\">\n<input class=\"tnp-email\" type=\"email\" required name=\"ne\" value=\"\" placeholder=\"Email\"><input class=\"tnp-submit\" type=\"submit\" value=\"S&#039;abonner\" style=\"\">\n<div class=\"tnp-field tnp-privacy-field\"><label><input type=\"checkbox\" name=\"ny\" required class=\"tnp-privacy\"> En continuant, vous acceptez la politique de confidentialit\u00e9<\/label><\/div><\/form><\/div>\n<\/div><\/div>\n","protected":false},"excerpt":{"rendered":"<p>Aujourd&rsquo;hui, Kurt Cobain est mort. Ce matin d&rsquo;avril 1994 est pour Victor un matin ordinaire sauf que Kurt Cobain est mort. D\u00e9j\u00e0 ses copains de lyc\u00e9e remettent en cause la th\u00e8se du suicide et parlent d&rsquo;assassinat. Quand certains meurent \u00e0 vingt-sept ans, la perspective du bac appara\u00eet d&rsquo;autant plus mis\u00e9rable. Alors autant se l\u00e2cher tout [&hellip;]<\/p>\n","protected":false},"author":8,"featured_media":25879,"comment_status":"open","ping_status":"open","sticky":false,"template":"","format":"standard","meta":{"footnotes":""},"categories":[15,3],"tags":[71],"class_list":["post-25876","post","type-post","status-publish","format-standard","has-post-thumbnail","hentry","category-roman-francais","category-coup-de-coeur","tag-rivages"],"yoast_head":"<!-- This site is optimized with the Yoast SEO plugin v27.4 - https:\/\/yoast.com\/product\/yoast-seo-wordpress\/ -->\n<title>Un gar\u00e7on ordinaire, Joseph d&#039;Anvers, \u00c9ditions Rivages - Surbook\u00e9<\/title>\n<meta name=\"description\" content=\"Les derniers mois de lyc\u00e9e, les copains, le premier amour. Sacr\u00e9ment \u00e9mouvant !\" \/>\n<meta name=\"robots\" content=\"index, follow, max-snippet:-1, max-image-preview:large, max-video-preview:-1\" \/>\n<link rel=\"canonical\" href=\"https:\/\/surbooke.fr\/wordpress\/2023\/07\/19\/un-garcon-ordinaire-joseph-danvers-editions-rivages\/\" \/>\n<meta property=\"og:locale\" content=\"fr_FR\" \/>\n<meta property=\"og:type\" content=\"article\" \/>\n<meta property=\"og:title\" content=\"Un gar\u00e7on ordinaire, Joseph d&#039;Anvers, \u00c9ditions Rivages - Surbook\u00e9\" \/>\n<meta property=\"og:description\" content=\"Les derniers mois de lyc\u00e9e, les copains, le premier amour. Sacr\u00e9ment \u00e9mouvant !\" \/>\n<meta property=\"og:url\" content=\"https:\/\/surbooke.fr\/wordpress\/2023\/07\/19\/un-garcon-ordinaire-joseph-danvers-editions-rivages\/\" \/>\n<meta property=\"og:site_name\" content=\"Surbook\u00e9\" \/>\n<meta property=\"article:published_time\" content=\"2023-07-19T17:06:28+00:00\" \/>\n<meta property=\"article:modified_time\" content=\"2023-07-19T17:06:32+00:00\" \/>\n<meta property=\"og:image\" content=\"https:\/\/surbooke.fr\/wordpress\/wp-content\/uploads\/2023\/07\/Un-garcon-ordinaire-1.jpeg\" \/>\n\t<meta property=\"og:image:width\" content=\"225\" \/>\n\t<meta property=\"og:image:height\" content=\"225\" \/>\n\t<meta property=\"og:image:type\" content=\"image\/jpeg\" \/>\n<meta name=\"author\" content=\"Laurent Bisault\" \/>\n<meta name=\"twitter:card\" content=\"summary_large_image\" \/>\n<meta name=\"twitter:creator\" content=\"@LaurentBisault\" \/>\n<meta name=\"twitter:label1\" content=\"\u00c9crit par\" \/>\n\t<meta name=\"twitter:data1\" content=\"Laurent Bisault\" \/>\n\t<meta name=\"twitter:label2\" content=\"Dur\u00e9e de lecture estim\u00e9e\" \/>\n\t<meta name=\"twitter:data2\" content=\"3 minutes\" \/>\n<script type=\"application\/ld+json\" class=\"yoast-schema-graph\">{\"@context\":\"https:\\\/\\\/schema.org\",\"@graph\":[{\"@type\":\"Article\",\"@id\":\"https:\\\/\\\/surbooke.fr\\\/wordpress\\\/2023\\\/07\\\/19\\\/un-garcon-ordinaire-joseph-danvers-editions-rivages\\\/#article\",\"isPartOf\":{\"@id\":\"https:\\\/\\\/surbooke.fr\\\/wordpress\\\/2023\\\/07\\\/19\\\/un-garcon-ordinaire-joseph-danvers-editions-rivages\\\/\"},\"author\":{\"name\":\"Laurent Bisault\",\"@id\":\"https:\\\/\\\/surbooke.fr\\\/wordpress\\\/#\\\/schema\\\/person\\\/9c6be4d35203c76182c56b0e974807c6\"},\"headline\":\"Un gar\u00e7on ordinaire, Joseph d&rsquo;Anvers, \u00c9ditions Rivages\",\"datePublished\":\"2023-07-19T17:06:28+00:00\",\"dateModified\":\"2023-07-19T17:06:32+00:00\",\"mainEntityOfPage\":{\"@id\":\"https:\\\/\\\/surbooke.fr\\\/wordpress\\\/2023\\\/07\\\/19\\\/un-garcon-ordinaire-joseph-danvers-editions-rivages\\\/\"},\"wordCount\":635,\"commentCount\":0,\"image\":{\"@id\":\"https:\\\/\\\/surbooke.fr\\\/wordpress\\\/2023\\\/07\\\/19\\\/un-garcon-ordinaire-joseph-danvers-editions-rivages\\\/#primaryimage\"},\"thumbnailUrl\":\"https:\\\/\\\/surbooke.fr\\\/wordpress\\\/wp-content\\\/uploads\\\/2023\\\/07\\\/Un-garcon-ordinaire-1.jpeg\",\"keywords\":[\"Rivages\"],\"articleSection\":[\"roman fran\u00e7ais \ud83c\uddeb\ud83c\uddf7\",\"\ud83e\udd0d\"],\"inLanguage\":\"fr-FR\",\"potentialAction\":[{\"@type\":\"CommentAction\",\"name\":\"Comment\",\"target\":[\"https:\\\/\\\/surbooke.fr\\\/wordpress\\\/2023\\\/07\\\/19\\\/un-garcon-ordinaire-joseph-danvers-editions-rivages\\\/#respond\"]}]},{\"@type\":\"WebPage\",\"@id\":\"https:\\\/\\\/surbooke.fr\\\/wordpress\\\/2023\\\/07\\\/19\\\/un-garcon-ordinaire-joseph-danvers-editions-rivages\\\/\",\"url\":\"https:\\\/\\\/surbooke.fr\\\/wordpress\\\/2023\\\/07\\\/19\\\/un-garcon-ordinaire-joseph-danvers-editions-rivages\\\/\",\"name\":\"Un gar\u00e7on ordinaire, Joseph d'Anvers, \u00c9ditions Rivages - Surbook\u00e9\",\"isPartOf\":{\"@id\":\"https:\\\/\\\/surbooke.fr\\\/wordpress\\\/#website\"},\"primaryImageOfPage\":{\"@id\":\"https:\\\/\\\/surbooke.fr\\\/wordpress\\\/2023\\\/07\\\/19\\\/un-garcon-ordinaire-joseph-danvers-editions-rivages\\\/#primaryimage\"},\"image\":{\"@id\":\"https:\\\/\\\/surbooke.fr\\\/wordpress\\\/2023\\\/07\\\/19\\\/un-garcon-ordinaire-joseph-danvers-editions-rivages\\\/#primaryimage\"},\"thumbnailUrl\":\"https:\\\/\\\/surbooke.fr\\\/wordpress\\\/wp-content\\\/uploads\\\/2023\\\/07\\\/Un-garcon-ordinaire-1.jpeg\",\"datePublished\":\"2023-07-19T17:06:28+00:00\",\"dateModified\":\"2023-07-19T17:06:32+00:00\",\"author\":{\"@id\":\"https:\\\/\\\/surbooke.fr\\\/wordpress\\\/#\\\/schema\\\/person\\\/9c6be4d35203c76182c56b0e974807c6\"},\"description\":\"Les derniers mois de lyc\u00e9e, les copains, le premier amour. Sacr\u00e9ment \u00e9mouvant !\",\"breadcrumb\":{\"@id\":\"https:\\\/\\\/surbooke.fr\\\/wordpress\\\/2023\\\/07\\\/19\\\/un-garcon-ordinaire-joseph-danvers-editions-rivages\\\/#breadcrumb\"},\"inLanguage\":\"fr-FR\",\"potentialAction\":[{\"@type\":\"ReadAction\",\"target\":[\"https:\\\/\\\/surbooke.fr\\\/wordpress\\\/2023\\\/07\\\/19\\\/un-garcon-ordinaire-joseph-danvers-editions-rivages\\\/\"]}]},{\"@type\":\"ImageObject\",\"inLanguage\":\"fr-FR\",\"@id\":\"https:\\\/\\\/surbooke.fr\\\/wordpress\\\/2023\\\/07\\\/19\\\/un-garcon-ordinaire-joseph-danvers-editions-rivages\\\/#primaryimage\",\"url\":\"https:\\\/\\\/surbooke.fr\\\/wordpress\\\/wp-content\\\/uploads\\\/2023\\\/07\\\/Un-garcon-ordinaire-1.jpeg\",\"contentUrl\":\"https:\\\/\\\/surbooke.fr\\\/wordpress\\\/wp-content\\\/uploads\\\/2023\\\/07\\\/Un-garcon-ordinaire-1.jpeg\",\"width\":225,\"height\":225},{\"@type\":\"BreadcrumbList\",\"@id\":\"https:\\\/\\\/surbooke.fr\\\/wordpress\\\/2023\\\/07\\\/19\\\/un-garcon-ordinaire-joseph-danvers-editions-rivages\\\/#breadcrumb\",\"itemListElement\":[{\"@type\":\"ListItem\",\"position\":1,\"name\":\"Accueil\",\"item\":\"https:\\\/\\\/surbooke.fr\\\/wordpress\\\/\"},{\"@type\":\"ListItem\",\"position\":2,\"name\":\"Un gar\u00e7on ordinaire, Joseph d&#8217;Anvers, \u00c9ditions Rivages\"}]},{\"@type\":\"WebSite\",\"@id\":\"https:\\\/\\\/surbooke.fr\\\/wordpress\\\/#website\",\"url\":\"https:\\\/\\\/surbooke.fr\\\/wordpress\\\/\",\"name\":\"Surbook\u00e9\",\"description\":\"Le blog de Laurent Bisault\",\"potentialAction\":[{\"@type\":\"SearchAction\",\"target\":{\"@type\":\"EntryPoint\",\"urlTemplate\":\"https:\\\/\\\/surbooke.fr\\\/wordpress\\\/?s={search_term_string}\"},\"query-input\":{\"@type\":\"PropertyValueSpecification\",\"valueRequired\":true,\"valueName\":\"search_term_string\"}}],\"inLanguage\":\"fr-FR\"},{\"@type\":\"Person\",\"@id\":\"https:\\\/\\\/surbooke.fr\\\/wordpress\\\/#\\\/schema\\\/person\\\/9c6be4d35203c76182c56b0e974807c6\",\"name\":\"Laurent Bisault\",\"image\":{\"@type\":\"ImageObject\",\"inLanguage\":\"fr-FR\",\"@id\":\"https:\\\/\\\/secure.gravatar.com\\\/avatar\\\/3bcd2efdfc3a3e416bea3223d3dfcd7f8845e2ca0669671d0c7ed8e84e97bfc4?s=96&d=mm&r=g\",\"url\":\"https:\\\/\\\/secure.gravatar.com\\\/avatar\\\/3bcd2efdfc3a3e416bea3223d3dfcd7f8845e2ca0669671d0c7ed8e84e97bfc4?s=96&d=mm&r=g\",\"contentUrl\":\"https:\\\/\\\/secure.gravatar.com\\\/avatar\\\/3bcd2efdfc3a3e416bea3223d3dfcd7f8845e2ca0669671d0c7ed8e84e97bfc4?s=96&d=mm&r=g\",\"caption\":\"Laurent Bisault\"},\"sameAs\":[\"https:\\\/\\\/surbooke.fr\\\/wordpress\\\/\",\"https:\\\/\\\/x.com\\\/LaurentBisault\"],\"url\":\"https:\\\/\\\/surbooke.fr\\\/wordpress\\\/author\\\/surbooke\\\/\"}]}<\/script>\n<!-- \/ Yoast SEO plugin. -->","yoast_head_json":{"title":"Un gar\u00e7on ordinaire, Joseph d'Anvers, \u00c9ditions Rivages - Surbook\u00e9","description":"Les derniers mois de lyc\u00e9e, les copains, le premier amour. Sacr\u00e9ment \u00e9mouvant !","robots":{"index":"index","follow":"follow","max-snippet":"max-snippet:-1","max-image-preview":"max-image-preview:large","max-video-preview":"max-video-preview:-1"},"canonical":"https:\/\/surbooke.fr\/wordpress\/2023\/07\/19\/un-garcon-ordinaire-joseph-danvers-editions-rivages\/","og_locale":"fr_FR","og_type":"article","og_title":"Un gar\u00e7on ordinaire, Joseph d'Anvers, \u00c9ditions Rivages - Surbook\u00e9","og_description":"Les derniers mois de lyc\u00e9e, les copains, le premier amour. Sacr\u00e9ment \u00e9mouvant !","og_url":"https:\/\/surbooke.fr\/wordpress\/2023\/07\/19\/un-garcon-ordinaire-joseph-danvers-editions-rivages\/","og_site_name":"Surbook\u00e9","article_published_time":"2023-07-19T17:06:28+00:00","article_modified_time":"2023-07-19T17:06:32+00:00","og_image":[{"width":225,"height":225,"url":"https:\/\/surbooke.fr\/wordpress\/wp-content\/uploads\/2023\/07\/Un-garcon-ordinaire-1.jpeg","type":"image\/jpeg"}],"author":"Laurent Bisault","twitter_card":"summary_large_image","twitter_creator":"@LaurentBisault","twitter_misc":{"\u00c9crit par":"Laurent Bisault","Dur\u00e9e de lecture estim\u00e9e":"3 minutes"},"schema":{"@context":"https:\/\/schema.org","@graph":[{"@type":"Article","@id":"https:\/\/surbooke.fr\/wordpress\/2023\/07\/19\/un-garcon-ordinaire-joseph-danvers-editions-rivages\/#article","isPartOf":{"@id":"https:\/\/surbooke.fr\/wordpress\/2023\/07\/19\/un-garcon-ordinaire-joseph-danvers-editions-rivages\/"},"author":{"name":"Laurent Bisault","@id":"https:\/\/surbooke.fr\/wordpress\/#\/schema\/person\/9c6be4d35203c76182c56b0e974807c6"},"headline":"Un gar\u00e7on ordinaire, Joseph d&rsquo;Anvers, \u00c9ditions Rivages","datePublished":"2023-07-19T17:06:28+00:00","dateModified":"2023-07-19T17:06:32+00:00","mainEntityOfPage":{"@id":"https:\/\/surbooke.fr\/wordpress\/2023\/07\/19\/un-garcon-ordinaire-joseph-danvers-editions-rivages\/"},"wordCount":635,"commentCount":0,"image":{"@id":"https:\/\/surbooke.fr\/wordpress\/2023\/07\/19\/un-garcon-ordinaire-joseph-danvers-editions-rivages\/#primaryimage"},"thumbnailUrl":"https:\/\/surbooke.fr\/wordpress\/wp-content\/uploads\/2023\/07\/Un-garcon-ordinaire-1.jpeg","keywords":["Rivages"],"articleSection":["roman fran\u00e7ais \ud83c\uddeb\ud83c\uddf7","\ud83e\udd0d"],"inLanguage":"fr-FR","potentialAction":[{"@type":"CommentAction","name":"Comment","target":["https:\/\/surbooke.fr\/wordpress\/2023\/07\/19\/un-garcon-ordinaire-joseph-danvers-editions-rivages\/#respond"]}]},{"@type":"WebPage","@id":"https:\/\/surbooke.fr\/wordpress\/2023\/07\/19\/un-garcon-ordinaire-joseph-danvers-editions-rivages\/","url":"https:\/\/surbooke.fr\/wordpress\/2023\/07\/19\/un-garcon-ordinaire-joseph-danvers-editions-rivages\/","name":"Un gar\u00e7on ordinaire, Joseph d'Anvers, \u00c9ditions Rivages - Surbook\u00e9","isPartOf":{"@id":"https:\/\/surbooke.fr\/wordpress\/#website"},"primaryImageOfPage":{"@id":"https:\/\/surbooke.fr\/wordpress\/2023\/07\/19\/un-garcon-ordinaire-joseph-danvers-editions-rivages\/#primaryimage"},"image":{"@id":"https:\/\/surbooke.fr\/wordpress\/2023\/07\/19\/un-garcon-ordinaire-joseph-danvers-editions-rivages\/#primaryimage"},"thumbnailUrl":"https:\/\/surbooke.fr\/wordpress\/wp-content\/uploads\/2023\/07\/Un-garcon-ordinaire-1.jpeg","datePublished":"2023-07-19T17:06:28+00:00","dateModified":"2023-07-19T17:06:32+00:00","author":{"@id":"https:\/\/surbooke.fr\/wordpress\/#\/schema\/person\/9c6be4d35203c76182c56b0e974807c6"},"description":"Les derniers mois de lyc\u00e9e, les copains, le premier amour. Sacr\u00e9ment \u00e9mouvant !","breadcrumb":{"@id":"https:\/\/surbooke.fr\/wordpress\/2023\/07\/19\/un-garcon-ordinaire-joseph-danvers-editions-rivages\/#breadcrumb"},"inLanguage":"fr-FR","potentialAction":[{"@type":"ReadAction","target":["https:\/\/surbooke.fr\/wordpress\/2023\/07\/19\/un-garcon-ordinaire-joseph-danvers-editions-rivages\/"]}]},{"@type":"ImageObject","inLanguage":"fr-FR","@id":"https:\/\/surbooke.fr\/wordpress\/2023\/07\/19\/un-garcon-ordinaire-joseph-danvers-editions-rivages\/#primaryimage","url":"https:\/\/surbooke.fr\/wordpress\/wp-content\/uploads\/2023\/07\/Un-garcon-ordinaire-1.jpeg","contentUrl":"https:\/\/surbooke.fr\/wordpress\/wp-content\/uploads\/2023\/07\/Un-garcon-ordinaire-1.jpeg","width":225,"height":225},{"@type":"BreadcrumbList","@id":"https:\/\/surbooke.fr\/wordpress\/2023\/07\/19\/un-garcon-ordinaire-joseph-danvers-editions-rivages\/#breadcrumb","itemListElement":[{"@type":"ListItem","position":1,"name":"Accueil","item":"https:\/\/surbooke.fr\/wordpress\/"},{"@type":"ListItem","position":2,"name":"Un gar\u00e7on ordinaire, Joseph d&#8217;Anvers, \u00c9ditions Rivages"}]},{"@type":"WebSite","@id":"https:\/\/surbooke.fr\/wordpress\/#website","url":"https:\/\/surbooke.fr\/wordpress\/","name":"Surbook\u00e9","description":"Le blog de Laurent Bisault","potentialAction":[{"@type":"SearchAction","target":{"@type":"EntryPoint","urlTemplate":"https:\/\/surbooke.fr\/wordpress\/?s={search_term_string}"},"query-input":{"@type":"PropertyValueSpecification","valueRequired":true,"valueName":"search_term_string"}}],"inLanguage":"fr-FR"},{"@type":"Person","@id":"https:\/\/surbooke.fr\/wordpress\/#\/schema\/person\/9c6be4d35203c76182c56b0e974807c6","name":"Laurent Bisault","image":{"@type":"ImageObject","inLanguage":"fr-FR","@id":"https:\/\/secure.gravatar.com\/avatar\/3bcd2efdfc3a3e416bea3223d3dfcd7f8845e2ca0669671d0c7ed8e84e97bfc4?s=96&d=mm&r=g","url":"https:\/\/secure.gravatar.com\/avatar\/3bcd2efdfc3a3e416bea3223d3dfcd7f8845e2ca0669671d0c7ed8e84e97bfc4?s=96&d=mm&r=g","contentUrl":"https:\/\/secure.gravatar.com\/avatar\/3bcd2efdfc3a3e416bea3223d3dfcd7f8845e2ca0669671d0c7ed8e84e97bfc4?s=96&d=mm&r=g","caption":"Laurent Bisault"},"sameAs":["https:\/\/surbooke.fr\/wordpress\/","https:\/\/x.com\/LaurentBisault"],"url":"https:\/\/surbooke.fr\/wordpress\/author\/surbooke\/"}]}},"_links":{"self":[{"href":"https:\/\/surbooke.fr\/wordpress\/wp-json\/wp\/v2\/posts\/25876","targetHints":{"allow":["GET"]}}],"collection":[{"href":"https:\/\/surbooke.fr\/wordpress\/wp-json\/wp\/v2\/posts"}],"about":[{"href":"https:\/\/surbooke.fr\/wordpress\/wp-json\/wp\/v2\/types\/post"}],"author":[{"embeddable":true,"href":"https:\/\/surbooke.fr\/wordpress\/wp-json\/wp\/v2\/users\/8"}],"replies":[{"embeddable":true,"href":"https:\/\/surbooke.fr\/wordpress\/wp-json\/wp\/v2\/comments?post=25876"}],"version-history":[{"count":0,"href":"https:\/\/surbooke.fr\/wordpress\/wp-json\/wp\/v2\/posts\/25876\/revisions"}],"wp:featuredmedia":[{"embeddable":true,"href":"https:\/\/surbooke.fr\/wordpress\/wp-json\/wp\/v2\/media\/25879"}],"wp:attachment":[{"href":"https:\/\/surbooke.fr\/wordpress\/wp-json\/wp\/v2\/media?parent=25876"}],"wp:term":[{"taxonomy":"category","embeddable":true,"href":"https:\/\/surbooke.fr\/wordpress\/wp-json\/wp\/v2\/categories?post=25876"},{"taxonomy":"post_tag","embeddable":true,"href":"https:\/\/surbooke.fr\/wordpress\/wp-json\/wp\/v2\/tags?post=25876"}],"curies":[{"name":"wp","href":"https:\/\/api.w.org\/{rel}","templated":true}]}}