{"id":2645,"date":"2020-06-08T07:16:17","date_gmt":"2020-06-08T05:16:17","guid":{"rendered":"http:\/\/surbooke.fr\/wordpress\/?p=2645"},"modified":"2025-02-08T20:10:19","modified_gmt":"2025-02-08T19:10:19","slug":"le-pays-des-autres-leila-slimani-editions-gallimard","status":"publish","type":"post","link":"https:\/\/surbooke.fr\/wordpress\/2020\/06\/08\/le-pays-des-autres-leila-slimani-editions-gallimard\/","title":{"rendered":"Le pays des autres, Le\u00efla Slimani, \u00c9ditions Gallimard"},"content":{"rendered":"\n<p>Troisi\u00e8me roman de Le\u00efla Slimani, <em>Le pays des autres<\/em> atteste du tr\u00e8s grand talent de cette jeune femme. Elle s&rsquo;est cette fois lanc\u00e9e dans l&rsquo;\u00e9criture d&rsquo;une trilogie sur la d\u00e9colonisation du Maroc, son pays d&rsquo;origine. Une trilogie qui s&rsquo;appuie pour beaucoup sur son histoire familiale. Dans ce premier volume, Le\u00efla Slimani nous emm\u00e8ne \u00e0 Mekn\u00e8s aupr\u00e8s d&rsquo;Amine et de Mathilde, deux jeunes gens qui ne trouveront pas davantage leur place sur les terres d&rsquo;Amine qu&rsquo;ils n&rsquo;auraient pu le faire en Alsace, l\u00e0 o\u00f9 ils s&rsquo;\u00e9taient connus \u00e0 la fin de la seconde guerre mondiale. C&rsquo;est en lib\u00e9rateur de la France, qu&rsquo;Amine fit son entr\u00e9e dans la vie de Mathilde. Engag\u00e9 volontaire au service d&rsquo;un pays dont il respectait les valeurs. Un pays qui l&rsquo;avait une premi\u00e8re fois mobilis\u00e9 en 1940 pour r\u00e9sister aux Nazis. Ce qui valut \u00e0 Amine d&rsquo;\u00eatre fait prisonnier, puis d&rsquo;\u00eatre emmen\u00e9 dans un camp en Allemagne d&rsquo;o\u00f9 il s&rsquo;\u00e9vada. Il retourna ensuite combattre comme engag\u00e9 volontaire, lib\u00e9ra Mulhouse et \u00e9pousa Mathilde, cette Alsacienne \u00e0 qui la guerre avait vol\u00e9 sa jeunesse. Leur installation au Maroc se fit dans la douleur, car \u00e0 Mekn\u00e8s Amine n&rsquo;\u00e9tait plus le soldat f\u00eat\u00e9 en Alsace, mais un Arabe qui s&rsquo;\u00e9tait en plus mari\u00e9 avec une Fran\u00e7aise. Rien n&rsquo;\u00e9tait simple pour eux. Ni la culture des terres st\u00e9riles, qu&rsquo;Amine ne parvient pas \u00e0 rentabiliser. Ni leurs rapports avec une partie de sa famille, comme son fr\u00e8re qui ne peut admettre qu&rsquo;Amine ne soutienne pas les projets d&rsquo;ind\u00e9pendance des Marocains. Ni la vie aux c\u00f4t\u00e9s de colons fran\u00e7ais pour lesquels Amine restera toujours un Arabe.<\/p>\n\n\n\n<blockquote class=\"wp-block-quote has-text-align-center is-style-large is-layout-flow wp-block-quote-is-layout-flow\">\n<p>La beaut\u00e9 du livre vient des contradictions des personnages, comme de la pr\u00e9sence de ceux qui tentent de briser les conventions<\/p>\n<\/blockquote>\n\n\n\n<p> Les rapports d&rsquo;Amine et de Mathilde illustrent cette double appartenance communautaire. Si Amine avait pu boire de l&rsquo;alcool et manger du porc en Alsace, il d\u00e9nie le plus souvent \u00e0 Mathilde le droit de donner son avis sur la vie de l&rsquo;exploitation agricole, et la remet en place si n\u00e9cessaire en la battant. Leur fille A\u00efcha \u00e9tudie pourtant chez les s\u0153urs, car sa m\u00e8re tient absolument \u00e0 ce qu&rsquo;elle acc\u00e8de \u00e0 l&rsquo;\u00e9ducation. A\u00efcha s&rsquo;en sort parfaitement puisqu&rsquo;elle a les meilleures notes de sa classe, ce qui n&rsquo;am\u00e9liore pas ses rapports avec les autres \u00e9l\u00e8ves toutes fran\u00e7aises de souche. Entre le racisme colonial et des Marocains qui n&rsquo;accordent aucun droit aux femmes, et qui emploient parfois d&rsquo;anciennes esclaves, il est d\u00e9cid\u00e9ment bien difficile de vivre \u00e0 Mekn\u00e8s dans les ann\u00e9es cinquante. Amine en souffre quand on le prend pour le chauffeur de Mathilde ou quand il ne parvient pas \u00e0 obtenir un cr\u00e9dit bancaire. Mais il perp\u00e9tue la tradition quand il s&rsquo;agit de l&rsquo;avenir de sa jeune s\u0153ur Selma. La beaut\u00e9 du livre vient des contradictions des personnages, comme de la pr\u00e9sence de ceux qui tentent de briser les conventions. Les enseignantes catholiques d&rsquo;A\u00efcha qui informent ses parents de ses immenses facilit\u00e9s \u00e0 l&rsquo;\u00e9cole. Ou Dragan Palosi, ce gyn\u00e9cologue hongrois qui fait affaire avec Amine dans la culture des fruits, tout en facilitant l&rsquo;installation du dispensaire de Mathilde. Parce que le roman est d&rsquo;abord l&rsquo;histoire de sa grand-m\u00e8re et de sa m\u00e8re, Le\u00efla Slimani accorde une grande place \u00e0 Mathilde et \u00e0 A\u00efcha, mais aussi \u00e0 Selma. On a h\u00e2te de les retrouver dans la suite du roman.<\/p>\n","protected":false},"excerpt":{"rendered":"<p>Troisi\u00e8me roman de Le\u00efla Slimani, Le pays des autres atteste du tr\u00e8s grand talent de cette jeune femme. Elle s&rsquo;est cette fois lanc\u00e9e dans l&rsquo;\u00e9criture d&rsquo;une trilogie sur la d\u00e9colonisation du Maroc, son pays d&rsquo;origine. Une trilogie qui s&rsquo;appuie pour beaucoup sur son histoire familiale. Dans ce premier volume, Le\u00efla Slimani nous emm\u00e8ne \u00e0 Mekn\u00e8s [&hellip;]<\/p>\n","protected":false},"author":8,"featured_media":18620,"comment_status":"open","ping_status":"open","sticky":false,"template":"","format":"standard","meta":{"footnotes":""},"categories":[15,206,3],"tags":[27],"class_list":["post-2645","post","type-post","status-publish","format-standard","has-post-thumbnail","hentry","category-roman-francais","category-roman-marocain-","category-coup-de-coeur","tag-gallimard"],"yoast_head":"<!-- This site is optimized with the Yoast SEO plugin v27.5 - https:\/\/yoast.com\/product\/yoast-seo-wordpress\/ -->\n<title>Le pays des autres, Le\u00efla Slimani, \u00c9ditions Gallimard - Surbook\u00e9<\/title>\n<meta name=\"robots\" content=\"index, follow, max-snippet:-1, max-image-preview:large, max-video-preview:-1\" \/>\n<link rel=\"canonical\" href=\"https:\/\/surbooke.fr\/wordpress\/2020\/06\/08\/le-pays-des-autres-leila-slimani-editions-gallimard\/\" \/>\n<meta property=\"og:locale\" content=\"fr_FR\" \/>\n<meta property=\"og:type\" content=\"article\" \/>\n<meta property=\"og:title\" content=\"Le pays des autres, Le\u00efla Slimani, \u00c9ditions Gallimard - Surbook\u00e9\" \/>\n<meta property=\"og:description\" content=\"Troisi\u00e8me roman de Le\u00efla Slimani, Le pays des autres atteste du tr\u00e8s grand talent de cette jeune femme. Elle s&rsquo;est cette fois lanc\u00e9e dans l&rsquo;\u00e9criture d&rsquo;une trilogie sur la d\u00e9colonisation du Maroc, son pays d&rsquo;origine. Une trilogie qui s&rsquo;appuie pour beaucoup sur son histoire familiale. Dans ce premier volume, Le\u00efla Slimani nous emm\u00e8ne \u00e0 Mekn\u00e8s [&hellip;]\" \/>\n<meta property=\"og:url\" content=\"https:\/\/surbooke.fr\/wordpress\/2020\/06\/08\/le-pays-des-autres-leila-slimani-editions-gallimard\/\" \/>\n<meta property=\"og:site_name\" content=\"Surbook\u00e9\" \/>\n<meta property=\"article:published_time\" content=\"2020-06-08T05:16:17+00:00\" \/>\n<meta property=\"article:modified_time\" content=\"2025-02-08T19:10:19+00:00\" \/>\n<meta property=\"og:image\" content=\"https:\/\/surbooke.fr\/wordpress\/wp-content\/uploads\/2020\/06\/Le-pays-des-autres-1.jpg\" \/>\n\t<meta property=\"og:image:width\" content=\"250\" \/>\n\t<meta property=\"og:image:height\" content=\"363\" \/>\n\t<meta property=\"og:image:type\" content=\"image\/jpeg\" \/>\n<meta name=\"author\" content=\"Laurent Bisault\" \/>\n<meta name=\"twitter:card\" content=\"summary_large_image\" \/>\n<meta name=\"twitter:creator\" content=\"@LaurentBisault\" \/>\n<meta name=\"twitter:label1\" content=\"\u00c9crit par\" \/>\n\t<meta name=\"twitter:data1\" content=\"Laurent Bisault\" \/>\n\t<meta name=\"twitter:label2\" content=\"Dur\u00e9e de lecture estim\u00e9e\" \/>\n\t<meta name=\"twitter:data2\" content=\"3 minutes\" \/>\n<script type=\"application\/ld+json\" class=\"yoast-schema-graph\">{\"@context\":\"https:\\\/\\\/schema.org\",\"@graph\":[{\"@type\":\"Article\",\"@id\":\"https:\\\/\\\/surbooke.fr\\\/wordpress\\\/2020\\\/06\\\/08\\\/le-pays-des-autres-leila-slimani-editions-gallimard\\\/#article\",\"isPartOf\":{\"@id\":\"https:\\\/\\\/surbooke.fr\\\/wordpress\\\/2020\\\/06\\\/08\\\/le-pays-des-autres-leila-slimani-editions-gallimard\\\/\"},\"author\":{\"name\":\"Laurent Bisault\",\"@id\":\"https:\\\/\\\/surbooke.fr\\\/wordpress\\\/#\\\/schema\\\/person\\\/9c6be4d35203c76182c56b0e974807c6\"},\"headline\":\"Le pays des autres, Le\u00efla Slimani, \u00c9ditions Gallimard\",\"datePublished\":\"2020-06-08T05:16:17+00:00\",\"dateModified\":\"2025-02-08T19:10:19+00:00\",\"mainEntityOfPage\":{\"@id\":\"https:\\\/\\\/surbooke.fr\\\/wordpress\\\/2020\\\/06\\\/08\\\/le-pays-des-autres-leila-slimani-editions-gallimard\\\/\"},\"wordCount\":635,\"commentCount\":0,\"image\":{\"@id\":\"https:\\\/\\\/surbooke.fr\\\/wordpress\\\/2020\\\/06\\\/08\\\/le-pays-des-autres-leila-slimani-editions-gallimard\\\/#primaryimage\"},\"thumbnailUrl\":\"https:\\\/\\\/surbooke.fr\\\/wordpress\\\/wp-content\\\/uploads\\\/2020\\\/06\\\/Le-pays-des-autres-1.jpg\",\"keywords\":[\"Gallimard\"],\"articleSection\":[\"roman fran\u00e7ais \ud83c\uddeb\ud83c\uddf7\",\"roman marocain \ud83c\uddf2\ud83c\udde6\",\"\ud83e\udd0d\"],\"inLanguage\":\"fr-FR\",\"potentialAction\":[{\"@type\":\"CommentAction\",\"name\":\"Comment\",\"target\":[\"https:\\\/\\\/surbooke.fr\\\/wordpress\\\/2020\\\/06\\\/08\\\/le-pays-des-autres-leila-slimani-editions-gallimard\\\/#respond\"]}]},{\"@type\":\"WebPage\",\"@id\":\"https:\\\/\\\/surbooke.fr\\\/wordpress\\\/2020\\\/06\\\/08\\\/le-pays-des-autres-leila-slimani-editions-gallimard\\\/\",\"url\":\"https:\\\/\\\/surbooke.fr\\\/wordpress\\\/2020\\\/06\\\/08\\\/le-pays-des-autres-leila-slimani-editions-gallimard\\\/\",\"name\":\"Le pays des autres, Le\u00efla Slimani, \u00c9ditions Gallimard - Surbook\u00e9\",\"isPartOf\":{\"@id\":\"https:\\\/\\\/surbooke.fr\\\/wordpress\\\/#website\"},\"primaryImageOfPage\":{\"@id\":\"https:\\\/\\\/surbooke.fr\\\/wordpress\\\/2020\\\/06\\\/08\\\/le-pays-des-autres-leila-slimani-editions-gallimard\\\/#primaryimage\"},\"image\":{\"@id\":\"https:\\\/\\\/surbooke.fr\\\/wordpress\\\/2020\\\/06\\\/08\\\/le-pays-des-autres-leila-slimani-editions-gallimard\\\/#primaryimage\"},\"thumbnailUrl\":\"https:\\\/\\\/surbooke.fr\\\/wordpress\\\/wp-content\\\/uploads\\\/2020\\\/06\\\/Le-pays-des-autres-1.jpg\",\"datePublished\":\"2020-06-08T05:16:17+00:00\",\"dateModified\":\"2025-02-08T19:10:19+00:00\",\"author\":{\"@id\":\"https:\\\/\\\/surbooke.fr\\\/wordpress\\\/#\\\/schema\\\/person\\\/9c6be4d35203c76182c56b0e974807c6\"},\"breadcrumb\":{\"@id\":\"https:\\\/\\\/surbooke.fr\\\/wordpress\\\/2020\\\/06\\\/08\\\/le-pays-des-autres-leila-slimani-editions-gallimard\\\/#breadcrumb\"},\"inLanguage\":\"fr-FR\",\"potentialAction\":[{\"@type\":\"ReadAction\",\"target\":[\"https:\\\/\\\/surbooke.fr\\\/wordpress\\\/2020\\\/06\\\/08\\\/le-pays-des-autres-leila-slimani-editions-gallimard\\\/\"]}]},{\"@type\":\"ImageObject\",\"inLanguage\":\"fr-FR\",\"@id\":\"https:\\\/\\\/surbooke.fr\\\/wordpress\\\/2020\\\/06\\\/08\\\/le-pays-des-autres-leila-slimani-editions-gallimard\\\/#primaryimage\",\"url\":\"https:\\\/\\\/surbooke.fr\\\/wordpress\\\/wp-content\\\/uploads\\\/2020\\\/06\\\/Le-pays-des-autres-1.jpg\",\"contentUrl\":\"https:\\\/\\\/surbooke.fr\\\/wordpress\\\/wp-content\\\/uploads\\\/2020\\\/06\\\/Le-pays-des-autres-1.jpg\",\"width\":250,\"height\":363},{\"@type\":\"BreadcrumbList\",\"@id\":\"https:\\\/\\\/surbooke.fr\\\/wordpress\\\/2020\\\/06\\\/08\\\/le-pays-des-autres-leila-slimani-editions-gallimard\\\/#breadcrumb\",\"itemListElement\":[{\"@type\":\"ListItem\",\"position\":1,\"name\":\"Accueil\",\"item\":\"https:\\\/\\\/surbooke.fr\\\/wordpress\\\/\"},{\"@type\":\"ListItem\",\"position\":2,\"name\":\"Le pays des autres, Le\u00efla Slimani, \u00c9ditions Gallimard\"}]},{\"@type\":\"WebSite\",\"@id\":\"https:\\\/\\\/surbooke.fr\\\/wordpress\\\/#website\",\"url\":\"https:\\\/\\\/surbooke.fr\\\/wordpress\\\/\",\"name\":\"Surbook\u00e9\",\"description\":\"Le blog de Laurent Bisault\",\"potentialAction\":[{\"@type\":\"SearchAction\",\"target\":{\"@type\":\"EntryPoint\",\"urlTemplate\":\"https:\\\/\\\/surbooke.fr\\\/wordpress\\\/?s={search_term_string}\"},\"query-input\":{\"@type\":\"PropertyValueSpecification\",\"valueRequired\":true,\"valueName\":\"search_term_string\"}}],\"inLanguage\":\"fr-FR\"},{\"@type\":\"Person\",\"@id\":\"https:\\\/\\\/surbooke.fr\\\/wordpress\\\/#\\\/schema\\\/person\\\/9c6be4d35203c76182c56b0e974807c6\",\"name\":\"Laurent Bisault\",\"image\":{\"@type\":\"ImageObject\",\"inLanguage\":\"fr-FR\",\"@id\":\"https:\\\/\\\/secure.gravatar.com\\\/avatar\\\/3bcd2efdfc3a3e416bea3223d3dfcd7f8845e2ca0669671d0c7ed8e84e97bfc4?s=96&d=mm&r=g\",\"url\":\"https:\\\/\\\/secure.gravatar.com\\\/avatar\\\/3bcd2efdfc3a3e416bea3223d3dfcd7f8845e2ca0669671d0c7ed8e84e97bfc4?s=96&d=mm&r=g\",\"contentUrl\":\"https:\\\/\\\/secure.gravatar.com\\\/avatar\\\/3bcd2efdfc3a3e416bea3223d3dfcd7f8845e2ca0669671d0c7ed8e84e97bfc4?s=96&d=mm&r=g\",\"caption\":\"Laurent Bisault\"},\"sameAs\":[\"https:\\\/\\\/surbooke.fr\\\/wordpress\\\/\",\"https:\\\/\\\/x.com\\\/LaurentBisault\"],\"url\":\"https:\\\/\\\/surbooke.fr\\\/wordpress\\\/author\\\/surbooke\\\/\"}]}<\/script>\n<!-- \/ Yoast SEO plugin. -->","yoast_head_json":{"title":"Le pays des autres, Le\u00efla Slimani, \u00c9ditions Gallimard - Surbook\u00e9","robots":{"index":"index","follow":"follow","max-snippet":"max-snippet:-1","max-image-preview":"max-image-preview:large","max-video-preview":"max-video-preview:-1"},"canonical":"https:\/\/surbooke.fr\/wordpress\/2020\/06\/08\/le-pays-des-autres-leila-slimani-editions-gallimard\/","og_locale":"fr_FR","og_type":"article","og_title":"Le pays des autres, Le\u00efla Slimani, \u00c9ditions Gallimard - Surbook\u00e9","og_description":"Troisi\u00e8me roman de Le\u00efla Slimani, Le pays des autres atteste du tr\u00e8s grand talent de cette jeune femme. Elle s&rsquo;est cette fois lanc\u00e9e dans l&rsquo;\u00e9criture d&rsquo;une trilogie sur la d\u00e9colonisation du Maroc, son pays d&rsquo;origine. Une trilogie qui s&rsquo;appuie pour beaucoup sur son histoire familiale. Dans ce premier volume, Le\u00efla Slimani nous emm\u00e8ne \u00e0 Mekn\u00e8s [&hellip;]","og_url":"https:\/\/surbooke.fr\/wordpress\/2020\/06\/08\/le-pays-des-autres-leila-slimani-editions-gallimard\/","og_site_name":"Surbook\u00e9","article_published_time":"2020-06-08T05:16:17+00:00","article_modified_time":"2025-02-08T19:10:19+00:00","og_image":[{"width":250,"height":363,"url":"https:\/\/surbooke.fr\/wordpress\/wp-content\/uploads\/2020\/06\/Le-pays-des-autres-1.jpg","type":"image\/jpeg"}],"author":"Laurent Bisault","twitter_card":"summary_large_image","twitter_creator":"@LaurentBisault","twitter_misc":{"\u00c9crit par":"Laurent Bisault","Dur\u00e9e de lecture estim\u00e9e":"3 minutes"},"schema":{"@context":"https:\/\/schema.org","@graph":[{"@type":"Article","@id":"https:\/\/surbooke.fr\/wordpress\/2020\/06\/08\/le-pays-des-autres-leila-slimani-editions-gallimard\/#article","isPartOf":{"@id":"https:\/\/surbooke.fr\/wordpress\/2020\/06\/08\/le-pays-des-autres-leila-slimani-editions-gallimard\/"},"author":{"name":"Laurent Bisault","@id":"https:\/\/surbooke.fr\/wordpress\/#\/schema\/person\/9c6be4d35203c76182c56b0e974807c6"},"headline":"Le pays des autres, Le\u00efla Slimani, \u00c9ditions Gallimard","datePublished":"2020-06-08T05:16:17+00:00","dateModified":"2025-02-08T19:10:19+00:00","mainEntityOfPage":{"@id":"https:\/\/surbooke.fr\/wordpress\/2020\/06\/08\/le-pays-des-autres-leila-slimani-editions-gallimard\/"},"wordCount":635,"commentCount":0,"image":{"@id":"https:\/\/surbooke.fr\/wordpress\/2020\/06\/08\/le-pays-des-autres-leila-slimani-editions-gallimard\/#primaryimage"},"thumbnailUrl":"https:\/\/surbooke.fr\/wordpress\/wp-content\/uploads\/2020\/06\/Le-pays-des-autres-1.jpg","keywords":["Gallimard"],"articleSection":["roman fran\u00e7ais \ud83c\uddeb\ud83c\uddf7","roman marocain \ud83c\uddf2\ud83c\udde6","\ud83e\udd0d"],"inLanguage":"fr-FR","potentialAction":[{"@type":"CommentAction","name":"Comment","target":["https:\/\/surbooke.fr\/wordpress\/2020\/06\/08\/le-pays-des-autres-leila-slimani-editions-gallimard\/#respond"]}]},{"@type":"WebPage","@id":"https:\/\/surbooke.fr\/wordpress\/2020\/06\/08\/le-pays-des-autres-leila-slimani-editions-gallimard\/","url":"https:\/\/surbooke.fr\/wordpress\/2020\/06\/08\/le-pays-des-autres-leila-slimani-editions-gallimard\/","name":"Le pays des autres, Le\u00efla Slimani, \u00c9ditions Gallimard - Surbook\u00e9","isPartOf":{"@id":"https:\/\/surbooke.fr\/wordpress\/#website"},"primaryImageOfPage":{"@id":"https:\/\/surbooke.fr\/wordpress\/2020\/06\/08\/le-pays-des-autres-leila-slimani-editions-gallimard\/#primaryimage"},"image":{"@id":"https:\/\/surbooke.fr\/wordpress\/2020\/06\/08\/le-pays-des-autres-leila-slimani-editions-gallimard\/#primaryimage"},"thumbnailUrl":"https:\/\/surbooke.fr\/wordpress\/wp-content\/uploads\/2020\/06\/Le-pays-des-autres-1.jpg","datePublished":"2020-06-08T05:16:17+00:00","dateModified":"2025-02-08T19:10:19+00:00","author":{"@id":"https:\/\/surbooke.fr\/wordpress\/#\/schema\/person\/9c6be4d35203c76182c56b0e974807c6"},"breadcrumb":{"@id":"https:\/\/surbooke.fr\/wordpress\/2020\/06\/08\/le-pays-des-autres-leila-slimani-editions-gallimard\/#breadcrumb"},"inLanguage":"fr-FR","potentialAction":[{"@type":"ReadAction","target":["https:\/\/surbooke.fr\/wordpress\/2020\/06\/08\/le-pays-des-autres-leila-slimani-editions-gallimard\/"]}]},{"@type":"ImageObject","inLanguage":"fr-FR","@id":"https:\/\/surbooke.fr\/wordpress\/2020\/06\/08\/le-pays-des-autres-leila-slimani-editions-gallimard\/#primaryimage","url":"https:\/\/surbooke.fr\/wordpress\/wp-content\/uploads\/2020\/06\/Le-pays-des-autres-1.jpg","contentUrl":"https:\/\/surbooke.fr\/wordpress\/wp-content\/uploads\/2020\/06\/Le-pays-des-autres-1.jpg","width":250,"height":363},{"@type":"BreadcrumbList","@id":"https:\/\/surbooke.fr\/wordpress\/2020\/06\/08\/le-pays-des-autres-leila-slimani-editions-gallimard\/#breadcrumb","itemListElement":[{"@type":"ListItem","position":1,"name":"Accueil","item":"https:\/\/surbooke.fr\/wordpress\/"},{"@type":"ListItem","position":2,"name":"Le pays des autres, Le\u00efla Slimani, \u00c9ditions Gallimard"}]},{"@type":"WebSite","@id":"https:\/\/surbooke.fr\/wordpress\/#website","url":"https:\/\/surbooke.fr\/wordpress\/","name":"Surbook\u00e9","description":"Le blog de Laurent Bisault","potentialAction":[{"@type":"SearchAction","target":{"@type":"EntryPoint","urlTemplate":"https:\/\/surbooke.fr\/wordpress\/?s={search_term_string}"},"query-input":{"@type":"PropertyValueSpecification","valueRequired":true,"valueName":"search_term_string"}}],"inLanguage":"fr-FR"},{"@type":"Person","@id":"https:\/\/surbooke.fr\/wordpress\/#\/schema\/person\/9c6be4d35203c76182c56b0e974807c6","name":"Laurent Bisault","image":{"@type":"ImageObject","inLanguage":"fr-FR","@id":"https:\/\/secure.gravatar.com\/avatar\/3bcd2efdfc3a3e416bea3223d3dfcd7f8845e2ca0669671d0c7ed8e84e97bfc4?s=96&d=mm&r=g","url":"https:\/\/secure.gravatar.com\/avatar\/3bcd2efdfc3a3e416bea3223d3dfcd7f8845e2ca0669671d0c7ed8e84e97bfc4?s=96&d=mm&r=g","contentUrl":"https:\/\/secure.gravatar.com\/avatar\/3bcd2efdfc3a3e416bea3223d3dfcd7f8845e2ca0669671d0c7ed8e84e97bfc4?s=96&d=mm&r=g","caption":"Laurent Bisault"},"sameAs":["https:\/\/surbooke.fr\/wordpress\/","https:\/\/x.com\/LaurentBisault"],"url":"https:\/\/surbooke.fr\/wordpress\/author\/surbooke\/"}]}},"_links":{"self":[{"href":"https:\/\/surbooke.fr\/wordpress\/wp-json\/wp\/v2\/posts\/2645","targetHints":{"allow":["GET"]}}],"collection":[{"href":"https:\/\/surbooke.fr\/wordpress\/wp-json\/wp\/v2\/posts"}],"about":[{"href":"https:\/\/surbooke.fr\/wordpress\/wp-json\/wp\/v2\/types\/post"}],"author":[{"embeddable":true,"href":"https:\/\/surbooke.fr\/wordpress\/wp-json\/wp\/v2\/users\/8"}],"replies":[{"embeddable":true,"href":"https:\/\/surbooke.fr\/wordpress\/wp-json\/wp\/v2\/comments?post=2645"}],"version-history":[{"count":0,"href":"https:\/\/surbooke.fr\/wordpress\/wp-json\/wp\/v2\/posts\/2645\/revisions"}],"wp:featuredmedia":[{"embeddable":true,"href":"https:\/\/surbooke.fr\/wordpress\/wp-json\/wp\/v2\/media\/18620"}],"wp:attachment":[{"href":"https:\/\/surbooke.fr\/wordpress\/wp-json\/wp\/v2\/media?parent=2645"}],"wp:term":[{"taxonomy":"category","embeddable":true,"href":"https:\/\/surbooke.fr\/wordpress\/wp-json\/wp\/v2\/categories?post=2645"},{"taxonomy":"post_tag","embeddable":true,"href":"https:\/\/surbooke.fr\/wordpress\/wp-json\/wp\/v2\/tags?post=2645"}],"curies":[{"name":"wp","href":"https:\/\/api.w.org\/{rel}","templated":true}]}}