{"id":29552,"date":"2024-05-26T15:00:47","date_gmt":"2024-05-26T13:00:47","guid":{"rendered":"https:\/\/surbooke.fr\/wordpress\/?p=29552"},"modified":"2024-05-27T09:34:13","modified_gmt":"2024-05-27T07:34:13","slug":"histoire-politique-de-lantisemitisme-en-france-editions-robert-laffont","status":"publish","type":"post","link":"https:\/\/surbooke.fr\/wordpress\/2024\/05\/26\/histoire-politique-de-lantisemitisme-en-france-editions-robert-laffont\/","title":{"rendered":"Histoire politique de l&rsquo;antis\u00e9mitisme en France, \u00c9ditions Robert Laffont"},"content":{"rendered":"\n<p><strong>Impossible de le nier<\/strong>. La question de l&rsquo;antis\u00e9mitisme est, non seulement omnipr\u00e9sente dans l&rsquo;actualit\u00e9 depuis les massacres commis par le Hamas le 07 octobre 2023, mais aussi particuli\u00e8rement \u00e9ruptive. M\u00eame si les statistiques du minist\u00e8re de l&rsquo;Int\u00e9rieur pr\u00eatent \u00e0 discussion, le nombre d&rsquo;actes antis\u00e9mites a augment\u00e9 depuis quelques mois. Ils font suite \u00e0 une longue s\u00e9rie d&rsquo;\u00e9v\u00e9nements tristement c\u00e9l\u00e8bres qui, de l&rsquo;\u00e9cole Ozar-Hatorah de Toulouse en 2012 \u00e0 la prise d\u2019otages de l\u2019Hyper Cacher de Paris en 2015, ont marqu\u00e9 l&rsquo;histoire fran\u00e7aise. Mais ce qui est nouveau c&rsquo;est qu&rsquo;il ne semble plus possible d&rsquo;\u00e9voquer la politique isra\u00e9lienne sans \u00eatre accus\u00e9 d&rsquo;antis\u00e9mitisme. Comme si on ne pouvait s&rsquo;indigner \u00e0 la fois des crimes du Hamas et de ceux de Tsahal \u00e0 Gaza. L&rsquo;un des int\u00e9r\u00eats de <em>L&rsquo;Histoire politique de l&rsquo;antis\u00e9mitisme en France<\/em> [de 1967 \u00e0 nos jours] est de lancer le d\u00e9bat sur l&rsquo;\u00e9quivalence de l&rsquo;antis\u00e9mitisme et de l&rsquo;antisionisme. L&rsquo;autre est de rappeler les relations qu&rsquo;ont entretenues les principaux partis politiques fran\u00e7ais depuis une cinquantaine d&rsquo;ann\u00e9es avec l&rsquo;antis\u00e9mitisme, ce qui montre que ce fl\u00e9au ne vient pas sp\u00e9cialement du c\u00f4t\u00e9 si souvent d\u00e9nonc\u00e9. On revisitera ainsi avec int\u00e9r\u00eat le pass\u00e9 collaborationniste du Rassemblement national dont il reste plus que des traces. On constatera la volont\u00e9 de Reconqu\u00eate ! de r\u00e9\u00e9crire l&rsquo;histoire de la d\u00e9portation, et certains d\u00e9couvriront combien les rapports entre les partis de droite et la communaut\u00e9 juive ont \u00e9t\u00e9 conflictuels. \u00c0 gauche c&rsquo;est surtout le parti communiste qui se compromit avec son antis\u00e9mitisme, mais surtout par alignement sur l&rsquo;URSS. On n&rsquo;est pas oblig\u00e9 d&rsquo;\u00eatre d&rsquo;accord avec l&rsquo;ensemble de l&rsquo;ouvrage et je ne le suis pas. Mais la lecture du livre permettra peut-\u00eatre \u00e0 certains de consid\u00e9rer que des humoristes ont le droit de parler d&rsquo; \u00ab <em>une sorte de nazi sans pr\u00e9puce<\/em> \u00bb \u00e0 propos de celui qui est accus\u00e9 de crimes de guerre et de crimes contre humanit\u00e9 par le procureur de la Cour p\u00e9nale internationale (CPI). Ou plus important qu&rsquo;il n&rsquo;est pas acceptable que le Premier ministre isra\u00e9lien accuse d&rsquo;antis\u00e9mitisme la CPI pour continuer ses massacres. Parce que la responsabilit\u00e9 morale que nous portons tous de ne pas avoir emp\u00each\u00e9 la <em>Shoah<\/em> n&rsquo;autorise pas \u00e0 tout faire. Il faudra de toute fa\u00e7on que ceux qui gouvernent Isra\u00ebl comprennent qu&rsquo;agir comme des bouchers, mine l&rsquo;immense attachement que nous sommes nombreux \u00e0 avoir pour ce pays. Quant au Hamas je n&rsquo;en attends rien. Je souhaite uniquement que les habitants de Gaza sortent de l&rsquo;horreur qui est actuellement la leur.<\/p>\n\n\n\n<blockquote class=\"wp-block-quote is-layout-flow wp-block-quote-is-layout-flow\">\n<p class=\"has-medium-font-size\">La cr\u00e9ation de l\u2019\u00c9tat d\u2019Isra\u00ebl en 1948 a profond\u00e9ment chang\u00e9 la signification de l\u2019antisionisme&nbsp;<\/p>\n<\/blockquote>\n\n\n\n<p>L&rsquo;antis\u00e9mitisme on voit de quoi il s&rsquo;agit m\u00eame si ses composantes ont vari\u00e9 au cours du temps (<strong><em><a href=\"https:\/\/surbooke.fr\/wordpress\/2023\/11\/05\/hommage-a-joseph-bialot\/\" target=\"_blank\" rel=\"noreferrer noopener\">ici<\/a><\/em><\/strong>). Pour le sionisme c&rsquo;est plus compliqu\u00e9, car il n&rsquo;y a pas de d\u00e9finition officielle, l&rsquo;antisionisme n&rsquo;\u00e9tant contrairement \u00e0 l&rsquo;antis\u00e9mitisme pas interdit par la loi. Le sionisme est une doctrine apparue au XIXe si\u00e8cle quand devant les innombrables pogroms commis dans l&rsquo;Empire russe, le journaliste juif austro-hongrois Theodor Herzl avan\u00e7a l&rsquo;id\u00e9e que seule la cr\u00e9ation d&rsquo;un \u00c9tat qui leur serait propre permettrait la survie des Juifs. Selon la terminologie de l&rsquo;\u00e9poque c&rsquo;est en Palestine, sur les anciens territoires des royaumes bibliques de Jud\u00e9e et d&rsquo;Isra\u00ebl, qu&rsquo;il convenait de le faire. Cet objectif a \u00e9t\u00e9 loin de faire l&rsquo;unanimit\u00e9 y compris au sein des communaut\u00e9s juives. S&rsquo;y sont oppos\u00e9s les Juifs europ\u00e9ens proches des mouvements socialistes qui pensaient que l&rsquo;antis\u00e9mitisme dispara\u00eetrait avec la r\u00e9volution prol\u00e9tarienne. Il en a \u00e9t\u00e9 de m\u00eame de ceux qui, en Europe comme aux \u00c9tats-Unis, estimaient que la d\u00e9mocratie r\u00e9sorberait la haine des Juifs. Et \u00e9galement des Juifs les plus religieux qui consid\u00e9raient comme h\u00e9r\u00e9tique la cr\u00e9ation d&rsquo;un \u00c9tat juif sur la terre d&rsquo;Isra\u00ebl sans intervention divine. La cr\u00e9ation de ce mouvement sioniste a suscit\u00e9 des vagues contraires dont la plus c\u00e9l\u00e8bre est sans doute la diffusion des <em>Protocoles<\/em> <em>des<\/em> <em>sages<\/em> <em>de<\/em> <em>Sion<\/em> qui pr\u00e9tendait lutter contre la \u00ab <em>domination<\/em> <em>universelle<\/em> \u00bb des Juifs. La cr\u00e9ation de l&rsquo;\u00c9tat d&rsquo;Isra\u00ebl en 1948 a profond\u00e9ment chang\u00e9 la signification de l&rsquo;antisionisme qui pour beaucoup revenait d\u00e9sormais \u00e0 \u00eatre favorable \u00e0 sa disparition. C&rsquo;\u00e9tait le cas du Fatah de Yasser Arafat et du bloc sovi\u00e9tique sous et apr\u00e8s Staline. D\u00e8s lors nombreux \u00e9taient ceux qui assimilaient antisionisme et antis\u00e9mitisme. Ce que le philosophe Vladimir Jank\u00e9l\u00e9vitch avait explicit\u00e9 en disant que \u00ab <em>L\u2019antisionisme est l\u2019antis\u00e9mitisme justifi\u00e9, mis enfin \u00e0 la port\u00e9e de tous. Il est la permission d\u2019\u00eatre d\u00e9mocratiquement antis\u00e9mite<\/em> <em>.<\/em>\u00bb. \u00c7a n&rsquo;est pourtant qu&rsquo;en partie vrai. Avec les guerres des Six Jours et du Kippour, l&rsquo;intervention au Liban et ses massacres, s&rsquo;est aussi pos\u00e9e la question de la conqu\u00eate de nouveaux territoires par Isra\u00ebl. S&rsquo;y r\u00e9f\u00e9rer ne signifie pas pour autant remettre en cause l&rsquo;existence de ce pays. C&rsquo;est ainsi que L\u2019Alliance internationale pour la m\u00e9moire de l\u2019Holocauste (Ihra) a pr\u00e9cis\u00e9 que \u00ab&nbsp;<em>l\u2019antis\u00e9mitisme peut se manifester par des attaques \u00e0 l\u2019encontre de l\u2019\u00c9tat d\u2019Isra\u00ebl lorsqu\u2019il est per\u00e7u comme une collectivit\u00e9 juive&nbsp;<\/em>\u00bb. Mais que \u00ab&nbsp;<em>critiquer Isra\u00ebl comme on critiquerait tout autre \u00c9tat ne peut pas \u00eatre consid\u00e9r\u00e9 comme de l\u2019antis\u00e9mitisme<\/em>&nbsp;\u00bb. L&rsquo;Ihra est une organisation intergouvernementale \u00e0 laquelle ont adh\u00e9r\u00e9 trente-quatre \u00c9tats principalement europ\u00e9ens. Elie Wiesel en a \u00e9t\u00e9 pr\u00e9sident honoraire et l&rsquo;universitaire isra\u00e9lien Yehuda Bauer en est le conseiller scientifique.<\/p>\n\n\n\n<blockquote class=\"wp-block-quote is-layout-flow wp-block-quote-is-layout-flow\">\n<p class=\"has-medium-font-size\">Le FN est alors le seul parti \u00e0 demander l\u2019abolition de la loi Gayssot sur le n\u00e9gationnisme<\/p>\n<\/blockquote>\n\n\n\n<p>L&rsquo;histoire du Front national (FN) est truff\u00e9e de collusions avec des anciens de la collaboration et d&rsquo;anciens SS. En 1970 lors du premier congr\u00e8s du FN des militants accueillent des d\u00e9l\u00e9gu\u00e9s italiens en tendant le bras comme les fascistes italiens. Le responsable de la communication du parti est alors Fran\u00e7ois Duprat qui n&rsquo;h\u00e9site pas \u00e0 parler des tares physiques des Isra\u00e9liens. Pour lui pas de doute il convient de soutenir les Palestiniens et surtout pas l&rsquo;\u00c9tat juif. Jean-Marie Le Pen n&rsquo;est pas en reste avec sa soci\u00e9t\u00e9 d&rsquo;\u00e9dition phonographique qu&rsquo;il a cr\u00e9\u00e9e avec un ancien Waffen SS. Parmi les fondateurs du FN Fran\u00e7ois Duprat est celui qui incarne le mieux les racines naus\u00e9abondes du parti. Car ce n\u00e9gationiste apr\u00e8s une exclusion revient en 1974 comme num\u00e9ro deux du FN. Par la suite J.M. Le Pen multiplie les d\u00e9clarations antis\u00e9mites comme celle sur les chambres \u00e0 gaz \u00ab <em>un<\/em> <em>point<\/em> <em>de<\/em> <em>d\u00e9tail<\/em> <em>de<\/em> <em>la<\/em> <em>Seconde<\/em> <em>Guerre<\/em> <em>mondiale<\/em> \u00bb. Le FN est alors le seul parti \u00e0 demander l&rsquo;abolition de la loi Gayssot sur le n\u00e9gationnisme. Quand elle succ\u00e8de \u00e0 son p\u00e8re en 2011 Marine Le Pen sait qu&rsquo;elle doit rompre avec cette tradition de l&rsquo;extr\u00eame droite pour progresser aux \u00e9lections. Ce qui ne l&#8217;emp\u00eache pas en 2012 de participer \u00e0 un bal de nostalgiques de l&rsquo;Allemagne nazie. Plus r\u00e9cemment elle a adoub\u00e9 parmi les d\u00e9put\u00e9s du nouveau Rassemblement national Fr\u00e9d\u00e9ric Boccaletti un ancien n\u00e9gationniste. Pour elle les choses sont claires : pour lutter contre l&rsquo;antis\u00e9mitisme il faut s&rsquo;en prendre aux islamistes et \u00e0 leurs soutiens. Mais en novembre 2023 Jordan Bardella estimait encore que J.M. Le Pen n&rsquo;avait pas \u00e9t\u00e9 antis\u00e9mite bien qu&rsquo;il ait \u00e9t\u00e9 six fois condamn\u00e9 pour cela (<em><strong><a href=\"https:\/\/www.lemonde.fr\/politique\/article\/2023\/11\/06\/bardella-nie-l-antisemitisme-de-jean-marie-le-pen-et-rediabolise-le-rassemblement-national_6198584_823448.html\" target=\"_blank\" rel=\"noreferrer noopener\">ici<\/a><\/strong><\/em>). Avant de dire le contraire quelques mois plus tard\u2026<\/p>\n\n\n\n<blockquote class=\"wp-block-quote is-layout-flow wp-block-quote-is-layout-flow\">\n<p class=\"has-medium-font-size\">Zemmour a pourtant fait de bons scores aux \u00e9lections l\u00e0 o\u00f9 les communaut\u00e9s juives sont bien implant\u00e9es<\/p>\n<\/blockquote>\n\n\n\n<p>Un parti d&rsquo;extr\u00eame droite fond\u00e9 par un homme d&rsquo;origine juive. Un homme qui a tent\u00e9 de r\u00e9habiliter P\u00e9tain, celui qui a spoli\u00e9 puis d\u00e9port\u00e9 74 000 Juifs de France en collaborant avec les nazis. Le tout en esp\u00e9rant que son mouvement politique puisse unir une extr\u00eame droite r\u00e9habilit\u00e9e et la droite classique. C&rsquo;est tout le paradoxe de Reconqu\u00eate ! le parti d&rsquo;\u00c9ric Zemmour cr\u00e9\u00e9 en d\u00e9cembre 2021. Lui se veut lib\u00e9ral en \u00e9conomie, et surtout hostile \u00e0 l&rsquo;immigration non europ\u00e9enne. Il pr\u00f4ne la \u00ab remigration \u00bb et pr\u00e9tend s&rsquo;opposer \u00e0 un \u00ab Grand Remplacement \u00bb fantasm\u00e9. Reconqu\u00eate ! c&rsquo;est un peu la <em>Reconquista<\/em> du Moyen \u00c2ge qui avait bout\u00e9 hors d&rsquo;Espagne les Musulmans. Zemmour est n\u00e9 de parents juifs dont la famille est devenue fran\u00e7aise gr\u00e2ce au d\u00e9cret Cr\u00e9mieux de 1870. Il se d\u00e9clare non sioniste, membre du peuple fran\u00e7ais et de culture chr\u00e9tienne. En forte opposition au Crif le Conseil repr\u00e9sentatif des institutions juives de France, Zemmour a pourtant fait de bons scores aux \u00e9lections l\u00e0 o\u00f9 les communaut\u00e9s juives sont bien implant\u00e9es. Dans certains bureaux parisiens, \u00e0 Saint-Mand\u00e9 et Sarcelles, dans la circonscription d&rsquo;Isra\u00ebl des Fran\u00e7ais de l\u2019\u00e9tranger. Sans doute parce qu&rsquo;il d\u00e9clare que les Juifs agress\u00e9s le sont par des noirs et des arabes, pas par des disciples de Mauras. Entre ses convictions d&rsquo;extr\u00eame droite et ses origines familiales Zemmour a choisi. \u00c0 l&rsquo;en croire P\u00e9tain aurait prot\u00e9g\u00e9 les Juifs fran\u00e7ais, la meilleure preuve \u00e9tant que nombreux sont ceux qui ont \u00e9chapp\u00e9 \u00e0 la d\u00e9portation. Comme si les r\u00e9seaux de socialisation, les Justes et m\u00eame certains policiers ne les avaient pas aid\u00e9s. Son r\u00e9cit mensonger a \u00e9t\u00e9 d\u00e9mont\u00e9 par l&rsquo;historien Laurent Joly dans <em><strong><a href=\"https:\/\/surbooke.fr\/wordpress\/?p=12584\" target=\"_blank\" rel=\"noreferrer noopener\">L&rsquo;\u00c9tat contre les Juifs<\/a><\/strong><\/em>. Si Zemmour d\u00e9fend aujourd&rsquo;hui Isra\u00ebl c&rsquo;est au nom de son combat de civilisation, celui qu&rsquo;il pr\u00e9tend mener au Proche-Orient comme en France contre l&rsquo;islamisme. Ce qui l&rsquo;a amen\u00e9 \u00e0 participer \u00e0 la marche de novembre 2023 contre l&rsquo;antis\u00e9mitisme apr\u00e8s avoir ni\u00e9 le plus grand massacre des Juifs commis en France. Rien ne l&rsquo;arr\u00eate&#8230;<\/p>\n\n\n\n<blockquote class=\"wp-block-quote is-layout-flow wp-block-quote-is-layout-flow\">\n<p class=\"has-medium-font-size\">C&rsquo;est la politique \u00e9trang\u00e8re fran\u00e7aise qui crispe une partie de la communaut\u00e9<\/p>\n<\/blockquote>\n\n\n\n<p>\u00ab <em>Les<\/em> <em>Juifs<\/em>, <em>un<\/em> <em>peuple<\/em> <em>d&rsquo;\u00e9lite<\/em>, <em>s\u00fbr<\/em> <em>de<\/em> <em>lui-m\u00eame<\/em> <em>et<\/em> <em>dominateur<\/em> \u00bb. Cette phrase prononc\u00e9e par Charles de Gaulle en 1967, cinq mois apr\u00e8s la guerre des Six Jours, suscite de nombreuses r\u00e9actions quand elle est prononc\u00e9e. D&rsquo;abord en Isra\u00ebl o\u00f9 Menahem Begin futur Premier ministre l&rsquo;associe aux <em>Protocoles<\/em> des <em>sages<\/em> <em>de<\/em> <em>Sion<\/em>. Si bien que toute r\u00e9ticence \u00e9nonc\u00e9e par de Gaulle envers la politique isra\u00e9lienne sera d\u00e9sormais associ\u00e9e \u00e0 de l&rsquo;antis\u00e9mitisme. Et aussi en France o\u00f9 Raymond Aron \u00e9voque lui aussi l&rsquo;antis\u00e9mitisme. Par la suite de nombreux \u00e9lecteurs juifs se d\u00e9tourneront de celui qui avait incarn\u00e9 pour eux le combat fran\u00e7ais contre le nazisme. Leurs relations avec son successeur Georges Pompidou ne s&rsquo;am\u00e9liorent pas tant il se montre r\u00e9ticent \u00e0 faire juger des criminels de guerre. Nouvelle d\u00e9t\u00e9rioration avec la guerre du Kippour de 1973 quand le gouvernement fran\u00e7ais prend ses distances avec Isra\u00ebl. De fait de de Gaulle \u00e0 Giscard, c&rsquo;est la politique \u00e9trang\u00e8re fran\u00e7aise qui crispe une partie de la communaut\u00e9. \u00c7a se d\u00e9t\u00e9riore encore un peu plus en 1979 et 1980 lors des attentats commis en France contre des lieux fr\u00e9quent\u00e9s par des Juifs. Le paroxysme est atteint apr\u00e8s les d\u00e9clarations de Raymond Barre suite \u00e0 l&rsquo;attentat contre la synagogue de la rue Copernic qui fait quatre morts et quarante-six bless\u00e9s. Il y a de quoi : \u00ab <em>Cet attentat odieux qui voulait frapper les Isra\u00e9lites qui se rendaient \u00e0 la synagogue et qui a frapp\u00e9 des Fran\u00e7ais innocents qui traversaient la rue Copernic<\/em> \u00bb. En 1981 le vote des Juifs fran\u00e7ais se porte ainsi \u00e0 65 % sur Fran\u00e7ois Mitterrand au second tour de l&rsquo;\u00e9lection pr\u00e9sidentielle. Et ce ne sont pas les alliances des partis de droite avec le FN, notamment aux r\u00e9gionales de 1987, qui vont r\u00e9concilier l&rsquo;\u00e9lectorat juif avec la droite. Ce n&rsquo;est qu&rsquo;\u00e0 partir du discours de Jacques Chirac de 1995, sur la responsabilit\u00e9 de la France dans la d\u00e9portation des Juifs, que le mouvement s&rsquo;inverse, et Nicolas Sarkozy en b\u00e9n\u00e9ficie grandement quand il devient pr\u00e9sident de la R\u00e9publique en 2007. \u00c9lu en 2017 Emmanuel Macron d\u00e9clenche deux pol\u00e9miques en rapport avec l&rsquo;antis\u00e9mitisme. En rendant hommage \u00e0 P\u00e9tain chef militaire de la Grande Guerre. Puis en \u00e9voquant le pays l\u00e9gal et le pays r\u00e9el, une expression emprunt\u00e9e \u00e0 Charles Mauras, un dirigeant de L&rsquo;Action fran\u00e7aise condamn\u00e9 en 1945 pour haute trahison et intelligence avec l&rsquo;ennemi. \u00c0 titre personnel je dirais que ces deux \u00e9v\u00e9nements ne font \u00e9videmment pas d&rsquo;Emmanuel Macron un antis\u00e9mite. Mais bien davantage un d\u00e9fenseur de la bourgeoisie qui se montre souvent nostalgique des symboles pass\u00e9s de sa classe sociale. Rien \u00e0 voir avec ce qu&rsquo;ont incarn\u00e9 Raymond Barre et Jean-Claude Gaudin dont les d\u00e9rapages antis\u00e9mites sont largement document\u00e9s dans le livre.<\/p>\n\n\n\n<blockquote class=\"wp-block-quote is-layout-flow wp-block-quote-is-layout-flow\">\n<p class=\"has-medium-font-size\">Les auteurs du livre parlent \u00ab d&rsquo;antis\u00e9mitisme subliminal \u00bb \u00e0 propos de Jean-Luc M\u00e9lenchon <\/p>\n<\/blockquote>\n\n\n\n<p>Parmi les partis de gauche le parti communiste est celui qui a le plus vers\u00e9 dans l&rsquo;antis\u00e9mitisme. Mais bien plus par alignement sur le bloc sovi\u00e9tique que par id\u00e9ologie. Les groupes yiddish de la Main-d&rsquo;\u0153uvre immigr\u00e9e (MOI) ont ainsi jou\u00e9 un r\u00f4le important dans la r\u00e9sistance communiste pendant la guerre. Ce qui n&rsquo;a pas emp\u00each\u00e9 le parti fran\u00e7ais de couvrir les purges antis\u00e9mites des partis fr\u00e8res en Union sovi\u00e9tique comme en Pologne. L&rsquo;appareil fran\u00e7ais en \u00e9tait d&rsquo;autant mieux inform\u00e9 que la famille de Henri Krasucki, membre du bureau politique du PCF et dirigeant de la CGT, en a \u00e9t\u00e9 victime. Pour autant le parti fran\u00e7ais qui a eu beaucoup de dirigeants juifs comme Waldeck Rochet ou Charles Fiterman s&rsquo;est par la suite d\u00e9fait de cette maladie, et ses difficult\u00e9s avec la communaut\u00e9 juive fran\u00e7aise vinrent pour l&rsquo;essentiel de ses positions sur le Proche Orient. Quant \u00e0 la France insoumise (LFI) le premier parti de gauche aujourd&rsquo;hui, les auteurs lui reprochent principalement de ne pas avoir d\u00e9nonc\u00e9 l&rsquo;antis\u00e9mitisme d&rsquo;attentats comme celui de Toulouse, que le mouvement de Jean-Luc M\u00e9lenchon avait pr\u00e9sent\u00e9 comme l&rsquo;acte d&rsquo;un fou. Mais en quoi cela ferait-il de lui un antis\u00e9mite ? Autre critique, ce parti se focaliserait sur l&rsquo;antis\u00e9mitisme d&rsquo;extr\u00eame droite sans \u00e9voquer celui de communaut\u00e9s musulmanes. Quant aux reproches adress\u00e9s \u00e0 LFI de ne pas avoir parl\u00e9 de l&rsquo;antis\u00e9mitisme des Gilets jaunes cela ne me semble pas justifi\u00e9, car ce mouvement n&rsquo;a jamais \u00e9t\u00e9 structur\u00e9, et en aucune mesure en capacit\u00e9 d&rsquo;\u00e9viter des d\u00e9rapages individuels. D&rsquo;ailleurs les auteurs du livre parlent \u00ab <em>d&rsquo;antis\u00e9mitisme<\/em> <em>subliminal<\/em> \u00bb \u00e0 propos de Jean-Luc M\u00e9lenchon, un concept que je ma\u00eetrise mal&#8230; Il a aussi \u00e9t\u00e9 reproch\u00e9 \u00e0 LFI d&rsquo;avoir soutenu le leader travailliste Jeremy Corbyn, apr\u00e8s qu&rsquo;il a \u00e9t\u00e9 accus\u00e9 d&rsquo;antis\u00e9mitisme. Or cette th\u00e8se a \u00e9t\u00e9 tellement contest\u00e9e qu&rsquo;on n&rsquo;est pas oblig\u00e9 d&rsquo;y croire. Pour ma part je suis persuad\u00e9 que ce qui est reproch\u00e9 \u00e0 Jean-Luc M\u00e9lenchon ce sont ses soutiens au peuple palestinien et cela bien avant le 7 octobre 2023. Ce qui ne nous oblige en aucune fa\u00e7on d&rsquo;adh\u00e9rer aux premi\u00e8res d\u00e9clarations de LFI apr\u00e8s cette date. C&rsquo;est probablement ce positionnement qui a motiv\u00e9 le Crif pour \u00e9vacuer M\u00e9lenchon en compagnie de Marine Le Pen de la marche blanche organis\u00e9e en mars 2018 en hommage \u00e0 Mireille Knoll. Autre \u00e9l\u00e9ment explicatif la volont\u00e9 de LFI de transformer la soci\u00e9t\u00e9 fran\u00e7aise. Un choix incompatible avec le Crif qui soutient depuis longtemps la droite au point d&rsquo;avoir d\u00e9fil\u00e9 aux c\u00f4t\u00e9s du Rassemblement national et de Reconqu\u00eate ! en novembre 2023. Il est loin le temps o\u00f9 ce mouvement appuyait Fran\u00e7ois Mitterrand.<\/p>\n\n\n\n<div style=\"padding:20px\" class=\"wp-block-tnp-minimal\"><p><strong>Abonnez-vous<\/strong>\u00a0<strong>pour<\/strong>\u00a0<strong>\u00eatre<\/strong>\u00a0<strong>averti<\/strong>\u00a0<strong>des<\/strong>\u00a0<strong>nouvelles<\/strong>\u00a0<strong>chroniques<\/strong>\u00a0<strong>!<\/strong><\/p><div><div class=\"tnp tnp-subscription-minimal  \"><form action=\"https:\/\/surbooke.fr\/wordpress\/wp-admin\/admin-ajax.php?action=tnp&amp;na=s\" method=\"post\" style=\"text-align: center\"><input type=\"hidden\" name=\"nr\" value=\"minimal\">\n<input type=\"hidden\" name=\"nlang\" value=\"\">\n<input class=\"tnp-email\" type=\"email\" required name=\"ne\" value=\"\" placeholder=\"Email\"><input class=\"tnp-submit\" type=\"submit\" value=\"S&#039;abonner\" style=\"\">\n<div class=\"tnp-field tnp-privacy-field\"><label><input type=\"checkbox\" name=\"ny\" required class=\"tnp-privacy\"> En continuant, vous acceptez la politique de confidentialit\u00e9<\/label><\/div><\/form><\/div>\n<\/div><\/div>\n","protected":false},"excerpt":{"rendered":"<p>Impossible de le nier. La question de l&rsquo;antis\u00e9mitisme est, non seulement omnipr\u00e9sente dans l&rsquo;actualit\u00e9 depuis les massacres commis par le Hamas le 07 octobre 2023, mais aussi particuli\u00e8rement \u00e9ruptive. M\u00eame si les statistiques du minist\u00e8re de l&rsquo;Int\u00e9rieur pr\u00eatent \u00e0 discussion, le nombre d&rsquo;actes antis\u00e9mites a augment\u00e9 depuis quelques mois. Ils font suite \u00e0 une longue [&hellip;]<\/p>\n","protected":false},"author":8,"featured_media":29743,"comment_status":"open","ping_status":"open","sticky":false,"template":"","format":"standard","meta":{"footnotes":""},"categories":[26,3],"tags":[34],"class_list":["post-29552","post","type-post","status-publish","format-standard","has-post-thumbnail","hentry","category-histoire","category-coup-de-coeur","tag-robert-laffont"],"yoast_head":"<!-- This site is optimized with the Yoast SEO plugin v27.5 - https:\/\/yoast.com\/product\/yoast-seo-wordpress\/ -->\n<title>Histoire politique de l&#039;antis\u00e9mitisme en France, \u00c9ditions Robert Laffont - Surbook\u00e9<\/title>\n<meta name=\"description\" content=\"Alors que les partis politiques se d\u00e9clarent aujourd&#039;hui oppos\u00e9s \u00e0 l&#039;antis\u00e9mitisme, mais pas n\u00e9cessairement en accord avec Isra\u00ebl, il est bon de revisiter leurs rapports avec la communaut\u00e9 juive depuis les ann\u00e9es soixante. Histoire de rappeler que certains occultent d\u00e9lib\u00e9r\u00e9ment leur pass\u00e9. Un bouquin totalement dans l&#039;actualit\u00e9.\" \/>\n<meta name=\"robots\" content=\"index, follow, max-snippet:-1, max-image-preview:large, max-video-preview:-1\" \/>\n<link rel=\"canonical\" href=\"https:\/\/surbooke.fr\/wordpress\/2024\/05\/26\/histoire-politique-de-lantisemitisme-en-france-editions-robert-laffont\/\" \/>\n<meta property=\"og:locale\" content=\"fr_FR\" \/>\n<meta property=\"og:type\" content=\"article\" \/>\n<meta property=\"og:title\" content=\"Histoire politique de l&#039;antis\u00e9mitisme en France, \u00c9ditions Robert Laffont - Surbook\u00e9\" \/>\n<meta property=\"og:description\" content=\"Alors que les partis politiques se d\u00e9clarent aujourd&#039;hui oppos\u00e9s \u00e0 l&#039;antis\u00e9mitisme, mais pas n\u00e9cessairement en accord avec Isra\u00ebl, il est bon de revisiter leurs rapports avec la communaut\u00e9 juive depuis les ann\u00e9es soixante. Histoire de rappeler que certains occultent d\u00e9lib\u00e9r\u00e9ment leur pass\u00e9. Un bouquin totalement dans l&#039;actualit\u00e9.\" \/>\n<meta property=\"og:url\" content=\"https:\/\/surbooke.fr\/wordpress\/2024\/05\/26\/histoire-politique-de-lantisemitisme-en-france-editions-robert-laffont\/\" \/>\n<meta property=\"og:site_name\" content=\"Surbook\u00e9\" \/>\n<meta property=\"article:published_time\" content=\"2024-05-26T13:00:47+00:00\" \/>\n<meta property=\"article:modified_time\" content=\"2024-05-27T07:34:13+00:00\" \/>\n<meta property=\"og:image\" content=\"https:\/\/surbooke.fr\/wordpress\/wp-content\/uploads\/2024\/05\/Histoire-politique-de-lantisemitisme-en-France-1.jpeg\" \/>\n\t<meta property=\"og:image:width\" content=\"194\" \/>\n\t<meta property=\"og:image:height\" content=\"259\" \/>\n\t<meta property=\"og:image:type\" content=\"image\/jpeg\" \/>\n<meta name=\"author\" content=\"Laurent Bisault\" \/>\n<meta name=\"twitter:card\" content=\"summary_large_image\" \/>\n<meta name=\"twitter:creator\" content=\"@LaurentBisault\" \/>\n<meta name=\"twitter:label1\" content=\"\u00c9crit par\" \/>\n\t<meta name=\"twitter:data1\" content=\"Laurent Bisault\" \/>\n\t<meta name=\"twitter:label2\" content=\"Dur\u00e9e de lecture estim\u00e9e\" \/>\n\t<meta name=\"twitter:data2\" content=\"12 minutes\" \/>\n<script type=\"application\/ld+json\" class=\"yoast-schema-graph\">{\"@context\":\"https:\\\/\\\/schema.org\",\"@graph\":[{\"@type\":\"Article\",\"@id\":\"https:\\\/\\\/surbooke.fr\\\/wordpress\\\/2024\\\/05\\\/26\\\/histoire-politique-de-lantisemitisme-en-france-editions-robert-laffont\\\/#article\",\"isPartOf\":{\"@id\":\"https:\\\/\\\/surbooke.fr\\\/wordpress\\\/2024\\\/05\\\/26\\\/histoire-politique-de-lantisemitisme-en-france-editions-robert-laffont\\\/\"},\"author\":{\"name\":\"Laurent Bisault\",\"@id\":\"https:\\\/\\\/surbooke.fr\\\/wordpress\\\/#\\\/schema\\\/person\\\/9c6be4d35203c76182c56b0e974807c6\"},\"headline\":\"Histoire politique de l&rsquo;antis\u00e9mitisme en France, \u00c9ditions Robert Laffont\",\"datePublished\":\"2024-05-26T13:00:47+00:00\",\"dateModified\":\"2024-05-27T07:34:13+00:00\",\"mainEntityOfPage\":{\"@id\":\"https:\\\/\\\/surbooke.fr\\\/wordpress\\\/2024\\\/05\\\/26\\\/histoire-politique-de-lantisemitisme-en-france-editions-robert-laffont\\\/\"},\"wordCount\":2814,\"commentCount\":0,\"image\":{\"@id\":\"https:\\\/\\\/surbooke.fr\\\/wordpress\\\/2024\\\/05\\\/26\\\/histoire-politique-de-lantisemitisme-en-france-editions-robert-laffont\\\/#primaryimage\"},\"thumbnailUrl\":\"https:\\\/\\\/surbooke.fr\\\/wordpress\\\/wp-content\\\/uploads\\\/2024\\\/05\\\/Histoire-politique-de-lantisemitisme-en-France-1.jpeg\",\"keywords\":[\"Robert Laffont\"],\"articleSection\":[\"histoire\",\"\ud83e\udd0d\"],\"inLanguage\":\"fr-FR\",\"potentialAction\":[{\"@type\":\"CommentAction\",\"name\":\"Comment\",\"target\":[\"https:\\\/\\\/surbooke.fr\\\/wordpress\\\/2024\\\/05\\\/26\\\/histoire-politique-de-lantisemitisme-en-france-editions-robert-laffont\\\/#respond\"]}]},{\"@type\":\"WebPage\",\"@id\":\"https:\\\/\\\/surbooke.fr\\\/wordpress\\\/2024\\\/05\\\/26\\\/histoire-politique-de-lantisemitisme-en-france-editions-robert-laffont\\\/\",\"url\":\"https:\\\/\\\/surbooke.fr\\\/wordpress\\\/2024\\\/05\\\/26\\\/histoire-politique-de-lantisemitisme-en-france-editions-robert-laffont\\\/\",\"name\":\"Histoire politique de l'antis\u00e9mitisme en France, \u00c9ditions Robert Laffont - Surbook\u00e9\",\"isPartOf\":{\"@id\":\"https:\\\/\\\/surbooke.fr\\\/wordpress\\\/#website\"},\"primaryImageOfPage\":{\"@id\":\"https:\\\/\\\/surbooke.fr\\\/wordpress\\\/2024\\\/05\\\/26\\\/histoire-politique-de-lantisemitisme-en-france-editions-robert-laffont\\\/#primaryimage\"},\"image\":{\"@id\":\"https:\\\/\\\/surbooke.fr\\\/wordpress\\\/2024\\\/05\\\/26\\\/histoire-politique-de-lantisemitisme-en-france-editions-robert-laffont\\\/#primaryimage\"},\"thumbnailUrl\":\"https:\\\/\\\/surbooke.fr\\\/wordpress\\\/wp-content\\\/uploads\\\/2024\\\/05\\\/Histoire-politique-de-lantisemitisme-en-France-1.jpeg\",\"datePublished\":\"2024-05-26T13:00:47+00:00\",\"dateModified\":\"2024-05-27T07:34:13+00:00\",\"author\":{\"@id\":\"https:\\\/\\\/surbooke.fr\\\/wordpress\\\/#\\\/schema\\\/person\\\/9c6be4d35203c76182c56b0e974807c6\"},\"description\":\"Alors que les partis politiques se d\u00e9clarent aujourd'hui oppos\u00e9s \u00e0 l'antis\u00e9mitisme, mais pas n\u00e9cessairement en accord avec Isra\u00ebl, il est bon de revisiter leurs rapports avec la communaut\u00e9 juive depuis les ann\u00e9es soixante. Histoire de rappeler que certains occultent d\u00e9lib\u00e9r\u00e9ment leur pass\u00e9. Un bouquin totalement dans l'actualit\u00e9.\",\"breadcrumb\":{\"@id\":\"https:\\\/\\\/surbooke.fr\\\/wordpress\\\/2024\\\/05\\\/26\\\/histoire-politique-de-lantisemitisme-en-france-editions-robert-laffont\\\/#breadcrumb\"},\"inLanguage\":\"fr-FR\",\"potentialAction\":[{\"@type\":\"ReadAction\",\"target\":[\"https:\\\/\\\/surbooke.fr\\\/wordpress\\\/2024\\\/05\\\/26\\\/histoire-politique-de-lantisemitisme-en-france-editions-robert-laffont\\\/\"]}]},{\"@type\":\"ImageObject\",\"inLanguage\":\"fr-FR\",\"@id\":\"https:\\\/\\\/surbooke.fr\\\/wordpress\\\/2024\\\/05\\\/26\\\/histoire-politique-de-lantisemitisme-en-france-editions-robert-laffont\\\/#primaryimage\",\"url\":\"https:\\\/\\\/surbooke.fr\\\/wordpress\\\/wp-content\\\/uploads\\\/2024\\\/05\\\/Histoire-politique-de-lantisemitisme-en-France-1.jpeg\",\"contentUrl\":\"https:\\\/\\\/surbooke.fr\\\/wordpress\\\/wp-content\\\/uploads\\\/2024\\\/05\\\/Histoire-politique-de-lantisemitisme-en-France-1.jpeg\",\"width\":194,\"height\":259},{\"@type\":\"BreadcrumbList\",\"@id\":\"https:\\\/\\\/surbooke.fr\\\/wordpress\\\/2024\\\/05\\\/26\\\/histoire-politique-de-lantisemitisme-en-france-editions-robert-laffont\\\/#breadcrumb\",\"itemListElement\":[{\"@type\":\"ListItem\",\"position\":1,\"name\":\"Accueil\",\"item\":\"https:\\\/\\\/surbooke.fr\\\/wordpress\\\/\"},{\"@type\":\"ListItem\",\"position\":2,\"name\":\"Histoire politique de l&#8217;antis\u00e9mitisme en France, \u00c9ditions Robert Laffont\"}]},{\"@type\":\"WebSite\",\"@id\":\"https:\\\/\\\/surbooke.fr\\\/wordpress\\\/#website\",\"url\":\"https:\\\/\\\/surbooke.fr\\\/wordpress\\\/\",\"name\":\"Surbook\u00e9\",\"description\":\"Le blog de Laurent Bisault\",\"potentialAction\":[{\"@type\":\"SearchAction\",\"target\":{\"@type\":\"EntryPoint\",\"urlTemplate\":\"https:\\\/\\\/surbooke.fr\\\/wordpress\\\/?s={search_term_string}\"},\"query-input\":{\"@type\":\"PropertyValueSpecification\",\"valueRequired\":true,\"valueName\":\"search_term_string\"}}],\"inLanguage\":\"fr-FR\"},{\"@type\":\"Person\",\"@id\":\"https:\\\/\\\/surbooke.fr\\\/wordpress\\\/#\\\/schema\\\/person\\\/9c6be4d35203c76182c56b0e974807c6\",\"name\":\"Laurent Bisault\",\"image\":{\"@type\":\"ImageObject\",\"inLanguage\":\"fr-FR\",\"@id\":\"https:\\\/\\\/secure.gravatar.com\\\/avatar\\\/3bcd2efdfc3a3e416bea3223d3dfcd7f8845e2ca0669671d0c7ed8e84e97bfc4?s=96&d=mm&r=g\",\"url\":\"https:\\\/\\\/secure.gravatar.com\\\/avatar\\\/3bcd2efdfc3a3e416bea3223d3dfcd7f8845e2ca0669671d0c7ed8e84e97bfc4?s=96&d=mm&r=g\",\"contentUrl\":\"https:\\\/\\\/secure.gravatar.com\\\/avatar\\\/3bcd2efdfc3a3e416bea3223d3dfcd7f8845e2ca0669671d0c7ed8e84e97bfc4?s=96&d=mm&r=g\",\"caption\":\"Laurent Bisault\"},\"sameAs\":[\"https:\\\/\\\/surbooke.fr\\\/wordpress\\\/\",\"https:\\\/\\\/x.com\\\/LaurentBisault\"],\"url\":\"https:\\\/\\\/surbooke.fr\\\/wordpress\\\/author\\\/surbooke\\\/\"}]}<\/script>\n<!-- \/ Yoast SEO plugin. -->","yoast_head_json":{"title":"Histoire politique de l'antis\u00e9mitisme en France, \u00c9ditions Robert Laffont - Surbook\u00e9","description":"Alors que les partis politiques se d\u00e9clarent aujourd'hui oppos\u00e9s \u00e0 l'antis\u00e9mitisme, mais pas n\u00e9cessairement en accord avec Isra\u00ebl, il est bon de revisiter leurs rapports avec la communaut\u00e9 juive depuis les ann\u00e9es soixante. Histoire de rappeler que certains occultent d\u00e9lib\u00e9r\u00e9ment leur pass\u00e9. Un bouquin totalement dans l'actualit\u00e9.","robots":{"index":"index","follow":"follow","max-snippet":"max-snippet:-1","max-image-preview":"max-image-preview:large","max-video-preview":"max-video-preview:-1"},"canonical":"https:\/\/surbooke.fr\/wordpress\/2024\/05\/26\/histoire-politique-de-lantisemitisme-en-france-editions-robert-laffont\/","og_locale":"fr_FR","og_type":"article","og_title":"Histoire politique de l'antis\u00e9mitisme en France, \u00c9ditions Robert Laffont - Surbook\u00e9","og_description":"Alors que les partis politiques se d\u00e9clarent aujourd'hui oppos\u00e9s \u00e0 l'antis\u00e9mitisme, mais pas n\u00e9cessairement en accord avec Isra\u00ebl, il est bon de revisiter leurs rapports avec la communaut\u00e9 juive depuis les ann\u00e9es soixante. Histoire de rappeler que certains occultent d\u00e9lib\u00e9r\u00e9ment leur pass\u00e9. Un bouquin totalement dans l'actualit\u00e9.","og_url":"https:\/\/surbooke.fr\/wordpress\/2024\/05\/26\/histoire-politique-de-lantisemitisme-en-france-editions-robert-laffont\/","og_site_name":"Surbook\u00e9","article_published_time":"2024-05-26T13:00:47+00:00","article_modified_time":"2024-05-27T07:34:13+00:00","og_image":[{"width":194,"height":259,"url":"https:\/\/surbooke.fr\/wordpress\/wp-content\/uploads\/2024\/05\/Histoire-politique-de-lantisemitisme-en-France-1.jpeg","type":"image\/jpeg"}],"author":"Laurent Bisault","twitter_card":"summary_large_image","twitter_creator":"@LaurentBisault","twitter_misc":{"\u00c9crit par":"Laurent Bisault","Dur\u00e9e de lecture estim\u00e9e":"12 minutes"},"schema":{"@context":"https:\/\/schema.org","@graph":[{"@type":"Article","@id":"https:\/\/surbooke.fr\/wordpress\/2024\/05\/26\/histoire-politique-de-lantisemitisme-en-france-editions-robert-laffont\/#article","isPartOf":{"@id":"https:\/\/surbooke.fr\/wordpress\/2024\/05\/26\/histoire-politique-de-lantisemitisme-en-france-editions-robert-laffont\/"},"author":{"name":"Laurent Bisault","@id":"https:\/\/surbooke.fr\/wordpress\/#\/schema\/person\/9c6be4d35203c76182c56b0e974807c6"},"headline":"Histoire politique de l&rsquo;antis\u00e9mitisme en France, \u00c9ditions Robert Laffont","datePublished":"2024-05-26T13:00:47+00:00","dateModified":"2024-05-27T07:34:13+00:00","mainEntityOfPage":{"@id":"https:\/\/surbooke.fr\/wordpress\/2024\/05\/26\/histoire-politique-de-lantisemitisme-en-france-editions-robert-laffont\/"},"wordCount":2814,"commentCount":0,"image":{"@id":"https:\/\/surbooke.fr\/wordpress\/2024\/05\/26\/histoire-politique-de-lantisemitisme-en-france-editions-robert-laffont\/#primaryimage"},"thumbnailUrl":"https:\/\/surbooke.fr\/wordpress\/wp-content\/uploads\/2024\/05\/Histoire-politique-de-lantisemitisme-en-France-1.jpeg","keywords":["Robert Laffont"],"articleSection":["histoire","\ud83e\udd0d"],"inLanguage":"fr-FR","potentialAction":[{"@type":"CommentAction","name":"Comment","target":["https:\/\/surbooke.fr\/wordpress\/2024\/05\/26\/histoire-politique-de-lantisemitisme-en-france-editions-robert-laffont\/#respond"]}]},{"@type":"WebPage","@id":"https:\/\/surbooke.fr\/wordpress\/2024\/05\/26\/histoire-politique-de-lantisemitisme-en-france-editions-robert-laffont\/","url":"https:\/\/surbooke.fr\/wordpress\/2024\/05\/26\/histoire-politique-de-lantisemitisme-en-france-editions-robert-laffont\/","name":"Histoire politique de l'antis\u00e9mitisme en France, \u00c9ditions Robert Laffont - Surbook\u00e9","isPartOf":{"@id":"https:\/\/surbooke.fr\/wordpress\/#website"},"primaryImageOfPage":{"@id":"https:\/\/surbooke.fr\/wordpress\/2024\/05\/26\/histoire-politique-de-lantisemitisme-en-france-editions-robert-laffont\/#primaryimage"},"image":{"@id":"https:\/\/surbooke.fr\/wordpress\/2024\/05\/26\/histoire-politique-de-lantisemitisme-en-france-editions-robert-laffont\/#primaryimage"},"thumbnailUrl":"https:\/\/surbooke.fr\/wordpress\/wp-content\/uploads\/2024\/05\/Histoire-politique-de-lantisemitisme-en-France-1.jpeg","datePublished":"2024-05-26T13:00:47+00:00","dateModified":"2024-05-27T07:34:13+00:00","author":{"@id":"https:\/\/surbooke.fr\/wordpress\/#\/schema\/person\/9c6be4d35203c76182c56b0e974807c6"},"description":"Alors que les partis politiques se d\u00e9clarent aujourd'hui oppos\u00e9s \u00e0 l'antis\u00e9mitisme, mais pas n\u00e9cessairement en accord avec Isra\u00ebl, il est bon de revisiter leurs rapports avec la communaut\u00e9 juive depuis les ann\u00e9es soixante. Histoire de rappeler que certains occultent d\u00e9lib\u00e9r\u00e9ment leur pass\u00e9. Un bouquin totalement dans l'actualit\u00e9.","breadcrumb":{"@id":"https:\/\/surbooke.fr\/wordpress\/2024\/05\/26\/histoire-politique-de-lantisemitisme-en-france-editions-robert-laffont\/#breadcrumb"},"inLanguage":"fr-FR","potentialAction":[{"@type":"ReadAction","target":["https:\/\/surbooke.fr\/wordpress\/2024\/05\/26\/histoire-politique-de-lantisemitisme-en-france-editions-robert-laffont\/"]}]},{"@type":"ImageObject","inLanguage":"fr-FR","@id":"https:\/\/surbooke.fr\/wordpress\/2024\/05\/26\/histoire-politique-de-lantisemitisme-en-france-editions-robert-laffont\/#primaryimage","url":"https:\/\/surbooke.fr\/wordpress\/wp-content\/uploads\/2024\/05\/Histoire-politique-de-lantisemitisme-en-France-1.jpeg","contentUrl":"https:\/\/surbooke.fr\/wordpress\/wp-content\/uploads\/2024\/05\/Histoire-politique-de-lantisemitisme-en-France-1.jpeg","width":194,"height":259},{"@type":"BreadcrumbList","@id":"https:\/\/surbooke.fr\/wordpress\/2024\/05\/26\/histoire-politique-de-lantisemitisme-en-france-editions-robert-laffont\/#breadcrumb","itemListElement":[{"@type":"ListItem","position":1,"name":"Accueil","item":"https:\/\/surbooke.fr\/wordpress\/"},{"@type":"ListItem","position":2,"name":"Histoire politique de l&#8217;antis\u00e9mitisme en France, \u00c9ditions Robert Laffont"}]},{"@type":"WebSite","@id":"https:\/\/surbooke.fr\/wordpress\/#website","url":"https:\/\/surbooke.fr\/wordpress\/","name":"Surbook\u00e9","description":"Le blog de Laurent Bisault","potentialAction":[{"@type":"SearchAction","target":{"@type":"EntryPoint","urlTemplate":"https:\/\/surbooke.fr\/wordpress\/?s={search_term_string}"},"query-input":{"@type":"PropertyValueSpecification","valueRequired":true,"valueName":"search_term_string"}}],"inLanguage":"fr-FR"},{"@type":"Person","@id":"https:\/\/surbooke.fr\/wordpress\/#\/schema\/person\/9c6be4d35203c76182c56b0e974807c6","name":"Laurent Bisault","image":{"@type":"ImageObject","inLanguage":"fr-FR","@id":"https:\/\/secure.gravatar.com\/avatar\/3bcd2efdfc3a3e416bea3223d3dfcd7f8845e2ca0669671d0c7ed8e84e97bfc4?s=96&d=mm&r=g","url":"https:\/\/secure.gravatar.com\/avatar\/3bcd2efdfc3a3e416bea3223d3dfcd7f8845e2ca0669671d0c7ed8e84e97bfc4?s=96&d=mm&r=g","contentUrl":"https:\/\/secure.gravatar.com\/avatar\/3bcd2efdfc3a3e416bea3223d3dfcd7f8845e2ca0669671d0c7ed8e84e97bfc4?s=96&d=mm&r=g","caption":"Laurent Bisault"},"sameAs":["https:\/\/surbooke.fr\/wordpress\/","https:\/\/x.com\/LaurentBisault"],"url":"https:\/\/surbooke.fr\/wordpress\/author\/surbooke\/"}]}},"_links":{"self":[{"href":"https:\/\/surbooke.fr\/wordpress\/wp-json\/wp\/v2\/posts\/29552","targetHints":{"allow":["GET"]}}],"collection":[{"href":"https:\/\/surbooke.fr\/wordpress\/wp-json\/wp\/v2\/posts"}],"about":[{"href":"https:\/\/surbooke.fr\/wordpress\/wp-json\/wp\/v2\/types\/post"}],"author":[{"embeddable":true,"href":"https:\/\/surbooke.fr\/wordpress\/wp-json\/wp\/v2\/users\/8"}],"replies":[{"embeddable":true,"href":"https:\/\/surbooke.fr\/wordpress\/wp-json\/wp\/v2\/comments?post=29552"}],"version-history":[{"count":0,"href":"https:\/\/surbooke.fr\/wordpress\/wp-json\/wp\/v2\/posts\/29552\/revisions"}],"wp:featuredmedia":[{"embeddable":true,"href":"https:\/\/surbooke.fr\/wordpress\/wp-json\/wp\/v2\/media\/29743"}],"wp:attachment":[{"href":"https:\/\/surbooke.fr\/wordpress\/wp-json\/wp\/v2\/media?parent=29552"}],"wp:term":[{"taxonomy":"category","embeddable":true,"href":"https:\/\/surbooke.fr\/wordpress\/wp-json\/wp\/v2\/categories?post=29552"},{"taxonomy":"post_tag","embeddable":true,"href":"https:\/\/surbooke.fr\/wordpress\/wp-json\/wp\/v2\/tags?post=29552"}],"curies":[{"name":"wp","href":"https:\/\/api.w.org\/{rel}","templated":true}]}}