{"id":30265,"date":"2024-09-23T23:34:43","date_gmt":"2024-09-23T21:34:43","guid":{"rendered":"https:\/\/surbooke.fr\/wordpress\/?p=30265"},"modified":"2024-09-23T23:34:54","modified_gmt":"2024-09-23T21:34:54","slug":"les-guerriers-de-lhiver-olivier-norek-editions-michel-lafon","status":"publish","type":"post","link":"https:\/\/surbooke.fr\/wordpress\/2024\/09\/23\/les-guerriers-de-lhiver-olivier-norek-editions-michel-lafon\/","title":{"rendered":"Les guerriers de l&rsquo;hiver, Olivier Norek, \u00c9ditions Michel Lafon"},"content":{"rendered":"\n<p><strong>En<\/strong> <strong>1939<\/strong> <strong>la<\/strong> <strong>Finlande<\/strong> <strong>a<\/strong> <strong>vingt-deux<\/strong> <strong>ans<\/strong>. Avant elle fut su\u00e9doise puis russe. Alors quand Staline d\u00e9cide d&rsquo;annexer ce pays en novembre 1939, officiellement pour cr\u00e9er une zone de protection de Leningrad, le r\u00e9sultat ne fait aucun doute. Un million de soldats rouges contre trois cent mille hommes et cent mille femmes, des chars face \u00e0 des chevaux, des avions sans opposition dans le ciel : on conna\u00eet par avance le vainqueur. Pourtant derri\u00e8re celui qui allait devenir une l\u00e9gende, le tireur d&rsquo;\u00e9lite Simon H\u00e4yh\u00e4 dit \u00ab La mort blanche \u00bb, les Finlandais vont r\u00e9sister \u00e0 l&rsquo;enfer de vingt millions d&rsquo;obus. C&rsquo;est ce qu&rsquo;on appellera \u00ab La guerre d&rsquo;hiver \u00bb que nous raconte Olivier Norek, un auteur jusque-l\u00e0 r\u00e9put\u00e9 pour ses romans policiers. Et \u00e7a marche. Ce roman historique, qui s&rsquo;appuie sur une tr\u00e8s riche documentation, est passionnant. Les Finlandais sont en sous-nombre face \u00e0 l&rsquo;ennemi, ils n&rsquo;ont pas assez d&rsquo;armes, mais ils connaissent les for\u00eats et les mar\u00e9cages. Ils font des miracles avec les cocktails Molotov, les bombes incendiaires d\u00e9nomm\u00e9es ainsi pour se moquer du ministre des Affaires \u00e9trang\u00e8res de Staline. Ils r\u00e9sistent mieux au climat arctique que les Sovi\u00e9tiques, d&rsquo;autant mieux que les soldats rouges ne sont pas \u00e9quip\u00e9s contre le froid et ne savent pas davantage se d\u00e9placer \u00e0 ski.<\/p>\n\n\n\n<blockquote class=\"wp-block-quote is-layout-flow wp-block-quote-is-layout-flow\">\n<p class=\"has-medium-font-size\">Le pays des Mille lacs ne ressortira pas vainqueur de cette guerre, mais il ne sera pas aval\u00e9<\/p>\n<\/blockquote>\n\n\n\n<p>Et puis il y a la farouche volont\u00e9 des Finlandais de sauvegarder leur pays que l&rsquo;on ne retrouve pas chez les envahisseurs. Les Ukrainiens, Mongols, Turcs, Az\u00e9ris et autres Kazakhs envoy\u00e9s en masse au front n&rsquo;ont aucune envie de mourir pour un pouvoir dont ils ne ma\u00eetrisent pas toujours la langue. Il leur faut aussi faire avec les commissaires politiques qui se substituent aux militaires pour d\u00e9cider de la strat\u00e9gie, et qui sont toujours pr\u00eats \u00e0 tirer une balle dans la nuque de ceux qui refusent d&rsquo;avancer. Officiellement l&rsquo;Union sovi\u00e9tique ne rencontre aucune r\u00e9sistance, ce qui contraint l&rsquo;arm\u00e9e \u00e0 enterrer ses morts dans des fosses communes pour ne pas renvoyer les corps \u00e0 l&rsquo;ouest. Le pays des Mille lacs ne ressortira pas vainqueur de cette guerre, mais il ne sera pas aval\u00e9. Un motif d&rsquo;espoir pour les Ukrainiens aujourd&rsquo;hui ? <em>Les<\/em> <em>guerriers<\/em> <em>de<\/em> <em>l&rsquo;hiver<\/em> est une tr\u00e8s belle r\u00e9ussite port\u00e9e par la capacit\u00e9 de son auteur \u00e0 retenir ses lecteurs. Le livre est en course pour le Goncourt ce qui constituerait une vraie surprise pour un auteur certes d\u00e9j\u00e0 couronn\u00e9, mais uniquement pour des romans policiers. Ce serait une premi\u00e8re pour son \u00e9diteur Michel Lafon. Assistera-t-on \u00e0 la revanche de la \u00ab noire \u00bb face \u00e0 la \u00ab blanche \u00bb ?<\/p>\n\n\n\n<p><strong>Qu&rsquo;en dit <em>Bibliosurf<\/em> ?<\/strong><br><a href=\"https:\/\/www.bibliosurf.com\/Les-Guerriers-de-l-Hiver.html\">https:\/\/www.bibliosurf.com\/Les-Guerriers-de-l-Hiver.html<\/a><\/p>\n\n\n\n<div style=\"padding:20px\" class=\"wp-block-tnp-minimal\"><p><strong>Abonnez-vous<\/strong>\u00a0<strong>pour<\/strong>\u00a0<strong>\u00eatre<\/strong>\u00a0<strong>averti<\/strong>\u00a0<strong>des<\/strong>\u00a0<strong>nouvelles<\/strong>\u00a0<strong>chroniques<\/strong>\u00a0<strong>!<\/strong><\/p><div><div class=\"tnp tnp-subscription-minimal  \"><form action=\"https:\/\/surbooke.fr\/wordpress\/wp-admin\/admin-ajax.php?action=tnp&amp;na=s\" method=\"post\" style=\"text-align: center\"><input type=\"hidden\" name=\"nr\" value=\"minimal\">\n<input type=\"hidden\" name=\"nlang\" value=\"\">\n<input class=\"tnp-email\" type=\"email\" required name=\"ne\" value=\"\" placeholder=\"Email\"><input class=\"tnp-submit\" type=\"submit\" value=\"S&#039;abonner\" style=\"\">\n<div class=\"tnp-field tnp-privacy-field\"><label><input type=\"checkbox\" name=\"ny\" required class=\"tnp-privacy\"> En continuant, vous acceptez la politique de confidentialit\u00e9<\/label><\/div><\/form><\/div>\n<\/div><\/div>\n","protected":false},"excerpt":{"rendered":"<p>En 1939 la Finlande a vingt-deux ans. Avant elle fut su\u00e9doise puis russe. Alors quand Staline d\u00e9cide d&rsquo;annexer ce pays en novembre 1939, officiellement pour cr\u00e9er une zone de protection de Leningrad, le r\u00e9sultat ne fait aucun doute. Un million de soldats rouges contre trois cent mille hommes et cent mille femmes, des chars face [&hellip;]<\/p>\n","protected":false},"author":8,"featured_media":30269,"comment_status":"open","ping_status":"open","sticky":false,"template":"","format":"standard","meta":{"footnotes":""},"categories":[26,198,15,3],"tags":[197],"class_list":["post-30265","post","type-post","status-publish","format-standard","has-post-thumbnail","hentry","category-histoire","category-roman-finlandais-","category-roman-francais","category-coup-de-coeur","tag-michel-lafon"],"yoast_head":"<!-- This site is optimized with the Yoast SEO plugin v27.5 - https:\/\/yoast.com\/product\/yoast-seo-wordpress\/ -->\n<title>Les guerriers de l&#039;hiver, Olivier Norek, \u00c9ditions Michel Lafon - Surbook\u00e9<\/title>\n<meta name=\"description\" content=\"L&#039;agression de la Finlande par les arm\u00e9es staliniennes racont\u00e9e par un sp\u00e9cialiste des romans policiers. Un r\u00e9cit passionnant qui ne peut que donner du courage aux Ukrainiens.\" \/>\n<meta name=\"robots\" content=\"index, follow, max-snippet:-1, max-image-preview:large, max-video-preview:-1\" \/>\n<link rel=\"canonical\" href=\"https:\/\/surbooke.fr\/wordpress\/2024\/09\/23\/les-guerriers-de-lhiver-olivier-norek-editions-michel-lafon\/\" \/>\n<meta property=\"og:locale\" content=\"fr_FR\" \/>\n<meta property=\"og:type\" content=\"article\" \/>\n<meta property=\"og:title\" content=\"Les guerriers de l&#039;hiver, Olivier Norek, \u00c9ditions Michel Lafon - Surbook\u00e9\" \/>\n<meta property=\"og:description\" content=\"L&#039;agression de la Finlande par les arm\u00e9es staliniennes racont\u00e9e par un sp\u00e9cialiste des romans policiers. Un r\u00e9cit passionnant qui ne peut que donner du courage aux Ukrainiens.\" \/>\n<meta property=\"og:url\" content=\"https:\/\/surbooke.fr\/wordpress\/2024\/09\/23\/les-guerriers-de-lhiver-olivier-norek-editions-michel-lafon\/\" \/>\n<meta property=\"og:site_name\" content=\"Surbook\u00e9\" \/>\n<meta property=\"article:published_time\" content=\"2024-09-23T21:34:43+00:00\" \/>\n<meta property=\"article:modified_time\" content=\"2024-09-23T21:34:54+00:00\" \/>\n<meta property=\"og:image\" content=\"https:\/\/surbooke.fr\/wordpress\/wp-content\/uploads\/2024\/09\/Les-guerriers-de-lhiver-1.jpeg\" \/>\n\t<meta property=\"og:image:width\" content=\"225\" \/>\n\t<meta property=\"og:image:height\" content=\"225\" \/>\n\t<meta property=\"og:image:type\" content=\"image\/jpeg\" \/>\n<meta name=\"author\" content=\"Laurent Bisault\" \/>\n<meta name=\"twitter:card\" content=\"summary_large_image\" \/>\n<meta name=\"twitter:creator\" content=\"@LaurentBisault\" \/>\n<meta name=\"twitter:label1\" content=\"\u00c9crit par\" \/>\n\t<meta name=\"twitter:data1\" content=\"Laurent Bisault\" \/>\n\t<meta name=\"twitter:label2\" content=\"Dur\u00e9e de lecture estim\u00e9e\" \/>\n\t<meta name=\"twitter:data2\" content=\"3 minutes\" \/>\n<script type=\"application\/ld+json\" class=\"yoast-schema-graph\">{\"@context\":\"https:\\\/\\\/schema.org\",\"@graph\":[{\"@type\":\"Article\",\"@id\":\"https:\\\/\\\/surbooke.fr\\\/wordpress\\\/2024\\\/09\\\/23\\\/les-guerriers-de-lhiver-olivier-norek-editions-michel-lafon\\\/#article\",\"isPartOf\":{\"@id\":\"https:\\\/\\\/surbooke.fr\\\/wordpress\\\/2024\\\/09\\\/23\\\/les-guerriers-de-lhiver-olivier-norek-editions-michel-lafon\\\/\"},\"author\":{\"name\":\"Laurent Bisault\",\"@id\":\"https:\\\/\\\/surbooke.fr\\\/wordpress\\\/#\\\/schema\\\/person\\\/9c6be4d35203c76182c56b0e974807c6\"},\"headline\":\"Les guerriers de l&rsquo;hiver, Olivier Norek, \u00c9ditions Michel Lafon\",\"datePublished\":\"2024-09-23T21:34:43+00:00\",\"dateModified\":\"2024-09-23T21:34:54+00:00\",\"mainEntityOfPage\":{\"@id\":\"https:\\\/\\\/surbooke.fr\\\/wordpress\\\/2024\\\/09\\\/23\\\/les-guerriers-de-lhiver-olivier-norek-editions-michel-lafon\\\/\"},\"wordCount\":505,\"commentCount\":0,\"image\":{\"@id\":\"https:\\\/\\\/surbooke.fr\\\/wordpress\\\/2024\\\/09\\\/23\\\/les-guerriers-de-lhiver-olivier-norek-editions-michel-lafon\\\/#primaryimage\"},\"thumbnailUrl\":\"https:\\\/\\\/surbooke.fr\\\/wordpress\\\/wp-content\\\/uploads\\\/2024\\\/09\\\/Les-guerriers-de-lhiver-1.jpeg\",\"keywords\":[\"Michel Lafon\"],\"articleSection\":[\"histoire\",\"roman finlandais \ud83c\uddeb\ud83c\uddee\",\"roman fran\u00e7ais \ud83c\uddeb\ud83c\uddf7\",\"\ud83e\udd0d\"],\"inLanguage\":\"fr-FR\",\"potentialAction\":[{\"@type\":\"CommentAction\",\"name\":\"Comment\",\"target\":[\"https:\\\/\\\/surbooke.fr\\\/wordpress\\\/2024\\\/09\\\/23\\\/les-guerriers-de-lhiver-olivier-norek-editions-michel-lafon\\\/#respond\"]}]},{\"@type\":\"WebPage\",\"@id\":\"https:\\\/\\\/surbooke.fr\\\/wordpress\\\/2024\\\/09\\\/23\\\/les-guerriers-de-lhiver-olivier-norek-editions-michel-lafon\\\/\",\"url\":\"https:\\\/\\\/surbooke.fr\\\/wordpress\\\/2024\\\/09\\\/23\\\/les-guerriers-de-lhiver-olivier-norek-editions-michel-lafon\\\/\",\"name\":\"Les guerriers de l'hiver, Olivier Norek, \u00c9ditions Michel Lafon - Surbook\u00e9\",\"isPartOf\":{\"@id\":\"https:\\\/\\\/surbooke.fr\\\/wordpress\\\/#website\"},\"primaryImageOfPage\":{\"@id\":\"https:\\\/\\\/surbooke.fr\\\/wordpress\\\/2024\\\/09\\\/23\\\/les-guerriers-de-lhiver-olivier-norek-editions-michel-lafon\\\/#primaryimage\"},\"image\":{\"@id\":\"https:\\\/\\\/surbooke.fr\\\/wordpress\\\/2024\\\/09\\\/23\\\/les-guerriers-de-lhiver-olivier-norek-editions-michel-lafon\\\/#primaryimage\"},\"thumbnailUrl\":\"https:\\\/\\\/surbooke.fr\\\/wordpress\\\/wp-content\\\/uploads\\\/2024\\\/09\\\/Les-guerriers-de-lhiver-1.jpeg\",\"datePublished\":\"2024-09-23T21:34:43+00:00\",\"dateModified\":\"2024-09-23T21:34:54+00:00\",\"author\":{\"@id\":\"https:\\\/\\\/surbooke.fr\\\/wordpress\\\/#\\\/schema\\\/person\\\/9c6be4d35203c76182c56b0e974807c6\"},\"description\":\"L'agression de la Finlande par les arm\u00e9es staliniennes racont\u00e9e par un sp\u00e9cialiste des romans policiers. Un r\u00e9cit passionnant qui ne peut que donner du courage aux Ukrainiens.\",\"breadcrumb\":{\"@id\":\"https:\\\/\\\/surbooke.fr\\\/wordpress\\\/2024\\\/09\\\/23\\\/les-guerriers-de-lhiver-olivier-norek-editions-michel-lafon\\\/#breadcrumb\"},\"inLanguage\":\"fr-FR\",\"potentialAction\":[{\"@type\":\"ReadAction\",\"target\":[\"https:\\\/\\\/surbooke.fr\\\/wordpress\\\/2024\\\/09\\\/23\\\/les-guerriers-de-lhiver-olivier-norek-editions-michel-lafon\\\/\"]}]},{\"@type\":\"ImageObject\",\"inLanguage\":\"fr-FR\",\"@id\":\"https:\\\/\\\/surbooke.fr\\\/wordpress\\\/2024\\\/09\\\/23\\\/les-guerriers-de-lhiver-olivier-norek-editions-michel-lafon\\\/#primaryimage\",\"url\":\"https:\\\/\\\/surbooke.fr\\\/wordpress\\\/wp-content\\\/uploads\\\/2024\\\/09\\\/Les-guerriers-de-lhiver-1.jpeg\",\"contentUrl\":\"https:\\\/\\\/surbooke.fr\\\/wordpress\\\/wp-content\\\/uploads\\\/2024\\\/09\\\/Les-guerriers-de-lhiver-1.jpeg\",\"width\":225,\"height\":225},{\"@type\":\"BreadcrumbList\",\"@id\":\"https:\\\/\\\/surbooke.fr\\\/wordpress\\\/2024\\\/09\\\/23\\\/les-guerriers-de-lhiver-olivier-norek-editions-michel-lafon\\\/#breadcrumb\",\"itemListElement\":[{\"@type\":\"ListItem\",\"position\":1,\"name\":\"Accueil\",\"item\":\"https:\\\/\\\/surbooke.fr\\\/wordpress\\\/\"},{\"@type\":\"ListItem\",\"position\":2,\"name\":\"Les guerriers de l&#8217;hiver, Olivier Norek, \u00c9ditions Michel Lafon\"}]},{\"@type\":\"WebSite\",\"@id\":\"https:\\\/\\\/surbooke.fr\\\/wordpress\\\/#website\",\"url\":\"https:\\\/\\\/surbooke.fr\\\/wordpress\\\/\",\"name\":\"Surbook\u00e9\",\"description\":\"Le blog de Laurent Bisault\",\"potentialAction\":[{\"@type\":\"SearchAction\",\"target\":{\"@type\":\"EntryPoint\",\"urlTemplate\":\"https:\\\/\\\/surbooke.fr\\\/wordpress\\\/?s={search_term_string}\"},\"query-input\":{\"@type\":\"PropertyValueSpecification\",\"valueRequired\":true,\"valueName\":\"search_term_string\"}}],\"inLanguage\":\"fr-FR\"},{\"@type\":\"Person\",\"@id\":\"https:\\\/\\\/surbooke.fr\\\/wordpress\\\/#\\\/schema\\\/person\\\/9c6be4d35203c76182c56b0e974807c6\",\"name\":\"Laurent Bisault\",\"image\":{\"@type\":\"ImageObject\",\"inLanguage\":\"fr-FR\",\"@id\":\"https:\\\/\\\/secure.gravatar.com\\\/avatar\\\/3bcd2efdfc3a3e416bea3223d3dfcd7f8845e2ca0669671d0c7ed8e84e97bfc4?s=96&d=mm&r=g\",\"url\":\"https:\\\/\\\/secure.gravatar.com\\\/avatar\\\/3bcd2efdfc3a3e416bea3223d3dfcd7f8845e2ca0669671d0c7ed8e84e97bfc4?s=96&d=mm&r=g\",\"contentUrl\":\"https:\\\/\\\/secure.gravatar.com\\\/avatar\\\/3bcd2efdfc3a3e416bea3223d3dfcd7f8845e2ca0669671d0c7ed8e84e97bfc4?s=96&d=mm&r=g\",\"caption\":\"Laurent Bisault\"},\"sameAs\":[\"https:\\\/\\\/surbooke.fr\\\/wordpress\\\/\",\"https:\\\/\\\/x.com\\\/LaurentBisault\"],\"url\":\"https:\\\/\\\/surbooke.fr\\\/wordpress\\\/author\\\/surbooke\\\/\"}]}<\/script>\n<!-- \/ Yoast SEO plugin. -->","yoast_head_json":{"title":"Les guerriers de l'hiver, Olivier Norek, \u00c9ditions Michel Lafon - Surbook\u00e9","description":"L'agression de la Finlande par les arm\u00e9es staliniennes racont\u00e9e par un sp\u00e9cialiste des romans policiers. Un r\u00e9cit passionnant qui ne peut que donner du courage aux Ukrainiens.","robots":{"index":"index","follow":"follow","max-snippet":"max-snippet:-1","max-image-preview":"max-image-preview:large","max-video-preview":"max-video-preview:-1"},"canonical":"https:\/\/surbooke.fr\/wordpress\/2024\/09\/23\/les-guerriers-de-lhiver-olivier-norek-editions-michel-lafon\/","og_locale":"fr_FR","og_type":"article","og_title":"Les guerriers de l'hiver, Olivier Norek, \u00c9ditions Michel Lafon - Surbook\u00e9","og_description":"L'agression de la Finlande par les arm\u00e9es staliniennes racont\u00e9e par un sp\u00e9cialiste des romans policiers. Un r\u00e9cit passionnant qui ne peut que donner du courage aux Ukrainiens.","og_url":"https:\/\/surbooke.fr\/wordpress\/2024\/09\/23\/les-guerriers-de-lhiver-olivier-norek-editions-michel-lafon\/","og_site_name":"Surbook\u00e9","article_published_time":"2024-09-23T21:34:43+00:00","article_modified_time":"2024-09-23T21:34:54+00:00","og_image":[{"width":225,"height":225,"url":"https:\/\/surbooke.fr\/wordpress\/wp-content\/uploads\/2024\/09\/Les-guerriers-de-lhiver-1.jpeg","type":"image\/jpeg"}],"author":"Laurent Bisault","twitter_card":"summary_large_image","twitter_creator":"@LaurentBisault","twitter_misc":{"\u00c9crit par":"Laurent Bisault","Dur\u00e9e de lecture estim\u00e9e":"3 minutes"},"schema":{"@context":"https:\/\/schema.org","@graph":[{"@type":"Article","@id":"https:\/\/surbooke.fr\/wordpress\/2024\/09\/23\/les-guerriers-de-lhiver-olivier-norek-editions-michel-lafon\/#article","isPartOf":{"@id":"https:\/\/surbooke.fr\/wordpress\/2024\/09\/23\/les-guerriers-de-lhiver-olivier-norek-editions-michel-lafon\/"},"author":{"name":"Laurent Bisault","@id":"https:\/\/surbooke.fr\/wordpress\/#\/schema\/person\/9c6be4d35203c76182c56b0e974807c6"},"headline":"Les guerriers de l&rsquo;hiver, Olivier Norek, \u00c9ditions Michel Lafon","datePublished":"2024-09-23T21:34:43+00:00","dateModified":"2024-09-23T21:34:54+00:00","mainEntityOfPage":{"@id":"https:\/\/surbooke.fr\/wordpress\/2024\/09\/23\/les-guerriers-de-lhiver-olivier-norek-editions-michel-lafon\/"},"wordCount":505,"commentCount":0,"image":{"@id":"https:\/\/surbooke.fr\/wordpress\/2024\/09\/23\/les-guerriers-de-lhiver-olivier-norek-editions-michel-lafon\/#primaryimage"},"thumbnailUrl":"https:\/\/surbooke.fr\/wordpress\/wp-content\/uploads\/2024\/09\/Les-guerriers-de-lhiver-1.jpeg","keywords":["Michel Lafon"],"articleSection":["histoire","roman finlandais \ud83c\uddeb\ud83c\uddee","roman fran\u00e7ais \ud83c\uddeb\ud83c\uddf7","\ud83e\udd0d"],"inLanguage":"fr-FR","potentialAction":[{"@type":"CommentAction","name":"Comment","target":["https:\/\/surbooke.fr\/wordpress\/2024\/09\/23\/les-guerriers-de-lhiver-olivier-norek-editions-michel-lafon\/#respond"]}]},{"@type":"WebPage","@id":"https:\/\/surbooke.fr\/wordpress\/2024\/09\/23\/les-guerriers-de-lhiver-olivier-norek-editions-michel-lafon\/","url":"https:\/\/surbooke.fr\/wordpress\/2024\/09\/23\/les-guerriers-de-lhiver-olivier-norek-editions-michel-lafon\/","name":"Les guerriers de l'hiver, Olivier Norek, \u00c9ditions Michel Lafon - Surbook\u00e9","isPartOf":{"@id":"https:\/\/surbooke.fr\/wordpress\/#website"},"primaryImageOfPage":{"@id":"https:\/\/surbooke.fr\/wordpress\/2024\/09\/23\/les-guerriers-de-lhiver-olivier-norek-editions-michel-lafon\/#primaryimage"},"image":{"@id":"https:\/\/surbooke.fr\/wordpress\/2024\/09\/23\/les-guerriers-de-lhiver-olivier-norek-editions-michel-lafon\/#primaryimage"},"thumbnailUrl":"https:\/\/surbooke.fr\/wordpress\/wp-content\/uploads\/2024\/09\/Les-guerriers-de-lhiver-1.jpeg","datePublished":"2024-09-23T21:34:43+00:00","dateModified":"2024-09-23T21:34:54+00:00","author":{"@id":"https:\/\/surbooke.fr\/wordpress\/#\/schema\/person\/9c6be4d35203c76182c56b0e974807c6"},"description":"L'agression de la Finlande par les arm\u00e9es staliniennes racont\u00e9e par un sp\u00e9cialiste des romans policiers. Un r\u00e9cit passionnant qui ne peut que donner du courage aux Ukrainiens.","breadcrumb":{"@id":"https:\/\/surbooke.fr\/wordpress\/2024\/09\/23\/les-guerriers-de-lhiver-olivier-norek-editions-michel-lafon\/#breadcrumb"},"inLanguage":"fr-FR","potentialAction":[{"@type":"ReadAction","target":["https:\/\/surbooke.fr\/wordpress\/2024\/09\/23\/les-guerriers-de-lhiver-olivier-norek-editions-michel-lafon\/"]}]},{"@type":"ImageObject","inLanguage":"fr-FR","@id":"https:\/\/surbooke.fr\/wordpress\/2024\/09\/23\/les-guerriers-de-lhiver-olivier-norek-editions-michel-lafon\/#primaryimage","url":"https:\/\/surbooke.fr\/wordpress\/wp-content\/uploads\/2024\/09\/Les-guerriers-de-lhiver-1.jpeg","contentUrl":"https:\/\/surbooke.fr\/wordpress\/wp-content\/uploads\/2024\/09\/Les-guerriers-de-lhiver-1.jpeg","width":225,"height":225},{"@type":"BreadcrumbList","@id":"https:\/\/surbooke.fr\/wordpress\/2024\/09\/23\/les-guerriers-de-lhiver-olivier-norek-editions-michel-lafon\/#breadcrumb","itemListElement":[{"@type":"ListItem","position":1,"name":"Accueil","item":"https:\/\/surbooke.fr\/wordpress\/"},{"@type":"ListItem","position":2,"name":"Les guerriers de l&#8217;hiver, Olivier Norek, \u00c9ditions Michel Lafon"}]},{"@type":"WebSite","@id":"https:\/\/surbooke.fr\/wordpress\/#website","url":"https:\/\/surbooke.fr\/wordpress\/","name":"Surbook\u00e9","description":"Le blog de Laurent Bisault","potentialAction":[{"@type":"SearchAction","target":{"@type":"EntryPoint","urlTemplate":"https:\/\/surbooke.fr\/wordpress\/?s={search_term_string}"},"query-input":{"@type":"PropertyValueSpecification","valueRequired":true,"valueName":"search_term_string"}}],"inLanguage":"fr-FR"},{"@type":"Person","@id":"https:\/\/surbooke.fr\/wordpress\/#\/schema\/person\/9c6be4d35203c76182c56b0e974807c6","name":"Laurent Bisault","image":{"@type":"ImageObject","inLanguage":"fr-FR","@id":"https:\/\/secure.gravatar.com\/avatar\/3bcd2efdfc3a3e416bea3223d3dfcd7f8845e2ca0669671d0c7ed8e84e97bfc4?s=96&d=mm&r=g","url":"https:\/\/secure.gravatar.com\/avatar\/3bcd2efdfc3a3e416bea3223d3dfcd7f8845e2ca0669671d0c7ed8e84e97bfc4?s=96&d=mm&r=g","contentUrl":"https:\/\/secure.gravatar.com\/avatar\/3bcd2efdfc3a3e416bea3223d3dfcd7f8845e2ca0669671d0c7ed8e84e97bfc4?s=96&d=mm&r=g","caption":"Laurent Bisault"},"sameAs":["https:\/\/surbooke.fr\/wordpress\/","https:\/\/x.com\/LaurentBisault"],"url":"https:\/\/surbooke.fr\/wordpress\/author\/surbooke\/"}]}},"_links":{"self":[{"href":"https:\/\/surbooke.fr\/wordpress\/wp-json\/wp\/v2\/posts\/30265","targetHints":{"allow":["GET"]}}],"collection":[{"href":"https:\/\/surbooke.fr\/wordpress\/wp-json\/wp\/v2\/posts"}],"about":[{"href":"https:\/\/surbooke.fr\/wordpress\/wp-json\/wp\/v2\/types\/post"}],"author":[{"embeddable":true,"href":"https:\/\/surbooke.fr\/wordpress\/wp-json\/wp\/v2\/users\/8"}],"replies":[{"embeddable":true,"href":"https:\/\/surbooke.fr\/wordpress\/wp-json\/wp\/v2\/comments?post=30265"}],"version-history":[{"count":0,"href":"https:\/\/surbooke.fr\/wordpress\/wp-json\/wp\/v2\/posts\/30265\/revisions"}],"wp:featuredmedia":[{"embeddable":true,"href":"https:\/\/surbooke.fr\/wordpress\/wp-json\/wp\/v2\/media\/30269"}],"wp:attachment":[{"href":"https:\/\/surbooke.fr\/wordpress\/wp-json\/wp\/v2\/media?parent=30265"}],"wp:term":[{"taxonomy":"category","embeddable":true,"href":"https:\/\/surbooke.fr\/wordpress\/wp-json\/wp\/v2\/categories?post=30265"},{"taxonomy":"post_tag","embeddable":true,"href":"https:\/\/surbooke.fr\/wordpress\/wp-json\/wp\/v2\/tags?post=30265"}],"curies":[{"name":"wp","href":"https:\/\/api.w.org\/{rel}","templated":true}]}}