{"id":30904,"date":"2024-12-05T15:40:16","date_gmt":"2024-12-05T14:40:16","guid":{"rendered":"https:\/\/surbooke.fr\/wordpress\/?p=30904"},"modified":"2024-12-05T15:41:17","modified_gmt":"2024-12-05T14:41:17","slug":"noel-2024-prevoyez-de-la-place-sous-le-sapin","status":"publish","type":"post","link":"https:\/\/surbooke.fr\/wordpress\/2024\/12\/05\/noel-2024-prevoyez-de-la-place-sous-le-sapin\/","title":{"rendered":"No\u00ebl 2024 : pr\u00e9voyez de la place sous le sapin"},"content":{"rendered":"\n<p><strong>Je n&rsquo;ai jamais vu autant d&rsquo;excellents livres dans un seul semestre. <\/strong>Alors ne l\u00e9sinez pas pour No\u00ebl.<\/p>\n\n\n\n<figure class=\"wp-block-embed alignleft is-type-wp-embed is-provider-surbooke wp-block-embed-surbooke\"><div class=\"wp-block-embed__wrapper\">\n<blockquote class=\"wp-embedded-content\" data-secret=\"O7FGfmm0iL\"><a href=\"https:\/\/surbooke.fr\/wordpress\/2024\/12\/01\/moneda-stephane-keller-editions-du-toucan\/\">Moneda, St\u00e9phane Keller, \u00c9ditions du Toucan<\/a><\/blockquote><iframe loading=\"lazy\" class=\"wp-embedded-content\" sandbox=\"allow-scripts\" security=\"restricted\" style=\"position: absolute; visibility: hidden;\" title=\"\u00ab\u00a0Moneda, St\u00e9phane Keller, \u00c9ditions du Toucan\u00a0\u00bb &#8212; Surbook\u00e9\" src=\"https:\/\/surbooke.fr\/wordpress\/2024\/12\/01\/moneda-stephane-keller-editions-du-toucan\/embed\/#?secret=EkrKuQxqW7#?secret=O7FGfmm0iL\" data-secret=\"O7FGfmm0iL\" width=\"600\" height=\"338\" frameborder=\"0\" marginwidth=\"0\" marginheight=\"0\" scrolling=\"no\"><\/iframe>\n<\/div><figcaption class=\"wp-element-caption\">St\u00e9phane Keller a mis tout ce que j&rsquo;aime dans ce r\u00e9cit des derniers jours de Salvador Allende \u00e0 la t\u00eate du Chili.<\/figcaption><\/figure>\n\n\n\n<figure class=\"wp-block-embed alignleft is-type-wp-embed is-provider-surbooke wp-block-embed-surbooke\"><div class=\"wp-block-embed__wrapper\">\n<blockquote class=\"wp-embedded-content\" data-secret=\"TO1ImfKIrm\"><a href=\"https:\/\/surbooke.fr\/wordpress\/2024\/10\/27\/jacaranda-gael-faye-editions-grasset\/\">Jacaranda, Ga\u00ebl Faye, \u00c9ditions Grasset<\/a><\/blockquote><iframe loading=\"lazy\" class=\"wp-embedded-content\" sandbox=\"allow-scripts\" security=\"restricted\" style=\"position: absolute; visibility: hidden;\" title=\"\u00ab\u00a0Jacaranda, Ga\u00ebl Faye, \u00c9ditions Grasset\u00a0\u00bb &#8212; Surbook\u00e9\" src=\"https:\/\/surbooke.fr\/wordpress\/2024\/10\/27\/jacaranda-gael-faye-editions-grasset\/embed\/#?secret=pwoALygcIC#?secret=TO1ImfKIrm\" data-secret=\"TO1ImfKIrm\" width=\"600\" height=\"338\" frameborder=\"0\" marginwidth=\"0\" marginheight=\"0\" scrolling=\"no\"><\/iframe>\n<\/div><figcaption class=\"wp-element-caption\">Un sujet terrifiant trait\u00e9 pour la seconde fois avec brio et d\u00e9licatesse par Ga\u00ebl Faye.<\/figcaption><\/figure>\n\n\n\n<figure class=\"wp-block-embed alignleft is-type-wp-embed is-provider-surbooke wp-block-embed-surbooke\"><div class=\"wp-block-embed__wrapper\">\n<blockquote class=\"wp-embedded-content\" data-secret=\"iLn2s8NUDA\"><a href=\"https:\/\/surbooke.fr\/wordpress\/2024\/10\/20\/mater-dolorosa-jurica-pavicic-editions-agullo\/\">Mater Dolorosa, Jurica Pavi\u010di\u0107, \u00c9ditions Agullo<\/a><\/blockquote><iframe loading=\"lazy\" class=\"wp-embedded-content\" sandbox=\"allow-scripts\" security=\"restricted\" style=\"position: absolute; visibility: hidden;\" title=\"\u00ab\u00a0Mater Dolorosa, Jurica Pavi\u010di\u0107, \u00c9ditions Agullo\u00a0\u00bb &#8212; Surbook\u00e9\" src=\"https:\/\/surbooke.fr\/wordpress\/2024\/10\/20\/mater-dolorosa-jurica-pavicic-editions-agullo\/embed\/#?secret=0YJ3sokj7I#?secret=iLn2s8NUDA\" data-secret=\"iLn2s8NUDA\" width=\"600\" height=\"338\" frameborder=\"0\" marginwidth=\"0\" marginheight=\"0\" scrolling=\"no\"><\/iframe>\n<\/div><figcaption class=\"wp-element-caption\">Troisi\u00e8me roman, troisi\u00e8me r\u00e9ussite pour cet auteur croate qui est un des grands du polar europ\u00e9en.<\/figcaption><\/figure>\n\n\n\n<figure class=\"wp-block-embed alignleft is-type-wp-embed is-provider-surbooke wp-block-embed-surbooke\"><div class=\"wp-block-embed__wrapper\">\n<blockquote class=\"wp-embedded-content\" data-secret=\"X7zXMker2R\"><a href=\"https:\/\/surbooke.fr\/wordpress\/2024\/10\/13\/almah-une-jeunesse-viennoise-catherine-bardon-editions-les-escales\/\">Almah &#8211; Une jeunesse viennoise, Catherine Bardon, \u00c9ditions Les Escales<\/a><\/blockquote><iframe loading=\"lazy\" class=\"wp-embedded-content\" sandbox=\"allow-scripts\" security=\"restricted\" style=\"position: absolute; visibility: hidden;\" title=\"\u00ab\u00a0Almah &#8211; Une jeunesse viennoise, Catherine Bardon, \u00c9ditions Les Escales\u00a0\u00bb &#8212; Surbook\u00e9\" src=\"https:\/\/surbooke.fr\/wordpress\/2024\/10\/13\/almah-une-jeunesse-viennoise-catherine-bardon-editions-les-escales\/embed\/#?secret=y6jqJbxOCE#?secret=X7zXMker2R\" data-secret=\"X7zXMker2R\" width=\"600\" height=\"338\" frameborder=\"0\" marginwidth=\"0\" marginheight=\"0\" scrolling=\"no\"><\/iframe>\n<\/div><figcaption class=\"wp-element-caption\">Si vous avez d\u00e9j\u00e0 lu la saga des <em>D\u00e9racin\u00e9s<\/em>  vous retrouverez avec bonheur la belle Almah. Sinon vous savez ce qu&rsquo;il vous reste \u00e0 faire.<\/figcaption><\/figure>\n\n\n\n<figure class=\"wp-block-embed alignleft is-type-wp-embed is-provider-surbooke wp-block-embed-surbooke\"><div class=\"wp-block-embed__wrapper\">\n<blockquote class=\"wp-embedded-content\" data-secret=\"vgvLWLsSLm\"><a href=\"https:\/\/surbooke.fr\/wordpress\/2024\/10\/06\/tous-les-silences-arttu-tuominen-editions-de-la-martiniere\/\">Tous les silences, Arttu Tuominen, \u00c9ditions de la Martini\u00e8re<\/a><\/blockquote><iframe loading=\"lazy\" class=\"wp-embedded-content\" sandbox=\"allow-scripts\" security=\"restricted\" style=\"position: absolute; visibility: hidden;\" title=\"\u00ab\u00a0Tous les silences, Arttu Tuominen, \u00c9ditions de la Martini\u00e8re\u00a0\u00bb &#8212; Surbook\u00e9\" src=\"https:\/\/surbooke.fr\/wordpress\/2024\/10\/06\/tous-les-silences-arttu-tuominen-editions-de-la-martiniere\/embed\/#?secret=Yl6peTxZTe#?secret=vgvLWLsSLm\" data-secret=\"vgvLWLsSLm\" width=\"600\" height=\"338\" frameborder=\"0\" marginwidth=\"0\" marginheight=\"0\" scrolling=\"no\"><\/iframe>\n<\/div><figcaption class=\"wp-element-caption\">Sans doute  le meilleur polar nordique depuis le premier tome de <em>Millenium<\/em>.<\/figcaption><\/figure>\n\n\n\n<figure class=\"wp-block-embed alignleft is-type-wp-embed is-provider-surbooke wp-block-embed-surbooke\"><div class=\"wp-block-embed__wrapper\">\n<blockquote class=\"wp-embedded-content\" data-secret=\"yOPYnhZBjO\"><a href=\"https:\/\/surbooke.fr\/wordpress\/2024\/09\/29\/la-vie-qui-reste-roberta-recchia-editions-istya-slatkine-cie\/\">La vie qui reste, Roberta Recchia, \u00c9ditions Istya\/Slatkine &#038; Cie<\/a><\/blockquote><iframe loading=\"lazy\" class=\"wp-embedded-content\" sandbox=\"allow-scripts\" security=\"restricted\" style=\"position: absolute; visibility: hidden;\" title=\"\u00ab\u00a0La vie qui reste, Roberta Recchia, \u00c9ditions Istya\/Slatkine &#038; Cie\u00a0\u00bb &#8212; Surbook\u00e9\" src=\"https:\/\/surbooke.fr\/wordpress\/2024\/09\/29\/la-vie-qui-reste-roberta-recchia-editions-istya-slatkine-cie\/embed\/#?secret=KIDkBhKavB#?secret=yOPYnhZBjO\" data-secret=\"yOPYnhZBjO\" width=\"600\" height=\"338\" frameborder=\"0\" marginwidth=\"0\" marginheight=\"0\" scrolling=\"no\"><\/iframe>\n<\/div><figcaption class=\"wp-element-caption\">Une immense r\u00e9ussite pour cette autrice jusque-l\u00e0 inconnue en France.<\/figcaption><\/figure>\n\n\n\n<figure class=\"wp-block-embed alignleft is-type-wp-embed is-provider-surbooke wp-block-embed-surbooke\"><div class=\"wp-block-embed__wrapper\">\n<blockquote class=\"wp-embedded-content\" data-secret=\"NMA0Sq8dDo\"><a href=\"https:\/\/surbooke.fr\/wordpress\/2024\/09\/23\/les-guerriers-de-lhiver-olivier-norek-editions-michel-lafon\/\">Les guerriers de l&rsquo;hiver, Olivier Norek, \u00c9ditions Michel Lafon<\/a><\/blockquote><iframe loading=\"lazy\" class=\"wp-embedded-content\" sandbox=\"allow-scripts\" security=\"restricted\" style=\"position: absolute; visibility: hidden;\" title=\"\u00ab\u00a0Les guerriers de l&rsquo;hiver, Olivier Norek, \u00c9ditions Michel Lafon\u00a0\u00bb &#8212; Surbook\u00e9\" src=\"https:\/\/surbooke.fr\/wordpress\/2024\/09\/23\/les-guerriers-de-lhiver-olivier-norek-editions-michel-lafon\/embed\/#?secret=iG4u3E7hmP#?secret=NMA0Sq8dDo\" data-secret=\"NMA0Sq8dDo\" width=\"600\" height=\"338\" frameborder=\"0\" marginwidth=\"0\" marginheight=\"0\" scrolling=\"no\"><\/iframe>\n<\/div><figcaption class=\"wp-element-caption\">Quand Norek s&rsquo;essaye au roman historique, il fait mouche.<\/figcaption><\/figure>\n\n\n\n<figure class=\"wp-block-embed alignleft is-type-wp-embed is-provider-surbooke wp-block-embed-surbooke\"><div class=\"wp-block-embed__wrapper\">\n<blockquote class=\"wp-embedded-content\" data-secret=\"kUhK5RqkSp\"><a href=\"https:\/\/surbooke.fr\/wordpress\/2024\/09\/19\/les-brumes-du-passe-leonardo-padura-editions-metailie\/\">Les brumes du pass\u00e9, Leonardo Padura, \u00c9ditions M\u00e9taili\u00e9<\/a><\/blockquote><iframe loading=\"lazy\" class=\"wp-embedded-content\" sandbox=\"allow-scripts\" security=\"restricted\" style=\"position: absolute; visibility: hidden;\" title=\"\u00ab\u00a0Les brumes du pass\u00e9, Leonardo Padura, \u00c9ditions M\u00e9taili\u00e9\u00a0\u00bb &#8212; Surbook\u00e9\" src=\"https:\/\/surbooke.fr\/wordpress\/2024\/09\/19\/les-brumes-du-passe-leonardo-padura-editions-metailie\/embed\/#?secret=hILl7GA7Y7#?secret=kUhK5RqkSp\" data-secret=\"kUhK5RqkSp\" width=\"600\" height=\"338\" frameborder=\"0\" marginwidth=\"0\" marginheight=\"0\" scrolling=\"no\"><\/iframe>\n<\/div><figcaption class=\"wp-element-caption\">Tout ce qu&rsquo;\u00e9crit Leonardo Padura est magnifique. Et en plus il y a les femmes cubaines&#8230;<\/figcaption><\/figure>\n\n\n\n<figure class=\"wp-block-embed alignleft is-type-wp-embed is-provider-surbooke wp-block-embed-surbooke\"><div class=\"wp-block-embed__wrapper\">\n<blockquote class=\"wp-embedded-content\" data-secret=\"z3xnW4zNbr\"><a href=\"https:\/\/surbooke.fr\/wordpress\/2024\/09\/16\/madelaine-avant-laube-sandrine-collette-editions-de-lepee\/\">Madelaine avant l&rsquo;aube, Sandrine Collette, \u00c9ditions de l&rsquo;\u00c9p\u00e9e<\/a><\/blockquote><iframe loading=\"lazy\" class=\"wp-embedded-content\" sandbox=\"allow-scripts\" security=\"restricted\" style=\"position: absolute; visibility: hidden;\" title=\"\u00ab\u00a0Madelaine avant l&rsquo;aube, Sandrine Collette, \u00c9ditions de l&rsquo;\u00c9p\u00e9e\u00a0\u00bb &#8212; Surbook\u00e9\" src=\"https:\/\/surbooke.fr\/wordpress\/2024\/09\/16\/madelaine-avant-laube-sandrine-collette-editions-de-lepee\/embed\/#?secret=Aie4I14q1x#?secret=z3xnW4zNbr\" data-secret=\"z3xnW4zNbr\" width=\"600\" height=\"338\" frameborder=\"0\" marginwidth=\"0\" marginheight=\"0\" scrolling=\"no\"><\/iframe>\n<\/div><figcaption class=\"wp-element-caption\">Un roman couronn\u00e9 par le Goncourt des lyc\u00e9ens. Les jeunes lecteurs ont meilleur go\u00fbt que leurs a\u00een\u00e9s !<\/figcaption><\/figure>\n\n\n\n<figure class=\"wp-block-embed alignleft is-type-wp-embed is-provider-surbooke wp-block-embed-surbooke\"><div class=\"wp-block-embed__wrapper\">\n<blockquote class=\"wp-embedded-content\" data-secret=\"ndJyMKIAIx\"><a href=\"https:\/\/surbooke.fr\/wordpress\/2024\/08\/29\/la-mort-du-roi-tsongor-laurent-gaude-editions-actes-sud\/\">La mort du roi Tsongor, Laurent Gaud\u00e9, \u00c9ditions Actes Sud<\/a><\/blockquote><iframe loading=\"lazy\" class=\"wp-embedded-content\" sandbox=\"allow-scripts\" security=\"restricted\" style=\"position: absolute; visibility: hidden;\" title=\"\u00ab\u00a0La mort du roi Tsongor, Laurent Gaud\u00e9, \u00c9ditions Actes Sud\u00a0\u00bb &#8212; Surbook\u00e9\" src=\"https:\/\/surbooke.fr\/wordpress\/2024\/08\/29\/la-mort-du-roi-tsongor-laurent-gaude-editions-actes-sud\/embed\/#?secret=uRTN8DDLJx#?secret=ndJyMKIAIx\" data-secret=\"ndJyMKIAIx\" width=\"600\" height=\"338\" frameborder=\"0\" marginwidth=\"0\" marginheight=\"0\" scrolling=\"no\"><\/iframe>\n<\/div><figcaption class=\"wp-element-caption\">Ce bouquin sorti il y a plus de vingt ans est toujours aussi beau.<\/figcaption><\/figure>\n\n\n\n<p><\/p>\n","protected":false},"excerpt":{"rendered":"<p>Je n&rsquo;ai jamais vu autant d&rsquo;excellents livres dans un seul semestre. Alors ne l\u00e9sinez pas pour No\u00ebl.<\/p>\n","protected":false},"author":8,"featured_media":30930,"comment_status":"open","ping_status":"open","sticky":false,"template":"","format":"standard","meta":{"footnotes":""},"categories":[146],"tags":[],"class_list":["post-30904","post","type-post","status-publish","format-standard","has-post-thumbnail","hentry","category-liste-de-livres-"],"yoast_head":"<!-- This site is optimized with the Yoast SEO plugin v27.5 - https:\/\/yoast.com\/product\/yoast-seo-wordpress\/ -->\n<title>No\u00ebl 2024 : pr\u00e9voyez de la place sous le sapin - Surbook\u00e9<\/title>\n<meta name=\"description\" content=\"Quels livres offrir \u00e0 No\u00ebl ?\" \/>\n<meta name=\"robots\" content=\"index, follow, max-snippet:-1, max-image-preview:large, max-video-preview:-1\" \/>\n<link rel=\"canonical\" href=\"https:\/\/surbooke.fr\/wordpress\/2024\/12\/05\/noel-2024-prevoyez-de-la-place-sous-le-sapin\/\" \/>\n<meta property=\"og:locale\" content=\"fr_FR\" \/>\n<meta property=\"og:type\" content=\"article\" \/>\n<meta property=\"og:title\" content=\"No\u00ebl 2024 : pr\u00e9voyez de la place sous le sapin - Surbook\u00e9\" \/>\n<meta property=\"og:description\" content=\"Quels livres offrir \u00e0 No\u00ebl ?\" \/>\n<meta property=\"og:url\" content=\"https:\/\/surbooke.fr\/wordpress\/2024\/12\/05\/noel-2024-prevoyez-de-la-place-sous-le-sapin\/\" \/>\n<meta property=\"og:site_name\" content=\"Surbook\u00e9\" \/>\n<meta property=\"article:published_time\" content=\"2024-12-05T14:40:16+00:00\" \/>\n<meta property=\"article:modified_time\" content=\"2024-12-05T14:41:17+00:00\" \/>\n<meta property=\"og:image\" content=\"https:\/\/surbooke.fr\/wordpress\/wp-content\/uploads\/2024\/12\/Des-livres-pour-Noel.jpeg\" \/>\n\t<meta property=\"og:image:width\" content=\"190\" \/>\n\t<meta property=\"og:image:height\" content=\"265\" \/>\n\t<meta property=\"og:image:type\" content=\"image\/jpeg\" \/>\n<meta name=\"author\" content=\"Laurent Bisault\" \/>\n<meta name=\"twitter:card\" content=\"summary_large_image\" \/>\n<meta name=\"twitter:creator\" content=\"@LaurentBisault\" \/>\n<meta name=\"twitter:label1\" content=\"\u00c9crit par\" \/>\n\t<meta name=\"twitter:data1\" content=\"Laurent Bisault\" \/>\n\t<meta name=\"twitter:label2\" content=\"Dur\u00e9e de lecture estim\u00e9e\" \/>\n\t<meta name=\"twitter:data2\" content=\"1 minute\" \/>\n<script type=\"application\/ld+json\" class=\"yoast-schema-graph\">{\"@context\":\"https:\\\/\\\/schema.org\",\"@graph\":[{\"@type\":\"Article\",\"@id\":\"https:\\\/\\\/surbooke.fr\\\/wordpress\\\/2024\\\/12\\\/05\\\/noel-2024-prevoyez-de-la-place-sous-le-sapin\\\/#article\",\"isPartOf\":{\"@id\":\"https:\\\/\\\/surbooke.fr\\\/wordpress\\\/2024\\\/12\\\/05\\\/noel-2024-prevoyez-de-la-place-sous-le-sapin\\\/\"},\"author\":{\"name\":\"Laurent Bisault\",\"@id\":\"https:\\\/\\\/surbooke.fr\\\/wordpress\\\/#\\\/schema\\\/person\\\/9c6be4d35203c76182c56b0e974807c6\"},\"headline\":\"No\u00ebl 2024 : pr\u00e9voyez de la place sous le sapin\",\"datePublished\":\"2024-12-05T14:40:16+00:00\",\"dateModified\":\"2024-12-05T14:41:17+00:00\",\"mainEntityOfPage\":{\"@id\":\"https:\\\/\\\/surbooke.fr\\\/wordpress\\\/2024\\\/12\\\/05\\\/noel-2024-prevoyez-de-la-place-sous-le-sapin\\\/\"},\"wordCount\":256,\"commentCount\":2,\"image\":{\"@id\":\"https:\\\/\\\/surbooke.fr\\\/wordpress\\\/2024\\\/12\\\/05\\\/noel-2024-prevoyez-de-la-place-sous-le-sapin\\\/#primaryimage\"},\"thumbnailUrl\":\"https:\\\/\\\/surbooke.fr\\\/wordpress\\\/wp-content\\\/uploads\\\/2024\\\/12\\\/Des-livres-pour-Noel.jpeg\",\"articleSection\":[\"liste de livres \ud83d\udcd6\"],\"inLanguage\":\"fr-FR\",\"potentialAction\":[{\"@type\":\"CommentAction\",\"name\":\"Comment\",\"target\":[\"https:\\\/\\\/surbooke.fr\\\/wordpress\\\/2024\\\/12\\\/05\\\/noel-2024-prevoyez-de-la-place-sous-le-sapin\\\/#respond\"]}]},{\"@type\":\"WebPage\",\"@id\":\"https:\\\/\\\/surbooke.fr\\\/wordpress\\\/2024\\\/12\\\/05\\\/noel-2024-prevoyez-de-la-place-sous-le-sapin\\\/\",\"url\":\"https:\\\/\\\/surbooke.fr\\\/wordpress\\\/2024\\\/12\\\/05\\\/noel-2024-prevoyez-de-la-place-sous-le-sapin\\\/\",\"name\":\"No\u00ebl 2024 : pr\u00e9voyez de la place sous le sapin - Surbook\u00e9\",\"isPartOf\":{\"@id\":\"https:\\\/\\\/surbooke.fr\\\/wordpress\\\/#website\"},\"primaryImageOfPage\":{\"@id\":\"https:\\\/\\\/surbooke.fr\\\/wordpress\\\/2024\\\/12\\\/05\\\/noel-2024-prevoyez-de-la-place-sous-le-sapin\\\/#primaryimage\"},\"image\":{\"@id\":\"https:\\\/\\\/surbooke.fr\\\/wordpress\\\/2024\\\/12\\\/05\\\/noel-2024-prevoyez-de-la-place-sous-le-sapin\\\/#primaryimage\"},\"thumbnailUrl\":\"https:\\\/\\\/surbooke.fr\\\/wordpress\\\/wp-content\\\/uploads\\\/2024\\\/12\\\/Des-livres-pour-Noel.jpeg\",\"datePublished\":\"2024-12-05T14:40:16+00:00\",\"dateModified\":\"2024-12-05T14:41:17+00:00\",\"author\":{\"@id\":\"https:\\\/\\\/surbooke.fr\\\/wordpress\\\/#\\\/schema\\\/person\\\/9c6be4d35203c76182c56b0e974807c6\"},\"description\":\"Quels livres offrir \u00e0 No\u00ebl ?\",\"breadcrumb\":{\"@id\":\"https:\\\/\\\/surbooke.fr\\\/wordpress\\\/2024\\\/12\\\/05\\\/noel-2024-prevoyez-de-la-place-sous-le-sapin\\\/#breadcrumb\"},\"inLanguage\":\"fr-FR\",\"potentialAction\":[{\"@type\":\"ReadAction\",\"target\":[\"https:\\\/\\\/surbooke.fr\\\/wordpress\\\/2024\\\/12\\\/05\\\/noel-2024-prevoyez-de-la-place-sous-le-sapin\\\/\"]}]},{\"@type\":\"ImageObject\",\"inLanguage\":\"fr-FR\",\"@id\":\"https:\\\/\\\/surbooke.fr\\\/wordpress\\\/2024\\\/12\\\/05\\\/noel-2024-prevoyez-de-la-place-sous-le-sapin\\\/#primaryimage\",\"url\":\"https:\\\/\\\/surbooke.fr\\\/wordpress\\\/wp-content\\\/uploads\\\/2024\\\/12\\\/Des-livres-pour-Noel.jpeg\",\"contentUrl\":\"https:\\\/\\\/surbooke.fr\\\/wordpress\\\/wp-content\\\/uploads\\\/2024\\\/12\\\/Des-livres-pour-Noel.jpeg\",\"width\":190,\"height\":265},{\"@type\":\"BreadcrumbList\",\"@id\":\"https:\\\/\\\/surbooke.fr\\\/wordpress\\\/2024\\\/12\\\/05\\\/noel-2024-prevoyez-de-la-place-sous-le-sapin\\\/#breadcrumb\",\"itemListElement\":[{\"@type\":\"ListItem\",\"position\":1,\"name\":\"Accueil\",\"item\":\"https:\\\/\\\/surbooke.fr\\\/wordpress\\\/\"},{\"@type\":\"ListItem\",\"position\":2,\"name\":\"No\u00ebl 2024 : pr\u00e9voyez de la place sous le sapin\"}]},{\"@type\":\"WebSite\",\"@id\":\"https:\\\/\\\/surbooke.fr\\\/wordpress\\\/#website\",\"url\":\"https:\\\/\\\/surbooke.fr\\\/wordpress\\\/\",\"name\":\"Surbook\u00e9\",\"description\":\"Le blog de Laurent Bisault\",\"potentialAction\":[{\"@type\":\"SearchAction\",\"target\":{\"@type\":\"EntryPoint\",\"urlTemplate\":\"https:\\\/\\\/surbooke.fr\\\/wordpress\\\/?s={search_term_string}\"},\"query-input\":{\"@type\":\"PropertyValueSpecification\",\"valueRequired\":true,\"valueName\":\"search_term_string\"}}],\"inLanguage\":\"fr-FR\"},{\"@type\":\"Person\",\"@id\":\"https:\\\/\\\/surbooke.fr\\\/wordpress\\\/#\\\/schema\\\/person\\\/9c6be4d35203c76182c56b0e974807c6\",\"name\":\"Laurent Bisault\",\"image\":{\"@type\":\"ImageObject\",\"inLanguage\":\"fr-FR\",\"@id\":\"https:\\\/\\\/secure.gravatar.com\\\/avatar\\\/3bcd2efdfc3a3e416bea3223d3dfcd7f8845e2ca0669671d0c7ed8e84e97bfc4?s=96&d=mm&r=g\",\"url\":\"https:\\\/\\\/secure.gravatar.com\\\/avatar\\\/3bcd2efdfc3a3e416bea3223d3dfcd7f8845e2ca0669671d0c7ed8e84e97bfc4?s=96&d=mm&r=g\",\"contentUrl\":\"https:\\\/\\\/secure.gravatar.com\\\/avatar\\\/3bcd2efdfc3a3e416bea3223d3dfcd7f8845e2ca0669671d0c7ed8e84e97bfc4?s=96&d=mm&r=g\",\"caption\":\"Laurent Bisault\"},\"sameAs\":[\"https:\\\/\\\/surbooke.fr\\\/wordpress\\\/\",\"https:\\\/\\\/x.com\\\/LaurentBisault\"],\"url\":\"https:\\\/\\\/surbooke.fr\\\/wordpress\\\/author\\\/surbooke\\\/\"}]}<\/script>\n<!-- \/ Yoast SEO plugin. -->","yoast_head_json":{"title":"No\u00ebl 2024 : pr\u00e9voyez de la place sous le sapin - Surbook\u00e9","description":"Quels livres offrir \u00e0 No\u00ebl ?","robots":{"index":"index","follow":"follow","max-snippet":"max-snippet:-1","max-image-preview":"max-image-preview:large","max-video-preview":"max-video-preview:-1"},"canonical":"https:\/\/surbooke.fr\/wordpress\/2024\/12\/05\/noel-2024-prevoyez-de-la-place-sous-le-sapin\/","og_locale":"fr_FR","og_type":"article","og_title":"No\u00ebl 2024 : pr\u00e9voyez de la place sous le sapin - Surbook\u00e9","og_description":"Quels livres offrir \u00e0 No\u00ebl ?","og_url":"https:\/\/surbooke.fr\/wordpress\/2024\/12\/05\/noel-2024-prevoyez-de-la-place-sous-le-sapin\/","og_site_name":"Surbook\u00e9","article_published_time":"2024-12-05T14:40:16+00:00","article_modified_time":"2024-12-05T14:41:17+00:00","og_image":[{"width":190,"height":265,"url":"https:\/\/surbooke.fr\/wordpress\/wp-content\/uploads\/2024\/12\/Des-livres-pour-Noel.jpeg","type":"image\/jpeg"}],"author":"Laurent Bisault","twitter_card":"summary_large_image","twitter_creator":"@LaurentBisault","twitter_misc":{"\u00c9crit par":"Laurent Bisault","Dur\u00e9e de lecture estim\u00e9e":"1 minute"},"schema":{"@context":"https:\/\/schema.org","@graph":[{"@type":"Article","@id":"https:\/\/surbooke.fr\/wordpress\/2024\/12\/05\/noel-2024-prevoyez-de-la-place-sous-le-sapin\/#article","isPartOf":{"@id":"https:\/\/surbooke.fr\/wordpress\/2024\/12\/05\/noel-2024-prevoyez-de-la-place-sous-le-sapin\/"},"author":{"name":"Laurent Bisault","@id":"https:\/\/surbooke.fr\/wordpress\/#\/schema\/person\/9c6be4d35203c76182c56b0e974807c6"},"headline":"No\u00ebl 2024 : pr\u00e9voyez de la place sous le sapin","datePublished":"2024-12-05T14:40:16+00:00","dateModified":"2024-12-05T14:41:17+00:00","mainEntityOfPage":{"@id":"https:\/\/surbooke.fr\/wordpress\/2024\/12\/05\/noel-2024-prevoyez-de-la-place-sous-le-sapin\/"},"wordCount":256,"commentCount":2,"image":{"@id":"https:\/\/surbooke.fr\/wordpress\/2024\/12\/05\/noel-2024-prevoyez-de-la-place-sous-le-sapin\/#primaryimage"},"thumbnailUrl":"https:\/\/surbooke.fr\/wordpress\/wp-content\/uploads\/2024\/12\/Des-livres-pour-Noel.jpeg","articleSection":["liste de livres \ud83d\udcd6"],"inLanguage":"fr-FR","potentialAction":[{"@type":"CommentAction","name":"Comment","target":["https:\/\/surbooke.fr\/wordpress\/2024\/12\/05\/noel-2024-prevoyez-de-la-place-sous-le-sapin\/#respond"]}]},{"@type":"WebPage","@id":"https:\/\/surbooke.fr\/wordpress\/2024\/12\/05\/noel-2024-prevoyez-de-la-place-sous-le-sapin\/","url":"https:\/\/surbooke.fr\/wordpress\/2024\/12\/05\/noel-2024-prevoyez-de-la-place-sous-le-sapin\/","name":"No\u00ebl 2024 : pr\u00e9voyez de la place sous le sapin - Surbook\u00e9","isPartOf":{"@id":"https:\/\/surbooke.fr\/wordpress\/#website"},"primaryImageOfPage":{"@id":"https:\/\/surbooke.fr\/wordpress\/2024\/12\/05\/noel-2024-prevoyez-de-la-place-sous-le-sapin\/#primaryimage"},"image":{"@id":"https:\/\/surbooke.fr\/wordpress\/2024\/12\/05\/noel-2024-prevoyez-de-la-place-sous-le-sapin\/#primaryimage"},"thumbnailUrl":"https:\/\/surbooke.fr\/wordpress\/wp-content\/uploads\/2024\/12\/Des-livres-pour-Noel.jpeg","datePublished":"2024-12-05T14:40:16+00:00","dateModified":"2024-12-05T14:41:17+00:00","author":{"@id":"https:\/\/surbooke.fr\/wordpress\/#\/schema\/person\/9c6be4d35203c76182c56b0e974807c6"},"description":"Quels livres offrir \u00e0 No\u00ebl ?","breadcrumb":{"@id":"https:\/\/surbooke.fr\/wordpress\/2024\/12\/05\/noel-2024-prevoyez-de-la-place-sous-le-sapin\/#breadcrumb"},"inLanguage":"fr-FR","potentialAction":[{"@type":"ReadAction","target":["https:\/\/surbooke.fr\/wordpress\/2024\/12\/05\/noel-2024-prevoyez-de-la-place-sous-le-sapin\/"]}]},{"@type":"ImageObject","inLanguage":"fr-FR","@id":"https:\/\/surbooke.fr\/wordpress\/2024\/12\/05\/noel-2024-prevoyez-de-la-place-sous-le-sapin\/#primaryimage","url":"https:\/\/surbooke.fr\/wordpress\/wp-content\/uploads\/2024\/12\/Des-livres-pour-Noel.jpeg","contentUrl":"https:\/\/surbooke.fr\/wordpress\/wp-content\/uploads\/2024\/12\/Des-livres-pour-Noel.jpeg","width":190,"height":265},{"@type":"BreadcrumbList","@id":"https:\/\/surbooke.fr\/wordpress\/2024\/12\/05\/noel-2024-prevoyez-de-la-place-sous-le-sapin\/#breadcrumb","itemListElement":[{"@type":"ListItem","position":1,"name":"Accueil","item":"https:\/\/surbooke.fr\/wordpress\/"},{"@type":"ListItem","position":2,"name":"No\u00ebl 2024 : pr\u00e9voyez de la place sous le sapin"}]},{"@type":"WebSite","@id":"https:\/\/surbooke.fr\/wordpress\/#website","url":"https:\/\/surbooke.fr\/wordpress\/","name":"Surbook\u00e9","description":"Le blog de Laurent Bisault","potentialAction":[{"@type":"SearchAction","target":{"@type":"EntryPoint","urlTemplate":"https:\/\/surbooke.fr\/wordpress\/?s={search_term_string}"},"query-input":{"@type":"PropertyValueSpecification","valueRequired":true,"valueName":"search_term_string"}}],"inLanguage":"fr-FR"},{"@type":"Person","@id":"https:\/\/surbooke.fr\/wordpress\/#\/schema\/person\/9c6be4d35203c76182c56b0e974807c6","name":"Laurent Bisault","image":{"@type":"ImageObject","inLanguage":"fr-FR","@id":"https:\/\/secure.gravatar.com\/avatar\/3bcd2efdfc3a3e416bea3223d3dfcd7f8845e2ca0669671d0c7ed8e84e97bfc4?s=96&d=mm&r=g","url":"https:\/\/secure.gravatar.com\/avatar\/3bcd2efdfc3a3e416bea3223d3dfcd7f8845e2ca0669671d0c7ed8e84e97bfc4?s=96&d=mm&r=g","contentUrl":"https:\/\/secure.gravatar.com\/avatar\/3bcd2efdfc3a3e416bea3223d3dfcd7f8845e2ca0669671d0c7ed8e84e97bfc4?s=96&d=mm&r=g","caption":"Laurent Bisault"},"sameAs":["https:\/\/surbooke.fr\/wordpress\/","https:\/\/x.com\/LaurentBisault"],"url":"https:\/\/surbooke.fr\/wordpress\/author\/surbooke\/"}]}},"_links":{"self":[{"href":"https:\/\/surbooke.fr\/wordpress\/wp-json\/wp\/v2\/posts\/30904","targetHints":{"allow":["GET"]}}],"collection":[{"href":"https:\/\/surbooke.fr\/wordpress\/wp-json\/wp\/v2\/posts"}],"about":[{"href":"https:\/\/surbooke.fr\/wordpress\/wp-json\/wp\/v2\/types\/post"}],"author":[{"embeddable":true,"href":"https:\/\/surbooke.fr\/wordpress\/wp-json\/wp\/v2\/users\/8"}],"replies":[{"embeddable":true,"href":"https:\/\/surbooke.fr\/wordpress\/wp-json\/wp\/v2\/comments?post=30904"}],"version-history":[{"count":0,"href":"https:\/\/surbooke.fr\/wordpress\/wp-json\/wp\/v2\/posts\/30904\/revisions"}],"wp:featuredmedia":[{"embeddable":true,"href":"https:\/\/surbooke.fr\/wordpress\/wp-json\/wp\/v2\/media\/30930"}],"wp:attachment":[{"href":"https:\/\/surbooke.fr\/wordpress\/wp-json\/wp\/v2\/media?parent=30904"}],"wp:term":[{"taxonomy":"category","embeddable":true,"href":"https:\/\/surbooke.fr\/wordpress\/wp-json\/wp\/v2\/categories?post=30904"},{"taxonomy":"post_tag","embeddable":true,"href":"https:\/\/surbooke.fr\/wordpress\/wp-json\/wp\/v2\/tags?post=30904"}],"curies":[{"name":"wp","href":"https:\/\/api.w.org\/{rel}","templated":true}]}}