{"id":33988,"date":"2025-10-26T14:47:24","date_gmt":"2025-10-26T13:47:24","guid":{"rendered":"https:\/\/surbooke.fr\/wordpress\/?p=33988"},"modified":"2025-10-26T14:47:29","modified_gmt":"2025-10-26T13:47:29","slug":"que-sobscurcissent-le-soleil-et-la-lumiere-frederic-paulin-editions-agullo","status":"publish","type":"post","link":"https:\/\/surbooke.fr\/wordpress\/2025\/10\/26\/que-sobscurcissent-le-soleil-et-la-lumiere-frederic-paulin-editions-agullo\/","title":{"rendered":"Que s&rsquo;obscurcissent le soleil et la lumi\u00e8re, Fr\u00e9d\u00e9ric Paulin, \u00c9ditions Agullo"},"content":{"rendered":"\n<p><strong>17 septembre 1986,<\/strong> <strong>Paris<\/strong> <strong>est<\/strong> <strong>\u00e0<\/strong> <strong>feu<\/strong> <strong>et<\/strong> <strong>\u00e0<\/strong> <strong>sang<\/strong>. Cette fois c&rsquo;est rue de Rennes que l&rsquo;explosion a eu lieu. Ils ont balanc\u00e9 un objet pi\u00e9g\u00e9 dans une poubelle avec de la limaille et des clous. Il y a six ou sept morts et une centaine de bless\u00e9s. Chirac, Pasqua, Pandraud, Marchiani et consorts passent en revue les deux hypoth\u00e8ses. Georges Ibrahim Abdallah et les Fractions arm\u00e9es r\u00e9volutionnaires libanaises (FARL) soutenues par la Syrie, ou le Hezbollah et l&rsquo;Iran. La piste libanaise permet de pr\u00e9server les relations entre Paris et T\u00e9h\u00e9ran, mais au m\u00eame moment \u00e0 Beyrouth des Chiites abattent l&rsquo;attach\u00e9 militaire fran\u00e7ais. Sandra Gagliago magistrate \u00e0 la 14e section du parquet de Paris une instance anti-terroriste, doute de la th\u00e8se officielle. Son compagnon Nicolas Caillaux, commissaire aux Renseignements g\u00e9n\u00e9raux (RG), aussi. Le 17 novembre Paris paye un tiers de la dette Eurodif \u00e0 T\u00e9h\u00e9ran. M\u00eame si l&rsquo;\u00c9tat fran\u00e7ais refuse de livrer de l&rsquo;uranium enrichi, Pasqua esp\u00e8re que l&rsquo;argent vers\u00e9 permettra de r\u00e9cup\u00e9rer les otages fran\u00e7ais d\u00e9tenus au Liban. Le m\u00eame jour Georges Besse patron de Renault est abattu. La police accuse les quatre derniers membres d&rsquo;Action directe, mais elle sait aussi que Besse a pr\u00e9c\u00e9demment \u00e9t\u00e9 \u00e0 la t\u00eate d&rsquo;Eurodif. Les attentats, et la mort de Malik Oussekine tu\u00e9 par les voltigeurs de Pasqua, attisent les luttes entre le Premier ministre Jacques Chirac et le pr\u00e9sident de la R\u00e9publique Fran\u00e7ois Mitterrand. Tout est bon pour en tirer profit, \u00e0 Paris comme au Liban. Car l\u00e0-bas \u00ab <em>L&rsquo;otage<\/em> <em>est<\/em> d<em>evenu<\/em> une <em>marchandise<\/em> <em>comme<\/em> <em>une<\/em> autre \u00bb.<\/p>\n\n\n\n<blockquote class=\"wp-block-quote is-layout-flow wp-block-quote-is-layout-flow\">\n<p class=\"has-medium-font-size\">Il r\u00e9it\u00e8re avec autant de succ\u00e8s avec cette histoire du pays du c\u00e8dre<\/p>\n<\/blockquote>\n\n\n\n<p>Avec ce troisi\u00e8me et dernier tome de la trilogie de Fr\u00e9d\u00e9ric Paulin sur la guerre civile libanaise, il faut prendre le temps de dire combien cet auteur est unique. Car qui d&rsquo;autre pourrait nous faire lire 1 200 pages consacr\u00e9es aux quinze ann\u00e9es d&rsquo;affrontements qui ont ravag\u00e9 ce pays ? Le secret de cet auteur est de m\u00ealer un r\u00e9cit digne des meilleurs romans noirs \u00e0 une incroyable documentation historique. Si Paulin assume l&rsquo;ajout de personnages, c&rsquo;est pour mieux nous raconter ce qui s&rsquo;est r\u00e9ellement pass\u00e9. Et nous en avons besoin pour discerner ces multiples communaut\u00e9s, chr\u00e9tiennes, sunnites, chiites ou druzes, qui ont pass\u00e9 leur temps \u00e0 se massacrer. Et \u00e0 se tuer en interne. Elles ont pour cela \u00e9t\u00e9 aid\u00e9es, pouss\u00e9es, financ\u00e9es par tous les pays qui sont venus se servir au Liban. Fr\u00e9d\u00e9ric Paulin avait d\u00e9j\u00e0 magnifiquement r\u00e9ussi sa premi\u00e8re trilogie consacr\u00e9e \u00e0 la d\u00e9cennie noire alg\u00e9rienne. Il r\u00e9it\u00e8re avec autant de succ\u00e8s avec cette histoire du pays du c\u00e8dre. On doit d&rsquo;ailleurs s&rsquo;\u00e9tonner qu&rsquo;il ne soit pas mieux reconnu, comme l&rsquo;avait \u00e9t\u00e9 Jean-Patrick Manchette dans les ann\u00e9es soixante-dix quand il avait relanc\u00e9 le roman noir fran\u00e7ais. Que Fr\u00e9d\u00e9ric Paulin aime \u00e0 rappeler que \u00ab <em>Les<\/em> <em>bruits<\/em> <em>de<\/em> <em>bottes<\/em> <em>peuvent<\/em> <em>revenir<\/em> \u00bb n&rsquo;a s\u00fbrement pas aid\u00e9 \u00e0 la diffusion de ses livres.<\/p>\n\n\n\n<blockquote class=\"wp-block-quote is-layout-flow wp-block-quote-is-layout-flow\">\n<p class=\"has-medium-font-size\">L&rsquo;important est de couler le camp adverse<\/p>\n<\/blockquote>\n\n\n\n<p><em>Que<\/em> <em>s&rsquo;obscurcissent<\/em> <em>le<\/em> <em>soleil<\/em> et <em>la<\/em> <em>lumi\u00e8re<\/em> couvre la p\u00e9riode 1986-1990. En France o\u00f9 se d\u00e9roule une grande partie du roman, d\u00e9bute la premi\u00e8re cohabitation. Jacques Chirac \u00e0 Matignon et Fran\u00e7ois Mitterrand \u00e0 l&rsquo;\u00c9lys\u00e9e ont tous les deux la pr\u00e9sidentielle de 1988 en ligne de mire. Les attentats \u00e0 Paris comme les prises d&rsquo;otages \u00e0 Beyrouth constituent pour eux d&rsquo;excellents arguments \u00e9lectoraux. Peu importe de s&rsquo;asseoir sur la morale et le respect de la justice, l&rsquo;important est de couler le camp adverse. Philippe Kellermann conseiller de Mitterrand, Sandra Gagliago, Christian Dixneuf l&rsquo;ancien de la DGSE, Zia al-Faq\u00eeh la belle Chiite qui repousse Kellermann, Michel Nada ce Libanais \u00e9lu d\u00e9put\u00e9 \u00e0 Nice, sont les principaux personnages entrevus dans les volumes pr\u00e9c\u00e9dents. Ils vont interagir avec ces moments dramatiques, parfois au prix de leur vie. \u00c0 Paris et surtout \u00e0 Beyrouth o\u00f9 la folie ambiante fait toujours plus de morts. M\u00eame les Syriens ne contr\u00f4lent plus rien. Alors que d\u00e9filent sur les \u00e9crans de t\u00e9l\u00e9vision fran\u00e7ais les noms des otages retenus parfois depuis plus de mille jours. Jean-Paul Kaufmann, Michel Seurat, Marcel Carton, Marcel Fontaine, Jean-Louis Normandin&#8230;<\/p>\n\n\n\n<p><strong>Qu&rsquo;en dit <em>Bibliosurf<\/em> ?<\/strong><br><a href=\"https:\/\/www.bibliosurf.com\/Que-s-obscurcissent-le-soleil-et-la-lumiere.html\">https:\/\/www.bibliosurf.com\/Que-s-obscurcissent-le-soleil-et-la-lumiere.html<\/a><\/p>\n\n\n\n<p><strong>Vous pourriez aussi appr\u00e9cier<\/strong><\/p>\n\n\n\n<figure class=\"wp-block-embed alignleft is-type-wp-embed is-provider-surbook wp-block-embed-surbook\"><div class=\"wp-block-embed__wrapper\">\n<blockquote class=\"wp-embedded-content\" data-secret=\"1uYiLEqssj\"><a href=\"https:\/\/surbooke.fr\/wordpress\/2024\/09\/02\/nul-ennemi-comme-un-frere-frederic-paulin-editions-agullo\/\">Nul ennemi comme un fr\u00e8re, Fr\u00e9d\u00e9ric Paulin, \u00c9ditions Agullo<\/a><\/blockquote><iframe loading=\"lazy\" class=\"wp-embedded-content\" sandbox=\"allow-scripts\" security=\"restricted\" style=\"position: absolute; visibility: hidden;\" title=\"\u00ab\u00a0Nul ennemi comme un fr\u00e8re, Fr\u00e9d\u00e9ric Paulin, \u00c9ditions Agullo\u00a0\u00bb &#8212; Surbook\u00e9\" src=\"https:\/\/surbooke.fr\/wordpress\/2024\/09\/02\/nul-ennemi-comme-un-frere-frederic-paulin-editions-agullo\/embed\/#?secret=DYnfdwKfK8#?secret=1uYiLEqssj\" data-secret=\"1uYiLEqssj\" width=\"600\" height=\"338\" frameborder=\"0\" marginwidth=\"0\" marginheight=\"0\" scrolling=\"no\"><\/iframe>\n<\/div><\/figure>\n\n\n\n<figure class=\"wp-block-embed alignleft is-type-wp-embed is-provider-surbook wp-block-embed-surbook\"><div class=\"wp-block-embed__wrapper\">\n<blockquote class=\"wp-embedded-content\" data-secret=\"oecQ9wR1Pd\"><a href=\"https:\/\/surbooke.fr\/wordpress\/2025\/06\/04\/rares-ceux-qui-echapperent-a-la-guerre-frederic-paulin-editions-agullo\/\">Rares ceux qui \u00e9chapp\u00e8rent \u00e0 la guerre, Fr\u00e9d\u00e9ric Paulin, \u00c9ditions Agullo<\/a><\/blockquote><iframe loading=\"lazy\" class=\"wp-embedded-content\" sandbox=\"allow-scripts\" security=\"restricted\" style=\"position: absolute; visibility: hidden;\" title=\"\u00ab\u00a0Rares ceux qui \u00e9chapp\u00e8rent \u00e0 la guerre, Fr\u00e9d\u00e9ric Paulin, \u00c9ditions Agullo\u00a0\u00bb &#8212; Surbook\u00e9\" src=\"https:\/\/surbooke.fr\/wordpress\/2025\/06\/04\/rares-ceux-qui-echapperent-a-la-guerre-frederic-paulin-editions-agullo\/embed\/#?secret=tWpXxV9Ugr#?secret=oecQ9wR1Pd\" data-secret=\"oecQ9wR1Pd\" width=\"600\" height=\"338\" frameborder=\"0\" marginwidth=\"0\" marginheight=\"0\" scrolling=\"no\"><\/iframe>\n<\/div><\/figure>\n\n\n\n<figure class=\"wp-block-embed alignleft is-type-wp-embed is-provider-surbook wp-block-embed-surbook\"><div class=\"wp-block-embed__wrapper\">\n<blockquote class=\"wp-embedded-content\" data-secret=\"AUPDzhoYPs\"><a href=\"https:\/\/surbooke.fr\/wordpress\/2022\/07\/25\/la-fabrique-de-la-terreur-frederic-paulin-editions-agullo\/\">La fabrique de la terreur, Fr\u00e9d\u00e9ric Paulin, \u00c9ditions Agullo<\/a><\/blockquote><iframe loading=\"lazy\" class=\"wp-embedded-content\" sandbox=\"allow-scripts\" security=\"restricted\" style=\"position: absolute; visibility: hidden;\" title=\"\u00ab\u00a0La fabrique de la terreur, Fr\u00e9d\u00e9ric Paulin, \u00c9ditions Agullo\u00a0\u00bb &#8212; Surbook\u00e9\" src=\"https:\/\/surbooke.fr\/wordpress\/2022\/07\/25\/la-fabrique-de-la-terreur-frederic-paulin-editions-agullo\/embed\/#?secret=EtowfPoJPd#?secret=AUPDzhoYPs\" data-secret=\"AUPDzhoYPs\" width=\"600\" height=\"338\" frameborder=\"0\" marginwidth=\"0\" marginheight=\"0\" scrolling=\"no\"><\/iframe>\n<\/div><\/figure>\n\n\n\n<figure class=\"wp-block-embed is-type-wp-embed is-provider-surbook wp-block-embed-surbook\"><div class=\"wp-block-embed__wrapper\">\n<blockquote class=\"wp-embedded-content\" data-secret=\"B76B702AXZ\"><a href=\"https:\/\/surbooke.fr\/wordpress\/2022\/07\/05\/le-rythme-est-haletant-le-scenario-detonnant-lecriture-tonique-et-le-fond-toujours-aussi-enrichissant-une-grande-reussite\/\">Pr\u00e9mices de la chute, Fr\u00e9d\u00e9ric Paulin, \u00c9ditions Agullo<\/a><\/blockquote><iframe loading=\"lazy\" class=\"wp-embedded-content\" sandbox=\"allow-scripts\" security=\"restricted\" style=\"position: absolute; visibility: hidden;\" title=\"\u00ab\u00a0Pr\u00e9mices de la chute, Fr\u00e9d\u00e9ric Paulin, \u00c9ditions Agullo\u00a0\u00bb &#8212; Surbook\u00e9\" src=\"https:\/\/surbooke.fr\/wordpress\/2022\/07\/05\/le-rythme-est-haletant-le-scenario-detonnant-lecriture-tonique-et-le-fond-toujours-aussi-enrichissant-une-grande-reussite\/embed\/#?secret=8yAyoSFx1G#?secret=B76B702AXZ\" data-secret=\"B76B702AXZ\" width=\"600\" height=\"338\" frameborder=\"0\" marginwidth=\"0\" marginheight=\"0\" scrolling=\"no\"><\/iframe>\n<\/div><\/figure>\n\n\n\n<figure class=\"wp-block-embed alignleft is-type-wp-embed is-provider-surbook wp-block-embed-surbook\"><div class=\"wp-block-embed__wrapper\">\n<blockquote class=\"wp-embedded-content\" data-secret=\"QV7I8S70tx\"><a href=\"https:\/\/surbooke.fr\/wordpress\/2022\/06\/22\/la-guerre-est-une-ruse-frederic-paulin-editions-agullo\/\">La guerre est une ruse, Fr\u00e9d\u00e9ric Paulin, \u00c9ditions Agullo<\/a><\/blockquote><iframe loading=\"lazy\" class=\"wp-embedded-content\" sandbox=\"allow-scripts\" security=\"restricted\" style=\"position: absolute; visibility: hidden;\" title=\"\u00ab\u00a0La guerre est une ruse, Fr\u00e9d\u00e9ric Paulin, \u00c9ditions Agullo\u00a0\u00bb &#8212; Surbook\u00e9\" src=\"https:\/\/surbooke.fr\/wordpress\/2022\/06\/22\/la-guerre-est-une-ruse-frederic-paulin-editions-agullo\/embed\/#?secret=6ucg61Vno8#?secret=QV7I8S70tx\" data-secret=\"QV7I8S70tx\" width=\"600\" height=\"338\" frameborder=\"0\" marginwidth=\"0\" marginheight=\"0\" scrolling=\"no\"><\/iframe>\n<\/div><\/figure>\n\n\n\n<div style=\"padding:20px;text-align:left\" class=\"wp-block-tnp-minimal\"><p><strong>Abonnez-vous<\/strong>\u00a0<strong>pour<\/strong>\u00a0<strong>\u00eatre<\/strong>\u00a0<strong>averti<\/strong>\u00a0<strong>des<\/strong>\u00a0<strong>nouvelles<\/strong>\u00a0<strong>chroniques<\/strong>\u00a0!<\/p><div><div class=\"tnp tnp-subscription-minimal  \"><form action=\"https:\/\/surbooke.fr\/wordpress\/wp-admin\/admin-ajax.php?action=tnp&amp;na=s\" method=\"post\" style=\"text-align: center\"><input type=\"hidden\" name=\"nr\" value=\"minimal\">\n<input type=\"hidden\" name=\"nlang\" value=\"\">\n<input class=\"tnp-email\" type=\"email\" required name=\"ne\" value=\"\" placeholder=\"Email\"><input class=\"tnp-submit\" type=\"submit\" value=\"S&#039;abonner\" style=\"\">\n<div class=\"tnp-field tnp-privacy-field\"><label><input type=\"checkbox\" name=\"ny\" required class=\"tnp-privacy\"> En continuant, vous acceptez la politique de confidentialit\u00e9<\/label><\/div><\/form><\/div>\n<\/div><\/div>\n","protected":false},"excerpt":{"rendered":"<p>17 septembre 1986, Paris est \u00e0 feu et \u00e0 sang. Cette fois c&rsquo;est rue de Rennes que l&rsquo;explosion a eu lieu. Ils ont balanc\u00e9 un objet pi\u00e9g\u00e9 dans une poubelle avec de la limaille et des clous. Il y a six ou sept morts et une centaine de bless\u00e9s. Chirac, Pasqua, Pandraud, Marchiani et consorts [&hellip;]<\/p>\n","protected":false},"author":8,"featured_media":33991,"comment_status":"open","ping_status":"open","sticky":false,"template":"","format":"standard","meta":{"footnotes":""},"categories":[26,2,3],"tags":[4],"class_list":["post-33988","post","type-post","status-publish","format-standard","has-post-thumbnail","hentry","category-histoire","category-roman-noir","category-coup-de-coeur","tag-agullo"],"yoast_head":"<!-- This site is optimized with the Yoast SEO plugin v27.5 - https:\/\/yoast.com\/product\/yoast-seo-wordpress\/ -->\n<title>Que s&#039;obscurcissent le soleil et la lumi\u00e8re, Fr\u00e9d\u00e9ric Paulin, \u00c9ditions Agullo - Surbook\u00e9<\/title>\n<meta name=\"description\" content=\"Ce troisi\u00e8me volume de la trilogie libanaise de Fr\u00e9d\u00e9ric Paulin couvre la p\u00e9riode 1986-1990. Celle de la cohabitation Chirac-Mitterrand quand tout est permis pour gagner la future \u00e9lection pr\u00e9sidentielle de 1988. Alors autant dire qu&#039;on se bouge pour r\u00e9cup\u00e9rer les otages fran\u00e7ais d\u00e9tenus \u00e0 Beyrouth.\" \/>\n<meta name=\"robots\" content=\"index, follow, max-snippet:-1, max-image-preview:large, max-video-preview:-1\" \/>\n<link rel=\"canonical\" href=\"https:\/\/surbooke.fr\/wordpress\/2025\/10\/26\/que-sobscurcissent-le-soleil-et-la-lumiere-frederic-paulin-editions-agullo\/\" \/>\n<meta property=\"og:locale\" content=\"fr_FR\" \/>\n<meta property=\"og:type\" content=\"article\" \/>\n<meta property=\"og:title\" content=\"Que s&#039;obscurcissent le soleil et la lumi\u00e8re, Fr\u00e9d\u00e9ric Paulin, \u00c9ditions Agullo - Surbook\u00e9\" \/>\n<meta property=\"og:description\" content=\"Ce troisi\u00e8me volume de la trilogie libanaise de Fr\u00e9d\u00e9ric Paulin couvre la p\u00e9riode 1986-1990. Celle de la cohabitation Chirac-Mitterrand quand tout est permis pour gagner la future \u00e9lection pr\u00e9sidentielle de 1988. Alors autant dire qu&#039;on se bouge pour r\u00e9cup\u00e9rer les otages fran\u00e7ais d\u00e9tenus \u00e0 Beyrouth.\" \/>\n<meta property=\"og:url\" content=\"https:\/\/surbooke.fr\/wordpress\/2025\/10\/26\/que-sobscurcissent-le-soleil-et-la-lumiere-frederic-paulin-editions-agullo\/\" \/>\n<meta property=\"og:site_name\" content=\"Surbook\u00e9\" \/>\n<meta property=\"article:published_time\" content=\"2025-10-26T13:47:24+00:00\" \/>\n<meta property=\"article:modified_time\" content=\"2025-10-26T13:47:29+00:00\" \/>\n<meta property=\"og:image\" content=\"https:\/\/surbooke.fr\/wordpress\/wp-content\/uploads\/2025\/10\/Que-sobscurcissent-le-soleil-et-la-lumiere-e1761135347142.jpg\" \/>\n\t<meta property=\"og:image:width\" content=\"400\" \/>\n\t<meta property=\"og:image:height\" content=\"592\" \/>\n\t<meta property=\"og:image:type\" content=\"image\/jpeg\" \/>\n<meta name=\"author\" content=\"Laurent Bisault\" \/>\n<meta name=\"twitter:card\" content=\"summary_large_image\" \/>\n<meta name=\"twitter:creator\" content=\"@LaurentBisault\" \/>\n<meta name=\"twitter:label1\" content=\"\u00c9crit par\" \/>\n\t<meta name=\"twitter:data1\" content=\"Laurent Bisault\" \/>\n\t<meta name=\"twitter:label2\" content=\"Dur\u00e9e de lecture estim\u00e9e\" \/>\n\t<meta name=\"twitter:data2\" content=\"4 minutes\" \/>\n<script type=\"application\/ld+json\" class=\"yoast-schema-graph\">{\"@context\":\"https:\\\/\\\/schema.org\",\"@graph\":[{\"@type\":\"Article\",\"@id\":\"https:\\\/\\\/surbooke.fr\\\/wordpress\\\/2025\\\/10\\\/26\\\/que-sobscurcissent-le-soleil-et-la-lumiere-frederic-paulin-editions-agullo\\\/#article\",\"isPartOf\":{\"@id\":\"https:\\\/\\\/surbooke.fr\\\/wordpress\\\/2025\\\/10\\\/26\\\/que-sobscurcissent-le-soleil-et-la-lumiere-frederic-paulin-editions-agullo\\\/\"},\"author\":{\"name\":\"Laurent Bisault\",\"@id\":\"https:\\\/\\\/surbooke.fr\\\/wordpress\\\/#\\\/schema\\\/person\\\/9c6be4d35203c76182c56b0e974807c6\"},\"headline\":\"Que s&rsquo;obscurcissent le soleil et la lumi\u00e8re, Fr\u00e9d\u00e9ric Paulin, \u00c9ditions Agullo\",\"datePublished\":\"2025-10-26T13:47:24+00:00\",\"dateModified\":\"2025-10-26T13:47:29+00:00\",\"mainEntityOfPage\":{\"@id\":\"https:\\\/\\\/surbooke.fr\\\/wordpress\\\/2025\\\/10\\\/26\\\/que-sobscurcissent-le-soleil-et-la-lumiere-frederic-paulin-editions-agullo\\\/\"},\"wordCount\":821,\"commentCount\":4,\"image\":{\"@id\":\"https:\\\/\\\/surbooke.fr\\\/wordpress\\\/2025\\\/10\\\/26\\\/que-sobscurcissent-le-soleil-et-la-lumiere-frederic-paulin-editions-agullo\\\/#primaryimage\"},\"thumbnailUrl\":\"https:\\\/\\\/surbooke.fr\\\/wordpress\\\/wp-content\\\/uploads\\\/2025\\\/10\\\/Que-sobscurcissent-le-soleil-et-la-lumiere-e1761135347142.jpg\",\"keywords\":[\"Agullo\"],\"articleSection\":[\"histoire\",\"roman noir\",\"\ud83e\udd0d\"],\"inLanguage\":\"fr-FR\",\"potentialAction\":[{\"@type\":\"CommentAction\",\"name\":\"Comment\",\"target\":[\"https:\\\/\\\/surbooke.fr\\\/wordpress\\\/2025\\\/10\\\/26\\\/que-sobscurcissent-le-soleil-et-la-lumiere-frederic-paulin-editions-agullo\\\/#respond\"]}]},{\"@type\":\"WebPage\",\"@id\":\"https:\\\/\\\/surbooke.fr\\\/wordpress\\\/2025\\\/10\\\/26\\\/que-sobscurcissent-le-soleil-et-la-lumiere-frederic-paulin-editions-agullo\\\/\",\"url\":\"https:\\\/\\\/surbooke.fr\\\/wordpress\\\/2025\\\/10\\\/26\\\/que-sobscurcissent-le-soleil-et-la-lumiere-frederic-paulin-editions-agullo\\\/\",\"name\":\"Que s'obscurcissent le soleil et la lumi\u00e8re, Fr\u00e9d\u00e9ric Paulin, \u00c9ditions Agullo - Surbook\u00e9\",\"isPartOf\":{\"@id\":\"https:\\\/\\\/surbooke.fr\\\/wordpress\\\/#website\"},\"primaryImageOfPage\":{\"@id\":\"https:\\\/\\\/surbooke.fr\\\/wordpress\\\/2025\\\/10\\\/26\\\/que-sobscurcissent-le-soleil-et-la-lumiere-frederic-paulin-editions-agullo\\\/#primaryimage\"},\"image\":{\"@id\":\"https:\\\/\\\/surbooke.fr\\\/wordpress\\\/2025\\\/10\\\/26\\\/que-sobscurcissent-le-soleil-et-la-lumiere-frederic-paulin-editions-agullo\\\/#primaryimage\"},\"thumbnailUrl\":\"https:\\\/\\\/surbooke.fr\\\/wordpress\\\/wp-content\\\/uploads\\\/2025\\\/10\\\/Que-sobscurcissent-le-soleil-et-la-lumiere-e1761135347142.jpg\",\"datePublished\":\"2025-10-26T13:47:24+00:00\",\"dateModified\":\"2025-10-26T13:47:29+00:00\",\"author\":{\"@id\":\"https:\\\/\\\/surbooke.fr\\\/wordpress\\\/#\\\/schema\\\/person\\\/9c6be4d35203c76182c56b0e974807c6\"},\"description\":\"Ce troisi\u00e8me volume de la trilogie libanaise de Fr\u00e9d\u00e9ric Paulin couvre la p\u00e9riode 1986-1990. Celle de la cohabitation Chirac-Mitterrand quand tout est permis pour gagner la future \u00e9lection pr\u00e9sidentielle de 1988. Alors autant dire qu'on se bouge pour r\u00e9cup\u00e9rer les otages fran\u00e7ais d\u00e9tenus \u00e0 Beyrouth.\",\"breadcrumb\":{\"@id\":\"https:\\\/\\\/surbooke.fr\\\/wordpress\\\/2025\\\/10\\\/26\\\/que-sobscurcissent-le-soleil-et-la-lumiere-frederic-paulin-editions-agullo\\\/#breadcrumb\"},\"inLanguage\":\"fr-FR\",\"potentialAction\":[{\"@type\":\"ReadAction\",\"target\":[\"https:\\\/\\\/surbooke.fr\\\/wordpress\\\/2025\\\/10\\\/26\\\/que-sobscurcissent-le-soleil-et-la-lumiere-frederic-paulin-editions-agullo\\\/\"]}]},{\"@type\":\"ImageObject\",\"inLanguage\":\"fr-FR\",\"@id\":\"https:\\\/\\\/surbooke.fr\\\/wordpress\\\/2025\\\/10\\\/26\\\/que-sobscurcissent-le-soleil-et-la-lumiere-frederic-paulin-editions-agullo\\\/#primaryimage\",\"url\":\"https:\\\/\\\/surbooke.fr\\\/wordpress\\\/wp-content\\\/uploads\\\/2025\\\/10\\\/Que-sobscurcissent-le-soleil-et-la-lumiere-e1761135347142.jpg\",\"contentUrl\":\"https:\\\/\\\/surbooke.fr\\\/wordpress\\\/wp-content\\\/uploads\\\/2025\\\/10\\\/Que-sobscurcissent-le-soleil-et-la-lumiere-e1761135347142.jpg\",\"width\":400,\"height\":592},{\"@type\":\"BreadcrumbList\",\"@id\":\"https:\\\/\\\/surbooke.fr\\\/wordpress\\\/2025\\\/10\\\/26\\\/que-sobscurcissent-le-soleil-et-la-lumiere-frederic-paulin-editions-agullo\\\/#breadcrumb\",\"itemListElement\":[{\"@type\":\"ListItem\",\"position\":1,\"name\":\"Accueil\",\"item\":\"https:\\\/\\\/surbooke.fr\\\/wordpress\\\/\"},{\"@type\":\"ListItem\",\"position\":2,\"name\":\"Que s&rsquo;obscurcissent le soleil et la lumi\u00e8re, Fr\u00e9d\u00e9ric Paulin, \u00c9ditions Agullo\"}]},{\"@type\":\"WebSite\",\"@id\":\"https:\\\/\\\/surbooke.fr\\\/wordpress\\\/#website\",\"url\":\"https:\\\/\\\/surbooke.fr\\\/wordpress\\\/\",\"name\":\"Surbook\u00e9\",\"description\":\"Le blog de Laurent Bisault\",\"potentialAction\":[{\"@type\":\"SearchAction\",\"target\":{\"@type\":\"EntryPoint\",\"urlTemplate\":\"https:\\\/\\\/surbooke.fr\\\/wordpress\\\/?s={search_term_string}\"},\"query-input\":{\"@type\":\"PropertyValueSpecification\",\"valueRequired\":true,\"valueName\":\"search_term_string\"}}],\"inLanguage\":\"fr-FR\"},{\"@type\":\"Person\",\"@id\":\"https:\\\/\\\/surbooke.fr\\\/wordpress\\\/#\\\/schema\\\/person\\\/9c6be4d35203c76182c56b0e974807c6\",\"name\":\"Laurent Bisault\",\"image\":{\"@type\":\"ImageObject\",\"inLanguage\":\"fr-FR\",\"@id\":\"https:\\\/\\\/secure.gravatar.com\\\/avatar\\\/3bcd2efdfc3a3e416bea3223d3dfcd7f8845e2ca0669671d0c7ed8e84e97bfc4?s=96&d=mm&r=g\",\"url\":\"https:\\\/\\\/secure.gravatar.com\\\/avatar\\\/3bcd2efdfc3a3e416bea3223d3dfcd7f8845e2ca0669671d0c7ed8e84e97bfc4?s=96&d=mm&r=g\",\"contentUrl\":\"https:\\\/\\\/secure.gravatar.com\\\/avatar\\\/3bcd2efdfc3a3e416bea3223d3dfcd7f8845e2ca0669671d0c7ed8e84e97bfc4?s=96&d=mm&r=g\",\"caption\":\"Laurent Bisault\"},\"sameAs\":[\"https:\\\/\\\/surbooke.fr\\\/wordpress\\\/\",\"https:\\\/\\\/x.com\\\/LaurentBisault\"],\"url\":\"https:\\\/\\\/surbooke.fr\\\/wordpress\\\/author\\\/surbooke\\\/\"}]}<\/script>\n<!-- \/ Yoast SEO plugin. -->","yoast_head_json":{"title":"Que s'obscurcissent le soleil et la lumi\u00e8re, Fr\u00e9d\u00e9ric Paulin, \u00c9ditions Agullo - Surbook\u00e9","description":"Ce troisi\u00e8me volume de la trilogie libanaise de Fr\u00e9d\u00e9ric Paulin couvre la p\u00e9riode 1986-1990. Celle de la cohabitation Chirac-Mitterrand quand tout est permis pour gagner la future \u00e9lection pr\u00e9sidentielle de 1988. Alors autant dire qu'on se bouge pour r\u00e9cup\u00e9rer les otages fran\u00e7ais d\u00e9tenus \u00e0 Beyrouth.","robots":{"index":"index","follow":"follow","max-snippet":"max-snippet:-1","max-image-preview":"max-image-preview:large","max-video-preview":"max-video-preview:-1"},"canonical":"https:\/\/surbooke.fr\/wordpress\/2025\/10\/26\/que-sobscurcissent-le-soleil-et-la-lumiere-frederic-paulin-editions-agullo\/","og_locale":"fr_FR","og_type":"article","og_title":"Que s'obscurcissent le soleil et la lumi\u00e8re, Fr\u00e9d\u00e9ric Paulin, \u00c9ditions Agullo - Surbook\u00e9","og_description":"Ce troisi\u00e8me volume de la trilogie libanaise de Fr\u00e9d\u00e9ric Paulin couvre la p\u00e9riode 1986-1990. Celle de la cohabitation Chirac-Mitterrand quand tout est permis pour gagner la future \u00e9lection pr\u00e9sidentielle de 1988. Alors autant dire qu'on se bouge pour r\u00e9cup\u00e9rer les otages fran\u00e7ais d\u00e9tenus \u00e0 Beyrouth.","og_url":"https:\/\/surbooke.fr\/wordpress\/2025\/10\/26\/que-sobscurcissent-le-soleil-et-la-lumiere-frederic-paulin-editions-agullo\/","og_site_name":"Surbook\u00e9","article_published_time":"2025-10-26T13:47:24+00:00","article_modified_time":"2025-10-26T13:47:29+00:00","og_image":[{"width":400,"height":592,"url":"https:\/\/surbooke.fr\/wordpress\/wp-content\/uploads\/2025\/10\/Que-sobscurcissent-le-soleil-et-la-lumiere-e1761135347142.jpg","type":"image\/jpeg"}],"author":"Laurent Bisault","twitter_card":"summary_large_image","twitter_creator":"@LaurentBisault","twitter_misc":{"\u00c9crit par":"Laurent Bisault","Dur\u00e9e de lecture estim\u00e9e":"4 minutes"},"schema":{"@context":"https:\/\/schema.org","@graph":[{"@type":"Article","@id":"https:\/\/surbooke.fr\/wordpress\/2025\/10\/26\/que-sobscurcissent-le-soleil-et-la-lumiere-frederic-paulin-editions-agullo\/#article","isPartOf":{"@id":"https:\/\/surbooke.fr\/wordpress\/2025\/10\/26\/que-sobscurcissent-le-soleil-et-la-lumiere-frederic-paulin-editions-agullo\/"},"author":{"name":"Laurent Bisault","@id":"https:\/\/surbooke.fr\/wordpress\/#\/schema\/person\/9c6be4d35203c76182c56b0e974807c6"},"headline":"Que s&rsquo;obscurcissent le soleil et la lumi\u00e8re, Fr\u00e9d\u00e9ric Paulin, \u00c9ditions Agullo","datePublished":"2025-10-26T13:47:24+00:00","dateModified":"2025-10-26T13:47:29+00:00","mainEntityOfPage":{"@id":"https:\/\/surbooke.fr\/wordpress\/2025\/10\/26\/que-sobscurcissent-le-soleil-et-la-lumiere-frederic-paulin-editions-agullo\/"},"wordCount":821,"commentCount":4,"image":{"@id":"https:\/\/surbooke.fr\/wordpress\/2025\/10\/26\/que-sobscurcissent-le-soleil-et-la-lumiere-frederic-paulin-editions-agullo\/#primaryimage"},"thumbnailUrl":"https:\/\/surbooke.fr\/wordpress\/wp-content\/uploads\/2025\/10\/Que-sobscurcissent-le-soleil-et-la-lumiere-e1761135347142.jpg","keywords":["Agullo"],"articleSection":["histoire","roman noir","\ud83e\udd0d"],"inLanguage":"fr-FR","potentialAction":[{"@type":"CommentAction","name":"Comment","target":["https:\/\/surbooke.fr\/wordpress\/2025\/10\/26\/que-sobscurcissent-le-soleil-et-la-lumiere-frederic-paulin-editions-agullo\/#respond"]}]},{"@type":"WebPage","@id":"https:\/\/surbooke.fr\/wordpress\/2025\/10\/26\/que-sobscurcissent-le-soleil-et-la-lumiere-frederic-paulin-editions-agullo\/","url":"https:\/\/surbooke.fr\/wordpress\/2025\/10\/26\/que-sobscurcissent-le-soleil-et-la-lumiere-frederic-paulin-editions-agullo\/","name":"Que s'obscurcissent le soleil et la lumi\u00e8re, Fr\u00e9d\u00e9ric Paulin, \u00c9ditions Agullo - Surbook\u00e9","isPartOf":{"@id":"https:\/\/surbooke.fr\/wordpress\/#website"},"primaryImageOfPage":{"@id":"https:\/\/surbooke.fr\/wordpress\/2025\/10\/26\/que-sobscurcissent-le-soleil-et-la-lumiere-frederic-paulin-editions-agullo\/#primaryimage"},"image":{"@id":"https:\/\/surbooke.fr\/wordpress\/2025\/10\/26\/que-sobscurcissent-le-soleil-et-la-lumiere-frederic-paulin-editions-agullo\/#primaryimage"},"thumbnailUrl":"https:\/\/surbooke.fr\/wordpress\/wp-content\/uploads\/2025\/10\/Que-sobscurcissent-le-soleil-et-la-lumiere-e1761135347142.jpg","datePublished":"2025-10-26T13:47:24+00:00","dateModified":"2025-10-26T13:47:29+00:00","author":{"@id":"https:\/\/surbooke.fr\/wordpress\/#\/schema\/person\/9c6be4d35203c76182c56b0e974807c6"},"description":"Ce troisi\u00e8me volume de la trilogie libanaise de Fr\u00e9d\u00e9ric Paulin couvre la p\u00e9riode 1986-1990. Celle de la cohabitation Chirac-Mitterrand quand tout est permis pour gagner la future \u00e9lection pr\u00e9sidentielle de 1988. Alors autant dire qu'on se bouge pour r\u00e9cup\u00e9rer les otages fran\u00e7ais d\u00e9tenus \u00e0 Beyrouth.","breadcrumb":{"@id":"https:\/\/surbooke.fr\/wordpress\/2025\/10\/26\/que-sobscurcissent-le-soleil-et-la-lumiere-frederic-paulin-editions-agullo\/#breadcrumb"},"inLanguage":"fr-FR","potentialAction":[{"@type":"ReadAction","target":["https:\/\/surbooke.fr\/wordpress\/2025\/10\/26\/que-sobscurcissent-le-soleil-et-la-lumiere-frederic-paulin-editions-agullo\/"]}]},{"@type":"ImageObject","inLanguage":"fr-FR","@id":"https:\/\/surbooke.fr\/wordpress\/2025\/10\/26\/que-sobscurcissent-le-soleil-et-la-lumiere-frederic-paulin-editions-agullo\/#primaryimage","url":"https:\/\/surbooke.fr\/wordpress\/wp-content\/uploads\/2025\/10\/Que-sobscurcissent-le-soleil-et-la-lumiere-e1761135347142.jpg","contentUrl":"https:\/\/surbooke.fr\/wordpress\/wp-content\/uploads\/2025\/10\/Que-sobscurcissent-le-soleil-et-la-lumiere-e1761135347142.jpg","width":400,"height":592},{"@type":"BreadcrumbList","@id":"https:\/\/surbooke.fr\/wordpress\/2025\/10\/26\/que-sobscurcissent-le-soleil-et-la-lumiere-frederic-paulin-editions-agullo\/#breadcrumb","itemListElement":[{"@type":"ListItem","position":1,"name":"Accueil","item":"https:\/\/surbooke.fr\/wordpress\/"},{"@type":"ListItem","position":2,"name":"Que s&rsquo;obscurcissent le soleil et la lumi\u00e8re, Fr\u00e9d\u00e9ric Paulin, \u00c9ditions Agullo"}]},{"@type":"WebSite","@id":"https:\/\/surbooke.fr\/wordpress\/#website","url":"https:\/\/surbooke.fr\/wordpress\/","name":"Surbook\u00e9","description":"Le blog de Laurent Bisault","potentialAction":[{"@type":"SearchAction","target":{"@type":"EntryPoint","urlTemplate":"https:\/\/surbooke.fr\/wordpress\/?s={search_term_string}"},"query-input":{"@type":"PropertyValueSpecification","valueRequired":true,"valueName":"search_term_string"}}],"inLanguage":"fr-FR"},{"@type":"Person","@id":"https:\/\/surbooke.fr\/wordpress\/#\/schema\/person\/9c6be4d35203c76182c56b0e974807c6","name":"Laurent Bisault","image":{"@type":"ImageObject","inLanguage":"fr-FR","@id":"https:\/\/secure.gravatar.com\/avatar\/3bcd2efdfc3a3e416bea3223d3dfcd7f8845e2ca0669671d0c7ed8e84e97bfc4?s=96&d=mm&r=g","url":"https:\/\/secure.gravatar.com\/avatar\/3bcd2efdfc3a3e416bea3223d3dfcd7f8845e2ca0669671d0c7ed8e84e97bfc4?s=96&d=mm&r=g","contentUrl":"https:\/\/secure.gravatar.com\/avatar\/3bcd2efdfc3a3e416bea3223d3dfcd7f8845e2ca0669671d0c7ed8e84e97bfc4?s=96&d=mm&r=g","caption":"Laurent Bisault"},"sameAs":["https:\/\/surbooke.fr\/wordpress\/","https:\/\/x.com\/LaurentBisault"],"url":"https:\/\/surbooke.fr\/wordpress\/author\/surbooke\/"}]}},"_links":{"self":[{"href":"https:\/\/surbooke.fr\/wordpress\/wp-json\/wp\/v2\/posts\/33988","targetHints":{"allow":["GET"]}}],"collection":[{"href":"https:\/\/surbooke.fr\/wordpress\/wp-json\/wp\/v2\/posts"}],"about":[{"href":"https:\/\/surbooke.fr\/wordpress\/wp-json\/wp\/v2\/types\/post"}],"author":[{"embeddable":true,"href":"https:\/\/surbooke.fr\/wordpress\/wp-json\/wp\/v2\/users\/8"}],"replies":[{"embeddable":true,"href":"https:\/\/surbooke.fr\/wordpress\/wp-json\/wp\/v2\/comments?post=33988"}],"version-history":[{"count":0,"href":"https:\/\/surbooke.fr\/wordpress\/wp-json\/wp\/v2\/posts\/33988\/revisions"}],"wp:featuredmedia":[{"embeddable":true,"href":"https:\/\/surbooke.fr\/wordpress\/wp-json\/wp\/v2\/media\/33991"}],"wp:attachment":[{"href":"https:\/\/surbooke.fr\/wordpress\/wp-json\/wp\/v2\/media?parent=33988"}],"wp:term":[{"taxonomy":"category","embeddable":true,"href":"https:\/\/surbooke.fr\/wordpress\/wp-json\/wp\/v2\/categories?post=33988"},{"taxonomy":"post_tag","embeddable":true,"href":"https:\/\/surbooke.fr\/wordpress\/wp-json\/wp\/v2\/tags?post=33988"}],"curies":[{"name":"wp","href":"https:\/\/api.w.org\/{rel}","templated":true}]}}