{"id":34272,"date":"2025-12-04T13:41:24","date_gmt":"2025-12-04T12:41:24","guid":{"rendered":"https:\/\/surbooke.fr\/wordpress\/?p=34272"},"modified":"2025-12-04T17:06:23","modified_gmt":"2025-12-04T16:06:23","slug":"comme-loranger-amer-milena-palminteri-editions-harper-collins","status":"publish","type":"post","link":"https:\/\/surbooke.fr\/wordpress\/2025\/12\/04\/comme-loranger-amer-milena-palminteri-editions-harper-collins\/","title":{"rendered":"Comme l&rsquo;oranger amer, Milena Palminteri, \u00c9ditions Harper Collins"},"content":{"rendered":"\n<p><strong>Sarraca<\/strong> <strong>petit<\/strong> <strong>village<\/strong> <strong>sicilien<\/strong> <strong>qui<\/strong> <strong>regarde<\/strong> <strong>du<\/strong> <strong>c\u00f4t\u00e9<\/strong> <strong>de<\/strong> <strong>l&rsquo;Afrique,1960<\/strong>. L&rsquo;avocat Pippino Calascibetta attend sa ni\u00e8ce Carlotta, qui travaille \u00e0 Agrigente le chef-lieu de la province o\u00f9 elle est directrice des archives notariales. Jeune elle voulait devenir avocate, mais \u00ab <em>z\u00f9<\/em> <em>Pippino<\/em> \u00bb le lui avait d\u00e9conseill\u00e9 avec regret et d\u00e9termination. Parce qu&rsquo;en 1947 nombre de ses confr\u00e8res s&rsquo;appuyaient encore sur une sentence rendue au XIXe si\u00e8cle par la cour d&rsquo;appel de Turin, selon laquelle la fonction \u00e9tait r\u00e9serv\u00e9e aux hommes. Carlotta, dont le p\u00e8re \u00e9tait mort le jour de sa naissance, a toujours su que son \u00e9tat de femme la condamnait \u00e0 un statut inf\u00e9rieur, dans sa famille comme dans sa carri\u00e8re professionnelle. En ouvrant un acte des archives notariales, elle d\u00e9couvre que sa m\u00e8re et sa grand-m\u00e8re maternelle avaient ourdi une machination contre son p\u00e8re pour lui faire croire qu&rsquo;elle \u00e9tait sa fille. Et qu&rsquo;une plainte avait \u00e9t\u00e9 en retour d\u00e9pos\u00e9e par Rosetta sa grand-m\u00e8re paternelle. Le d\u00e9but de cette histoire remonte \u00e0 1924, quand les fascistes venaient de remporter les \u00e9lections italiennes. \u00c7a avait d\u00e9velopp\u00e9 en Sicile des envies de ralliement au parti vainqueur, bien que l&rsquo;\u00eele n&rsquo;ait jamais rien gagn\u00e9 de ses pr\u00e9c\u00e9dents \u00ab ma\u00eetres \u00bb, les Bourbons, les Espagnols, les Aragonais et les Fran\u00e7ais. Au d\u00e9but du XXe, la Sicile \u00e9tait encore aux mains de nobles qui vivaient de leurs terres confi\u00e9es aux m\u00e9tayers, la bourgeoisie industrieuse \u00e9mergeait, les premiers mafieux \u00e9taient d\u00e9j\u00e0 \u00e0 l&rsquo;\u0153uvre. Le baron Rosario et sa s\u0153ur Rosetta poss\u00e9daient des propri\u00e9t\u00e9s dont l&rsquo;une \u00e9tait exploit\u00e9e par Bartoli Messina. Ce paysan vivait avec sa fille Sabedda qu&rsquo;il cherchait d\u00e9sesp\u00e9r\u00e9ment \u00e0 marier, car apr\u00e8s la mort de son \u00e9pouse puis de sa belle-m\u00e8re, il l&rsquo;avait r\u00e9cup\u00e9r\u00e9e contre son gr\u00e9. Dans cette soci\u00e9t\u00e9 f\u00e9odale o\u00f9 plus qu&rsquo;ailleurs les hommes avaient tous les droits, Stefano le fils du baron viola Sabedda et lui fit un enfant. Rosario ne valait pas beaucoup mieux en tant que noble dispendieux qui ne l\u00e9sinait sur aucune d\u00e9pense, pas plus pour les f\u00eates, que pour les chevaux ou les femmes. Sans m\u00eame avoir conscience qu&rsquo;il \u00e9tait quasi ruin\u00e9.<\/p>\n\n\n\n<blockquote class=\"wp-block-quote is-layout-flow wp-block-quote-is-layout-flow\">\n<p class=\"has-medium-font-size\">\u00ab Qui travaille boit de l&rsquo;eau, qui exploite boit du vin \u00bb<\/p>\n<\/blockquote>\n\n\n\n<p>Tr\u00e8s gros succ\u00e8s en Italie pour <em>Comme<\/em> <em>l&rsquo;orange<\/em>r <em>amer<\/em> qui a \u00e9t\u00e9 couronn\u00e9 du prix Bancarella 2025. Une r\u00e9compense attribu\u00e9e en 2022 \u00e0 Stefania Auci pour <a href=\"https:\/\/surbooke.fr\/wordpress\/?p=22193\" target=\"_blank\" rel=\"noreferrer noopener\"><em><strong>Les<\/strong><\/em> <em><strong>lions<\/strong><\/em> <em><strong>en<\/strong><\/em> <em><strong>hiver<\/strong><\/em><\/a>. Plus que leur succ\u00e8s de librairie, les deux romans ont d&rsquo;abord en commun un r\u00e9cit de la Sicile au d\u00e9but du XXe si\u00e8cle. M\u00eame si ma pr\u00e9f\u00e9rence va \u00e0 la trilogie d&rsquo;Auci, l&rsquo;histoire de cette filiation cach\u00e9e est agr\u00e9able \u00e0 lire. L&rsquo;orange am\u00e8re est un fruit r\u00e9put\u00e9 immangeable dont l&rsquo;arbre est utilis\u00e9 en porte-greffe pour produire des merveilles. C&rsquo;est un peu ce qu&rsquo;est Carlotta dont on comprend rapidement qu&rsquo;elle est n\u00e9e du ventre d&rsquo;une pauvresse avant de se muter en fille d&rsquo;une baronne. L&rsquo;int\u00e9r\u00eat de la lecture n&rsquo;est donc pas de d\u00e9couvrir l&rsquo;origine de Carlotta, mais de savoir comment a \u00e9t\u00e9 organis\u00e9 le subterfuge. Cela nous emm\u00e8ne au c\u0153ur d&rsquo;une Sicile confront\u00e9e au fascisme triomphant de l&rsquo;autre c\u00f4t\u00e9 du d\u00e9troit de Messine. Il am\u00e8nera au moins dans l&rsquo;\u00eele un d\u00e9but de lutte contre la mafia. Rien de nouveau par contre pour les pauvres car ici \u00ab <em>Qui<\/em> <em>travaille<\/em> <em>boit<\/em> <em>de<\/em> <em>l&rsquo;eau,<\/em> <em>qui<\/em> <em>exploite<\/em> <em>boit<\/em> <em>du<\/em> <em>vin<\/em>. \u00bb. Rien de nouveau non plus pour les femmes. Ainsi Nardina devenue baronne par son mariage, peine \u00e0 s&rsquo;affirmer. Mais comment aurait-il pu en \u00eatre puisqu&rsquo;elle n&rsquo;\u00e9tait pas attir\u00e9e par la maternit\u00e9 et qu&rsquo;elle souhaitait poursuivre ses \u00e9tudes ?. Au-del\u00e0 de ces combats dont on conna\u00eet les issues, <em>Comme<\/em> <em>l&rsquo;oranger<\/em> <em>am<\/em>er nous invite au voyage dans une Sicile dont les paysages et la gastronomie font r\u00eaver. Rien que pour les p\u00e2tes \u00e0 l&rsquo;ail, \u00e0 l&rsquo;huile et \u00e0 la mie de pain \u00e9miett\u00e9e et frite, les granit\u00e9s au citron, les anchois sal\u00e9s \u00e0 l&rsquo;huile, les pots de confiture d&rsquo;orange, les pignons de pins, les amandes et les raisins secs, on s&rsquo;y pr\u00e9cipiterait.<\/p>\n\n\n\n<p><strong>Qu\u2019en dit&nbsp;<em>Bibliosurf<\/em>&nbsp;?<\/strong><br><a href=\"https:\/\/www.bibliosurf.com\/?page=q&amp;recherche=comme+l%27oranger+amer\">https:\/\/www.bibliosurf.com\/?page=q&amp;recherche=comme+l%27oranger+amer<\/a><\/p>\n\n\n\n<p><strong>Vous pourriez aussi appr\u00e9cier<\/strong><\/p>\n\n\n\n<figure class=\"wp-block-embed is-type-wp-embed is-provider-surbook wp-block-embed-surbook\"><div class=\"wp-block-embed__wrapper\">\n<blockquote class=\"wp-embedded-content\" data-secret=\"3J7Q5zdj5A\"><a href=\"https:\/\/surbooke.fr\/wordpress\/2021\/07\/23\/les-lions-de-sicile-stefania-auci-editions-albin-michel\/\">Les lions de Sicile, Stefania Auci, \u00c9ditions Albin Michel<\/a><\/blockquote><iframe loading=\"lazy\" class=\"wp-embedded-content\" sandbox=\"allow-scripts\" security=\"restricted\" style=\"position: absolute; visibility: hidden;\" title=\"\u00ab\u00a0Les lions de Sicile, Stefania Auci, \u00c9ditions Albin Michel\u00a0\u00bb &#8212; Surbook\u00e9\" src=\"https:\/\/surbooke.fr\/wordpress\/2021\/07\/23\/les-lions-de-sicile-stefania-auci-editions-albin-michel\/embed\/#?secret=q1bKFweXfK#?secret=3J7Q5zdj5A\" data-secret=\"3J7Q5zdj5A\" width=\"600\" height=\"338\" frameborder=\"0\" marginwidth=\"0\" marginheight=\"0\" scrolling=\"no\"><\/iframe>\n<\/div><\/figure>\n\n\n\n<figure class=\"wp-block-embed is-type-wp-embed is-provider-surbook wp-block-embed-surbook\"><div class=\"wp-block-embed__wrapper\">\n<blockquote class=\"wp-embedded-content\" data-secret=\"4OOD7U2CEJ\"><a href=\"https:\/\/surbooke.fr\/wordpress\/2022\/11\/22\/les-lions-en-hiver-stefania-auci-editions-albin-michel\/\">Les lions en hiver, Stefania Auci, \u00c9ditions Albin Michel<\/a><\/blockquote><iframe loading=\"lazy\" class=\"wp-embedded-content\" sandbox=\"allow-scripts\" security=\"restricted\" style=\"position: absolute; visibility: hidden;\" title=\"\u00ab\u00a0Les lions en hiver, Stefania Auci, \u00c9ditions Albin Michel\u00a0\u00bb &#8212; Surbook\u00e9\" src=\"https:\/\/surbooke.fr\/wordpress\/2022\/11\/22\/les-lions-en-hiver-stefania-auci-editions-albin-michel\/embed\/#?secret=UYNNZLOMtc#?secret=4OOD7U2CEJ\" data-secret=\"4OOD7U2CEJ\" width=\"600\" height=\"338\" frameborder=\"0\" marginwidth=\"0\" marginheight=\"0\" scrolling=\"no\"><\/iframe>\n<\/div><\/figure>\n\n\n\n<figure class=\"wp-block-embed is-type-wp-embed is-provider-surbook wp-block-embed-surbook\"><div class=\"wp-block-embed__wrapper\">\n<blockquote class=\"wp-embedded-content\" data-secret=\"XN9DxolZGT\"><a href=\"https:\/\/surbooke.fr\/wordpress\/2022\/05\/06\/le-triomphe-des-lions-stefania-auci-editions-albin-michel\/\">Le triomphe des lions, Stefania Auci, \u00c9ditions Albin Michel<\/a><\/blockquote><iframe loading=\"lazy\" class=\"wp-embedded-content\" sandbox=\"allow-scripts\" security=\"restricted\" style=\"position: absolute; visibility: hidden;\" title=\"\u00ab\u00a0Le triomphe des lions, Stefania Auci, \u00c9ditions Albin Michel\u00a0\u00bb &#8212; Surbook\u00e9\" src=\"https:\/\/surbooke.fr\/wordpress\/2022\/05\/06\/le-triomphe-des-lions-stefania-auci-editions-albin-michel\/embed\/#?secret=ECjAfByQOm#?secret=XN9DxolZGT\" data-secret=\"XN9DxolZGT\" width=\"600\" height=\"338\" frameborder=\"0\" marginwidth=\"0\" marginheight=\"0\" scrolling=\"no\"><\/iframe>\n<\/div><\/figure>\n\n\n\n<div style=\"padding:20px\" class=\"wp-block-tnp-minimal\"><p><strong>Abonnez-vous<\/strong>\u00a0<strong>pour<\/strong>\u00a0<strong>\u00eatre<\/strong>\u00a0<strong>averti<\/strong>\u00a0<strong>des<\/strong>\u00a0<strong>nouvelles<\/strong>\u00a0<strong>chroniques<\/strong>\u00a0<strong>!<\/strong><\/p><div><div class=\"tnp tnp-subscription-minimal  \"><form action=\"https:\/\/surbooke.fr\/wordpress\/wp-admin\/admin-ajax.php?action=tnp&amp;na=s\" method=\"post\" style=\"text-align: center\"><input type=\"hidden\" name=\"nr\" value=\"minimal\">\n<input type=\"hidden\" name=\"nlang\" value=\"\">\n<input class=\"tnp-email\" type=\"email\" required name=\"ne\" value=\"\" placeholder=\"Email\"><input class=\"tnp-submit\" type=\"submit\" value=\"S&#039;abonner\" style=\"\">\n<div class=\"tnp-field tnp-privacy-field\"><label><input type=\"checkbox\" name=\"ny\" required class=\"tnp-privacy\"> En continuant, vous acceptez la politique de confidentialit\u00e9<\/label><\/div><\/form><\/div>\n<\/div><\/div>\n","protected":false},"excerpt":{"rendered":"<p>Sarraca petit village sicilien qui regarde du c\u00f4t\u00e9 de l&rsquo;Afrique,1960. L&rsquo;avocat Pippino Calascibetta attend sa ni\u00e8ce Carlotta, qui travaille \u00e0 Agrigente le chef-lieu de la province o\u00f9 elle est directrice des archives notariales. Jeune elle voulait devenir avocate, mais \u00ab z\u00f9 Pippino \u00bb le lui avait d\u00e9conseill\u00e9 avec regret et d\u00e9termination. Parce qu&rsquo;en 1947 nombre [&hellip;]<\/p>\n","protected":false},"author":8,"featured_media":34348,"comment_status":"open","ping_status":"open","sticky":false,"template":"","format":"standard","meta":{"footnotes":""},"categories":[22],"tags":[181],"class_list":["post-34272","post","type-post","status-publish","format-standard","has-post-thumbnail","hentry","category-ail-et-parmesan","tag-harper-collins"],"yoast_head":"<!-- This site is optimized with the Yoast SEO plugin v27.5 - https:\/\/yoast.com\/product\/yoast-seo-wordpress\/ -->\n<title>Comme l&#039;oranger amer, Milena Palminteri, \u00c9ditions Harper Collins - Surbook\u00e9<\/title>\n<meta name=\"description\" content=\"Carlotta n\u00e9e du viol de la fille d&#039;un m\u00e9tayer sicilien deviendra pourtant baronne. L&#039;histoire nous emm\u00e8ne au sein d&#039;une \u00eele magique apr\u00e8s la Premi\u00e8re guerre mondiale.\" \/>\n<meta name=\"robots\" content=\"index, follow, max-snippet:-1, max-image-preview:large, max-video-preview:-1\" \/>\n<link rel=\"canonical\" href=\"https:\/\/surbooke.fr\/wordpress\/2025\/12\/04\/comme-loranger-amer-milena-palminteri-editions-harper-collins\/\" \/>\n<meta property=\"og:locale\" content=\"fr_FR\" \/>\n<meta property=\"og:type\" content=\"article\" \/>\n<meta property=\"og:title\" content=\"Comme l&#039;oranger amer, Milena Palminteri, \u00c9ditions Harper Collins - Surbook\u00e9\" \/>\n<meta property=\"og:description\" content=\"Carlotta n\u00e9e du viol de la fille d&#039;un m\u00e9tayer sicilien deviendra pourtant baronne. L&#039;histoire nous emm\u00e8ne au sein d&#039;une \u00eele magique apr\u00e8s la Premi\u00e8re guerre mondiale.\" \/>\n<meta property=\"og:url\" content=\"https:\/\/surbooke.fr\/wordpress\/2025\/12\/04\/comme-loranger-amer-milena-palminteri-editions-harper-collins\/\" \/>\n<meta property=\"og:site_name\" content=\"Surbook\u00e9\" \/>\n<meta property=\"article:published_time\" content=\"2025-12-04T12:41:24+00:00\" \/>\n<meta property=\"article:modified_time\" content=\"2025-12-04T16:06:23+00:00\" \/>\n<meta property=\"og:image\" content=\"https:\/\/surbooke.fr\/wordpress\/wp-content\/uploads\/2025\/12\/Comme-loranger-amer.jpeg\" \/>\n\t<meta property=\"og:image:width\" content=\"447\" \/>\n\t<meta property=\"og:image:height\" content=\"447\" \/>\n\t<meta property=\"og:image:type\" content=\"image\/jpeg\" \/>\n<meta name=\"author\" content=\"Laurent Bisault\" \/>\n<meta name=\"twitter:card\" content=\"summary_large_image\" \/>\n<meta name=\"twitter:creator\" content=\"@LaurentBisault\" \/>\n<meta name=\"twitter:label1\" content=\"\u00c9crit par\" \/>\n\t<meta name=\"twitter:data1\" content=\"Laurent Bisault\" \/>\n\t<meta name=\"twitter:label2\" content=\"Dur\u00e9e de lecture estim\u00e9e\" \/>\n\t<meta name=\"twitter:data2\" content=\"4 minutes\" \/>\n<script type=\"application\/ld+json\" class=\"yoast-schema-graph\">{\"@context\":\"https:\\\/\\\/schema.org\",\"@graph\":[{\"@type\":\"Article\",\"@id\":\"https:\\\/\\\/surbooke.fr\\\/wordpress\\\/2025\\\/12\\\/04\\\/comme-loranger-amer-milena-palminteri-editions-harper-collins\\\/#article\",\"isPartOf\":{\"@id\":\"https:\\\/\\\/surbooke.fr\\\/wordpress\\\/2025\\\/12\\\/04\\\/comme-loranger-amer-milena-palminteri-editions-harper-collins\\\/\"},\"author\":{\"name\":\"Laurent Bisault\",\"@id\":\"https:\\\/\\\/surbooke.fr\\\/wordpress\\\/#\\\/schema\\\/person\\\/9c6be4d35203c76182c56b0e974807c6\"},\"headline\":\"Comme l&rsquo;oranger amer, Milena Palminteri, \u00c9ditions Harper Collins\",\"datePublished\":\"2025-12-04T12:41:24+00:00\",\"dateModified\":\"2025-12-04T16:06:23+00:00\",\"mainEntityOfPage\":{\"@id\":\"https:\\\/\\\/surbooke.fr\\\/wordpress\\\/2025\\\/12\\\/04\\\/comme-loranger-amer-milena-palminteri-editions-harper-collins\\\/\"},\"wordCount\":814,\"commentCount\":0,\"image\":{\"@id\":\"https:\\\/\\\/surbooke.fr\\\/wordpress\\\/2025\\\/12\\\/04\\\/comme-loranger-amer-milena-palminteri-editions-harper-collins\\\/#primaryimage\"},\"thumbnailUrl\":\"https:\\\/\\\/surbooke.fr\\\/wordpress\\\/wp-content\\\/uploads\\\/2025\\\/12\\\/Comme-loranger-amer.jpeg\",\"keywords\":[\"Harper Collins\"],\"articleSection\":[\"ail et parmesan \ud83c\uddee\ud83c\uddf9\"],\"inLanguage\":\"fr-FR\",\"potentialAction\":[{\"@type\":\"CommentAction\",\"name\":\"Comment\",\"target\":[\"https:\\\/\\\/surbooke.fr\\\/wordpress\\\/2025\\\/12\\\/04\\\/comme-loranger-amer-milena-palminteri-editions-harper-collins\\\/#respond\"]}]},{\"@type\":\"WebPage\",\"@id\":\"https:\\\/\\\/surbooke.fr\\\/wordpress\\\/2025\\\/12\\\/04\\\/comme-loranger-amer-milena-palminteri-editions-harper-collins\\\/\",\"url\":\"https:\\\/\\\/surbooke.fr\\\/wordpress\\\/2025\\\/12\\\/04\\\/comme-loranger-amer-milena-palminteri-editions-harper-collins\\\/\",\"name\":\"Comme l'oranger amer, Milena Palminteri, \u00c9ditions Harper Collins - Surbook\u00e9\",\"isPartOf\":{\"@id\":\"https:\\\/\\\/surbooke.fr\\\/wordpress\\\/#website\"},\"primaryImageOfPage\":{\"@id\":\"https:\\\/\\\/surbooke.fr\\\/wordpress\\\/2025\\\/12\\\/04\\\/comme-loranger-amer-milena-palminteri-editions-harper-collins\\\/#primaryimage\"},\"image\":{\"@id\":\"https:\\\/\\\/surbooke.fr\\\/wordpress\\\/2025\\\/12\\\/04\\\/comme-loranger-amer-milena-palminteri-editions-harper-collins\\\/#primaryimage\"},\"thumbnailUrl\":\"https:\\\/\\\/surbooke.fr\\\/wordpress\\\/wp-content\\\/uploads\\\/2025\\\/12\\\/Comme-loranger-amer.jpeg\",\"datePublished\":\"2025-12-04T12:41:24+00:00\",\"dateModified\":\"2025-12-04T16:06:23+00:00\",\"author\":{\"@id\":\"https:\\\/\\\/surbooke.fr\\\/wordpress\\\/#\\\/schema\\\/person\\\/9c6be4d35203c76182c56b0e974807c6\"},\"description\":\"Carlotta n\u00e9e du viol de la fille d'un m\u00e9tayer sicilien deviendra pourtant baronne. L'histoire nous emm\u00e8ne au sein d'une \u00eele magique apr\u00e8s la Premi\u00e8re guerre mondiale.\",\"breadcrumb\":{\"@id\":\"https:\\\/\\\/surbooke.fr\\\/wordpress\\\/2025\\\/12\\\/04\\\/comme-loranger-amer-milena-palminteri-editions-harper-collins\\\/#breadcrumb\"},\"inLanguage\":\"fr-FR\",\"potentialAction\":[{\"@type\":\"ReadAction\",\"target\":[\"https:\\\/\\\/surbooke.fr\\\/wordpress\\\/2025\\\/12\\\/04\\\/comme-loranger-amer-milena-palminteri-editions-harper-collins\\\/\"]}]},{\"@type\":\"ImageObject\",\"inLanguage\":\"fr-FR\",\"@id\":\"https:\\\/\\\/surbooke.fr\\\/wordpress\\\/2025\\\/12\\\/04\\\/comme-loranger-amer-milena-palminteri-editions-harper-collins\\\/#primaryimage\",\"url\":\"https:\\\/\\\/surbooke.fr\\\/wordpress\\\/wp-content\\\/uploads\\\/2025\\\/12\\\/Comme-loranger-amer.jpeg\",\"contentUrl\":\"https:\\\/\\\/surbooke.fr\\\/wordpress\\\/wp-content\\\/uploads\\\/2025\\\/12\\\/Comme-loranger-amer.jpeg\",\"width\":447,\"height\":447},{\"@type\":\"BreadcrumbList\",\"@id\":\"https:\\\/\\\/surbooke.fr\\\/wordpress\\\/2025\\\/12\\\/04\\\/comme-loranger-amer-milena-palminteri-editions-harper-collins\\\/#breadcrumb\",\"itemListElement\":[{\"@type\":\"ListItem\",\"position\":1,\"name\":\"Accueil\",\"item\":\"https:\\\/\\\/surbooke.fr\\\/wordpress\\\/\"},{\"@type\":\"ListItem\",\"position\":2,\"name\":\"Comme l&rsquo;oranger amer, Milena Palminteri, \u00c9ditions Harper Collins\"}]},{\"@type\":\"WebSite\",\"@id\":\"https:\\\/\\\/surbooke.fr\\\/wordpress\\\/#website\",\"url\":\"https:\\\/\\\/surbooke.fr\\\/wordpress\\\/\",\"name\":\"Surbook\u00e9\",\"description\":\"Le blog de Laurent Bisault\",\"potentialAction\":[{\"@type\":\"SearchAction\",\"target\":{\"@type\":\"EntryPoint\",\"urlTemplate\":\"https:\\\/\\\/surbooke.fr\\\/wordpress\\\/?s={search_term_string}\"},\"query-input\":{\"@type\":\"PropertyValueSpecification\",\"valueRequired\":true,\"valueName\":\"search_term_string\"}}],\"inLanguage\":\"fr-FR\"},{\"@type\":\"Person\",\"@id\":\"https:\\\/\\\/surbooke.fr\\\/wordpress\\\/#\\\/schema\\\/person\\\/9c6be4d35203c76182c56b0e974807c6\",\"name\":\"Laurent Bisault\",\"image\":{\"@type\":\"ImageObject\",\"inLanguage\":\"fr-FR\",\"@id\":\"https:\\\/\\\/secure.gravatar.com\\\/avatar\\\/3bcd2efdfc3a3e416bea3223d3dfcd7f8845e2ca0669671d0c7ed8e84e97bfc4?s=96&d=mm&r=g\",\"url\":\"https:\\\/\\\/secure.gravatar.com\\\/avatar\\\/3bcd2efdfc3a3e416bea3223d3dfcd7f8845e2ca0669671d0c7ed8e84e97bfc4?s=96&d=mm&r=g\",\"contentUrl\":\"https:\\\/\\\/secure.gravatar.com\\\/avatar\\\/3bcd2efdfc3a3e416bea3223d3dfcd7f8845e2ca0669671d0c7ed8e84e97bfc4?s=96&d=mm&r=g\",\"caption\":\"Laurent Bisault\"},\"sameAs\":[\"https:\\\/\\\/surbooke.fr\\\/wordpress\\\/\",\"https:\\\/\\\/x.com\\\/LaurentBisault\"],\"url\":\"https:\\\/\\\/surbooke.fr\\\/wordpress\\\/author\\\/surbooke\\\/\"}]}<\/script>\n<!-- \/ Yoast SEO plugin. -->","yoast_head_json":{"title":"Comme l'oranger amer, Milena Palminteri, \u00c9ditions Harper Collins - Surbook\u00e9","description":"Carlotta n\u00e9e du viol de la fille d'un m\u00e9tayer sicilien deviendra pourtant baronne. L'histoire nous emm\u00e8ne au sein d'une \u00eele magique apr\u00e8s la Premi\u00e8re guerre mondiale.","robots":{"index":"index","follow":"follow","max-snippet":"max-snippet:-1","max-image-preview":"max-image-preview:large","max-video-preview":"max-video-preview:-1"},"canonical":"https:\/\/surbooke.fr\/wordpress\/2025\/12\/04\/comme-loranger-amer-milena-palminteri-editions-harper-collins\/","og_locale":"fr_FR","og_type":"article","og_title":"Comme l'oranger amer, Milena Palminteri, \u00c9ditions Harper Collins - Surbook\u00e9","og_description":"Carlotta n\u00e9e du viol de la fille d'un m\u00e9tayer sicilien deviendra pourtant baronne. L'histoire nous emm\u00e8ne au sein d'une \u00eele magique apr\u00e8s la Premi\u00e8re guerre mondiale.","og_url":"https:\/\/surbooke.fr\/wordpress\/2025\/12\/04\/comme-loranger-amer-milena-palminteri-editions-harper-collins\/","og_site_name":"Surbook\u00e9","article_published_time":"2025-12-04T12:41:24+00:00","article_modified_time":"2025-12-04T16:06:23+00:00","og_image":[{"width":447,"height":447,"url":"https:\/\/surbooke.fr\/wordpress\/wp-content\/uploads\/2025\/12\/Comme-loranger-amer.jpeg","type":"image\/jpeg"}],"author":"Laurent Bisault","twitter_card":"summary_large_image","twitter_creator":"@LaurentBisault","twitter_misc":{"\u00c9crit par":"Laurent Bisault","Dur\u00e9e de lecture estim\u00e9e":"4 minutes"},"schema":{"@context":"https:\/\/schema.org","@graph":[{"@type":"Article","@id":"https:\/\/surbooke.fr\/wordpress\/2025\/12\/04\/comme-loranger-amer-milena-palminteri-editions-harper-collins\/#article","isPartOf":{"@id":"https:\/\/surbooke.fr\/wordpress\/2025\/12\/04\/comme-loranger-amer-milena-palminteri-editions-harper-collins\/"},"author":{"name":"Laurent Bisault","@id":"https:\/\/surbooke.fr\/wordpress\/#\/schema\/person\/9c6be4d35203c76182c56b0e974807c6"},"headline":"Comme l&rsquo;oranger amer, Milena Palminteri, \u00c9ditions Harper Collins","datePublished":"2025-12-04T12:41:24+00:00","dateModified":"2025-12-04T16:06:23+00:00","mainEntityOfPage":{"@id":"https:\/\/surbooke.fr\/wordpress\/2025\/12\/04\/comme-loranger-amer-milena-palminteri-editions-harper-collins\/"},"wordCount":814,"commentCount":0,"image":{"@id":"https:\/\/surbooke.fr\/wordpress\/2025\/12\/04\/comme-loranger-amer-milena-palminteri-editions-harper-collins\/#primaryimage"},"thumbnailUrl":"https:\/\/surbooke.fr\/wordpress\/wp-content\/uploads\/2025\/12\/Comme-loranger-amer.jpeg","keywords":["Harper Collins"],"articleSection":["ail et parmesan \ud83c\uddee\ud83c\uddf9"],"inLanguage":"fr-FR","potentialAction":[{"@type":"CommentAction","name":"Comment","target":["https:\/\/surbooke.fr\/wordpress\/2025\/12\/04\/comme-loranger-amer-milena-palminteri-editions-harper-collins\/#respond"]}]},{"@type":"WebPage","@id":"https:\/\/surbooke.fr\/wordpress\/2025\/12\/04\/comme-loranger-amer-milena-palminteri-editions-harper-collins\/","url":"https:\/\/surbooke.fr\/wordpress\/2025\/12\/04\/comme-loranger-amer-milena-palminteri-editions-harper-collins\/","name":"Comme l'oranger amer, Milena Palminteri, \u00c9ditions Harper Collins - Surbook\u00e9","isPartOf":{"@id":"https:\/\/surbooke.fr\/wordpress\/#website"},"primaryImageOfPage":{"@id":"https:\/\/surbooke.fr\/wordpress\/2025\/12\/04\/comme-loranger-amer-milena-palminteri-editions-harper-collins\/#primaryimage"},"image":{"@id":"https:\/\/surbooke.fr\/wordpress\/2025\/12\/04\/comme-loranger-amer-milena-palminteri-editions-harper-collins\/#primaryimage"},"thumbnailUrl":"https:\/\/surbooke.fr\/wordpress\/wp-content\/uploads\/2025\/12\/Comme-loranger-amer.jpeg","datePublished":"2025-12-04T12:41:24+00:00","dateModified":"2025-12-04T16:06:23+00:00","author":{"@id":"https:\/\/surbooke.fr\/wordpress\/#\/schema\/person\/9c6be4d35203c76182c56b0e974807c6"},"description":"Carlotta n\u00e9e du viol de la fille d'un m\u00e9tayer sicilien deviendra pourtant baronne. L'histoire nous emm\u00e8ne au sein d'une \u00eele magique apr\u00e8s la Premi\u00e8re guerre mondiale.","breadcrumb":{"@id":"https:\/\/surbooke.fr\/wordpress\/2025\/12\/04\/comme-loranger-amer-milena-palminteri-editions-harper-collins\/#breadcrumb"},"inLanguage":"fr-FR","potentialAction":[{"@type":"ReadAction","target":["https:\/\/surbooke.fr\/wordpress\/2025\/12\/04\/comme-loranger-amer-milena-palminteri-editions-harper-collins\/"]}]},{"@type":"ImageObject","inLanguage":"fr-FR","@id":"https:\/\/surbooke.fr\/wordpress\/2025\/12\/04\/comme-loranger-amer-milena-palminteri-editions-harper-collins\/#primaryimage","url":"https:\/\/surbooke.fr\/wordpress\/wp-content\/uploads\/2025\/12\/Comme-loranger-amer.jpeg","contentUrl":"https:\/\/surbooke.fr\/wordpress\/wp-content\/uploads\/2025\/12\/Comme-loranger-amer.jpeg","width":447,"height":447},{"@type":"BreadcrumbList","@id":"https:\/\/surbooke.fr\/wordpress\/2025\/12\/04\/comme-loranger-amer-milena-palminteri-editions-harper-collins\/#breadcrumb","itemListElement":[{"@type":"ListItem","position":1,"name":"Accueil","item":"https:\/\/surbooke.fr\/wordpress\/"},{"@type":"ListItem","position":2,"name":"Comme l&rsquo;oranger amer, Milena Palminteri, \u00c9ditions Harper Collins"}]},{"@type":"WebSite","@id":"https:\/\/surbooke.fr\/wordpress\/#website","url":"https:\/\/surbooke.fr\/wordpress\/","name":"Surbook\u00e9","description":"Le blog de Laurent Bisault","potentialAction":[{"@type":"SearchAction","target":{"@type":"EntryPoint","urlTemplate":"https:\/\/surbooke.fr\/wordpress\/?s={search_term_string}"},"query-input":{"@type":"PropertyValueSpecification","valueRequired":true,"valueName":"search_term_string"}}],"inLanguage":"fr-FR"},{"@type":"Person","@id":"https:\/\/surbooke.fr\/wordpress\/#\/schema\/person\/9c6be4d35203c76182c56b0e974807c6","name":"Laurent Bisault","image":{"@type":"ImageObject","inLanguage":"fr-FR","@id":"https:\/\/secure.gravatar.com\/avatar\/3bcd2efdfc3a3e416bea3223d3dfcd7f8845e2ca0669671d0c7ed8e84e97bfc4?s=96&d=mm&r=g","url":"https:\/\/secure.gravatar.com\/avatar\/3bcd2efdfc3a3e416bea3223d3dfcd7f8845e2ca0669671d0c7ed8e84e97bfc4?s=96&d=mm&r=g","contentUrl":"https:\/\/secure.gravatar.com\/avatar\/3bcd2efdfc3a3e416bea3223d3dfcd7f8845e2ca0669671d0c7ed8e84e97bfc4?s=96&d=mm&r=g","caption":"Laurent Bisault"},"sameAs":["https:\/\/surbooke.fr\/wordpress\/","https:\/\/x.com\/LaurentBisault"],"url":"https:\/\/surbooke.fr\/wordpress\/author\/surbooke\/"}]}},"_links":{"self":[{"href":"https:\/\/surbooke.fr\/wordpress\/wp-json\/wp\/v2\/posts\/34272","targetHints":{"allow":["GET"]}}],"collection":[{"href":"https:\/\/surbooke.fr\/wordpress\/wp-json\/wp\/v2\/posts"}],"about":[{"href":"https:\/\/surbooke.fr\/wordpress\/wp-json\/wp\/v2\/types\/post"}],"author":[{"embeddable":true,"href":"https:\/\/surbooke.fr\/wordpress\/wp-json\/wp\/v2\/users\/8"}],"replies":[{"embeddable":true,"href":"https:\/\/surbooke.fr\/wordpress\/wp-json\/wp\/v2\/comments?post=34272"}],"version-history":[{"count":0,"href":"https:\/\/surbooke.fr\/wordpress\/wp-json\/wp\/v2\/posts\/34272\/revisions"}],"wp:featuredmedia":[{"embeddable":true,"href":"https:\/\/surbooke.fr\/wordpress\/wp-json\/wp\/v2\/media\/34348"}],"wp:attachment":[{"href":"https:\/\/surbooke.fr\/wordpress\/wp-json\/wp\/v2\/media?parent=34272"}],"wp:term":[{"taxonomy":"category","embeddable":true,"href":"https:\/\/surbooke.fr\/wordpress\/wp-json\/wp\/v2\/categories?post=34272"},{"taxonomy":"post_tag","embeddable":true,"href":"https:\/\/surbooke.fr\/wordpress\/wp-json\/wp\/v2\/tags?post=34272"}],"curies":[{"name":"wp","href":"https:\/\/api.w.org\/{rel}","templated":true}]}}