{"id":34351,"date":"2025-12-08T19:04:57","date_gmt":"2025-12-08T18:04:57","guid":{"rendered":"https:\/\/surbooke.fr\/wordpress\/?p=34351"},"modified":"2025-12-09T19:10:47","modified_gmt":"2025-12-09T18:10:47","slug":"sociologie-de-saint-etienne-vincent-beal-et-alii-editions-la-decouverte","status":"publish","type":"post","link":"https:\/\/surbooke.fr\/wordpress\/2025\/12\/08\/sociologie-de-saint-etienne-vincent-beal-et-alii-editions-la-decouverte\/","title":{"rendered":"Sociologie de Saint-\u00c9tienne, Vincent B\u00e9al et alii, \u00c9ditions La D\u00e9couverte"},"content":{"rendered":"\n<p><strong>On la pr\u00e9sente comme une des grandes perdantes des transformations du capitalisme contemporain. <\/strong>Saint-\u00c9tienne la ville industrielle, ouvri\u00e8re, la cit\u00e9<strong> <\/strong>du<strong> <\/strong>foot, serait devenue un lieu de pauvret\u00e9, de vacance commerciale, sur lequel se d\u00e9versent les discours mis\u00e9rabilistes. La capitale de la Loire est pourtant plus contrast\u00e9e qu&rsquo;on pourrait le croire. Son histoire est celle d&rsquo;une ville qui fut longtemps ill\u00e9gitime face au voisin lyonnais. Et m\u00eame face \u00e0 Montbrison qui accueillit la pr\u00e9fecture du d\u00e9partement jusqu&rsquo;en 1855, ainsi que la cour d&rsquo;assises jusqu&rsquo;en 1968. Saint-\u00c9tienne n&rsquo;a exist\u00e9 comme ville qui compte qu&rsquo;\u00e0 partir du XIXe si\u00e8cle. La fabrication d&rsquo;armes de la Manufacture royale y avait pourtant d\u00e9but\u00e9 un si\u00e8cle plus t\u00f4t. Mais c&rsquo;est avec l&rsquo;exploitation mini\u00e8re que la ville a pris son envol. Il fut progressif car les patrons de l&rsquo;industrie du ruban s&rsquo;oppos\u00e8rent \u00e0 ces nouveaux capitalistes susceptibles de les concurrencer dans l&rsquo;accaparement des profits et l&#8217;embauche de la main-d&rsquo;\u0153uvre. Saint\u00e9 devint la ville noire, celle des fum\u00e9es, des rougeoiements nocturnes des forges. Elle fut aussi rouge par ses conflits sociaux et la combativit\u00e9 ouvri\u00e8re. Pourtant m\u00eame \u00e0 son apog\u00e9e les mineurs \u00e9taient moins nombreux que les autres ouvriers. Ils \u00e9taient 16 000 en 1935 alors que 50 000 personnes travaillaient dans la m\u00e9tallurgie et d&rsquo;autres encore dans l&rsquo;industrie du cycle, l&rsquo;imprimerie, la chocolaterie. Les mines st\u00e9phanoises ont \u00e9t\u00e9 nationalis\u00e9es en 1946, ce qui n&rsquo;a pas emp\u00each\u00e9 la fermeture progressive des puits. L&rsquo;extraction mini\u00e8re a pris fin en 1983, soit au moment o\u00f9 Creusot-Loire le leader local de la sid\u00e9rurgie a cess\u00e9 son activit\u00e9. Concomitamment les industries du textile et du cycle ont elles aussi d\u00e9clin\u00e9. Saint-\u00c9tienne est aujourd&rsquo;hui juridiquement une m\u00e9tropole, dont la population s&rsquo;est stabilis\u00e9e depuis une dizaine d&rsquo;ann\u00e9es, tout en se transformant avec le d\u00e9part de nombreuses classes moyennes et sup\u00e9rieures vers la p\u00e9riph\u00e9rie. Ce qui pour certains a d\u00e9valoris\u00e9 la cit\u00e9, notamment avec la \u00ab <em>sp\u00e9cialisation<\/em> <em>ethnique<\/em> \u00bb de certains quartiers.<\/p>\n\n\n\n<blockquote class=\"wp-block-quote is-layout-flow wp-block-quote-is-layout-flow\">\n<p class=\"has-medium-font-size\">La s\u00e9gr\u00e9gation des quartiers r\u00e9sulte des migrations organis\u00e9es par le patronat local <\/p>\n<\/blockquote>\n\n\n\n<p>La population st\u00e9phanoise est aujourd&rsquo;hui davantage ouvri\u00e8re, moins dipl\u00f4m\u00e9e, et plus \u00e2g\u00e9e, que celles des m\u00e9tropoles de taille comparable. Ce qui se traduit en 2015 par un taux de pauvret\u00e9 de 24 % intra-muros, et de 16 % en p\u00e9riph\u00e9rie st\u00e9phanoise. Les in\u00e9galit\u00e9s de revenus sont moindres \u00e0 Saint-\u00c9tienne qu&rsquo;\u00e0 Lyon o\u00f9 Grenoble, car la classe des tr\u00e8s riches n&rsquo;y a jamais \u00e9merg\u00e9. Ce qui n&#8217;emp\u00eache pas l&rsquo;existence de fortes diff\u00e9rences entre les quartiers. Les plus ais\u00e9s habitent entre autres sur le cours Fauriel et La Vivaraize, alors que les plus pauvres ont \u00e9t\u00e9 envoy\u00e9s dans les grands ensembles. La s\u00e9gr\u00e9gation des quartiers r\u00e9sulte des mouvements migratoires organis\u00e9s par le patronat local, qui a attir\u00e9 des immigr\u00e9s d\u00e8s l&rsquo;entre-deux-guerres. Des Italiens, des Espagnols, des Arm\u00e9niens, des Polonais, et surtout des Maghr\u00e9bins apr\u00e8s la Lib\u00e9ration. \u00c0 partir des ann\u00e9es soixante-dix, soit apr\u00e8s la destruction des bidonvilles, les Alg\u00e9riens ont \u00e9t\u00e9 log\u00e9s dans des quartiers sp\u00e9cifiques comme celui de Montchovet, comme cela avait \u00e9t\u00e9 le cas pr\u00e9c\u00e9demment pour les Italiens et les Polonais. Cette concentration ethnique est encore visible pour les Portugais dans l&rsquo;ancienne commune de Terrenoire.<\/p>\n\n\n\n<blockquote class=\"wp-block-quote is-layout-flow wp-block-quote-is-layout-flow\">\n<p class=\"has-medium-font-size\">Le paradoxe d&rsquo;une ville ouvri\u00e8re qui vote \u00e0 droite<\/p>\n<\/blockquote>\n\n\n\n<p>Les St\u00e9phanois ont \u00e9t\u00e9 en 1888 parmi les premiers \u00e0 \u00e9lire une municipalit\u00e9 socialiste. C&rsquo;est aussi \u00e0 Saint\u00e9 que la f\u00e9d\u00e9ration des Bourses du travail a \u00e9t\u00e9 cr\u00e9\u00e9e. En 1977 l&rsquo;ancien mineur communiste Joseph Sanguedolce a \u00e9t\u00e9 \u00e9lu maire. La ville a pourtant \u00e9t\u00e9 dirig\u00e9e \u00e0 de rares exceptions pendant ces quatre-vingt-dix ann\u00e9es par des hommes de centre-droit. Pour expliquer ce paradoxe d&rsquo;une ville ouvri\u00e8re qui vote \u00e0 droite, il faut \u00e9voquer les attaches rurales de nombreux travailleurs avec le Vivarais et le Velay, deux territoires tourn\u00e9s vers le catholicisme. Le vote ouvrier st\u00e9phanois s&rsquo;est aussi partag\u00e9 entre un vote communiste au sein des grandes entreprises, et un vote de culture r\u00e9publicaine ou radicale dans les petits \u00e9tablissements. Rappelons \u00e9galement que les populations les plus d\u00e9favoris\u00e9es, notamment issues de l&rsquo;immigration, participent peu aux scrutins. Signalons aussi que les \u00e9lecteurs st\u00e9phanois n&rsquo;ont jamais opt\u00e9 massivement pour le Front ou le Rassemblement national.<\/p>\n\n\n\n<blockquote class=\"wp-block-quote is-layout-flow wp-block-quote-is-layout-flow\">\n<p class=\"has-medium-font-size\">Il a renouvel\u00e9 l&rsquo;exercice en compagnie du groupe Terrenoire <\/p>\n<\/blockquote>\n\n\n\n<p>Il y a bien longtemps que les joueurs de foot ne sont plus les personnages embl\u00e9matiques de la capitale du Forez. Dominique Rocheteau s&rsquo;en est all\u00e9 des terrains. Et le g\u00e9nial Rachid Mekhloufi, qui quitta le club en 1958 pour rejoindre l&rsquo;\u00e9quipe du FLN, est oubli\u00e9. Bernard Lavilliers lui, poursuit son chemin entam\u00e9 en 1975 avec l&rsquo;album <em>Le<\/em> <em>St\u00e9phanois<\/em>. Dans sa chanson \u00ab Saint-\u00c9tienne \u00bb il \u00e9voquait l&rsquo;histoire industrielle de sa ville, le charbon, le m\u00e9tal, les forges, ainsi que leurs disparitions. En 2021 il a renouvel\u00e9 l&rsquo;exercice en compagnie du groupe Terrenoire en chantant \u00ab Je tiens d&rsquo;elle \u00bb : \u00ab <em>Je<\/em> <em>tiens<\/em> <em>d&rsquo;elle<\/em>, <em>Ma<\/em> <em>Saint-\u00c9tienne<\/em>, <em>Plus<\/em> <em>brave<\/em> <em>que<\/em> <em>belle<\/em>, <em>Plus<\/em> <em>fr\u00e8re<\/em> <em>que<\/em> <em>fi\u00e8re<\/em>, <em>Plus<\/em> <em>fi\u00e8re<\/em> <em>que<\/em> <em>celles<\/em>, <em>Qu&rsquo;ont<\/em> <em>pas<\/em> <em>souffert<\/em> \u00bb. Saint-\u00c9tienne est \u00e9galement le nom d&rsquo;un groupe anglais form\u00e9 \u00e0 Londres en l&rsquo;honneur de l&rsquo;\u00e9quipe de foot de la ville. Le groupe Mickey 3D originaire de Montbrison rendit lui aussi hommage \u00e0 l&rsquo;ASSE, l&rsquo;association sportive de Saint-\u00c9tienne, dans sa chanson consacr\u00e9e \u00e0 Johnny Rep. Pour d\u00e9couvrir la litt\u00e9rature st\u00e9phanoise on lira avec profit la saga des <em>Sauvages<\/em> de Sabri Louatah.<\/p>\n\n\n\n<figure class=\"wp-block-embed is-type-video is-provider-youtube wp-block-embed-youtube wp-embed-aspect-16-9 wp-has-aspect-ratio\"><div class=\"wp-block-embed__wrapper\">\n<iframe loading=\"lazy\" title=\"Bernard  Lavilliers  - Saint Etienne - HQ STEREO 1975\" width=\"640\" height=\"360\" src=\"https:\/\/www.youtube.com\/embed\/4jcG6NrfFZs?feature=oembed\" frameborder=\"0\" allow=\"accelerometer; autoplay; clipboard-write; encrypted-media; gyroscope; picture-in-picture; web-share\" referrerpolicy=\"strict-origin-when-cross-origin\" allowfullscreen><\/iframe>\n<\/div><\/figure>\n\n\n\n<p><\/p>\n\n\n\n<figure class=\"wp-block-embed is-type-video is-provider-youtube wp-block-embed-youtube wp-embed-aspect-16-9 wp-has-aspect-ratio\"><div class=\"wp-block-embed__wrapper\">\n<iframe loading=\"lazy\" title=\"Bernard Lavilliers, Terrenoire - Je tiens d&#039;elle (Clip officiel)\" width=\"640\" height=\"360\" src=\"https:\/\/www.youtube.com\/embed\/PuSxN1mYwhE?feature=oembed\" frameborder=\"0\" allow=\"accelerometer; autoplay; clipboard-write; encrypted-media; gyroscope; picture-in-picture; web-share\" referrerpolicy=\"strict-origin-when-cross-origin\" allowfullscreen><\/iframe>\n<\/div><\/figure>\n\n\n\n<figure class=\"wp-block-embed is-type-video is-provider-youtube wp-block-embed-youtube wp-embed-aspect-4-3 wp-has-aspect-ratio\"><div class=\"wp-block-embed__wrapper\">\n<iframe loading=\"lazy\" title=\"Mickey 3D - Johnny Rep - Clip officiel\" width=\"640\" height=\"480\" src=\"https:\/\/www.youtube.com\/embed\/sKqjbPuDT-o?feature=oembed\" frameborder=\"0\" allow=\"accelerometer; autoplay; clipboard-write; encrypted-media; gyroscope; picture-in-picture; web-share\" referrerpolicy=\"strict-origin-when-cross-origin\" allowfullscreen><\/iframe>\n<\/div><\/figure>\n\n\n\n<p><strong>Vous pourriez aussi appr\u00e9cier<\/strong><\/p>\n\n\n\n<figure class=\"wp-block-embed is-type-wp-embed is-provider-surbook wp-block-embed-surbook\"><div class=\"wp-block-embed__wrapper\">\n<blockquote class=\"wp-embedded-content\" data-secret=\"QpSxfwBMVo\"><a href=\"https:\/\/surbooke.fr\/wordpress\/2021\/02\/23\/les-sauvages-sabri-louatah-tomes-1-et-2-editions-flammarion\/\">Les Sauvages (tomes 1 et 2), Sabri Louatah, \u00c9ditions Flammarion<\/a><\/blockquote><iframe loading=\"lazy\" class=\"wp-embedded-content\" sandbox=\"allow-scripts\" security=\"restricted\" style=\"position: absolute; visibility: hidden;\" title=\"\u00ab\u00a0Les Sauvages (tomes 1 et 2), Sabri Louatah, \u00c9ditions Flammarion\u00a0\u00bb &#8212; Surbook\u00e9\" src=\"https:\/\/surbooke.fr\/wordpress\/2021\/02\/23\/les-sauvages-sabri-louatah-tomes-1-et-2-editions-flammarion\/embed\/#?secret=mZU76UUIsA#?secret=QpSxfwBMVo\" data-secret=\"QpSxfwBMVo\" width=\"600\" height=\"338\" frameborder=\"0\" marginwidth=\"0\" marginheight=\"0\" scrolling=\"no\"><\/iframe>\n<\/div><\/figure>\n\n\n\n<figure class=\"wp-block-embed is-type-wp-embed is-provider-surbook wp-block-embed-surbook\"><div class=\"wp-block-embed__wrapper\">\n<blockquote class=\"wp-embedded-content\" data-secret=\"jAxlc4MmeW\"><a href=\"https:\/\/surbooke.fr\/wordpress\/2021\/03\/08\/les-sauvages-tomes-3-et-4-sabri-louatah-editions-flammarion\/\">Les Sauvages (tomes 3 et 4), Sabri Louatah, \u00c9ditions Flammarion<\/a><\/blockquote><iframe loading=\"lazy\" class=\"wp-embedded-content\" sandbox=\"allow-scripts\" security=\"restricted\" style=\"position: absolute; visibility: hidden;\" title=\"\u00ab\u00a0Les Sauvages (tomes 3 et 4), Sabri Louatah, \u00c9ditions Flammarion\u00a0\u00bb &#8212; Surbook\u00e9\" src=\"https:\/\/surbooke.fr\/wordpress\/2021\/03\/08\/les-sauvages-tomes-3-et-4-sabri-louatah-editions-flammarion\/embed\/#?secret=gd887221tw#?secret=jAxlc4MmeW\" data-secret=\"jAxlc4MmeW\" width=\"600\" height=\"338\" frameborder=\"0\" marginwidth=\"0\" marginheight=\"0\" scrolling=\"no\"><\/iframe>\n<\/div><\/figure>\n\n\n\n<figure class=\"wp-block-embed is-type-wp-embed is-provider-surbook wp-block-embed-surbook\"><div class=\"wp-block-embed__wrapper\">\n<blockquote class=\"wp-embedded-content\" data-secret=\"D50MuvB4be\"><a href=\"https:\/\/surbooke.fr\/wordpress\/2022\/11\/16\/une-histoire-populaire-du-football-mickael-correia-editions-la-decouverte\/\">Une histoire populaire du football, Micka\u00ebl Correia, \u00c9ditions La D\u00e9couverte<\/a><\/blockquote><iframe loading=\"lazy\" class=\"wp-embedded-content\" sandbox=\"allow-scripts\" security=\"restricted\" style=\"position: absolute; visibility: hidden;\" title=\"\u00ab\u00a0Une histoire populaire du football, Micka\u00ebl Correia, \u00c9ditions La D\u00e9couverte\u00a0\u00bb &#8212; Surbook\u00e9\" src=\"https:\/\/surbooke.fr\/wordpress\/2022\/11\/16\/une-histoire-populaire-du-football-mickael-correia-editions-la-decouverte\/embed\/#?secret=mTP08GiUvk#?secret=D50MuvB4be\" data-secret=\"D50MuvB4be\" width=\"600\" height=\"338\" frameborder=\"0\" marginwidth=\"0\" marginheight=\"0\" scrolling=\"no\"><\/iframe>\n<\/div><\/figure>\n\n\n\n<figure class=\"wp-block-embed is-type-wp-embed is-provider-surbook wp-block-embed-surbook\"><div class=\"wp-block-embed__wrapper\">\n<blockquote class=\"wp-embedded-content\" data-secret=\"7OojjikOuh\"><a href=\"https:\/\/surbooke.fr\/wordpress\/2016\/04\/01\/un-printemps-76-vincent-duluc-editions-stock\/\">Un printemps 76, Vincent Duluc, \u00c9ditions Stock<\/a><\/blockquote><iframe loading=\"lazy\" class=\"wp-embedded-content\" sandbox=\"allow-scripts\" security=\"restricted\" style=\"position: absolute; visibility: hidden;\" title=\"\u00ab\u00a0Un printemps 76, Vincent Duluc, \u00c9ditions Stock\u00a0\u00bb &#8212; Surbook\u00e9\" src=\"https:\/\/surbooke.fr\/wordpress\/2016\/04\/01\/un-printemps-76-vincent-duluc-editions-stock\/embed\/#?secret=q5X21qI2gs#?secret=7OojjikOuh\" data-secret=\"7OojjikOuh\" width=\"600\" height=\"338\" frameborder=\"0\" marginwidth=\"0\" marginheight=\"0\" scrolling=\"no\"><\/iframe>\n<\/div><\/figure>\n\n\n\n<div style=\"padding:20px\" class=\"wp-block-tnp-minimal\"><p><strong>Abonnez-vous<\/strong> <strong>pour<\/strong> <strong>\u00eatre<\/strong> <strong>averti<\/strong> <strong>des<\/strong> <strong>nouvelles<\/strong> <strong>chroniques<\/strong> <strong>!<\/strong><\/p><div><div class=\"tnp tnp-subscription-minimal  \"><form action=\"https:\/\/surbooke.fr\/wordpress\/wp-admin\/admin-ajax.php?action=tnp&amp;na=s\" method=\"post\" style=\"text-align: center\"><input type=\"hidden\" name=\"nr\" value=\"minimal\">\n<input type=\"hidden\" name=\"nlang\" value=\"\">\n<input class=\"tnp-email\" type=\"email\" required name=\"ne\" value=\"\" placeholder=\"Email\"><input class=\"tnp-submit\" type=\"submit\" value=\"S&#039;abonner\" style=\"\">\n<div class=\"tnp-field tnp-privacy-field\"><label><input type=\"checkbox\" name=\"ny\" required class=\"tnp-privacy\"> En continuant, vous acceptez la politique de confidentialit\u00e9<\/label><\/div><\/form><\/div>\n<\/div><\/div>\n\n\n\n<p><\/p>\n","protected":false},"excerpt":{"rendered":"<p>On la pr\u00e9sente comme une des grandes perdantes des transformations du capitalisme contemporain. Saint-\u00c9tienne la ville industrielle, ouvri\u00e8re, la cit\u00e9 du foot, serait devenue un lieu de pauvret\u00e9, de vacance commerciale, sur lequel se d\u00e9versent les discours mis\u00e9rabilistes. La capitale de la Loire est pourtant plus contrast\u00e9e qu&rsquo;on pourrait le croire. Son histoire est celle [&hellip;]<\/p>\n","protected":false},"author":8,"featured_media":34353,"comment_status":"open","ping_status":"open","sticky":false,"template":"","format":"standard","meta":{"footnotes":""},"categories":[26,67],"tags":[45],"class_list":["post-34351","post","type-post","status-publish","format-standard","has-post-thumbnail","hentry","category-histoire","category-sociologie","tag-la-decouverte"],"yoast_head":"<!-- This site is optimized with the Yoast SEO plugin v27.4 - https:\/\/yoast.com\/product\/yoast-seo-wordpress\/ -->\n<title>Sociologie de Saint-\u00c9tienne, Vincent B\u00e9al et alii, \u00c9ditions La D\u00e9couverte - Surbook\u00e9<\/title>\n<meta name=\"description\" content=\"Lamin\u00e9e par la d\u00e9sindustrialisation, Saint-\u00c9tienne est pourtant rest\u00e9e une ville ouvri\u00e8re. Ses quartiers racontent les vagues d&#039;immigration organis\u00e9es par le patronat. Malgr\u00e9 les mines et la sid\u00e9rurgie qui ont fa\u00e7onn\u00e9 son histoire, la cit\u00e9 a le plus souvent choisi des maires de droite, sans pour autant c\u00e9der \u00e0 l&#039;appel du Front national.\" \/>\n<meta name=\"robots\" content=\"index, follow, max-snippet:-1, max-image-preview:large, max-video-preview:-1\" \/>\n<link rel=\"canonical\" href=\"https:\/\/surbooke.fr\/wordpress\/2025\/12\/08\/sociologie-de-saint-etienne-vincent-beal-et-alii-editions-la-decouverte\/\" \/>\n<meta property=\"og:locale\" content=\"fr_FR\" \/>\n<meta property=\"og:type\" content=\"article\" \/>\n<meta property=\"og:title\" content=\"Sociologie de Saint-\u00c9tienne, Vincent B\u00e9al et alii, \u00c9ditions La D\u00e9couverte - Surbook\u00e9\" \/>\n<meta property=\"og:description\" content=\"Lamin\u00e9e par la d\u00e9sindustrialisation, Saint-\u00c9tienne est pourtant rest\u00e9e une ville ouvri\u00e8re. Ses quartiers racontent les vagues d&#039;immigration organis\u00e9es par le patronat. Malgr\u00e9 les mines et la sid\u00e9rurgie qui ont fa\u00e7onn\u00e9 son histoire, la cit\u00e9 a le plus souvent choisi des maires de droite, sans pour autant c\u00e9der \u00e0 l&#039;appel du Front national.\" \/>\n<meta property=\"og:url\" content=\"https:\/\/surbooke.fr\/wordpress\/2025\/12\/08\/sociologie-de-saint-etienne-vincent-beal-et-alii-editions-la-decouverte\/\" \/>\n<meta property=\"og:site_name\" content=\"Surbook\u00e9\" \/>\n<meta property=\"article:published_time\" content=\"2025-12-08T18:04:57+00:00\" \/>\n<meta property=\"article:modified_time\" content=\"2025-12-09T18:10:47+00:00\" \/>\n<meta property=\"og:image\" content=\"https:\/\/surbooke.fr\/wordpress\/wp-content\/uploads\/2025\/12\/Sociologie-de-Saint-Etienne-e1765132100917.jpg\" \/>\n\t<meta property=\"og:image:width\" content=\"400\" \/>\n\t<meta property=\"og:image:height\" content=\"538\" \/>\n\t<meta property=\"og:image:type\" content=\"image\/jpeg\" \/>\n<meta name=\"author\" content=\"Laurent Bisault\" \/>\n<meta name=\"twitter:card\" content=\"summary_large_image\" \/>\n<meta name=\"twitter:creator\" content=\"@LaurentBisault\" \/>\n<meta name=\"twitter:label1\" content=\"\u00c9crit par\" \/>\n\t<meta name=\"twitter:data1\" content=\"Laurent Bisault\" \/>\n\t<meta name=\"twitter:label2\" content=\"Dur\u00e9e de lecture estim\u00e9e\" \/>\n\t<meta name=\"twitter:data2\" content=\"5 minutes\" \/>\n<script type=\"application\/ld+json\" class=\"yoast-schema-graph\">{\"@context\":\"https:\\\/\\\/schema.org\",\"@graph\":[{\"@type\":\"Article\",\"@id\":\"https:\\\/\\\/surbooke.fr\\\/wordpress\\\/2025\\\/12\\\/08\\\/sociologie-de-saint-etienne-vincent-beal-et-alii-editions-la-decouverte\\\/#article\",\"isPartOf\":{\"@id\":\"https:\\\/\\\/surbooke.fr\\\/wordpress\\\/2025\\\/12\\\/08\\\/sociologie-de-saint-etienne-vincent-beal-et-alii-editions-la-decouverte\\\/\"},\"author\":{\"name\":\"Laurent Bisault\",\"@id\":\"https:\\\/\\\/surbooke.fr\\\/wordpress\\\/#\\\/schema\\\/person\\\/9c6be4d35203c76182c56b0e974807c6\"},\"headline\":\"Sociologie de Saint-\u00c9tienne, Vincent B\u00e9al et alii, \u00c9ditions La D\u00e9couverte\",\"datePublished\":\"2025-12-08T18:04:57+00:00\",\"dateModified\":\"2025-12-09T18:10:47+00:00\",\"mainEntityOfPage\":{\"@id\":\"https:\\\/\\\/surbooke.fr\\\/wordpress\\\/2025\\\/12\\\/08\\\/sociologie-de-saint-etienne-vincent-beal-et-alii-editions-la-decouverte\\\/\"},\"wordCount\":1042,\"commentCount\":3,\"image\":{\"@id\":\"https:\\\/\\\/surbooke.fr\\\/wordpress\\\/2025\\\/12\\\/08\\\/sociologie-de-saint-etienne-vincent-beal-et-alii-editions-la-decouverte\\\/#primaryimage\"},\"thumbnailUrl\":\"https:\\\/\\\/surbooke.fr\\\/wordpress\\\/wp-content\\\/uploads\\\/2025\\\/12\\\/Sociologie-de-Saint-Etienne-e1765132100917.jpg\",\"keywords\":[\"La D\u00e9couverte\"],\"articleSection\":[\"histoire\",\"sociologie\"],\"inLanguage\":\"fr-FR\",\"potentialAction\":[{\"@type\":\"CommentAction\",\"name\":\"Comment\",\"target\":[\"https:\\\/\\\/surbooke.fr\\\/wordpress\\\/2025\\\/12\\\/08\\\/sociologie-de-saint-etienne-vincent-beal-et-alii-editions-la-decouverte\\\/#respond\"]}]},{\"@type\":\"WebPage\",\"@id\":\"https:\\\/\\\/surbooke.fr\\\/wordpress\\\/2025\\\/12\\\/08\\\/sociologie-de-saint-etienne-vincent-beal-et-alii-editions-la-decouverte\\\/\",\"url\":\"https:\\\/\\\/surbooke.fr\\\/wordpress\\\/2025\\\/12\\\/08\\\/sociologie-de-saint-etienne-vincent-beal-et-alii-editions-la-decouverte\\\/\",\"name\":\"Sociologie de Saint-\u00c9tienne, Vincent B\u00e9al et alii, \u00c9ditions La D\u00e9couverte - Surbook\u00e9\",\"isPartOf\":{\"@id\":\"https:\\\/\\\/surbooke.fr\\\/wordpress\\\/#website\"},\"primaryImageOfPage\":{\"@id\":\"https:\\\/\\\/surbooke.fr\\\/wordpress\\\/2025\\\/12\\\/08\\\/sociologie-de-saint-etienne-vincent-beal-et-alii-editions-la-decouverte\\\/#primaryimage\"},\"image\":{\"@id\":\"https:\\\/\\\/surbooke.fr\\\/wordpress\\\/2025\\\/12\\\/08\\\/sociologie-de-saint-etienne-vincent-beal-et-alii-editions-la-decouverte\\\/#primaryimage\"},\"thumbnailUrl\":\"https:\\\/\\\/surbooke.fr\\\/wordpress\\\/wp-content\\\/uploads\\\/2025\\\/12\\\/Sociologie-de-Saint-Etienne-e1765132100917.jpg\",\"datePublished\":\"2025-12-08T18:04:57+00:00\",\"dateModified\":\"2025-12-09T18:10:47+00:00\",\"author\":{\"@id\":\"https:\\\/\\\/surbooke.fr\\\/wordpress\\\/#\\\/schema\\\/person\\\/9c6be4d35203c76182c56b0e974807c6\"},\"description\":\"Lamin\u00e9e par la d\u00e9sindustrialisation, Saint-\u00c9tienne est pourtant rest\u00e9e une ville ouvri\u00e8re. Ses quartiers racontent les vagues d'immigration organis\u00e9es par le patronat. Malgr\u00e9 les mines et la sid\u00e9rurgie qui ont fa\u00e7onn\u00e9 son histoire, la cit\u00e9 a le plus souvent choisi des maires de droite, sans pour autant c\u00e9der \u00e0 l'appel du Front national.\",\"breadcrumb\":{\"@id\":\"https:\\\/\\\/surbooke.fr\\\/wordpress\\\/2025\\\/12\\\/08\\\/sociologie-de-saint-etienne-vincent-beal-et-alii-editions-la-decouverte\\\/#breadcrumb\"},\"inLanguage\":\"fr-FR\",\"potentialAction\":[{\"@type\":\"ReadAction\",\"target\":[\"https:\\\/\\\/surbooke.fr\\\/wordpress\\\/2025\\\/12\\\/08\\\/sociologie-de-saint-etienne-vincent-beal-et-alii-editions-la-decouverte\\\/\"]}]},{\"@type\":\"ImageObject\",\"inLanguage\":\"fr-FR\",\"@id\":\"https:\\\/\\\/surbooke.fr\\\/wordpress\\\/2025\\\/12\\\/08\\\/sociologie-de-saint-etienne-vincent-beal-et-alii-editions-la-decouverte\\\/#primaryimage\",\"url\":\"https:\\\/\\\/surbooke.fr\\\/wordpress\\\/wp-content\\\/uploads\\\/2025\\\/12\\\/Sociologie-de-Saint-Etienne-e1765132100917.jpg\",\"contentUrl\":\"https:\\\/\\\/surbooke.fr\\\/wordpress\\\/wp-content\\\/uploads\\\/2025\\\/12\\\/Sociologie-de-Saint-Etienne-e1765132100917.jpg\",\"width\":400,\"height\":538},{\"@type\":\"BreadcrumbList\",\"@id\":\"https:\\\/\\\/surbooke.fr\\\/wordpress\\\/2025\\\/12\\\/08\\\/sociologie-de-saint-etienne-vincent-beal-et-alii-editions-la-decouverte\\\/#breadcrumb\",\"itemListElement\":[{\"@type\":\"ListItem\",\"position\":1,\"name\":\"Accueil\",\"item\":\"https:\\\/\\\/surbooke.fr\\\/wordpress\\\/\"},{\"@type\":\"ListItem\",\"position\":2,\"name\":\"Sociologie de Saint-\u00c9tienne, Vincent B\u00e9al et alii, \u00c9ditions La D\u00e9couverte\"}]},{\"@type\":\"WebSite\",\"@id\":\"https:\\\/\\\/surbooke.fr\\\/wordpress\\\/#website\",\"url\":\"https:\\\/\\\/surbooke.fr\\\/wordpress\\\/\",\"name\":\"Surbook\u00e9\",\"description\":\"Le blog de Laurent Bisault\",\"potentialAction\":[{\"@type\":\"SearchAction\",\"target\":{\"@type\":\"EntryPoint\",\"urlTemplate\":\"https:\\\/\\\/surbooke.fr\\\/wordpress\\\/?s={search_term_string}\"},\"query-input\":{\"@type\":\"PropertyValueSpecification\",\"valueRequired\":true,\"valueName\":\"search_term_string\"}}],\"inLanguage\":\"fr-FR\"},{\"@type\":\"Person\",\"@id\":\"https:\\\/\\\/surbooke.fr\\\/wordpress\\\/#\\\/schema\\\/person\\\/9c6be4d35203c76182c56b0e974807c6\",\"name\":\"Laurent Bisault\",\"image\":{\"@type\":\"ImageObject\",\"inLanguage\":\"fr-FR\",\"@id\":\"https:\\\/\\\/secure.gravatar.com\\\/avatar\\\/3bcd2efdfc3a3e416bea3223d3dfcd7f8845e2ca0669671d0c7ed8e84e97bfc4?s=96&d=mm&r=g\",\"url\":\"https:\\\/\\\/secure.gravatar.com\\\/avatar\\\/3bcd2efdfc3a3e416bea3223d3dfcd7f8845e2ca0669671d0c7ed8e84e97bfc4?s=96&d=mm&r=g\",\"contentUrl\":\"https:\\\/\\\/secure.gravatar.com\\\/avatar\\\/3bcd2efdfc3a3e416bea3223d3dfcd7f8845e2ca0669671d0c7ed8e84e97bfc4?s=96&d=mm&r=g\",\"caption\":\"Laurent Bisault\"},\"sameAs\":[\"https:\\\/\\\/surbooke.fr\\\/wordpress\\\/\",\"https:\\\/\\\/x.com\\\/LaurentBisault\"],\"url\":\"https:\\\/\\\/surbooke.fr\\\/wordpress\\\/author\\\/surbooke\\\/\"}]}<\/script>\n<!-- \/ Yoast SEO plugin. -->","yoast_head_json":{"title":"Sociologie de Saint-\u00c9tienne, Vincent B\u00e9al et alii, \u00c9ditions La D\u00e9couverte - Surbook\u00e9","description":"Lamin\u00e9e par la d\u00e9sindustrialisation, Saint-\u00c9tienne est pourtant rest\u00e9e une ville ouvri\u00e8re. Ses quartiers racontent les vagues d'immigration organis\u00e9es par le patronat. Malgr\u00e9 les mines et la sid\u00e9rurgie qui ont fa\u00e7onn\u00e9 son histoire, la cit\u00e9 a le plus souvent choisi des maires de droite, sans pour autant c\u00e9der \u00e0 l'appel du Front national.","robots":{"index":"index","follow":"follow","max-snippet":"max-snippet:-1","max-image-preview":"max-image-preview:large","max-video-preview":"max-video-preview:-1"},"canonical":"https:\/\/surbooke.fr\/wordpress\/2025\/12\/08\/sociologie-de-saint-etienne-vincent-beal-et-alii-editions-la-decouverte\/","og_locale":"fr_FR","og_type":"article","og_title":"Sociologie de Saint-\u00c9tienne, Vincent B\u00e9al et alii, \u00c9ditions La D\u00e9couverte - Surbook\u00e9","og_description":"Lamin\u00e9e par la d\u00e9sindustrialisation, Saint-\u00c9tienne est pourtant rest\u00e9e une ville ouvri\u00e8re. Ses quartiers racontent les vagues d'immigration organis\u00e9es par le patronat. Malgr\u00e9 les mines et la sid\u00e9rurgie qui ont fa\u00e7onn\u00e9 son histoire, la cit\u00e9 a le plus souvent choisi des maires de droite, sans pour autant c\u00e9der \u00e0 l'appel du Front national.","og_url":"https:\/\/surbooke.fr\/wordpress\/2025\/12\/08\/sociologie-de-saint-etienne-vincent-beal-et-alii-editions-la-decouverte\/","og_site_name":"Surbook\u00e9","article_published_time":"2025-12-08T18:04:57+00:00","article_modified_time":"2025-12-09T18:10:47+00:00","og_image":[{"width":400,"height":538,"url":"https:\/\/surbooke.fr\/wordpress\/wp-content\/uploads\/2025\/12\/Sociologie-de-Saint-Etienne-e1765132100917.jpg","type":"image\/jpeg"}],"author":"Laurent Bisault","twitter_card":"summary_large_image","twitter_creator":"@LaurentBisault","twitter_misc":{"\u00c9crit par":"Laurent Bisault","Dur\u00e9e de lecture estim\u00e9e":"5 minutes"},"schema":{"@context":"https:\/\/schema.org","@graph":[{"@type":"Article","@id":"https:\/\/surbooke.fr\/wordpress\/2025\/12\/08\/sociologie-de-saint-etienne-vincent-beal-et-alii-editions-la-decouverte\/#article","isPartOf":{"@id":"https:\/\/surbooke.fr\/wordpress\/2025\/12\/08\/sociologie-de-saint-etienne-vincent-beal-et-alii-editions-la-decouverte\/"},"author":{"name":"Laurent Bisault","@id":"https:\/\/surbooke.fr\/wordpress\/#\/schema\/person\/9c6be4d35203c76182c56b0e974807c6"},"headline":"Sociologie de Saint-\u00c9tienne, Vincent B\u00e9al et alii, \u00c9ditions La D\u00e9couverte","datePublished":"2025-12-08T18:04:57+00:00","dateModified":"2025-12-09T18:10:47+00:00","mainEntityOfPage":{"@id":"https:\/\/surbooke.fr\/wordpress\/2025\/12\/08\/sociologie-de-saint-etienne-vincent-beal-et-alii-editions-la-decouverte\/"},"wordCount":1042,"commentCount":3,"image":{"@id":"https:\/\/surbooke.fr\/wordpress\/2025\/12\/08\/sociologie-de-saint-etienne-vincent-beal-et-alii-editions-la-decouverte\/#primaryimage"},"thumbnailUrl":"https:\/\/surbooke.fr\/wordpress\/wp-content\/uploads\/2025\/12\/Sociologie-de-Saint-Etienne-e1765132100917.jpg","keywords":["La D\u00e9couverte"],"articleSection":["histoire","sociologie"],"inLanguage":"fr-FR","potentialAction":[{"@type":"CommentAction","name":"Comment","target":["https:\/\/surbooke.fr\/wordpress\/2025\/12\/08\/sociologie-de-saint-etienne-vincent-beal-et-alii-editions-la-decouverte\/#respond"]}]},{"@type":"WebPage","@id":"https:\/\/surbooke.fr\/wordpress\/2025\/12\/08\/sociologie-de-saint-etienne-vincent-beal-et-alii-editions-la-decouverte\/","url":"https:\/\/surbooke.fr\/wordpress\/2025\/12\/08\/sociologie-de-saint-etienne-vincent-beal-et-alii-editions-la-decouverte\/","name":"Sociologie de Saint-\u00c9tienne, Vincent B\u00e9al et alii, \u00c9ditions La D\u00e9couverte - Surbook\u00e9","isPartOf":{"@id":"https:\/\/surbooke.fr\/wordpress\/#website"},"primaryImageOfPage":{"@id":"https:\/\/surbooke.fr\/wordpress\/2025\/12\/08\/sociologie-de-saint-etienne-vincent-beal-et-alii-editions-la-decouverte\/#primaryimage"},"image":{"@id":"https:\/\/surbooke.fr\/wordpress\/2025\/12\/08\/sociologie-de-saint-etienne-vincent-beal-et-alii-editions-la-decouverte\/#primaryimage"},"thumbnailUrl":"https:\/\/surbooke.fr\/wordpress\/wp-content\/uploads\/2025\/12\/Sociologie-de-Saint-Etienne-e1765132100917.jpg","datePublished":"2025-12-08T18:04:57+00:00","dateModified":"2025-12-09T18:10:47+00:00","author":{"@id":"https:\/\/surbooke.fr\/wordpress\/#\/schema\/person\/9c6be4d35203c76182c56b0e974807c6"},"description":"Lamin\u00e9e par la d\u00e9sindustrialisation, Saint-\u00c9tienne est pourtant rest\u00e9e une ville ouvri\u00e8re. Ses quartiers racontent les vagues d'immigration organis\u00e9es par le patronat. Malgr\u00e9 les mines et la sid\u00e9rurgie qui ont fa\u00e7onn\u00e9 son histoire, la cit\u00e9 a le plus souvent choisi des maires de droite, sans pour autant c\u00e9der \u00e0 l'appel du Front national.","breadcrumb":{"@id":"https:\/\/surbooke.fr\/wordpress\/2025\/12\/08\/sociologie-de-saint-etienne-vincent-beal-et-alii-editions-la-decouverte\/#breadcrumb"},"inLanguage":"fr-FR","potentialAction":[{"@type":"ReadAction","target":["https:\/\/surbooke.fr\/wordpress\/2025\/12\/08\/sociologie-de-saint-etienne-vincent-beal-et-alii-editions-la-decouverte\/"]}]},{"@type":"ImageObject","inLanguage":"fr-FR","@id":"https:\/\/surbooke.fr\/wordpress\/2025\/12\/08\/sociologie-de-saint-etienne-vincent-beal-et-alii-editions-la-decouverte\/#primaryimage","url":"https:\/\/surbooke.fr\/wordpress\/wp-content\/uploads\/2025\/12\/Sociologie-de-Saint-Etienne-e1765132100917.jpg","contentUrl":"https:\/\/surbooke.fr\/wordpress\/wp-content\/uploads\/2025\/12\/Sociologie-de-Saint-Etienne-e1765132100917.jpg","width":400,"height":538},{"@type":"BreadcrumbList","@id":"https:\/\/surbooke.fr\/wordpress\/2025\/12\/08\/sociologie-de-saint-etienne-vincent-beal-et-alii-editions-la-decouverte\/#breadcrumb","itemListElement":[{"@type":"ListItem","position":1,"name":"Accueil","item":"https:\/\/surbooke.fr\/wordpress\/"},{"@type":"ListItem","position":2,"name":"Sociologie de Saint-\u00c9tienne, Vincent B\u00e9al et alii, \u00c9ditions La D\u00e9couverte"}]},{"@type":"WebSite","@id":"https:\/\/surbooke.fr\/wordpress\/#website","url":"https:\/\/surbooke.fr\/wordpress\/","name":"Surbook\u00e9","description":"Le blog de Laurent Bisault","potentialAction":[{"@type":"SearchAction","target":{"@type":"EntryPoint","urlTemplate":"https:\/\/surbooke.fr\/wordpress\/?s={search_term_string}"},"query-input":{"@type":"PropertyValueSpecification","valueRequired":true,"valueName":"search_term_string"}}],"inLanguage":"fr-FR"},{"@type":"Person","@id":"https:\/\/surbooke.fr\/wordpress\/#\/schema\/person\/9c6be4d35203c76182c56b0e974807c6","name":"Laurent Bisault","image":{"@type":"ImageObject","inLanguage":"fr-FR","@id":"https:\/\/secure.gravatar.com\/avatar\/3bcd2efdfc3a3e416bea3223d3dfcd7f8845e2ca0669671d0c7ed8e84e97bfc4?s=96&d=mm&r=g","url":"https:\/\/secure.gravatar.com\/avatar\/3bcd2efdfc3a3e416bea3223d3dfcd7f8845e2ca0669671d0c7ed8e84e97bfc4?s=96&d=mm&r=g","contentUrl":"https:\/\/secure.gravatar.com\/avatar\/3bcd2efdfc3a3e416bea3223d3dfcd7f8845e2ca0669671d0c7ed8e84e97bfc4?s=96&d=mm&r=g","caption":"Laurent Bisault"},"sameAs":["https:\/\/surbooke.fr\/wordpress\/","https:\/\/x.com\/LaurentBisault"],"url":"https:\/\/surbooke.fr\/wordpress\/author\/surbooke\/"}]}},"_links":{"self":[{"href":"https:\/\/surbooke.fr\/wordpress\/wp-json\/wp\/v2\/posts\/34351","targetHints":{"allow":["GET"]}}],"collection":[{"href":"https:\/\/surbooke.fr\/wordpress\/wp-json\/wp\/v2\/posts"}],"about":[{"href":"https:\/\/surbooke.fr\/wordpress\/wp-json\/wp\/v2\/types\/post"}],"author":[{"embeddable":true,"href":"https:\/\/surbooke.fr\/wordpress\/wp-json\/wp\/v2\/users\/8"}],"replies":[{"embeddable":true,"href":"https:\/\/surbooke.fr\/wordpress\/wp-json\/wp\/v2\/comments?post=34351"}],"version-history":[{"count":0,"href":"https:\/\/surbooke.fr\/wordpress\/wp-json\/wp\/v2\/posts\/34351\/revisions"}],"wp:featuredmedia":[{"embeddable":true,"href":"https:\/\/surbooke.fr\/wordpress\/wp-json\/wp\/v2\/media\/34353"}],"wp:attachment":[{"href":"https:\/\/surbooke.fr\/wordpress\/wp-json\/wp\/v2\/media?parent=34351"}],"wp:term":[{"taxonomy":"category","embeddable":true,"href":"https:\/\/surbooke.fr\/wordpress\/wp-json\/wp\/v2\/categories?post=34351"},{"taxonomy":"post_tag","embeddable":true,"href":"https:\/\/surbooke.fr\/wordpress\/wp-json\/wp\/v2\/tags?post=34351"}],"curies":[{"name":"wp","href":"https:\/\/api.w.org\/{rel}","templated":true}]}}