{"id":34810,"date":"2026-01-15T20:18:25","date_gmt":"2026-01-15T19:18:25","guid":{"rendered":"https:\/\/surbooke.fr\/wordpress\/?p=34810"},"modified":"2026-01-16T15:16:59","modified_gmt":"2026-01-16T14:16:59","slug":"les-belles-promesses-pierre-lemaitre-editions-calmann-levy","status":"publish","type":"post","link":"https:\/\/surbooke.fr\/wordpress\/2026\/01\/15\/les-belles-promesses-pierre-lemaitre-editions-calmann-levy\/","title":{"rendered":"Les belles promesses, Pierre Lemaitre, \u00c9ditions Calmann-L\u00e9vy"},"content":{"rendered":"\n<p><strong>C&rsquo;est<\/strong> <strong>un<\/strong> <strong>joli<\/strong> <strong>cadeau<\/strong> <strong>que<\/strong> <strong>nous<\/strong> <strong>fait<\/strong> <strong>Pierre<\/strong> <strong>Lemaitre<\/strong> en transformant sa trilogie consacr\u00e9e aux Trente Glorieuses en t\u00e9tralogie. Il raconte qu&rsquo;il en a per\u00e7u le besoin en \u00e9crivant son troisi\u00e8me \u00e9pisode dans lequel il n&rsquo;\u00e9tait pas parvenu \u00e0 clore son r\u00e9cit. Sans vouloir divulg\u00e2cher le devenir de ses personnages, on peut au moins dire que le nouveau volume est le dernier. Parce qu&rsquo;\u00e0 la fin de ce quatri\u00e8me tome, il en sera fini de certains que nous avions d\u00e9couverts en 1948 \u00e0 Beyrouth. Le nouvel opus d\u00e9bute en 1963 \u00e0 Paris quand les Pelletier sont r\u00e9unis dans un restaurant pour f\u00eater le prix litt\u00e9raire que Fran\u00e7ois vient de recevoir. Ne manquent \u00e0 l&rsquo;appel que le chat Joseph et plus encore Jean. Son absence fait pester sa femme Genevi\u00e8ve, qui de toute fa\u00e7on aurait trouv\u00e9 une raison pour rabaisser \u00ab Bouboule \u00bb. Mais pour une fois le plus \u00e2g\u00e9 des enfants Pelletier a une bonne raison : il vient de p\u00e9n\u00e9trer dans un immeuble en feu d&rsquo;o\u00f9 il ressortira avec un b\u00e9b\u00e9 dans les bras. Que ce personnage falot se soit cass\u00e9 une jambe et f\u00eal\u00e9 des c\u00f4tes en sautant dans le vide, rend son geste encore plus h\u00e9ro\u00efque. Ce que la perfide Genevi\u00e8ve ne manquera pas d&rsquo;exploiter pour se mettre en avant. Le devenir du petit Michel devenu orphelin dans l&rsquo;incendie va \u00eatre un des fils conducteurs du nouvel \u00e9pisode. Il en sera de m\u00eame de la construction du boulevard p\u00e9riph\u00e9rique parisien dans laquelle Jean investira une partie de ses \u00e9conomies. Et surtout de l&rsquo;enqu\u00eate que m\u00e8nera Fran\u00e7ois sur son fr\u00e8re a\u00een\u00e9 qu&rsquo;il soup\u00e7onne d&rsquo;avoir assassin\u00e9 plusieurs femmes.<\/p>\n\n\n\n<blockquote class=\"wp-block-quote is-layout-flow wp-block-quote-is-layout-flow\">\n<p class=\"has-medium-font-size\">Les belles promesses c&rsquo;est la suite et la fin des aventures de la tribu Pelletier <\/p>\n<\/blockquote>\n\n\n\n<p><em>Les<\/em> <em>belles<\/em> <em>promesses<\/em> c&rsquo;est l&rsquo;histoire de la France pompidolienne qui se modernise, quitte \u00e0 passer sur le corps de ceux qui entravent la grandeur de la nation. Parce que derri\u00e8re le ruban autoroutier parisien, la Tour Montparnasse, le port de Dunkerque, l&rsquo;autoroute Paris-Lille, l&rsquo;esplanade de la D\u00e9fense, il y a les anonymes qui ont \u00e9t\u00e9 d\u00e9plac\u00e9s pour la grandeur du pays et les profits des investisseurs. La modernisation de la France est aussi celle de son agriculture qui se m\u00e9canise, agrandit les parcelles <em>via<\/em> le remembrement, adopte la stabulation libre, et passe aux mains de puissantes f\u00e9d\u00e9rations professionnelles. Ce volet du roman permet \u00e0 Pierre Lemaitre d&rsquo;introduire le personnage de Manuel. Un fils d&rsquo;immigr\u00e9 espagnol venu en France faire le saisonnier, qui paiera cher sa volont\u00e9 de mener sa barque en dehors du syst\u00e8me. Il est savoureux de constater l&rsquo;actualit\u00e9 du r\u00e9cit de Lemaitre, car on pourrait trouver aujourd&rsquo;hui les m\u00eames victimes des discours productivistes. Des habitants du Tarn expropri\u00e9s pour c\u00e9der la place \u00e0 l&rsquo;A69, aux agriculteurs pri\u00e9s de se faire discrets lors de la signature du trait\u00e9 avec le Mercosur. Mais plus encore qu&rsquo;aux laiss\u00e9s-pour-compte, <em>Les<\/em> <em>belles<\/em> <em>promesses<\/em> c&rsquo;est la suite et la fin des aventures de la tribu Pelletier. Avec l&rsquo;ignoble Genevi\u00e8ve qui en devient \u00e0 peine cr\u00e9dible. La torture intellectuelle que s&rsquo;inflige Fran\u00e7ois qui ne voudrait pas envoyer son fr\u00e8re \u00e0 la guillotine. L&rsquo;entr\u00e9e de Philippe dans l&rsquo;adolescence et son \u00e9veil sexuel. La d\u00e9couverte de Th\u00e9r\u00e8se qui se r\u00e9v\u00e8le \u00eatre bien plus que la boniche de sa s\u0153ur Genevi\u00e8ve. Et Colette qui s&rsquo;affirme en d\u00e9pit de sa m\u00e8re, prot\u00e9geant son fr\u00e8re Philippe et le chat Joseph. C&rsquo;est pour tout cela qu&rsquo;on est content de les retrouver une derni\u00e8re fois. Parce que c&rsquo;est d\u00e9sormais officiel, le prochain roman de Pierre Lemaitre sera un polar comme il en a tant \u00e9crit. Et \u00e7a c&rsquo;est une id\u00e9e qu&rsquo;elle est bonne.<\/p>\n\n\n\n<p><strong>\u00ab L<em>orsqu&rsquo;il<\/em><\/strong> <strong><em>entra<\/em>,<\/strong> <strong><em>sur<\/em><\/strong> <strong><em>le<\/em><\/strong> <strong><em>juke-box<\/em>,<\/strong> <strong><em>c&rsquo;\u00e9tait<\/em><\/strong> <strong><em>Claude<\/em><\/strong> <strong><em>Fran\u00e7ois<\/em>,<\/strong> <strong>Belles,<\/strong> <strong>Belles,<\/strong> <strong>Belles<\/strong> \u00bb<\/p>\n\n\n\n<figure class=\"wp-block-embed is-type-video is-provider-youtube wp-block-embed-youtube wp-embed-aspect-16-9 wp-has-aspect-ratio\"><div class=\"wp-block-embed__wrapper\">\n<iframe loading=\"lazy\" title=\"Claude Fran\u00e7ois - Belles Belles Belles (Official Lyric Video)\" width=\"640\" height=\"360\" src=\"https:\/\/www.youtube.com\/embed\/F6anG1hPs44?feature=oembed\" frameborder=\"0\" allow=\"accelerometer; autoplay; clipboard-write; encrypted-media; gyroscope; picture-in-picture; web-share\" referrerpolicy=\"strict-origin-when-cross-origin\" allowfullscreen><\/iframe>\n<\/div><\/figure>\n\n\n\n<p><strong>Qu&rsquo;en<\/strong> <strong>dit<\/strong> <em><strong>Bibliosurf<\/strong><\/em> <strong>?<\/strong><br><a href=\"https:\/\/www.bibliosurf.com\/Les-Belles-Promesses.html#recherche\">https:\/\/www.bibliosurf.com\/Les-Belles-Promesses.html#recherche<\/a><\/p>\n\n\n\n<p><strong>Vous<\/strong> <strong>pourriez<\/strong> <strong>aussi<\/strong> <strong>appr\u00e9cier<\/strong><\/p>\n\n\n\n<figure class=\"wp-block-embed is-type-wp-embed is-provider-surbook wp-block-embed-surbook\"><div class=\"wp-block-embed__wrapper\">\n<blockquote class=\"wp-embedded-content\" data-secret=\"gFPTTbaSMD\"><a href=\"https:\/\/surbooke.fr\/wordpress\/2023\/01\/18\/le-grand-monde-pierre-lemaitre-editions-calmann-levy\/\">Le Grand Monde, Pierre Lemaitre, \u00c9ditions Calmann-L\u00e9vy<\/a><\/blockquote><iframe loading=\"lazy\" class=\"wp-embedded-content\" sandbox=\"allow-scripts\" security=\"restricted\" style=\"position: absolute; visibility: hidden;\" title=\"\u00ab\u00a0Le Grand Monde, Pierre Lemaitre, \u00c9ditions Calmann-L\u00e9vy\u00a0\u00bb &#8212; Surbook\u00e9\" src=\"https:\/\/surbooke.fr\/wordpress\/2023\/01\/18\/le-grand-monde-pierre-lemaitre-editions-calmann-levy\/embed\/#?secret=gYtZXUMVVy#?secret=gFPTTbaSMD\" data-secret=\"gFPTTbaSMD\" width=\"600\" height=\"338\" frameborder=\"0\" marginwidth=\"0\" marginheight=\"0\" scrolling=\"no\"><\/iframe>\n<\/div><\/figure>\n\n\n\n<figure class=\"wp-block-embed is-type-wp-embed is-provider-surbook wp-block-embed-surbook\"><div class=\"wp-block-embed__wrapper\">\n<blockquote class=\"wp-embedded-content\" data-secret=\"9CfnNZg09x\"><a href=\"https:\/\/surbooke.fr\/wordpress\/2023\/02\/01\/le-silence-et-la-colere-pierre-lemaitre-editions-calmann-levy\/\">Le silence et la col\u00e8re, Pierre Lemaitre, \u00c9ditions Calmann L\u00e9vy<\/a><\/blockquote><iframe loading=\"lazy\" class=\"wp-embedded-content\" sandbox=\"allow-scripts\" security=\"restricted\" style=\"position: absolute; visibility: hidden;\" title=\"\u00ab\u00a0Le silence et la col\u00e8re, Pierre Lemaitre, \u00c9ditions Calmann L\u00e9vy\u00a0\u00bb &#8212; Surbook\u00e9\" src=\"https:\/\/surbooke.fr\/wordpress\/2023\/02\/01\/le-silence-et-la-colere-pierre-lemaitre-editions-calmann-levy\/embed\/#?secret=2XY4l4FO3v#?secret=9CfnNZg09x\" data-secret=\"9CfnNZg09x\" width=\"600\" height=\"338\" frameborder=\"0\" marginwidth=\"0\" marginheight=\"0\" scrolling=\"no\"><\/iframe>\n<\/div><\/figure>\n\n\n\n<figure class=\"wp-block-embed is-type-wp-embed is-provider-surbook wp-block-embed-surbook\"><div class=\"wp-block-embed__wrapper\">\n<blockquote class=\"wp-embedded-content\" data-secret=\"WBXakulizs\"><a href=\"https:\/\/surbooke.fr\/wordpress\/2025\/01\/27\/un-avenir-radieux-pierre-lemaitre-editions-calman-levy\/\">Un avenir radieux, Pierre Lemaitre, \u00c9ditions Calmann-Levy<\/a><\/blockquote><iframe loading=\"lazy\" class=\"wp-embedded-content\" sandbox=\"allow-scripts\" security=\"restricted\" style=\"position: absolute; visibility: hidden;\" title=\"\u00ab\u00a0Un avenir radieux, Pierre Lemaitre, \u00c9ditions Calmann-Levy\u00a0\u00bb &#8212; Surbook\u00e9\" src=\"https:\/\/surbooke.fr\/wordpress\/2025\/01\/27\/un-avenir-radieux-pierre-lemaitre-editions-calman-levy\/embed\/#?secret=YyZ9CI0BOh#?secret=WBXakulizs\" data-secret=\"WBXakulizs\" width=\"600\" height=\"338\" frameborder=\"0\" marginwidth=\"0\" marginheight=\"0\" scrolling=\"no\"><\/iframe>\n<\/div><\/figure>\n\n\n\n<figure class=\"wp-block-embed is-type-wp-embed is-provider-surbook wp-block-embed-surbook\"><div class=\"wp-block-embed__wrapper\">\n<blockquote class=\"wp-embedded-content\" data-secret=\"LBo97cwAV2\"><a href=\"https:\/\/surbooke.fr\/wordpress\/2022\/01\/31\/le-serpent-majuscule-pierre-lemaitre-editions-albin-michel\/\">Le serpent majuscule, Pierre Lemaitre, \u00c9ditions Albin Michel<\/a><\/blockquote><iframe loading=\"lazy\" class=\"wp-embedded-content\" sandbox=\"allow-scripts\" security=\"restricted\" style=\"position: absolute; visibility: hidden;\" title=\"\u00ab\u00a0Le serpent majuscule, Pierre Lemaitre, \u00c9ditions Albin Michel\u00a0\u00bb &#8212; Surbook\u00e9\" src=\"https:\/\/surbooke.fr\/wordpress\/2022\/01\/31\/le-serpent-majuscule-pierre-lemaitre-editions-albin-michel\/embed\/#?secret=qycwrd0F5s#?secret=LBo97cwAV2\" data-secret=\"LBo97cwAV2\" width=\"600\" height=\"338\" frameborder=\"0\" marginwidth=\"0\" marginheight=\"0\" scrolling=\"no\"><\/iframe>\n<\/div><\/figure>\n\n\n\n<div style=\"padding:20px\" class=\"wp-block-tnp-minimal\"><p><strong>Abonnez-vous<\/strong> <strong>pour<\/strong> <strong>\u00eatre<\/strong> <strong>averti<\/strong> <strong>des<\/strong> <strong>nouvelles<\/strong> <strong>chroniques<\/strong> <strong>!<\/strong><\/p><div><div class=\"tnp tnp-subscription-minimal  \"><form action=\"https:\/\/surbooke.fr\/wordpress\/wp-admin\/admin-ajax.php?action=tnp&amp;na=s\" method=\"post\" style=\"text-align: center\"><input type=\"hidden\" name=\"nr\" value=\"minimal\">\n<input type=\"hidden\" name=\"nlang\" value=\"\">\n<input class=\"tnp-email\" type=\"email\" required name=\"ne\" value=\"\" placeholder=\"Email\"><input class=\"tnp-submit\" type=\"submit\" value=\"S&#039;abonner\" style=\"\">\n<div class=\"tnp-field tnp-privacy-field\"><label><input type=\"checkbox\" name=\"ny\" required class=\"tnp-privacy\"> En continuant, vous acceptez la politique de confidentialit\u00e9<\/label><\/div><\/form><\/div>\n<\/div><\/div>\n\n\n\n<p><\/p>\n","protected":false},"excerpt":{"rendered":"<p>C&rsquo;est un joli cadeau que nous fait Pierre Lemaitre en transformant sa trilogie consacr\u00e9e aux Trente Glorieuses en t\u00e9tralogie. Il raconte qu&rsquo;il en a per\u00e7u le besoin en \u00e9crivant son troisi\u00e8me \u00e9pisode dans lequel il n&rsquo;\u00e9tait pas parvenu \u00e0 clore son r\u00e9cit. Sans vouloir divulg\u00e2cher le devenir de ses personnages, on peut au moins dire [&hellip;]<\/p>\n","protected":false},"author":8,"featured_media":34812,"comment_status":"open","ping_status":"open","sticky":false,"template":"","format":"standard","meta":{"footnotes":""},"categories":[15,3],"tags":[89],"class_list":["post-34810","post","type-post","status-publish","format-standard","has-post-thumbnail","hentry","category-roman-francais","category-coup-de-coeur","tag-calmann-levy"],"yoast_head":"<!-- This site is optimized with the Yoast SEO plugin v27.4 - https:\/\/yoast.com\/product\/yoast-seo-wordpress\/ -->\n<title>Les belles promesses, Pierre Lemaitre, \u00c9ditions Calmann-L\u00e9vy - Surbook\u00e9<\/title>\n<meta name=\"description\" content=\"Ce quatri\u00e8me et ultime volume de la saga de Pierre Lemaitre consacr\u00e9e aux Trente Glorieuses, est celui des oubli\u00e9s de la croissance. Il est aussi celui de l&#039;enqu\u00eate de Fran\u00e7ois sur son fr\u00e8re Jean qui pourrait bien \u00eatre un assassin. Autant de bonnes raisons pour le lire.\" \/>\n<meta name=\"robots\" content=\"index, follow, max-snippet:-1, max-image-preview:large, max-video-preview:-1\" \/>\n<link rel=\"canonical\" href=\"https:\/\/surbooke.fr\/wordpress\/2026\/01\/15\/les-belles-promesses-pierre-lemaitre-editions-calmann-levy\/\" \/>\n<meta property=\"og:locale\" content=\"fr_FR\" \/>\n<meta property=\"og:type\" content=\"article\" \/>\n<meta property=\"og:title\" content=\"Les belles promesses, Pierre Lemaitre, \u00c9ditions Calmann-L\u00e9vy - Surbook\u00e9\" \/>\n<meta property=\"og:description\" content=\"Ce quatri\u00e8me et ultime volume de la saga de Pierre Lemaitre consacr\u00e9e aux Trente Glorieuses, est celui des oubli\u00e9s de la croissance. Il est aussi celui de l&#039;enqu\u00eate de Fran\u00e7ois sur son fr\u00e8re Jean qui pourrait bien \u00eatre un assassin. Autant de bonnes raisons pour le lire.\" \/>\n<meta property=\"og:url\" content=\"https:\/\/surbooke.fr\/wordpress\/2026\/01\/15\/les-belles-promesses-pierre-lemaitre-editions-calmann-levy\/\" \/>\n<meta property=\"og:site_name\" content=\"Surbook\u00e9\" \/>\n<meta property=\"article:published_time\" content=\"2026-01-15T19:18:25+00:00\" \/>\n<meta property=\"article:modified_time\" content=\"2026-01-16T14:16:59+00:00\" \/>\n<meta property=\"og:image\" content=\"https:\/\/surbooke.fr\/wordpress\/wp-content\/uploads\/2026\/01\/Les-belles-promesses-e1768120625972.jpg\" \/>\n\t<meta property=\"og:image:width\" content=\"400\" \/>\n\t<meta property=\"og:image:height\" content=\"535\" \/>\n\t<meta property=\"og:image:type\" content=\"image\/jpeg\" \/>\n<meta name=\"author\" content=\"Laurent Bisault\" \/>\n<meta name=\"twitter:card\" content=\"summary_large_image\" \/>\n<meta name=\"twitter:creator\" content=\"@LaurentBisault\" \/>\n<meta name=\"twitter:label1\" content=\"\u00c9crit par\" \/>\n\t<meta name=\"twitter:data1\" content=\"Laurent Bisault\" \/>\n\t<meta name=\"twitter:label2\" content=\"Dur\u00e9e de lecture estim\u00e9e\" \/>\n\t<meta name=\"twitter:data2\" content=\"4 minutes\" \/>\n<script type=\"application\/ld+json\" class=\"yoast-schema-graph\">{\"@context\":\"https:\\\/\\\/schema.org\",\"@graph\":[{\"@type\":\"Article\",\"@id\":\"https:\\\/\\\/surbooke.fr\\\/wordpress\\\/2026\\\/01\\\/15\\\/les-belles-promesses-pierre-lemaitre-editions-calmann-levy\\\/#article\",\"isPartOf\":{\"@id\":\"https:\\\/\\\/surbooke.fr\\\/wordpress\\\/2026\\\/01\\\/15\\\/les-belles-promesses-pierre-lemaitre-editions-calmann-levy\\\/\"},\"author\":{\"name\":\"Laurent Bisault\",\"@id\":\"https:\\\/\\\/surbooke.fr\\\/wordpress\\\/#\\\/schema\\\/person\\\/9c6be4d35203c76182c56b0e974807c6\"},\"headline\":\"Les belles promesses, Pierre Lemaitre, \u00c9ditions Calmann-L\u00e9vy\",\"datePublished\":\"2026-01-15T19:18:25+00:00\",\"dateModified\":\"2026-01-16T14:16:59+00:00\",\"mainEntityOfPage\":{\"@id\":\"https:\\\/\\\/surbooke.fr\\\/wordpress\\\/2026\\\/01\\\/15\\\/les-belles-promesses-pierre-lemaitre-editions-calmann-levy\\\/\"},\"wordCount\":758,\"commentCount\":0,\"image\":{\"@id\":\"https:\\\/\\\/surbooke.fr\\\/wordpress\\\/2026\\\/01\\\/15\\\/les-belles-promesses-pierre-lemaitre-editions-calmann-levy\\\/#primaryimage\"},\"thumbnailUrl\":\"https:\\\/\\\/surbooke.fr\\\/wordpress\\\/wp-content\\\/uploads\\\/2026\\\/01\\\/Les-belles-promesses-e1768120625972.jpg\",\"keywords\":[\"Calmann-L\u00e9vy\"],\"articleSection\":[\"roman fran\u00e7ais \ud83c\uddeb\ud83c\uddf7\",\"\ud83e\udd0d\"],\"inLanguage\":\"fr-FR\",\"potentialAction\":[{\"@type\":\"CommentAction\",\"name\":\"Comment\",\"target\":[\"https:\\\/\\\/surbooke.fr\\\/wordpress\\\/2026\\\/01\\\/15\\\/les-belles-promesses-pierre-lemaitre-editions-calmann-levy\\\/#respond\"]}]},{\"@type\":\"WebPage\",\"@id\":\"https:\\\/\\\/surbooke.fr\\\/wordpress\\\/2026\\\/01\\\/15\\\/les-belles-promesses-pierre-lemaitre-editions-calmann-levy\\\/\",\"url\":\"https:\\\/\\\/surbooke.fr\\\/wordpress\\\/2026\\\/01\\\/15\\\/les-belles-promesses-pierre-lemaitre-editions-calmann-levy\\\/\",\"name\":\"Les belles promesses, Pierre Lemaitre, \u00c9ditions Calmann-L\u00e9vy - Surbook\u00e9\",\"isPartOf\":{\"@id\":\"https:\\\/\\\/surbooke.fr\\\/wordpress\\\/#website\"},\"primaryImageOfPage\":{\"@id\":\"https:\\\/\\\/surbooke.fr\\\/wordpress\\\/2026\\\/01\\\/15\\\/les-belles-promesses-pierre-lemaitre-editions-calmann-levy\\\/#primaryimage\"},\"image\":{\"@id\":\"https:\\\/\\\/surbooke.fr\\\/wordpress\\\/2026\\\/01\\\/15\\\/les-belles-promesses-pierre-lemaitre-editions-calmann-levy\\\/#primaryimage\"},\"thumbnailUrl\":\"https:\\\/\\\/surbooke.fr\\\/wordpress\\\/wp-content\\\/uploads\\\/2026\\\/01\\\/Les-belles-promesses-e1768120625972.jpg\",\"datePublished\":\"2026-01-15T19:18:25+00:00\",\"dateModified\":\"2026-01-16T14:16:59+00:00\",\"author\":{\"@id\":\"https:\\\/\\\/surbooke.fr\\\/wordpress\\\/#\\\/schema\\\/person\\\/9c6be4d35203c76182c56b0e974807c6\"},\"description\":\"Ce quatri\u00e8me et ultime volume de la saga de Pierre Lemaitre consacr\u00e9e aux Trente Glorieuses, est celui des oubli\u00e9s de la croissance. Il est aussi celui de l'enqu\u00eate de Fran\u00e7ois sur son fr\u00e8re Jean qui pourrait bien \u00eatre un assassin. Autant de bonnes raisons pour le lire.\",\"breadcrumb\":{\"@id\":\"https:\\\/\\\/surbooke.fr\\\/wordpress\\\/2026\\\/01\\\/15\\\/les-belles-promesses-pierre-lemaitre-editions-calmann-levy\\\/#breadcrumb\"},\"inLanguage\":\"fr-FR\",\"potentialAction\":[{\"@type\":\"ReadAction\",\"target\":[\"https:\\\/\\\/surbooke.fr\\\/wordpress\\\/2026\\\/01\\\/15\\\/les-belles-promesses-pierre-lemaitre-editions-calmann-levy\\\/\"]}]},{\"@type\":\"ImageObject\",\"inLanguage\":\"fr-FR\",\"@id\":\"https:\\\/\\\/surbooke.fr\\\/wordpress\\\/2026\\\/01\\\/15\\\/les-belles-promesses-pierre-lemaitre-editions-calmann-levy\\\/#primaryimage\",\"url\":\"https:\\\/\\\/surbooke.fr\\\/wordpress\\\/wp-content\\\/uploads\\\/2026\\\/01\\\/Les-belles-promesses-e1768120625972.jpg\",\"contentUrl\":\"https:\\\/\\\/surbooke.fr\\\/wordpress\\\/wp-content\\\/uploads\\\/2026\\\/01\\\/Les-belles-promesses-e1768120625972.jpg\",\"width\":400,\"height\":535},{\"@type\":\"BreadcrumbList\",\"@id\":\"https:\\\/\\\/surbooke.fr\\\/wordpress\\\/2026\\\/01\\\/15\\\/les-belles-promesses-pierre-lemaitre-editions-calmann-levy\\\/#breadcrumb\",\"itemListElement\":[{\"@type\":\"ListItem\",\"position\":1,\"name\":\"Accueil\",\"item\":\"https:\\\/\\\/surbooke.fr\\\/wordpress\\\/\"},{\"@type\":\"ListItem\",\"position\":2,\"name\":\"Les belles promesses, Pierre Lemaitre, \u00c9ditions Calmann-L\u00e9vy\"}]},{\"@type\":\"WebSite\",\"@id\":\"https:\\\/\\\/surbooke.fr\\\/wordpress\\\/#website\",\"url\":\"https:\\\/\\\/surbooke.fr\\\/wordpress\\\/\",\"name\":\"Surbook\u00e9\",\"description\":\"Le blog de Laurent Bisault\",\"potentialAction\":[{\"@type\":\"SearchAction\",\"target\":{\"@type\":\"EntryPoint\",\"urlTemplate\":\"https:\\\/\\\/surbooke.fr\\\/wordpress\\\/?s={search_term_string}\"},\"query-input\":{\"@type\":\"PropertyValueSpecification\",\"valueRequired\":true,\"valueName\":\"search_term_string\"}}],\"inLanguage\":\"fr-FR\"},{\"@type\":\"Person\",\"@id\":\"https:\\\/\\\/surbooke.fr\\\/wordpress\\\/#\\\/schema\\\/person\\\/9c6be4d35203c76182c56b0e974807c6\",\"name\":\"Laurent Bisault\",\"image\":{\"@type\":\"ImageObject\",\"inLanguage\":\"fr-FR\",\"@id\":\"https:\\\/\\\/secure.gravatar.com\\\/avatar\\\/3bcd2efdfc3a3e416bea3223d3dfcd7f8845e2ca0669671d0c7ed8e84e97bfc4?s=96&d=mm&r=g\",\"url\":\"https:\\\/\\\/secure.gravatar.com\\\/avatar\\\/3bcd2efdfc3a3e416bea3223d3dfcd7f8845e2ca0669671d0c7ed8e84e97bfc4?s=96&d=mm&r=g\",\"contentUrl\":\"https:\\\/\\\/secure.gravatar.com\\\/avatar\\\/3bcd2efdfc3a3e416bea3223d3dfcd7f8845e2ca0669671d0c7ed8e84e97bfc4?s=96&d=mm&r=g\",\"caption\":\"Laurent Bisault\"},\"sameAs\":[\"https:\\\/\\\/surbooke.fr\\\/wordpress\\\/\",\"https:\\\/\\\/x.com\\\/LaurentBisault\"],\"url\":\"https:\\\/\\\/surbooke.fr\\\/wordpress\\\/author\\\/surbooke\\\/\"}]}<\/script>\n<!-- \/ Yoast SEO plugin. -->","yoast_head_json":{"title":"Les belles promesses, Pierre Lemaitre, \u00c9ditions Calmann-L\u00e9vy - Surbook\u00e9","description":"Ce quatri\u00e8me et ultime volume de la saga de Pierre Lemaitre consacr\u00e9e aux Trente Glorieuses, est celui des oubli\u00e9s de la croissance. Il est aussi celui de l'enqu\u00eate de Fran\u00e7ois sur son fr\u00e8re Jean qui pourrait bien \u00eatre un assassin. Autant de bonnes raisons pour le lire.","robots":{"index":"index","follow":"follow","max-snippet":"max-snippet:-1","max-image-preview":"max-image-preview:large","max-video-preview":"max-video-preview:-1"},"canonical":"https:\/\/surbooke.fr\/wordpress\/2026\/01\/15\/les-belles-promesses-pierre-lemaitre-editions-calmann-levy\/","og_locale":"fr_FR","og_type":"article","og_title":"Les belles promesses, Pierre Lemaitre, \u00c9ditions Calmann-L\u00e9vy - Surbook\u00e9","og_description":"Ce quatri\u00e8me et ultime volume de la saga de Pierre Lemaitre consacr\u00e9e aux Trente Glorieuses, est celui des oubli\u00e9s de la croissance. Il est aussi celui de l'enqu\u00eate de Fran\u00e7ois sur son fr\u00e8re Jean qui pourrait bien \u00eatre un assassin. Autant de bonnes raisons pour le lire.","og_url":"https:\/\/surbooke.fr\/wordpress\/2026\/01\/15\/les-belles-promesses-pierre-lemaitre-editions-calmann-levy\/","og_site_name":"Surbook\u00e9","article_published_time":"2026-01-15T19:18:25+00:00","article_modified_time":"2026-01-16T14:16:59+00:00","og_image":[{"width":400,"height":535,"url":"https:\/\/surbooke.fr\/wordpress\/wp-content\/uploads\/2026\/01\/Les-belles-promesses-e1768120625972.jpg","type":"image\/jpeg"}],"author":"Laurent Bisault","twitter_card":"summary_large_image","twitter_creator":"@LaurentBisault","twitter_misc":{"\u00c9crit par":"Laurent Bisault","Dur\u00e9e de lecture estim\u00e9e":"4 minutes"},"schema":{"@context":"https:\/\/schema.org","@graph":[{"@type":"Article","@id":"https:\/\/surbooke.fr\/wordpress\/2026\/01\/15\/les-belles-promesses-pierre-lemaitre-editions-calmann-levy\/#article","isPartOf":{"@id":"https:\/\/surbooke.fr\/wordpress\/2026\/01\/15\/les-belles-promesses-pierre-lemaitre-editions-calmann-levy\/"},"author":{"name":"Laurent Bisault","@id":"https:\/\/surbooke.fr\/wordpress\/#\/schema\/person\/9c6be4d35203c76182c56b0e974807c6"},"headline":"Les belles promesses, Pierre Lemaitre, \u00c9ditions Calmann-L\u00e9vy","datePublished":"2026-01-15T19:18:25+00:00","dateModified":"2026-01-16T14:16:59+00:00","mainEntityOfPage":{"@id":"https:\/\/surbooke.fr\/wordpress\/2026\/01\/15\/les-belles-promesses-pierre-lemaitre-editions-calmann-levy\/"},"wordCount":758,"commentCount":0,"image":{"@id":"https:\/\/surbooke.fr\/wordpress\/2026\/01\/15\/les-belles-promesses-pierre-lemaitre-editions-calmann-levy\/#primaryimage"},"thumbnailUrl":"https:\/\/surbooke.fr\/wordpress\/wp-content\/uploads\/2026\/01\/Les-belles-promesses-e1768120625972.jpg","keywords":["Calmann-L\u00e9vy"],"articleSection":["roman fran\u00e7ais \ud83c\uddeb\ud83c\uddf7","\ud83e\udd0d"],"inLanguage":"fr-FR","potentialAction":[{"@type":"CommentAction","name":"Comment","target":["https:\/\/surbooke.fr\/wordpress\/2026\/01\/15\/les-belles-promesses-pierre-lemaitre-editions-calmann-levy\/#respond"]}]},{"@type":"WebPage","@id":"https:\/\/surbooke.fr\/wordpress\/2026\/01\/15\/les-belles-promesses-pierre-lemaitre-editions-calmann-levy\/","url":"https:\/\/surbooke.fr\/wordpress\/2026\/01\/15\/les-belles-promesses-pierre-lemaitre-editions-calmann-levy\/","name":"Les belles promesses, Pierre Lemaitre, \u00c9ditions Calmann-L\u00e9vy - Surbook\u00e9","isPartOf":{"@id":"https:\/\/surbooke.fr\/wordpress\/#website"},"primaryImageOfPage":{"@id":"https:\/\/surbooke.fr\/wordpress\/2026\/01\/15\/les-belles-promesses-pierre-lemaitre-editions-calmann-levy\/#primaryimage"},"image":{"@id":"https:\/\/surbooke.fr\/wordpress\/2026\/01\/15\/les-belles-promesses-pierre-lemaitre-editions-calmann-levy\/#primaryimage"},"thumbnailUrl":"https:\/\/surbooke.fr\/wordpress\/wp-content\/uploads\/2026\/01\/Les-belles-promesses-e1768120625972.jpg","datePublished":"2026-01-15T19:18:25+00:00","dateModified":"2026-01-16T14:16:59+00:00","author":{"@id":"https:\/\/surbooke.fr\/wordpress\/#\/schema\/person\/9c6be4d35203c76182c56b0e974807c6"},"description":"Ce quatri\u00e8me et ultime volume de la saga de Pierre Lemaitre consacr\u00e9e aux Trente Glorieuses, est celui des oubli\u00e9s de la croissance. Il est aussi celui de l'enqu\u00eate de Fran\u00e7ois sur son fr\u00e8re Jean qui pourrait bien \u00eatre un assassin. Autant de bonnes raisons pour le lire.","breadcrumb":{"@id":"https:\/\/surbooke.fr\/wordpress\/2026\/01\/15\/les-belles-promesses-pierre-lemaitre-editions-calmann-levy\/#breadcrumb"},"inLanguage":"fr-FR","potentialAction":[{"@type":"ReadAction","target":["https:\/\/surbooke.fr\/wordpress\/2026\/01\/15\/les-belles-promesses-pierre-lemaitre-editions-calmann-levy\/"]}]},{"@type":"ImageObject","inLanguage":"fr-FR","@id":"https:\/\/surbooke.fr\/wordpress\/2026\/01\/15\/les-belles-promesses-pierre-lemaitre-editions-calmann-levy\/#primaryimage","url":"https:\/\/surbooke.fr\/wordpress\/wp-content\/uploads\/2026\/01\/Les-belles-promesses-e1768120625972.jpg","contentUrl":"https:\/\/surbooke.fr\/wordpress\/wp-content\/uploads\/2026\/01\/Les-belles-promesses-e1768120625972.jpg","width":400,"height":535},{"@type":"BreadcrumbList","@id":"https:\/\/surbooke.fr\/wordpress\/2026\/01\/15\/les-belles-promesses-pierre-lemaitre-editions-calmann-levy\/#breadcrumb","itemListElement":[{"@type":"ListItem","position":1,"name":"Accueil","item":"https:\/\/surbooke.fr\/wordpress\/"},{"@type":"ListItem","position":2,"name":"Les belles promesses, Pierre Lemaitre, \u00c9ditions Calmann-L\u00e9vy"}]},{"@type":"WebSite","@id":"https:\/\/surbooke.fr\/wordpress\/#website","url":"https:\/\/surbooke.fr\/wordpress\/","name":"Surbook\u00e9","description":"Le blog de Laurent Bisault","potentialAction":[{"@type":"SearchAction","target":{"@type":"EntryPoint","urlTemplate":"https:\/\/surbooke.fr\/wordpress\/?s={search_term_string}"},"query-input":{"@type":"PropertyValueSpecification","valueRequired":true,"valueName":"search_term_string"}}],"inLanguage":"fr-FR"},{"@type":"Person","@id":"https:\/\/surbooke.fr\/wordpress\/#\/schema\/person\/9c6be4d35203c76182c56b0e974807c6","name":"Laurent Bisault","image":{"@type":"ImageObject","inLanguage":"fr-FR","@id":"https:\/\/secure.gravatar.com\/avatar\/3bcd2efdfc3a3e416bea3223d3dfcd7f8845e2ca0669671d0c7ed8e84e97bfc4?s=96&d=mm&r=g","url":"https:\/\/secure.gravatar.com\/avatar\/3bcd2efdfc3a3e416bea3223d3dfcd7f8845e2ca0669671d0c7ed8e84e97bfc4?s=96&d=mm&r=g","contentUrl":"https:\/\/secure.gravatar.com\/avatar\/3bcd2efdfc3a3e416bea3223d3dfcd7f8845e2ca0669671d0c7ed8e84e97bfc4?s=96&d=mm&r=g","caption":"Laurent Bisault"},"sameAs":["https:\/\/surbooke.fr\/wordpress\/","https:\/\/x.com\/LaurentBisault"],"url":"https:\/\/surbooke.fr\/wordpress\/author\/surbooke\/"}]}},"_links":{"self":[{"href":"https:\/\/surbooke.fr\/wordpress\/wp-json\/wp\/v2\/posts\/34810","targetHints":{"allow":["GET"]}}],"collection":[{"href":"https:\/\/surbooke.fr\/wordpress\/wp-json\/wp\/v2\/posts"}],"about":[{"href":"https:\/\/surbooke.fr\/wordpress\/wp-json\/wp\/v2\/types\/post"}],"author":[{"embeddable":true,"href":"https:\/\/surbooke.fr\/wordpress\/wp-json\/wp\/v2\/users\/8"}],"replies":[{"embeddable":true,"href":"https:\/\/surbooke.fr\/wordpress\/wp-json\/wp\/v2\/comments?post=34810"}],"version-history":[{"count":0,"href":"https:\/\/surbooke.fr\/wordpress\/wp-json\/wp\/v2\/posts\/34810\/revisions"}],"wp:featuredmedia":[{"embeddable":true,"href":"https:\/\/surbooke.fr\/wordpress\/wp-json\/wp\/v2\/media\/34812"}],"wp:attachment":[{"href":"https:\/\/surbooke.fr\/wordpress\/wp-json\/wp\/v2\/media?parent=34810"}],"wp:term":[{"taxonomy":"category","embeddable":true,"href":"https:\/\/surbooke.fr\/wordpress\/wp-json\/wp\/v2\/categories?post=34810"},{"taxonomy":"post_tag","embeddable":true,"href":"https:\/\/surbooke.fr\/wordpress\/wp-json\/wp\/v2\/tags?post=34810"}],"curies":[{"name":"wp","href":"https:\/\/api.w.org\/{rel}","templated":true}]}}