{"id":35027,"date":"2026-01-25T17:44:54","date_gmt":"2026-01-25T16:44:54","guid":{"rendered":"https:\/\/surbooke.fr\/wordpress\/?p=35027"},"modified":"2026-01-25T17:44:59","modified_gmt":"2026-01-25T16:44:59","slug":"les-comploteurs-antton-rouget-et-ramses-kefi-mediapart-collectif-editions","status":"publish","type":"post","link":"https:\/\/surbooke.fr\/wordpress\/2026\/01\/25\/les-comploteurs-antton-rouget-et-ramses-kefi-mediapart-collectif-editions\/","title":{"rendered":"Les comploteurs, Antton Rouget et Rams\u00e8s Kefi, Mediapart &amp; Collectif \u00c9ditions"},"content":{"rendered":"\n<p><strong>Les<\/strong> <strong>meilleurs<\/strong> <strong>auteurs<\/strong> <strong>de<\/strong> <strong>romans<\/strong> <strong>noirs<\/strong> <strong>doivent<\/strong> <strong>l&rsquo;avoir<\/strong> <strong>mauvaise<\/strong>. Comment rivaliser, comment imaginer un sc\u00e9nario plus pervers que celui de la sextape de Saint-\u00c9tienne ? Un complot ourdi par le maire de la cit\u00e9 pour garantir la poursuite de sa carri\u00e8re politique. Cette histoire abracadabrantesque est bien plus que la mise \u00e0 l&rsquo;\u00e9cart d&rsquo;un concurrent qui n&rsquo;est m\u00eame pas un adversaire politique. C&rsquo;est une machination qui a failli pousser la victime au suicide. Qui aurait d\u00fb d\u00e9truire sa famille. Heureusement le m\u00e9canisme s&rsquo;est gripp\u00e9 et le premier adjoint s&rsquo;en est sorti. D&rsquo;abord parce que sa femme et ses grands enfants l&rsquo;ont soutenu. Ensuite parce qu&rsquo;un des comploteurs a l\u00e2ch\u00e9 le morceau. Enfin gr\u00e2ce \u00e0 l&rsquo;enqu\u00eate de <em>Mediapart<\/em>. Le r\u00e9cit pose plein de questions. Comment des personnes sans aucune morale ont-elles pu conqu\u00e9rir des postes aussi importants ? Parce que parmi les comploteurs il y en a un qui avait d\u00e9j\u00e0 imagin\u00e9 coller une prostitu\u00e9e mineure dans le lit d&rsquo;un maire. Un autre qui avait c\u00f4toy\u00e9 un \u00e9lu pour qui Hitler n&rsquo;avait peut-\u00eatre pas tu\u00e9 assez de gitans. Un qui avait navigu\u00e9 d&rsquo;un parti \u00e0 l&rsquo;autre jusqu&rsquo;\u00e0 trouver celui qui lui \u00e9tait le plus favorable. Et au-dessus d&rsquo;eux un maire parfaitement insensible \u00e0 la mort annonc\u00e9e de celui qu&rsquo;il voulait \u00e9vincer. Comment aussi les colistiers du maire ont-ils accept\u00e9 de prot\u00e9ger Perdriau alors que plus personne ne pouvait encore croire \u00e0 son innocence ? Comment des \u00e9lus peuvent-ils garder leurs substantielles indemnit\u00e9s sans fournir le travail dont ils sont redevables ? Pourquoi la justice n&rsquo;a-t-elle coll\u00e9 que cinq ans d&rsquo;in\u00e9gibilit\u00e9 \u00e0 Perdriau, sachant que presque tous les \u00e9lus condamn\u00e9s de Carignon \u00e0 Cahuzac ont tent\u00e9 de revenir ? Le passionnant r\u00e9cit d&rsquo;Antton Rouget et de Rams\u00e8s Kefi r\u00e9pond partiellement \u00e0 ces questions. Il est heureux que <em>Mediapart<\/em> l&rsquo;ait publi\u00e9 pour que nous puissions y r\u00e9fl\u00e9chir.<\/p>\n\n\n\n<blockquote class=\"wp-block-quote is-layout-flow wp-block-quote-is-layout-flow\">\n<p class=\"has-medium-font-size\">Pour Ga\u00ebl Perdriau le maire de Saint-\u00c9tienne, c\u2019est bien pire<\/p>\n<\/blockquote>\n\n\n\n<p>L&rsquo;annonce est tomb\u00e9e : le proc\u00e8s du chantage \u00e0 la sextape est fix\u00e9 fin septembre 2025. S&rsquo;il en est un qui s&rsquo;en r\u00e9jouit c&rsquo;est bien Gilles Rossary-Lenglet. Pourtant avec cette affaire, ce barbouzage qu&rsquo;il a foment\u00e9, il a tout perdu. Plus personne ou presque ne veut le prendre au t\u00e9l\u00e9phone, et c&rsquo;est peu dire que sa sant\u00e9 est vacillante. Il a besoin d&rsquo;une aide-m\u00e9nag\u00e8re pour couper ses l\u00e9gumes. Pour Ga\u00ebl Perdriau le maire de Saint-\u00c9tienne, c&rsquo;est bien pire. Annonc\u00e9 un temps futur ministre de Macron, il vit reclus \u00e0 la mairie avec ses derniers soutiens. Ses d\u00e9cisions sont retoqu\u00e9es par le conseil m\u00e9tropolitain. R\u00e9cemment un d\u00e9put\u00e9 de son camp a refus\u00e9 de lui serrer la main en lui r\u00e9pondant qu&rsquo;il pouvait se la garder pour pisser.<\/p>\n\n\n\n<blockquote class=\"wp-block-quote is-layout-flow wp-block-quote-is-layout-flow\">\n<p class=\"has-medium-font-size\">Artigues a pens\u00e9 se suicider<\/p>\n<\/blockquote>\n\n\n\n<p>Septembre 2016. Gilles Artigues et Samy K\u00e9fi-J\u00e9r\u00f4me travaillent ensemble. Artigues est le premier adjoint \u00e0 la mairie de Saint-\u00c9tienne, K\u00e9fi-J\u00e9r\u00f4me l&rsquo;adjoint en charge de l&rsquo;\u00e9ducation. Ils se voient en dehors du boulot, K\u00e9fi-J\u00e9r\u00f4me conna\u00eet la femme et les enfants d&rsquo;Artigues. La rumeur pr\u00e9tend qu&rsquo;Artigues le catho tenant de la Manif pour tous, et K\u00e9fi-J\u00e9r\u00f4me bisexuel assum\u00e9, auraient une liaison. K\u00e9fi-J\u00e9r\u00f4me sort son t\u00e9l\u00e9phone et montre \u00e0 Artigues une vid\u00e9o intitul\u00e9e <em>In<\/em> <em>bed<\/em> <em>with<\/em> <em>Gilles<\/em> <em>Artigues<\/em>. On voit l&rsquo;\u00e9lu se d\u00e9shabiller et se faire masser par un inconnu. Artigues n&rsquo;est pas un adjoint anonyme. Ancien d\u00e9put\u00e9, il a en 2014 scell\u00e9 un accord avec Perdriau pour reprendre la mairie au PS. Le catho centriste a impos\u00e9 au repr\u00e9sentant de l&rsquo;UMP quatorze adjoints qui sont autant de snipers contre Perdriau. L&rsquo;accord a \u00e9t\u00e9 con\u00e7u par les chefs de parti parisiens. Ils auraient tout aussi bien pu choisir Artigues comme maire. R\u00e9cemment arriv\u00e9 dans la Loire, K\u00e9fi-J\u00e9r\u00f4me ne cache pas ses app\u00e9tits de pouvoir. Il vise la d\u00e9putation comme repr\u00e9sentant du Centre. Il explique \u00e0 Artigues qu&rsquo;il d\u00e9tient d&rsquo;autres images. Il exige qu&rsquo;il se d\u00e9siste \u00e0 son profit lors des l\u00e9gislatives \u00e0 venir s&rsquo;il venait \u00e0 lui en intimer l&rsquo;ordre. Il imagine aussi le pousser \u00e0 admettre son homosexualit\u00e9 tout en filmant la sc\u00e8ne avec une cam\u00e9ra cach\u00e9e. \u00c7a n&rsquo;ira pas plus loin, mais Artigues a pens\u00e9 se suicider en quittant son bourreau. L&rsquo;id\u00e9e de la vid\u00e9o vient de Rossary-Lenglet qui est l&rsquo;ex de K\u00e9fi-J\u00e9r\u00f4me. Le barbouzeur l&rsquo;a facilement vendue \u00e0 Perdriau et Pierre Gauttieri le chef de cabinet du maire. Il en a retir\u00e9 une forte somme d&rsquo;argent et une promesse d&#8217;embauche \u00e0 la mairie en cas de besoin. Il a programm\u00e9 la rencontre d&rsquo;Artigues et de K\u00e9fi-J\u00e9r\u00f4me le 5 janvier 2015 \u00e0 l&rsquo;occasion d&rsquo;un d\u00e9placement professionnel \u00e0 Paris o\u00f9 K\u00e9fi-J\u00e9r\u00f4me s&rsquo;est point\u00e9 en compagnie de Theo un <em>escort<\/em> <em>boy<\/em>. Mais l&rsquo;adjoint \u00e0 l&rsquo;\u00e9ducation charge mal la GoPro. Il n&rsquo;enregistre que le massage. \u00ab <em>Une<\/em> <em>sextape<\/em> <em>sans<\/em> <em>sexe<\/em> \u00bb. Perdriau \u00e9tait-il au courant de la machination ? Artigues en aura la preuve en novembre 2017 quand le maire de Saint-\u00c9tienne lui demande d&rsquo;ex\u00e9cuter ses ordres s&rsquo;il ne veut pas qu&rsquo;il publie la vid\u00e9o.<\/p>\n\n\n\n<blockquote class=\"wp-block-quote is-layout-flow wp-block-quote-is-layout-flow\">\n<p class=\"has-medium-font-size\">Perdriau refuse de d\u00e9missionner de son poste de maire <\/p>\n<\/blockquote>\n\n\n\n<p>En mai 2022 Perdriau annonce \u00e0 Artigues sa r\u00e9trogradation comme troisi\u00e8me adjoint. Le maire se voit ministre de Macron, pas question dans ce cas de laisser la mairie aux mains d&rsquo;Artigues. Le centriste l&rsquo;accepte et part travailler dans le Tarn comme directeur dioc\u00e9sain de l&rsquo;enseignement catholique. Rien ne devrait plus arr\u00eater Perdriau. Sauf qu&rsquo;il a oubli\u00e9 Rossary-Lenglet. Il n&rsquo;a plus d&rsquo;argent, il est marqu\u00e9 par le Covid, il ne parvient pas \u00e0 se faire embaucher par la mairie. Gauttieri lui propose alors un job \u00e0 2 500 euros bruts par mois. Pas assez pour le barbouzeur qui entre en contact avec <em>Mediapart<\/em>. Le journal attend l&rsquo;accord d&rsquo;Artigues pour publier. Il intervient fin ao\u00fbt 2022 quand l&rsquo;ancien premier adjoint porte plainte. \u00c0 la mairie l&rsquo;atmosph\u00e8re est d\u00e9l\u00e9t\u00e8re entre les demandes de d\u00e9mission formul\u00e9es par des \u00e9lus d&rsquo;opposition et de nombreux licenciements. En mai 2023 Perdriau est mis en examen pour chantage. Il s&rsquo;est mis en retrait du conseil m\u00e9tropolitain tout en gardant son indemnit\u00e9, mais il s&rsquo;accroche \u00e0 son poste de maire. Pierre Gauttieri est incarc\u00e9r\u00e9 quinze jours faute d&rsquo;avoir respect\u00e9 son contr\u00f4le judiciaire. \u00c0 sa sortie de prison il l\u00e2che Perdriau : le maire a commandit\u00e9 l&rsquo;op\u00e9ration et l&rsquo;a pay\u00e9e avec de l&rsquo;argent public. Pourtant Perdriau refuse toujours de d\u00e9missionner. S&rsquo;ils le d\u00e9mettaient, les \u00e9lus de sa majorit\u00e9 prendraient le \u00ab risque d&rsquo;offrir \u00bb la ville \u00e0 la gauche. M\u00eame la soci\u00e9t\u00e9 civile finit par se lasser de r\u00e9clamer le d\u00e9part du maire. Lui r\u00eave encore d&rsquo;un troisi\u00e8me mandat en 2026. Lundi 22 septembre 2025 le proc\u00e8s d\u00e9bute. Le verdict est annonc\u00e9 le 1er d\u00e9cembre 2025 avec des peines sup\u00e9rieures aux r\u00e9quisitions. Samy K\u00e9fi-J\u00e9r\u00f4me et Gilles Rossary-Lenglet : quatre ans de prison dont un avec sursis et 40 000 euros d&rsquo;amende. Pierre Gauttieri : quatre ann\u00e9es de prison dont deux avec sursis et 30 000 euros d&rsquo;amende. Ga\u00ebl Perdriau : cinq ans d&#8217;emprisonnement dont un avec sursis, 50 000 euros d&rsquo;amende, in\u00e9ligibilit\u00e9 de cinq ans avec ex\u00e9cution provisoire. S&rsquo;y ajoutent des d\u00e9dommagements multiples \u00e0 la charge des quatre condamn\u00e9s.<\/p>\n\n\n\n<p><strong>Vous<\/strong> <strong>pourriez<\/strong> <strong>aussi<\/strong> <strong>appr\u00e9cier<\/strong><\/p>\n\n\n\n<p><\/p>\n\n\n\n<figure class=\"wp-block-embed is-type-wp-embed is-provider-surbook wp-block-embed-surbook\"><div class=\"wp-block-embed__wrapper\">\n<blockquote class=\"wp-embedded-content\" data-secret=\"nsmksMl6Ai\"><a href=\"https:\/\/surbooke.fr\/wordpress\/2025\/01\/03\/la-troisieme-vie-fabrice-arfi-editions-du-seuil\/\">La troisi\u00e8me vie, Fabrice Arfi, \u00c9ditions du Seuil<\/a><\/blockquote><iframe loading=\"lazy\" class=\"wp-embedded-content\" sandbox=\"allow-scripts\" security=\"restricted\" style=\"position: absolute; visibility: hidden;\" title=\"\u00ab\u00a0La troisi\u00e8me vie, Fabrice Arfi, \u00c9ditions du Seuil\u00a0\u00bb &#8212; Surbook\u00e9\" src=\"https:\/\/surbooke.fr\/wordpress\/2025\/01\/03\/la-troisieme-vie-fabrice-arfi-editions-du-seuil\/embed\/#?secret=hKCgyFNPT9#?secret=nsmksMl6Ai\" data-secret=\"nsmksMl6Ai\" width=\"600\" height=\"338\" frameborder=\"0\" marginwidth=\"0\" marginheight=\"0\" scrolling=\"no\"><\/iframe>\n<\/div><\/figure>\n\n\n\n<figure class=\"wp-block-embed is-type-wp-embed is-provider-surbook wp-block-embed-surbook\"><div class=\"wp-block-embed__wrapper\">\n<blockquote class=\"wp-embedded-content\" data-secret=\"xCreltj2p6\"><a href=\"https:\/\/surbooke.fr\/wordpress\/2025\/10\/02\/quatre-jours-sans-ma-mere-ramses-kefi-editions-philippe-rey\/\">Quatre jours sans ma m\u00e8re, Rams\u00e8s Kefi, \u00c9ditions Philippe Rey<\/a><\/blockquote><iframe loading=\"lazy\" class=\"wp-embedded-content\" sandbox=\"allow-scripts\" security=\"restricted\" style=\"position: absolute; visibility: hidden;\" title=\"\u00ab\u00a0Quatre jours sans ma m\u00e8re, Rams\u00e8s Kefi, \u00c9ditions Philippe Rey\u00a0\u00bb &#8212; Surbook\u00e9\" src=\"https:\/\/surbooke.fr\/wordpress\/2025\/10\/02\/quatre-jours-sans-ma-mere-ramses-kefi-editions-philippe-rey\/embed\/#?secret=quVAt6TX6A#?secret=xCreltj2p6\" data-secret=\"xCreltj2p6\" width=\"600\" height=\"338\" frameborder=\"0\" marginwidth=\"0\" marginheight=\"0\" scrolling=\"no\"><\/iframe>\n<\/div><\/figure>\n\n\n\n<div style=\"padding:20px\" class=\"wp-block-tnp-minimal\"><p><strong>Abonnez-vous<\/strong>\u00a0<strong>pour<\/strong>\u00a0<strong>\u00eatre<\/strong>\u00a0<strong>averti<\/strong>\u00a0<strong>des<\/strong>\u00a0<strong>nouvelles<\/strong>\u00a0<strong>chroniques<\/strong>\u00a0<\/p><div><div class=\"tnp tnp-subscription-minimal  \"><form action=\"https:\/\/surbooke.fr\/wordpress\/wp-admin\/admin-ajax.php?action=tnp&amp;na=s\" method=\"post\" style=\"text-align: center\"><input type=\"hidden\" name=\"nr\" value=\"minimal\">\n<input type=\"hidden\" name=\"nlang\" value=\"\">\n<input class=\"tnp-email\" type=\"email\" required name=\"ne\" value=\"\" placeholder=\"Email\"><input class=\"tnp-submit\" type=\"submit\" value=\"S&#039;abonner\" style=\"\">\n<div class=\"tnp-field tnp-privacy-field\"><label><input type=\"checkbox\" name=\"ny\" required class=\"tnp-privacy\"> En continuant, vous acceptez la politique de confidentialit\u00e9<\/label><\/div><\/form><\/div>\n<\/div><\/div>\n","protected":false},"excerpt":{"rendered":"<p>Les meilleurs auteurs de romans noirs doivent l&rsquo;avoir mauvaise. Comment rivaliser, comment imaginer un sc\u00e9nario plus pervers que celui de la sextape de Saint-\u00c9tienne ? Un complot ourdi par le maire de la cit\u00e9 pour garantir la poursuite de sa carri\u00e8re politique. Cette histoire abracadabrantesque est bien plus que la mise \u00e0 l&rsquo;\u00e9cart d&rsquo;un concurrent [&hellip;]<\/p>\n","protected":false},"author":8,"featured_media":35039,"comment_status":"open","ping_status":"open","sticky":false,"template":"","format":"standard","meta":{"footnotes":""},"categories":[223,2,171],"tags":[222],"class_list":["post-35027","post","type-post","status-publish","format-standard","has-post-thumbnail","hentry","category-enquete","category-roman-noir","category-171","tag-collectif-editions"],"yoast_head":"<!-- This site is optimized with the Yoast SEO plugin v27.4 - https:\/\/yoast.com\/product\/yoast-seo-wordpress\/ -->\n<title>Les comploteurs, Antton Rouget et Rams\u00e8s Kefi, Mediapart &amp; Collectif \u00c9ditions - Surbook\u00e9<\/title>\n<meta name=\"description\" content=\"L&#039;affaire de la sextape de Saint-\u00c9tienne racont\u00e9e par les journalistes de Mediapart. Un r\u00e9cit addictif d&#039;une des pires saloperies commises par un maire pr\u00eat \u00e0 tout pour sa carri\u00e8re politique.\" \/>\n<meta name=\"robots\" content=\"index, follow, max-snippet:-1, max-image-preview:large, max-video-preview:-1\" \/>\n<link rel=\"canonical\" href=\"https:\/\/surbooke.fr\/wordpress\/2026\/01\/25\/les-comploteurs-antton-rouget-et-ramses-kefi-mediapart-collectif-editions\/\" \/>\n<meta property=\"og:locale\" content=\"fr_FR\" \/>\n<meta property=\"og:type\" content=\"article\" \/>\n<meta property=\"og:title\" content=\"Les comploteurs, Antton Rouget et Rams\u00e8s Kefi, Mediapart &amp; Collectif \u00c9ditions - Surbook\u00e9\" \/>\n<meta property=\"og:description\" content=\"L&#039;affaire de la sextape de Saint-\u00c9tienne racont\u00e9e par les journalistes de Mediapart. Un r\u00e9cit addictif d&#039;une des pires saloperies commises par un maire pr\u00eat \u00e0 tout pour sa carri\u00e8re politique.\" \/>\n<meta property=\"og:url\" content=\"https:\/\/surbooke.fr\/wordpress\/2026\/01\/25\/les-comploteurs-antton-rouget-et-ramses-kefi-mediapart-collectif-editions\/\" \/>\n<meta property=\"og:site_name\" content=\"Surbook\u00e9\" \/>\n<meta property=\"article:published_time\" content=\"2026-01-25T16:44:54+00:00\" \/>\n<meta property=\"article:modified_time\" content=\"2026-01-25T16:44:59+00:00\" \/>\n<meta property=\"og:image\" content=\"https:\/\/surbooke.fr\/wordpress\/wp-content\/uploads\/2026\/01\/Les-compoteurs-e1769244814603.jpg\" \/>\n\t<meta property=\"og:image:width\" content=\"400\" \/>\n\t<meta property=\"og:image:height\" content=\"607\" \/>\n\t<meta property=\"og:image:type\" content=\"image\/jpeg\" \/>\n<meta name=\"author\" content=\"Laurent Bisault\" \/>\n<meta name=\"twitter:card\" content=\"summary_large_image\" \/>\n<meta name=\"twitter:creator\" content=\"@LaurentBisault\" \/>\n<meta name=\"twitter:label1\" content=\"\u00c9crit par\" \/>\n\t<meta name=\"twitter:data1\" content=\"Laurent Bisault\" \/>\n\t<meta name=\"twitter:label2\" content=\"Dur\u00e9e de lecture estim\u00e9e\" \/>\n\t<meta name=\"twitter:data2\" content=\"6 minutes\" \/>\n<script type=\"application\/ld+json\" class=\"yoast-schema-graph\">{\"@context\":\"https:\\\/\\\/schema.org\",\"@graph\":[{\"@type\":\"Article\",\"@id\":\"https:\\\/\\\/surbooke.fr\\\/wordpress\\\/2026\\\/01\\\/25\\\/les-comploteurs-antton-rouget-et-ramses-kefi-mediapart-collectif-editions\\\/#article\",\"isPartOf\":{\"@id\":\"https:\\\/\\\/surbooke.fr\\\/wordpress\\\/2026\\\/01\\\/25\\\/les-comploteurs-antton-rouget-et-ramses-kefi-mediapart-collectif-editions\\\/\"},\"author\":{\"name\":\"Laurent Bisault\",\"@id\":\"https:\\\/\\\/surbooke.fr\\\/wordpress\\\/#\\\/schema\\\/person\\\/9c6be4d35203c76182c56b0e974807c6\"},\"headline\":\"Les comploteurs, Antton Rouget et Rams\u00e8s Kefi, Mediapart &amp; Collectif \u00c9ditions\",\"datePublished\":\"2026-01-25T16:44:54+00:00\",\"dateModified\":\"2026-01-25T16:44:59+00:00\",\"mainEntityOfPage\":{\"@id\":\"https:\\\/\\\/surbooke.fr\\\/wordpress\\\/2026\\\/01\\\/25\\\/les-comploteurs-antton-rouget-et-ramses-kefi-mediapart-collectif-editions\\\/\"},\"wordCount\":1348,\"commentCount\":2,\"image\":{\"@id\":\"https:\\\/\\\/surbooke.fr\\\/wordpress\\\/2026\\\/01\\\/25\\\/les-comploteurs-antton-rouget-et-ramses-kefi-mediapart-collectif-editions\\\/#primaryimage\"},\"thumbnailUrl\":\"https:\\\/\\\/surbooke.fr\\\/wordpress\\\/wp-content\\\/uploads\\\/2026\\\/01\\\/Les-compoteurs-e1769244814603.jpg\",\"keywords\":[\"Mediapart &amp; Collectif \u00c9ditions\"],\"articleSection\":[\"Enqu\u00eate\",\"roman noir\",\"\ud83e\udd0d\ud83e\udd0d\"],\"inLanguage\":\"fr-FR\",\"potentialAction\":[{\"@type\":\"CommentAction\",\"name\":\"Comment\",\"target\":[\"https:\\\/\\\/surbooke.fr\\\/wordpress\\\/2026\\\/01\\\/25\\\/les-comploteurs-antton-rouget-et-ramses-kefi-mediapart-collectif-editions\\\/#respond\"]}]},{\"@type\":\"WebPage\",\"@id\":\"https:\\\/\\\/surbooke.fr\\\/wordpress\\\/2026\\\/01\\\/25\\\/les-comploteurs-antton-rouget-et-ramses-kefi-mediapart-collectif-editions\\\/\",\"url\":\"https:\\\/\\\/surbooke.fr\\\/wordpress\\\/2026\\\/01\\\/25\\\/les-comploteurs-antton-rouget-et-ramses-kefi-mediapart-collectif-editions\\\/\",\"name\":\"Les comploteurs, Antton Rouget et Rams\u00e8s Kefi, Mediapart &amp; Collectif \u00c9ditions - Surbook\u00e9\",\"isPartOf\":{\"@id\":\"https:\\\/\\\/surbooke.fr\\\/wordpress\\\/#website\"},\"primaryImageOfPage\":{\"@id\":\"https:\\\/\\\/surbooke.fr\\\/wordpress\\\/2026\\\/01\\\/25\\\/les-comploteurs-antton-rouget-et-ramses-kefi-mediapart-collectif-editions\\\/#primaryimage\"},\"image\":{\"@id\":\"https:\\\/\\\/surbooke.fr\\\/wordpress\\\/2026\\\/01\\\/25\\\/les-comploteurs-antton-rouget-et-ramses-kefi-mediapart-collectif-editions\\\/#primaryimage\"},\"thumbnailUrl\":\"https:\\\/\\\/surbooke.fr\\\/wordpress\\\/wp-content\\\/uploads\\\/2026\\\/01\\\/Les-compoteurs-e1769244814603.jpg\",\"datePublished\":\"2026-01-25T16:44:54+00:00\",\"dateModified\":\"2026-01-25T16:44:59+00:00\",\"author\":{\"@id\":\"https:\\\/\\\/surbooke.fr\\\/wordpress\\\/#\\\/schema\\\/person\\\/9c6be4d35203c76182c56b0e974807c6\"},\"description\":\"L'affaire de la sextape de Saint-\u00c9tienne racont\u00e9e par les journalistes de Mediapart. Un r\u00e9cit addictif d'une des pires saloperies commises par un maire pr\u00eat \u00e0 tout pour sa carri\u00e8re politique.\",\"breadcrumb\":{\"@id\":\"https:\\\/\\\/surbooke.fr\\\/wordpress\\\/2026\\\/01\\\/25\\\/les-comploteurs-antton-rouget-et-ramses-kefi-mediapart-collectif-editions\\\/#breadcrumb\"},\"inLanguage\":\"fr-FR\",\"potentialAction\":[{\"@type\":\"ReadAction\",\"target\":[\"https:\\\/\\\/surbooke.fr\\\/wordpress\\\/2026\\\/01\\\/25\\\/les-comploteurs-antton-rouget-et-ramses-kefi-mediapart-collectif-editions\\\/\"]}]},{\"@type\":\"ImageObject\",\"inLanguage\":\"fr-FR\",\"@id\":\"https:\\\/\\\/surbooke.fr\\\/wordpress\\\/2026\\\/01\\\/25\\\/les-comploteurs-antton-rouget-et-ramses-kefi-mediapart-collectif-editions\\\/#primaryimage\",\"url\":\"https:\\\/\\\/surbooke.fr\\\/wordpress\\\/wp-content\\\/uploads\\\/2026\\\/01\\\/Les-compoteurs-e1769244814603.jpg\",\"contentUrl\":\"https:\\\/\\\/surbooke.fr\\\/wordpress\\\/wp-content\\\/uploads\\\/2026\\\/01\\\/Les-compoteurs-e1769244814603.jpg\",\"width\":400,\"height\":607},{\"@type\":\"BreadcrumbList\",\"@id\":\"https:\\\/\\\/surbooke.fr\\\/wordpress\\\/2026\\\/01\\\/25\\\/les-comploteurs-antton-rouget-et-ramses-kefi-mediapart-collectif-editions\\\/#breadcrumb\",\"itemListElement\":[{\"@type\":\"ListItem\",\"position\":1,\"name\":\"Accueil\",\"item\":\"https:\\\/\\\/surbooke.fr\\\/wordpress\\\/\"},{\"@type\":\"ListItem\",\"position\":2,\"name\":\"Les comploteurs, Antton Rouget et Rams\u00e8s Kefi, Mediapart &amp; Collectif \u00c9ditions\"}]},{\"@type\":\"WebSite\",\"@id\":\"https:\\\/\\\/surbooke.fr\\\/wordpress\\\/#website\",\"url\":\"https:\\\/\\\/surbooke.fr\\\/wordpress\\\/\",\"name\":\"Surbook\u00e9\",\"description\":\"Le blog de Laurent Bisault\",\"potentialAction\":[{\"@type\":\"SearchAction\",\"target\":{\"@type\":\"EntryPoint\",\"urlTemplate\":\"https:\\\/\\\/surbooke.fr\\\/wordpress\\\/?s={search_term_string}\"},\"query-input\":{\"@type\":\"PropertyValueSpecification\",\"valueRequired\":true,\"valueName\":\"search_term_string\"}}],\"inLanguage\":\"fr-FR\"},{\"@type\":\"Person\",\"@id\":\"https:\\\/\\\/surbooke.fr\\\/wordpress\\\/#\\\/schema\\\/person\\\/9c6be4d35203c76182c56b0e974807c6\",\"name\":\"Laurent Bisault\",\"image\":{\"@type\":\"ImageObject\",\"inLanguage\":\"fr-FR\",\"@id\":\"https:\\\/\\\/secure.gravatar.com\\\/avatar\\\/3bcd2efdfc3a3e416bea3223d3dfcd7f8845e2ca0669671d0c7ed8e84e97bfc4?s=96&d=mm&r=g\",\"url\":\"https:\\\/\\\/secure.gravatar.com\\\/avatar\\\/3bcd2efdfc3a3e416bea3223d3dfcd7f8845e2ca0669671d0c7ed8e84e97bfc4?s=96&d=mm&r=g\",\"contentUrl\":\"https:\\\/\\\/secure.gravatar.com\\\/avatar\\\/3bcd2efdfc3a3e416bea3223d3dfcd7f8845e2ca0669671d0c7ed8e84e97bfc4?s=96&d=mm&r=g\",\"caption\":\"Laurent Bisault\"},\"sameAs\":[\"https:\\\/\\\/surbooke.fr\\\/wordpress\\\/\",\"https:\\\/\\\/x.com\\\/LaurentBisault\"],\"url\":\"https:\\\/\\\/surbooke.fr\\\/wordpress\\\/author\\\/surbooke\\\/\"}]}<\/script>\n<!-- \/ Yoast SEO plugin. -->","yoast_head_json":{"title":"Les comploteurs, Antton Rouget et Rams\u00e8s Kefi, Mediapart &amp; Collectif \u00c9ditions - Surbook\u00e9","description":"L'affaire de la sextape de Saint-\u00c9tienne racont\u00e9e par les journalistes de Mediapart. Un r\u00e9cit addictif d'une des pires saloperies commises par un maire pr\u00eat \u00e0 tout pour sa carri\u00e8re politique.","robots":{"index":"index","follow":"follow","max-snippet":"max-snippet:-1","max-image-preview":"max-image-preview:large","max-video-preview":"max-video-preview:-1"},"canonical":"https:\/\/surbooke.fr\/wordpress\/2026\/01\/25\/les-comploteurs-antton-rouget-et-ramses-kefi-mediapart-collectif-editions\/","og_locale":"fr_FR","og_type":"article","og_title":"Les comploteurs, Antton Rouget et Rams\u00e8s Kefi, Mediapart &amp; Collectif \u00c9ditions - Surbook\u00e9","og_description":"L'affaire de la sextape de Saint-\u00c9tienne racont\u00e9e par les journalistes de Mediapart. Un r\u00e9cit addictif d'une des pires saloperies commises par un maire pr\u00eat \u00e0 tout pour sa carri\u00e8re politique.","og_url":"https:\/\/surbooke.fr\/wordpress\/2026\/01\/25\/les-comploteurs-antton-rouget-et-ramses-kefi-mediapart-collectif-editions\/","og_site_name":"Surbook\u00e9","article_published_time":"2026-01-25T16:44:54+00:00","article_modified_time":"2026-01-25T16:44:59+00:00","og_image":[{"width":400,"height":607,"url":"https:\/\/surbooke.fr\/wordpress\/wp-content\/uploads\/2026\/01\/Les-compoteurs-e1769244814603.jpg","type":"image\/jpeg"}],"author":"Laurent Bisault","twitter_card":"summary_large_image","twitter_creator":"@LaurentBisault","twitter_misc":{"\u00c9crit par":"Laurent Bisault","Dur\u00e9e de lecture estim\u00e9e":"6 minutes"},"schema":{"@context":"https:\/\/schema.org","@graph":[{"@type":"Article","@id":"https:\/\/surbooke.fr\/wordpress\/2026\/01\/25\/les-comploteurs-antton-rouget-et-ramses-kefi-mediapart-collectif-editions\/#article","isPartOf":{"@id":"https:\/\/surbooke.fr\/wordpress\/2026\/01\/25\/les-comploteurs-antton-rouget-et-ramses-kefi-mediapart-collectif-editions\/"},"author":{"name":"Laurent Bisault","@id":"https:\/\/surbooke.fr\/wordpress\/#\/schema\/person\/9c6be4d35203c76182c56b0e974807c6"},"headline":"Les comploteurs, Antton Rouget et Rams\u00e8s Kefi, Mediapart &amp; Collectif \u00c9ditions","datePublished":"2026-01-25T16:44:54+00:00","dateModified":"2026-01-25T16:44:59+00:00","mainEntityOfPage":{"@id":"https:\/\/surbooke.fr\/wordpress\/2026\/01\/25\/les-comploteurs-antton-rouget-et-ramses-kefi-mediapart-collectif-editions\/"},"wordCount":1348,"commentCount":2,"image":{"@id":"https:\/\/surbooke.fr\/wordpress\/2026\/01\/25\/les-comploteurs-antton-rouget-et-ramses-kefi-mediapart-collectif-editions\/#primaryimage"},"thumbnailUrl":"https:\/\/surbooke.fr\/wordpress\/wp-content\/uploads\/2026\/01\/Les-compoteurs-e1769244814603.jpg","keywords":["Mediapart &amp; Collectif \u00c9ditions"],"articleSection":["Enqu\u00eate","roman noir","\ud83e\udd0d\ud83e\udd0d"],"inLanguage":"fr-FR","potentialAction":[{"@type":"CommentAction","name":"Comment","target":["https:\/\/surbooke.fr\/wordpress\/2026\/01\/25\/les-comploteurs-antton-rouget-et-ramses-kefi-mediapart-collectif-editions\/#respond"]}]},{"@type":"WebPage","@id":"https:\/\/surbooke.fr\/wordpress\/2026\/01\/25\/les-comploteurs-antton-rouget-et-ramses-kefi-mediapart-collectif-editions\/","url":"https:\/\/surbooke.fr\/wordpress\/2026\/01\/25\/les-comploteurs-antton-rouget-et-ramses-kefi-mediapart-collectif-editions\/","name":"Les comploteurs, Antton Rouget et Rams\u00e8s Kefi, Mediapart &amp; Collectif \u00c9ditions - Surbook\u00e9","isPartOf":{"@id":"https:\/\/surbooke.fr\/wordpress\/#website"},"primaryImageOfPage":{"@id":"https:\/\/surbooke.fr\/wordpress\/2026\/01\/25\/les-comploteurs-antton-rouget-et-ramses-kefi-mediapart-collectif-editions\/#primaryimage"},"image":{"@id":"https:\/\/surbooke.fr\/wordpress\/2026\/01\/25\/les-comploteurs-antton-rouget-et-ramses-kefi-mediapart-collectif-editions\/#primaryimage"},"thumbnailUrl":"https:\/\/surbooke.fr\/wordpress\/wp-content\/uploads\/2026\/01\/Les-compoteurs-e1769244814603.jpg","datePublished":"2026-01-25T16:44:54+00:00","dateModified":"2026-01-25T16:44:59+00:00","author":{"@id":"https:\/\/surbooke.fr\/wordpress\/#\/schema\/person\/9c6be4d35203c76182c56b0e974807c6"},"description":"L'affaire de la sextape de Saint-\u00c9tienne racont\u00e9e par les journalistes de Mediapart. Un r\u00e9cit addictif d'une des pires saloperies commises par un maire pr\u00eat \u00e0 tout pour sa carri\u00e8re politique.","breadcrumb":{"@id":"https:\/\/surbooke.fr\/wordpress\/2026\/01\/25\/les-comploteurs-antton-rouget-et-ramses-kefi-mediapart-collectif-editions\/#breadcrumb"},"inLanguage":"fr-FR","potentialAction":[{"@type":"ReadAction","target":["https:\/\/surbooke.fr\/wordpress\/2026\/01\/25\/les-comploteurs-antton-rouget-et-ramses-kefi-mediapart-collectif-editions\/"]}]},{"@type":"ImageObject","inLanguage":"fr-FR","@id":"https:\/\/surbooke.fr\/wordpress\/2026\/01\/25\/les-comploteurs-antton-rouget-et-ramses-kefi-mediapart-collectif-editions\/#primaryimage","url":"https:\/\/surbooke.fr\/wordpress\/wp-content\/uploads\/2026\/01\/Les-compoteurs-e1769244814603.jpg","contentUrl":"https:\/\/surbooke.fr\/wordpress\/wp-content\/uploads\/2026\/01\/Les-compoteurs-e1769244814603.jpg","width":400,"height":607},{"@type":"BreadcrumbList","@id":"https:\/\/surbooke.fr\/wordpress\/2026\/01\/25\/les-comploteurs-antton-rouget-et-ramses-kefi-mediapart-collectif-editions\/#breadcrumb","itemListElement":[{"@type":"ListItem","position":1,"name":"Accueil","item":"https:\/\/surbooke.fr\/wordpress\/"},{"@type":"ListItem","position":2,"name":"Les comploteurs, Antton Rouget et Rams\u00e8s Kefi, Mediapart &amp; Collectif \u00c9ditions"}]},{"@type":"WebSite","@id":"https:\/\/surbooke.fr\/wordpress\/#website","url":"https:\/\/surbooke.fr\/wordpress\/","name":"Surbook\u00e9","description":"Le blog de Laurent Bisault","potentialAction":[{"@type":"SearchAction","target":{"@type":"EntryPoint","urlTemplate":"https:\/\/surbooke.fr\/wordpress\/?s={search_term_string}"},"query-input":{"@type":"PropertyValueSpecification","valueRequired":true,"valueName":"search_term_string"}}],"inLanguage":"fr-FR"},{"@type":"Person","@id":"https:\/\/surbooke.fr\/wordpress\/#\/schema\/person\/9c6be4d35203c76182c56b0e974807c6","name":"Laurent Bisault","image":{"@type":"ImageObject","inLanguage":"fr-FR","@id":"https:\/\/secure.gravatar.com\/avatar\/3bcd2efdfc3a3e416bea3223d3dfcd7f8845e2ca0669671d0c7ed8e84e97bfc4?s=96&d=mm&r=g","url":"https:\/\/secure.gravatar.com\/avatar\/3bcd2efdfc3a3e416bea3223d3dfcd7f8845e2ca0669671d0c7ed8e84e97bfc4?s=96&d=mm&r=g","contentUrl":"https:\/\/secure.gravatar.com\/avatar\/3bcd2efdfc3a3e416bea3223d3dfcd7f8845e2ca0669671d0c7ed8e84e97bfc4?s=96&d=mm&r=g","caption":"Laurent Bisault"},"sameAs":["https:\/\/surbooke.fr\/wordpress\/","https:\/\/x.com\/LaurentBisault"],"url":"https:\/\/surbooke.fr\/wordpress\/author\/surbooke\/"}]}},"_links":{"self":[{"href":"https:\/\/surbooke.fr\/wordpress\/wp-json\/wp\/v2\/posts\/35027","targetHints":{"allow":["GET"]}}],"collection":[{"href":"https:\/\/surbooke.fr\/wordpress\/wp-json\/wp\/v2\/posts"}],"about":[{"href":"https:\/\/surbooke.fr\/wordpress\/wp-json\/wp\/v2\/types\/post"}],"author":[{"embeddable":true,"href":"https:\/\/surbooke.fr\/wordpress\/wp-json\/wp\/v2\/users\/8"}],"replies":[{"embeddable":true,"href":"https:\/\/surbooke.fr\/wordpress\/wp-json\/wp\/v2\/comments?post=35027"}],"version-history":[{"count":0,"href":"https:\/\/surbooke.fr\/wordpress\/wp-json\/wp\/v2\/posts\/35027\/revisions"}],"wp:featuredmedia":[{"embeddable":true,"href":"https:\/\/surbooke.fr\/wordpress\/wp-json\/wp\/v2\/media\/35039"}],"wp:attachment":[{"href":"https:\/\/surbooke.fr\/wordpress\/wp-json\/wp\/v2\/media?parent=35027"}],"wp:term":[{"taxonomy":"category","embeddable":true,"href":"https:\/\/surbooke.fr\/wordpress\/wp-json\/wp\/v2\/categories?post=35027"},{"taxonomy":"post_tag","embeddable":true,"href":"https:\/\/surbooke.fr\/wordpress\/wp-json\/wp\/v2\/tags?post=35027"}],"curies":[{"name":"wp","href":"https:\/\/api.w.org\/{rel}","templated":true}]}}