{"id":37204,"date":"2026-08-31T19:33:07","date_gmt":"2026-08-31T17:33:07","guid":{"rendered":"https:\/\/surbooke.fr\/wordpress\/?p=37204"},"modified":"2026-08-31T19:40:40","modified_gmt":"2026-08-31T17:40:40","slug":"ne-cherche-pas-le-chaos-marion-brunet-editions-albin-michel","status":"publish","type":"post","link":"https:\/\/surbooke.fr\/wordpress\/2026\/08\/31\/ne-cherche-pas-le-chaos-marion-brunet-editions-albin-michel\/","title":{"rendered":"Ne cherche pas le chaos, Marion Brunet, \u00c9ditions Albin Michel"},"content":{"rendered":"\n<p><strong>Pablo<\/strong> <strong>soixante<\/strong> <strong>ans<\/strong> <strong>revient<\/strong> <strong>\u00e0<\/strong> <strong>Santiago<\/strong> <strong>du<\/strong> <strong>Chili<\/strong>. Ici c&rsquo;\u00e9tait chez lui, \u00e7a ne l&rsquo;est plus depuis qu&rsquo;il en est parti en 1990. \u00c0 peine arriv\u00e9 les souvenirs affluent. Les R\u00e9plica qu&rsquo;il s&rsquo;envoyait, la langue, les odeurs, la <em>cumbia<\/em> qui sortait des haut-parleurs, les filles aux yeux noirs. Sa fille Victoria l&rsquo;a pr\u00e9c\u00e9d\u00e9, il veut la retrouver. Elle a dix-huit ans, elle a grandi en France, elle lui a demand\u00e9 de cesser de fuir son histoire. Celle d&rsquo;un homme longtemps emprisonn\u00e9, ce qui signifiait \u00e0 cette \u00e9poque la torture toujours et parfois la mort. Pourtant quand Pablo est mont\u00e9 dans l&rsquo;avion en 1990, rien ne l&#8217;emp\u00eachait de rester. Avec le retour de la d\u00e9mocratie il n&rsquo;\u00e9tait plus en danger. En France il a rencontr\u00e9 Florence qui fut folle de cet \u00eatre capable d&rsquo;\u00e9tendre un homme \u00e0 coups de poing. Au Chili la vie de Pablo avait bascul\u00e9 le 11 septembre 1973, le jour de la mort de Salvador Allende. Sa m\u00e8re ne savait encore rien de ce qui se passait dans les stades, les viols, les po\u00e8tes \u00e9mascul\u00e9s, les doigts coup\u00e9s, les balles dans la t\u00eate. Elle \u00e9tait donc partie \u00e0 Santiago chercher Rub\u00e9n et Marta son fils et sa fille. Pablo avait huit ans, il \u00e9tait trop jeune pour \u00eatre directement menac\u00e9. Ce n&rsquo;\u00e9tait que partie remise.<\/p>\n\n\n\n<blockquote class=\"wp-block-quote is-layout-flow wp-block-quote-is-layout-flow\">\n<p class=\"has-medium-font-size\">Marion Brunet n&rsquo;a aucune racine chilienne <\/p>\n<\/blockquote>\n\n\n\n<p>Plus je lis cette autrice, plus je l&rsquo;appr\u00e9cie. J&rsquo;ai d\u00e9couvert Marion Brunet en lisant <em>Vanda<\/em>, un roman noir sur une femme qui \u00e9l\u00e8vait seule son fils. Puis vint <em>Nos<\/em> <em>armes<\/em> une exceptionnelle histoire d&rsquo;amour entre deux femmes au mitan des ann\u00e9es quatre-vingt-dix. Un bouquin qui ne s&rsquo;oublie pas. Elle r\u00e9cidive avec le parcours d&rsquo;un Chilien rescap\u00e9 de la barbarie fasciste qui, une fois lib\u00e9r\u00e9, se r\u00e9fugie en France. La parution de <em>Ne<\/em> <em>cherche<\/em> <em>pas le chaos<\/em> a amen\u00e9 certains \u00e0 se demander si Marion Brunet n&rsquo;avait pas troqu\u00e9 la litt\u00e9rature noire pour la \u00ab blanche \u00bb. Je ne per\u00e7ois aucun changement important entre ses deux derniers bouquins. Ils ont tous les deux un ancrage historique fort et de tr\u00e8s beaux personnages. <em>Ne<\/em> <em>cherche<\/em> <em>pas<\/em> <em>le<\/em> <em>chaos<\/em> c&rsquo;est tout autant l&rsquo;histoire de la dictature de Pinochet, que celle d&rsquo;un homme qui s&rsquo;enferme dans le silence en refusant de raconter ce qu&rsquo;il a v\u00e9cu \u00e0 sa fille. L&rsquo;\u00e9l\u00e9ment le plus surprenant de ce roman est que Marion Brunet n&rsquo;a aucune racine chilienne. Elle n&rsquo;\u00e9tait pas non plus n\u00e9e en 1973. Sa rencontre avec le Chili est pass\u00e9e par un disque qui lui \u00e9tait consacr\u00e9. Et cette d\u00e9couverte a amen\u00e9e l&rsquo;ancienne \u00e9ducatrice sp\u00e9cialis\u00e9e de l&rsquo;autre c\u00f4t\u00e9 de la Cordill\u00e8re des Andes. C&rsquo;est pourquoi on se r\u00e9gale du voyage retour de Pablo jusqu&rsquo;\u00e0 Valparaiso. Il fallait qu&rsquo;il l&rsquo;aime Victoria pour revenir l\u00e0 o\u00f9 l&rsquo;indicible s&rsquo;\u00e9tait produit au point d&rsquo;encore se r\u00e9veiller la nuit en hurlant. Il fallait qu&rsquo;il aime celle dont il s&rsquo;\u00e9tait tant occup\u00e9 d\u00e8s sa naissance, un choix qu&rsquo;il n&rsquo;avait jamais regrett\u00e9. Ni en la promenant sur le chemin des douaniers en Bretagne o\u00f9 ils s&rsquo;\u00e9taient install\u00e9s avec sa compagne Florence. Ni en gardant Victoria avec lui quand le couple avait \u00e9clat\u00e9. Mais m\u00eame en ayant retrouv\u00e9 sa fille dans son pays natal, l&rsquo;apaisement n&rsquo;est pas garanti. Jos\u00e9 Antonio Kast le candidat de l&rsquo;extr\u00eame droite a \u00e9t\u00e9 \u00e9lu pr\u00e9sident de la R\u00e9publique en 2026. Pourtant dans ce pays les habitants ne peuvent pas dire qu&rsquo;ils ne sont pas pr\u00e9venus.<\/p>\n\n\n\n<p><strong>Qu&rsquo;en<\/strong> <strong>dit<\/strong> <em><strong>Bibliosurf<\/strong><\/em> <strong>?<\/strong><br><a href=\"https:\/\/www.bibliosurf.com\/Ne-cherche-pas-le-chaos.html\">https:\/\/www.bibliosurf.com\/Ne-cherche-pas-le-chaos.html<\/a><\/p>\n\n\n\n<p><strong>Vous<\/strong> <strong>pourriez<\/strong> <strong>aussi<\/strong> <strong>appr\u00e9cier<\/strong><\/p>\n\n\n\n<figure class=\"wp-block-embed is-type-wp-embed is-provider-surbook wp-block-embed-surbook\"><div class=\"wp-block-embed__wrapper\">\n<blockquote class=\"wp-embedded-content\" data-secret=\"nIXhy2ZnAn\"><a href=\"https:\/\/surbooke.fr\/wordpress\/2021\/05\/19\/vanda-marion-brunet-editions-albin-michel\/\">Vanda, Marion Brunet, \u00c9ditions Albin Michel<\/a><\/blockquote><iframe loading=\"lazy\" class=\"wp-embedded-content\" sandbox=\"allow-scripts\" security=\"restricted\" style=\"position: absolute; visibility: hidden;\" title=\"\u00ab\u00a0Vanda, Marion Brunet, \u00c9ditions Albin Michel\u00a0\u00bb &#8212; Surbook\u00e9\" src=\"https:\/\/surbooke.fr\/wordpress\/2021\/05\/19\/vanda-marion-brunet-editions-albin-michel\/embed\/#?secret=bqmSVbZHTS#?secret=nIXhy2ZnAn\" data-secret=\"nIXhy2ZnAn\" width=\"600\" height=\"338\" frameborder=\"0\" marginwidth=\"0\" marginheight=\"0\" scrolling=\"no\"><\/iframe>\n<\/div><\/figure>\n\n\n\n<figure class=\"wp-block-embed is-type-wp-embed is-provider-surbook wp-block-embed-surbook\"><div class=\"wp-block-embed__wrapper\">\n<blockquote class=\"wp-embedded-content\" data-secret=\"YPWjgHtXOE\"><a href=\"https:\/\/surbooke.fr\/wordpress\/2025\/01\/14\/nos-armes-marion-brunet-editions-albin-michel\/\">Nos armes, Marion Brunet, \u00c9ditions Albin Michel<\/a><\/blockquote><iframe loading=\"lazy\" class=\"wp-embedded-content\" sandbox=\"allow-scripts\" security=\"restricted\" style=\"position: absolute; visibility: hidden;\" title=\"\u00ab\u00a0Nos armes, Marion Brunet, \u00c9ditions Albin Michel\u00a0\u00bb &#8212; Surbook\u00e9\" src=\"https:\/\/surbooke.fr\/wordpress\/2025\/01\/14\/nos-armes-marion-brunet-editions-albin-michel\/embed\/#?secret=TbP3yZbpmf#?secret=YPWjgHtXOE\" data-secret=\"YPWjgHtXOE\" width=\"600\" height=\"338\" frameborder=\"0\" marginwidth=\"0\" marginheight=\"0\" scrolling=\"no\"><\/iframe>\n<\/div><\/figure>\n\n\n\n<figure class=\"wp-block-embed is-type-wp-embed is-provider-surbook wp-block-embed-surbook\"><div class=\"wp-block-embed__wrapper\">\n<blockquote class=\"wp-embedded-content\" data-secret=\"IR70Re7063\"><a href=\"https:\/\/surbooke.fr\/wordpress\/2024\/12\/01\/moneda-stephane-keller-editions-du-toucan\/\">Moneda, St\u00e9phane Keller, \u00c9ditions du Toucan<\/a><\/blockquote><iframe loading=\"lazy\" class=\"wp-embedded-content\" sandbox=\"allow-scripts\" security=\"restricted\" style=\"position: absolute; visibility: hidden;\" title=\"\u00ab\u00a0Moneda, St\u00e9phane Keller, \u00c9ditions du Toucan\u00a0\u00bb &#8212; Surbook\u00e9\" src=\"https:\/\/surbooke.fr\/wordpress\/2024\/12\/01\/moneda-stephane-keller-editions-du-toucan\/embed\/#?secret=UWPM08Du54#?secret=IR70Re7063\" data-secret=\"IR70Re7063\" width=\"600\" height=\"338\" frameborder=\"0\" marginwidth=\"0\" marginheight=\"0\" scrolling=\"no\"><\/iframe>\n<\/div><\/figure>\n\n\n\n<div style=\"padding:20px\" class=\"wp-block-tnp-minimal\"><p><strong>Abonnez-vous<\/strong> <strong>pour<\/strong> <strong>\u00eatre<\/strong> <strong>inform\u00e9<\/strong> <strong>des<\/strong> <strong>nouvelles<\/strong> <strong>chroniques<\/strong> <strong>!<\/strong><\/p><div><div class=\"tnp tnp-subscription-minimal  \"><form action=\"https:\/\/surbooke.fr\/wordpress\/wp-admin\/admin-ajax.php?action=tnp&amp;na=s\" method=\"post\" style=\"text-align: center\"><input type=\"hidden\" name=\"nr\" value=\"minimal\">\n<input type=\"hidden\" name=\"nlang\" value=\"\">\n<input class=\"tnp-email\" type=\"email\" required name=\"ne\" value=\"\" placeholder=\"Email\"><input class=\"tnp-submit\" type=\"submit\" value=\"S&#039;abonner\" style=\"\">\n<div class=\"tnp-field tnp-privacy-field\"><label><input type=\"checkbox\" name=\"ny\" required class=\"tnp-privacy\"> En continuant, vous acceptez la politique de confidentialit\u00e9<\/label><\/div><\/form><\/div>\n<\/div><\/div>\n","protected":false},"excerpt":{"rendered":"<p>Pablo soixante ans revient \u00e0 Santiago du Chili. Ici c&rsquo;\u00e9tait chez lui, \u00e7a ne l&rsquo;est plus depuis qu&rsquo;il en est parti en 1990. \u00c0 peine arriv\u00e9 les souvenirs affluent. Les R\u00e9plica qu&rsquo;il s&rsquo;envoyait, la langue, les odeurs, la cumbia qui sortait des haut-parleurs, les filles aux yeux noirs. Sa fille Victoria l&rsquo;a pr\u00e9c\u00e9d\u00e9, il veut [&hellip;]<\/p>\n","protected":false},"author":8,"featured_media":37206,"comment_status":"open","ping_status":"open","sticky":false,"template":"","format":"standard","meta":{"footnotes":""},"categories":[203,2,3],"tags":[21],"class_list":["post-37204","post","type-post","status-publish","format-standard","has-post-thumbnail","hentry","category-roman-chilien-","category-roman-noir","category-coup-de-coeur","tag-albin-michel"],"yoast_head":"<!-- This site is optimized with the Yoast SEO plugin v28.2 - https:\/\/yoast.com\/product\/yoast-seo-wordpress\/ -->\n<title>Ne cherche pas le chaos, Marion Brunet, \u00c9ditions Albin Michel - Surbook\u00e9<\/title>\n<meta name=\"description\" content=\"Pablo a quitt\u00e9 le Chili en 1990 apr\u00e8s sept ann\u00e9es pass\u00e9es dans les ge\u00f4les de Pinochet. Il y retourne en 2026 \u00e0 la recherche de sa fille \u00e0 qui il n&#039;a jamais rien racont\u00e9. Apr\u00e8s Nos armes, une nouvelle r\u00e9ussite exceptionnelle de Marion Brunet.\" \/>\n<meta name=\"robots\" content=\"index, follow, max-snippet:-1, max-image-preview:large, max-video-preview:-1\" \/>\n<link rel=\"canonical\" href=\"https:\/\/surbooke.fr\/wordpress\/2026\/08\/31\/ne-cherche-pas-le-chaos-marion-brunet-editions-albin-michel\/\" \/>\n<meta property=\"og:locale\" content=\"fr_FR\" \/>\n<meta property=\"og:type\" content=\"article\" \/>\n<meta property=\"og:title\" content=\"Ne cherche pas le chaos, Marion Brunet, \u00c9ditions Albin Michel - Surbook\u00e9\" \/>\n<meta property=\"og:description\" content=\"Pablo a quitt\u00e9 le Chili en 1990 apr\u00e8s sept ann\u00e9es pass\u00e9es dans les ge\u00f4les de Pinochet. Il y retourne en 2026 \u00e0 la recherche de sa fille \u00e0 qui il n&#039;a jamais rien racont\u00e9. Apr\u00e8s Nos armes, une nouvelle r\u00e9ussite exceptionnelle de Marion Brunet.\" \/>\n<meta property=\"og:url\" content=\"https:\/\/surbooke.fr\/wordpress\/2026\/08\/31\/ne-cherche-pas-le-chaos-marion-brunet-editions-albin-michel\/\" \/>\n<meta property=\"og:site_name\" content=\"Surbook\u00e9\" \/>\n<meta property=\"article:published_time\" content=\"2026-08-31T17:33:07+00:00\" \/>\n<meta property=\"article:modified_time\" content=\"2026-08-31T17:40:40+00:00\" \/>\n<meta property=\"og:image\" content=\"https:\/\/surbooke.fr\/wordpress\/wp-content\/uploads\/2026\/08\/Ne-cherche-pas-le-chaos-e1787849491109.png\" \/>\n\t<meta property=\"og:image:width\" content=\"400\" \/>\n\t<meta property=\"og:image:height\" content=\"650\" \/>\n\t<meta property=\"og:image:type\" content=\"image\/png\" \/>\n<meta name=\"author\" content=\"Laurent Bisault\" \/>\n<meta name=\"twitter:card\" content=\"summary_large_image\" \/>\n<meta name=\"twitter:creator\" content=\"@LaurentBisault\" \/>\n<meta name=\"twitter:label1\" content=\"\u00c9crit par\" \/>\n\t<meta name=\"twitter:data1\" content=\"Laurent Bisault\" \/>\n\t<meta name=\"twitter:label2\" content=\"Dur\u00e9e de lecture estim\u00e9e\" \/>\n\t<meta name=\"twitter:data2\" content=\"4 minutes\" \/>\n<script type=\"application\/ld+json\" class=\"yoast-schema-graph\">{\"@context\":\"https:\\\/\\\/schema.org\",\"@graph\":[{\"@type\":\"Article\",\"@id\":\"https:\\\/\\\/surbooke.fr\\\/wordpress\\\/2026\\\/08\\\/31\\\/ne-cherche-pas-le-chaos-marion-brunet-editions-albin-michel\\\/#article\",\"isPartOf\":{\"@id\":\"https:\\\/\\\/surbooke.fr\\\/wordpress\\\/2026\\\/08\\\/31\\\/ne-cherche-pas-le-chaos-marion-brunet-editions-albin-michel\\\/\"},\"author\":{\"name\":\"Laurent Bisault\",\"@id\":\"https:\\\/\\\/surbooke.fr\\\/wordpress\\\/#\\\/schema\\\/person\\\/9c6be4d35203c76182c56b0e974807c6\"},\"headline\":\"Ne cherche pas le chaos, Marion Brunet, \u00c9ditions Albin Michel\",\"datePublished\":\"2026-08-31T17:33:07+00:00\",\"dateModified\":\"2026-08-31T17:40:40+00:00\",\"mainEntityOfPage\":{\"@id\":\"https:\\\/\\\/surbooke.fr\\\/wordpress\\\/2026\\\/08\\\/31\\\/ne-cherche-pas-le-chaos-marion-brunet-editions-albin-michel\\\/\"},\"wordCount\":681,\"commentCount\":0,\"image\":{\"@id\":\"https:\\\/\\\/surbooke.fr\\\/wordpress\\\/2026\\\/08\\\/31\\\/ne-cherche-pas-le-chaos-marion-brunet-editions-albin-michel\\\/#primaryimage\"},\"thumbnailUrl\":\"https:\\\/\\\/surbooke.fr\\\/wordpress\\\/wp-content\\\/uploads\\\/2026\\\/08\\\/Ne-cherche-pas-le-chaos-e1787849491109.png\",\"keywords\":[\"Albin Michel\"],\"articleSection\":[\"roman chilien \ud83c\udde8\ud83c\uddf1\",\"roman noir\",\"\ud83e\udd0d\"],\"inLanguage\":\"fr-FR\",\"potentialAction\":[{\"@type\":\"CommentAction\",\"name\":\"Comment\",\"target\":[\"https:\\\/\\\/surbooke.fr\\\/wordpress\\\/2026\\\/08\\\/31\\\/ne-cherche-pas-le-chaos-marion-brunet-editions-albin-michel\\\/#respond\"]}]},{\"@type\":\"WebPage\",\"@id\":\"https:\\\/\\\/surbooke.fr\\\/wordpress\\\/2026\\\/08\\\/31\\\/ne-cherche-pas-le-chaos-marion-brunet-editions-albin-michel\\\/\",\"url\":\"https:\\\/\\\/surbooke.fr\\\/wordpress\\\/2026\\\/08\\\/31\\\/ne-cherche-pas-le-chaos-marion-brunet-editions-albin-michel\\\/\",\"name\":\"Ne cherche pas le chaos, Marion Brunet, \u00c9ditions Albin Michel - Surbook\u00e9\",\"isPartOf\":{\"@id\":\"https:\\\/\\\/surbooke.fr\\\/wordpress\\\/#website\"},\"primaryImageOfPage\":{\"@id\":\"https:\\\/\\\/surbooke.fr\\\/wordpress\\\/2026\\\/08\\\/31\\\/ne-cherche-pas-le-chaos-marion-brunet-editions-albin-michel\\\/#primaryimage\"},\"image\":{\"@id\":\"https:\\\/\\\/surbooke.fr\\\/wordpress\\\/2026\\\/08\\\/31\\\/ne-cherche-pas-le-chaos-marion-brunet-editions-albin-michel\\\/#primaryimage\"},\"thumbnailUrl\":\"https:\\\/\\\/surbooke.fr\\\/wordpress\\\/wp-content\\\/uploads\\\/2026\\\/08\\\/Ne-cherche-pas-le-chaos-e1787849491109.png\",\"datePublished\":\"2026-08-31T17:33:07+00:00\",\"dateModified\":\"2026-08-31T17:40:40+00:00\",\"author\":{\"@id\":\"https:\\\/\\\/surbooke.fr\\\/wordpress\\\/#\\\/schema\\\/person\\\/9c6be4d35203c76182c56b0e974807c6\"},\"description\":\"Pablo a quitt\u00e9 le Chili en 1990 apr\u00e8s sept ann\u00e9es pass\u00e9es dans les ge\u00f4les de Pinochet. Il y retourne en 2026 \u00e0 la recherche de sa fille \u00e0 qui il n'a jamais rien racont\u00e9. Apr\u00e8s Nos armes, une nouvelle r\u00e9ussite exceptionnelle de Marion Brunet.\",\"breadcrumb\":{\"@id\":\"https:\\\/\\\/surbooke.fr\\\/wordpress\\\/2026\\\/08\\\/31\\\/ne-cherche-pas-le-chaos-marion-brunet-editions-albin-michel\\\/#breadcrumb\"},\"inLanguage\":\"fr-FR\",\"potentialAction\":[{\"@type\":\"ReadAction\",\"target\":[\"https:\\\/\\\/surbooke.fr\\\/wordpress\\\/2026\\\/08\\\/31\\\/ne-cherche-pas-le-chaos-marion-brunet-editions-albin-michel\\\/\"]}]},{\"@type\":\"ImageObject\",\"inLanguage\":\"fr-FR\",\"@id\":\"https:\\\/\\\/surbooke.fr\\\/wordpress\\\/2026\\\/08\\\/31\\\/ne-cherche-pas-le-chaos-marion-brunet-editions-albin-michel\\\/#primaryimage\",\"url\":\"https:\\\/\\\/surbooke.fr\\\/wordpress\\\/wp-content\\\/uploads\\\/2026\\\/08\\\/Ne-cherche-pas-le-chaos-e1787849491109.png\",\"contentUrl\":\"https:\\\/\\\/surbooke.fr\\\/wordpress\\\/wp-content\\\/uploads\\\/2026\\\/08\\\/Ne-cherche-pas-le-chaos-e1787849491109.png\",\"width\":400,\"height\":650},{\"@type\":\"BreadcrumbList\",\"@id\":\"https:\\\/\\\/surbooke.fr\\\/wordpress\\\/2026\\\/08\\\/31\\\/ne-cherche-pas-le-chaos-marion-brunet-editions-albin-michel\\\/#breadcrumb\",\"itemListElement\":[{\"@type\":\"ListItem\",\"position\":1,\"name\":\"Accueil\",\"item\":\"https:\\\/\\\/surbooke.fr\\\/wordpress\\\/\"},{\"@type\":\"ListItem\",\"position\":2,\"name\":\"Ne cherche pas le chaos, Marion Brunet, \u00c9ditions Albin Michel\"}]},{\"@type\":\"WebSite\",\"@id\":\"https:\\\/\\\/surbooke.fr\\\/wordpress\\\/#website\",\"url\":\"https:\\\/\\\/surbooke.fr\\\/wordpress\\\/\",\"name\":\"Surbook\u00e9\",\"description\":\"Le blog de Laurent Bisault\",\"potentialAction\":[{\"@type\":\"SearchAction\",\"target\":{\"@type\":\"EntryPoint\",\"urlTemplate\":\"https:\\\/\\\/surbooke.fr\\\/wordpress\\\/?s={search_term_string}\"},\"query-input\":{\"@type\":\"PropertyValueSpecification\",\"valueRequired\":true,\"valueName\":\"search_term_string\"}}],\"inLanguage\":\"fr-FR\"},{\"@type\":\"Person\",\"@id\":\"https:\\\/\\\/surbooke.fr\\\/wordpress\\\/#\\\/schema\\\/person\\\/9c6be4d35203c76182c56b0e974807c6\",\"name\":\"Laurent Bisault\",\"image\":{\"@type\":\"ImageObject\",\"inLanguage\":\"fr-FR\",\"@id\":\"https:\\\/\\\/secure.gravatar.com\\\/avatar\\\/3bcd2efdfc3a3e416bea3223d3dfcd7f8845e2ca0669671d0c7ed8e84e97bfc4?s=96&d=mm&r=g\",\"url\":\"https:\\\/\\\/secure.gravatar.com\\\/avatar\\\/3bcd2efdfc3a3e416bea3223d3dfcd7f8845e2ca0669671d0c7ed8e84e97bfc4?s=96&d=mm&r=g\",\"contentUrl\":\"https:\\\/\\\/secure.gravatar.com\\\/avatar\\\/3bcd2efdfc3a3e416bea3223d3dfcd7f8845e2ca0669671d0c7ed8e84e97bfc4?s=96&d=mm&r=g\",\"caption\":\"Laurent Bisault\"},\"sameAs\":[\"https:\\\/\\\/surbooke.fr\\\/wordpress\\\/\",\"https:\\\/\\\/x.com\\\/LaurentBisault\"],\"url\":\"https:\\\/\\\/surbooke.fr\\\/wordpress\\\/author\\\/surbooke\\\/\"}]}<\/script>\n<!-- \/ Yoast SEO plugin. -->","yoast_head_json":{"title":"Ne cherche pas le chaos, Marion Brunet, \u00c9ditions Albin Michel - Surbook\u00e9","description":"Pablo a quitt\u00e9 le Chili en 1990 apr\u00e8s sept ann\u00e9es pass\u00e9es dans les ge\u00f4les de Pinochet. Il y retourne en 2026 \u00e0 la recherche de sa fille \u00e0 qui il n'a jamais rien racont\u00e9. Apr\u00e8s Nos armes, une nouvelle r\u00e9ussite exceptionnelle de Marion Brunet.","robots":{"index":"index","follow":"follow","max-snippet":"max-snippet:-1","max-image-preview":"max-image-preview:large","max-video-preview":"max-video-preview:-1"},"canonical":"https:\/\/surbooke.fr\/wordpress\/2026\/08\/31\/ne-cherche-pas-le-chaos-marion-brunet-editions-albin-michel\/","og_locale":"fr_FR","og_type":"article","og_title":"Ne cherche pas le chaos, Marion Brunet, \u00c9ditions Albin Michel - Surbook\u00e9","og_description":"Pablo a quitt\u00e9 le Chili en 1990 apr\u00e8s sept ann\u00e9es pass\u00e9es dans les ge\u00f4les de Pinochet. Il y retourne en 2026 \u00e0 la recherche de sa fille \u00e0 qui il n'a jamais rien racont\u00e9. Apr\u00e8s Nos armes, une nouvelle r\u00e9ussite exceptionnelle de Marion Brunet.","og_url":"https:\/\/surbooke.fr\/wordpress\/2026\/08\/31\/ne-cherche-pas-le-chaos-marion-brunet-editions-albin-michel\/","og_site_name":"Surbook\u00e9","article_published_time":"2026-08-31T17:33:07+00:00","article_modified_time":"2026-08-31T17:40:40+00:00","og_image":[{"width":400,"height":650,"url":"https:\/\/surbooke.fr\/wordpress\/wp-content\/uploads\/2026\/08\/Ne-cherche-pas-le-chaos-e1787849491109.png","type":"image\/png"}],"author":"Laurent Bisault","twitter_card":"summary_large_image","twitter_creator":"@LaurentBisault","twitter_misc":{"\u00c9crit par":"Laurent Bisault","Dur\u00e9e de lecture estim\u00e9e":"4 minutes"},"schema":{"@context":"https:\/\/schema.org","@graph":[{"@type":"Article","@id":"https:\/\/surbooke.fr\/wordpress\/2026\/08\/31\/ne-cherche-pas-le-chaos-marion-brunet-editions-albin-michel\/#article","isPartOf":{"@id":"https:\/\/surbooke.fr\/wordpress\/2026\/08\/31\/ne-cherche-pas-le-chaos-marion-brunet-editions-albin-michel\/"},"author":{"name":"Laurent Bisault","@id":"https:\/\/surbooke.fr\/wordpress\/#\/schema\/person\/9c6be4d35203c76182c56b0e974807c6"},"headline":"Ne cherche pas le chaos, Marion Brunet, \u00c9ditions Albin Michel","datePublished":"2026-08-31T17:33:07+00:00","dateModified":"2026-08-31T17:40:40+00:00","mainEntityOfPage":{"@id":"https:\/\/surbooke.fr\/wordpress\/2026\/08\/31\/ne-cherche-pas-le-chaos-marion-brunet-editions-albin-michel\/"},"wordCount":681,"commentCount":0,"image":{"@id":"https:\/\/surbooke.fr\/wordpress\/2026\/08\/31\/ne-cherche-pas-le-chaos-marion-brunet-editions-albin-michel\/#primaryimage"},"thumbnailUrl":"https:\/\/surbooke.fr\/wordpress\/wp-content\/uploads\/2026\/08\/Ne-cherche-pas-le-chaos-e1787849491109.png","keywords":["Albin Michel"],"articleSection":["roman chilien \ud83c\udde8\ud83c\uddf1","roman noir","\ud83e\udd0d"],"inLanguage":"fr-FR","potentialAction":[{"@type":"CommentAction","name":"Comment","target":["https:\/\/surbooke.fr\/wordpress\/2026\/08\/31\/ne-cherche-pas-le-chaos-marion-brunet-editions-albin-michel\/#respond"]}]},{"@type":"WebPage","@id":"https:\/\/surbooke.fr\/wordpress\/2026\/08\/31\/ne-cherche-pas-le-chaos-marion-brunet-editions-albin-michel\/","url":"https:\/\/surbooke.fr\/wordpress\/2026\/08\/31\/ne-cherche-pas-le-chaos-marion-brunet-editions-albin-michel\/","name":"Ne cherche pas le chaos, Marion Brunet, \u00c9ditions Albin Michel - Surbook\u00e9","isPartOf":{"@id":"https:\/\/surbooke.fr\/wordpress\/#website"},"primaryImageOfPage":{"@id":"https:\/\/surbooke.fr\/wordpress\/2026\/08\/31\/ne-cherche-pas-le-chaos-marion-brunet-editions-albin-michel\/#primaryimage"},"image":{"@id":"https:\/\/surbooke.fr\/wordpress\/2026\/08\/31\/ne-cherche-pas-le-chaos-marion-brunet-editions-albin-michel\/#primaryimage"},"thumbnailUrl":"https:\/\/surbooke.fr\/wordpress\/wp-content\/uploads\/2026\/08\/Ne-cherche-pas-le-chaos-e1787849491109.png","datePublished":"2026-08-31T17:33:07+00:00","dateModified":"2026-08-31T17:40:40+00:00","author":{"@id":"https:\/\/surbooke.fr\/wordpress\/#\/schema\/person\/9c6be4d35203c76182c56b0e974807c6"},"description":"Pablo a quitt\u00e9 le Chili en 1990 apr\u00e8s sept ann\u00e9es pass\u00e9es dans les ge\u00f4les de Pinochet. Il y retourne en 2026 \u00e0 la recherche de sa fille \u00e0 qui il n'a jamais rien racont\u00e9. Apr\u00e8s Nos armes, une nouvelle r\u00e9ussite exceptionnelle de Marion Brunet.","breadcrumb":{"@id":"https:\/\/surbooke.fr\/wordpress\/2026\/08\/31\/ne-cherche-pas-le-chaos-marion-brunet-editions-albin-michel\/#breadcrumb"},"inLanguage":"fr-FR","potentialAction":[{"@type":"ReadAction","target":["https:\/\/surbooke.fr\/wordpress\/2026\/08\/31\/ne-cherche-pas-le-chaos-marion-brunet-editions-albin-michel\/"]}]},{"@type":"ImageObject","inLanguage":"fr-FR","@id":"https:\/\/surbooke.fr\/wordpress\/2026\/08\/31\/ne-cherche-pas-le-chaos-marion-brunet-editions-albin-michel\/#primaryimage","url":"https:\/\/surbooke.fr\/wordpress\/wp-content\/uploads\/2026\/08\/Ne-cherche-pas-le-chaos-e1787849491109.png","contentUrl":"https:\/\/surbooke.fr\/wordpress\/wp-content\/uploads\/2026\/08\/Ne-cherche-pas-le-chaos-e1787849491109.png","width":400,"height":650},{"@type":"BreadcrumbList","@id":"https:\/\/surbooke.fr\/wordpress\/2026\/08\/31\/ne-cherche-pas-le-chaos-marion-brunet-editions-albin-michel\/#breadcrumb","itemListElement":[{"@type":"ListItem","position":1,"name":"Accueil","item":"https:\/\/surbooke.fr\/wordpress\/"},{"@type":"ListItem","position":2,"name":"Ne cherche pas le chaos, Marion Brunet, \u00c9ditions Albin Michel"}]},{"@type":"WebSite","@id":"https:\/\/surbooke.fr\/wordpress\/#website","url":"https:\/\/surbooke.fr\/wordpress\/","name":"Surbook\u00e9","description":"Le blog de Laurent Bisault","potentialAction":[{"@type":"SearchAction","target":{"@type":"EntryPoint","urlTemplate":"https:\/\/surbooke.fr\/wordpress\/?s={search_term_string}"},"query-input":{"@type":"PropertyValueSpecification","valueRequired":true,"valueName":"search_term_string"}}],"inLanguage":"fr-FR"},{"@type":"Person","@id":"https:\/\/surbooke.fr\/wordpress\/#\/schema\/person\/9c6be4d35203c76182c56b0e974807c6","name":"Laurent Bisault","image":{"@type":"ImageObject","inLanguage":"fr-FR","@id":"https:\/\/secure.gravatar.com\/avatar\/3bcd2efdfc3a3e416bea3223d3dfcd7f8845e2ca0669671d0c7ed8e84e97bfc4?s=96&d=mm&r=g","url":"https:\/\/secure.gravatar.com\/avatar\/3bcd2efdfc3a3e416bea3223d3dfcd7f8845e2ca0669671d0c7ed8e84e97bfc4?s=96&d=mm&r=g","contentUrl":"https:\/\/secure.gravatar.com\/avatar\/3bcd2efdfc3a3e416bea3223d3dfcd7f8845e2ca0669671d0c7ed8e84e97bfc4?s=96&d=mm&r=g","caption":"Laurent Bisault"},"sameAs":["https:\/\/surbooke.fr\/wordpress\/","https:\/\/x.com\/LaurentBisault"],"url":"https:\/\/surbooke.fr\/wordpress\/author\/surbooke\/"}]}},"_links":{"self":[{"href":"https:\/\/surbooke.fr\/wordpress\/wp-json\/wp\/v2\/posts\/37204","targetHints":{"allow":["GET"]}}],"collection":[{"href":"https:\/\/surbooke.fr\/wordpress\/wp-json\/wp\/v2\/posts"}],"about":[{"href":"https:\/\/surbooke.fr\/wordpress\/wp-json\/wp\/v2\/types\/post"}],"author":[{"embeddable":true,"href":"https:\/\/surbooke.fr\/wordpress\/wp-json\/wp\/v2\/users\/8"}],"replies":[{"embeddable":true,"href":"https:\/\/surbooke.fr\/wordpress\/wp-json\/wp\/v2\/comments?post=37204"}],"version-history":[{"count":2,"href":"https:\/\/surbooke.fr\/wordpress\/wp-json\/wp\/v2\/posts\/37204\/revisions"}],"predecessor-version":[{"id":37248,"href":"https:\/\/surbooke.fr\/wordpress\/wp-json\/wp\/v2\/posts\/37204\/revisions\/37248"}],"wp:featuredmedia":[{"embeddable":true,"href":"https:\/\/surbooke.fr\/wordpress\/wp-json\/wp\/v2\/media\/37206"}],"wp:attachment":[{"href":"https:\/\/surbooke.fr\/wordpress\/wp-json\/wp\/v2\/media?parent=37204"}],"wp:term":[{"taxonomy":"category","embeddable":true,"href":"https:\/\/surbooke.fr\/wordpress\/wp-json\/wp\/v2\/categories?post=37204"},{"taxonomy":"post_tag","embeddable":true,"href":"https:\/\/surbooke.fr\/wordpress\/wp-json\/wp\/v2\/tags?post=37204"}],"curies":[{"name":"wp","href":"https:\/\/api.w.org\/{rel}","templated":true}]}}