{"id":3940,"date":"2020-10-20T11:01:34","date_gmt":"2020-10-20T09:01:34","guid":{"rendered":"http:\/\/surbooke.fr\/wordpress\/?p=3940"},"modified":"2022-07-06T22:36:04","modified_gmt":"2022-07-06T20:36:04","slug":"a-son-ombre-claude-askolovitch-grasset","status":"publish","type":"post","link":"https:\/\/surbooke.fr\/wordpress\/2020\/10\/20\/a-son-ombre-claude-askolovitch-grasset\/","title":{"rendered":"\u00c0 son ombre, Claude Askolovitch, \u00c9ditions Grasset"},"content":{"rendered":"\n<p><strong>Il ne s&rsquo;en est jamais remis<\/strong>. Celui que les plus matinaux \u00e9coutent peut-\u00eatre le matin distiller sa revue de presse sur France Inter pleure sa femme. Val\u00e9rie morte en 2009 apr\u00e8s vingt ans de vie commune et deux enfants. Camille et Th\u00e9o. Val\u00e9rie aussit\u00f4t partie, aussit\u00f4t remplac\u00e9e par Kathleen vingt ans plus jeune que lui, mais Val\u00e9rie jamais oubli\u00e9e. La naissance d&rsquo;Octave et Th\u00e9o n&rsquo;y ont rien chang\u00e9. Un nouveau couple est n\u00e9, la famille s&rsquo;est recompos\u00e9e, Camille et Th\u00e9o ont accept\u00e9 leurs petits fr\u00e8res. De toute fa\u00e7on Camille est rapidement partie faire sa vie, alors que Th\u00e9o est rest\u00e9 au foyer.  \u00ab <em>Je peux encore dessiner Val\u00e9rie dans le vent<\/em> \u00bb \u00e9crit Claude Askolovitch en pr\u00e9ambule de son livre, parfois aga\u00e7ant quand on se dit qu&rsquo;il se compla\u00eet dans le malheur, mais tellement touchant. Claude et Val\u00e9rie c&rsquo;est l&rsquo;histoire d&rsquo;un couple parti pour durer.  \u00ab <em>Dis-moi que je suis la femme de ta vie ! Il n\u2019y a rien de plus beau que de petits vieux qui se donnent la main<\/em>  \u00bb lui murmurait Val\u00e9rie. L&rsquo;histoire c&rsquo;est pourtant achev\u00e9e quand Val\u00e9rie part dans une clinique o\u00f9 l&rsquo;on d\u00e9couvre que ses douleurs provenaient d&rsquo;une tumeur. \u00c9vacuation d&rsquo;urgence vers l&rsquo;h\u00f4pital. Le foie est bousill\u00e9 par les quantit\u00e9s de parac\u00e9tamol ingurgit\u00e9es contre la douleur. Il faudrait une greffe. Fin de l&rsquo;histoire. Claude conserve depuis sur lui la poche de l&rsquo;Assistance publique qui contient les diamants d&rsquo;oreille de Val\u00e9rie. Val\u00e9rie et Claude \u00e9taient deux Juifs assum\u00e9s, respectueux des f\u00eates traditionnelles, <em>Roch Hachana<\/em> et <em>Pessah<\/em>, passant le soir de No\u00ebl au cin\u00e9ma. Val\u00e9rie qui a v\u00e9cu \u00e0 Troyes et Narbonne, mange casher pour ne pas rompre la tradition. Lui s&rsquo;en moque. Claude perp\u00e9tue diff\u00e9remment ce qu&rsquo;ont v\u00e9cu ses parents. Roger son p\u00e8re dirigeait la revue <em>L&rsquo;Arche<\/em>, le mensuel des communaut\u00e9s juives. Sa m\u00e8re est revenue des camps de la mort. Quand Claude et Val\u00e9rie se rencontrent sur un escalator parisien, la vie professionnelle de Claude est toute trac\u00e9e. Journaliste. De gauche comme son p\u00e8re, tendance Montmartre o\u00f9 il va passer sa vie. Val\u00e9rie fille d&rsquo;une militante du PS d\u00e9bute sa carri\u00e8re comme travailleuse sociale en banlieue nord. Elle devient \u00e9ducatrice puis entre \u00e0 SOS-Racisme. Elle qui n&rsquo;a pas fait d&rsquo;\u00e9tudes sup\u00e9rieures progresse vite. Organisation de la primaire de Manuel Valls en 2009, avant de prendre en charge la communication de Jean-Luc M\u00e9lenchon quand il \u00e9tait ministre socialiste de l&rsquo;\u00c9ducation professionnelle. Quand Claude rencontre Kathleen tout va tr\u00e8s vite. Trop ? Claude n&rsquo;a pas fait son deuil. Il singe Val\u00e9rie en mettant du curcuma dans sa cuisine comme elle. Son ordinateur est rempli de souvenirs num\u00e9riques de Val\u00e9rie qu&rsquo;il impose \u00e0 Kathleen.<\/p>\n\n\n\n<blockquote class=\"wp-block-quote has-text-align-center is-style-large is-layout-flow wp-block-quote-is-layout-flow\"><p><em>\u00ab <\/em>Tiens voil\u00e0 le tra\u00eetre<em> \u00bb lui glisse Fran\u00e7ois Hollande<\/em><\/p><\/blockquote>\n\n\n\n<p>Ancien journaliste sportif pass\u00e9 par <em>Le<\/em> <em>Matin de Paris<\/em> et <em>Le Nouvel Observateur<\/em>, le voil\u00e0 propuls\u00e9 dans les organes de presse du groupe Lagard\u00e8re. Europe 1 et le <em>Journal du dimanche<\/em>. Il s&rsquo;y d\u00e9crit comme odieux avec la r\u00e9daction. Alors que Val\u00e9rie n&rsquo;h\u00e9sitait pas \u00e0 lui dire qu&rsquo;il criait trop \u00e0 la radio, il est d\u00e9sormais en concurrence avec Kathleen. Comme journaliste et plus encore comme auteur de livres. Politiquement il s&rsquo;est d\u00e9j\u00e0 perdu en critiquant S\u00e9gol\u00e8ne Royal en 2007, ce qui est son droit. Mais surtout en \u00e9crivant un livre avec \u00c9ric Besson qui allait devenir ministre de l&rsquo;Identit\u00e9 nationale de Sarkozy.  \u00ab <em>Tiens voil\u00e0 le tra\u00eetre <\/em>\u00bb lui glisse Fran\u00e7ois Hollande au dernier meeting de campagne de S\u00e9gol\u00e8ne. Claude appara\u00eet dans <em>Les Guignols de l&rsquo;info<\/em> comme thurif\u00e9raire de Sarko. Il n&rsquo;a pourtant pas franchi le Rubicon en s&rsquo;abstenant \u00e0 la pr\u00e9sidentielle. En 2009 il est vir\u00e9 du JDD pour avoir \u00e9crit des papiers favorables aux Roms. Engag\u00e9 puis \u00e9ject\u00e9 par Franz-Olivier Giesbert du <em>Point<\/em> il sombre professionnellement. Sa vie avec Kathleen ne peut pas ne pas en \u00eatre affect\u00e9e. Pourtant elle en a fait des efforts, acceptant ses enfants comme sa famille juive alors qu&rsquo;elle ne l&rsquo;est pas. Mais Claude se compare \u00e0 un marrane, ces Juifs espagnols, convertis de force au catholicisme, et qui pratiquent leur vraie religion en cachette. Il court le cacheton pour gagner sa vie. Le mot CDI a disparu de son horizon. Il est r\u00e9cup\u00e9r\u00e9 en 2017 par Laurence Bloch qui l&rsquo;engage \u00e0 France Inter. Un joli poste qui lui impose de se lever \u00e0 deux heures du matin pour lire la presse. Il s&rsquo;est brouill\u00e9 avec Manuel Valls alors que les deux couples se fr\u00e9quentaient du temps de Val\u00e9rie. Ce qui ne l&rsquo;a pas emp\u00each\u00e9 de lui dire que \u00ab <em>Le pardon venait en premier<\/em> \u00bb. Il continue \u00e0 faire la cuisine pour sa famille en renon\u00e7ant \u00e0 chasser ses kilos. Il perp\u00e9tue avec ses enfants les gestes de superstition de son ancienne femme. Sa m\u00e8re qui a refait sa vie et a d\u00e9croch\u00e9 les anciennes photos de ses murs lui montre le chemin. Val\u00e9rie est toujours l\u00e0.<\/p>\n\n\n\n<p><a href=\"https:\/\/www.franceinter.fr\/emissions\/la-personnalite-de-la-semaine\/la-personnalite-de-la-semaine-24-octobre-2020\">https:\/\/www.franceinter.fr\/emissions\/la-personnalite-de-la-semaine\/la-personnalite-de-la-semaine-24-octobre-2020<\/a><\/p>\n","protected":false},"excerpt":{"rendered":"<p>Il ne s&rsquo;en est jamais remis. Celui que les plus matinaux \u00e9coutent peut-\u00eatre le matin distiller sa revue de presse sur France Inter pleure sa femme. Val\u00e9rie morte en 2009 apr\u00e8s vingt ans de vie commune et deux enfants. Camille et Th\u00e9o. Val\u00e9rie aussit\u00f4t partie, aussit\u00f4t remplac\u00e9e par Kathleen vingt ans plus jeune que lui, [&hellip;]<\/p>\n","protected":false},"author":8,"featured_media":18576,"comment_status":"open","ping_status":"open","sticky":false,"template":"","format":"standard","meta":{"footnotes":""},"categories":[83],"tags":[11],"class_list":["post-3940","post","type-post","status-publish","format-standard","has-post-thumbnail","hentry","category-autobiographie","tag-grasset"],"yoast_head":"<!-- This site is optimized with the Yoast SEO plugin v27.4 - https:\/\/yoast.com\/product\/yoast-seo-wordpress\/ -->\n<title>\u00c0 son ombre, Claude Askolovitch, \u00c9ditions Grasset - Surbook\u00e9<\/title>\n<meta name=\"robots\" content=\"index, follow, max-snippet:-1, max-image-preview:large, max-video-preview:-1\" \/>\n<link rel=\"canonical\" href=\"https:\/\/surbooke.fr\/wordpress\/2020\/10\/20\/a-son-ombre-claude-askolovitch-grasset\/\" \/>\n<meta property=\"og:locale\" content=\"fr_FR\" \/>\n<meta property=\"og:type\" content=\"article\" \/>\n<meta property=\"og:title\" content=\"\u00c0 son ombre, Claude Askolovitch, \u00c9ditions Grasset - Surbook\u00e9\" \/>\n<meta property=\"og:description\" content=\"Il ne s&rsquo;en est jamais remis. Celui que les plus matinaux \u00e9coutent peut-\u00eatre le matin distiller sa revue de presse sur France Inter pleure sa femme. Val\u00e9rie morte en 2009 apr\u00e8s vingt ans de vie commune et deux enfants. Camille et Th\u00e9o. Val\u00e9rie aussit\u00f4t partie, aussit\u00f4t remplac\u00e9e par Kathleen vingt ans plus jeune que lui, [&hellip;]\" \/>\n<meta property=\"og:url\" content=\"https:\/\/surbooke.fr\/wordpress\/2020\/10\/20\/a-son-ombre-claude-askolovitch-grasset\/\" \/>\n<meta property=\"og:site_name\" content=\"Surbook\u00e9\" \/>\n<meta property=\"article:published_time\" content=\"2020-10-20T09:01:34+00:00\" \/>\n<meta property=\"article:modified_time\" content=\"2022-07-06T20:36:04+00:00\" \/>\n<meta name=\"author\" content=\"Laurent Bisault\" \/>\n<meta name=\"twitter:card\" content=\"summary_large_image\" \/>\n<meta name=\"twitter:creator\" content=\"@LaurentBisault\" \/>\n<meta name=\"twitter:label1\" content=\"\u00c9crit par\" \/>\n\t<meta name=\"twitter:data1\" content=\"Laurent Bisault\" \/>\n\t<meta name=\"twitter:label2\" content=\"Dur\u00e9e de lecture estim\u00e9e\" \/>\n\t<meta name=\"twitter:data2\" content=\"4 minutes\" \/>\n<script type=\"application\/ld+json\" class=\"yoast-schema-graph\">{\"@context\":\"https:\\\/\\\/schema.org\",\"@graph\":[{\"@type\":\"Article\",\"@id\":\"https:\\\/\\\/surbooke.fr\\\/wordpress\\\/2020\\\/10\\\/20\\\/a-son-ombre-claude-askolovitch-grasset\\\/#article\",\"isPartOf\":{\"@id\":\"https:\\\/\\\/surbooke.fr\\\/wordpress\\\/2020\\\/10\\\/20\\\/a-son-ombre-claude-askolovitch-grasset\\\/\"},\"author\":{\"name\":\"Laurent Bisault\",\"@id\":\"https:\\\/\\\/surbooke.fr\\\/wordpress\\\/#\\\/schema\\\/person\\\/9c6be4d35203c76182c56b0e974807c6\"},\"headline\":\"\u00c0 son ombre, Claude Askolovitch, \u00c9ditions Grasset\",\"datePublished\":\"2020-10-20T09:01:34+00:00\",\"dateModified\":\"2022-07-06T20:36:04+00:00\",\"mainEntityOfPage\":{\"@id\":\"https:\\\/\\\/surbooke.fr\\\/wordpress\\\/2020\\\/10\\\/20\\\/a-son-ombre-claude-askolovitch-grasset\\\/\"},\"wordCount\":912,\"commentCount\":0,\"image\":{\"@id\":\"https:\\\/\\\/surbooke.fr\\\/wordpress\\\/2020\\\/10\\\/20\\\/a-son-ombre-claude-askolovitch-grasset\\\/#primaryimage\"},\"thumbnailUrl\":\"https:\\\/\\\/surbooke.fr\\\/wordpress\\\/wp-content\\\/uploads\\\/2020\\\/10\\\/A-son-ombre-1.jpg\",\"keywords\":[\"Grasset\"],\"articleSection\":[\"autobiographie\"],\"inLanguage\":\"fr-FR\",\"potentialAction\":[{\"@type\":\"CommentAction\",\"name\":\"Comment\",\"target\":[\"https:\\\/\\\/surbooke.fr\\\/wordpress\\\/2020\\\/10\\\/20\\\/a-son-ombre-claude-askolovitch-grasset\\\/#respond\"]}]},{\"@type\":\"WebPage\",\"@id\":\"https:\\\/\\\/surbooke.fr\\\/wordpress\\\/2020\\\/10\\\/20\\\/a-son-ombre-claude-askolovitch-grasset\\\/\",\"url\":\"https:\\\/\\\/surbooke.fr\\\/wordpress\\\/2020\\\/10\\\/20\\\/a-son-ombre-claude-askolovitch-grasset\\\/\",\"name\":\"\u00c0 son ombre, Claude Askolovitch, \u00c9ditions Grasset - Surbook\u00e9\",\"isPartOf\":{\"@id\":\"https:\\\/\\\/surbooke.fr\\\/wordpress\\\/#website\"},\"primaryImageOfPage\":{\"@id\":\"https:\\\/\\\/surbooke.fr\\\/wordpress\\\/2020\\\/10\\\/20\\\/a-son-ombre-claude-askolovitch-grasset\\\/#primaryimage\"},\"image\":{\"@id\":\"https:\\\/\\\/surbooke.fr\\\/wordpress\\\/2020\\\/10\\\/20\\\/a-son-ombre-claude-askolovitch-grasset\\\/#primaryimage\"},\"thumbnailUrl\":\"https:\\\/\\\/surbooke.fr\\\/wordpress\\\/wp-content\\\/uploads\\\/2020\\\/10\\\/A-son-ombre-1.jpg\",\"datePublished\":\"2020-10-20T09:01:34+00:00\",\"dateModified\":\"2022-07-06T20:36:04+00:00\",\"author\":{\"@id\":\"https:\\\/\\\/surbooke.fr\\\/wordpress\\\/#\\\/schema\\\/person\\\/9c6be4d35203c76182c56b0e974807c6\"},\"breadcrumb\":{\"@id\":\"https:\\\/\\\/surbooke.fr\\\/wordpress\\\/2020\\\/10\\\/20\\\/a-son-ombre-claude-askolovitch-grasset\\\/#breadcrumb\"},\"inLanguage\":\"fr-FR\",\"potentialAction\":[{\"@type\":\"ReadAction\",\"target\":[\"https:\\\/\\\/surbooke.fr\\\/wordpress\\\/2020\\\/10\\\/20\\\/a-son-ombre-claude-askolovitch-grasset\\\/\"]}]},{\"@type\":\"ImageObject\",\"inLanguage\":\"fr-FR\",\"@id\":\"https:\\\/\\\/surbooke.fr\\\/wordpress\\\/2020\\\/10\\\/20\\\/a-son-ombre-claude-askolovitch-grasset\\\/#primaryimage\",\"url\":\"https:\\\/\\\/surbooke.fr\\\/wordpress\\\/wp-content\\\/uploads\\\/2020\\\/10\\\/A-son-ombre-1.jpg\",\"contentUrl\":\"https:\\\/\\\/surbooke.fr\\\/wordpress\\\/wp-content\\\/uploads\\\/2020\\\/10\\\/A-son-ombre-1.jpg\",\"width\":600,\"height\":350},{\"@type\":\"BreadcrumbList\",\"@id\":\"https:\\\/\\\/surbooke.fr\\\/wordpress\\\/2020\\\/10\\\/20\\\/a-son-ombre-claude-askolovitch-grasset\\\/#breadcrumb\",\"itemListElement\":[{\"@type\":\"ListItem\",\"position\":1,\"name\":\"Accueil\",\"item\":\"https:\\\/\\\/surbooke.fr\\\/wordpress\\\/\"},{\"@type\":\"ListItem\",\"position\":2,\"name\":\"\u00c0 son ombre, Claude Askolovitch, \u00c9ditions Grasset\"}]},{\"@type\":\"WebSite\",\"@id\":\"https:\\\/\\\/surbooke.fr\\\/wordpress\\\/#website\",\"url\":\"https:\\\/\\\/surbooke.fr\\\/wordpress\\\/\",\"name\":\"Surbook\u00e9\",\"description\":\"Le blog de Laurent Bisault\",\"potentialAction\":[{\"@type\":\"SearchAction\",\"target\":{\"@type\":\"EntryPoint\",\"urlTemplate\":\"https:\\\/\\\/surbooke.fr\\\/wordpress\\\/?s={search_term_string}\"},\"query-input\":{\"@type\":\"PropertyValueSpecification\",\"valueRequired\":true,\"valueName\":\"search_term_string\"}}],\"inLanguage\":\"fr-FR\"},{\"@type\":\"Person\",\"@id\":\"https:\\\/\\\/surbooke.fr\\\/wordpress\\\/#\\\/schema\\\/person\\\/9c6be4d35203c76182c56b0e974807c6\",\"name\":\"Laurent Bisault\",\"image\":{\"@type\":\"ImageObject\",\"inLanguage\":\"fr-FR\",\"@id\":\"https:\\\/\\\/secure.gravatar.com\\\/avatar\\\/3bcd2efdfc3a3e416bea3223d3dfcd7f8845e2ca0669671d0c7ed8e84e97bfc4?s=96&d=mm&r=g\",\"url\":\"https:\\\/\\\/secure.gravatar.com\\\/avatar\\\/3bcd2efdfc3a3e416bea3223d3dfcd7f8845e2ca0669671d0c7ed8e84e97bfc4?s=96&d=mm&r=g\",\"contentUrl\":\"https:\\\/\\\/secure.gravatar.com\\\/avatar\\\/3bcd2efdfc3a3e416bea3223d3dfcd7f8845e2ca0669671d0c7ed8e84e97bfc4?s=96&d=mm&r=g\",\"caption\":\"Laurent Bisault\"},\"sameAs\":[\"https:\\\/\\\/surbooke.fr\\\/wordpress\\\/\",\"https:\\\/\\\/x.com\\\/LaurentBisault\"],\"url\":\"https:\\\/\\\/surbooke.fr\\\/wordpress\\\/author\\\/surbooke\\\/\"}]}<\/script>\n<!-- \/ Yoast SEO plugin. -->","yoast_head_json":{"title":"\u00c0 son ombre, Claude Askolovitch, \u00c9ditions Grasset - Surbook\u00e9","robots":{"index":"index","follow":"follow","max-snippet":"max-snippet:-1","max-image-preview":"max-image-preview:large","max-video-preview":"max-video-preview:-1"},"canonical":"https:\/\/surbooke.fr\/wordpress\/2020\/10\/20\/a-son-ombre-claude-askolovitch-grasset\/","og_locale":"fr_FR","og_type":"article","og_title":"\u00c0 son ombre, Claude Askolovitch, \u00c9ditions Grasset - Surbook\u00e9","og_description":"Il ne s&rsquo;en est jamais remis. Celui que les plus matinaux \u00e9coutent peut-\u00eatre le matin distiller sa revue de presse sur France Inter pleure sa femme. Val\u00e9rie morte en 2009 apr\u00e8s vingt ans de vie commune et deux enfants. Camille et Th\u00e9o. Val\u00e9rie aussit\u00f4t partie, aussit\u00f4t remplac\u00e9e par Kathleen vingt ans plus jeune que lui, [&hellip;]","og_url":"https:\/\/surbooke.fr\/wordpress\/2020\/10\/20\/a-son-ombre-claude-askolovitch-grasset\/","og_site_name":"Surbook\u00e9","article_published_time":"2020-10-20T09:01:34+00:00","article_modified_time":"2022-07-06T20:36:04+00:00","author":"Laurent Bisault","twitter_card":"summary_large_image","twitter_creator":"@LaurentBisault","twitter_misc":{"\u00c9crit par":"Laurent Bisault","Dur\u00e9e de lecture estim\u00e9e":"4 minutes"},"schema":{"@context":"https:\/\/schema.org","@graph":[{"@type":"Article","@id":"https:\/\/surbooke.fr\/wordpress\/2020\/10\/20\/a-son-ombre-claude-askolovitch-grasset\/#article","isPartOf":{"@id":"https:\/\/surbooke.fr\/wordpress\/2020\/10\/20\/a-son-ombre-claude-askolovitch-grasset\/"},"author":{"name":"Laurent Bisault","@id":"https:\/\/surbooke.fr\/wordpress\/#\/schema\/person\/9c6be4d35203c76182c56b0e974807c6"},"headline":"\u00c0 son ombre, Claude Askolovitch, \u00c9ditions Grasset","datePublished":"2020-10-20T09:01:34+00:00","dateModified":"2022-07-06T20:36:04+00:00","mainEntityOfPage":{"@id":"https:\/\/surbooke.fr\/wordpress\/2020\/10\/20\/a-son-ombre-claude-askolovitch-grasset\/"},"wordCount":912,"commentCount":0,"image":{"@id":"https:\/\/surbooke.fr\/wordpress\/2020\/10\/20\/a-son-ombre-claude-askolovitch-grasset\/#primaryimage"},"thumbnailUrl":"https:\/\/surbooke.fr\/wordpress\/wp-content\/uploads\/2020\/10\/A-son-ombre-1.jpg","keywords":["Grasset"],"articleSection":["autobiographie"],"inLanguage":"fr-FR","potentialAction":[{"@type":"CommentAction","name":"Comment","target":["https:\/\/surbooke.fr\/wordpress\/2020\/10\/20\/a-son-ombre-claude-askolovitch-grasset\/#respond"]}]},{"@type":"WebPage","@id":"https:\/\/surbooke.fr\/wordpress\/2020\/10\/20\/a-son-ombre-claude-askolovitch-grasset\/","url":"https:\/\/surbooke.fr\/wordpress\/2020\/10\/20\/a-son-ombre-claude-askolovitch-grasset\/","name":"\u00c0 son ombre, Claude Askolovitch, \u00c9ditions Grasset - Surbook\u00e9","isPartOf":{"@id":"https:\/\/surbooke.fr\/wordpress\/#website"},"primaryImageOfPage":{"@id":"https:\/\/surbooke.fr\/wordpress\/2020\/10\/20\/a-son-ombre-claude-askolovitch-grasset\/#primaryimage"},"image":{"@id":"https:\/\/surbooke.fr\/wordpress\/2020\/10\/20\/a-son-ombre-claude-askolovitch-grasset\/#primaryimage"},"thumbnailUrl":"https:\/\/surbooke.fr\/wordpress\/wp-content\/uploads\/2020\/10\/A-son-ombre-1.jpg","datePublished":"2020-10-20T09:01:34+00:00","dateModified":"2022-07-06T20:36:04+00:00","author":{"@id":"https:\/\/surbooke.fr\/wordpress\/#\/schema\/person\/9c6be4d35203c76182c56b0e974807c6"},"breadcrumb":{"@id":"https:\/\/surbooke.fr\/wordpress\/2020\/10\/20\/a-son-ombre-claude-askolovitch-grasset\/#breadcrumb"},"inLanguage":"fr-FR","potentialAction":[{"@type":"ReadAction","target":["https:\/\/surbooke.fr\/wordpress\/2020\/10\/20\/a-son-ombre-claude-askolovitch-grasset\/"]}]},{"@type":"ImageObject","inLanguage":"fr-FR","@id":"https:\/\/surbooke.fr\/wordpress\/2020\/10\/20\/a-son-ombre-claude-askolovitch-grasset\/#primaryimage","url":"https:\/\/surbooke.fr\/wordpress\/wp-content\/uploads\/2020\/10\/A-son-ombre-1.jpg","contentUrl":"https:\/\/surbooke.fr\/wordpress\/wp-content\/uploads\/2020\/10\/A-son-ombre-1.jpg","width":600,"height":350},{"@type":"BreadcrumbList","@id":"https:\/\/surbooke.fr\/wordpress\/2020\/10\/20\/a-son-ombre-claude-askolovitch-grasset\/#breadcrumb","itemListElement":[{"@type":"ListItem","position":1,"name":"Accueil","item":"https:\/\/surbooke.fr\/wordpress\/"},{"@type":"ListItem","position":2,"name":"\u00c0 son ombre, Claude Askolovitch, \u00c9ditions Grasset"}]},{"@type":"WebSite","@id":"https:\/\/surbooke.fr\/wordpress\/#website","url":"https:\/\/surbooke.fr\/wordpress\/","name":"Surbook\u00e9","description":"Le blog de Laurent Bisault","potentialAction":[{"@type":"SearchAction","target":{"@type":"EntryPoint","urlTemplate":"https:\/\/surbooke.fr\/wordpress\/?s={search_term_string}"},"query-input":{"@type":"PropertyValueSpecification","valueRequired":true,"valueName":"search_term_string"}}],"inLanguage":"fr-FR"},{"@type":"Person","@id":"https:\/\/surbooke.fr\/wordpress\/#\/schema\/person\/9c6be4d35203c76182c56b0e974807c6","name":"Laurent Bisault","image":{"@type":"ImageObject","inLanguage":"fr-FR","@id":"https:\/\/secure.gravatar.com\/avatar\/3bcd2efdfc3a3e416bea3223d3dfcd7f8845e2ca0669671d0c7ed8e84e97bfc4?s=96&d=mm&r=g","url":"https:\/\/secure.gravatar.com\/avatar\/3bcd2efdfc3a3e416bea3223d3dfcd7f8845e2ca0669671d0c7ed8e84e97bfc4?s=96&d=mm&r=g","contentUrl":"https:\/\/secure.gravatar.com\/avatar\/3bcd2efdfc3a3e416bea3223d3dfcd7f8845e2ca0669671d0c7ed8e84e97bfc4?s=96&d=mm&r=g","caption":"Laurent Bisault"},"sameAs":["https:\/\/surbooke.fr\/wordpress\/","https:\/\/x.com\/LaurentBisault"],"url":"https:\/\/surbooke.fr\/wordpress\/author\/surbooke\/"}]}},"_links":{"self":[{"href":"https:\/\/surbooke.fr\/wordpress\/wp-json\/wp\/v2\/posts\/3940","targetHints":{"allow":["GET"]}}],"collection":[{"href":"https:\/\/surbooke.fr\/wordpress\/wp-json\/wp\/v2\/posts"}],"about":[{"href":"https:\/\/surbooke.fr\/wordpress\/wp-json\/wp\/v2\/types\/post"}],"author":[{"embeddable":true,"href":"https:\/\/surbooke.fr\/wordpress\/wp-json\/wp\/v2\/users\/8"}],"replies":[{"embeddable":true,"href":"https:\/\/surbooke.fr\/wordpress\/wp-json\/wp\/v2\/comments?post=3940"}],"version-history":[{"count":0,"href":"https:\/\/surbooke.fr\/wordpress\/wp-json\/wp\/v2\/posts\/3940\/revisions"}],"wp:featuredmedia":[{"embeddable":true,"href":"https:\/\/surbooke.fr\/wordpress\/wp-json\/wp\/v2\/media\/18576"}],"wp:attachment":[{"href":"https:\/\/surbooke.fr\/wordpress\/wp-json\/wp\/v2\/media?parent=3940"}],"wp:term":[{"taxonomy":"category","embeddable":true,"href":"https:\/\/surbooke.fr\/wordpress\/wp-json\/wp\/v2\/categories?post=3940"},{"taxonomy":"post_tag","embeddable":true,"href":"https:\/\/surbooke.fr\/wordpress\/wp-json\/wp\/v2\/tags?post=3940"}],"curies":[{"name":"wp","href":"https:\/\/api.w.org\/{rel}","templated":true}]}}