{"id":4440,"date":"2020-11-17T22:10:17","date_gmt":"2020-11-17T21:10:17","guid":{"rendered":"http:\/\/surbooke.fr\/wordpress\/?p=4440"},"modified":"2022-07-06T22:32:23","modified_gmt":"2022-07-06T20:32:23","slug":"une-famille-comme-il-faut-rosa-ventrella-editions-les-escales","status":"publish","type":"post","link":"https:\/\/surbooke.fr\/wordpress\/2020\/11\/17\/une-famille-comme-il-faut-rosa-ventrella-editions-les-escales\/","title":{"rendered":"Une famille comme il faut, Rosa Ventrella, \u00c9ditions Les Escales"},"content":{"rendered":"\n<p><strong>Dans la famille<\/strong> je suis n\u00e9e au sud de l&rsquo;Italie et je vous raconte ma vie, il n&rsquo;y a pas qu&rsquo;Elena Ferrante. Rosa Ventrella nous en propose une nouvelle version, en rempla\u00e7ant La Campanie  par Les Pouilles et Naples par Bari. M\u00eame topo, un r\u00e9cit largement autobiographique de l&rsquo;enfance et de l&rsquo;adolescence d&rsquo;une fille qui \u00e9chappera \u00e0 son destin familial gr\u00e2ce \u00e0 sa r\u00e9ussite scolaire. M\u00eame pr\u00e9sence de la mer. M\u00eame \u00e9motion pour lecteur \u00e0 d\u00e9couvrir ce qui nous para\u00eet si loin de notre vie. Et m\u00eame r\u00e9ussite, nonobstant une bien moindre diffusion pour <em>Une famille comme il faut<\/em> que pour  <em>L&rsquo;Amie prodigieuse<\/em>. Direction donc vers le quartier pauvre de San Nicola dans les ann\u00e9es 80. Dans la famille De Santis, la petite derni\u00e8re s&rsquo;appelle Maria. Mais sa mamie Antonietta l&rsquo;a affubl\u00e9e d&rsquo;un surnom : Malacarne. Malacarne pour mauvaise viande, <em>mala carne<\/em> en italien, ou encore m\u00e9chante chaire. On pourrait aussi dire mauvaise graine voire mauvais \u0153il. Elle partage sa chambre avec ses deux fr\u00e8res Giuseppe et Vincenzo qui dorment t\u00eate-b\u00eache dans le m\u00eame lit. Guiseppe est l&rsquo;a\u00een\u00e9, celui que tout le monde adore. Pas beaucoup de points communs avec son cadet Vincenzo, la forte t\u00eate de la famille. Antonio le p\u00e8re est p\u00eacheur sur son bateau le <em>Ciao Charl<\/em>ie comme le nom du film de Tony Curtis  \u00e0 qui dit-on il ressemble. Sa m\u00e8re Teresa aussi est belle, ou du moins elle l&rsquo;a longtemps \u00e9t\u00e9. Pour am\u00e9liorer le modeste train de vie du foyer, Ter\u00e8 travaille \u00e0 la maison sur un m\u00e9tier \u00e0 tisser quand elle ne recoud pas les filets de p\u00eache. La vie est difficile surtout que l&rsquo;humeur d&rsquo;Ant\u00f2 a tout des montagnes russes. Gare \u00e0 sa famille quand les p\u00e2tes sont trop chaudes ou trop froides, s&rsquo;il n&rsquo;y a pas de pain ou si le vin n&rsquo;est pas assez frais. Car le p\u00e8re de famille a la main leste et nul ne peut pr\u00e9tendre y \u00e9chapper. Surtout pas Vincenzo dont Th\u00e9r\u00e8se dit qu&rsquo;il tourne mal car il a \u00e9t\u00e9 \u00e9lev\u00e9 dans la violence. Mais pas davantage sa femme ni m\u00eame mamie Antonietta. Pourtant Ant\u00f2 et Ter\u00e8 se sont choisis, et on peut m\u00eame dire qu&rsquo;ils continuent \u00e0 s&rsquo;aimer par intermittence. La famille De Santis vit dans un quartier o\u00f9 tout le monde se conna\u00eet. Au milieu de multiples croyances, catholiques, mais au moins aussi souvent sous l\u2019\u0153il des gu\u00e9risseuses et des sorci\u00e8res.<\/p>\n\n\n\n<blockquote class=\"wp-block-quote has-text-align-center is-style-large is-layout-flow wp-block-quote-is-layout-flow\"><p>Cette petite soci\u00e9t\u00e9 conna\u00eet aussi de bons moments comme la d\u00e9couverte des amours adolescents et les f\u00eates<\/p><\/blockquote>\n\n\n\n<p>Malacarne, qui n&rsquo;est pas g\u00e2t\u00e9e par son physique, a de tr\u00e8s bons r\u00e9sultats scolaires. Mieux encore, le ma\u00eetre Caggiano lui affirme qu&rsquo;elle a le don de la narration. Et il convoque ses parents pour leur expliquer qu&rsquo;il va intervenir pour la faire entrer dans un coll\u00e8ge hupp\u00e9 de Bari tenu par des s\u0153urs. Malacarne devrait en \u00eatre fi\u00e8re, mais elle craint surtout que ses parents lui fassent honte devant le ma\u00eetre. Car sa m\u00e8re sait \u00e0 peine \u00e9crire et ils parlent tous les deux davantage le dialecte que l&rsquo;italien. La suite de l&rsquo;histoire la conduira jusqu&rsquo;\u00e0 l&rsquo;universit\u00e9. Un objectif parfaitement inimaginable dans le quartier o\u00f9 en plus de la mis\u00e8re il faut aussi composer avec la famille Senzasagne, dont le p\u00e8re est officiellement vendeur de cigarettes de contrebande. Mais dont l&rsquo;activit\u00e9 est en r\u00e9alit\u00e9 bien plus nocive. Pourtant cette petite soci\u00e9t\u00e9 conna\u00eet aussi de bons moments apport\u00e9s par la d\u00e9couverte des amours adolescents et par les f\u00eates o\u00f9 on danse sur <em>24 mila baci<\/em> d&rsquo;Adriano Celentano. \u00c0 No\u00ebl on se d\u00e9lecte de <em>panzerotti<\/em>, des chaussons fourr\u00e9s \u00e0 l&rsquo;oignon, d&rsquo;anguilles au citron, de sardines au sel et de <em>panettone<\/em> \u00e0 la cr\u00e8me de marsala que les hommes arrosent de <em>spumante<\/em>. Les enfants grandissent, Guiseppe part faire son service militaire \u00e0 Cr\u00e9mone, le lieux de vie actuel de Rosa Ventrella. Un voyage incroyablement lointain pour toutes ces familles qui ne sont presque jamais parties de leur quartier. Ou alors pour \u00e9migrer en Am\u00e9rique.<\/p>\n\n\n\n<figure class=\"wp-block-embed is-type-video is-provider-youtube wp-block-embed-youtube wp-embed-aspect-4-3 wp-has-aspect-ratio\"><div class=\"wp-block-embed__wrapper\">\n<iframe loading=\"lazy\" title=\"Adriano Celentano - 24000 baci\" width=\"640\" height=\"480\" src=\"https:\/\/www.youtube.com\/embed\/jl204CfCGRg?feature=oembed\" frameborder=\"0\" allow=\"accelerometer; autoplay; clipboard-write; encrypted-media; gyroscope; picture-in-picture; web-share\" referrerpolicy=\"strict-origin-when-cross-origin\" allowfullscreen><\/iframe>\n<\/div><\/figure>\n","protected":false},"excerpt":{"rendered":"<p>Dans la famille je suis n\u00e9e au sud de l&rsquo;Italie et je vous raconte ma vie, il n&rsquo;y a pas qu&rsquo;Elena Ferrante. Rosa Ventrella nous en propose une nouvelle version, en rempla\u00e7ant La Campanie par Les Pouilles et Naples par Bari. M\u00eame topo, un r\u00e9cit largement autobiographique de l&rsquo;enfance et de l&rsquo;adolescence d&rsquo;une fille qui [&hellip;]<\/p>\n","protected":false},"author":8,"featured_media":0,"comment_status":"open","ping_status":"open","sticky":false,"template":"","format":"standard","meta":{"footnotes":""},"categories":[22],"tags":[65],"class_list":["post-4440","post","type-post","status-publish","format-standard","hentry","category-ail-et-parmesan","tag-les-escales"],"yoast_head":"<!-- This site is optimized with the Yoast SEO plugin v27.5 - https:\/\/yoast.com\/product\/yoast-seo-wordpress\/ -->\n<title>Une famille comme il faut, Rosa Ventrella, \u00c9ditions Les Escales - Surbook\u00e9<\/title>\n<meta name=\"robots\" content=\"index, follow, max-snippet:-1, max-image-preview:large, max-video-preview:-1\" \/>\n<link rel=\"canonical\" href=\"https:\/\/surbooke.fr\/wordpress\/2020\/11\/17\/une-famille-comme-il-faut-rosa-ventrella-editions-les-escales\/\" \/>\n<meta property=\"og:locale\" content=\"fr_FR\" \/>\n<meta property=\"og:type\" content=\"article\" \/>\n<meta property=\"og:title\" content=\"Une famille comme il faut, Rosa Ventrella, \u00c9ditions Les Escales - Surbook\u00e9\" \/>\n<meta property=\"og:description\" content=\"Dans la famille je suis n\u00e9e au sud de l&rsquo;Italie et je vous raconte ma vie, il n&rsquo;y a pas qu&rsquo;Elena Ferrante. Rosa Ventrella nous en propose une nouvelle version, en rempla\u00e7ant La Campanie par Les Pouilles et Naples par Bari. M\u00eame topo, un r\u00e9cit largement autobiographique de l&rsquo;enfance et de l&rsquo;adolescence d&rsquo;une fille qui [&hellip;]\" \/>\n<meta property=\"og:url\" content=\"https:\/\/surbooke.fr\/wordpress\/2020\/11\/17\/une-famille-comme-il-faut-rosa-ventrella-editions-les-escales\/\" \/>\n<meta property=\"og:site_name\" content=\"Surbook\u00e9\" \/>\n<meta property=\"article:published_time\" content=\"2020-11-17T21:10:17+00:00\" \/>\n<meta property=\"article:modified_time\" content=\"2022-07-06T20:32:23+00:00\" \/>\n<meta name=\"author\" content=\"Laurent Bisault\" \/>\n<meta name=\"twitter:card\" content=\"summary_large_image\" \/>\n<meta name=\"twitter:creator\" content=\"@LaurentBisault\" \/>\n<meta name=\"twitter:label1\" content=\"\u00c9crit par\" \/>\n\t<meta name=\"twitter:data1\" content=\"Laurent Bisault\" \/>\n\t<meta name=\"twitter:label2\" content=\"Dur\u00e9e de lecture estim\u00e9e\" \/>\n\t<meta name=\"twitter:data2\" content=\"4 minutes\" \/>\n<script type=\"application\/ld+json\" class=\"yoast-schema-graph\">{\"@context\":\"https:\\\/\\\/schema.org\",\"@graph\":[{\"@type\":\"Article\",\"@id\":\"https:\\\/\\\/surbooke.fr\\\/wordpress\\\/2020\\\/11\\\/17\\\/une-famille-comme-il-faut-rosa-ventrella-editions-les-escales\\\/#article\",\"isPartOf\":{\"@id\":\"https:\\\/\\\/surbooke.fr\\\/wordpress\\\/2020\\\/11\\\/17\\\/une-famille-comme-il-faut-rosa-ventrella-editions-les-escales\\\/\"},\"author\":{\"name\":\"Laurent Bisault\",\"@id\":\"https:\\\/\\\/surbooke.fr\\\/wordpress\\\/#\\\/schema\\\/person\\\/9c6be4d35203c76182c56b0e974807c6\"},\"headline\":\"Une famille comme il faut, Rosa Ventrella, \u00c9ditions Les Escales\",\"datePublished\":\"2020-11-17T21:10:17+00:00\",\"dateModified\":\"2022-07-06T20:32:23+00:00\",\"mainEntityOfPage\":{\"@id\":\"https:\\\/\\\/surbooke.fr\\\/wordpress\\\/2020\\\/11\\\/17\\\/une-famille-comme-il-faut-rosa-ventrella-editions-les-escales\\\/\"},\"wordCount\":754,\"commentCount\":0,\"keywords\":[\"Les Escales\"],\"articleSection\":[\"ail et parmesan \ud83c\uddee\ud83c\uddf9\"],\"inLanguage\":\"fr-FR\",\"potentialAction\":[{\"@type\":\"CommentAction\",\"name\":\"Comment\",\"target\":[\"https:\\\/\\\/surbooke.fr\\\/wordpress\\\/2020\\\/11\\\/17\\\/une-famille-comme-il-faut-rosa-ventrella-editions-les-escales\\\/#respond\"]}]},{\"@type\":\"WebPage\",\"@id\":\"https:\\\/\\\/surbooke.fr\\\/wordpress\\\/2020\\\/11\\\/17\\\/une-famille-comme-il-faut-rosa-ventrella-editions-les-escales\\\/\",\"url\":\"https:\\\/\\\/surbooke.fr\\\/wordpress\\\/2020\\\/11\\\/17\\\/une-famille-comme-il-faut-rosa-ventrella-editions-les-escales\\\/\",\"name\":\"Une famille comme il faut, Rosa Ventrella, \u00c9ditions Les Escales - Surbook\u00e9\",\"isPartOf\":{\"@id\":\"https:\\\/\\\/surbooke.fr\\\/wordpress\\\/#website\"},\"datePublished\":\"2020-11-17T21:10:17+00:00\",\"dateModified\":\"2022-07-06T20:32:23+00:00\",\"author\":{\"@id\":\"https:\\\/\\\/surbooke.fr\\\/wordpress\\\/#\\\/schema\\\/person\\\/9c6be4d35203c76182c56b0e974807c6\"},\"breadcrumb\":{\"@id\":\"https:\\\/\\\/surbooke.fr\\\/wordpress\\\/2020\\\/11\\\/17\\\/une-famille-comme-il-faut-rosa-ventrella-editions-les-escales\\\/#breadcrumb\"},\"inLanguage\":\"fr-FR\",\"potentialAction\":[{\"@type\":\"ReadAction\",\"target\":[\"https:\\\/\\\/surbooke.fr\\\/wordpress\\\/2020\\\/11\\\/17\\\/une-famille-comme-il-faut-rosa-ventrella-editions-les-escales\\\/\"]}]},{\"@type\":\"BreadcrumbList\",\"@id\":\"https:\\\/\\\/surbooke.fr\\\/wordpress\\\/2020\\\/11\\\/17\\\/une-famille-comme-il-faut-rosa-ventrella-editions-les-escales\\\/#breadcrumb\",\"itemListElement\":[{\"@type\":\"ListItem\",\"position\":1,\"name\":\"Accueil\",\"item\":\"https:\\\/\\\/surbooke.fr\\\/wordpress\\\/\"},{\"@type\":\"ListItem\",\"position\":2,\"name\":\"Une famille comme il faut, Rosa Ventrella, \u00c9ditions Les Escales\"}]},{\"@type\":\"WebSite\",\"@id\":\"https:\\\/\\\/surbooke.fr\\\/wordpress\\\/#website\",\"url\":\"https:\\\/\\\/surbooke.fr\\\/wordpress\\\/\",\"name\":\"Surbook\u00e9\",\"description\":\"Le blog de Laurent Bisault\",\"potentialAction\":[{\"@type\":\"SearchAction\",\"target\":{\"@type\":\"EntryPoint\",\"urlTemplate\":\"https:\\\/\\\/surbooke.fr\\\/wordpress\\\/?s={search_term_string}\"},\"query-input\":{\"@type\":\"PropertyValueSpecification\",\"valueRequired\":true,\"valueName\":\"search_term_string\"}}],\"inLanguage\":\"fr-FR\"},{\"@type\":\"Person\",\"@id\":\"https:\\\/\\\/surbooke.fr\\\/wordpress\\\/#\\\/schema\\\/person\\\/9c6be4d35203c76182c56b0e974807c6\",\"name\":\"Laurent Bisault\",\"image\":{\"@type\":\"ImageObject\",\"inLanguage\":\"fr-FR\",\"@id\":\"https:\\\/\\\/secure.gravatar.com\\\/avatar\\\/3bcd2efdfc3a3e416bea3223d3dfcd7f8845e2ca0669671d0c7ed8e84e97bfc4?s=96&d=mm&r=g\",\"url\":\"https:\\\/\\\/secure.gravatar.com\\\/avatar\\\/3bcd2efdfc3a3e416bea3223d3dfcd7f8845e2ca0669671d0c7ed8e84e97bfc4?s=96&d=mm&r=g\",\"contentUrl\":\"https:\\\/\\\/secure.gravatar.com\\\/avatar\\\/3bcd2efdfc3a3e416bea3223d3dfcd7f8845e2ca0669671d0c7ed8e84e97bfc4?s=96&d=mm&r=g\",\"caption\":\"Laurent Bisault\"},\"sameAs\":[\"https:\\\/\\\/surbooke.fr\\\/wordpress\\\/\",\"https:\\\/\\\/x.com\\\/LaurentBisault\"],\"url\":\"https:\\\/\\\/surbooke.fr\\\/wordpress\\\/author\\\/surbooke\\\/\"}]}<\/script>\n<!-- \/ Yoast SEO plugin. -->","yoast_head_json":{"title":"Une famille comme il faut, Rosa Ventrella, \u00c9ditions Les Escales - Surbook\u00e9","robots":{"index":"index","follow":"follow","max-snippet":"max-snippet:-1","max-image-preview":"max-image-preview:large","max-video-preview":"max-video-preview:-1"},"canonical":"https:\/\/surbooke.fr\/wordpress\/2020\/11\/17\/une-famille-comme-il-faut-rosa-ventrella-editions-les-escales\/","og_locale":"fr_FR","og_type":"article","og_title":"Une famille comme il faut, Rosa Ventrella, \u00c9ditions Les Escales - Surbook\u00e9","og_description":"Dans la famille je suis n\u00e9e au sud de l&rsquo;Italie et je vous raconte ma vie, il n&rsquo;y a pas qu&rsquo;Elena Ferrante. Rosa Ventrella nous en propose une nouvelle version, en rempla\u00e7ant La Campanie par Les Pouilles et Naples par Bari. M\u00eame topo, un r\u00e9cit largement autobiographique de l&rsquo;enfance et de l&rsquo;adolescence d&rsquo;une fille qui [&hellip;]","og_url":"https:\/\/surbooke.fr\/wordpress\/2020\/11\/17\/une-famille-comme-il-faut-rosa-ventrella-editions-les-escales\/","og_site_name":"Surbook\u00e9","article_published_time":"2020-11-17T21:10:17+00:00","article_modified_time":"2022-07-06T20:32:23+00:00","author":"Laurent Bisault","twitter_card":"summary_large_image","twitter_creator":"@LaurentBisault","twitter_misc":{"\u00c9crit par":"Laurent Bisault","Dur\u00e9e de lecture estim\u00e9e":"4 minutes"},"schema":{"@context":"https:\/\/schema.org","@graph":[{"@type":"Article","@id":"https:\/\/surbooke.fr\/wordpress\/2020\/11\/17\/une-famille-comme-il-faut-rosa-ventrella-editions-les-escales\/#article","isPartOf":{"@id":"https:\/\/surbooke.fr\/wordpress\/2020\/11\/17\/une-famille-comme-il-faut-rosa-ventrella-editions-les-escales\/"},"author":{"name":"Laurent Bisault","@id":"https:\/\/surbooke.fr\/wordpress\/#\/schema\/person\/9c6be4d35203c76182c56b0e974807c6"},"headline":"Une famille comme il faut, Rosa Ventrella, \u00c9ditions Les Escales","datePublished":"2020-11-17T21:10:17+00:00","dateModified":"2022-07-06T20:32:23+00:00","mainEntityOfPage":{"@id":"https:\/\/surbooke.fr\/wordpress\/2020\/11\/17\/une-famille-comme-il-faut-rosa-ventrella-editions-les-escales\/"},"wordCount":754,"commentCount":0,"keywords":["Les Escales"],"articleSection":["ail et parmesan \ud83c\uddee\ud83c\uddf9"],"inLanguage":"fr-FR","potentialAction":[{"@type":"CommentAction","name":"Comment","target":["https:\/\/surbooke.fr\/wordpress\/2020\/11\/17\/une-famille-comme-il-faut-rosa-ventrella-editions-les-escales\/#respond"]}]},{"@type":"WebPage","@id":"https:\/\/surbooke.fr\/wordpress\/2020\/11\/17\/une-famille-comme-il-faut-rosa-ventrella-editions-les-escales\/","url":"https:\/\/surbooke.fr\/wordpress\/2020\/11\/17\/une-famille-comme-il-faut-rosa-ventrella-editions-les-escales\/","name":"Une famille comme il faut, Rosa Ventrella, \u00c9ditions Les Escales - Surbook\u00e9","isPartOf":{"@id":"https:\/\/surbooke.fr\/wordpress\/#website"},"datePublished":"2020-11-17T21:10:17+00:00","dateModified":"2022-07-06T20:32:23+00:00","author":{"@id":"https:\/\/surbooke.fr\/wordpress\/#\/schema\/person\/9c6be4d35203c76182c56b0e974807c6"},"breadcrumb":{"@id":"https:\/\/surbooke.fr\/wordpress\/2020\/11\/17\/une-famille-comme-il-faut-rosa-ventrella-editions-les-escales\/#breadcrumb"},"inLanguage":"fr-FR","potentialAction":[{"@type":"ReadAction","target":["https:\/\/surbooke.fr\/wordpress\/2020\/11\/17\/une-famille-comme-il-faut-rosa-ventrella-editions-les-escales\/"]}]},{"@type":"BreadcrumbList","@id":"https:\/\/surbooke.fr\/wordpress\/2020\/11\/17\/une-famille-comme-il-faut-rosa-ventrella-editions-les-escales\/#breadcrumb","itemListElement":[{"@type":"ListItem","position":1,"name":"Accueil","item":"https:\/\/surbooke.fr\/wordpress\/"},{"@type":"ListItem","position":2,"name":"Une famille comme il faut, Rosa Ventrella, \u00c9ditions Les Escales"}]},{"@type":"WebSite","@id":"https:\/\/surbooke.fr\/wordpress\/#website","url":"https:\/\/surbooke.fr\/wordpress\/","name":"Surbook\u00e9","description":"Le blog de Laurent Bisault","potentialAction":[{"@type":"SearchAction","target":{"@type":"EntryPoint","urlTemplate":"https:\/\/surbooke.fr\/wordpress\/?s={search_term_string}"},"query-input":{"@type":"PropertyValueSpecification","valueRequired":true,"valueName":"search_term_string"}}],"inLanguage":"fr-FR"},{"@type":"Person","@id":"https:\/\/surbooke.fr\/wordpress\/#\/schema\/person\/9c6be4d35203c76182c56b0e974807c6","name":"Laurent Bisault","image":{"@type":"ImageObject","inLanguage":"fr-FR","@id":"https:\/\/secure.gravatar.com\/avatar\/3bcd2efdfc3a3e416bea3223d3dfcd7f8845e2ca0669671d0c7ed8e84e97bfc4?s=96&d=mm&r=g","url":"https:\/\/secure.gravatar.com\/avatar\/3bcd2efdfc3a3e416bea3223d3dfcd7f8845e2ca0669671d0c7ed8e84e97bfc4?s=96&d=mm&r=g","contentUrl":"https:\/\/secure.gravatar.com\/avatar\/3bcd2efdfc3a3e416bea3223d3dfcd7f8845e2ca0669671d0c7ed8e84e97bfc4?s=96&d=mm&r=g","caption":"Laurent Bisault"},"sameAs":["https:\/\/surbooke.fr\/wordpress\/","https:\/\/x.com\/LaurentBisault"],"url":"https:\/\/surbooke.fr\/wordpress\/author\/surbooke\/"}]}},"_links":{"self":[{"href":"https:\/\/surbooke.fr\/wordpress\/wp-json\/wp\/v2\/posts\/4440","targetHints":{"allow":["GET"]}}],"collection":[{"href":"https:\/\/surbooke.fr\/wordpress\/wp-json\/wp\/v2\/posts"}],"about":[{"href":"https:\/\/surbooke.fr\/wordpress\/wp-json\/wp\/v2\/types\/post"}],"author":[{"embeddable":true,"href":"https:\/\/surbooke.fr\/wordpress\/wp-json\/wp\/v2\/users\/8"}],"replies":[{"embeddable":true,"href":"https:\/\/surbooke.fr\/wordpress\/wp-json\/wp\/v2\/comments?post=4440"}],"version-history":[{"count":0,"href":"https:\/\/surbooke.fr\/wordpress\/wp-json\/wp\/v2\/posts\/4440\/revisions"}],"wp:attachment":[{"href":"https:\/\/surbooke.fr\/wordpress\/wp-json\/wp\/v2\/media?parent=4440"}],"wp:term":[{"taxonomy":"category","embeddable":true,"href":"https:\/\/surbooke.fr\/wordpress\/wp-json\/wp\/v2\/categories?post=4440"},{"taxonomy":"post_tag","embeddable":true,"href":"https:\/\/surbooke.fr\/wordpress\/wp-json\/wp\/v2\/tags?post=4440"}],"curies":[{"name":"wp","href":"https:\/\/api.w.org\/{rel}","templated":true}]}}