{"id":4953,"date":"2020-12-04T14:15:39","date_gmt":"2020-12-04T13:15:39","guid":{"rendered":"http:\/\/surbooke.fr\/wordpress\/?p=4953"},"modified":"2022-07-06T22:26:53","modified_gmt":"2022-07-06T20:26:53","slug":"les-impatientes-djaili-amadou-amal-editions-emanuelle-collas","status":"publish","type":"post","link":"https:\/\/surbooke.fr\/wordpress\/2020\/12\/04\/les-impatientes-djaili-amadou-amal-editions-emanuelle-collas\/","title":{"rendered":"Les impatientes, Dja\u00efli Amadou Amal, \u00c9ditions Emmanuelle Collas"},"content":{"rendered":"\n<p><strong>C&rsquo;est rude, fort, violent<\/strong>. Mais aussi enthousiasmant et plaisant \u00e0 lire. Rude parce que la place des femmes chez les Peuls du Nord-Cameroun est tout sauf enviable. Enthousiasmant car le message que fait passer Dja\u00efli Amadou Amal laisse entrevoir des am\u00e9liorations, au moins pour les plus jeunes qui ont \u00e9t\u00e9 \u00e9duqu\u00e9es. Et plaisant \u00e0 lire parce qu&rsquo;on d\u00e9guste ce texte avec avidit\u00e9 et admiration. Certains pourront \u00eatre d\u00e9\u00e7us de ce que <em>Les impatientes<\/em> n&rsquo;ait pas \u00e9t\u00e9 couronn\u00e9 du Goncourt alors que le livre figurait parmi les quatre derniers nomin\u00e9s. Mais il a eu celui des lyc\u00e9ens et c&rsquo;est bien \u00e0 eux que Dja\u00efli Amadou Amal s&rsquo;adresse en premier. Aux lyc\u00e9ens, aux jeunes, et \u00e0 ses filles pour qui elle esp\u00e8re des jours meilleurs. Le livre \u00e9tait titr\u00e9 <em>Munyal<\/em> dans sa premi\u00e8re version sortie \u00e0 Yaound\u00e9 en 2017. Ce qui signifie patience. La patience c&rsquo;est ce qu&rsquo;on demande aux femmes de tout \u00e2ge au Cameroun. Patienter et tout accepter car tel est leur destin. Dans ce roman largement autobiographique Dja\u00efli Amadou Amal, qui a subi \u00e0 dix-sept ans un mariage forc\u00e9, raconte l&rsquo;histoire de trois femmes. Ramla mari\u00e9e au m\u00eame \u00e2ge \u00e0 un homme de cinquante ans, Hindou sa demi-s\u0153ur adolescente que l&rsquo;on force \u00e0 \u00e9pouser un jeune homme alcoolique et violent, et Safira la premi\u00e8re \u00e9pouse du mari de Ramla. Elles vivent toutes dans un milieu ais\u00e9 et sont rattach\u00e9es \u00e0 une concession constitu\u00e9e autour du chef de famille dont le premier but est d&rsquo;amener ses filles vierges au mariage. Comme chaque m\u00e2le est encourag\u00e9 \u00e0 avoir plusieurs femmes, avec les enfants cela finit par faire du monde. Mari\u00e9e de force, Ramla est vou\u00e9e au m\u00eame destin que sa m\u00e8re, mais elle s&rsquo;en distingue car elle suit des \u00e9tudes. Elle aspire m\u00eame \u00e0 devenir pharmacienne, un projet qu&rsquo;elle compte mener \u00e0 terme avec Aminou lui-m\u00eame \u00e9tudiant, avec qui elle partage un amour platonique.<\/p>\n\n\n\n<blockquote class=\"wp-block-quote has-text-align-center is-style-large is-layout-flow wp-block-quote-is-layout-flow\"><p>Elles n&rsquo;ont rien \u00e0 dire, on leur explique leurs devoirs et jamais leurs droits<\/p><\/blockquote>\n\n\n\n<p>Mais il en va de Ramla comme de Hindou et de toutes les autres femmes. Elles n&rsquo;ont rien \u00e0 dire, on leur explique leurs devoirs et jamais leurs droits. Alors elles se plient \u00e0 la r\u00e8gle et subissent les coups ainsi que le viol conjugal qui fait furieusement penser \u00e0 ce que dit Balzac dans la <a rel=\"noreferrer noopener\" href=\"http:\/\/surbooke.fr\/wordpress\/?p=2415\" target=\"_blank\"><strong>biographie<\/strong><\/a> que lui a consacr\u00e9e Titiou Lecocq : \u00ab&nbsp;<em>Ne commencez jamais le mariage par un viol. Le sort du m\u00e9nage d\u00e9pend de la premi\u00e8re nuit<\/em>&nbsp;\u00bb. Au Nord-Cameroun on ne s&rsquo;en soucie gu\u00e8re. Les jeunes femmes sont en plus soumises au chantage : toute r\u00e9volte se retournera contre leur m\u00e8re qui sera punie voire r\u00e9pudi\u00e9e pour ne pas avoir \u00e9lev\u00e9 correctement ses filles. L&rsquo;arriv\u00e9e d&rsquo;une nouvelle \u00e9pouse g\u00e9n\u00e8re aussi des conflits avec les autres femmes du mari, qui tentent de pr\u00e9server leur situation. Alors place \u00e0 une longue s\u00e9rie d&rsquo;humiliations. Les marabouts et leurs potions secr\u00e8tes n&rsquo;y changent rien. Sauf celui qui recommande \u00e0 Safira de lui ramener trois brins de moustaches d&rsquo;un lion afin qu&rsquo;il puisse lui confectionner une amulette. Une fois cette \u00e9preuve pass\u00e9e, il lui explique comment l&rsquo;utiliser. Apprivoise ton mari comme&nbsp;tu l&rsquo;as fait avec le lion et il sera \u00e0 toi. On vous l&rsquo;avait dit, il y a encore de l&rsquo;espoir.<\/p>\n\n\n\n<figure class=\"wp-block-embed is-type-video is-provider-youtube wp-block-embed-youtube wp-embed-aspect-16-9 wp-has-aspect-ratio\"><div class=\"wp-block-embed__wrapper\">\n<iframe loading=\"lazy\" title=\"Et si vous me disiez toute la v\u00e9rit\u00e9 : Entretien avec Dja\u00efli Amadou Amal, men\u00e9 par Denise Epot\u00e9\" width=\"640\" height=\"360\" src=\"https:\/\/www.youtube.com\/embed\/O9N7YfAS5Jo?feature=oembed\" frameborder=\"0\" allow=\"accelerometer; autoplay; clipboard-write; encrypted-media; gyroscope; picture-in-picture; web-share\" referrerpolicy=\"strict-origin-when-cross-origin\" allowfullscreen><\/iframe>\n<\/div><\/figure>\n\n\n\n<p><\/p>\n","protected":false},"excerpt":{"rendered":"<p>C&rsquo;est rude, fort, violent. Mais aussi enthousiasmant et plaisant \u00e0 lire. Rude parce que la place des femmes chez les Peuls du Nord-Cameroun est tout sauf enviable. Enthousiasmant car le message que fait passer Dja\u00efli Amadou Amal laisse entrevoir des am\u00e9liorations, au moins pour les plus jeunes qui ont \u00e9t\u00e9 \u00e9duqu\u00e9es. Et plaisant \u00e0 lire [&hellip;]<\/p>\n","protected":false},"author":8,"featured_media":18548,"comment_status":"open","ping_status":"open","sticky":false,"template":"","format":"standard","meta":{"footnotes":""},"categories":[81,3],"tags":[80],"class_list":["post-4953","post","type-post","status-publish","format-standard","has-post-thumbnail","hentry","category-roman-camerounais","category-coup-de-coeur","tag-emmanuelle-colas"],"yoast_head":"<!-- This site is optimized with the Yoast SEO plugin v27.5 - https:\/\/yoast.com\/product\/yoast-seo-wordpress\/ -->\n<title>Les impatientes, Dja\u00efli Amadou Amal, \u00c9ditions Emmanuelle Collas - Surbook\u00e9<\/title>\n<meta name=\"robots\" content=\"index, follow, max-snippet:-1, max-image-preview:large, max-video-preview:-1\" \/>\n<link rel=\"canonical\" href=\"https:\/\/surbooke.fr\/wordpress\/2020\/12\/04\/les-impatientes-djaili-amadou-amal-editions-emanuelle-collas\/\" \/>\n<meta property=\"og:locale\" content=\"fr_FR\" \/>\n<meta property=\"og:type\" content=\"article\" \/>\n<meta property=\"og:title\" content=\"Les impatientes, Dja\u00efli Amadou Amal, \u00c9ditions Emmanuelle Collas - Surbook\u00e9\" \/>\n<meta property=\"og:description\" content=\"C&rsquo;est rude, fort, violent. Mais aussi enthousiasmant et plaisant \u00e0 lire. Rude parce que la place des femmes chez les Peuls du Nord-Cameroun est tout sauf enviable. Enthousiasmant car le message que fait passer Dja\u00efli Amadou Amal laisse entrevoir des am\u00e9liorations, au moins pour les plus jeunes qui ont \u00e9t\u00e9 \u00e9duqu\u00e9es. Et plaisant \u00e0 lire [&hellip;]\" \/>\n<meta property=\"og:url\" content=\"https:\/\/surbooke.fr\/wordpress\/2020\/12\/04\/les-impatientes-djaili-amadou-amal-editions-emanuelle-collas\/\" \/>\n<meta property=\"og:site_name\" content=\"Surbook\u00e9\" \/>\n<meta property=\"article:published_time\" content=\"2020-12-04T13:15:39+00:00\" \/>\n<meta property=\"article:modified_time\" content=\"2022-07-06T20:26:53+00:00\" \/>\n<meta name=\"author\" content=\"Laurent Bisault\" \/>\n<meta name=\"twitter:card\" content=\"summary_large_image\" \/>\n<meta name=\"twitter:creator\" content=\"@LaurentBisault\" \/>\n<meta name=\"twitter:label1\" content=\"\u00c9crit par\" \/>\n\t<meta name=\"twitter:data1\" content=\"Laurent Bisault\" \/>\n\t<meta name=\"twitter:label2\" content=\"Dur\u00e9e de lecture estim\u00e9e\" \/>\n\t<meta name=\"twitter:data2\" content=\"3 minutes\" \/>\n<script type=\"application\/ld+json\" class=\"yoast-schema-graph\">{\"@context\":\"https:\\\/\\\/schema.org\",\"@graph\":[{\"@type\":\"Article\",\"@id\":\"https:\\\/\\\/surbooke.fr\\\/wordpress\\\/2020\\\/12\\\/04\\\/les-impatientes-djaili-amadou-amal-editions-emanuelle-collas\\\/#article\",\"isPartOf\":{\"@id\":\"https:\\\/\\\/surbooke.fr\\\/wordpress\\\/2020\\\/12\\\/04\\\/les-impatientes-djaili-amadou-amal-editions-emanuelle-collas\\\/\"},\"author\":{\"name\":\"Laurent Bisault\",\"@id\":\"https:\\\/\\\/surbooke.fr\\\/wordpress\\\/#\\\/schema\\\/person\\\/9c6be4d35203c76182c56b0e974807c6\"},\"headline\":\"Les impatientes, Dja\u00efli Amadou Amal, \u00c9ditions Emmanuelle Collas\",\"datePublished\":\"2020-12-04T13:15:39+00:00\",\"dateModified\":\"2022-07-06T20:26:53+00:00\",\"mainEntityOfPage\":{\"@id\":\"https:\\\/\\\/surbooke.fr\\\/wordpress\\\/2020\\\/12\\\/04\\\/les-impatientes-djaili-amadou-amal-editions-emanuelle-collas\\\/\"},\"wordCount\":602,\"commentCount\":0,\"image\":{\"@id\":\"https:\\\/\\\/surbooke.fr\\\/wordpress\\\/2020\\\/12\\\/04\\\/les-impatientes-djaili-amadou-amal-editions-emanuelle-collas\\\/#primaryimage\"},\"thumbnailUrl\":\"https:\\\/\\\/surbooke.fr\\\/wordpress\\\/wp-content\\\/uploads\\\/2020\\\/12\\\/Les-impatientes-1.jpg\",\"keywords\":[\"Emmanuelle Collas\"],\"articleSection\":[\"roman camerounais \ud83c\udde8\ud83c\uddf2\",\"\ud83e\udd0d\"],\"inLanguage\":\"fr-FR\",\"potentialAction\":[{\"@type\":\"CommentAction\",\"name\":\"Comment\",\"target\":[\"https:\\\/\\\/surbooke.fr\\\/wordpress\\\/2020\\\/12\\\/04\\\/les-impatientes-djaili-amadou-amal-editions-emanuelle-collas\\\/#respond\"]}]},{\"@type\":\"WebPage\",\"@id\":\"https:\\\/\\\/surbooke.fr\\\/wordpress\\\/2020\\\/12\\\/04\\\/les-impatientes-djaili-amadou-amal-editions-emanuelle-collas\\\/\",\"url\":\"https:\\\/\\\/surbooke.fr\\\/wordpress\\\/2020\\\/12\\\/04\\\/les-impatientes-djaili-amadou-amal-editions-emanuelle-collas\\\/\",\"name\":\"Les impatientes, Dja\u00efli Amadou Amal, \u00c9ditions Emmanuelle Collas - Surbook\u00e9\",\"isPartOf\":{\"@id\":\"https:\\\/\\\/surbooke.fr\\\/wordpress\\\/#website\"},\"primaryImageOfPage\":{\"@id\":\"https:\\\/\\\/surbooke.fr\\\/wordpress\\\/2020\\\/12\\\/04\\\/les-impatientes-djaili-amadou-amal-editions-emanuelle-collas\\\/#primaryimage\"},\"image\":{\"@id\":\"https:\\\/\\\/surbooke.fr\\\/wordpress\\\/2020\\\/12\\\/04\\\/les-impatientes-djaili-amadou-amal-editions-emanuelle-collas\\\/#primaryimage\"},\"thumbnailUrl\":\"https:\\\/\\\/surbooke.fr\\\/wordpress\\\/wp-content\\\/uploads\\\/2020\\\/12\\\/Les-impatientes-1.jpg\",\"datePublished\":\"2020-12-04T13:15:39+00:00\",\"dateModified\":\"2022-07-06T20:26:53+00:00\",\"author\":{\"@id\":\"https:\\\/\\\/surbooke.fr\\\/wordpress\\\/#\\\/schema\\\/person\\\/9c6be4d35203c76182c56b0e974807c6\"},\"breadcrumb\":{\"@id\":\"https:\\\/\\\/surbooke.fr\\\/wordpress\\\/2020\\\/12\\\/04\\\/les-impatientes-djaili-amadou-amal-editions-emanuelle-collas\\\/#breadcrumb\"},\"inLanguage\":\"fr-FR\",\"potentialAction\":[{\"@type\":\"ReadAction\",\"target\":[\"https:\\\/\\\/surbooke.fr\\\/wordpress\\\/2020\\\/12\\\/04\\\/les-impatientes-djaili-amadou-amal-editions-emanuelle-collas\\\/\"]}]},{\"@type\":\"ImageObject\",\"inLanguage\":\"fr-FR\",\"@id\":\"https:\\\/\\\/surbooke.fr\\\/wordpress\\\/2020\\\/12\\\/04\\\/les-impatientes-djaili-amadou-amal-editions-emanuelle-collas\\\/#primaryimage\",\"url\":\"https:\\\/\\\/surbooke.fr\\\/wordpress\\\/wp-content\\\/uploads\\\/2020\\\/12\\\/Les-impatientes-1.jpg\",\"contentUrl\":\"https:\\\/\\\/surbooke.fr\\\/wordpress\\\/wp-content\\\/uploads\\\/2020\\\/12\\\/Les-impatientes-1.jpg\",\"width\":720,\"height\":1095},{\"@type\":\"BreadcrumbList\",\"@id\":\"https:\\\/\\\/surbooke.fr\\\/wordpress\\\/2020\\\/12\\\/04\\\/les-impatientes-djaili-amadou-amal-editions-emanuelle-collas\\\/#breadcrumb\",\"itemListElement\":[{\"@type\":\"ListItem\",\"position\":1,\"name\":\"Accueil\",\"item\":\"https:\\\/\\\/surbooke.fr\\\/wordpress\\\/\"},{\"@type\":\"ListItem\",\"position\":2,\"name\":\"Les impatientes, Dja\u00efli Amadou Amal, \u00c9ditions Emmanuelle Collas\"}]},{\"@type\":\"WebSite\",\"@id\":\"https:\\\/\\\/surbooke.fr\\\/wordpress\\\/#website\",\"url\":\"https:\\\/\\\/surbooke.fr\\\/wordpress\\\/\",\"name\":\"Surbook\u00e9\",\"description\":\"Le blog de Laurent Bisault\",\"potentialAction\":[{\"@type\":\"SearchAction\",\"target\":{\"@type\":\"EntryPoint\",\"urlTemplate\":\"https:\\\/\\\/surbooke.fr\\\/wordpress\\\/?s={search_term_string}\"},\"query-input\":{\"@type\":\"PropertyValueSpecification\",\"valueRequired\":true,\"valueName\":\"search_term_string\"}}],\"inLanguage\":\"fr-FR\"},{\"@type\":\"Person\",\"@id\":\"https:\\\/\\\/surbooke.fr\\\/wordpress\\\/#\\\/schema\\\/person\\\/9c6be4d35203c76182c56b0e974807c6\",\"name\":\"Laurent Bisault\",\"image\":{\"@type\":\"ImageObject\",\"inLanguage\":\"fr-FR\",\"@id\":\"https:\\\/\\\/secure.gravatar.com\\\/avatar\\\/3bcd2efdfc3a3e416bea3223d3dfcd7f8845e2ca0669671d0c7ed8e84e97bfc4?s=96&d=mm&r=g\",\"url\":\"https:\\\/\\\/secure.gravatar.com\\\/avatar\\\/3bcd2efdfc3a3e416bea3223d3dfcd7f8845e2ca0669671d0c7ed8e84e97bfc4?s=96&d=mm&r=g\",\"contentUrl\":\"https:\\\/\\\/secure.gravatar.com\\\/avatar\\\/3bcd2efdfc3a3e416bea3223d3dfcd7f8845e2ca0669671d0c7ed8e84e97bfc4?s=96&d=mm&r=g\",\"caption\":\"Laurent Bisault\"},\"sameAs\":[\"https:\\\/\\\/surbooke.fr\\\/wordpress\\\/\",\"https:\\\/\\\/x.com\\\/LaurentBisault\"],\"url\":\"https:\\\/\\\/surbooke.fr\\\/wordpress\\\/author\\\/surbooke\\\/\"}]}<\/script>\n<!-- \/ Yoast SEO plugin. -->","yoast_head_json":{"title":"Les impatientes, Dja\u00efli Amadou Amal, \u00c9ditions Emmanuelle Collas - Surbook\u00e9","robots":{"index":"index","follow":"follow","max-snippet":"max-snippet:-1","max-image-preview":"max-image-preview:large","max-video-preview":"max-video-preview:-1"},"canonical":"https:\/\/surbooke.fr\/wordpress\/2020\/12\/04\/les-impatientes-djaili-amadou-amal-editions-emanuelle-collas\/","og_locale":"fr_FR","og_type":"article","og_title":"Les impatientes, Dja\u00efli Amadou Amal, \u00c9ditions Emmanuelle Collas - Surbook\u00e9","og_description":"C&rsquo;est rude, fort, violent. Mais aussi enthousiasmant et plaisant \u00e0 lire. Rude parce que la place des femmes chez les Peuls du Nord-Cameroun est tout sauf enviable. Enthousiasmant car le message que fait passer Dja\u00efli Amadou Amal laisse entrevoir des am\u00e9liorations, au moins pour les plus jeunes qui ont \u00e9t\u00e9 \u00e9duqu\u00e9es. Et plaisant \u00e0 lire [&hellip;]","og_url":"https:\/\/surbooke.fr\/wordpress\/2020\/12\/04\/les-impatientes-djaili-amadou-amal-editions-emanuelle-collas\/","og_site_name":"Surbook\u00e9","article_published_time":"2020-12-04T13:15:39+00:00","article_modified_time":"2022-07-06T20:26:53+00:00","author":"Laurent Bisault","twitter_card":"summary_large_image","twitter_creator":"@LaurentBisault","twitter_misc":{"\u00c9crit par":"Laurent Bisault","Dur\u00e9e de lecture estim\u00e9e":"3 minutes"},"schema":{"@context":"https:\/\/schema.org","@graph":[{"@type":"Article","@id":"https:\/\/surbooke.fr\/wordpress\/2020\/12\/04\/les-impatientes-djaili-amadou-amal-editions-emanuelle-collas\/#article","isPartOf":{"@id":"https:\/\/surbooke.fr\/wordpress\/2020\/12\/04\/les-impatientes-djaili-amadou-amal-editions-emanuelle-collas\/"},"author":{"name":"Laurent Bisault","@id":"https:\/\/surbooke.fr\/wordpress\/#\/schema\/person\/9c6be4d35203c76182c56b0e974807c6"},"headline":"Les impatientes, Dja\u00efli Amadou Amal, \u00c9ditions Emmanuelle Collas","datePublished":"2020-12-04T13:15:39+00:00","dateModified":"2022-07-06T20:26:53+00:00","mainEntityOfPage":{"@id":"https:\/\/surbooke.fr\/wordpress\/2020\/12\/04\/les-impatientes-djaili-amadou-amal-editions-emanuelle-collas\/"},"wordCount":602,"commentCount":0,"image":{"@id":"https:\/\/surbooke.fr\/wordpress\/2020\/12\/04\/les-impatientes-djaili-amadou-amal-editions-emanuelle-collas\/#primaryimage"},"thumbnailUrl":"https:\/\/surbooke.fr\/wordpress\/wp-content\/uploads\/2020\/12\/Les-impatientes-1.jpg","keywords":["Emmanuelle Collas"],"articleSection":["roman camerounais \ud83c\udde8\ud83c\uddf2","\ud83e\udd0d"],"inLanguage":"fr-FR","potentialAction":[{"@type":"CommentAction","name":"Comment","target":["https:\/\/surbooke.fr\/wordpress\/2020\/12\/04\/les-impatientes-djaili-amadou-amal-editions-emanuelle-collas\/#respond"]}]},{"@type":"WebPage","@id":"https:\/\/surbooke.fr\/wordpress\/2020\/12\/04\/les-impatientes-djaili-amadou-amal-editions-emanuelle-collas\/","url":"https:\/\/surbooke.fr\/wordpress\/2020\/12\/04\/les-impatientes-djaili-amadou-amal-editions-emanuelle-collas\/","name":"Les impatientes, Dja\u00efli Amadou Amal, \u00c9ditions Emmanuelle Collas - Surbook\u00e9","isPartOf":{"@id":"https:\/\/surbooke.fr\/wordpress\/#website"},"primaryImageOfPage":{"@id":"https:\/\/surbooke.fr\/wordpress\/2020\/12\/04\/les-impatientes-djaili-amadou-amal-editions-emanuelle-collas\/#primaryimage"},"image":{"@id":"https:\/\/surbooke.fr\/wordpress\/2020\/12\/04\/les-impatientes-djaili-amadou-amal-editions-emanuelle-collas\/#primaryimage"},"thumbnailUrl":"https:\/\/surbooke.fr\/wordpress\/wp-content\/uploads\/2020\/12\/Les-impatientes-1.jpg","datePublished":"2020-12-04T13:15:39+00:00","dateModified":"2022-07-06T20:26:53+00:00","author":{"@id":"https:\/\/surbooke.fr\/wordpress\/#\/schema\/person\/9c6be4d35203c76182c56b0e974807c6"},"breadcrumb":{"@id":"https:\/\/surbooke.fr\/wordpress\/2020\/12\/04\/les-impatientes-djaili-amadou-amal-editions-emanuelle-collas\/#breadcrumb"},"inLanguage":"fr-FR","potentialAction":[{"@type":"ReadAction","target":["https:\/\/surbooke.fr\/wordpress\/2020\/12\/04\/les-impatientes-djaili-amadou-amal-editions-emanuelle-collas\/"]}]},{"@type":"ImageObject","inLanguage":"fr-FR","@id":"https:\/\/surbooke.fr\/wordpress\/2020\/12\/04\/les-impatientes-djaili-amadou-amal-editions-emanuelle-collas\/#primaryimage","url":"https:\/\/surbooke.fr\/wordpress\/wp-content\/uploads\/2020\/12\/Les-impatientes-1.jpg","contentUrl":"https:\/\/surbooke.fr\/wordpress\/wp-content\/uploads\/2020\/12\/Les-impatientes-1.jpg","width":720,"height":1095},{"@type":"BreadcrumbList","@id":"https:\/\/surbooke.fr\/wordpress\/2020\/12\/04\/les-impatientes-djaili-amadou-amal-editions-emanuelle-collas\/#breadcrumb","itemListElement":[{"@type":"ListItem","position":1,"name":"Accueil","item":"https:\/\/surbooke.fr\/wordpress\/"},{"@type":"ListItem","position":2,"name":"Les impatientes, Dja\u00efli Amadou Amal, \u00c9ditions Emmanuelle Collas"}]},{"@type":"WebSite","@id":"https:\/\/surbooke.fr\/wordpress\/#website","url":"https:\/\/surbooke.fr\/wordpress\/","name":"Surbook\u00e9","description":"Le blog de Laurent Bisault","potentialAction":[{"@type":"SearchAction","target":{"@type":"EntryPoint","urlTemplate":"https:\/\/surbooke.fr\/wordpress\/?s={search_term_string}"},"query-input":{"@type":"PropertyValueSpecification","valueRequired":true,"valueName":"search_term_string"}}],"inLanguage":"fr-FR"},{"@type":"Person","@id":"https:\/\/surbooke.fr\/wordpress\/#\/schema\/person\/9c6be4d35203c76182c56b0e974807c6","name":"Laurent Bisault","image":{"@type":"ImageObject","inLanguage":"fr-FR","@id":"https:\/\/secure.gravatar.com\/avatar\/3bcd2efdfc3a3e416bea3223d3dfcd7f8845e2ca0669671d0c7ed8e84e97bfc4?s=96&d=mm&r=g","url":"https:\/\/secure.gravatar.com\/avatar\/3bcd2efdfc3a3e416bea3223d3dfcd7f8845e2ca0669671d0c7ed8e84e97bfc4?s=96&d=mm&r=g","contentUrl":"https:\/\/secure.gravatar.com\/avatar\/3bcd2efdfc3a3e416bea3223d3dfcd7f8845e2ca0669671d0c7ed8e84e97bfc4?s=96&d=mm&r=g","caption":"Laurent Bisault"},"sameAs":["https:\/\/surbooke.fr\/wordpress\/","https:\/\/x.com\/LaurentBisault"],"url":"https:\/\/surbooke.fr\/wordpress\/author\/surbooke\/"}]}},"_links":{"self":[{"href":"https:\/\/surbooke.fr\/wordpress\/wp-json\/wp\/v2\/posts\/4953","targetHints":{"allow":["GET"]}}],"collection":[{"href":"https:\/\/surbooke.fr\/wordpress\/wp-json\/wp\/v2\/posts"}],"about":[{"href":"https:\/\/surbooke.fr\/wordpress\/wp-json\/wp\/v2\/types\/post"}],"author":[{"embeddable":true,"href":"https:\/\/surbooke.fr\/wordpress\/wp-json\/wp\/v2\/users\/8"}],"replies":[{"embeddable":true,"href":"https:\/\/surbooke.fr\/wordpress\/wp-json\/wp\/v2\/comments?post=4953"}],"version-history":[{"count":0,"href":"https:\/\/surbooke.fr\/wordpress\/wp-json\/wp\/v2\/posts\/4953\/revisions"}],"wp:featuredmedia":[{"embeddable":true,"href":"https:\/\/surbooke.fr\/wordpress\/wp-json\/wp\/v2\/media\/18548"}],"wp:attachment":[{"href":"https:\/\/surbooke.fr\/wordpress\/wp-json\/wp\/v2\/media?parent=4953"}],"wp:term":[{"taxonomy":"category","embeddable":true,"href":"https:\/\/surbooke.fr\/wordpress\/wp-json\/wp\/v2\/categories?post=4953"},{"taxonomy":"post_tag","embeddable":true,"href":"https:\/\/surbooke.fr\/wordpress\/wp-json\/wp\/v2\/tags?post=4953"}],"curies":[{"name":"wp","href":"https:\/\/api.w.org\/{rel}","templated":true}]}}