{"id":5421,"date":"2020-12-15T12:11:29","date_gmt":"2020-12-15T11:11:29","guid":{"rendered":"http:\/\/surbooke.fr\/wordpress\/?p=5421"},"modified":"2022-07-06T22:23:15","modified_gmt":"2022-07-06T20:23:15","slug":"lanomalie-herve-le-tellier-editions-gallimard","status":"publish","type":"post","link":"https:\/\/surbooke.fr\/wordpress\/2020\/12\/15\/lanomalie-herve-le-tellier-editions-gallimard\/","title":{"rendered":"L&rsquo;Anomalie, Herv\u00e9 Le Tellier, \u00c9ditions Gallimard"},"content":{"rendered":"\n<p><strong>Alors ce Goncourt ? <\/strong>Car au cas o\u00f9 cela vous aurait \u00e9chapp\u00e9, <em>L&rsquo;Anomalie<\/em> d&rsquo;Herv\u00e9 Le Tellier vient d&rsquo;\u00eatre couronn\u00e9 du plus prestigieux prix litt\u00e9raire de l&rsquo;ann\u00e9e. Celui qui garantit \u00e0 son auteur de pouvoir vivre de sa plume pendant un bon bout de temps, en transformant son bouquin en cadeau id\u00e9al \u00e0 placer sous le sapin. Reste \u00e0 d\u00e9terminer \u00e0 qui vous allez l&rsquo;offrir. \u00c0 ceux qui vous ravissent depuis le jour de votre naissance, ou \u00e0 ce tonton que vous consid\u00e9rez comme la honte de la famille. Ce n&rsquo;est pas si simple de r\u00e9pondre \u00e0 la question. Pourtant l&rsquo;attribution du Goncourt 2020 n&rsquo;a donn\u00e9 lieu \u00e0 aucun suspense. Le Tellier s&rsquo;est balad\u00e9, \u00e9crasant ses trois derniers concurrents lors du sprint final. Mais comme le plaisir livresque est tout sauf une v\u00e9rit\u00e9 scientifique, il y en a toujours qui bougonnent. C&rsquo;\u00e9tait pas lui le meilleur, c&rsquo;\u00e9tait l&rsquo;autre ! Vendus les arbitres, les affam\u00e9s de chez Drouant ! \u00c0 croire que la litt\u00e9rature c&rsquo;est comme le foot, avec juste des compagnons ou des compagnes un peu moins d\u00e9nud\u00e9s sur Instagram pour les \u00e9crivains que pour les rois du ballon. Tenez, prenez Marceline Bodier la renomm\u00e9e collaboratrice de la rubrique Livres de <em>20 Minutes<\/em> et abonn\u00e9e \u00e0 ce blog, ce qui atteste de sa qualit\u00e9. On parle du blog, pas de Marceline, car pour elle la question ne se pose plus. Marceline elle l&rsquo;a trouv\u00e9  \u00ab <em>s\u00e9duisant mais c\u00e9r\u00e9bral<\/em>  \u00bb le Le Tellier. Elle aurait pr\u00e9f\u00e9r\u00e9 <em><a rel=\"noreferrer noopener\" aria-label=\"Les impatientes (s\u2019ouvre dans un nouvel onglet)\" href=\"https:\/\/surbooke.fr\/wordpress\/?p=4953\" target=\"_blank\">Les impatientes<\/a><\/em> de Dja\u00efli Amadou Amal. C&rsquo;est vrai qu&rsquo;il est zarbi le bouquin de Le Tellier, inclassable, multiple, charmeur, horripilant. Roman d&rsquo;anticipation, thriller, roman d&rsquo;amour. La r\u00e8gle non-\u00e9crite de ce blog \u00e9tant de ne parler que des livres qu&rsquo;on a aim\u00e9s, la question s&rsquo;est pos\u00e9e de savoir quoi faire. Au d\u00e9but on est s\u00e9duit par la virtuosit\u00e9 de l&rsquo;auteur. C&rsquo;est dur de parler de la mani\u00e8re d&rsquo;\u00e9crire. Disons qu&rsquo;Herv\u00e9 Le Tellier \u00e9crit vraiment bien. On est \u00e9bahi par la construction du livre. Au cin\u00e9ma on louerait le montage du film. Des personnages partout, dont on a h\u00e2te de comprendre ce qui les relie. Il y a Blake comme William Blake, le po\u00e8te britannique du XVIIIe. Blake le technicien de la mort, pas un vicelard. Un rigoureux dans tout ce qu&rsquo;il fait. On ne nous le dit pas, mais Blake a un profil \u00e0 utiliser du matos Makita. S\u00fbrement pas de l&rsquo;entr\u00e9e de gamme Leroy Merlin pour d\u00e9couper un corps.<\/p>\n\n\n\n<blockquote class=\"wp-block-quote has-text-align-center is-style-large is-layout-flow wp-block-quote-is-layout-flow\"><p>Comme les Ricains sont des gens s\u00e9rieux, l&rsquo;affaire est prise en main par toutes les agences de s\u00e9curit\u00e9 \u00e9tats-uniennes<\/p><\/blockquote>\n\n\n\n<p>Il y a Victor Miesel \u00e9crivain dont les livres ne se vendent pas, et qui tire ses revenus de traductions. Pas du genre \u00e0 se chopper le Goncourt mais quand m\u00eame. Son dernier roman publi\u00e9 aux \u00e9ditions de l&rsquo;Oranger s&rsquo;intitule <em>L&rsquo;Anomalie<\/em>. Pure co\u00efncidence. Et puis Lucie Bogaert monteuse cin\u00e9matographique qui s&rsquo;\u00e9prend d&rsquo;Andr\u00e9 architecte de renom. C&rsquo;est lui qui a fait les premiers pas, mais Lucie a pris son temps avant d&rsquo;accepter. Et puis non. Lucie s&rsquo;est lass\u00e9e. Andr\u00e9 est trop envahissant, trop possessif, toujours \u00e0 exhiber son troph\u00e9e. Trop vieux \u00e9galement. David Markle aussi, 40 ans, vivant \u00e0 New-York, qui apprend de son fr\u00e8re m\u00e9decin qu&rsquo;il a une tumeur au pancr\u00e9as. Stade 4, trop avanc\u00e9e pour une op\u00e9ration. C&rsquo;est David qui pilotait l&rsquo;avion r\u00e9cemment utilis\u00e9 par Victor Miesel pour aller de Paris \u00e0 New-York. L&rsquo;avion o\u00f9 se trouvaient aussi Blake et Lucie. Une horreur ce voyage, tellement chahut\u00e9 par la m\u00e9t\u00e9o que passagers, personnels de bord et pilotes ont bien cru leur derni\u00e8re heure arriver. Dans le roman on croise \u00e9galement Clark Kleffman militaire am\u00e9ricain de retour d&rsquo;Afghanistan, Joanna Wasserman avocate noire qui d\u00e9fend un fabricant d&rsquo;insecticide canc\u00e9rig\u00e8ne, Slimboy roi nig\u00e9rian de la pop africaine. Et Adrian Miller math\u00e9maticien de haut vol, tellement fort qu&rsquo;il fr\u00e9quente une m\u00e9daille Field. Pas C\u00e9dric Villani, Miller n&rsquo;a pas une t\u00eate \u00e0 aimer les araign\u00e9es. Il enseigne \u00e0 Princeton ce qui doit en jeter dans un d\u00eener en ville et probablement aussi \u00e0 la campagne. Tous ces personnages et d&rsquo;autres encore ont en commun d&rsquo;avoir voyag\u00e9 deux fois sur un vol Air France entre Paris et New-York \u00e0 106 jours d&rsquo;intervalle. Mais l&rsquo;important n&rsquo;est pas l\u00e0. L&rsquo;important est quand le second vol atterrit, ses passagers sont simultan\u00e9ment pr\u00e9sents dans l&rsquo;avion et ailleurs dans le monde. Ils ont un double. Comme les Ricains sont des gens s\u00e9rieux, l&rsquo;affaire est prise en main par toutes les agences de s\u00e9curit\u00e9 \u00e9tats-uniennes. \u00c0 partir de ce moment on adh\u00e8re ou pas au livre. C&rsquo;est parfois dr\u00f4le quand le pr\u00e9sident am\u00e9ricain appelle Xi Jinping pour lui annoncer que quelques-uns de ses concitoyens sont dans le second zing que son arm\u00e9e vient d&rsquo;arraisonner. Il ne sait pas comment lui d\u00e9crire ce qui se passe. Au point que son homologue chinois finit par lui dire qu&rsquo;observer un avion se poser plusieurs fois au m\u00eame endroit, c&rsquo;est assez commun. Surtout pour un vol r\u00e9gulier. Pourtant, celui qui n&rsquo;est ni Trump ni Biden, fait de son mieux en \u00e9tant constamment entour\u00e9 de scientifiques \u00e0 qui il passe volontiers la main. Et \u00e7a \u00e7a nous rappelle quelque chose. Alors \u00e0 vous de voir si cela vous dit. Ou si vous pr\u00e9f\u00e9rez r\u00e9server ce livre \u00e0 votre tonton favori.<\/p>\n","protected":false},"excerpt":{"rendered":"<p>Alors ce Goncourt ? Car au cas o\u00f9 cela vous aurait \u00e9chapp\u00e9, L&rsquo;Anomalie d&rsquo;Herv\u00e9 Le Tellier vient d&rsquo;\u00eatre couronn\u00e9 du plus prestigieux prix litt\u00e9raire de l&rsquo;ann\u00e9e. Celui qui garantit \u00e0 son auteur de pouvoir vivre de sa plume pendant un bon bout de temps, en transformant son bouquin en cadeau id\u00e9al \u00e0 placer sous le [&hellip;]<\/p>\n","protected":false},"author":8,"featured_media":18538,"comment_status":"open","ping_status":"open","sticky":false,"template":"","format":"standard","meta":{"footnotes":""},"categories":[15],"tags":[27],"class_list":["post-5421","post","type-post","status-publish","format-standard","has-post-thumbnail","hentry","category-roman-francais","tag-gallimard"],"yoast_head":"<!-- This site is optimized with the Yoast SEO plugin v27.5 - https:\/\/yoast.com\/product\/yoast-seo-wordpress\/ -->\n<title>L&#039;Anomalie, Herv\u00e9 Le Tellier, \u00c9ditions Gallimard - Surbook\u00e9<\/title>\n<meta name=\"robots\" content=\"index, follow, max-snippet:-1, max-image-preview:large, max-video-preview:-1\" \/>\n<link rel=\"canonical\" href=\"https:\/\/surbooke.fr\/wordpress\/2020\/12\/15\/lanomalie-herve-le-tellier-editions-gallimard\/\" \/>\n<meta property=\"og:locale\" content=\"fr_FR\" \/>\n<meta property=\"og:type\" content=\"article\" \/>\n<meta property=\"og:title\" content=\"L&#039;Anomalie, Herv\u00e9 Le Tellier, \u00c9ditions Gallimard - Surbook\u00e9\" \/>\n<meta property=\"og:description\" content=\"Alors ce Goncourt ? Car au cas o\u00f9 cela vous aurait \u00e9chapp\u00e9, L&rsquo;Anomalie d&rsquo;Herv\u00e9 Le Tellier vient d&rsquo;\u00eatre couronn\u00e9 du plus prestigieux prix litt\u00e9raire de l&rsquo;ann\u00e9e. Celui qui garantit \u00e0 son auteur de pouvoir vivre de sa plume pendant un bon bout de temps, en transformant son bouquin en cadeau id\u00e9al \u00e0 placer sous le [&hellip;]\" \/>\n<meta property=\"og:url\" content=\"https:\/\/surbooke.fr\/wordpress\/2020\/12\/15\/lanomalie-herve-le-tellier-editions-gallimard\/\" \/>\n<meta property=\"og:site_name\" content=\"Surbook\u00e9\" \/>\n<meta property=\"article:published_time\" content=\"2020-12-15T11:11:29+00:00\" \/>\n<meta property=\"article:modified_time\" content=\"2022-07-06T20:23:15+00:00\" \/>\n<meta name=\"author\" content=\"Laurent Bisault\" \/>\n<meta name=\"twitter:card\" content=\"summary_large_image\" \/>\n<meta name=\"twitter:creator\" content=\"@LaurentBisault\" \/>\n<meta name=\"twitter:label1\" content=\"\u00c9crit par\" \/>\n\t<meta name=\"twitter:data1\" content=\"Laurent Bisault\" \/>\n\t<meta name=\"twitter:label2\" content=\"Dur\u00e9e de lecture estim\u00e9e\" \/>\n\t<meta name=\"twitter:data2\" content=\"5 minutes\" \/>\n<script type=\"application\/ld+json\" class=\"yoast-schema-graph\">{\"@context\":\"https:\\\/\\\/schema.org\",\"@graph\":[{\"@type\":\"Article\",\"@id\":\"https:\\\/\\\/surbooke.fr\\\/wordpress\\\/2020\\\/12\\\/15\\\/lanomalie-herve-le-tellier-editions-gallimard\\\/#article\",\"isPartOf\":{\"@id\":\"https:\\\/\\\/surbooke.fr\\\/wordpress\\\/2020\\\/12\\\/15\\\/lanomalie-herve-le-tellier-editions-gallimard\\\/\"},\"author\":{\"name\":\"Laurent Bisault\",\"@id\":\"https:\\\/\\\/surbooke.fr\\\/wordpress\\\/#\\\/schema\\\/person\\\/9c6be4d35203c76182c56b0e974807c6\"},\"headline\":\"L&rsquo;Anomalie, Herv\u00e9 Le Tellier, \u00c9ditions Gallimard\",\"datePublished\":\"2020-12-15T11:11:29+00:00\",\"dateModified\":\"2022-07-06T20:23:15+00:00\",\"mainEntityOfPage\":{\"@id\":\"https:\\\/\\\/surbooke.fr\\\/wordpress\\\/2020\\\/12\\\/15\\\/lanomalie-herve-le-tellier-editions-gallimard\\\/\"},\"wordCount\":971,\"commentCount\":2,\"image\":{\"@id\":\"https:\\\/\\\/surbooke.fr\\\/wordpress\\\/2020\\\/12\\\/15\\\/lanomalie-herve-le-tellier-editions-gallimard\\\/#primaryimage\"},\"thumbnailUrl\":\"https:\\\/\\\/surbooke.fr\\\/wordpress\\\/wp-content\\\/uploads\\\/2020\\\/12\\\/LAnomalie.jpeg\",\"keywords\":[\"Gallimard\"],\"articleSection\":[\"roman fran\u00e7ais \ud83c\uddeb\ud83c\uddf7\"],\"inLanguage\":\"fr-FR\",\"potentialAction\":[{\"@type\":\"CommentAction\",\"name\":\"Comment\",\"target\":[\"https:\\\/\\\/surbooke.fr\\\/wordpress\\\/2020\\\/12\\\/15\\\/lanomalie-herve-le-tellier-editions-gallimard\\\/#respond\"]}]},{\"@type\":\"WebPage\",\"@id\":\"https:\\\/\\\/surbooke.fr\\\/wordpress\\\/2020\\\/12\\\/15\\\/lanomalie-herve-le-tellier-editions-gallimard\\\/\",\"url\":\"https:\\\/\\\/surbooke.fr\\\/wordpress\\\/2020\\\/12\\\/15\\\/lanomalie-herve-le-tellier-editions-gallimard\\\/\",\"name\":\"L'Anomalie, Herv\u00e9 Le Tellier, \u00c9ditions Gallimard - Surbook\u00e9\",\"isPartOf\":{\"@id\":\"https:\\\/\\\/surbooke.fr\\\/wordpress\\\/#website\"},\"primaryImageOfPage\":{\"@id\":\"https:\\\/\\\/surbooke.fr\\\/wordpress\\\/2020\\\/12\\\/15\\\/lanomalie-herve-le-tellier-editions-gallimard\\\/#primaryimage\"},\"image\":{\"@id\":\"https:\\\/\\\/surbooke.fr\\\/wordpress\\\/2020\\\/12\\\/15\\\/lanomalie-herve-le-tellier-editions-gallimard\\\/#primaryimage\"},\"thumbnailUrl\":\"https:\\\/\\\/surbooke.fr\\\/wordpress\\\/wp-content\\\/uploads\\\/2020\\\/12\\\/LAnomalie.jpeg\",\"datePublished\":\"2020-12-15T11:11:29+00:00\",\"dateModified\":\"2022-07-06T20:23:15+00:00\",\"author\":{\"@id\":\"https:\\\/\\\/surbooke.fr\\\/wordpress\\\/#\\\/schema\\\/person\\\/9c6be4d35203c76182c56b0e974807c6\"},\"breadcrumb\":{\"@id\":\"https:\\\/\\\/surbooke.fr\\\/wordpress\\\/2020\\\/12\\\/15\\\/lanomalie-herve-le-tellier-editions-gallimard\\\/#breadcrumb\"},\"inLanguage\":\"fr-FR\",\"potentialAction\":[{\"@type\":\"ReadAction\",\"target\":[\"https:\\\/\\\/surbooke.fr\\\/wordpress\\\/2020\\\/12\\\/15\\\/lanomalie-herve-le-tellier-editions-gallimard\\\/\"]}]},{\"@type\":\"ImageObject\",\"inLanguage\":\"fr-FR\",\"@id\":\"https:\\\/\\\/surbooke.fr\\\/wordpress\\\/2020\\\/12\\\/15\\\/lanomalie-herve-le-tellier-editions-gallimard\\\/#primaryimage\",\"url\":\"https:\\\/\\\/surbooke.fr\\\/wordpress\\\/wp-content\\\/uploads\\\/2020\\\/12\\\/LAnomalie.jpeg\",\"contentUrl\":\"https:\\\/\\\/surbooke.fr\\\/wordpress\\\/wp-content\\\/uploads\\\/2020\\\/12\\\/LAnomalie.jpeg\",\"width\":340,\"height\":374},{\"@type\":\"BreadcrumbList\",\"@id\":\"https:\\\/\\\/surbooke.fr\\\/wordpress\\\/2020\\\/12\\\/15\\\/lanomalie-herve-le-tellier-editions-gallimard\\\/#breadcrumb\",\"itemListElement\":[{\"@type\":\"ListItem\",\"position\":1,\"name\":\"Accueil\",\"item\":\"https:\\\/\\\/surbooke.fr\\\/wordpress\\\/\"},{\"@type\":\"ListItem\",\"position\":2,\"name\":\"L&#8217;Anomalie, Herv\u00e9 Le Tellier, \u00c9ditions Gallimard\"}]},{\"@type\":\"WebSite\",\"@id\":\"https:\\\/\\\/surbooke.fr\\\/wordpress\\\/#website\",\"url\":\"https:\\\/\\\/surbooke.fr\\\/wordpress\\\/\",\"name\":\"Surbook\u00e9\",\"description\":\"Le blog de Laurent Bisault\",\"potentialAction\":[{\"@type\":\"SearchAction\",\"target\":{\"@type\":\"EntryPoint\",\"urlTemplate\":\"https:\\\/\\\/surbooke.fr\\\/wordpress\\\/?s={search_term_string}\"},\"query-input\":{\"@type\":\"PropertyValueSpecification\",\"valueRequired\":true,\"valueName\":\"search_term_string\"}}],\"inLanguage\":\"fr-FR\"},{\"@type\":\"Person\",\"@id\":\"https:\\\/\\\/surbooke.fr\\\/wordpress\\\/#\\\/schema\\\/person\\\/9c6be4d35203c76182c56b0e974807c6\",\"name\":\"Laurent Bisault\",\"image\":{\"@type\":\"ImageObject\",\"inLanguage\":\"fr-FR\",\"@id\":\"https:\\\/\\\/secure.gravatar.com\\\/avatar\\\/3bcd2efdfc3a3e416bea3223d3dfcd7f8845e2ca0669671d0c7ed8e84e97bfc4?s=96&d=mm&r=g\",\"url\":\"https:\\\/\\\/secure.gravatar.com\\\/avatar\\\/3bcd2efdfc3a3e416bea3223d3dfcd7f8845e2ca0669671d0c7ed8e84e97bfc4?s=96&d=mm&r=g\",\"contentUrl\":\"https:\\\/\\\/secure.gravatar.com\\\/avatar\\\/3bcd2efdfc3a3e416bea3223d3dfcd7f8845e2ca0669671d0c7ed8e84e97bfc4?s=96&d=mm&r=g\",\"caption\":\"Laurent Bisault\"},\"sameAs\":[\"https:\\\/\\\/surbooke.fr\\\/wordpress\\\/\",\"https:\\\/\\\/x.com\\\/LaurentBisault\"],\"url\":\"https:\\\/\\\/surbooke.fr\\\/wordpress\\\/author\\\/surbooke\\\/\"}]}<\/script>\n<!-- \/ Yoast SEO plugin. -->","yoast_head_json":{"title":"L'Anomalie, Herv\u00e9 Le Tellier, \u00c9ditions Gallimard - Surbook\u00e9","robots":{"index":"index","follow":"follow","max-snippet":"max-snippet:-1","max-image-preview":"max-image-preview:large","max-video-preview":"max-video-preview:-1"},"canonical":"https:\/\/surbooke.fr\/wordpress\/2020\/12\/15\/lanomalie-herve-le-tellier-editions-gallimard\/","og_locale":"fr_FR","og_type":"article","og_title":"L'Anomalie, Herv\u00e9 Le Tellier, \u00c9ditions Gallimard - Surbook\u00e9","og_description":"Alors ce Goncourt ? Car au cas o\u00f9 cela vous aurait \u00e9chapp\u00e9, L&rsquo;Anomalie d&rsquo;Herv\u00e9 Le Tellier vient d&rsquo;\u00eatre couronn\u00e9 du plus prestigieux prix litt\u00e9raire de l&rsquo;ann\u00e9e. Celui qui garantit \u00e0 son auteur de pouvoir vivre de sa plume pendant un bon bout de temps, en transformant son bouquin en cadeau id\u00e9al \u00e0 placer sous le [&hellip;]","og_url":"https:\/\/surbooke.fr\/wordpress\/2020\/12\/15\/lanomalie-herve-le-tellier-editions-gallimard\/","og_site_name":"Surbook\u00e9","article_published_time":"2020-12-15T11:11:29+00:00","article_modified_time":"2022-07-06T20:23:15+00:00","author":"Laurent Bisault","twitter_card":"summary_large_image","twitter_creator":"@LaurentBisault","twitter_misc":{"\u00c9crit par":"Laurent Bisault","Dur\u00e9e de lecture estim\u00e9e":"5 minutes"},"schema":{"@context":"https:\/\/schema.org","@graph":[{"@type":"Article","@id":"https:\/\/surbooke.fr\/wordpress\/2020\/12\/15\/lanomalie-herve-le-tellier-editions-gallimard\/#article","isPartOf":{"@id":"https:\/\/surbooke.fr\/wordpress\/2020\/12\/15\/lanomalie-herve-le-tellier-editions-gallimard\/"},"author":{"name":"Laurent Bisault","@id":"https:\/\/surbooke.fr\/wordpress\/#\/schema\/person\/9c6be4d35203c76182c56b0e974807c6"},"headline":"L&rsquo;Anomalie, Herv\u00e9 Le Tellier, \u00c9ditions Gallimard","datePublished":"2020-12-15T11:11:29+00:00","dateModified":"2022-07-06T20:23:15+00:00","mainEntityOfPage":{"@id":"https:\/\/surbooke.fr\/wordpress\/2020\/12\/15\/lanomalie-herve-le-tellier-editions-gallimard\/"},"wordCount":971,"commentCount":2,"image":{"@id":"https:\/\/surbooke.fr\/wordpress\/2020\/12\/15\/lanomalie-herve-le-tellier-editions-gallimard\/#primaryimage"},"thumbnailUrl":"https:\/\/surbooke.fr\/wordpress\/wp-content\/uploads\/2020\/12\/LAnomalie.jpeg","keywords":["Gallimard"],"articleSection":["roman fran\u00e7ais \ud83c\uddeb\ud83c\uddf7"],"inLanguage":"fr-FR","potentialAction":[{"@type":"CommentAction","name":"Comment","target":["https:\/\/surbooke.fr\/wordpress\/2020\/12\/15\/lanomalie-herve-le-tellier-editions-gallimard\/#respond"]}]},{"@type":"WebPage","@id":"https:\/\/surbooke.fr\/wordpress\/2020\/12\/15\/lanomalie-herve-le-tellier-editions-gallimard\/","url":"https:\/\/surbooke.fr\/wordpress\/2020\/12\/15\/lanomalie-herve-le-tellier-editions-gallimard\/","name":"L'Anomalie, Herv\u00e9 Le Tellier, \u00c9ditions Gallimard - Surbook\u00e9","isPartOf":{"@id":"https:\/\/surbooke.fr\/wordpress\/#website"},"primaryImageOfPage":{"@id":"https:\/\/surbooke.fr\/wordpress\/2020\/12\/15\/lanomalie-herve-le-tellier-editions-gallimard\/#primaryimage"},"image":{"@id":"https:\/\/surbooke.fr\/wordpress\/2020\/12\/15\/lanomalie-herve-le-tellier-editions-gallimard\/#primaryimage"},"thumbnailUrl":"https:\/\/surbooke.fr\/wordpress\/wp-content\/uploads\/2020\/12\/LAnomalie.jpeg","datePublished":"2020-12-15T11:11:29+00:00","dateModified":"2022-07-06T20:23:15+00:00","author":{"@id":"https:\/\/surbooke.fr\/wordpress\/#\/schema\/person\/9c6be4d35203c76182c56b0e974807c6"},"breadcrumb":{"@id":"https:\/\/surbooke.fr\/wordpress\/2020\/12\/15\/lanomalie-herve-le-tellier-editions-gallimard\/#breadcrumb"},"inLanguage":"fr-FR","potentialAction":[{"@type":"ReadAction","target":["https:\/\/surbooke.fr\/wordpress\/2020\/12\/15\/lanomalie-herve-le-tellier-editions-gallimard\/"]}]},{"@type":"ImageObject","inLanguage":"fr-FR","@id":"https:\/\/surbooke.fr\/wordpress\/2020\/12\/15\/lanomalie-herve-le-tellier-editions-gallimard\/#primaryimage","url":"https:\/\/surbooke.fr\/wordpress\/wp-content\/uploads\/2020\/12\/LAnomalie.jpeg","contentUrl":"https:\/\/surbooke.fr\/wordpress\/wp-content\/uploads\/2020\/12\/LAnomalie.jpeg","width":340,"height":374},{"@type":"BreadcrumbList","@id":"https:\/\/surbooke.fr\/wordpress\/2020\/12\/15\/lanomalie-herve-le-tellier-editions-gallimard\/#breadcrumb","itemListElement":[{"@type":"ListItem","position":1,"name":"Accueil","item":"https:\/\/surbooke.fr\/wordpress\/"},{"@type":"ListItem","position":2,"name":"L&#8217;Anomalie, Herv\u00e9 Le Tellier, \u00c9ditions Gallimard"}]},{"@type":"WebSite","@id":"https:\/\/surbooke.fr\/wordpress\/#website","url":"https:\/\/surbooke.fr\/wordpress\/","name":"Surbook\u00e9","description":"Le blog de Laurent Bisault","potentialAction":[{"@type":"SearchAction","target":{"@type":"EntryPoint","urlTemplate":"https:\/\/surbooke.fr\/wordpress\/?s={search_term_string}"},"query-input":{"@type":"PropertyValueSpecification","valueRequired":true,"valueName":"search_term_string"}}],"inLanguage":"fr-FR"},{"@type":"Person","@id":"https:\/\/surbooke.fr\/wordpress\/#\/schema\/person\/9c6be4d35203c76182c56b0e974807c6","name":"Laurent Bisault","image":{"@type":"ImageObject","inLanguage":"fr-FR","@id":"https:\/\/secure.gravatar.com\/avatar\/3bcd2efdfc3a3e416bea3223d3dfcd7f8845e2ca0669671d0c7ed8e84e97bfc4?s=96&d=mm&r=g","url":"https:\/\/secure.gravatar.com\/avatar\/3bcd2efdfc3a3e416bea3223d3dfcd7f8845e2ca0669671d0c7ed8e84e97bfc4?s=96&d=mm&r=g","contentUrl":"https:\/\/secure.gravatar.com\/avatar\/3bcd2efdfc3a3e416bea3223d3dfcd7f8845e2ca0669671d0c7ed8e84e97bfc4?s=96&d=mm&r=g","caption":"Laurent Bisault"},"sameAs":["https:\/\/surbooke.fr\/wordpress\/","https:\/\/x.com\/LaurentBisault"],"url":"https:\/\/surbooke.fr\/wordpress\/author\/surbooke\/"}]}},"_links":{"self":[{"href":"https:\/\/surbooke.fr\/wordpress\/wp-json\/wp\/v2\/posts\/5421","targetHints":{"allow":["GET"]}}],"collection":[{"href":"https:\/\/surbooke.fr\/wordpress\/wp-json\/wp\/v2\/posts"}],"about":[{"href":"https:\/\/surbooke.fr\/wordpress\/wp-json\/wp\/v2\/types\/post"}],"author":[{"embeddable":true,"href":"https:\/\/surbooke.fr\/wordpress\/wp-json\/wp\/v2\/users\/8"}],"replies":[{"embeddable":true,"href":"https:\/\/surbooke.fr\/wordpress\/wp-json\/wp\/v2\/comments?post=5421"}],"version-history":[{"count":0,"href":"https:\/\/surbooke.fr\/wordpress\/wp-json\/wp\/v2\/posts\/5421\/revisions"}],"wp:featuredmedia":[{"embeddable":true,"href":"https:\/\/surbooke.fr\/wordpress\/wp-json\/wp\/v2\/media\/18538"}],"wp:attachment":[{"href":"https:\/\/surbooke.fr\/wordpress\/wp-json\/wp\/v2\/media?parent=5421"}],"wp:term":[{"taxonomy":"category","embeddable":true,"href":"https:\/\/surbooke.fr\/wordpress\/wp-json\/wp\/v2\/categories?post=5421"},{"taxonomy":"post_tag","embeddable":true,"href":"https:\/\/surbooke.fr\/wordpress\/wp-json\/wp\/v2\/tags?post=5421"}],"curies":[{"name":"wp","href":"https:\/\/api.w.org\/{rel}","templated":true}]}}