{"id":548,"date":"2019-11-06T15:02:24","date_gmt":"2019-11-06T14:02:24","guid":{"rendered":"http:\/\/surbooke.fr\/wordpress\/?p=548"},"modified":"2022-07-28T18:49:33","modified_gmt":"2022-07-28T16:49:33","slug":"la-meute-thomas-bronnec-editions-les-arenes","status":"publish","type":"post","link":"https:\/\/surbooke.fr\/wordpress\/2019\/11\/06\/la-meute-thomas-bronnec-editions-les-arenes\/","title":{"rendered":"La meute, Thomas Bronnec, \u00c9ditions Les Ar\u00e8nes"},"content":{"rendered":"\n<p><strong>\u00ab&nbsp;Ce roman est une \u0153uvre de fiction\u00bb<\/strong>. C&rsquo;est Thomas Bronnec qui nous le dit. L&rsquo;information est bonne \u00e0 prendre parce qu&rsquo;on aurait eu tendance \u00e0 se projeter vers la r\u00e9alit\u00e9 en le lisant. Comprenez. Dans ce troisi\u00e8me volet de ce que son \u00e9diteur appelle \u00ab&nbsp;<em>l&rsquo;exploration des \u00e9lites fran\u00e7aises&nbsp;<\/em>\u00bb, Bronnec nous raconte l&rsquo;histoire d&rsquo;un ancien pr\u00e9sident de la R\u00e9publique, un socialiste pr\u00e9nomm\u00e9 Fran\u00e7ois qui cherche \u00e0 revenir aux affaires. Pas pour lui bien s\u00fbr, pour le bien du pays qu&rsquo;il a notoirement plong\u00e9 dans la mouise en acceptant un r\u00e9f\u00e9rendum sur la sortie de la France de l&rsquo;Union europ\u00e9enne. Un coup de poker pour d\u00e9stabiliser la responsable de la droite qui lui a succ\u00e9d\u00e9 en s&rsquo;alliant au Rassemblement national. Et que croyez-vous qu&rsquo;il arriv\u00e2t ? Les Fran\u00e7ais vot\u00e8rent pour le <em>Frexit<\/em>. Le vrai, le total avec sortie de l&rsquo;euro. On retrouve Fran\u00e7ois Gaborit au d\u00e9but du roman dans un meeting \u00e0 Luxeuil dans les Vosges o\u00f9 il a d\u00e9cid\u00e9 d&rsquo;entamer sa reconqu\u00eate du pouvoir. Sinc\u00e8rement, on n&rsquo;a rien contre les Luxoviens, mais il faut avoir les crocs pour commencer une campagne en leur rendant visite. D&rsquo;autant plus que le chemin s&rsquo;annonce long et p\u00e9nible, \u00e0 en croire les sondages. Mais Gaborit croit en lui. Il ne sait de toute fa\u00e7on rien faire d&rsquo;autre que de la politique. De la politique et tout ce qui va avec quand on en a atteint les plus hauts sommets, \u00e0 savoir consommer les femmes qui l&rsquo;entourent. Avec l&rsquo;\u00e2ge, l&rsquo;app\u00e9tit s&rsquo;est peut-\u00eatre calm\u00e9 mais \u00e7a fonctionne encore. Cela a \u00e9t\u00e9 sa force et cela va devenir sa faiblesse quand surgit des r\u00e9seaux sociaux une rumeur qui va tout emporter : Gaborit serait un pervers qui aurait transform\u00e9 le Fort de Br\u00e9gan\u00e7on en lupanar peupl\u00e9 de mineures. Que faire face \u00e0 cet ennemi qui avance masqu\u00e9 et que l&rsquo;on ne peut pas combattre ? Que vaut un meeting \u00e0 Luxeuil face aux<em> fake news <\/em>ou du moins ce que l&rsquo;on qualifie ainsi&nbsp;? D&rsquo;autant que Gaborit a d&rsquo;autres adversaires, \u00e0 commencer par Claire Bontems la nouvelle \u00e9g\u00e9rie de la gauche, la vraie, celle qui ne s&rsquo;est pas compromise avec le pouvoir. Sans compter sa propre s\u0153ur qui lui vaut une haine tenace et qui est la principale conseill\u00e8re de Bontems. Apr\u00e8s <em><a rel=\"noreferrer noopener\" aria-label=\"Les Initi\u00e9s (s\u2019ouvre dans un nouvel onglet)\" href=\"http:\/\/surbooke.fr\/wordpress\/?p=1191\" target=\"_blank\">Les Initi\u00e9s<\/a><\/em> puis <em><a rel=\"noreferrer noopener\" aria-label=\"En pays conquis (s\u2019ouvre dans un nouvel onglet)\" href=\"http:\/\/surbooke.fr\/wordpress\/?p=939\" target=\"_blank\">En pays conquis<\/a><\/em>, La Meute est une vraie r\u00e9ussite qui vous fait froid dans le dos. L&rsquo;histoire est crue ainsi que parfaitement cr\u00e9dible. Elle montre les connivences de la presse et du pouvoir, l&rsquo;attrait de la soci\u00e9t\u00e9 pour une transparence totale de la vie publique, au risque d&rsquo;oublier que sans respect de la vie priv\u00e9e on n&rsquo;est pas loin de la fin de la d\u00e9mocratie. Elle vaut beaucoup par ses principaux personnages. Gaborit, compl\u00e8tement d\u00e9connect\u00e9 de la vie quotidienne tant il a \u00e9t\u00e9 biberonn\u00e9 aux avantages depuis sa jeunesse. Bontems, jeune femme pr\u00eate \u00e0 beaucoup pour faire triompher ses id\u00e9es et sans doute plus pour vaincre ses d\u00e9mons personnels. Et tous ceux qui vont avec. Gr\u00e9goire Castelli, jeune conseiller en communication qui a pr\u00e9f\u00e9r\u00e9 demeurer fid\u00e8le \u00e0 son parti plut\u00f4t que d&rsquo;aller s&rsquo;enrichir dans le priv\u00e9. Sans parler de la presse qui n&rsquo;en ressort pas grandie. Heureusement, ce n&rsquo;est qu&rsquo;un roman.<\/p>\n","protected":false},"excerpt":{"rendered":"<p>\u00ab&nbsp;Ce roman est une \u0153uvre de fiction\u00bb. C&rsquo;est Thomas Bronnec qui nous le dit. L&rsquo;information est bonne \u00e0 prendre parce qu&rsquo;on aurait eu tendance \u00e0 se projeter vers la r\u00e9alit\u00e9 en le lisant. Comprenez. Dans ce troisi\u00e8me volet de ce que son \u00e9diteur appelle \u00ab&nbsp;l&rsquo;exploration des \u00e9lites fran\u00e7aises&nbsp;\u00bb, Bronnec nous raconte l&rsquo;histoire d&rsquo;un ancien pr\u00e9sident [&hellip;]<\/p>\n","protected":false},"author":8,"featured_media":19057,"comment_status":"open","ping_status":"open","sticky":false,"template":"","format":"standard","meta":{"footnotes":""},"categories":[6,3],"tags":[35],"class_list":["post-548","post","type-post","status-publish","format-standard","has-post-thumbnail","hentry","category-roman-policier-thriller","category-coup-de-coeur","tag-les-arenes"],"yoast_head":"<!-- This site is optimized with the Yoast SEO plugin v27.5 - https:\/\/yoast.com\/product\/yoast-seo-wordpress\/ -->\n<title>La meute, Thomas Bronnec, \u00c9ditions Les Ar\u00e8nes - Surbook\u00e9<\/title>\n<meta name=\"robots\" content=\"index, follow, max-snippet:-1, max-image-preview:large, max-video-preview:-1\" \/>\n<link rel=\"canonical\" href=\"https:\/\/surbooke.fr\/wordpress\/2019\/11\/06\/la-meute-thomas-bronnec-editions-les-arenes\/\" \/>\n<meta property=\"og:locale\" content=\"fr_FR\" \/>\n<meta property=\"og:type\" content=\"article\" \/>\n<meta property=\"og:title\" content=\"La meute, Thomas Bronnec, \u00c9ditions Les Ar\u00e8nes - Surbook\u00e9\" \/>\n<meta property=\"og:description\" content=\"\u00ab&nbsp;Ce roman est une \u0153uvre de fiction\u00bb. C&rsquo;est Thomas Bronnec qui nous le dit. L&rsquo;information est bonne \u00e0 prendre parce qu&rsquo;on aurait eu tendance \u00e0 se projeter vers la r\u00e9alit\u00e9 en le lisant. Comprenez. Dans ce troisi\u00e8me volet de ce que son \u00e9diteur appelle \u00ab&nbsp;l&rsquo;exploration des \u00e9lites fran\u00e7aises&nbsp;\u00bb, Bronnec nous raconte l&rsquo;histoire d&rsquo;un ancien pr\u00e9sident [&hellip;]\" \/>\n<meta property=\"og:url\" content=\"https:\/\/surbooke.fr\/wordpress\/2019\/11\/06\/la-meute-thomas-bronnec-editions-les-arenes\/\" \/>\n<meta property=\"og:site_name\" content=\"Surbook\u00e9\" \/>\n<meta property=\"article:published_time\" content=\"2019-11-06T14:02:24+00:00\" \/>\n<meta property=\"article:modified_time\" content=\"2022-07-28T16:49:33+00:00\" \/>\n<meta property=\"og:image\" content=\"https:\/\/surbooke.fr\/wordpress\/wp-content\/uploads\/2019\/11\/La-meute.png\" \/>\n\t<meta property=\"og:image:width\" content=\"600\" \/>\n\t<meta property=\"og:image:height\" content=\"315\" \/>\n\t<meta property=\"og:image:type\" content=\"image\/png\" \/>\n<meta name=\"author\" content=\"Laurent Bisault\" \/>\n<meta name=\"twitter:card\" content=\"summary_large_image\" \/>\n<meta name=\"twitter:creator\" content=\"@LaurentBisault\" \/>\n<meta name=\"twitter:label1\" content=\"\u00c9crit par\" \/>\n\t<meta name=\"twitter:data1\" content=\"Laurent Bisault\" \/>\n\t<meta name=\"twitter:label2\" content=\"Dur\u00e9e de lecture estim\u00e9e\" \/>\n\t<meta name=\"twitter:data2\" content=\"3 minutes\" \/>\n<script type=\"application\/ld+json\" class=\"yoast-schema-graph\">{\"@context\":\"https:\\\/\\\/schema.org\",\"@graph\":[{\"@type\":\"Article\",\"@id\":\"https:\\\/\\\/surbooke.fr\\\/wordpress\\\/2019\\\/11\\\/06\\\/la-meute-thomas-bronnec-editions-les-arenes\\\/#article\",\"isPartOf\":{\"@id\":\"https:\\\/\\\/surbooke.fr\\\/wordpress\\\/2019\\\/11\\\/06\\\/la-meute-thomas-bronnec-editions-les-arenes\\\/\"},\"author\":{\"name\":\"Laurent Bisault\",\"@id\":\"https:\\\/\\\/surbooke.fr\\\/wordpress\\\/#\\\/schema\\\/person\\\/9c6be4d35203c76182c56b0e974807c6\"},\"headline\":\"La meute, Thomas Bronnec, \u00c9ditions Les Ar\u00e8nes\",\"datePublished\":\"2019-11-06T14:02:24+00:00\",\"dateModified\":\"2022-07-28T16:49:33+00:00\",\"mainEntityOfPage\":{\"@id\":\"https:\\\/\\\/surbooke.fr\\\/wordpress\\\/2019\\\/11\\\/06\\\/la-meute-thomas-bronnec-editions-les-arenes\\\/\"},\"wordCount\":607,\"commentCount\":0,\"image\":{\"@id\":\"https:\\\/\\\/surbooke.fr\\\/wordpress\\\/2019\\\/11\\\/06\\\/la-meute-thomas-bronnec-editions-les-arenes\\\/#primaryimage\"},\"thumbnailUrl\":\"https:\\\/\\\/surbooke.fr\\\/wordpress\\\/wp-content\\\/uploads\\\/2019\\\/11\\\/La-meute.png\",\"keywords\":[\"Les Ar\u00e8nes\"],\"articleSection\":[\"roman policier, thriller\",\"\ud83e\udd0d\"],\"inLanguage\":\"fr-FR\",\"potentialAction\":[{\"@type\":\"CommentAction\",\"name\":\"Comment\",\"target\":[\"https:\\\/\\\/surbooke.fr\\\/wordpress\\\/2019\\\/11\\\/06\\\/la-meute-thomas-bronnec-editions-les-arenes\\\/#respond\"]}]},{\"@type\":\"WebPage\",\"@id\":\"https:\\\/\\\/surbooke.fr\\\/wordpress\\\/2019\\\/11\\\/06\\\/la-meute-thomas-bronnec-editions-les-arenes\\\/\",\"url\":\"https:\\\/\\\/surbooke.fr\\\/wordpress\\\/2019\\\/11\\\/06\\\/la-meute-thomas-bronnec-editions-les-arenes\\\/\",\"name\":\"La meute, Thomas Bronnec, \u00c9ditions Les Ar\u00e8nes - Surbook\u00e9\",\"isPartOf\":{\"@id\":\"https:\\\/\\\/surbooke.fr\\\/wordpress\\\/#website\"},\"primaryImageOfPage\":{\"@id\":\"https:\\\/\\\/surbooke.fr\\\/wordpress\\\/2019\\\/11\\\/06\\\/la-meute-thomas-bronnec-editions-les-arenes\\\/#primaryimage\"},\"image\":{\"@id\":\"https:\\\/\\\/surbooke.fr\\\/wordpress\\\/2019\\\/11\\\/06\\\/la-meute-thomas-bronnec-editions-les-arenes\\\/#primaryimage\"},\"thumbnailUrl\":\"https:\\\/\\\/surbooke.fr\\\/wordpress\\\/wp-content\\\/uploads\\\/2019\\\/11\\\/La-meute.png\",\"datePublished\":\"2019-11-06T14:02:24+00:00\",\"dateModified\":\"2022-07-28T16:49:33+00:00\",\"author\":{\"@id\":\"https:\\\/\\\/surbooke.fr\\\/wordpress\\\/#\\\/schema\\\/person\\\/9c6be4d35203c76182c56b0e974807c6\"},\"breadcrumb\":{\"@id\":\"https:\\\/\\\/surbooke.fr\\\/wordpress\\\/2019\\\/11\\\/06\\\/la-meute-thomas-bronnec-editions-les-arenes\\\/#breadcrumb\"},\"inLanguage\":\"fr-FR\",\"potentialAction\":[{\"@type\":\"ReadAction\",\"target\":[\"https:\\\/\\\/surbooke.fr\\\/wordpress\\\/2019\\\/11\\\/06\\\/la-meute-thomas-bronnec-editions-les-arenes\\\/\"]}]},{\"@type\":\"ImageObject\",\"inLanguage\":\"fr-FR\",\"@id\":\"https:\\\/\\\/surbooke.fr\\\/wordpress\\\/2019\\\/11\\\/06\\\/la-meute-thomas-bronnec-editions-les-arenes\\\/#primaryimage\",\"url\":\"https:\\\/\\\/surbooke.fr\\\/wordpress\\\/wp-content\\\/uploads\\\/2019\\\/11\\\/La-meute.png\",\"contentUrl\":\"https:\\\/\\\/surbooke.fr\\\/wordpress\\\/wp-content\\\/uploads\\\/2019\\\/11\\\/La-meute.png\",\"width\":600,\"height\":315},{\"@type\":\"BreadcrumbList\",\"@id\":\"https:\\\/\\\/surbooke.fr\\\/wordpress\\\/2019\\\/11\\\/06\\\/la-meute-thomas-bronnec-editions-les-arenes\\\/#breadcrumb\",\"itemListElement\":[{\"@type\":\"ListItem\",\"position\":1,\"name\":\"Accueil\",\"item\":\"https:\\\/\\\/surbooke.fr\\\/wordpress\\\/\"},{\"@type\":\"ListItem\",\"position\":2,\"name\":\"La meute, Thomas Bronnec, \u00c9ditions Les Ar\u00e8nes\"}]},{\"@type\":\"WebSite\",\"@id\":\"https:\\\/\\\/surbooke.fr\\\/wordpress\\\/#website\",\"url\":\"https:\\\/\\\/surbooke.fr\\\/wordpress\\\/\",\"name\":\"Surbook\u00e9\",\"description\":\"Le blog de Laurent Bisault\",\"potentialAction\":[{\"@type\":\"SearchAction\",\"target\":{\"@type\":\"EntryPoint\",\"urlTemplate\":\"https:\\\/\\\/surbooke.fr\\\/wordpress\\\/?s={search_term_string}\"},\"query-input\":{\"@type\":\"PropertyValueSpecification\",\"valueRequired\":true,\"valueName\":\"search_term_string\"}}],\"inLanguage\":\"fr-FR\"},{\"@type\":\"Person\",\"@id\":\"https:\\\/\\\/surbooke.fr\\\/wordpress\\\/#\\\/schema\\\/person\\\/9c6be4d35203c76182c56b0e974807c6\",\"name\":\"Laurent Bisault\",\"image\":{\"@type\":\"ImageObject\",\"inLanguage\":\"fr-FR\",\"@id\":\"https:\\\/\\\/secure.gravatar.com\\\/avatar\\\/3bcd2efdfc3a3e416bea3223d3dfcd7f8845e2ca0669671d0c7ed8e84e97bfc4?s=96&d=mm&r=g\",\"url\":\"https:\\\/\\\/secure.gravatar.com\\\/avatar\\\/3bcd2efdfc3a3e416bea3223d3dfcd7f8845e2ca0669671d0c7ed8e84e97bfc4?s=96&d=mm&r=g\",\"contentUrl\":\"https:\\\/\\\/secure.gravatar.com\\\/avatar\\\/3bcd2efdfc3a3e416bea3223d3dfcd7f8845e2ca0669671d0c7ed8e84e97bfc4?s=96&d=mm&r=g\",\"caption\":\"Laurent Bisault\"},\"sameAs\":[\"https:\\\/\\\/surbooke.fr\\\/wordpress\\\/\",\"https:\\\/\\\/x.com\\\/LaurentBisault\"],\"url\":\"https:\\\/\\\/surbooke.fr\\\/wordpress\\\/author\\\/surbooke\\\/\"}]}<\/script>\n<!-- \/ Yoast SEO plugin. -->","yoast_head_json":{"title":"La meute, Thomas Bronnec, \u00c9ditions Les Ar\u00e8nes - Surbook\u00e9","robots":{"index":"index","follow":"follow","max-snippet":"max-snippet:-1","max-image-preview":"max-image-preview:large","max-video-preview":"max-video-preview:-1"},"canonical":"https:\/\/surbooke.fr\/wordpress\/2019\/11\/06\/la-meute-thomas-bronnec-editions-les-arenes\/","og_locale":"fr_FR","og_type":"article","og_title":"La meute, Thomas Bronnec, \u00c9ditions Les Ar\u00e8nes - Surbook\u00e9","og_description":"\u00ab&nbsp;Ce roman est une \u0153uvre de fiction\u00bb. C&rsquo;est Thomas Bronnec qui nous le dit. L&rsquo;information est bonne \u00e0 prendre parce qu&rsquo;on aurait eu tendance \u00e0 se projeter vers la r\u00e9alit\u00e9 en le lisant. Comprenez. Dans ce troisi\u00e8me volet de ce que son \u00e9diteur appelle \u00ab&nbsp;l&rsquo;exploration des \u00e9lites fran\u00e7aises&nbsp;\u00bb, Bronnec nous raconte l&rsquo;histoire d&rsquo;un ancien pr\u00e9sident [&hellip;]","og_url":"https:\/\/surbooke.fr\/wordpress\/2019\/11\/06\/la-meute-thomas-bronnec-editions-les-arenes\/","og_site_name":"Surbook\u00e9","article_published_time":"2019-11-06T14:02:24+00:00","article_modified_time":"2022-07-28T16:49:33+00:00","og_image":[{"width":600,"height":315,"url":"https:\/\/surbooke.fr\/wordpress\/wp-content\/uploads\/2019\/11\/La-meute.png","type":"image\/png"}],"author":"Laurent Bisault","twitter_card":"summary_large_image","twitter_creator":"@LaurentBisault","twitter_misc":{"\u00c9crit par":"Laurent Bisault","Dur\u00e9e de lecture estim\u00e9e":"3 minutes"},"schema":{"@context":"https:\/\/schema.org","@graph":[{"@type":"Article","@id":"https:\/\/surbooke.fr\/wordpress\/2019\/11\/06\/la-meute-thomas-bronnec-editions-les-arenes\/#article","isPartOf":{"@id":"https:\/\/surbooke.fr\/wordpress\/2019\/11\/06\/la-meute-thomas-bronnec-editions-les-arenes\/"},"author":{"name":"Laurent Bisault","@id":"https:\/\/surbooke.fr\/wordpress\/#\/schema\/person\/9c6be4d35203c76182c56b0e974807c6"},"headline":"La meute, Thomas Bronnec, \u00c9ditions Les Ar\u00e8nes","datePublished":"2019-11-06T14:02:24+00:00","dateModified":"2022-07-28T16:49:33+00:00","mainEntityOfPage":{"@id":"https:\/\/surbooke.fr\/wordpress\/2019\/11\/06\/la-meute-thomas-bronnec-editions-les-arenes\/"},"wordCount":607,"commentCount":0,"image":{"@id":"https:\/\/surbooke.fr\/wordpress\/2019\/11\/06\/la-meute-thomas-bronnec-editions-les-arenes\/#primaryimage"},"thumbnailUrl":"https:\/\/surbooke.fr\/wordpress\/wp-content\/uploads\/2019\/11\/La-meute.png","keywords":["Les Ar\u00e8nes"],"articleSection":["roman policier, thriller","\ud83e\udd0d"],"inLanguage":"fr-FR","potentialAction":[{"@type":"CommentAction","name":"Comment","target":["https:\/\/surbooke.fr\/wordpress\/2019\/11\/06\/la-meute-thomas-bronnec-editions-les-arenes\/#respond"]}]},{"@type":"WebPage","@id":"https:\/\/surbooke.fr\/wordpress\/2019\/11\/06\/la-meute-thomas-bronnec-editions-les-arenes\/","url":"https:\/\/surbooke.fr\/wordpress\/2019\/11\/06\/la-meute-thomas-bronnec-editions-les-arenes\/","name":"La meute, Thomas Bronnec, \u00c9ditions Les Ar\u00e8nes - Surbook\u00e9","isPartOf":{"@id":"https:\/\/surbooke.fr\/wordpress\/#website"},"primaryImageOfPage":{"@id":"https:\/\/surbooke.fr\/wordpress\/2019\/11\/06\/la-meute-thomas-bronnec-editions-les-arenes\/#primaryimage"},"image":{"@id":"https:\/\/surbooke.fr\/wordpress\/2019\/11\/06\/la-meute-thomas-bronnec-editions-les-arenes\/#primaryimage"},"thumbnailUrl":"https:\/\/surbooke.fr\/wordpress\/wp-content\/uploads\/2019\/11\/La-meute.png","datePublished":"2019-11-06T14:02:24+00:00","dateModified":"2022-07-28T16:49:33+00:00","author":{"@id":"https:\/\/surbooke.fr\/wordpress\/#\/schema\/person\/9c6be4d35203c76182c56b0e974807c6"},"breadcrumb":{"@id":"https:\/\/surbooke.fr\/wordpress\/2019\/11\/06\/la-meute-thomas-bronnec-editions-les-arenes\/#breadcrumb"},"inLanguage":"fr-FR","potentialAction":[{"@type":"ReadAction","target":["https:\/\/surbooke.fr\/wordpress\/2019\/11\/06\/la-meute-thomas-bronnec-editions-les-arenes\/"]}]},{"@type":"ImageObject","inLanguage":"fr-FR","@id":"https:\/\/surbooke.fr\/wordpress\/2019\/11\/06\/la-meute-thomas-bronnec-editions-les-arenes\/#primaryimage","url":"https:\/\/surbooke.fr\/wordpress\/wp-content\/uploads\/2019\/11\/La-meute.png","contentUrl":"https:\/\/surbooke.fr\/wordpress\/wp-content\/uploads\/2019\/11\/La-meute.png","width":600,"height":315},{"@type":"BreadcrumbList","@id":"https:\/\/surbooke.fr\/wordpress\/2019\/11\/06\/la-meute-thomas-bronnec-editions-les-arenes\/#breadcrumb","itemListElement":[{"@type":"ListItem","position":1,"name":"Accueil","item":"https:\/\/surbooke.fr\/wordpress\/"},{"@type":"ListItem","position":2,"name":"La meute, Thomas Bronnec, \u00c9ditions Les Ar\u00e8nes"}]},{"@type":"WebSite","@id":"https:\/\/surbooke.fr\/wordpress\/#website","url":"https:\/\/surbooke.fr\/wordpress\/","name":"Surbook\u00e9","description":"Le blog de Laurent Bisault","potentialAction":[{"@type":"SearchAction","target":{"@type":"EntryPoint","urlTemplate":"https:\/\/surbooke.fr\/wordpress\/?s={search_term_string}"},"query-input":{"@type":"PropertyValueSpecification","valueRequired":true,"valueName":"search_term_string"}}],"inLanguage":"fr-FR"},{"@type":"Person","@id":"https:\/\/surbooke.fr\/wordpress\/#\/schema\/person\/9c6be4d35203c76182c56b0e974807c6","name":"Laurent Bisault","image":{"@type":"ImageObject","inLanguage":"fr-FR","@id":"https:\/\/secure.gravatar.com\/avatar\/3bcd2efdfc3a3e416bea3223d3dfcd7f8845e2ca0669671d0c7ed8e84e97bfc4?s=96&d=mm&r=g","url":"https:\/\/secure.gravatar.com\/avatar\/3bcd2efdfc3a3e416bea3223d3dfcd7f8845e2ca0669671d0c7ed8e84e97bfc4?s=96&d=mm&r=g","contentUrl":"https:\/\/secure.gravatar.com\/avatar\/3bcd2efdfc3a3e416bea3223d3dfcd7f8845e2ca0669671d0c7ed8e84e97bfc4?s=96&d=mm&r=g","caption":"Laurent Bisault"},"sameAs":["https:\/\/surbooke.fr\/wordpress\/","https:\/\/x.com\/LaurentBisault"],"url":"https:\/\/surbooke.fr\/wordpress\/author\/surbooke\/"}]}},"_links":{"self":[{"href":"https:\/\/surbooke.fr\/wordpress\/wp-json\/wp\/v2\/posts\/548","targetHints":{"allow":["GET"]}}],"collection":[{"href":"https:\/\/surbooke.fr\/wordpress\/wp-json\/wp\/v2\/posts"}],"about":[{"href":"https:\/\/surbooke.fr\/wordpress\/wp-json\/wp\/v2\/types\/post"}],"author":[{"embeddable":true,"href":"https:\/\/surbooke.fr\/wordpress\/wp-json\/wp\/v2\/users\/8"}],"replies":[{"embeddable":true,"href":"https:\/\/surbooke.fr\/wordpress\/wp-json\/wp\/v2\/comments?post=548"}],"version-history":[{"count":0,"href":"https:\/\/surbooke.fr\/wordpress\/wp-json\/wp\/v2\/posts\/548\/revisions"}],"wp:featuredmedia":[{"embeddable":true,"href":"https:\/\/surbooke.fr\/wordpress\/wp-json\/wp\/v2\/media\/19057"}],"wp:attachment":[{"href":"https:\/\/surbooke.fr\/wordpress\/wp-json\/wp\/v2\/media?parent=548"}],"wp:term":[{"taxonomy":"category","embeddable":true,"href":"https:\/\/surbooke.fr\/wordpress\/wp-json\/wp\/v2\/categories?post=548"},{"taxonomy":"post_tag","embeddable":true,"href":"https:\/\/surbooke.fr\/wordpress\/wp-json\/wp\/v2\/tags?post=548"}],"curies":[{"name":"wp","href":"https:\/\/api.w.org\/{rel}","templated":true}]}}