{"id":5535,"date":"2021-01-11T06:49:44","date_gmt":"2021-01-11T05:49:44","guid":{"rendered":"http:\/\/surbooke.fr\/wordpress\/?p=5535"},"modified":"2022-07-06T22:21:03","modified_gmt":"2022-07-06T20:21:03","slug":"les-fureurs-invisibles-du-coeur-john-boyne-editions-jean-claude-lattes","status":"publish","type":"post","link":"https:\/\/surbooke.fr\/wordpress\/2021\/01\/11\/les-fureurs-invisibles-du-coeur-john-boyne-editions-jean-claude-lattes\/","title":{"rendered":"Les fureurs invisibles du c\u0153ur, John Boyne, \u00c9ditions Jean-Claude Latt\u00e8s"},"content":{"rendered":"\n<p><strong>L&rsquo;histoire de l&rsquo;Irlande de 1945 \u00e0 nos jours<\/strong>. L&rsquo;histoire des m\u00e9faits de la religion catholique notamment sur les femmes et les homosexuels. Et \u00e0 la fin, la modernisation de ce pays qui a \u00e9t\u00e9 le premier \u00c9tat europ\u00e9en \u00e0 reconna\u00eetre le mariage gay. C&rsquo;est \u00e0 ce d\u00e9fi tout personnel que nous convie John Boyne, \u00e9crivain homosexuel assum\u00e9, dans un r\u00e9cit de 800 pages d\u00e9bordant de r\u00e9volte, de douleur, d&rsquo;humour et d&rsquo;optimisme. Ce qui donne non pas un pamphlet revendicatif, mais un r\u00e9cit centr\u00e9 sur Cyril, un Irlandais que l&rsquo;on d\u00e9couvre quand il est encore dans le ventre de sa m\u00e8re. Une formidable r\u00e9ussite litt\u00e9raire que l&rsquo;on ne peut que chaudement recommander. Un bouquin que vous garderez dans un coin de votre t\u00eate pendant longtemps. Tout commence \u00e0 Goleen, petit village \u00e0 la pointe sud-ouest de l&rsquo;Irlande. La seconde guerre mondiale se termine, ce qui n&rsquo;a gu\u00e8re d&rsquo;importance pour Catherine Goggin qui \u00e0 16 ans est enceinte sans \u00eatre mari\u00e9e. Elle est la seule fille de sa famille qui compte aussi six fr\u00e8res, parce qu&rsquo;en Irlande un homme se doit d&rsquo;ensemencer sa femme pour qu&rsquo;elle lui donne beaucoup d&rsquo;enfants. Catherine assiste \u00e0 la messe donn\u00e9e par le p\u00e8re Monroe, dont on ne sait pas encore qu&rsquo;il a eu deux enfants de deux femmes diff\u00e9rentes. Il la somme de d\u00e9noncer celui avec qui elle a faut\u00e9, pour qu&rsquo;il se confesse et soit pardonn\u00e9. Elle sera ensuite chass\u00e9e de la communaut\u00e9. C&rsquo;est son p\u00e8re Bosco Goggin qui a inform\u00e9 le cur\u00e9 de son \u00e9tat. Elle refuse, comme son p\u00e8re et son grand-p\u00e8re refusent que les femmes de la famille lui viennent en aide. Seul le plus jeune de ses fr\u00e8res la d\u00e9fend avant d&rsquo;\u00eatre frapp\u00e9 par son grand-p\u00e8re. Le d\u00e9part de Catherine soulage de nombreuses villageoises qui craignaient qu&rsquo;elle ne nomme leur fils ou pire leur mari.<\/p>\n\n\n\n<blockquote class=\"wp-block-quote has-text-align-center is-style-large is-layout-flow wp-block-quote-is-layout-flow\"><p>Vous \u00eates compl\u00e8tement cingl\u00e9s, dans ce pays, ou quoi ? Vous ne voulez pas que vos compatriotes soient heureux ?<\/p><\/blockquote>\n\n\n\n<p>\u00c0 Dublin Catherine survit en tant que serveuse dans un salon de th\u00e9 jusqu&rsquo;\u00e0 la naissance de son fils qu&rsquo;elle confie \u00e0 une institution religieuse. On le retrouve en 1952 apr\u00e8s qu&rsquo;il a \u00e9t\u00e9 adopt\u00e9 par Charles et Maude Avery, un couple de la bonne bourgeoisie qui vivent sous le m\u00eame toit tout en s&rsquo;ignorant. Maude \u00e9crit des romans pour enfants alors que Charles est banquier \u00e0 la r\u00e9putation sulfureuse. Ils ont pr\u00e9nomm\u00e9 leur fils Cyril en souvenir d&rsquo;un \u00e9pagneul qu&rsquo;ils avaient beaucoup aim\u00e9. Il a sept ans et a \u00e9t\u00e9 inform\u00e9 qu&rsquo;il ne serait jamais un v\u00e9ritable Avery. Cyril rencontre Julian Woodbead, un gar\u00e7on de son \u00e2ge dont il&nbsp;pensera longtemps qu&rsquo;il sera l&rsquo;amour de sa vie. Sept ann\u00e9es apr\u00e8s, ils partagent la m\u00eame chambre d&rsquo;un coll\u00e8ge religieux. Si Julian est obs\u00e9d\u00e9 par les filles, Cyril en pince pour son compagnon, sans pour autant se consid\u00e9rer comme homosexuel. Ce qui serait un crime aux yeux de la loi irlandaise. 1966 Cyril a 21 ans, il travaille au minist\u00e8re de l&rsquo;\u00c9ducation. Impossible pour lui de pratiquer sa sexualit\u00e9 avec bonne conscience. Et ce n&rsquo;est pas en s&rsquo;entendant dire par un m\u00e9decin que \u00ab <em>Les<\/em> <em>pervers<\/em>, <em>d\u00e9g\u00e9n\u00e9r\u00e9<\/em>s, cingl\u00e9s ont <em>toujours<\/em> <em>exist\u00e9<\/em>  \u00bb que cela risque de s&rsquo;arranger. Son histoire va se poursuivre jusqu&rsquo;en 2015, la p\u00e9riode que John Boyne d\u00e9nomme \u00ab La nouvelle Irlande \u00bb. Son chemin est donc encore long. La soci\u00e9t\u00e9 irlandaise, taraud\u00e9e par le catholicisme rejettera pendant longtemps l&rsquo;alt\u00e9rit\u00e9. Ce qui fera dire \u00e0 un des personnages du roman :  \u00ab <em>Vous \u00eates compl\u00e8tement cingl\u00e9s, dans ce pays, ou quoi ? Vous ne voulez pas que vos compatriotes soient heureux ?<\/em> \u00bb. Et encore ne savait-il pas encore que le sida \u00e9tait devant eux.<\/p>\n","protected":false},"excerpt":{"rendered":"<p>L&rsquo;histoire de l&rsquo;Irlande de 1945 \u00e0 nos jours. L&rsquo;histoire des m\u00e9faits de la religion catholique notamment sur les femmes et les homosexuels. Et \u00e0 la fin, la modernisation de ce pays qui a \u00e9t\u00e9 le premier \u00c9tat europ\u00e9en \u00e0 reconna\u00eetre le mariage gay. C&rsquo;est \u00e0 ce d\u00e9fi tout personnel que nous convie John Boyne, \u00e9crivain [&hellip;]<\/p>\n","protected":false},"author":8,"featured_media":18532,"comment_status":"open","ping_status":"open","sticky":false,"template":"","format":"standard","meta":{"footnotes":""},"categories":[76,3],"tags":[61],"class_list":["post-5535","post","type-post","status-publish","format-standard","has-post-thumbnail","hentry","category-roman-irlandais","category-coup-de-coeur","tag-jean-claude-lattes"],"yoast_head":"<!-- This site is optimized with the Yoast SEO plugin v27.5 - https:\/\/yoast.com\/product\/yoast-seo-wordpress\/ -->\n<title>Les fureurs invisibles du c\u0153ur, John Boyne, \u00c9ditions Jean-Claude Latt\u00e8s - Surbook\u00e9<\/title>\n<meta name=\"robots\" content=\"index, follow, max-snippet:-1, max-image-preview:large, max-video-preview:-1\" \/>\n<link rel=\"canonical\" href=\"https:\/\/surbooke.fr\/wordpress\/2021\/01\/11\/les-fureurs-invisibles-du-coeur-john-boyne-editions-jean-claude-lattes\/\" \/>\n<meta property=\"og:locale\" content=\"fr_FR\" \/>\n<meta property=\"og:type\" content=\"article\" \/>\n<meta property=\"og:title\" content=\"Les fureurs invisibles du c\u0153ur, John Boyne, \u00c9ditions Jean-Claude Latt\u00e8s - Surbook\u00e9\" \/>\n<meta property=\"og:description\" content=\"L&rsquo;histoire de l&rsquo;Irlande de 1945 \u00e0 nos jours. L&rsquo;histoire des m\u00e9faits de la religion catholique notamment sur les femmes et les homosexuels. Et \u00e0 la fin, la modernisation de ce pays qui a \u00e9t\u00e9 le premier \u00c9tat europ\u00e9en \u00e0 reconna\u00eetre le mariage gay. C&rsquo;est \u00e0 ce d\u00e9fi tout personnel que nous convie John Boyne, \u00e9crivain [&hellip;]\" \/>\n<meta property=\"og:url\" content=\"https:\/\/surbooke.fr\/wordpress\/2021\/01\/11\/les-fureurs-invisibles-du-coeur-john-boyne-editions-jean-claude-lattes\/\" \/>\n<meta property=\"og:site_name\" content=\"Surbook\u00e9\" \/>\n<meta property=\"article:published_time\" content=\"2021-01-11T05:49:44+00:00\" \/>\n<meta property=\"article:modified_time\" content=\"2022-07-06T20:21:03+00:00\" \/>\n<meta name=\"author\" content=\"Laurent Bisault\" \/>\n<meta name=\"twitter:card\" content=\"summary_large_image\" \/>\n<meta name=\"twitter:creator\" content=\"@LaurentBisault\" \/>\n<meta name=\"twitter:label1\" content=\"\u00c9crit par\" \/>\n\t<meta name=\"twitter:data1\" content=\"Laurent Bisault\" \/>\n\t<meta name=\"twitter:label2\" content=\"Dur\u00e9e de lecture estim\u00e9e\" \/>\n\t<meta name=\"twitter:data2\" content=\"3 minutes\" \/>\n<script type=\"application\/ld+json\" class=\"yoast-schema-graph\">{\"@context\":\"https:\\\/\\\/schema.org\",\"@graph\":[{\"@type\":\"Article\",\"@id\":\"https:\\\/\\\/surbooke.fr\\\/wordpress\\\/2021\\\/01\\\/11\\\/les-fureurs-invisibles-du-coeur-john-boyne-editions-jean-claude-lattes\\\/#article\",\"isPartOf\":{\"@id\":\"https:\\\/\\\/surbooke.fr\\\/wordpress\\\/2021\\\/01\\\/11\\\/les-fureurs-invisibles-du-coeur-john-boyne-editions-jean-claude-lattes\\\/\"},\"author\":{\"name\":\"Laurent Bisault\",\"@id\":\"https:\\\/\\\/surbooke.fr\\\/wordpress\\\/#\\\/schema\\\/person\\\/9c6be4d35203c76182c56b0e974807c6\"},\"headline\":\"Les fureurs invisibles du c\u0153ur, John Boyne, \u00c9ditions Jean-Claude Latt\u00e8s\",\"datePublished\":\"2021-01-11T05:49:44+00:00\",\"dateModified\":\"2022-07-06T20:21:03+00:00\",\"mainEntityOfPage\":{\"@id\":\"https:\\\/\\\/surbooke.fr\\\/wordpress\\\/2021\\\/01\\\/11\\\/les-fureurs-invisibles-du-coeur-john-boyne-editions-jean-claude-lattes\\\/\"},\"wordCount\":684,\"commentCount\":0,\"image\":{\"@id\":\"https:\\\/\\\/surbooke.fr\\\/wordpress\\\/2021\\\/01\\\/11\\\/les-fureurs-invisibles-du-coeur-john-boyne-editions-jean-claude-lattes\\\/#primaryimage\"},\"thumbnailUrl\":\"https:\\\/\\\/surbooke.fr\\\/wordpress\\\/wp-content\\\/uploads\\\/2021\\\/01\\\/Les-fureurs-invisibles-du-coeur.jpeg\",\"keywords\":[\"Jean-Claude Latt\u00e8s\"],\"articleSection\":[\"roman irlandais \ud83c\uddee\ud83c\uddea\",\"\ud83e\udd0d\"],\"inLanguage\":\"fr-FR\",\"potentialAction\":[{\"@type\":\"CommentAction\",\"name\":\"Comment\",\"target\":[\"https:\\\/\\\/surbooke.fr\\\/wordpress\\\/2021\\\/01\\\/11\\\/les-fureurs-invisibles-du-coeur-john-boyne-editions-jean-claude-lattes\\\/#respond\"]}]},{\"@type\":\"WebPage\",\"@id\":\"https:\\\/\\\/surbooke.fr\\\/wordpress\\\/2021\\\/01\\\/11\\\/les-fureurs-invisibles-du-coeur-john-boyne-editions-jean-claude-lattes\\\/\",\"url\":\"https:\\\/\\\/surbooke.fr\\\/wordpress\\\/2021\\\/01\\\/11\\\/les-fureurs-invisibles-du-coeur-john-boyne-editions-jean-claude-lattes\\\/\",\"name\":\"Les fureurs invisibles du c\u0153ur, John Boyne, \u00c9ditions Jean-Claude Latt\u00e8s - Surbook\u00e9\",\"isPartOf\":{\"@id\":\"https:\\\/\\\/surbooke.fr\\\/wordpress\\\/#website\"},\"primaryImageOfPage\":{\"@id\":\"https:\\\/\\\/surbooke.fr\\\/wordpress\\\/2021\\\/01\\\/11\\\/les-fureurs-invisibles-du-coeur-john-boyne-editions-jean-claude-lattes\\\/#primaryimage\"},\"image\":{\"@id\":\"https:\\\/\\\/surbooke.fr\\\/wordpress\\\/2021\\\/01\\\/11\\\/les-fureurs-invisibles-du-coeur-john-boyne-editions-jean-claude-lattes\\\/#primaryimage\"},\"thumbnailUrl\":\"https:\\\/\\\/surbooke.fr\\\/wordpress\\\/wp-content\\\/uploads\\\/2021\\\/01\\\/Les-fureurs-invisibles-du-coeur.jpeg\",\"datePublished\":\"2021-01-11T05:49:44+00:00\",\"dateModified\":\"2022-07-06T20:21:03+00:00\",\"author\":{\"@id\":\"https:\\\/\\\/surbooke.fr\\\/wordpress\\\/#\\\/schema\\\/person\\\/9c6be4d35203c76182c56b0e974807c6\"},\"breadcrumb\":{\"@id\":\"https:\\\/\\\/surbooke.fr\\\/wordpress\\\/2021\\\/01\\\/11\\\/les-fureurs-invisibles-du-coeur-john-boyne-editions-jean-claude-lattes\\\/#breadcrumb\"},\"inLanguage\":\"fr-FR\",\"potentialAction\":[{\"@type\":\"ReadAction\",\"target\":[\"https:\\\/\\\/surbooke.fr\\\/wordpress\\\/2021\\\/01\\\/11\\\/les-fureurs-invisibles-du-coeur-john-boyne-editions-jean-claude-lattes\\\/\"]}]},{\"@type\":\"ImageObject\",\"inLanguage\":\"fr-FR\",\"@id\":\"https:\\\/\\\/surbooke.fr\\\/wordpress\\\/2021\\\/01\\\/11\\\/les-fureurs-invisibles-du-coeur-john-boyne-editions-jean-claude-lattes\\\/#primaryimage\",\"url\":\"https:\\\/\\\/surbooke.fr\\\/wordpress\\\/wp-content\\\/uploads\\\/2021\\\/01\\\/Les-fureurs-invisibles-du-coeur.jpeg\",\"contentUrl\":\"https:\\\/\\\/surbooke.fr\\\/wordpress\\\/wp-content\\\/uploads\\\/2021\\\/01\\\/Les-fureurs-invisibles-du-coeur.jpeg\",\"width\":176,\"height\":286},{\"@type\":\"BreadcrumbList\",\"@id\":\"https:\\\/\\\/surbooke.fr\\\/wordpress\\\/2021\\\/01\\\/11\\\/les-fureurs-invisibles-du-coeur-john-boyne-editions-jean-claude-lattes\\\/#breadcrumb\",\"itemListElement\":[{\"@type\":\"ListItem\",\"position\":1,\"name\":\"Accueil\",\"item\":\"https:\\\/\\\/surbooke.fr\\\/wordpress\\\/\"},{\"@type\":\"ListItem\",\"position\":2,\"name\":\"Les fureurs invisibles du c\u0153ur, John Boyne, \u00c9ditions Jean-Claude Latt\u00e8s\"}]},{\"@type\":\"WebSite\",\"@id\":\"https:\\\/\\\/surbooke.fr\\\/wordpress\\\/#website\",\"url\":\"https:\\\/\\\/surbooke.fr\\\/wordpress\\\/\",\"name\":\"Surbook\u00e9\",\"description\":\"Le blog de Laurent Bisault\",\"potentialAction\":[{\"@type\":\"SearchAction\",\"target\":{\"@type\":\"EntryPoint\",\"urlTemplate\":\"https:\\\/\\\/surbooke.fr\\\/wordpress\\\/?s={search_term_string}\"},\"query-input\":{\"@type\":\"PropertyValueSpecification\",\"valueRequired\":true,\"valueName\":\"search_term_string\"}}],\"inLanguage\":\"fr-FR\"},{\"@type\":\"Person\",\"@id\":\"https:\\\/\\\/surbooke.fr\\\/wordpress\\\/#\\\/schema\\\/person\\\/9c6be4d35203c76182c56b0e974807c6\",\"name\":\"Laurent Bisault\",\"image\":{\"@type\":\"ImageObject\",\"inLanguage\":\"fr-FR\",\"@id\":\"https:\\\/\\\/secure.gravatar.com\\\/avatar\\\/3bcd2efdfc3a3e416bea3223d3dfcd7f8845e2ca0669671d0c7ed8e84e97bfc4?s=96&d=mm&r=g\",\"url\":\"https:\\\/\\\/secure.gravatar.com\\\/avatar\\\/3bcd2efdfc3a3e416bea3223d3dfcd7f8845e2ca0669671d0c7ed8e84e97bfc4?s=96&d=mm&r=g\",\"contentUrl\":\"https:\\\/\\\/secure.gravatar.com\\\/avatar\\\/3bcd2efdfc3a3e416bea3223d3dfcd7f8845e2ca0669671d0c7ed8e84e97bfc4?s=96&d=mm&r=g\",\"caption\":\"Laurent Bisault\"},\"sameAs\":[\"https:\\\/\\\/surbooke.fr\\\/wordpress\\\/\",\"https:\\\/\\\/x.com\\\/LaurentBisault\"],\"url\":\"https:\\\/\\\/surbooke.fr\\\/wordpress\\\/author\\\/surbooke\\\/\"}]}<\/script>\n<!-- \/ Yoast SEO plugin. -->","yoast_head_json":{"title":"Les fureurs invisibles du c\u0153ur, John Boyne, \u00c9ditions Jean-Claude Latt\u00e8s - Surbook\u00e9","robots":{"index":"index","follow":"follow","max-snippet":"max-snippet:-1","max-image-preview":"max-image-preview:large","max-video-preview":"max-video-preview:-1"},"canonical":"https:\/\/surbooke.fr\/wordpress\/2021\/01\/11\/les-fureurs-invisibles-du-coeur-john-boyne-editions-jean-claude-lattes\/","og_locale":"fr_FR","og_type":"article","og_title":"Les fureurs invisibles du c\u0153ur, John Boyne, \u00c9ditions Jean-Claude Latt\u00e8s - Surbook\u00e9","og_description":"L&rsquo;histoire de l&rsquo;Irlande de 1945 \u00e0 nos jours. L&rsquo;histoire des m\u00e9faits de la religion catholique notamment sur les femmes et les homosexuels. Et \u00e0 la fin, la modernisation de ce pays qui a \u00e9t\u00e9 le premier \u00c9tat europ\u00e9en \u00e0 reconna\u00eetre le mariage gay. C&rsquo;est \u00e0 ce d\u00e9fi tout personnel que nous convie John Boyne, \u00e9crivain [&hellip;]","og_url":"https:\/\/surbooke.fr\/wordpress\/2021\/01\/11\/les-fureurs-invisibles-du-coeur-john-boyne-editions-jean-claude-lattes\/","og_site_name":"Surbook\u00e9","article_published_time":"2021-01-11T05:49:44+00:00","article_modified_time":"2022-07-06T20:21:03+00:00","author":"Laurent Bisault","twitter_card":"summary_large_image","twitter_creator":"@LaurentBisault","twitter_misc":{"\u00c9crit par":"Laurent Bisault","Dur\u00e9e de lecture estim\u00e9e":"3 minutes"},"schema":{"@context":"https:\/\/schema.org","@graph":[{"@type":"Article","@id":"https:\/\/surbooke.fr\/wordpress\/2021\/01\/11\/les-fureurs-invisibles-du-coeur-john-boyne-editions-jean-claude-lattes\/#article","isPartOf":{"@id":"https:\/\/surbooke.fr\/wordpress\/2021\/01\/11\/les-fureurs-invisibles-du-coeur-john-boyne-editions-jean-claude-lattes\/"},"author":{"name":"Laurent Bisault","@id":"https:\/\/surbooke.fr\/wordpress\/#\/schema\/person\/9c6be4d35203c76182c56b0e974807c6"},"headline":"Les fureurs invisibles du c\u0153ur, John Boyne, \u00c9ditions Jean-Claude Latt\u00e8s","datePublished":"2021-01-11T05:49:44+00:00","dateModified":"2022-07-06T20:21:03+00:00","mainEntityOfPage":{"@id":"https:\/\/surbooke.fr\/wordpress\/2021\/01\/11\/les-fureurs-invisibles-du-coeur-john-boyne-editions-jean-claude-lattes\/"},"wordCount":684,"commentCount":0,"image":{"@id":"https:\/\/surbooke.fr\/wordpress\/2021\/01\/11\/les-fureurs-invisibles-du-coeur-john-boyne-editions-jean-claude-lattes\/#primaryimage"},"thumbnailUrl":"https:\/\/surbooke.fr\/wordpress\/wp-content\/uploads\/2021\/01\/Les-fureurs-invisibles-du-coeur.jpeg","keywords":["Jean-Claude Latt\u00e8s"],"articleSection":["roman irlandais \ud83c\uddee\ud83c\uddea","\ud83e\udd0d"],"inLanguage":"fr-FR","potentialAction":[{"@type":"CommentAction","name":"Comment","target":["https:\/\/surbooke.fr\/wordpress\/2021\/01\/11\/les-fureurs-invisibles-du-coeur-john-boyne-editions-jean-claude-lattes\/#respond"]}]},{"@type":"WebPage","@id":"https:\/\/surbooke.fr\/wordpress\/2021\/01\/11\/les-fureurs-invisibles-du-coeur-john-boyne-editions-jean-claude-lattes\/","url":"https:\/\/surbooke.fr\/wordpress\/2021\/01\/11\/les-fureurs-invisibles-du-coeur-john-boyne-editions-jean-claude-lattes\/","name":"Les fureurs invisibles du c\u0153ur, John Boyne, \u00c9ditions Jean-Claude Latt\u00e8s - Surbook\u00e9","isPartOf":{"@id":"https:\/\/surbooke.fr\/wordpress\/#website"},"primaryImageOfPage":{"@id":"https:\/\/surbooke.fr\/wordpress\/2021\/01\/11\/les-fureurs-invisibles-du-coeur-john-boyne-editions-jean-claude-lattes\/#primaryimage"},"image":{"@id":"https:\/\/surbooke.fr\/wordpress\/2021\/01\/11\/les-fureurs-invisibles-du-coeur-john-boyne-editions-jean-claude-lattes\/#primaryimage"},"thumbnailUrl":"https:\/\/surbooke.fr\/wordpress\/wp-content\/uploads\/2021\/01\/Les-fureurs-invisibles-du-coeur.jpeg","datePublished":"2021-01-11T05:49:44+00:00","dateModified":"2022-07-06T20:21:03+00:00","author":{"@id":"https:\/\/surbooke.fr\/wordpress\/#\/schema\/person\/9c6be4d35203c76182c56b0e974807c6"},"breadcrumb":{"@id":"https:\/\/surbooke.fr\/wordpress\/2021\/01\/11\/les-fureurs-invisibles-du-coeur-john-boyne-editions-jean-claude-lattes\/#breadcrumb"},"inLanguage":"fr-FR","potentialAction":[{"@type":"ReadAction","target":["https:\/\/surbooke.fr\/wordpress\/2021\/01\/11\/les-fureurs-invisibles-du-coeur-john-boyne-editions-jean-claude-lattes\/"]}]},{"@type":"ImageObject","inLanguage":"fr-FR","@id":"https:\/\/surbooke.fr\/wordpress\/2021\/01\/11\/les-fureurs-invisibles-du-coeur-john-boyne-editions-jean-claude-lattes\/#primaryimage","url":"https:\/\/surbooke.fr\/wordpress\/wp-content\/uploads\/2021\/01\/Les-fureurs-invisibles-du-coeur.jpeg","contentUrl":"https:\/\/surbooke.fr\/wordpress\/wp-content\/uploads\/2021\/01\/Les-fureurs-invisibles-du-coeur.jpeg","width":176,"height":286},{"@type":"BreadcrumbList","@id":"https:\/\/surbooke.fr\/wordpress\/2021\/01\/11\/les-fureurs-invisibles-du-coeur-john-boyne-editions-jean-claude-lattes\/#breadcrumb","itemListElement":[{"@type":"ListItem","position":1,"name":"Accueil","item":"https:\/\/surbooke.fr\/wordpress\/"},{"@type":"ListItem","position":2,"name":"Les fureurs invisibles du c\u0153ur, John Boyne, \u00c9ditions Jean-Claude Latt\u00e8s"}]},{"@type":"WebSite","@id":"https:\/\/surbooke.fr\/wordpress\/#website","url":"https:\/\/surbooke.fr\/wordpress\/","name":"Surbook\u00e9","description":"Le blog de Laurent Bisault","potentialAction":[{"@type":"SearchAction","target":{"@type":"EntryPoint","urlTemplate":"https:\/\/surbooke.fr\/wordpress\/?s={search_term_string}"},"query-input":{"@type":"PropertyValueSpecification","valueRequired":true,"valueName":"search_term_string"}}],"inLanguage":"fr-FR"},{"@type":"Person","@id":"https:\/\/surbooke.fr\/wordpress\/#\/schema\/person\/9c6be4d35203c76182c56b0e974807c6","name":"Laurent Bisault","image":{"@type":"ImageObject","inLanguage":"fr-FR","@id":"https:\/\/secure.gravatar.com\/avatar\/3bcd2efdfc3a3e416bea3223d3dfcd7f8845e2ca0669671d0c7ed8e84e97bfc4?s=96&d=mm&r=g","url":"https:\/\/secure.gravatar.com\/avatar\/3bcd2efdfc3a3e416bea3223d3dfcd7f8845e2ca0669671d0c7ed8e84e97bfc4?s=96&d=mm&r=g","contentUrl":"https:\/\/secure.gravatar.com\/avatar\/3bcd2efdfc3a3e416bea3223d3dfcd7f8845e2ca0669671d0c7ed8e84e97bfc4?s=96&d=mm&r=g","caption":"Laurent Bisault"},"sameAs":["https:\/\/surbooke.fr\/wordpress\/","https:\/\/x.com\/LaurentBisault"],"url":"https:\/\/surbooke.fr\/wordpress\/author\/surbooke\/"}]}},"_links":{"self":[{"href":"https:\/\/surbooke.fr\/wordpress\/wp-json\/wp\/v2\/posts\/5535","targetHints":{"allow":["GET"]}}],"collection":[{"href":"https:\/\/surbooke.fr\/wordpress\/wp-json\/wp\/v2\/posts"}],"about":[{"href":"https:\/\/surbooke.fr\/wordpress\/wp-json\/wp\/v2\/types\/post"}],"author":[{"embeddable":true,"href":"https:\/\/surbooke.fr\/wordpress\/wp-json\/wp\/v2\/users\/8"}],"replies":[{"embeddable":true,"href":"https:\/\/surbooke.fr\/wordpress\/wp-json\/wp\/v2\/comments?post=5535"}],"version-history":[{"count":0,"href":"https:\/\/surbooke.fr\/wordpress\/wp-json\/wp\/v2\/posts\/5535\/revisions"}],"wp:featuredmedia":[{"embeddable":true,"href":"https:\/\/surbooke.fr\/wordpress\/wp-json\/wp\/v2\/media\/18532"}],"wp:attachment":[{"href":"https:\/\/surbooke.fr\/wordpress\/wp-json\/wp\/v2\/media?parent=5535"}],"wp:term":[{"taxonomy":"category","embeddable":true,"href":"https:\/\/surbooke.fr\/wordpress\/wp-json\/wp\/v2\/categories?post=5535"},{"taxonomy":"post_tag","embeddable":true,"href":"https:\/\/surbooke.fr\/wordpress\/wp-json\/wp\/v2\/tags?post=5535"}],"curies":[{"name":"wp","href":"https:\/\/api.w.org\/{rel}","templated":true}]}}