{"id":5742,"date":"2021-01-13T07:50:29","date_gmt":"2021-01-13T06:50:29","guid":{"rendered":"http:\/\/surbooke.fr\/wordpress\/?p=5742"},"modified":"2022-11-26T14:03:53","modified_gmt":"2022-11-26T13:03:53","slug":"la-ou-leurs-mains-se-tiennent-gregory-nicolas-editions-rue-des-promenades","status":"publish","type":"post","link":"https:\/\/surbooke.fr\/wordpress\/2021\/01\/13\/la-ou-leurs-mains-se-tiennent-gregory-nicolas-editions-rue-des-promenades\/","title":{"rendered":"L\u00e0 o\u00f9 leurs mains se tiennent, Gr\u00e9gory Nicolas, \u00c9ditions Rue des Promenades"},"content":{"rendered":"\n<p><strong>Mais pourquoi n&rsquo;est-il pas plus connu ?<\/strong> Pourquoi son nom n&rsquo;est-il pas plus souvent cit\u00e9 dans les m\u00e9dias ? Pourtant livre apr\u00e8s livre Gr\u00e9gory Nicolas confirme tout le bien qu&rsquo;il nous fait en nous racontant ses histoires. <em>L\u00e0 o\u00f9 leurs mains se tiennent<\/em> est son premier roman, le seul qui n&rsquo;avait pas encore \u00e9t\u00e9 chroniqu\u00e9 sur ce blog. Le premier et d\u00e9j\u00e0 une r\u00e9ussite. On se permet d&rsquo;avancer deux explications pour tenter de le comprendre. Sans doute certains pensent-ils que Gr\u00e9gory Nicolas n&rsquo;est qu&rsquo;un \u00e9crivain du v\u00e9lo. En t\u00e9moignent les couvertures de ses livres qui glorifient souvent la petite reine, comme celle de <em><a rel=\"noreferrer noopener\" aria-label=\"Des histoires pour cent ans (s\u2019ouvre dans un nouvel onglet)\" href=\"https:\/\/surbooke.fr\/wordpress\/?p=2552\" target=\"_blank\">Des histoires pour cent ans<\/a><\/em> ou d&rsquo;<em><a rel=\"noreferrer noopener\" aria-label=\"\u00c9quipiers (s\u2019ouvre dans un nouvel onglet)\" href=\"http:\/\/surbooke.fr\/wordpress\/?p=446\" target=\"_blank\">\u00c9quipiers<\/a><\/em>. Et aussi celle de ce premier roman o\u00f9 tr\u00f4ne fi\u00e8rement Pierre Rolland magnifique champion qui, un jour qu&rsquo;Alberto Contador avait oubli\u00e9 de manger ses anabolisants parfum\u00e9s \u00e0 la viande, avait battu l&rsquo;Espagnol sur le Tour \u00e0 l&rsquo;Alpe d&rsquo;Huez. Or ce n&rsquo;est pas vrai. Plus que des r\u00e9cits sportifs, Gr\u00e9gory nous offre des histoires de personnages auxquels on s&rsquo;attache tout de suite, qui font du v\u00e9lo. Lui-m\u00eame a t\u00e2t\u00e9 du spad dans son Tr\u00e9gor natal avant de constater que se ruiner le dos, se broyer les testicules, et se briser les genoux sur une potence \u00e9tait trop cher pay\u00e9 pour un coureur qui ne gagne jamais. L&rsquo;autre raison du relatif anonymat de Gr\u00e9gory Nicolas est qu&rsquo;on l&rsquo;imagine comme un grand discret, ce qui lui valut d&rsquo;\u00eatre admis aux c\u00f4t\u00e9s de l&rsquo;\u00e9quipe de France de cyclisme en 2018 comme il l&rsquo;a racont\u00e9 dans <em>\u00c9quipiers<\/em>. <em>L\u00e0 o\u00f9 leurs mains se tiennent<\/em> est  l&rsquo;histoire de Jean-Baptiste qui succ\u00e8de \u00e0 Bernard Hinault au palmar\u00e8s du Tour de France. Mais avant de devenir l&rsquo;idole des Fran\u00e7ais, Jean-Baptiste est d&rsquo;abord un orphelin qui porte la poisse \u00e0 ses parents. Sa m\u00e8re d\u00e9c\u00e8de \u00e0 peine son accouchement termin\u00e9. Et la vie de son p\u00e8re prend fin, la premi\u00e8re et derni\u00e8re fois qu&rsquo;il jouit avec sa m\u00e8re  \u00ab <em>avec la rage d&rsquo;un acteur allemand \u00e0 moustache<\/em> \u00bb. Ah cholie performance ! On se permet d&rsquo;ajouter que Gr\u00e9gory Nicolas d\u00e9veloppe dans son livre une r\u00e9elle attirance pour nos cousins germains qui portent dans ses pages des tongs et des chaussettes.<\/p>\n\n\n\n<blockquote class=\"wp-block-quote has-text-align-center is-style-large is-layout-flow wp-block-quote-is-layout-flow\"><p>Jean-Baptiste entame une nouvelle vie en signant sa premi\u00e8re licence de coureur<\/p><\/blockquote>\n\n\n\n<p>Voil\u00e0 donc Jean-Baptiste r\u00e9cup\u00e9r\u00e9 par sa grand-m\u00e8re qui lui pr\u00e9pare tous les matins son grand bol de chocolat Nesquik et ses brioches \u00e0 la confiture d&rsquo;abricots. Adolescent, Jean-Baptiste est le souffre-douleur de sa classe au coll\u00e8ge parce qu&rsquo;il n&rsquo;a plus ses parents. Heureusement arrive Thibault, jeune Picard avec qui il se lie d&rsquo;amiti\u00e9. Quand les adolescents se s\u00e9parent parce que Thibault d\u00e9m\u00e9nage, Jean-Baptiste entame une nouvelle vie en signant sa premi\u00e8re licence de coureur. Sa grand-m\u00e8re lui offre pour cela un vieux Peugeot repeint en bleu et jaune comme dans l&rsquo;\u00e9quipe Festina, avec des p\u00e9dales automatiques Look. Un pr\u00e9sent magnifique que Jean-Baptiste compl\u00e8te d&rsquo;un casque et de gants pay\u00e9s avec ses \u00e9conomies. Commence alors une longue s\u00e9rie de victoires qui am\u00e8nent Jean-Baptiste \u00e0 la c\u00e9l\u00e9brit\u00e9. Surgissent surtout des pages magnifiques sur les routes vent\u00e9es du Tr\u00e9gor qu&rsquo;il emprunte \u00e0 l&rsquo;entra\u00eenement. Sur les mont\u00e9es de cette Bretagne du Nord qui vous explosent le palpitant, et sur ces paysages maritimes qui vous apaisent tant ils sont beaux. La vie de Jean-Baptiste c&rsquo;est aussi la rencontre avec Anna, m\u00e9decin contr\u00f4leuse de l&rsquo;Agence fran\u00e7aise de lutte contre le dopage, qui le r\u00e9veille \u00e0 l&rsquo;aube pour le faire pisser. Une rencontre qui scelle leur avenir. Ces deux-l\u00e0 sont n\u00e9s pour vivre ensemble.<\/p>\n","protected":false},"excerpt":{"rendered":"<p>Mais pourquoi n&rsquo;est-il pas plus connu ? Pourquoi son nom n&rsquo;est-il pas plus souvent cit\u00e9 dans les m\u00e9dias ? Pourtant livre apr\u00e8s livre Gr\u00e9gory Nicolas confirme tout le bien qu&rsquo;il nous fait en nous racontant ses histoires. L\u00e0 o\u00f9 leurs mains se tiennent est son premier roman, le seul qui n&rsquo;avait pas encore \u00e9t\u00e9 chroniqu\u00e9 [&hellip;]<\/p>\n","protected":false},"author":8,"featured_media":18530,"comment_status":"open","ping_status":"open","sticky":false,"template":"","format":"standard","meta":{"footnotes":""},"categories":[16,17,3],"tags":[74],"class_list":["post-5742","post","type-post","status-publish","format-standard","has-post-thumbnail","hentry","category-roule-ma-poule","category-sport","category-coup-de-coeur","tag-rue-des-promenades"],"yoast_head":"<!-- This site is optimized with the Yoast SEO plugin v27.5 - https:\/\/yoast.com\/product\/yoast-seo-wordpress\/ -->\n<title>L\u00e0 o\u00f9 leurs mains se tiennent, Gr\u00e9gory Nicolas, \u00c9ditions Rue des Promenades - Surbook\u00e9<\/title>\n<meta name=\"robots\" content=\"index, follow, max-snippet:-1, max-image-preview:large, max-video-preview:-1\" \/>\n<link rel=\"canonical\" href=\"https:\/\/surbooke.fr\/wordpress\/2021\/01\/13\/la-ou-leurs-mains-se-tiennent-gregory-nicolas-editions-rue-des-promenades\/\" \/>\n<meta property=\"og:locale\" content=\"fr_FR\" \/>\n<meta property=\"og:type\" content=\"article\" \/>\n<meta property=\"og:title\" content=\"L\u00e0 o\u00f9 leurs mains se tiennent, Gr\u00e9gory Nicolas, \u00c9ditions Rue des Promenades - Surbook\u00e9\" \/>\n<meta property=\"og:description\" content=\"Mais pourquoi n&rsquo;est-il pas plus connu ? Pourquoi son nom n&rsquo;est-il pas plus souvent cit\u00e9 dans les m\u00e9dias ? Pourtant livre apr\u00e8s livre Gr\u00e9gory Nicolas confirme tout le bien qu&rsquo;il nous fait en nous racontant ses histoires. L\u00e0 o\u00f9 leurs mains se tiennent est son premier roman, le seul qui n&rsquo;avait pas encore \u00e9t\u00e9 chroniqu\u00e9 [&hellip;]\" \/>\n<meta property=\"og:url\" content=\"https:\/\/surbooke.fr\/wordpress\/2021\/01\/13\/la-ou-leurs-mains-se-tiennent-gregory-nicolas-editions-rue-des-promenades\/\" \/>\n<meta property=\"og:site_name\" content=\"Surbook\u00e9\" \/>\n<meta property=\"article:published_time\" content=\"2021-01-13T06:50:29+00:00\" \/>\n<meta property=\"article:modified_time\" content=\"2022-11-26T13:03:53+00:00\" \/>\n<meta property=\"og:image\" content=\"https:\/\/surbooke.fr\/wordpress\/wp-content\/uploads\/2021\/01\/La-ou-leurs-mains-se-tiennent.jpg\" \/>\n\t<meta property=\"og:image:width\" content=\"324\" \/>\n\t<meta property=\"og:image:height\" content=\"499\" \/>\n\t<meta property=\"og:image:type\" content=\"image\/jpeg\" \/>\n<meta name=\"author\" content=\"Laurent Bisault\" \/>\n<meta name=\"twitter:card\" content=\"summary_large_image\" \/>\n<meta name=\"twitter:creator\" content=\"@LaurentBisault\" \/>\n<meta name=\"twitter:label1\" content=\"\u00c9crit par\" \/>\n\t<meta name=\"twitter:data1\" content=\"Laurent Bisault\" \/>\n\t<meta name=\"twitter:label2\" content=\"Dur\u00e9e de lecture estim\u00e9e\" \/>\n\t<meta name=\"twitter:data2\" content=\"3 minutes\" \/>\n<script type=\"application\/ld+json\" class=\"yoast-schema-graph\">{\"@context\":\"https:\\\/\\\/schema.org\",\"@graph\":[{\"@type\":\"Article\",\"@id\":\"https:\\\/\\\/surbooke.fr\\\/wordpress\\\/2021\\\/01\\\/13\\\/la-ou-leurs-mains-se-tiennent-gregory-nicolas-editions-rue-des-promenades\\\/#article\",\"isPartOf\":{\"@id\":\"https:\\\/\\\/surbooke.fr\\\/wordpress\\\/2021\\\/01\\\/13\\\/la-ou-leurs-mains-se-tiennent-gregory-nicolas-editions-rue-des-promenades\\\/\"},\"author\":{\"name\":\"Laurent Bisault\",\"@id\":\"https:\\\/\\\/surbooke.fr\\\/wordpress\\\/#\\\/schema\\\/person\\\/9c6be4d35203c76182c56b0e974807c6\"},\"headline\":\"L\u00e0 o\u00f9 leurs mains se tiennent, Gr\u00e9gory Nicolas, \u00c9ditions Rue des Promenades\",\"datePublished\":\"2021-01-13T06:50:29+00:00\",\"dateModified\":\"2022-11-26T13:03:53+00:00\",\"mainEntityOfPage\":{\"@id\":\"https:\\\/\\\/surbooke.fr\\\/wordpress\\\/2021\\\/01\\\/13\\\/la-ou-leurs-mains-se-tiennent-gregory-nicolas-editions-rue-des-promenades\\\/\"},\"wordCount\":674,\"commentCount\":0,\"image\":{\"@id\":\"https:\\\/\\\/surbooke.fr\\\/wordpress\\\/2021\\\/01\\\/13\\\/la-ou-leurs-mains-se-tiennent-gregory-nicolas-editions-rue-des-promenades\\\/#primaryimage\"},\"thumbnailUrl\":\"https:\\\/\\\/surbooke.fr\\\/wordpress\\\/wp-content\\\/uploads\\\/2021\\\/01\\\/La-ou-leurs-mains-se-tiennent.jpg\",\"keywords\":[\"Rue des promenades\"],\"articleSection\":[\"roule ma poule \ud83d\udeb4\",\"sport \ud83c\udfc5\",\"\ud83e\udd0d\"],\"inLanguage\":\"fr-FR\",\"potentialAction\":[{\"@type\":\"CommentAction\",\"name\":\"Comment\",\"target\":[\"https:\\\/\\\/surbooke.fr\\\/wordpress\\\/2021\\\/01\\\/13\\\/la-ou-leurs-mains-se-tiennent-gregory-nicolas-editions-rue-des-promenades\\\/#respond\"]}]},{\"@type\":\"WebPage\",\"@id\":\"https:\\\/\\\/surbooke.fr\\\/wordpress\\\/2021\\\/01\\\/13\\\/la-ou-leurs-mains-se-tiennent-gregory-nicolas-editions-rue-des-promenades\\\/\",\"url\":\"https:\\\/\\\/surbooke.fr\\\/wordpress\\\/2021\\\/01\\\/13\\\/la-ou-leurs-mains-se-tiennent-gregory-nicolas-editions-rue-des-promenades\\\/\",\"name\":\"L\u00e0 o\u00f9 leurs mains se tiennent, Gr\u00e9gory Nicolas, \u00c9ditions Rue des Promenades - Surbook\u00e9\",\"isPartOf\":{\"@id\":\"https:\\\/\\\/surbooke.fr\\\/wordpress\\\/#website\"},\"primaryImageOfPage\":{\"@id\":\"https:\\\/\\\/surbooke.fr\\\/wordpress\\\/2021\\\/01\\\/13\\\/la-ou-leurs-mains-se-tiennent-gregory-nicolas-editions-rue-des-promenades\\\/#primaryimage\"},\"image\":{\"@id\":\"https:\\\/\\\/surbooke.fr\\\/wordpress\\\/2021\\\/01\\\/13\\\/la-ou-leurs-mains-se-tiennent-gregory-nicolas-editions-rue-des-promenades\\\/#primaryimage\"},\"thumbnailUrl\":\"https:\\\/\\\/surbooke.fr\\\/wordpress\\\/wp-content\\\/uploads\\\/2021\\\/01\\\/La-ou-leurs-mains-se-tiennent.jpg\",\"datePublished\":\"2021-01-13T06:50:29+00:00\",\"dateModified\":\"2022-11-26T13:03:53+00:00\",\"author\":{\"@id\":\"https:\\\/\\\/surbooke.fr\\\/wordpress\\\/#\\\/schema\\\/person\\\/9c6be4d35203c76182c56b0e974807c6\"},\"breadcrumb\":{\"@id\":\"https:\\\/\\\/surbooke.fr\\\/wordpress\\\/2021\\\/01\\\/13\\\/la-ou-leurs-mains-se-tiennent-gregory-nicolas-editions-rue-des-promenades\\\/#breadcrumb\"},\"inLanguage\":\"fr-FR\",\"potentialAction\":[{\"@type\":\"ReadAction\",\"target\":[\"https:\\\/\\\/surbooke.fr\\\/wordpress\\\/2021\\\/01\\\/13\\\/la-ou-leurs-mains-se-tiennent-gregory-nicolas-editions-rue-des-promenades\\\/\"]}]},{\"@type\":\"ImageObject\",\"inLanguage\":\"fr-FR\",\"@id\":\"https:\\\/\\\/surbooke.fr\\\/wordpress\\\/2021\\\/01\\\/13\\\/la-ou-leurs-mains-se-tiennent-gregory-nicolas-editions-rue-des-promenades\\\/#primaryimage\",\"url\":\"https:\\\/\\\/surbooke.fr\\\/wordpress\\\/wp-content\\\/uploads\\\/2021\\\/01\\\/La-ou-leurs-mains-se-tiennent.jpg\",\"contentUrl\":\"https:\\\/\\\/surbooke.fr\\\/wordpress\\\/wp-content\\\/uploads\\\/2021\\\/01\\\/La-ou-leurs-mains-se-tiennent.jpg\",\"width\":324,\"height\":499},{\"@type\":\"BreadcrumbList\",\"@id\":\"https:\\\/\\\/surbooke.fr\\\/wordpress\\\/2021\\\/01\\\/13\\\/la-ou-leurs-mains-se-tiennent-gregory-nicolas-editions-rue-des-promenades\\\/#breadcrumb\",\"itemListElement\":[{\"@type\":\"ListItem\",\"position\":1,\"name\":\"Accueil\",\"item\":\"https:\\\/\\\/surbooke.fr\\\/wordpress\\\/\"},{\"@type\":\"ListItem\",\"position\":2,\"name\":\"L\u00e0 o\u00f9 leurs mains se tiennent, Gr\u00e9gory Nicolas, \u00c9ditions Rue des Promenades\"}]},{\"@type\":\"WebSite\",\"@id\":\"https:\\\/\\\/surbooke.fr\\\/wordpress\\\/#website\",\"url\":\"https:\\\/\\\/surbooke.fr\\\/wordpress\\\/\",\"name\":\"Surbook\u00e9\",\"description\":\"Le blog de Laurent Bisault\",\"potentialAction\":[{\"@type\":\"SearchAction\",\"target\":{\"@type\":\"EntryPoint\",\"urlTemplate\":\"https:\\\/\\\/surbooke.fr\\\/wordpress\\\/?s={search_term_string}\"},\"query-input\":{\"@type\":\"PropertyValueSpecification\",\"valueRequired\":true,\"valueName\":\"search_term_string\"}}],\"inLanguage\":\"fr-FR\"},{\"@type\":\"Person\",\"@id\":\"https:\\\/\\\/surbooke.fr\\\/wordpress\\\/#\\\/schema\\\/person\\\/9c6be4d35203c76182c56b0e974807c6\",\"name\":\"Laurent Bisault\",\"image\":{\"@type\":\"ImageObject\",\"inLanguage\":\"fr-FR\",\"@id\":\"https:\\\/\\\/secure.gravatar.com\\\/avatar\\\/3bcd2efdfc3a3e416bea3223d3dfcd7f8845e2ca0669671d0c7ed8e84e97bfc4?s=96&d=mm&r=g\",\"url\":\"https:\\\/\\\/secure.gravatar.com\\\/avatar\\\/3bcd2efdfc3a3e416bea3223d3dfcd7f8845e2ca0669671d0c7ed8e84e97bfc4?s=96&d=mm&r=g\",\"contentUrl\":\"https:\\\/\\\/secure.gravatar.com\\\/avatar\\\/3bcd2efdfc3a3e416bea3223d3dfcd7f8845e2ca0669671d0c7ed8e84e97bfc4?s=96&d=mm&r=g\",\"caption\":\"Laurent Bisault\"},\"sameAs\":[\"https:\\\/\\\/surbooke.fr\\\/wordpress\\\/\",\"https:\\\/\\\/x.com\\\/LaurentBisault\"],\"url\":\"https:\\\/\\\/surbooke.fr\\\/wordpress\\\/author\\\/surbooke\\\/\"}]}<\/script>\n<!-- \/ Yoast SEO plugin. -->","yoast_head_json":{"title":"L\u00e0 o\u00f9 leurs mains se tiennent, Gr\u00e9gory Nicolas, \u00c9ditions Rue des Promenades - Surbook\u00e9","robots":{"index":"index","follow":"follow","max-snippet":"max-snippet:-1","max-image-preview":"max-image-preview:large","max-video-preview":"max-video-preview:-1"},"canonical":"https:\/\/surbooke.fr\/wordpress\/2021\/01\/13\/la-ou-leurs-mains-se-tiennent-gregory-nicolas-editions-rue-des-promenades\/","og_locale":"fr_FR","og_type":"article","og_title":"L\u00e0 o\u00f9 leurs mains se tiennent, Gr\u00e9gory Nicolas, \u00c9ditions Rue des Promenades - Surbook\u00e9","og_description":"Mais pourquoi n&rsquo;est-il pas plus connu ? Pourquoi son nom n&rsquo;est-il pas plus souvent cit\u00e9 dans les m\u00e9dias ? Pourtant livre apr\u00e8s livre Gr\u00e9gory Nicolas confirme tout le bien qu&rsquo;il nous fait en nous racontant ses histoires. L\u00e0 o\u00f9 leurs mains se tiennent est son premier roman, le seul qui n&rsquo;avait pas encore \u00e9t\u00e9 chroniqu\u00e9 [&hellip;]","og_url":"https:\/\/surbooke.fr\/wordpress\/2021\/01\/13\/la-ou-leurs-mains-se-tiennent-gregory-nicolas-editions-rue-des-promenades\/","og_site_name":"Surbook\u00e9","article_published_time":"2021-01-13T06:50:29+00:00","article_modified_time":"2022-11-26T13:03:53+00:00","og_image":[{"width":324,"height":499,"url":"https:\/\/surbooke.fr\/wordpress\/wp-content\/uploads\/2021\/01\/La-ou-leurs-mains-se-tiennent.jpg","type":"image\/jpeg"}],"author":"Laurent Bisault","twitter_card":"summary_large_image","twitter_creator":"@LaurentBisault","twitter_misc":{"\u00c9crit par":"Laurent Bisault","Dur\u00e9e de lecture estim\u00e9e":"3 minutes"},"schema":{"@context":"https:\/\/schema.org","@graph":[{"@type":"Article","@id":"https:\/\/surbooke.fr\/wordpress\/2021\/01\/13\/la-ou-leurs-mains-se-tiennent-gregory-nicolas-editions-rue-des-promenades\/#article","isPartOf":{"@id":"https:\/\/surbooke.fr\/wordpress\/2021\/01\/13\/la-ou-leurs-mains-se-tiennent-gregory-nicolas-editions-rue-des-promenades\/"},"author":{"name":"Laurent Bisault","@id":"https:\/\/surbooke.fr\/wordpress\/#\/schema\/person\/9c6be4d35203c76182c56b0e974807c6"},"headline":"L\u00e0 o\u00f9 leurs mains se tiennent, Gr\u00e9gory Nicolas, \u00c9ditions Rue des Promenades","datePublished":"2021-01-13T06:50:29+00:00","dateModified":"2022-11-26T13:03:53+00:00","mainEntityOfPage":{"@id":"https:\/\/surbooke.fr\/wordpress\/2021\/01\/13\/la-ou-leurs-mains-se-tiennent-gregory-nicolas-editions-rue-des-promenades\/"},"wordCount":674,"commentCount":0,"image":{"@id":"https:\/\/surbooke.fr\/wordpress\/2021\/01\/13\/la-ou-leurs-mains-se-tiennent-gregory-nicolas-editions-rue-des-promenades\/#primaryimage"},"thumbnailUrl":"https:\/\/surbooke.fr\/wordpress\/wp-content\/uploads\/2021\/01\/La-ou-leurs-mains-se-tiennent.jpg","keywords":["Rue des promenades"],"articleSection":["roule ma poule \ud83d\udeb4","sport \ud83c\udfc5","\ud83e\udd0d"],"inLanguage":"fr-FR","potentialAction":[{"@type":"CommentAction","name":"Comment","target":["https:\/\/surbooke.fr\/wordpress\/2021\/01\/13\/la-ou-leurs-mains-se-tiennent-gregory-nicolas-editions-rue-des-promenades\/#respond"]}]},{"@type":"WebPage","@id":"https:\/\/surbooke.fr\/wordpress\/2021\/01\/13\/la-ou-leurs-mains-se-tiennent-gregory-nicolas-editions-rue-des-promenades\/","url":"https:\/\/surbooke.fr\/wordpress\/2021\/01\/13\/la-ou-leurs-mains-se-tiennent-gregory-nicolas-editions-rue-des-promenades\/","name":"L\u00e0 o\u00f9 leurs mains se tiennent, Gr\u00e9gory Nicolas, \u00c9ditions Rue des Promenades - Surbook\u00e9","isPartOf":{"@id":"https:\/\/surbooke.fr\/wordpress\/#website"},"primaryImageOfPage":{"@id":"https:\/\/surbooke.fr\/wordpress\/2021\/01\/13\/la-ou-leurs-mains-se-tiennent-gregory-nicolas-editions-rue-des-promenades\/#primaryimage"},"image":{"@id":"https:\/\/surbooke.fr\/wordpress\/2021\/01\/13\/la-ou-leurs-mains-se-tiennent-gregory-nicolas-editions-rue-des-promenades\/#primaryimage"},"thumbnailUrl":"https:\/\/surbooke.fr\/wordpress\/wp-content\/uploads\/2021\/01\/La-ou-leurs-mains-se-tiennent.jpg","datePublished":"2021-01-13T06:50:29+00:00","dateModified":"2022-11-26T13:03:53+00:00","author":{"@id":"https:\/\/surbooke.fr\/wordpress\/#\/schema\/person\/9c6be4d35203c76182c56b0e974807c6"},"breadcrumb":{"@id":"https:\/\/surbooke.fr\/wordpress\/2021\/01\/13\/la-ou-leurs-mains-se-tiennent-gregory-nicolas-editions-rue-des-promenades\/#breadcrumb"},"inLanguage":"fr-FR","potentialAction":[{"@type":"ReadAction","target":["https:\/\/surbooke.fr\/wordpress\/2021\/01\/13\/la-ou-leurs-mains-se-tiennent-gregory-nicolas-editions-rue-des-promenades\/"]}]},{"@type":"ImageObject","inLanguage":"fr-FR","@id":"https:\/\/surbooke.fr\/wordpress\/2021\/01\/13\/la-ou-leurs-mains-se-tiennent-gregory-nicolas-editions-rue-des-promenades\/#primaryimage","url":"https:\/\/surbooke.fr\/wordpress\/wp-content\/uploads\/2021\/01\/La-ou-leurs-mains-se-tiennent.jpg","contentUrl":"https:\/\/surbooke.fr\/wordpress\/wp-content\/uploads\/2021\/01\/La-ou-leurs-mains-se-tiennent.jpg","width":324,"height":499},{"@type":"BreadcrumbList","@id":"https:\/\/surbooke.fr\/wordpress\/2021\/01\/13\/la-ou-leurs-mains-se-tiennent-gregory-nicolas-editions-rue-des-promenades\/#breadcrumb","itemListElement":[{"@type":"ListItem","position":1,"name":"Accueil","item":"https:\/\/surbooke.fr\/wordpress\/"},{"@type":"ListItem","position":2,"name":"L\u00e0 o\u00f9 leurs mains se tiennent, Gr\u00e9gory Nicolas, \u00c9ditions Rue des Promenades"}]},{"@type":"WebSite","@id":"https:\/\/surbooke.fr\/wordpress\/#website","url":"https:\/\/surbooke.fr\/wordpress\/","name":"Surbook\u00e9","description":"Le blog de Laurent Bisault","potentialAction":[{"@type":"SearchAction","target":{"@type":"EntryPoint","urlTemplate":"https:\/\/surbooke.fr\/wordpress\/?s={search_term_string}"},"query-input":{"@type":"PropertyValueSpecification","valueRequired":true,"valueName":"search_term_string"}}],"inLanguage":"fr-FR"},{"@type":"Person","@id":"https:\/\/surbooke.fr\/wordpress\/#\/schema\/person\/9c6be4d35203c76182c56b0e974807c6","name":"Laurent Bisault","image":{"@type":"ImageObject","inLanguage":"fr-FR","@id":"https:\/\/secure.gravatar.com\/avatar\/3bcd2efdfc3a3e416bea3223d3dfcd7f8845e2ca0669671d0c7ed8e84e97bfc4?s=96&d=mm&r=g","url":"https:\/\/secure.gravatar.com\/avatar\/3bcd2efdfc3a3e416bea3223d3dfcd7f8845e2ca0669671d0c7ed8e84e97bfc4?s=96&d=mm&r=g","contentUrl":"https:\/\/secure.gravatar.com\/avatar\/3bcd2efdfc3a3e416bea3223d3dfcd7f8845e2ca0669671d0c7ed8e84e97bfc4?s=96&d=mm&r=g","caption":"Laurent Bisault"},"sameAs":["https:\/\/surbooke.fr\/wordpress\/","https:\/\/x.com\/LaurentBisault"],"url":"https:\/\/surbooke.fr\/wordpress\/author\/surbooke\/"}]}},"_links":{"self":[{"href":"https:\/\/surbooke.fr\/wordpress\/wp-json\/wp\/v2\/posts\/5742","targetHints":{"allow":["GET"]}}],"collection":[{"href":"https:\/\/surbooke.fr\/wordpress\/wp-json\/wp\/v2\/posts"}],"about":[{"href":"https:\/\/surbooke.fr\/wordpress\/wp-json\/wp\/v2\/types\/post"}],"author":[{"embeddable":true,"href":"https:\/\/surbooke.fr\/wordpress\/wp-json\/wp\/v2\/users\/8"}],"replies":[{"embeddable":true,"href":"https:\/\/surbooke.fr\/wordpress\/wp-json\/wp\/v2\/comments?post=5742"}],"version-history":[{"count":0,"href":"https:\/\/surbooke.fr\/wordpress\/wp-json\/wp\/v2\/posts\/5742\/revisions"}],"wp:featuredmedia":[{"embeddable":true,"href":"https:\/\/surbooke.fr\/wordpress\/wp-json\/wp\/v2\/media\/18530"}],"wp:attachment":[{"href":"https:\/\/surbooke.fr\/wordpress\/wp-json\/wp\/v2\/media?parent=5742"}],"wp:term":[{"taxonomy":"category","embeddable":true,"href":"https:\/\/surbooke.fr\/wordpress\/wp-json\/wp\/v2\/categories?post=5742"},{"taxonomy":"post_tag","embeddable":true,"href":"https:\/\/surbooke.fr\/wordpress\/wp-json\/wp\/v2\/tags?post=5742"}],"curies":[{"name":"wp","href":"https:\/\/api.w.org\/{rel}","templated":true}]}}