{"id":587,"date":"2019-10-01T11:14:06","date_gmt":"2019-10-01T09:14:06","guid":{"rendered":"http:\/\/surbooke.fr\/wordpress\/?p=587"},"modified":"2022-07-28T18:58:48","modified_gmt":"2022-07-28T16:58:48","slug":"les-yeux-fardes-lluis-llach-editions-actes-sud","status":"publish","type":"post","link":"https:\/\/surbooke.fr\/wordpress\/2019\/10\/01\/les-yeux-fardes-lluis-llach-editions-actes-sud\/","title":{"rendered":"Les yeux fard\u00e9s, Llu\u00eds Llach, \u00c9ditions Actes Sud"},"content":{"rendered":"\n<p><strong>Germinal, David, Joana et Mireia<\/strong>  avaient tout pour vivre une existence heureuse d&rsquo;adolescents dans la Barcelone des ann\u00e9es 20. Plus exactement \u00e0 Barceloneta, ce quartier ouvrier qui regarde vers la mer. Certains habitants \u00e9taient p\u00eacheurs, d&rsquo;autres chargeaient et d\u00e9chargeaient des bateaux puants. On se livrait \u00e0 la contrebande ou on s&#8217;embarquait sur un navire qui s&rsquo;en allait vers d&rsquo;autres contr\u00e9es. L&rsquo;existence de Germinal, le narrateur du roman, est d&rsquo;autant plus trac\u00e9e, qu&rsquo;il na\u00eet au 6 rue de la Mer d&rsquo;un p\u00e8re marin. Un marin qui tomba amoureux \u00e0 S\u00e8te de Marie et \u00ab&nbsp;<em>de son corps ferme et parfaitement dessin\u00e9&nbsp;<\/em>\u00bb. Comme cet amour \u00e9tait partag\u00e9, Josep emmena Marie \u00e0 S\u00e8te o\u00f9 il dut se trouver un autre travail, car sa femme ne pouvait concevoir d&rsquo;attendre son homme encore et encore. Josep se fit docker et mieux encore docker actif au sein du mouvement syndical anarchiste. Germinal pouvait donc arriver avec un pr\u00e9nom courant chez tous ceux qui combattaient les patrons et rejetaient l&rsquo;\u00c9glise. Joana, Mireia et David, que Germinal n&rsquo;allait cesser de c\u00f4toyer, \u00e9taient du m\u00eame monde. Joana \u00e9tait la fille d&rsquo;un docker venu de Murcie pour fuir la pauvret\u00e9 et d&rsquo;une couturi\u00e8re. L&rsquo;origine de Mireia \u00e9tait plus exotique, sa m\u00e8re issue de la riche bourgeoisie ayant choisi de vivre avec un contrebandier dont l&rsquo;entreprise prosp\u00e9rait gr\u00e2ce aux femmes. Et David&nbsp;? Son p\u00e8re \u00e9tait un modeste p\u00eacheur sur la <em>Sarita<\/em>, une felouque qui allait devenir le point de ralliement de la bande des quatre, tandis que sa m\u00e8re avait les mains les plus habiles du quartier pour coudre et raccommoder. Mais pour vivre et grandir tranquillement \u00e0 la Barceloneta, encore e\u00fbt-il fallu que le choix des urnes f\u00fbt respect\u00e9 en 1936 par l&rsquo;arm\u00e9e et la droite espagnole. La guerre civile allait tout emporter en commen\u00e7ant par ceux qui avaient choisi de r\u00e9sister. La question de la lutte ne se posait pas chez les syndicalistes de la CNT qui partirent se battre contre les forces de Franco. Germinal et David \u00e9taient trop jeunes pour les suivre, ils eurent donc un peu de temps pour s&rsquo;avouer leur amour r\u00e9ciproque. Une relation d\u00e9j\u00e0 peu facile \u00e0 vivre dans la Catalogne r\u00e9publicaine et qui ne pouvait que les entra\u00eener vers le pire apr\u00e8s la chute de Barcelone. C&rsquo;est cette relation de deux jeunes hommes que nous raconte en priorit\u00e9 Lu\u00eds Llach. Deux jeunes hommes qui passent all\u00e8grement d&rsquo;une femme \u00e0 une autre pour assouvir leur sexualit\u00e9, mais qui finissent par trouver leur pl\u00e9nitude en se tournant l&rsquo;un vers l&rsquo;autre. Difficile de s&rsquo;aimer quand les atrocit\u00e9s de la guerre se multiplient, les anarchistes \u00e9tant victimes des fascistes, des avions de Mussolini mais aussi des staliniens. Ce sont ces \u00e9v\u00e8nements que nous fait vivre Les yeux fard\u00e9s, avec d&rsquo;autant plus d&rsquo;\u00e9motion que Lu\u00eds Llach nous raconte un peu sa propre existence.<\/p>\n","protected":false},"excerpt":{"rendered":"<p>Germinal, David, Joana et Mireia avaient tout pour vivre une existence heureuse d&rsquo;adolescents dans la Barcelone des ann\u00e9es 20. Plus exactement \u00e0 Barceloneta, ce quartier ouvrier qui regarde vers la mer. Certains habitants \u00e9taient p\u00eacheurs, d&rsquo;autres chargeaient et d\u00e9chargeaient des bateaux puants. On se livrait \u00e0 la contrebande ou on s&#8217;embarquait sur un navire qui [&hellip;]<\/p>\n","protected":false},"author":8,"featured_media":19072,"comment_status":"open","ping_status":"open","sticky":false,"template":"","format":"standard","meta":{"footnotes":""},"categories":[105],"tags":[39],"class_list":["post-587","post","type-post","status-publish","format-standard","has-post-thumbnail","hentry","category-roman-catalan","tag-actes-sud"],"yoast_head":"<!-- This site is optimized with the Yoast SEO plugin v27.4 - https:\/\/yoast.com\/product\/yoast-seo-wordpress\/ -->\n<title>Les yeux fard\u00e9s, Llu\u00eds Llach, \u00c9ditions Actes Sud - Surbook\u00e9<\/title>\n<meta name=\"robots\" content=\"index, follow, max-snippet:-1, max-image-preview:large, max-video-preview:-1\" \/>\n<link rel=\"canonical\" href=\"https:\/\/surbooke.fr\/wordpress\/2019\/10\/01\/les-yeux-fardes-lluis-llach-editions-actes-sud\/\" \/>\n<meta property=\"og:locale\" content=\"fr_FR\" \/>\n<meta property=\"og:type\" content=\"article\" \/>\n<meta property=\"og:title\" content=\"Les yeux fard\u00e9s, Llu\u00eds Llach, \u00c9ditions Actes Sud - Surbook\u00e9\" \/>\n<meta property=\"og:description\" content=\"Germinal, David, Joana et Mireia avaient tout pour vivre une existence heureuse d&rsquo;adolescents dans la Barcelone des ann\u00e9es 20. Plus exactement \u00e0 Barceloneta, ce quartier ouvrier qui regarde vers la mer. Certains habitants \u00e9taient p\u00eacheurs, d&rsquo;autres chargeaient et d\u00e9chargeaient des bateaux puants. On se livrait \u00e0 la contrebande ou on s&#8217;embarquait sur un navire qui [&hellip;]\" \/>\n<meta property=\"og:url\" content=\"https:\/\/surbooke.fr\/wordpress\/2019\/10\/01\/les-yeux-fardes-lluis-llach-editions-actes-sud\/\" \/>\n<meta property=\"og:site_name\" content=\"Surbook\u00e9\" \/>\n<meta property=\"article:published_time\" content=\"2019-10-01T09:14:06+00:00\" \/>\n<meta property=\"article:modified_time\" content=\"2022-07-28T16:58:48+00:00\" \/>\n<meta property=\"og:image\" content=\"https:\/\/surbooke.fr\/wordpress\/wp-content\/uploads\/2019\/10\/Les-yeux-fardes.jpg\" \/>\n\t<meta property=\"og:image:width\" content=\"340\" \/>\n\t<meta property=\"og:image:height\" content=\"340\" \/>\n\t<meta property=\"og:image:type\" content=\"image\/jpeg\" \/>\n<meta name=\"author\" content=\"Laurent Bisault\" \/>\n<meta name=\"twitter:card\" content=\"summary_large_image\" \/>\n<meta name=\"twitter:creator\" content=\"@LaurentBisault\" \/>\n<meta name=\"twitter:label1\" content=\"\u00c9crit par\" \/>\n\t<meta name=\"twitter:data1\" content=\"Laurent Bisault\" \/>\n\t<meta name=\"twitter:label2\" content=\"Dur\u00e9e de lecture estim\u00e9e\" \/>\n\t<meta name=\"twitter:data2\" content=\"3 minutes\" \/>\n<script type=\"application\/ld+json\" class=\"yoast-schema-graph\">{\"@context\":\"https:\\\/\\\/schema.org\",\"@graph\":[{\"@type\":\"Article\",\"@id\":\"https:\\\/\\\/surbooke.fr\\\/wordpress\\\/2019\\\/10\\\/01\\\/les-yeux-fardes-lluis-llach-editions-actes-sud\\\/#article\",\"isPartOf\":{\"@id\":\"https:\\\/\\\/surbooke.fr\\\/wordpress\\\/2019\\\/10\\\/01\\\/les-yeux-fardes-lluis-llach-editions-actes-sud\\\/\"},\"author\":{\"name\":\"Laurent Bisault\",\"@id\":\"https:\\\/\\\/surbooke.fr\\\/wordpress\\\/#\\\/schema\\\/person\\\/9c6be4d35203c76182c56b0e974807c6\"},\"headline\":\"Les yeux fard\u00e9s, Llu\u00eds Llach, \u00c9ditions Actes Sud\",\"datePublished\":\"2019-10-01T09:14:06+00:00\",\"dateModified\":\"2022-07-28T16:58:48+00:00\",\"mainEntityOfPage\":{\"@id\":\"https:\\\/\\\/surbooke.fr\\\/wordpress\\\/2019\\\/10\\\/01\\\/les-yeux-fardes-lluis-llach-editions-actes-sud\\\/\"},\"wordCount\":528,\"commentCount\":0,\"image\":{\"@id\":\"https:\\\/\\\/surbooke.fr\\\/wordpress\\\/2019\\\/10\\\/01\\\/les-yeux-fardes-lluis-llach-editions-actes-sud\\\/#primaryimage\"},\"thumbnailUrl\":\"https:\\\/\\\/surbooke.fr\\\/wordpress\\\/wp-content\\\/uploads\\\/2019\\\/10\\\/Les-yeux-fardes.jpg\",\"keywords\":[\"Actes Sud\"],\"articleSection\":[\"roman catalan\"],\"inLanguage\":\"fr-FR\",\"potentialAction\":[{\"@type\":\"CommentAction\",\"name\":\"Comment\",\"target\":[\"https:\\\/\\\/surbooke.fr\\\/wordpress\\\/2019\\\/10\\\/01\\\/les-yeux-fardes-lluis-llach-editions-actes-sud\\\/#respond\"]}]},{\"@type\":\"WebPage\",\"@id\":\"https:\\\/\\\/surbooke.fr\\\/wordpress\\\/2019\\\/10\\\/01\\\/les-yeux-fardes-lluis-llach-editions-actes-sud\\\/\",\"url\":\"https:\\\/\\\/surbooke.fr\\\/wordpress\\\/2019\\\/10\\\/01\\\/les-yeux-fardes-lluis-llach-editions-actes-sud\\\/\",\"name\":\"Les yeux fard\u00e9s, Llu\u00eds Llach, \u00c9ditions Actes Sud - Surbook\u00e9\",\"isPartOf\":{\"@id\":\"https:\\\/\\\/surbooke.fr\\\/wordpress\\\/#website\"},\"primaryImageOfPage\":{\"@id\":\"https:\\\/\\\/surbooke.fr\\\/wordpress\\\/2019\\\/10\\\/01\\\/les-yeux-fardes-lluis-llach-editions-actes-sud\\\/#primaryimage\"},\"image\":{\"@id\":\"https:\\\/\\\/surbooke.fr\\\/wordpress\\\/2019\\\/10\\\/01\\\/les-yeux-fardes-lluis-llach-editions-actes-sud\\\/#primaryimage\"},\"thumbnailUrl\":\"https:\\\/\\\/surbooke.fr\\\/wordpress\\\/wp-content\\\/uploads\\\/2019\\\/10\\\/Les-yeux-fardes.jpg\",\"datePublished\":\"2019-10-01T09:14:06+00:00\",\"dateModified\":\"2022-07-28T16:58:48+00:00\",\"author\":{\"@id\":\"https:\\\/\\\/surbooke.fr\\\/wordpress\\\/#\\\/schema\\\/person\\\/9c6be4d35203c76182c56b0e974807c6\"},\"breadcrumb\":{\"@id\":\"https:\\\/\\\/surbooke.fr\\\/wordpress\\\/2019\\\/10\\\/01\\\/les-yeux-fardes-lluis-llach-editions-actes-sud\\\/#breadcrumb\"},\"inLanguage\":\"fr-FR\",\"potentialAction\":[{\"@type\":\"ReadAction\",\"target\":[\"https:\\\/\\\/surbooke.fr\\\/wordpress\\\/2019\\\/10\\\/01\\\/les-yeux-fardes-lluis-llach-editions-actes-sud\\\/\"]}]},{\"@type\":\"ImageObject\",\"inLanguage\":\"fr-FR\",\"@id\":\"https:\\\/\\\/surbooke.fr\\\/wordpress\\\/2019\\\/10\\\/01\\\/les-yeux-fardes-lluis-llach-editions-actes-sud\\\/#primaryimage\",\"url\":\"https:\\\/\\\/surbooke.fr\\\/wordpress\\\/wp-content\\\/uploads\\\/2019\\\/10\\\/Les-yeux-fardes.jpg\",\"contentUrl\":\"https:\\\/\\\/surbooke.fr\\\/wordpress\\\/wp-content\\\/uploads\\\/2019\\\/10\\\/Les-yeux-fardes.jpg\",\"width\":340,\"height\":340},{\"@type\":\"BreadcrumbList\",\"@id\":\"https:\\\/\\\/surbooke.fr\\\/wordpress\\\/2019\\\/10\\\/01\\\/les-yeux-fardes-lluis-llach-editions-actes-sud\\\/#breadcrumb\",\"itemListElement\":[{\"@type\":\"ListItem\",\"position\":1,\"name\":\"Accueil\",\"item\":\"https:\\\/\\\/surbooke.fr\\\/wordpress\\\/\"},{\"@type\":\"ListItem\",\"position\":2,\"name\":\"Les yeux fard\u00e9s, Llu\u00eds Llach, \u00c9ditions Actes Sud\"}]},{\"@type\":\"WebSite\",\"@id\":\"https:\\\/\\\/surbooke.fr\\\/wordpress\\\/#website\",\"url\":\"https:\\\/\\\/surbooke.fr\\\/wordpress\\\/\",\"name\":\"Surbook\u00e9\",\"description\":\"Le blog de Laurent Bisault\",\"potentialAction\":[{\"@type\":\"SearchAction\",\"target\":{\"@type\":\"EntryPoint\",\"urlTemplate\":\"https:\\\/\\\/surbooke.fr\\\/wordpress\\\/?s={search_term_string}\"},\"query-input\":{\"@type\":\"PropertyValueSpecification\",\"valueRequired\":true,\"valueName\":\"search_term_string\"}}],\"inLanguage\":\"fr-FR\"},{\"@type\":\"Person\",\"@id\":\"https:\\\/\\\/surbooke.fr\\\/wordpress\\\/#\\\/schema\\\/person\\\/9c6be4d35203c76182c56b0e974807c6\",\"name\":\"Laurent Bisault\",\"image\":{\"@type\":\"ImageObject\",\"inLanguage\":\"fr-FR\",\"@id\":\"https:\\\/\\\/secure.gravatar.com\\\/avatar\\\/3bcd2efdfc3a3e416bea3223d3dfcd7f8845e2ca0669671d0c7ed8e84e97bfc4?s=96&d=mm&r=g\",\"url\":\"https:\\\/\\\/secure.gravatar.com\\\/avatar\\\/3bcd2efdfc3a3e416bea3223d3dfcd7f8845e2ca0669671d0c7ed8e84e97bfc4?s=96&d=mm&r=g\",\"contentUrl\":\"https:\\\/\\\/secure.gravatar.com\\\/avatar\\\/3bcd2efdfc3a3e416bea3223d3dfcd7f8845e2ca0669671d0c7ed8e84e97bfc4?s=96&d=mm&r=g\",\"caption\":\"Laurent Bisault\"},\"sameAs\":[\"https:\\\/\\\/surbooke.fr\\\/wordpress\\\/\",\"https:\\\/\\\/x.com\\\/LaurentBisault\"],\"url\":\"https:\\\/\\\/surbooke.fr\\\/wordpress\\\/author\\\/surbooke\\\/\"}]}<\/script>\n<!-- \/ Yoast SEO plugin. -->","yoast_head_json":{"title":"Les yeux fard\u00e9s, Llu\u00eds Llach, \u00c9ditions Actes Sud - Surbook\u00e9","robots":{"index":"index","follow":"follow","max-snippet":"max-snippet:-1","max-image-preview":"max-image-preview:large","max-video-preview":"max-video-preview:-1"},"canonical":"https:\/\/surbooke.fr\/wordpress\/2019\/10\/01\/les-yeux-fardes-lluis-llach-editions-actes-sud\/","og_locale":"fr_FR","og_type":"article","og_title":"Les yeux fard\u00e9s, Llu\u00eds Llach, \u00c9ditions Actes Sud - Surbook\u00e9","og_description":"Germinal, David, Joana et Mireia avaient tout pour vivre une existence heureuse d&rsquo;adolescents dans la Barcelone des ann\u00e9es 20. Plus exactement \u00e0 Barceloneta, ce quartier ouvrier qui regarde vers la mer. Certains habitants \u00e9taient p\u00eacheurs, d&rsquo;autres chargeaient et d\u00e9chargeaient des bateaux puants. On se livrait \u00e0 la contrebande ou on s&#8217;embarquait sur un navire qui [&hellip;]","og_url":"https:\/\/surbooke.fr\/wordpress\/2019\/10\/01\/les-yeux-fardes-lluis-llach-editions-actes-sud\/","og_site_name":"Surbook\u00e9","article_published_time":"2019-10-01T09:14:06+00:00","article_modified_time":"2022-07-28T16:58:48+00:00","og_image":[{"width":340,"height":340,"url":"https:\/\/surbooke.fr\/wordpress\/wp-content\/uploads\/2019\/10\/Les-yeux-fardes.jpg","type":"image\/jpeg"}],"author":"Laurent Bisault","twitter_card":"summary_large_image","twitter_creator":"@LaurentBisault","twitter_misc":{"\u00c9crit par":"Laurent Bisault","Dur\u00e9e de lecture estim\u00e9e":"3 minutes"},"schema":{"@context":"https:\/\/schema.org","@graph":[{"@type":"Article","@id":"https:\/\/surbooke.fr\/wordpress\/2019\/10\/01\/les-yeux-fardes-lluis-llach-editions-actes-sud\/#article","isPartOf":{"@id":"https:\/\/surbooke.fr\/wordpress\/2019\/10\/01\/les-yeux-fardes-lluis-llach-editions-actes-sud\/"},"author":{"name":"Laurent Bisault","@id":"https:\/\/surbooke.fr\/wordpress\/#\/schema\/person\/9c6be4d35203c76182c56b0e974807c6"},"headline":"Les yeux fard\u00e9s, Llu\u00eds Llach, \u00c9ditions Actes Sud","datePublished":"2019-10-01T09:14:06+00:00","dateModified":"2022-07-28T16:58:48+00:00","mainEntityOfPage":{"@id":"https:\/\/surbooke.fr\/wordpress\/2019\/10\/01\/les-yeux-fardes-lluis-llach-editions-actes-sud\/"},"wordCount":528,"commentCount":0,"image":{"@id":"https:\/\/surbooke.fr\/wordpress\/2019\/10\/01\/les-yeux-fardes-lluis-llach-editions-actes-sud\/#primaryimage"},"thumbnailUrl":"https:\/\/surbooke.fr\/wordpress\/wp-content\/uploads\/2019\/10\/Les-yeux-fardes.jpg","keywords":["Actes Sud"],"articleSection":["roman catalan"],"inLanguage":"fr-FR","potentialAction":[{"@type":"CommentAction","name":"Comment","target":["https:\/\/surbooke.fr\/wordpress\/2019\/10\/01\/les-yeux-fardes-lluis-llach-editions-actes-sud\/#respond"]}]},{"@type":"WebPage","@id":"https:\/\/surbooke.fr\/wordpress\/2019\/10\/01\/les-yeux-fardes-lluis-llach-editions-actes-sud\/","url":"https:\/\/surbooke.fr\/wordpress\/2019\/10\/01\/les-yeux-fardes-lluis-llach-editions-actes-sud\/","name":"Les yeux fard\u00e9s, Llu\u00eds Llach, \u00c9ditions Actes Sud - Surbook\u00e9","isPartOf":{"@id":"https:\/\/surbooke.fr\/wordpress\/#website"},"primaryImageOfPage":{"@id":"https:\/\/surbooke.fr\/wordpress\/2019\/10\/01\/les-yeux-fardes-lluis-llach-editions-actes-sud\/#primaryimage"},"image":{"@id":"https:\/\/surbooke.fr\/wordpress\/2019\/10\/01\/les-yeux-fardes-lluis-llach-editions-actes-sud\/#primaryimage"},"thumbnailUrl":"https:\/\/surbooke.fr\/wordpress\/wp-content\/uploads\/2019\/10\/Les-yeux-fardes.jpg","datePublished":"2019-10-01T09:14:06+00:00","dateModified":"2022-07-28T16:58:48+00:00","author":{"@id":"https:\/\/surbooke.fr\/wordpress\/#\/schema\/person\/9c6be4d35203c76182c56b0e974807c6"},"breadcrumb":{"@id":"https:\/\/surbooke.fr\/wordpress\/2019\/10\/01\/les-yeux-fardes-lluis-llach-editions-actes-sud\/#breadcrumb"},"inLanguage":"fr-FR","potentialAction":[{"@type":"ReadAction","target":["https:\/\/surbooke.fr\/wordpress\/2019\/10\/01\/les-yeux-fardes-lluis-llach-editions-actes-sud\/"]}]},{"@type":"ImageObject","inLanguage":"fr-FR","@id":"https:\/\/surbooke.fr\/wordpress\/2019\/10\/01\/les-yeux-fardes-lluis-llach-editions-actes-sud\/#primaryimage","url":"https:\/\/surbooke.fr\/wordpress\/wp-content\/uploads\/2019\/10\/Les-yeux-fardes.jpg","contentUrl":"https:\/\/surbooke.fr\/wordpress\/wp-content\/uploads\/2019\/10\/Les-yeux-fardes.jpg","width":340,"height":340},{"@type":"BreadcrumbList","@id":"https:\/\/surbooke.fr\/wordpress\/2019\/10\/01\/les-yeux-fardes-lluis-llach-editions-actes-sud\/#breadcrumb","itemListElement":[{"@type":"ListItem","position":1,"name":"Accueil","item":"https:\/\/surbooke.fr\/wordpress\/"},{"@type":"ListItem","position":2,"name":"Les yeux fard\u00e9s, Llu\u00eds Llach, \u00c9ditions Actes Sud"}]},{"@type":"WebSite","@id":"https:\/\/surbooke.fr\/wordpress\/#website","url":"https:\/\/surbooke.fr\/wordpress\/","name":"Surbook\u00e9","description":"Le blog de Laurent Bisault","potentialAction":[{"@type":"SearchAction","target":{"@type":"EntryPoint","urlTemplate":"https:\/\/surbooke.fr\/wordpress\/?s={search_term_string}"},"query-input":{"@type":"PropertyValueSpecification","valueRequired":true,"valueName":"search_term_string"}}],"inLanguage":"fr-FR"},{"@type":"Person","@id":"https:\/\/surbooke.fr\/wordpress\/#\/schema\/person\/9c6be4d35203c76182c56b0e974807c6","name":"Laurent Bisault","image":{"@type":"ImageObject","inLanguage":"fr-FR","@id":"https:\/\/secure.gravatar.com\/avatar\/3bcd2efdfc3a3e416bea3223d3dfcd7f8845e2ca0669671d0c7ed8e84e97bfc4?s=96&d=mm&r=g","url":"https:\/\/secure.gravatar.com\/avatar\/3bcd2efdfc3a3e416bea3223d3dfcd7f8845e2ca0669671d0c7ed8e84e97bfc4?s=96&d=mm&r=g","contentUrl":"https:\/\/secure.gravatar.com\/avatar\/3bcd2efdfc3a3e416bea3223d3dfcd7f8845e2ca0669671d0c7ed8e84e97bfc4?s=96&d=mm&r=g","caption":"Laurent Bisault"},"sameAs":["https:\/\/surbooke.fr\/wordpress\/","https:\/\/x.com\/LaurentBisault"],"url":"https:\/\/surbooke.fr\/wordpress\/author\/surbooke\/"}]}},"_links":{"self":[{"href":"https:\/\/surbooke.fr\/wordpress\/wp-json\/wp\/v2\/posts\/587","targetHints":{"allow":["GET"]}}],"collection":[{"href":"https:\/\/surbooke.fr\/wordpress\/wp-json\/wp\/v2\/posts"}],"about":[{"href":"https:\/\/surbooke.fr\/wordpress\/wp-json\/wp\/v2\/types\/post"}],"author":[{"embeddable":true,"href":"https:\/\/surbooke.fr\/wordpress\/wp-json\/wp\/v2\/users\/8"}],"replies":[{"embeddable":true,"href":"https:\/\/surbooke.fr\/wordpress\/wp-json\/wp\/v2\/comments?post=587"}],"version-history":[{"count":0,"href":"https:\/\/surbooke.fr\/wordpress\/wp-json\/wp\/v2\/posts\/587\/revisions"}],"wp:featuredmedia":[{"embeddable":true,"href":"https:\/\/surbooke.fr\/wordpress\/wp-json\/wp\/v2\/media\/19072"}],"wp:attachment":[{"href":"https:\/\/surbooke.fr\/wordpress\/wp-json\/wp\/v2\/media?parent=587"}],"wp:term":[{"taxonomy":"category","embeddable":true,"href":"https:\/\/surbooke.fr\/wordpress\/wp-json\/wp\/v2\/categories?post=587"},{"taxonomy":"post_tag","embeddable":true,"href":"https:\/\/surbooke.fr\/wordpress\/wp-json\/wp\/v2\/tags?post=587"}],"curies":[{"name":"wp","href":"https:\/\/api.w.org\/{rel}","templated":true}]}}