{"id":659,"date":"2019-04-07T19:54:01","date_gmt":"2019-04-07T17:54:01","guid":{"rendered":"http:\/\/surbooke.fr\/wordpress\/?p=659"},"modified":"2022-07-28T19:11:45","modified_gmt":"2022-07-28T17:11:45","slug":"requiem-pour-une-republique-thomas-cantaloube-editions-gallimard","status":"publish","type":"post","link":"https:\/\/surbooke.fr\/wordpress\/2019\/04\/07\/requiem-pour-une-republique-thomas-cantaloube-editions-gallimard\/","title":{"rendered":"Requiem pour une R\u00e9publique, Thomas Cantaloube, \u00c9ditions Gallimard"},"content":{"rendered":"\n<p><strong>1959, De Gaulle<\/strong> est revenu aux affaires et s&rsquo;appr\u00eate \u00e0 cocufier les tenants de l&rsquo;Alg\u00e9rie fran\u00e7aise. En attendant, la police traque le FLN. Maurice Papon est aux premi\u00e8res loges \u00e0 la pr\u00e9fecture de police o\u00f9 il peut compter sur son adjoint Jean-Paul Deogratias pour tous les  coups tordus. Dans son viseur Abderhamane Bentoui un avocat du FLN qu&rsquo;il fait assassiner par Victor Lemaire, un homme de main. \u00c0 charge pour Sirius Volkstrom, un des affid\u00e9s de Deogratias, de flinguer Lemaire pour effacer toutes les traces. Pas de chance, Lemaire trouve l&rsquo;avocat en compagnie de sa famille. Or Lemaire est un branque. Il abat les cinq personnes avant de mettre les bouts. Passe encore pour le bicot et son fr\u00e8re, mais l&rsquo;assassinat de sa femme et ses deux enfants, de vrais Fran\u00e7ais, provoque une sacr\u00e9e \u00e9motion dans l&rsquo;opinion publique. D\u00e9but d&rsquo;un polar dont vous nous direz des nouvelles. Un roman qui prend ses racines dans l&rsquo;histoire de France. O\u00f9 apparaissent en plus de Papon, Jean-Marie Le Pen et Fran\u00e7ois Mitterrand. Pas \u00e0 son avantage Mitterrand, pris dans la nasse apr\u00e8s l&rsquo;attentat de l&rsquo;Observatoire. On y d\u00e9couvre aussi la cr\u00e9ation du Sac, le service d&rsquo;action civique qui r\u00e9unit malfrats et activistes gaullistes. Mais le roman vaut surtout par ses principaux personnages dans une aventure qui les d\u00e9passe et va les amener \u00e0 agir ensemble. Commen\u00e7ons par Luc Blanchard, un jeune flic \u00e0 qui on confie l&rsquo;enqu\u00eate en compagnie d&rsquo;un coll\u00e8gue plus vif \u00e0 vider les bouteilles qu&rsquo;\u00e0 \u00e9lucider un meurtre. Blanchard comprend vite que le coupable impos\u00e9 par Deogratias arrange tout le monde. Pourtant Blanchard est un bon flic, consciencieux au point de devoir se rendre \u00e0 l&rsquo;hosto pour faire soigner sa main, tant il a interrog\u00e9 de suspects. D&rsquo;autres ont du mal \u00e0 avaler la th\u00e8se officielle. Proche de l&rsquo;extr\u00eame-droite, Sirius Volkstrom n&rsquo;a aucune sympathie pour l&rsquo;Alg\u00e9rie ind\u00e9pendante mais il sait que la t\u00e2che qui lui a \u00e9t\u00e9 confi\u00e9e cache un secret d&rsquo;\u00c9tat. Antoine Carrega est le troisi\u00e8me protagoniste du bouquin. Petit trafiquant corse, il convoie de la came entre Marseille et Paris. Il s&rsquo;en contenterait quand le beau-p\u00e8re de l&rsquo;avocat du FLN vient le trouver. Il le charge d&rsquo;\u00e9lucider ce crime. Or on ne refuse rien \u00e0 son ancien chef de r\u00e9seau de la R\u00e9sistance. Thomas Cantaloube nous sert un roman totalement addictif mais qu&rsquo;on h\u00e9site \u00e0 terminer tant il est plaisant. Un roman bien moins politique que <em>Meurtres pour m\u00e9moire<\/em> de Didier Daenincks, qui nous avait fait d\u00e9couvrir le massacre du 17 octobre 1961, quand Maurice Papon faisait jeter \u00e0 la Seine des manifestants alg\u00e9riens. Thomas Cantaloube, aujourd&rsquo;hui journaliste \u00e0 Mediapart privil\u00e9gie l&rsquo;atmosph\u00e8re de l&rsquo;\u00e9poque. On se r\u00e9gale du Paris des ann\u00e9es 60, quand les flics utilisaient des Dauphine. Des bistrots corses o\u00f9 des porte-flingue tapent le carton dans la fum\u00e9e de cigarette. Des anciennes putes au grand c\u0153ur qui initient les jeunes flics \u00e0 leur savoir. On se prend \u00e0 r\u00eaver que Lino Ventura apparaisse dans une des sc\u00e8nes. Mais surtout, on n&rsquo;a qu&rsquo;une id\u00e9e en t\u00eate : que va-t-on pouvoir lire apr\u00e8s ?<\/p>\n","protected":false},"excerpt":{"rendered":"<p>1959, De Gaulle est revenu aux affaires et s&rsquo;appr\u00eate \u00e0 cocufier les tenants de l&rsquo;Alg\u00e9rie fran\u00e7aise. En attendant, la police traque le FLN. Maurice Papon est aux premi\u00e8res loges \u00e0 la pr\u00e9fecture de police o\u00f9 il peut compter sur son adjoint Jean-Paul Deogratias pour tous les coups tordus. Dans son viseur Abderhamane Bentoui un avocat [&hellip;]<\/p>\n","protected":false},"author":8,"featured_media":19093,"comment_status":"open","ping_status":"open","sticky":false,"template":"","format":"standard","meta":{"footnotes":""},"categories":[6,3],"tags":[27],"class_list":["post-659","post","type-post","status-publish","format-standard","has-post-thumbnail","hentry","category-roman-policier-thriller","category-coup-de-coeur","tag-gallimard"],"yoast_head":"<!-- This site is optimized with the Yoast SEO plugin v27.4 - https:\/\/yoast.com\/product\/yoast-seo-wordpress\/ -->\n<title>Requiem pour une R\u00e9publique, Thomas Cantaloube, \u00c9ditions Gallimard - Surbook\u00e9<\/title>\n<meta name=\"robots\" content=\"index, follow, max-snippet:-1, max-image-preview:large, max-video-preview:-1\" \/>\n<link rel=\"canonical\" href=\"https:\/\/surbooke.fr\/wordpress\/2019\/04\/07\/requiem-pour-une-republique-thomas-cantaloube-editions-gallimard\/\" \/>\n<meta property=\"og:locale\" content=\"fr_FR\" \/>\n<meta property=\"og:type\" content=\"article\" \/>\n<meta property=\"og:title\" content=\"Requiem pour une R\u00e9publique, Thomas Cantaloube, \u00c9ditions Gallimard - Surbook\u00e9\" \/>\n<meta property=\"og:description\" content=\"1959, De Gaulle est revenu aux affaires et s&rsquo;appr\u00eate \u00e0 cocufier les tenants de l&rsquo;Alg\u00e9rie fran\u00e7aise. En attendant, la police traque le FLN. Maurice Papon est aux premi\u00e8res loges \u00e0 la pr\u00e9fecture de police o\u00f9 il peut compter sur son adjoint Jean-Paul Deogratias pour tous les coups tordus. Dans son viseur Abderhamane Bentoui un avocat [&hellip;]\" \/>\n<meta property=\"og:url\" content=\"https:\/\/surbooke.fr\/wordpress\/2019\/04\/07\/requiem-pour-une-republique-thomas-cantaloube-editions-gallimard\/\" \/>\n<meta property=\"og:site_name\" content=\"Surbook\u00e9\" \/>\n<meta property=\"article:published_time\" content=\"2019-04-07T17:54:01+00:00\" \/>\n<meta property=\"article:modified_time\" content=\"2022-07-28T17:11:45+00:00\" \/>\n<meta property=\"og:image\" content=\"https:\/\/surbooke.fr\/wordpress\/wp-content\/uploads\/2019\/04\/Requiem-pour-une-republiqie.jpg\" \/>\n\t<meta property=\"og:image:width\" content=\"145\" \/>\n\t<meta property=\"og:image:height\" content=\"218\" \/>\n\t<meta property=\"og:image:type\" content=\"image\/jpeg\" \/>\n<meta name=\"author\" content=\"Laurent Bisault\" \/>\n<meta name=\"twitter:card\" content=\"summary_large_image\" \/>\n<meta name=\"twitter:creator\" content=\"@LaurentBisault\" \/>\n<meta name=\"twitter:label1\" content=\"\u00c9crit par\" \/>\n\t<meta name=\"twitter:data1\" content=\"Laurent Bisault\" \/>\n\t<meta name=\"twitter:label2\" content=\"Dur\u00e9e de lecture estim\u00e9e\" \/>\n\t<meta name=\"twitter:data2\" content=\"3 minutes\" \/>\n<script type=\"application\/ld+json\" class=\"yoast-schema-graph\">{\"@context\":\"https:\\\/\\\/schema.org\",\"@graph\":[{\"@type\":\"Article\",\"@id\":\"https:\\\/\\\/surbooke.fr\\\/wordpress\\\/2019\\\/04\\\/07\\\/requiem-pour-une-republique-thomas-cantaloube-editions-gallimard\\\/#article\",\"isPartOf\":{\"@id\":\"https:\\\/\\\/surbooke.fr\\\/wordpress\\\/2019\\\/04\\\/07\\\/requiem-pour-une-republique-thomas-cantaloube-editions-gallimard\\\/\"},\"author\":{\"name\":\"Laurent Bisault\",\"@id\":\"https:\\\/\\\/surbooke.fr\\\/wordpress\\\/#\\\/schema\\\/person\\\/9c6be4d35203c76182c56b0e974807c6\"},\"headline\":\"Requiem pour une R\u00e9publique, Thomas Cantaloube, \u00c9ditions Gallimard\",\"datePublished\":\"2019-04-07T17:54:01+00:00\",\"dateModified\":\"2022-07-28T17:11:45+00:00\",\"mainEntityOfPage\":{\"@id\":\"https:\\\/\\\/surbooke.fr\\\/wordpress\\\/2019\\\/04\\\/07\\\/requiem-pour-une-republique-thomas-cantaloube-editions-gallimard\\\/\"},\"wordCount\":566,\"commentCount\":0,\"image\":{\"@id\":\"https:\\\/\\\/surbooke.fr\\\/wordpress\\\/2019\\\/04\\\/07\\\/requiem-pour-une-republique-thomas-cantaloube-editions-gallimard\\\/#primaryimage\"},\"thumbnailUrl\":\"https:\\\/\\\/surbooke.fr\\\/wordpress\\\/wp-content\\\/uploads\\\/2019\\\/04\\\/Requiem-pour-une-republiqie.jpg\",\"keywords\":[\"Gallimard\"],\"articleSection\":[\"roman policier, thriller\",\"\ud83e\udd0d\"],\"inLanguage\":\"fr-FR\",\"potentialAction\":[{\"@type\":\"CommentAction\",\"name\":\"Comment\",\"target\":[\"https:\\\/\\\/surbooke.fr\\\/wordpress\\\/2019\\\/04\\\/07\\\/requiem-pour-une-republique-thomas-cantaloube-editions-gallimard\\\/#respond\"]}]},{\"@type\":\"WebPage\",\"@id\":\"https:\\\/\\\/surbooke.fr\\\/wordpress\\\/2019\\\/04\\\/07\\\/requiem-pour-une-republique-thomas-cantaloube-editions-gallimard\\\/\",\"url\":\"https:\\\/\\\/surbooke.fr\\\/wordpress\\\/2019\\\/04\\\/07\\\/requiem-pour-une-republique-thomas-cantaloube-editions-gallimard\\\/\",\"name\":\"Requiem pour une R\u00e9publique, Thomas Cantaloube, \u00c9ditions Gallimard - Surbook\u00e9\",\"isPartOf\":{\"@id\":\"https:\\\/\\\/surbooke.fr\\\/wordpress\\\/#website\"},\"primaryImageOfPage\":{\"@id\":\"https:\\\/\\\/surbooke.fr\\\/wordpress\\\/2019\\\/04\\\/07\\\/requiem-pour-une-republique-thomas-cantaloube-editions-gallimard\\\/#primaryimage\"},\"image\":{\"@id\":\"https:\\\/\\\/surbooke.fr\\\/wordpress\\\/2019\\\/04\\\/07\\\/requiem-pour-une-republique-thomas-cantaloube-editions-gallimard\\\/#primaryimage\"},\"thumbnailUrl\":\"https:\\\/\\\/surbooke.fr\\\/wordpress\\\/wp-content\\\/uploads\\\/2019\\\/04\\\/Requiem-pour-une-republiqie.jpg\",\"datePublished\":\"2019-04-07T17:54:01+00:00\",\"dateModified\":\"2022-07-28T17:11:45+00:00\",\"author\":{\"@id\":\"https:\\\/\\\/surbooke.fr\\\/wordpress\\\/#\\\/schema\\\/person\\\/9c6be4d35203c76182c56b0e974807c6\"},\"breadcrumb\":{\"@id\":\"https:\\\/\\\/surbooke.fr\\\/wordpress\\\/2019\\\/04\\\/07\\\/requiem-pour-une-republique-thomas-cantaloube-editions-gallimard\\\/#breadcrumb\"},\"inLanguage\":\"fr-FR\",\"potentialAction\":[{\"@type\":\"ReadAction\",\"target\":[\"https:\\\/\\\/surbooke.fr\\\/wordpress\\\/2019\\\/04\\\/07\\\/requiem-pour-une-republique-thomas-cantaloube-editions-gallimard\\\/\"]}]},{\"@type\":\"ImageObject\",\"inLanguage\":\"fr-FR\",\"@id\":\"https:\\\/\\\/surbooke.fr\\\/wordpress\\\/2019\\\/04\\\/07\\\/requiem-pour-une-republique-thomas-cantaloube-editions-gallimard\\\/#primaryimage\",\"url\":\"https:\\\/\\\/surbooke.fr\\\/wordpress\\\/wp-content\\\/uploads\\\/2019\\\/04\\\/Requiem-pour-une-republiqie.jpg\",\"contentUrl\":\"https:\\\/\\\/surbooke.fr\\\/wordpress\\\/wp-content\\\/uploads\\\/2019\\\/04\\\/Requiem-pour-une-republiqie.jpg\",\"width\":145,\"height\":218},{\"@type\":\"BreadcrumbList\",\"@id\":\"https:\\\/\\\/surbooke.fr\\\/wordpress\\\/2019\\\/04\\\/07\\\/requiem-pour-une-republique-thomas-cantaloube-editions-gallimard\\\/#breadcrumb\",\"itemListElement\":[{\"@type\":\"ListItem\",\"position\":1,\"name\":\"Accueil\",\"item\":\"https:\\\/\\\/surbooke.fr\\\/wordpress\\\/\"},{\"@type\":\"ListItem\",\"position\":2,\"name\":\"Requiem pour une R\u00e9publique, Thomas Cantaloube, \u00c9ditions Gallimard\"}]},{\"@type\":\"WebSite\",\"@id\":\"https:\\\/\\\/surbooke.fr\\\/wordpress\\\/#website\",\"url\":\"https:\\\/\\\/surbooke.fr\\\/wordpress\\\/\",\"name\":\"Surbook\u00e9\",\"description\":\"Le blog de Laurent Bisault\",\"potentialAction\":[{\"@type\":\"SearchAction\",\"target\":{\"@type\":\"EntryPoint\",\"urlTemplate\":\"https:\\\/\\\/surbooke.fr\\\/wordpress\\\/?s={search_term_string}\"},\"query-input\":{\"@type\":\"PropertyValueSpecification\",\"valueRequired\":true,\"valueName\":\"search_term_string\"}}],\"inLanguage\":\"fr-FR\"},{\"@type\":\"Person\",\"@id\":\"https:\\\/\\\/surbooke.fr\\\/wordpress\\\/#\\\/schema\\\/person\\\/9c6be4d35203c76182c56b0e974807c6\",\"name\":\"Laurent Bisault\",\"image\":{\"@type\":\"ImageObject\",\"inLanguage\":\"fr-FR\",\"@id\":\"https:\\\/\\\/secure.gravatar.com\\\/avatar\\\/3bcd2efdfc3a3e416bea3223d3dfcd7f8845e2ca0669671d0c7ed8e84e97bfc4?s=96&d=mm&r=g\",\"url\":\"https:\\\/\\\/secure.gravatar.com\\\/avatar\\\/3bcd2efdfc3a3e416bea3223d3dfcd7f8845e2ca0669671d0c7ed8e84e97bfc4?s=96&d=mm&r=g\",\"contentUrl\":\"https:\\\/\\\/secure.gravatar.com\\\/avatar\\\/3bcd2efdfc3a3e416bea3223d3dfcd7f8845e2ca0669671d0c7ed8e84e97bfc4?s=96&d=mm&r=g\",\"caption\":\"Laurent Bisault\"},\"sameAs\":[\"https:\\\/\\\/surbooke.fr\\\/wordpress\\\/\",\"https:\\\/\\\/x.com\\\/LaurentBisault\"],\"url\":\"https:\\\/\\\/surbooke.fr\\\/wordpress\\\/author\\\/surbooke\\\/\"}]}<\/script>\n<!-- \/ Yoast SEO plugin. -->","yoast_head_json":{"title":"Requiem pour une R\u00e9publique, Thomas Cantaloube, \u00c9ditions Gallimard - Surbook\u00e9","robots":{"index":"index","follow":"follow","max-snippet":"max-snippet:-1","max-image-preview":"max-image-preview:large","max-video-preview":"max-video-preview:-1"},"canonical":"https:\/\/surbooke.fr\/wordpress\/2019\/04\/07\/requiem-pour-une-republique-thomas-cantaloube-editions-gallimard\/","og_locale":"fr_FR","og_type":"article","og_title":"Requiem pour une R\u00e9publique, Thomas Cantaloube, \u00c9ditions Gallimard - Surbook\u00e9","og_description":"1959, De Gaulle est revenu aux affaires et s&rsquo;appr\u00eate \u00e0 cocufier les tenants de l&rsquo;Alg\u00e9rie fran\u00e7aise. En attendant, la police traque le FLN. Maurice Papon est aux premi\u00e8res loges \u00e0 la pr\u00e9fecture de police o\u00f9 il peut compter sur son adjoint Jean-Paul Deogratias pour tous les coups tordus. Dans son viseur Abderhamane Bentoui un avocat [&hellip;]","og_url":"https:\/\/surbooke.fr\/wordpress\/2019\/04\/07\/requiem-pour-une-republique-thomas-cantaloube-editions-gallimard\/","og_site_name":"Surbook\u00e9","article_published_time":"2019-04-07T17:54:01+00:00","article_modified_time":"2022-07-28T17:11:45+00:00","og_image":[{"width":145,"height":218,"url":"https:\/\/surbooke.fr\/wordpress\/wp-content\/uploads\/2019\/04\/Requiem-pour-une-republiqie.jpg","type":"image\/jpeg"}],"author":"Laurent Bisault","twitter_card":"summary_large_image","twitter_creator":"@LaurentBisault","twitter_misc":{"\u00c9crit par":"Laurent Bisault","Dur\u00e9e de lecture estim\u00e9e":"3 minutes"},"schema":{"@context":"https:\/\/schema.org","@graph":[{"@type":"Article","@id":"https:\/\/surbooke.fr\/wordpress\/2019\/04\/07\/requiem-pour-une-republique-thomas-cantaloube-editions-gallimard\/#article","isPartOf":{"@id":"https:\/\/surbooke.fr\/wordpress\/2019\/04\/07\/requiem-pour-une-republique-thomas-cantaloube-editions-gallimard\/"},"author":{"name":"Laurent Bisault","@id":"https:\/\/surbooke.fr\/wordpress\/#\/schema\/person\/9c6be4d35203c76182c56b0e974807c6"},"headline":"Requiem pour une R\u00e9publique, Thomas Cantaloube, \u00c9ditions Gallimard","datePublished":"2019-04-07T17:54:01+00:00","dateModified":"2022-07-28T17:11:45+00:00","mainEntityOfPage":{"@id":"https:\/\/surbooke.fr\/wordpress\/2019\/04\/07\/requiem-pour-une-republique-thomas-cantaloube-editions-gallimard\/"},"wordCount":566,"commentCount":0,"image":{"@id":"https:\/\/surbooke.fr\/wordpress\/2019\/04\/07\/requiem-pour-une-republique-thomas-cantaloube-editions-gallimard\/#primaryimage"},"thumbnailUrl":"https:\/\/surbooke.fr\/wordpress\/wp-content\/uploads\/2019\/04\/Requiem-pour-une-republiqie.jpg","keywords":["Gallimard"],"articleSection":["roman policier, thriller","\ud83e\udd0d"],"inLanguage":"fr-FR","potentialAction":[{"@type":"CommentAction","name":"Comment","target":["https:\/\/surbooke.fr\/wordpress\/2019\/04\/07\/requiem-pour-une-republique-thomas-cantaloube-editions-gallimard\/#respond"]}]},{"@type":"WebPage","@id":"https:\/\/surbooke.fr\/wordpress\/2019\/04\/07\/requiem-pour-une-republique-thomas-cantaloube-editions-gallimard\/","url":"https:\/\/surbooke.fr\/wordpress\/2019\/04\/07\/requiem-pour-une-republique-thomas-cantaloube-editions-gallimard\/","name":"Requiem pour une R\u00e9publique, Thomas Cantaloube, \u00c9ditions Gallimard - Surbook\u00e9","isPartOf":{"@id":"https:\/\/surbooke.fr\/wordpress\/#website"},"primaryImageOfPage":{"@id":"https:\/\/surbooke.fr\/wordpress\/2019\/04\/07\/requiem-pour-une-republique-thomas-cantaloube-editions-gallimard\/#primaryimage"},"image":{"@id":"https:\/\/surbooke.fr\/wordpress\/2019\/04\/07\/requiem-pour-une-republique-thomas-cantaloube-editions-gallimard\/#primaryimage"},"thumbnailUrl":"https:\/\/surbooke.fr\/wordpress\/wp-content\/uploads\/2019\/04\/Requiem-pour-une-republiqie.jpg","datePublished":"2019-04-07T17:54:01+00:00","dateModified":"2022-07-28T17:11:45+00:00","author":{"@id":"https:\/\/surbooke.fr\/wordpress\/#\/schema\/person\/9c6be4d35203c76182c56b0e974807c6"},"breadcrumb":{"@id":"https:\/\/surbooke.fr\/wordpress\/2019\/04\/07\/requiem-pour-une-republique-thomas-cantaloube-editions-gallimard\/#breadcrumb"},"inLanguage":"fr-FR","potentialAction":[{"@type":"ReadAction","target":["https:\/\/surbooke.fr\/wordpress\/2019\/04\/07\/requiem-pour-une-republique-thomas-cantaloube-editions-gallimard\/"]}]},{"@type":"ImageObject","inLanguage":"fr-FR","@id":"https:\/\/surbooke.fr\/wordpress\/2019\/04\/07\/requiem-pour-une-republique-thomas-cantaloube-editions-gallimard\/#primaryimage","url":"https:\/\/surbooke.fr\/wordpress\/wp-content\/uploads\/2019\/04\/Requiem-pour-une-republiqie.jpg","contentUrl":"https:\/\/surbooke.fr\/wordpress\/wp-content\/uploads\/2019\/04\/Requiem-pour-une-republiqie.jpg","width":145,"height":218},{"@type":"BreadcrumbList","@id":"https:\/\/surbooke.fr\/wordpress\/2019\/04\/07\/requiem-pour-une-republique-thomas-cantaloube-editions-gallimard\/#breadcrumb","itemListElement":[{"@type":"ListItem","position":1,"name":"Accueil","item":"https:\/\/surbooke.fr\/wordpress\/"},{"@type":"ListItem","position":2,"name":"Requiem pour une R\u00e9publique, Thomas Cantaloube, \u00c9ditions Gallimard"}]},{"@type":"WebSite","@id":"https:\/\/surbooke.fr\/wordpress\/#website","url":"https:\/\/surbooke.fr\/wordpress\/","name":"Surbook\u00e9","description":"Le blog de Laurent Bisault","potentialAction":[{"@type":"SearchAction","target":{"@type":"EntryPoint","urlTemplate":"https:\/\/surbooke.fr\/wordpress\/?s={search_term_string}"},"query-input":{"@type":"PropertyValueSpecification","valueRequired":true,"valueName":"search_term_string"}}],"inLanguage":"fr-FR"},{"@type":"Person","@id":"https:\/\/surbooke.fr\/wordpress\/#\/schema\/person\/9c6be4d35203c76182c56b0e974807c6","name":"Laurent Bisault","image":{"@type":"ImageObject","inLanguage":"fr-FR","@id":"https:\/\/secure.gravatar.com\/avatar\/3bcd2efdfc3a3e416bea3223d3dfcd7f8845e2ca0669671d0c7ed8e84e97bfc4?s=96&d=mm&r=g","url":"https:\/\/secure.gravatar.com\/avatar\/3bcd2efdfc3a3e416bea3223d3dfcd7f8845e2ca0669671d0c7ed8e84e97bfc4?s=96&d=mm&r=g","contentUrl":"https:\/\/secure.gravatar.com\/avatar\/3bcd2efdfc3a3e416bea3223d3dfcd7f8845e2ca0669671d0c7ed8e84e97bfc4?s=96&d=mm&r=g","caption":"Laurent Bisault"},"sameAs":["https:\/\/surbooke.fr\/wordpress\/","https:\/\/x.com\/LaurentBisault"],"url":"https:\/\/surbooke.fr\/wordpress\/author\/surbooke\/"}]}},"_links":{"self":[{"href":"https:\/\/surbooke.fr\/wordpress\/wp-json\/wp\/v2\/posts\/659","targetHints":{"allow":["GET"]}}],"collection":[{"href":"https:\/\/surbooke.fr\/wordpress\/wp-json\/wp\/v2\/posts"}],"about":[{"href":"https:\/\/surbooke.fr\/wordpress\/wp-json\/wp\/v2\/types\/post"}],"author":[{"embeddable":true,"href":"https:\/\/surbooke.fr\/wordpress\/wp-json\/wp\/v2\/users\/8"}],"replies":[{"embeddable":true,"href":"https:\/\/surbooke.fr\/wordpress\/wp-json\/wp\/v2\/comments?post=659"}],"version-history":[{"count":0,"href":"https:\/\/surbooke.fr\/wordpress\/wp-json\/wp\/v2\/posts\/659\/revisions"}],"wp:featuredmedia":[{"embeddable":true,"href":"https:\/\/surbooke.fr\/wordpress\/wp-json\/wp\/v2\/media\/19093"}],"wp:attachment":[{"href":"https:\/\/surbooke.fr\/wordpress\/wp-json\/wp\/v2\/media?parent=659"}],"wp:term":[{"taxonomy":"category","embeddable":true,"href":"https:\/\/surbooke.fr\/wordpress\/wp-json\/wp\/v2\/categories?post=659"},{"taxonomy":"post_tag","embeddable":true,"href":"https:\/\/surbooke.fr\/wordpress\/wp-json\/wp\/v2\/tags?post=659"}],"curies":[{"name":"wp","href":"https:\/\/api.w.org\/{rel}","templated":true}]}}