{"id":759,"date":"2018-06-03T22:01:03","date_gmt":"2018-06-03T20:01:03","guid":{"rendered":"http:\/\/surbooke.fr\/wordpress\/?p=759"},"modified":"2022-07-29T14:37:14","modified_gmt":"2022-07-29T12:37:14","slug":"mal-de-pierres-milena-agus-editions-liana-levi","status":"publish","type":"post","link":"https:\/\/surbooke.fr\/wordpress\/2018\/06\/03\/mal-de-pierres-milena-agus-editions-liana-levi\/","title":{"rendered":"Mal de pierres, Milena Agus, \u00c9ditions Liana Levi"},"content":{"rendered":"\n<p><strong>Un magnifique bouquin<\/strong> sur le manque d&rsquo;amour. \u00c7a se d\u00e9roule en Sardaigne sur cinquante ans autour de la vie d&rsquo;une grand-m\u00e8re qui nous est racont\u00e9e par sa petite-fille. Tout d\u00e9bute en 1943 pr\u00e8s de Cagliari quand celui qui allait devenir le grand-p\u00e8re arrive au village. Il vient de perdre sa famille et sa maison dans les bombardements alli\u00e9s qui ont ravag\u00e9 la ville. Ils se marient dans la foul\u00e9e car la venue de cet homme est une occasion inesp\u00e9r\u00e9e pour cette presque vieille fille de 30 ans.  Non parce que Grand-m\u00e8re n&rsquo;est pas belle, mais parce qu&rsquo;elle semble faire fuir les hommes. Au point que sa m\u00e8re la croit entre les mains du D\u00e9mon. De mariage, il n&rsquo;y en eu au d\u00e9but que le nom puisque Grand-m\u00e8re n&rsquo;aime pas Grand-p\u00e8re. Il ne s&rsquo;en offusque pas acceptant de vivre comme fr\u00e8re et s\u0153ur, de la vouvoyer et de continuer \u00e0 aller dans les maisons closes. La guerre termin\u00e9e, Grand-m\u00e8re d\u00e9cr\u00e8te qu&rsquo;il ne doit plus d\u00e9penser de l&rsquo;argent avec les femmes. Elle lui demande de lui apprendre ce qu&rsquo;elles lui font et s&rsquo;engage \u00e0 les imiter. La vie s&rsquo;am\u00e9liore peu \u00e0 peu en Sardaigne. On y souffre moins de la faim, surtout quand on a la possibilit\u00e9 de s&rsquo;approvisionner dans les villages. Quand elle en revient, Grand-m\u00e8re se sent heureuse avec les odeurs du bouillon de poule, du fromage et des \u0153ufs qui envahissent la maison. Elle se dit heureuse, mais peut-on la croire&nbsp;? En 1950, Grand-m\u00e8re souffre de coliques n\u00e9phr\u00e9tiques qu&rsquo;elle pense \u00eatre \u00e0 l&rsquo;origine de ses fausses couches. Elle part seule en cure sur le continent et y d\u00e9couvre l&rsquo;amour de sa vie. Celui qu&rsquo;elle appelle Le Rescap\u00e9, car il est revenu de la guerre avec une jambe en moins. Alors qu&rsquo;elle n&rsquo;a presque pas \u00e9t\u00e9 \u00e0 l&rsquo;\u00e9cole, il lui lit le journal, lui demande son avis sur tout, de la guerre en Cor\u00e9e aux \u00e9v\u00e9nements de Chine. Il l&rsquo;appelle \u00ab <em>princesse<\/em> \u00bb. \u00ab&nbsp;<em>Et si nous embrassions nos sourires <\/em>\u00bb lui demande un jour Grand-m\u00e8re. En rentrant de sa cure, elle est enceinte, ce qui ne d\u00e9range pas Grand-p\u00e8re qui l&rsquo;aime \u00e0 sa fa\u00e7on. En 1963, ils partent tous les deux avec leur fils \u00e0 Milan. Il s&rsquo;agit de reprendre contact avec la s\u0153ur de Grand-m\u00e8re qui y a \u00e9migr\u00e9 il y a longtemps. Leurs liens ne sont plus qu&rsquo;\u00e9pistolaires avec des courriers qui d\u00e9crivent la modernit\u00e9 de la vie milanaise. On y a tout le confort. Nul besoin d&rsquo;\u00e9conomiser l&rsquo;eau comme en Sardaigne et on passe son temps dans les magasins. La v\u00e9rit\u00e9 est moins glorieuse. Le beau-fr\u00e8re de Grand-m\u00e8re n&rsquo;est que chiffonnier et sa s\u0153ur fait des m\u00e9nages. Les modestes jambons  et fromages sardes qu&rsquo;ils ont amen\u00e9s am\u00e9liorent grandement la vie de la famille qui se fait de plus traiter de culs-terreux du Sud. Grand-m\u00e8re n&rsquo;a en fait qu&rsquo;une id\u00e9e en t\u00eate : retrouver le Rescap\u00e9.<\/p>\n","protected":false},"excerpt":{"rendered":"<p>Un magnifique bouquin sur le manque d&rsquo;amour. \u00c7a se d\u00e9roule en Sardaigne sur cinquante ans autour de la vie d&rsquo;une grand-m\u00e8re qui nous est racont\u00e9e par sa petite-fille. Tout d\u00e9bute en 1943 pr\u00e8s de Cagliari quand celui qui allait devenir le grand-p\u00e8re arrive au village. Il vient de perdre sa famille et sa maison dans [&hellip;]<\/p>\n","protected":false},"author":8,"featured_media":19393,"comment_status":"open","ping_status":"open","sticky":false,"template":"","format":"standard","meta":{"footnotes":""},"categories":[22],"tags":[31],"class_list":["post-759","post","type-post","status-publish","format-standard","has-post-thumbnail","hentry","category-ail-et-parmesan","tag-liana-levi"],"yoast_head":"<!-- This site is optimized with the Yoast SEO plugin v27.5 - https:\/\/yoast.com\/product\/yoast-seo-wordpress\/ -->\n<title>Mal de pierres, Milena Agus, \u00c9ditions Liana Levi - Surbook\u00e9<\/title>\n<meta name=\"robots\" content=\"index, follow, max-snippet:-1, max-image-preview:large, max-video-preview:-1\" \/>\n<link rel=\"canonical\" href=\"https:\/\/surbooke.fr\/wordpress\/2018\/06\/03\/mal-de-pierres-milena-agus-editions-liana-levi\/\" \/>\n<meta property=\"og:locale\" content=\"fr_FR\" \/>\n<meta property=\"og:type\" content=\"article\" \/>\n<meta property=\"og:title\" content=\"Mal de pierres, Milena Agus, \u00c9ditions Liana Levi - Surbook\u00e9\" \/>\n<meta property=\"og:description\" content=\"Un magnifique bouquin sur le manque d&rsquo;amour. \u00c7a se d\u00e9roule en Sardaigne sur cinquante ans autour de la vie d&rsquo;une grand-m\u00e8re qui nous est racont\u00e9e par sa petite-fille. Tout d\u00e9bute en 1943 pr\u00e8s de Cagliari quand celui qui allait devenir le grand-p\u00e8re arrive au village. Il vient de perdre sa famille et sa maison dans [&hellip;]\" \/>\n<meta property=\"og:url\" content=\"https:\/\/surbooke.fr\/wordpress\/2018\/06\/03\/mal-de-pierres-milena-agus-editions-liana-levi\/\" \/>\n<meta property=\"og:site_name\" content=\"Surbook\u00e9\" \/>\n<meta property=\"article:published_time\" content=\"2018-06-03T20:01:03+00:00\" \/>\n<meta property=\"article:modified_time\" content=\"2022-07-29T12:37:14+00:00\" \/>\n<meta property=\"og:image\" content=\"https:\/\/surbooke.fr\/wordpress\/wp-content\/uploads\/2018\/06\/Mal-de-Pierres.jpg\" \/>\n\t<meta property=\"og:image:width\" content=\"340\" \/>\n\t<meta property=\"og:image:height\" content=\"340\" \/>\n\t<meta property=\"og:image:type\" content=\"image\/jpeg\" \/>\n<meta name=\"author\" content=\"Laurent Bisault\" \/>\n<meta name=\"twitter:card\" content=\"summary_large_image\" \/>\n<meta name=\"twitter:creator\" content=\"@LaurentBisault\" \/>\n<meta name=\"twitter:label1\" content=\"\u00c9crit par\" \/>\n\t<meta name=\"twitter:data1\" content=\"Laurent Bisault\" \/>\n\t<meta name=\"twitter:label2\" content=\"Dur\u00e9e de lecture estim\u00e9e\" \/>\n\t<meta name=\"twitter:data2\" content=\"3 minutes\" \/>\n<script type=\"application\/ld+json\" class=\"yoast-schema-graph\">{\"@context\":\"https:\\\/\\\/schema.org\",\"@graph\":[{\"@type\":\"Article\",\"@id\":\"https:\\\/\\\/surbooke.fr\\\/wordpress\\\/2018\\\/06\\\/03\\\/mal-de-pierres-milena-agus-editions-liana-levi\\\/#article\",\"isPartOf\":{\"@id\":\"https:\\\/\\\/surbooke.fr\\\/wordpress\\\/2018\\\/06\\\/03\\\/mal-de-pierres-milena-agus-editions-liana-levi\\\/\"},\"author\":{\"name\":\"Laurent Bisault\",\"@id\":\"https:\\\/\\\/surbooke.fr\\\/wordpress\\\/#\\\/schema\\\/person\\\/9c6be4d35203c76182c56b0e974807c6\"},\"headline\":\"Mal de pierres, Milena Agus, \u00c9ditions Liana Levi\",\"datePublished\":\"2018-06-03T20:01:03+00:00\",\"dateModified\":\"2022-07-29T12:37:14+00:00\",\"mainEntityOfPage\":{\"@id\":\"https:\\\/\\\/surbooke.fr\\\/wordpress\\\/2018\\\/06\\\/03\\\/mal-de-pierres-milena-agus-editions-liana-levi\\\/\"},\"wordCount\":551,\"commentCount\":0,\"image\":{\"@id\":\"https:\\\/\\\/surbooke.fr\\\/wordpress\\\/2018\\\/06\\\/03\\\/mal-de-pierres-milena-agus-editions-liana-levi\\\/#primaryimage\"},\"thumbnailUrl\":\"https:\\\/\\\/surbooke.fr\\\/wordpress\\\/wp-content\\\/uploads\\\/2018\\\/06\\\/Mal-de-Pierres.jpg\",\"keywords\":[\"Liana Levi\"],\"articleSection\":[\"ail et parmesan \ud83c\uddee\ud83c\uddf9\"],\"inLanguage\":\"fr-FR\",\"potentialAction\":[{\"@type\":\"CommentAction\",\"name\":\"Comment\",\"target\":[\"https:\\\/\\\/surbooke.fr\\\/wordpress\\\/2018\\\/06\\\/03\\\/mal-de-pierres-milena-agus-editions-liana-levi\\\/#respond\"]}]},{\"@type\":\"WebPage\",\"@id\":\"https:\\\/\\\/surbooke.fr\\\/wordpress\\\/2018\\\/06\\\/03\\\/mal-de-pierres-milena-agus-editions-liana-levi\\\/\",\"url\":\"https:\\\/\\\/surbooke.fr\\\/wordpress\\\/2018\\\/06\\\/03\\\/mal-de-pierres-milena-agus-editions-liana-levi\\\/\",\"name\":\"Mal de pierres, Milena Agus, \u00c9ditions Liana Levi - Surbook\u00e9\",\"isPartOf\":{\"@id\":\"https:\\\/\\\/surbooke.fr\\\/wordpress\\\/#website\"},\"primaryImageOfPage\":{\"@id\":\"https:\\\/\\\/surbooke.fr\\\/wordpress\\\/2018\\\/06\\\/03\\\/mal-de-pierres-milena-agus-editions-liana-levi\\\/#primaryimage\"},\"image\":{\"@id\":\"https:\\\/\\\/surbooke.fr\\\/wordpress\\\/2018\\\/06\\\/03\\\/mal-de-pierres-milena-agus-editions-liana-levi\\\/#primaryimage\"},\"thumbnailUrl\":\"https:\\\/\\\/surbooke.fr\\\/wordpress\\\/wp-content\\\/uploads\\\/2018\\\/06\\\/Mal-de-Pierres.jpg\",\"datePublished\":\"2018-06-03T20:01:03+00:00\",\"dateModified\":\"2022-07-29T12:37:14+00:00\",\"author\":{\"@id\":\"https:\\\/\\\/surbooke.fr\\\/wordpress\\\/#\\\/schema\\\/person\\\/9c6be4d35203c76182c56b0e974807c6\"},\"breadcrumb\":{\"@id\":\"https:\\\/\\\/surbooke.fr\\\/wordpress\\\/2018\\\/06\\\/03\\\/mal-de-pierres-milena-agus-editions-liana-levi\\\/#breadcrumb\"},\"inLanguage\":\"fr-FR\",\"potentialAction\":[{\"@type\":\"ReadAction\",\"target\":[\"https:\\\/\\\/surbooke.fr\\\/wordpress\\\/2018\\\/06\\\/03\\\/mal-de-pierres-milena-agus-editions-liana-levi\\\/\"]}]},{\"@type\":\"ImageObject\",\"inLanguage\":\"fr-FR\",\"@id\":\"https:\\\/\\\/surbooke.fr\\\/wordpress\\\/2018\\\/06\\\/03\\\/mal-de-pierres-milena-agus-editions-liana-levi\\\/#primaryimage\",\"url\":\"https:\\\/\\\/surbooke.fr\\\/wordpress\\\/wp-content\\\/uploads\\\/2018\\\/06\\\/Mal-de-Pierres.jpg\",\"contentUrl\":\"https:\\\/\\\/surbooke.fr\\\/wordpress\\\/wp-content\\\/uploads\\\/2018\\\/06\\\/Mal-de-Pierres.jpg\",\"width\":340,\"height\":340},{\"@type\":\"BreadcrumbList\",\"@id\":\"https:\\\/\\\/surbooke.fr\\\/wordpress\\\/2018\\\/06\\\/03\\\/mal-de-pierres-milena-agus-editions-liana-levi\\\/#breadcrumb\",\"itemListElement\":[{\"@type\":\"ListItem\",\"position\":1,\"name\":\"Accueil\",\"item\":\"https:\\\/\\\/surbooke.fr\\\/wordpress\\\/\"},{\"@type\":\"ListItem\",\"position\":2,\"name\":\"Mal de pierres, Milena Agus, \u00c9ditions Liana Levi\"}]},{\"@type\":\"WebSite\",\"@id\":\"https:\\\/\\\/surbooke.fr\\\/wordpress\\\/#website\",\"url\":\"https:\\\/\\\/surbooke.fr\\\/wordpress\\\/\",\"name\":\"Surbook\u00e9\",\"description\":\"Le blog de Laurent Bisault\",\"potentialAction\":[{\"@type\":\"SearchAction\",\"target\":{\"@type\":\"EntryPoint\",\"urlTemplate\":\"https:\\\/\\\/surbooke.fr\\\/wordpress\\\/?s={search_term_string}\"},\"query-input\":{\"@type\":\"PropertyValueSpecification\",\"valueRequired\":true,\"valueName\":\"search_term_string\"}}],\"inLanguage\":\"fr-FR\"},{\"@type\":\"Person\",\"@id\":\"https:\\\/\\\/surbooke.fr\\\/wordpress\\\/#\\\/schema\\\/person\\\/9c6be4d35203c76182c56b0e974807c6\",\"name\":\"Laurent Bisault\",\"image\":{\"@type\":\"ImageObject\",\"inLanguage\":\"fr-FR\",\"@id\":\"https:\\\/\\\/secure.gravatar.com\\\/avatar\\\/3bcd2efdfc3a3e416bea3223d3dfcd7f8845e2ca0669671d0c7ed8e84e97bfc4?s=96&d=mm&r=g\",\"url\":\"https:\\\/\\\/secure.gravatar.com\\\/avatar\\\/3bcd2efdfc3a3e416bea3223d3dfcd7f8845e2ca0669671d0c7ed8e84e97bfc4?s=96&d=mm&r=g\",\"contentUrl\":\"https:\\\/\\\/secure.gravatar.com\\\/avatar\\\/3bcd2efdfc3a3e416bea3223d3dfcd7f8845e2ca0669671d0c7ed8e84e97bfc4?s=96&d=mm&r=g\",\"caption\":\"Laurent Bisault\"},\"sameAs\":[\"https:\\\/\\\/surbooke.fr\\\/wordpress\\\/\",\"https:\\\/\\\/x.com\\\/LaurentBisault\"],\"url\":\"https:\\\/\\\/surbooke.fr\\\/wordpress\\\/author\\\/surbooke\\\/\"}]}<\/script>\n<!-- \/ Yoast SEO plugin. -->","yoast_head_json":{"title":"Mal de pierres, Milena Agus, \u00c9ditions Liana Levi - Surbook\u00e9","robots":{"index":"index","follow":"follow","max-snippet":"max-snippet:-1","max-image-preview":"max-image-preview:large","max-video-preview":"max-video-preview:-1"},"canonical":"https:\/\/surbooke.fr\/wordpress\/2018\/06\/03\/mal-de-pierres-milena-agus-editions-liana-levi\/","og_locale":"fr_FR","og_type":"article","og_title":"Mal de pierres, Milena Agus, \u00c9ditions Liana Levi - Surbook\u00e9","og_description":"Un magnifique bouquin sur le manque d&rsquo;amour. \u00c7a se d\u00e9roule en Sardaigne sur cinquante ans autour de la vie d&rsquo;une grand-m\u00e8re qui nous est racont\u00e9e par sa petite-fille. Tout d\u00e9bute en 1943 pr\u00e8s de Cagliari quand celui qui allait devenir le grand-p\u00e8re arrive au village. Il vient de perdre sa famille et sa maison dans [&hellip;]","og_url":"https:\/\/surbooke.fr\/wordpress\/2018\/06\/03\/mal-de-pierres-milena-agus-editions-liana-levi\/","og_site_name":"Surbook\u00e9","article_published_time":"2018-06-03T20:01:03+00:00","article_modified_time":"2022-07-29T12:37:14+00:00","og_image":[{"width":340,"height":340,"url":"https:\/\/surbooke.fr\/wordpress\/wp-content\/uploads\/2018\/06\/Mal-de-Pierres.jpg","type":"image\/jpeg"}],"author":"Laurent Bisault","twitter_card":"summary_large_image","twitter_creator":"@LaurentBisault","twitter_misc":{"\u00c9crit par":"Laurent Bisault","Dur\u00e9e de lecture estim\u00e9e":"3 minutes"},"schema":{"@context":"https:\/\/schema.org","@graph":[{"@type":"Article","@id":"https:\/\/surbooke.fr\/wordpress\/2018\/06\/03\/mal-de-pierres-milena-agus-editions-liana-levi\/#article","isPartOf":{"@id":"https:\/\/surbooke.fr\/wordpress\/2018\/06\/03\/mal-de-pierres-milena-agus-editions-liana-levi\/"},"author":{"name":"Laurent Bisault","@id":"https:\/\/surbooke.fr\/wordpress\/#\/schema\/person\/9c6be4d35203c76182c56b0e974807c6"},"headline":"Mal de pierres, Milena Agus, \u00c9ditions Liana Levi","datePublished":"2018-06-03T20:01:03+00:00","dateModified":"2022-07-29T12:37:14+00:00","mainEntityOfPage":{"@id":"https:\/\/surbooke.fr\/wordpress\/2018\/06\/03\/mal-de-pierres-milena-agus-editions-liana-levi\/"},"wordCount":551,"commentCount":0,"image":{"@id":"https:\/\/surbooke.fr\/wordpress\/2018\/06\/03\/mal-de-pierres-milena-agus-editions-liana-levi\/#primaryimage"},"thumbnailUrl":"https:\/\/surbooke.fr\/wordpress\/wp-content\/uploads\/2018\/06\/Mal-de-Pierres.jpg","keywords":["Liana Levi"],"articleSection":["ail et parmesan \ud83c\uddee\ud83c\uddf9"],"inLanguage":"fr-FR","potentialAction":[{"@type":"CommentAction","name":"Comment","target":["https:\/\/surbooke.fr\/wordpress\/2018\/06\/03\/mal-de-pierres-milena-agus-editions-liana-levi\/#respond"]}]},{"@type":"WebPage","@id":"https:\/\/surbooke.fr\/wordpress\/2018\/06\/03\/mal-de-pierres-milena-agus-editions-liana-levi\/","url":"https:\/\/surbooke.fr\/wordpress\/2018\/06\/03\/mal-de-pierres-milena-agus-editions-liana-levi\/","name":"Mal de pierres, Milena Agus, \u00c9ditions Liana Levi - Surbook\u00e9","isPartOf":{"@id":"https:\/\/surbooke.fr\/wordpress\/#website"},"primaryImageOfPage":{"@id":"https:\/\/surbooke.fr\/wordpress\/2018\/06\/03\/mal-de-pierres-milena-agus-editions-liana-levi\/#primaryimage"},"image":{"@id":"https:\/\/surbooke.fr\/wordpress\/2018\/06\/03\/mal-de-pierres-milena-agus-editions-liana-levi\/#primaryimage"},"thumbnailUrl":"https:\/\/surbooke.fr\/wordpress\/wp-content\/uploads\/2018\/06\/Mal-de-Pierres.jpg","datePublished":"2018-06-03T20:01:03+00:00","dateModified":"2022-07-29T12:37:14+00:00","author":{"@id":"https:\/\/surbooke.fr\/wordpress\/#\/schema\/person\/9c6be4d35203c76182c56b0e974807c6"},"breadcrumb":{"@id":"https:\/\/surbooke.fr\/wordpress\/2018\/06\/03\/mal-de-pierres-milena-agus-editions-liana-levi\/#breadcrumb"},"inLanguage":"fr-FR","potentialAction":[{"@type":"ReadAction","target":["https:\/\/surbooke.fr\/wordpress\/2018\/06\/03\/mal-de-pierres-milena-agus-editions-liana-levi\/"]}]},{"@type":"ImageObject","inLanguage":"fr-FR","@id":"https:\/\/surbooke.fr\/wordpress\/2018\/06\/03\/mal-de-pierres-milena-agus-editions-liana-levi\/#primaryimage","url":"https:\/\/surbooke.fr\/wordpress\/wp-content\/uploads\/2018\/06\/Mal-de-Pierres.jpg","contentUrl":"https:\/\/surbooke.fr\/wordpress\/wp-content\/uploads\/2018\/06\/Mal-de-Pierres.jpg","width":340,"height":340},{"@type":"BreadcrumbList","@id":"https:\/\/surbooke.fr\/wordpress\/2018\/06\/03\/mal-de-pierres-milena-agus-editions-liana-levi\/#breadcrumb","itemListElement":[{"@type":"ListItem","position":1,"name":"Accueil","item":"https:\/\/surbooke.fr\/wordpress\/"},{"@type":"ListItem","position":2,"name":"Mal de pierres, Milena Agus, \u00c9ditions Liana Levi"}]},{"@type":"WebSite","@id":"https:\/\/surbooke.fr\/wordpress\/#website","url":"https:\/\/surbooke.fr\/wordpress\/","name":"Surbook\u00e9","description":"Le blog de Laurent Bisault","potentialAction":[{"@type":"SearchAction","target":{"@type":"EntryPoint","urlTemplate":"https:\/\/surbooke.fr\/wordpress\/?s={search_term_string}"},"query-input":{"@type":"PropertyValueSpecification","valueRequired":true,"valueName":"search_term_string"}}],"inLanguage":"fr-FR"},{"@type":"Person","@id":"https:\/\/surbooke.fr\/wordpress\/#\/schema\/person\/9c6be4d35203c76182c56b0e974807c6","name":"Laurent Bisault","image":{"@type":"ImageObject","inLanguage":"fr-FR","@id":"https:\/\/secure.gravatar.com\/avatar\/3bcd2efdfc3a3e416bea3223d3dfcd7f8845e2ca0669671d0c7ed8e84e97bfc4?s=96&d=mm&r=g","url":"https:\/\/secure.gravatar.com\/avatar\/3bcd2efdfc3a3e416bea3223d3dfcd7f8845e2ca0669671d0c7ed8e84e97bfc4?s=96&d=mm&r=g","contentUrl":"https:\/\/secure.gravatar.com\/avatar\/3bcd2efdfc3a3e416bea3223d3dfcd7f8845e2ca0669671d0c7ed8e84e97bfc4?s=96&d=mm&r=g","caption":"Laurent Bisault"},"sameAs":["https:\/\/surbooke.fr\/wordpress\/","https:\/\/x.com\/LaurentBisault"],"url":"https:\/\/surbooke.fr\/wordpress\/author\/surbooke\/"}]}},"_links":{"self":[{"href":"https:\/\/surbooke.fr\/wordpress\/wp-json\/wp\/v2\/posts\/759","targetHints":{"allow":["GET"]}}],"collection":[{"href":"https:\/\/surbooke.fr\/wordpress\/wp-json\/wp\/v2\/posts"}],"about":[{"href":"https:\/\/surbooke.fr\/wordpress\/wp-json\/wp\/v2\/types\/post"}],"author":[{"embeddable":true,"href":"https:\/\/surbooke.fr\/wordpress\/wp-json\/wp\/v2\/users\/8"}],"replies":[{"embeddable":true,"href":"https:\/\/surbooke.fr\/wordpress\/wp-json\/wp\/v2\/comments?post=759"}],"version-history":[{"count":0,"href":"https:\/\/surbooke.fr\/wordpress\/wp-json\/wp\/v2\/posts\/759\/revisions"}],"wp:featuredmedia":[{"embeddable":true,"href":"https:\/\/surbooke.fr\/wordpress\/wp-json\/wp\/v2\/media\/19393"}],"wp:attachment":[{"href":"https:\/\/surbooke.fr\/wordpress\/wp-json\/wp\/v2\/media?parent=759"}],"wp:term":[{"taxonomy":"category","embeddable":true,"href":"https:\/\/surbooke.fr\/wordpress\/wp-json\/wp\/v2\/categories?post=759"},{"taxonomy":"post_tag","embeddable":true,"href":"https:\/\/surbooke.fr\/wordpress\/wp-json\/wp\/v2\/tags?post=759"}],"curies":[{"name":"wp","href":"https:\/\/api.w.org\/{rel}","templated":true}]}}