{"id":7913,"date":"2021-04-19T07:36:45","date_gmt":"2021-04-19T05:36:45","guid":{"rendered":"https:\/\/surbooke.fr\/wordpress\/?p=7913"},"modified":"2022-07-06T22:04:27","modified_gmt":"2022-07-06T20:04:27","slug":"la-sainte-touche-djamel-cherigui-editions-jean-claude-lattes","status":"publish","type":"post","link":"https:\/\/surbooke.fr\/wordpress\/2021\/04\/19\/la-sainte-touche-djamel-cherigui-editions-jean-claude-lattes\/","title":{"rendered":"La Sainte Touche, Djamel Cherigui, \u00c9ditions Jean-Claude Latt\u00e8s"},"content":{"rendered":"\n<p>Petit livre, grosse surprise, immense plaisir. Djamel Cherigui, 34 ans, \u00e9picier roubaisien le jour et \u00e9crivain la nuit, nous offre un premier roman d\u00e9tonnant qui cartonne. Un roman ? Pas vraiment. Une quasi-autobiographie revisit\u00e9e par une plume qui en fait tout le charme. On a parl\u00e9 de C\u00e9line qui avait r\u00e9volutionn\u00e9 l&rsquo;\u00e9criture pour d\u00e9crire la mis\u00e8re de la banlieue. Mais Cherigui est dr\u00f4le en plus d&rsquo;\u00eatre fr\u00e9quentable. C&rsquo;est bien plus un nouvel Audiard qui aurait \u00e9t\u00e9 updat\u00e9 dans un quartier maghr\u00e9bin. Son \u00e9criture tient de l&rsquo;oralit\u00e9, parce que nous explique Cherigui, ses tentatives plus traditionnelles n&rsquo;\u00e9taient pas convaincantes. Ce n&rsquo;est pas pour autant qu&rsquo;il ne conna\u00eet pas la litt\u00e9rature. Au contraire. Il s&rsquo;est sorti de sa p\u00e9riode fumette le jour o\u00f9 il a d\u00e9couvert la biographie de Napol\u00e9on \u00e9crite par Max Gallo. Un d\u00e9clic qui lui a fait lire les plus grands auteurs du XIXe. Pourtant si vous \u00eates accro aux classiques, amoureux de Vaugelas, compulsif du Gr\u00e9visse, inconditionnel du dico de l&rsquo;Acad\u00e9mie, que tchi, nada, walou, ce livre n&rsquo;est pas pour vous. Dans tous les autres cas lisez le. Il va faire travailler vos zygomatiques,&nbsp;et enrichir votre vocabulaire comme le pr\u00e9conisait le grand linguiste Alain Rey qui appr\u00e9ciait tellement les nouveaux mots qu&rsquo;il chantait du rap apr\u00e8s avoir boucl\u00e9 ses dictionnaires <em>Le<\/em> <em>Robert<\/em>. Vous allez vous r\u00e9galer m\u00eame si le roman faiblit un peu sur la fin.<\/p>\n\n\n\n<blockquote class=\"wp-block-quote has-text-align-center is-style-large is-layout-flow wp-block-quote-is-layout-flow\"><p>Alain c&rsquo;\u00e9tait pas un mec \u00e0 qui on allait la faire<\/p><\/blockquote>\n\n\n\n<p>Il est \u00e9crit \u00e0 la premi\u00e8re personne sans que l&rsquo;on sache jamais le nom du narrateur. Son truc c&rsquo;est l&rsquo;\u00e9criture, mais comment peux-tu \u00e9crire quand ton daron t&rsquo;a foutu dehors, lass\u00e9 de tes retards au retour du lyc\u00e9e. C&rsquo;\u00e9tait pas qu&rsquo;une question d&rsquo;horaires, il avait d\u00e9couvert du shit dans la chambre de son fils. Alors il avait p\u00e9t\u00e9 un c\u00e2ble. Que son fils fume le narguil\u00e9, grille le bambou, se prenne pour un Cherokee, c&rsquo;\u00e9tait juste pas possible. \u00c7a allait chier. Et en plus le morveux voulait arr\u00eater l&rsquo;\u00e9cole pour \u00eatre \u00e9crivain. Et pourquoi pas astronaute alors que lui se tuait \u00e0 la t\u00e2che \u00e0 l&rsquo;usine. \u00c9crivain, un truc de p\u00e9d\u00e9. Son fils serait de la jaquette, \u00e0 voile et \u00e0 vapeur, il voudrait se prostituer, faire le mignon avec des vieux d\u00e9gueulasses ? Dehors ! Alors heureusement qu&rsquo;il l&rsquo;a rencontr\u00e9 Alain Basile, \u00e9picier \u00e0 la Belle Saison, Alain qui \u00e9tait pourtant tout sauf un po\u00e8te. Quand il l&rsquo;a crois\u00e9, cela faisait un moment qu&rsquo;il n&rsquo;avait plus dormi ni mang\u00e9 correctement. Il en avait bouff\u00e9 des squats d\u00e9labr\u00e9s, des toxicos, des punks \u00e0 chiens. Des mecs qui t&rsquo;\u00e9corcheraient vif pour un bifton de cinq balles. Avec Alain \u00e7a avait \u00e9t\u00e9 diff\u00e9rent. Alain c&rsquo;\u00e9tait un mec qui voulait faire fortune et pas qu&rsquo;en vendant des canettes de 16 aux gonzes qui zonaient le soir. Lui son truc c&rsquo;\u00e9taient les immeubles de rapport, le trafic de cigarettes, le commerce de la beuh. Ce qui l&rsquo;exasp\u00e9rait Alain c&rsquo;\u00e9taient les retards de paiement. C&rsquo;est pour \u00e7a qu&rsquo;il y mettait les moyens en visitant ses locataires le 5 du mois quand ils venaient de toucher, distribuant force baffes, expulsant les mauvais payeurs \u00e0 coups de pompes dans le cul. Alain c&rsquo;\u00e9tait pas un mec \u00e0 qui on allait la faire. C&rsquo;est pas lui qu&rsquo;allait se carrer ses thunes bien profond. C&rsquo;est comme locataire qu&rsquo;il l&rsquo;avait connu, dans un de ses immeubles crasseux o\u00f9 il avait pour voisin un l\u00e9gionnaire roumain, Manu un amateur de poudre afghane, Vanessa le trans br\u00e9silien accro au sucre glace bolivien, et Thierry qu&rsquo;avait fait l&rsquo;Alg\u00e9rie. Rien que le haut du panier. Alain il avait tout de suite vu qu&rsquo;il pouvait lui faire confiance. L&#8217;emmener la nuit dans ses tourn\u00e9es o\u00f9 il r\u00e9cup\u00e9rait la weed. Avec une seule consigne, qu&rsquo;il d\u00e9clare aux cond\u00e9s que la sacoche lui appartenait s&rsquo;ils lui posaient la question. Il avait pas l&rsquo;air Alain, mais il ne l\u00e2chait jamais le morceau. M\u00eame avec les filles alors qu&rsquo;il avait du bid, presque plus de tifs, et des ratiches g\u00e2t\u00e9es au point qu&rsquo;on aurait pu jouer aux dames dessus. Lui \u00e7a l&rsquo;\u00e9c\u0153urait qu&rsquo;il leur parle comme \u00e7a aux nanas. Il ne l&rsquo;aurait jamais fait parce qu&rsquo;il ne s&rsquo;\u00e9tait encore jamais servi de son zgeg autrement que pour pisser. Petit \u00e0 petit il avait progress\u00e9 dans le boulot au point qu&rsquo;Alain lui avait confi\u00e9 des missions importantes, pas vraiment faciles, au risque de finir en lamelles dans le maf\u00e9 du zig qu&rsquo;il devait mettre \u00e0 l&rsquo;amende. Faut se m\u00e9fier dans ce m\u00e9tier. Le danger n&rsquo;est pas toujours o\u00f9 on l&rsquo;attend. Y a des femmes qui veulent vous&nbsp; planter les ongles dans les yeux, vous crever la r\u00e9tine, vous transpercer les prunelles, faire jaillir le globe oculaire. Alors il notait tout ce qu&rsquo;il vivait, ces quelques lignes annon\u00e7ant un excellent chapitre, puis un roman. Autant dire une \u0153uvre en devenir.<\/p>\n","protected":false},"excerpt":{"rendered":"<p>Petit livre, grosse surprise, immense plaisir. Djamel Cherigui, 34 ans, \u00e9picier roubaisien le jour et \u00e9crivain la nuit, nous offre un premier roman d\u00e9tonnant qui cartonne. Un roman ? Pas vraiment. Une quasi-autobiographie revisit\u00e9e par une plume qui en fait tout le charme. On a parl\u00e9 de C\u00e9line qui avait r\u00e9volutionn\u00e9 l&rsquo;\u00e9criture pour d\u00e9crire la [&hellip;]<\/p>\n","protected":false},"author":8,"featured_media":18490,"comment_status":"open","ping_status":"open","sticky":false,"template":"","format":"standard","meta":{"footnotes":""},"categories":[15],"tags":[61],"class_list":["post-7913","post","type-post","status-publish","format-standard","has-post-thumbnail","hentry","category-roman-francais","tag-jean-claude-lattes"],"yoast_head":"<!-- This site is optimized with the Yoast SEO plugin v27.4 - https:\/\/yoast.com\/product\/yoast-seo-wordpress\/ -->\n<title>La Sainte Touche, Djamel Cherigui, \u00c9ditions Jean-Claude Latt\u00e8s - Surbook\u00e9<\/title>\n<meta name=\"robots\" content=\"index, follow, max-snippet:-1, max-image-preview:large, max-video-preview:-1\" \/>\n<link rel=\"canonical\" href=\"https:\/\/surbooke.fr\/wordpress\/2021\/04\/19\/la-sainte-touche-djamel-cherigui-editions-jean-claude-lattes\/\" \/>\n<meta property=\"og:locale\" content=\"fr_FR\" \/>\n<meta property=\"og:type\" content=\"article\" \/>\n<meta property=\"og:title\" content=\"La Sainte Touche, Djamel Cherigui, \u00c9ditions Jean-Claude Latt\u00e8s - Surbook\u00e9\" \/>\n<meta property=\"og:description\" content=\"Petit livre, grosse surprise, immense plaisir. Djamel Cherigui, 34 ans, \u00e9picier roubaisien le jour et \u00e9crivain la nuit, nous offre un premier roman d\u00e9tonnant qui cartonne. Un roman ? Pas vraiment. Une quasi-autobiographie revisit\u00e9e par une plume qui en fait tout le charme. On a parl\u00e9 de C\u00e9line qui avait r\u00e9volutionn\u00e9 l&rsquo;\u00e9criture pour d\u00e9crire la [&hellip;]\" \/>\n<meta property=\"og:url\" content=\"https:\/\/surbooke.fr\/wordpress\/2021\/04\/19\/la-sainte-touche-djamel-cherigui-editions-jean-claude-lattes\/\" \/>\n<meta property=\"og:site_name\" content=\"Surbook\u00e9\" \/>\n<meta property=\"article:published_time\" content=\"2021-04-19T05:36:45+00:00\" \/>\n<meta property=\"article:modified_time\" content=\"2022-07-06T20:04:27+00:00\" \/>\n<meta property=\"og:image\" content=\"https:\/\/surbooke.fr\/wordpress\/wp-content\/uploads\/2021\/04\/La-Sainte-Touche-1.jpeg\" \/>\n\t<meta property=\"og:image:width\" content=\"225\" \/>\n\t<meta property=\"og:image:height\" content=\"225\" \/>\n\t<meta property=\"og:image:type\" content=\"image\/jpeg\" \/>\n<meta name=\"author\" content=\"Laurent Bisault\" \/>\n<meta name=\"twitter:card\" content=\"summary_large_image\" \/>\n<meta name=\"twitter:creator\" content=\"@LaurentBisault\" \/>\n<meta name=\"twitter:label1\" content=\"\u00c9crit par\" \/>\n\t<meta name=\"twitter:data1\" content=\"Laurent Bisault\" \/>\n\t<meta name=\"twitter:label2\" content=\"Dur\u00e9e de lecture estim\u00e9e\" \/>\n\t<meta name=\"twitter:data2\" content=\"5 minutes\" \/>\n<script type=\"application\/ld+json\" class=\"yoast-schema-graph\">{\"@context\":\"https:\\\/\\\/schema.org\",\"@graph\":[{\"@type\":\"Article\",\"@id\":\"https:\\\/\\\/surbooke.fr\\\/wordpress\\\/2021\\\/04\\\/19\\\/la-sainte-touche-djamel-cherigui-editions-jean-claude-lattes\\\/#article\",\"isPartOf\":{\"@id\":\"https:\\\/\\\/surbooke.fr\\\/wordpress\\\/2021\\\/04\\\/19\\\/la-sainte-touche-djamel-cherigui-editions-jean-claude-lattes\\\/\"},\"author\":{\"name\":\"Laurent Bisault\",\"@id\":\"https:\\\/\\\/surbooke.fr\\\/wordpress\\\/#\\\/schema\\\/person\\\/9c6be4d35203c76182c56b0e974807c6\"},\"headline\":\"La Sainte Touche, Djamel Cherigui, \u00c9ditions Jean-Claude Latt\u00e8s\",\"datePublished\":\"2021-04-19T05:36:45+00:00\",\"dateModified\":\"2022-07-06T20:04:27+00:00\",\"mainEntityOfPage\":{\"@id\":\"https:\\\/\\\/surbooke.fr\\\/wordpress\\\/2021\\\/04\\\/19\\\/la-sainte-touche-djamel-cherigui-editions-jean-claude-lattes\\\/\"},\"wordCount\":906,\"commentCount\":0,\"image\":{\"@id\":\"https:\\\/\\\/surbooke.fr\\\/wordpress\\\/2021\\\/04\\\/19\\\/la-sainte-touche-djamel-cherigui-editions-jean-claude-lattes\\\/#primaryimage\"},\"thumbnailUrl\":\"https:\\\/\\\/surbooke.fr\\\/wordpress\\\/wp-content\\\/uploads\\\/2021\\\/04\\\/La-Sainte-Touche-1.jpeg\",\"keywords\":[\"Jean-Claude Latt\u00e8s\"],\"articleSection\":[\"roman fran\u00e7ais \ud83c\uddeb\ud83c\uddf7\"],\"inLanguage\":\"fr-FR\",\"potentialAction\":[{\"@type\":\"CommentAction\",\"name\":\"Comment\",\"target\":[\"https:\\\/\\\/surbooke.fr\\\/wordpress\\\/2021\\\/04\\\/19\\\/la-sainte-touche-djamel-cherigui-editions-jean-claude-lattes\\\/#respond\"]}]},{\"@type\":\"WebPage\",\"@id\":\"https:\\\/\\\/surbooke.fr\\\/wordpress\\\/2021\\\/04\\\/19\\\/la-sainte-touche-djamel-cherigui-editions-jean-claude-lattes\\\/\",\"url\":\"https:\\\/\\\/surbooke.fr\\\/wordpress\\\/2021\\\/04\\\/19\\\/la-sainte-touche-djamel-cherigui-editions-jean-claude-lattes\\\/\",\"name\":\"La Sainte Touche, Djamel Cherigui, \u00c9ditions Jean-Claude Latt\u00e8s - Surbook\u00e9\",\"isPartOf\":{\"@id\":\"https:\\\/\\\/surbooke.fr\\\/wordpress\\\/#website\"},\"primaryImageOfPage\":{\"@id\":\"https:\\\/\\\/surbooke.fr\\\/wordpress\\\/2021\\\/04\\\/19\\\/la-sainte-touche-djamel-cherigui-editions-jean-claude-lattes\\\/#primaryimage\"},\"image\":{\"@id\":\"https:\\\/\\\/surbooke.fr\\\/wordpress\\\/2021\\\/04\\\/19\\\/la-sainte-touche-djamel-cherigui-editions-jean-claude-lattes\\\/#primaryimage\"},\"thumbnailUrl\":\"https:\\\/\\\/surbooke.fr\\\/wordpress\\\/wp-content\\\/uploads\\\/2021\\\/04\\\/La-Sainte-Touche-1.jpeg\",\"datePublished\":\"2021-04-19T05:36:45+00:00\",\"dateModified\":\"2022-07-06T20:04:27+00:00\",\"author\":{\"@id\":\"https:\\\/\\\/surbooke.fr\\\/wordpress\\\/#\\\/schema\\\/person\\\/9c6be4d35203c76182c56b0e974807c6\"},\"breadcrumb\":{\"@id\":\"https:\\\/\\\/surbooke.fr\\\/wordpress\\\/2021\\\/04\\\/19\\\/la-sainte-touche-djamel-cherigui-editions-jean-claude-lattes\\\/#breadcrumb\"},\"inLanguage\":\"fr-FR\",\"potentialAction\":[{\"@type\":\"ReadAction\",\"target\":[\"https:\\\/\\\/surbooke.fr\\\/wordpress\\\/2021\\\/04\\\/19\\\/la-sainte-touche-djamel-cherigui-editions-jean-claude-lattes\\\/\"]}]},{\"@type\":\"ImageObject\",\"inLanguage\":\"fr-FR\",\"@id\":\"https:\\\/\\\/surbooke.fr\\\/wordpress\\\/2021\\\/04\\\/19\\\/la-sainte-touche-djamel-cherigui-editions-jean-claude-lattes\\\/#primaryimage\",\"url\":\"https:\\\/\\\/surbooke.fr\\\/wordpress\\\/wp-content\\\/uploads\\\/2021\\\/04\\\/La-Sainte-Touche-1.jpeg\",\"contentUrl\":\"https:\\\/\\\/surbooke.fr\\\/wordpress\\\/wp-content\\\/uploads\\\/2021\\\/04\\\/La-Sainte-Touche-1.jpeg\",\"width\":225,\"height\":225},{\"@type\":\"BreadcrumbList\",\"@id\":\"https:\\\/\\\/surbooke.fr\\\/wordpress\\\/2021\\\/04\\\/19\\\/la-sainte-touche-djamel-cherigui-editions-jean-claude-lattes\\\/#breadcrumb\",\"itemListElement\":[{\"@type\":\"ListItem\",\"position\":1,\"name\":\"Accueil\",\"item\":\"https:\\\/\\\/surbooke.fr\\\/wordpress\\\/\"},{\"@type\":\"ListItem\",\"position\":2,\"name\":\"La Sainte Touche, Djamel Cherigui, \u00c9ditions Jean-Claude Latt\u00e8s\"}]},{\"@type\":\"WebSite\",\"@id\":\"https:\\\/\\\/surbooke.fr\\\/wordpress\\\/#website\",\"url\":\"https:\\\/\\\/surbooke.fr\\\/wordpress\\\/\",\"name\":\"Surbook\u00e9\",\"description\":\"Le blog de Laurent Bisault\",\"potentialAction\":[{\"@type\":\"SearchAction\",\"target\":{\"@type\":\"EntryPoint\",\"urlTemplate\":\"https:\\\/\\\/surbooke.fr\\\/wordpress\\\/?s={search_term_string}\"},\"query-input\":{\"@type\":\"PropertyValueSpecification\",\"valueRequired\":true,\"valueName\":\"search_term_string\"}}],\"inLanguage\":\"fr-FR\"},{\"@type\":\"Person\",\"@id\":\"https:\\\/\\\/surbooke.fr\\\/wordpress\\\/#\\\/schema\\\/person\\\/9c6be4d35203c76182c56b0e974807c6\",\"name\":\"Laurent Bisault\",\"image\":{\"@type\":\"ImageObject\",\"inLanguage\":\"fr-FR\",\"@id\":\"https:\\\/\\\/secure.gravatar.com\\\/avatar\\\/3bcd2efdfc3a3e416bea3223d3dfcd7f8845e2ca0669671d0c7ed8e84e97bfc4?s=96&d=mm&r=g\",\"url\":\"https:\\\/\\\/secure.gravatar.com\\\/avatar\\\/3bcd2efdfc3a3e416bea3223d3dfcd7f8845e2ca0669671d0c7ed8e84e97bfc4?s=96&d=mm&r=g\",\"contentUrl\":\"https:\\\/\\\/secure.gravatar.com\\\/avatar\\\/3bcd2efdfc3a3e416bea3223d3dfcd7f8845e2ca0669671d0c7ed8e84e97bfc4?s=96&d=mm&r=g\",\"caption\":\"Laurent Bisault\"},\"sameAs\":[\"https:\\\/\\\/surbooke.fr\\\/wordpress\\\/\",\"https:\\\/\\\/x.com\\\/LaurentBisault\"],\"url\":\"https:\\\/\\\/surbooke.fr\\\/wordpress\\\/author\\\/surbooke\\\/\"}]}<\/script>\n<!-- \/ Yoast SEO plugin. -->","yoast_head_json":{"title":"La Sainte Touche, Djamel Cherigui, \u00c9ditions Jean-Claude Latt\u00e8s - Surbook\u00e9","robots":{"index":"index","follow":"follow","max-snippet":"max-snippet:-1","max-image-preview":"max-image-preview:large","max-video-preview":"max-video-preview:-1"},"canonical":"https:\/\/surbooke.fr\/wordpress\/2021\/04\/19\/la-sainte-touche-djamel-cherigui-editions-jean-claude-lattes\/","og_locale":"fr_FR","og_type":"article","og_title":"La Sainte Touche, Djamel Cherigui, \u00c9ditions Jean-Claude Latt\u00e8s - Surbook\u00e9","og_description":"Petit livre, grosse surprise, immense plaisir. Djamel Cherigui, 34 ans, \u00e9picier roubaisien le jour et \u00e9crivain la nuit, nous offre un premier roman d\u00e9tonnant qui cartonne. Un roman ? Pas vraiment. Une quasi-autobiographie revisit\u00e9e par une plume qui en fait tout le charme. On a parl\u00e9 de C\u00e9line qui avait r\u00e9volutionn\u00e9 l&rsquo;\u00e9criture pour d\u00e9crire la [&hellip;]","og_url":"https:\/\/surbooke.fr\/wordpress\/2021\/04\/19\/la-sainte-touche-djamel-cherigui-editions-jean-claude-lattes\/","og_site_name":"Surbook\u00e9","article_published_time":"2021-04-19T05:36:45+00:00","article_modified_time":"2022-07-06T20:04:27+00:00","og_image":[{"width":225,"height":225,"url":"https:\/\/surbooke.fr\/wordpress\/wp-content\/uploads\/2021\/04\/La-Sainte-Touche-1.jpeg","type":"image\/jpeg"}],"author":"Laurent Bisault","twitter_card":"summary_large_image","twitter_creator":"@LaurentBisault","twitter_misc":{"\u00c9crit par":"Laurent Bisault","Dur\u00e9e de lecture estim\u00e9e":"5 minutes"},"schema":{"@context":"https:\/\/schema.org","@graph":[{"@type":"Article","@id":"https:\/\/surbooke.fr\/wordpress\/2021\/04\/19\/la-sainte-touche-djamel-cherigui-editions-jean-claude-lattes\/#article","isPartOf":{"@id":"https:\/\/surbooke.fr\/wordpress\/2021\/04\/19\/la-sainte-touche-djamel-cherigui-editions-jean-claude-lattes\/"},"author":{"name":"Laurent Bisault","@id":"https:\/\/surbooke.fr\/wordpress\/#\/schema\/person\/9c6be4d35203c76182c56b0e974807c6"},"headline":"La Sainte Touche, Djamel Cherigui, \u00c9ditions Jean-Claude Latt\u00e8s","datePublished":"2021-04-19T05:36:45+00:00","dateModified":"2022-07-06T20:04:27+00:00","mainEntityOfPage":{"@id":"https:\/\/surbooke.fr\/wordpress\/2021\/04\/19\/la-sainte-touche-djamel-cherigui-editions-jean-claude-lattes\/"},"wordCount":906,"commentCount":0,"image":{"@id":"https:\/\/surbooke.fr\/wordpress\/2021\/04\/19\/la-sainte-touche-djamel-cherigui-editions-jean-claude-lattes\/#primaryimage"},"thumbnailUrl":"https:\/\/surbooke.fr\/wordpress\/wp-content\/uploads\/2021\/04\/La-Sainte-Touche-1.jpeg","keywords":["Jean-Claude Latt\u00e8s"],"articleSection":["roman fran\u00e7ais \ud83c\uddeb\ud83c\uddf7"],"inLanguage":"fr-FR","potentialAction":[{"@type":"CommentAction","name":"Comment","target":["https:\/\/surbooke.fr\/wordpress\/2021\/04\/19\/la-sainte-touche-djamel-cherigui-editions-jean-claude-lattes\/#respond"]}]},{"@type":"WebPage","@id":"https:\/\/surbooke.fr\/wordpress\/2021\/04\/19\/la-sainte-touche-djamel-cherigui-editions-jean-claude-lattes\/","url":"https:\/\/surbooke.fr\/wordpress\/2021\/04\/19\/la-sainte-touche-djamel-cherigui-editions-jean-claude-lattes\/","name":"La Sainte Touche, Djamel Cherigui, \u00c9ditions Jean-Claude Latt\u00e8s - Surbook\u00e9","isPartOf":{"@id":"https:\/\/surbooke.fr\/wordpress\/#website"},"primaryImageOfPage":{"@id":"https:\/\/surbooke.fr\/wordpress\/2021\/04\/19\/la-sainte-touche-djamel-cherigui-editions-jean-claude-lattes\/#primaryimage"},"image":{"@id":"https:\/\/surbooke.fr\/wordpress\/2021\/04\/19\/la-sainte-touche-djamel-cherigui-editions-jean-claude-lattes\/#primaryimage"},"thumbnailUrl":"https:\/\/surbooke.fr\/wordpress\/wp-content\/uploads\/2021\/04\/La-Sainte-Touche-1.jpeg","datePublished":"2021-04-19T05:36:45+00:00","dateModified":"2022-07-06T20:04:27+00:00","author":{"@id":"https:\/\/surbooke.fr\/wordpress\/#\/schema\/person\/9c6be4d35203c76182c56b0e974807c6"},"breadcrumb":{"@id":"https:\/\/surbooke.fr\/wordpress\/2021\/04\/19\/la-sainte-touche-djamel-cherigui-editions-jean-claude-lattes\/#breadcrumb"},"inLanguage":"fr-FR","potentialAction":[{"@type":"ReadAction","target":["https:\/\/surbooke.fr\/wordpress\/2021\/04\/19\/la-sainte-touche-djamel-cherigui-editions-jean-claude-lattes\/"]}]},{"@type":"ImageObject","inLanguage":"fr-FR","@id":"https:\/\/surbooke.fr\/wordpress\/2021\/04\/19\/la-sainte-touche-djamel-cherigui-editions-jean-claude-lattes\/#primaryimage","url":"https:\/\/surbooke.fr\/wordpress\/wp-content\/uploads\/2021\/04\/La-Sainte-Touche-1.jpeg","contentUrl":"https:\/\/surbooke.fr\/wordpress\/wp-content\/uploads\/2021\/04\/La-Sainte-Touche-1.jpeg","width":225,"height":225},{"@type":"BreadcrumbList","@id":"https:\/\/surbooke.fr\/wordpress\/2021\/04\/19\/la-sainte-touche-djamel-cherigui-editions-jean-claude-lattes\/#breadcrumb","itemListElement":[{"@type":"ListItem","position":1,"name":"Accueil","item":"https:\/\/surbooke.fr\/wordpress\/"},{"@type":"ListItem","position":2,"name":"La Sainte Touche, Djamel Cherigui, \u00c9ditions Jean-Claude Latt\u00e8s"}]},{"@type":"WebSite","@id":"https:\/\/surbooke.fr\/wordpress\/#website","url":"https:\/\/surbooke.fr\/wordpress\/","name":"Surbook\u00e9","description":"Le blog de Laurent Bisault","potentialAction":[{"@type":"SearchAction","target":{"@type":"EntryPoint","urlTemplate":"https:\/\/surbooke.fr\/wordpress\/?s={search_term_string}"},"query-input":{"@type":"PropertyValueSpecification","valueRequired":true,"valueName":"search_term_string"}}],"inLanguage":"fr-FR"},{"@type":"Person","@id":"https:\/\/surbooke.fr\/wordpress\/#\/schema\/person\/9c6be4d35203c76182c56b0e974807c6","name":"Laurent Bisault","image":{"@type":"ImageObject","inLanguage":"fr-FR","@id":"https:\/\/secure.gravatar.com\/avatar\/3bcd2efdfc3a3e416bea3223d3dfcd7f8845e2ca0669671d0c7ed8e84e97bfc4?s=96&d=mm&r=g","url":"https:\/\/secure.gravatar.com\/avatar\/3bcd2efdfc3a3e416bea3223d3dfcd7f8845e2ca0669671d0c7ed8e84e97bfc4?s=96&d=mm&r=g","contentUrl":"https:\/\/secure.gravatar.com\/avatar\/3bcd2efdfc3a3e416bea3223d3dfcd7f8845e2ca0669671d0c7ed8e84e97bfc4?s=96&d=mm&r=g","caption":"Laurent Bisault"},"sameAs":["https:\/\/surbooke.fr\/wordpress\/","https:\/\/x.com\/LaurentBisault"],"url":"https:\/\/surbooke.fr\/wordpress\/author\/surbooke\/"}]}},"_links":{"self":[{"href":"https:\/\/surbooke.fr\/wordpress\/wp-json\/wp\/v2\/posts\/7913","targetHints":{"allow":["GET"]}}],"collection":[{"href":"https:\/\/surbooke.fr\/wordpress\/wp-json\/wp\/v2\/posts"}],"about":[{"href":"https:\/\/surbooke.fr\/wordpress\/wp-json\/wp\/v2\/types\/post"}],"author":[{"embeddable":true,"href":"https:\/\/surbooke.fr\/wordpress\/wp-json\/wp\/v2\/users\/8"}],"replies":[{"embeddable":true,"href":"https:\/\/surbooke.fr\/wordpress\/wp-json\/wp\/v2\/comments?post=7913"}],"version-history":[{"count":0,"href":"https:\/\/surbooke.fr\/wordpress\/wp-json\/wp\/v2\/posts\/7913\/revisions"}],"wp:featuredmedia":[{"embeddable":true,"href":"https:\/\/surbooke.fr\/wordpress\/wp-json\/wp\/v2\/media\/18490"}],"wp:attachment":[{"href":"https:\/\/surbooke.fr\/wordpress\/wp-json\/wp\/v2\/media?parent=7913"}],"wp:term":[{"taxonomy":"category","embeddable":true,"href":"https:\/\/surbooke.fr\/wordpress\/wp-json\/wp\/v2\/categories?post=7913"},{"taxonomy":"post_tag","embeddable":true,"href":"https:\/\/surbooke.fr\/wordpress\/wp-json\/wp\/v2\/tags?post=7913"}],"curies":[{"name":"wp","href":"https:\/\/api.w.org\/{rel}","templated":true}]}}