{"id":8082,"date":"2021-04-26T07:32:40","date_gmt":"2021-04-26T05:32:40","guid":{"rendered":"https:\/\/surbooke.fr\/wordpress\/?p=8082"},"modified":"2022-07-06T22:03:43","modified_gmt":"2022-07-06T20:03:43","slug":"le-quai-de-ouistreham-florence-aubenas-editions-de-lolivier","status":"publish","type":"post","link":"https:\/\/surbooke.fr\/wordpress\/2021\/04\/26\/le-quai-de-ouistreham-florence-aubenas-editions-de-lolivier\/","title":{"rendered":"Le quai de Ouistreham, Florence Aubenas, \u00c9ditions de l&rsquo;Olivier"},"content":{"rendered":"\n<p><strong>C&rsquo;est<\/strong> <strong>une<\/strong> <strong>femme<\/strong> <strong>que<\/strong> <strong>l&rsquo;on<\/strong> <strong>voit<\/strong> <strong>toujours<\/strong> <strong>jeune<\/strong> tant elle incarne le dynamisme. Florence Aubenas, longtemps journaliste \u00e0 <em>Lib\u00e9<\/em>, un temps \u00e0 <em>L&rsquo;Obs<\/em> puis au <em>Monde<\/em> depuis 2012, est autant r\u00e9put\u00e9e pour ses reportages que pour les bouquins qu&rsquo;elle en a tir\u00e9. \u00c9galement appr\u00e9ci\u00e9e pour son traitement des faits divers que pour ses reportages de guerre. C&rsquo;est en couvrant le proc\u00e8s d&rsquo;Outreau qu&rsquo;elle s&rsquo;est fait conna\u00eetre, \u00e9tant une des premi\u00e8res \u00e0 douter de la culpabilit\u00e9 de l&rsquo;ensemble des inculp\u00e9s. Elle avait vu juste car si des adultes avaient bien abus\u00e9 d&rsquo;enfants, l&rsquo;institution judiciaire avait s\u00e9rieusement d\u00e9rap\u00e9 en envoyant en prison des innocents. Sa c\u00e9l\u00e9brit\u00e9 elle la doit aux cinq mois de captivit\u00e9 en tant qu&rsquo;otage en Irak. Elle s&rsquo;en serait \u00e9videmment pass\u00e9 et a refus\u00e9 de les raconter. Ce qui impressionne chez elle c&rsquo;est sa simplicit\u00e9, on pourrait presque dire sa na\u00efvet\u00e9 quand elle accepte de partir au Rwanda pour Lib\u00e9 qui cherche un reporter de guerre. Cela lui vaut de se retrouver face \u00e0 un d\u00e9ferlement de Tutsi fuyant leur pays pour sauver leur peau, et surtout d&rsquo;accepter de prendre avec elle le b\u00e9b\u00e9 d&rsquo;une femme pour le sauver. La demande aussit\u00f4t accept\u00e9e, aussit\u00f4t imit\u00e9e par un oc\u00e9an de bras la suppliant de prendre les leurs. Simple elle l&rsquo;est \u00e9galement quand elle explique qu&rsquo;elle a demand\u00e9 un salaire qu&rsquo;elle pouvait assumer pour rentrer au <em>Monde<\/em>, soit 4 000 euros par mois. Florence Aubenas a couvert les conflits en Afghanistan, au Kosovo, en Alg\u00e9rie et a aussi pass\u00e9 beaucoup de temps en France en racontant des \u00e9v\u00e8nements qui pourraient para\u00eetre anodins. Son dernier livre <em>L&rsquo;inconnu<\/em> <em>de<\/em> <em>la<\/em> <em>Poste<\/em> pr\u00e9sente un meurtre commis dans une petite ville de l&rsquo;Ain dont fut accus\u00e9 un jeune homme ancienne vedette de cin\u00e9ma. Florence Aubenas, nullement ard\u00e9choise mais n\u00e9e \u00e0 Bruxelles, s&rsquo;interroge en 2009 sur ce qu&rsquo;est concr\u00e8tement la crise.<\/p>\n\n\n\n<blockquote class=\"wp-block-quote has-text-align-center is-style-large is-layout-flow wp-block-quote-is-layout-flow\"><p>Il est loin le temps o\u00f9 les employ\u00e9s de P\u00f4le Emploi \u00e9taient d&rsquo;anciens travailleurs sociaux<\/p><\/blockquote>\n\n\n\n<p>Pour y r\u00e9pondre elle part chercher du travail de fa\u00e7on anonyme dans une ville qu&rsquo;elle ne conna\u00eet pas. Ce sera Caen. Florence s&rsquo;inscrit  au ch\u00f4mage en d\u00e9clarant pour seul dipl\u00f4me un baccalaur\u00e9at, expliquant son inactivit\u00e9 des vingt derni\u00e8res ann\u00e9es par une vie avec un homme qui subvenait \u00e0 ses besoins et qui l&rsquo;a quitt\u00e9e. Florence Aubenas garde son nom, se teint en blonde et change de lunettes pour ne pas \u00eatre reconnue. Elle d\u00e9cide de poursuivre son immersion dans sa nouvelle vie jusqu&rsquo;\u00e0 l&rsquo;obtention du Graal des demandeurs d&#8217;emploi : un CDI. Cela lui prendra six mois. Le premier entretien d&#8217;embauche la m\u00e8ne \u00e0 Cabourg pour un emploi de gouvernante dans la coquette station baln\u00e9aire. Elle sera nourrie \u00e0 la table des patrons, log\u00e9e dans leur maison, lui entrepreneur \u00e0 la retraite et elle femme au foyer. L&#8217;emploi est plut\u00f4t bien pay\u00e9 mais elle le refuse parce qu&rsquo;elle ne veut pas entrer dans l&rsquo;intimit\u00e9 de particuliers. Elle ne s&rsquo;est rendue \u00e0 Cabourg que pour voir \u00e0 quoi ressemblait un entretien d&#8217;embauche. Pourtant Florence avait dit \u00e0 celui qui lui avait indiqu\u00e9 l&rsquo;adresse qu&rsquo;elle accepterait tout. Ici tout le monde accepte tout lui avait r\u00e9pondu l&#8217;employ\u00e9 de l&rsquo;agence d&rsquo;int\u00e9rim. \u00c0 P\u00f4le Emploi on lui sugg\u00e8re de devenir agent de nettoyage, femme de m\u00e9nage pour ceux qui ignorent la terminologie officielle. Un m\u00e9tier qui n&rsquo;a rien d&rsquo;\u00e9vident pour elle dont la m\u00e8re f\u00e9ministe a toujours consid\u00e9r\u00e9 que le m\u00e9nage incombait aux hommes. Florence d\u00e9couvre \u00e0 P\u00f4le Emploi les drames de ceux et surtout de celles qui ont besoin de travailler, ainsi que les peurs des conseillers qui craignent de se retrouver face \u00e0 l&rsquo;arme d&rsquo;un ch\u00f4meur exc\u00e9d\u00e9. Il est loin le temps o\u00f9 les employ\u00e9s de P\u00f4le Emploi \u00e9taient d&rsquo;anciens travailleurs sociaux, ils ont c\u00e9d\u00e9 la place aux commerciaux. Pour Florence \u00e7a s&rsquo;annonce  mal. Femme de plus de 45 ans, pas d&#8217;emploi r\u00e9cent ni de formations particuli\u00e8res, sans voiture, elle accumule les handicaps. Elle ressert son histoire de mec qui l&rsquo;a laiss\u00e9 tomber, en pr\u00e9cisant qu&rsquo;il \u00e9tait garagiste, une profession que Florence a toujours trouv\u00e9e sexy. Elle encha\u00eene en vain salons de l&#8217;emploi et formations, toujours rien en vue. Elle rencontre beaucoup d&rsquo;hommes et de femmes qui cherchent comme elle un boulot apr\u00e8s avoir accumul\u00e9 \u00e9checs et humiliations. On l&rsquo;avait pr\u00e9venue : ne surtout jamais prendre un boulot sur un ferry-boat \u00e0 Ouistreham. Ce sont les pires. Pires que dans les bo\u00eetes de b\u00e2timent turques qui te payent plus mal qu&rsquo;en Turquie. Pires que chez les ostr\u00e9iculteurs ou les mara\u00eechers. Pourtant Florence accepte et se pointe le lendemain au si\u00e8ge de l&rsquo;entreprise quai Charcot. Elle est embauch\u00e9e pour six mois, six jours par semaine de 21h30 \u00e0 22h30, contre 250 euros par mois plus les primes du week-end. Reste \u00e0 trouver l&rsquo;indispensable voiture, ce qui sera vite fait.<\/p>\n\n\n\n<blockquote class=\"wp-block-quote has-text-align-center is-style-large is-layout-flow wp-block-quote-is-layout-flow\"><p>En 2009 le lumpenprol\u00e9tariat ne travaille plus dans les mines, les usines automobiles ou textiles. Il nettoie les bateaux, les supermarch\u00e9s et les campings.<\/p><\/blockquote>\n\n\n\n<p>\u00c0 bord du ferry elle fait les sanis, r\u00e9cure les cuvettes des WC, des boulots exclusivement r\u00e9serv\u00e9s aux femmes. C&rsquo;est physique, ext\u00e9nuant, chronom\u00e9tr\u00e9, du taylorisme sur mer. Le r\u00e9cit de Florence Aubenas \u00e9vite tout voyeurisme tant elle est rentr\u00e9e dans son personnage. Elle nous transmet la pression des petits chefs pour terminer dans les temps, les humiliations quotidiennes, la peur de ne pas \u00eatre prise pour des emplois compl\u00e9mentaires, le manque de sommeil entre les nettoyages du soir et ceux du matin. Elle montre les formations inutiles impos\u00e9es par P\u00f4le Emploi, l&rsquo;infantilisation de ceux qui sont envoy\u00e9s en stage et qui craignant de tout perdre n&rsquo;osent pas faire respecter leurs droits. En 2009 le lumpenprol\u00e9tariat ne travaille plus dans les mines, les usines automobiles ou textiles. Il nettoie les bateaux, les supermarch\u00e9s et les campings. Les syndicats ? Quels syndicats ? M\u00eame \u00e0 Caen qui fut une citadelle ouvri\u00e8re, les usines ont ferm\u00e9 les unes apr\u00e8s les autres sans qu&rsquo;ils puissent rien arr\u00eater. Les syndicats c&rsquo;\u00e9tait pour les grandes bo\u00eetes avec des hommes \u00e0 l&rsquo;int\u00e9rieur. Il y avait bien Moulinex mais Moulinex est parti en Chine et les anciennes doivent flouter leur CV pour retrouver un employeur.&nbsp;Il n&rsquo;est pas rare que les ch\u00f4meurs demandent spontan\u00e9ment \u00e0 \u00eatre pay\u00e9s en dessous du Smic. Alors les filles que c\u00f4toie Florence Aubenas se d\u00e9brouillent en achetant en grande quantit\u00e9, en faisant d\u00e9panner leur voiture par des copains. Toutes ne vivent pas dans la mis\u00e8re. Certaines acceptent ce m\u00e9tier pour garantir le mieux \u00e0 leurs enfants. Finalement Florence Aubenas d\u00e9croche son CDI. Deux heures et demie par semaine, pay\u00e9es 8,94 euros bruts de l&rsquo;heure. Belle victoire. Ce que ne dit pas Florence Aubenas dans sa postface, mais qu&rsquo;elle raconte dans sa longue interview diffus\u00e9e dans <em>\u00c0 voix nue<\/em>, c&rsquo;est que ses anciennes coll\u00e8gues ont eu du mal \u00e0 admettre qu&rsquo;elle \u00e9tait journaliste quand elle est retourn\u00e9e les voir. L&rsquo;une d&rsquo;elles ayant m\u00eame ajout\u00e9 :  \u00ab <em>Depuis quand les journalistes s&rsquo;int\u00e9ressent-ils \u00e0 nous ?<\/em> \u00bb.<\/p>\n\n\n\n<p><strong>\u00c0 voix nue<\/strong><br><a href=\"https:\/\/www.franceculture.fr\/emissions\/series\/florence-aubenas\">https:\/\/www.franceculture.fr\/emissions\/series\/florence-aubenas<\/a><\/p>\n","protected":false},"excerpt":{"rendered":"<p>C&rsquo;est une femme que l&rsquo;on voit toujours jeune tant elle incarne le dynamisme. Florence Aubenas, longtemps journaliste \u00e0 Lib\u00e9, un temps \u00e0 L&rsquo;Obs puis au Monde depuis 2012, est autant r\u00e9put\u00e9e pour ses reportages que pour les bouquins qu&rsquo;elle en a tir\u00e9. \u00c9galement appr\u00e9ci\u00e9e pour son traitement des faits divers que pour ses reportages de [&hellip;]<\/p>\n","protected":false},"author":8,"featured_media":18488,"comment_status":"open","ping_status":"open","sticky":false,"template":"","format":"standard","meta":{"footnotes":""},"categories":[15,67,3],"tags":[28],"class_list":["post-8082","post","type-post","status-publish","format-standard","has-post-thumbnail","hentry","category-roman-francais","category-sociologie","category-coup-de-coeur","tag-lolivier"],"yoast_head":"<!-- This site is optimized with the Yoast SEO plugin v27.4 - https:\/\/yoast.com\/product\/yoast-seo-wordpress\/ -->\n<title>Le quai de Ouistreham, Florence Aubenas, \u00c9ditions de l&#039;Olivier - Surbook\u00e9<\/title>\n<meta name=\"robots\" content=\"index, follow, max-snippet:-1, max-image-preview:large, max-video-preview:-1\" \/>\n<link rel=\"canonical\" href=\"https:\/\/surbooke.fr\/wordpress\/2021\/04\/26\/le-quai-de-ouistreham-florence-aubenas-editions-de-lolivier\/\" \/>\n<meta property=\"og:locale\" content=\"fr_FR\" \/>\n<meta property=\"og:type\" content=\"article\" \/>\n<meta property=\"og:title\" content=\"Le quai de Ouistreham, Florence Aubenas, \u00c9ditions de l&#039;Olivier - Surbook\u00e9\" \/>\n<meta property=\"og:description\" content=\"C&rsquo;est une femme que l&rsquo;on voit toujours jeune tant elle incarne le dynamisme. Florence Aubenas, longtemps journaliste \u00e0 Lib\u00e9, un temps \u00e0 L&rsquo;Obs puis au Monde depuis 2012, est autant r\u00e9put\u00e9e pour ses reportages que pour les bouquins qu&rsquo;elle en a tir\u00e9. \u00c9galement appr\u00e9ci\u00e9e pour son traitement des faits divers que pour ses reportages de [&hellip;]\" \/>\n<meta property=\"og:url\" content=\"https:\/\/surbooke.fr\/wordpress\/2021\/04\/26\/le-quai-de-ouistreham-florence-aubenas-editions-de-lolivier\/\" \/>\n<meta property=\"og:site_name\" content=\"Surbook\u00e9\" \/>\n<meta property=\"article:published_time\" content=\"2021-04-26T05:32:40+00:00\" \/>\n<meta property=\"article:modified_time\" content=\"2022-07-06T20:03:43+00:00\" \/>\n<meta property=\"og:image\" content=\"https:\/\/surbooke.fr\/wordpress\/wp-content\/uploads\/2021\/04\/Le-quai-de-Ouistreham-1.jpg\" \/>\n\t<meta property=\"og:image:width\" content=\"364\" \/>\n\t<meta property=\"og:image:height\" content=\"600\" \/>\n\t<meta property=\"og:image:type\" content=\"image\/jpeg\" \/>\n<meta name=\"author\" content=\"Laurent Bisault\" \/>\n<meta name=\"twitter:card\" content=\"summary_large_image\" \/>\n<meta name=\"twitter:creator\" content=\"@LaurentBisault\" \/>\n<meta name=\"twitter:label1\" content=\"\u00c9crit par\" \/>\n\t<meta name=\"twitter:data1\" content=\"Laurent Bisault\" \/>\n\t<meta name=\"twitter:label2\" content=\"Dur\u00e9e de lecture estim\u00e9e\" \/>\n\t<meta name=\"twitter:data2\" content=\"6 minutes\" \/>\n<script type=\"application\/ld+json\" class=\"yoast-schema-graph\">{\"@context\":\"https:\\\/\\\/schema.org\",\"@graph\":[{\"@type\":\"Article\",\"@id\":\"https:\\\/\\\/surbooke.fr\\\/wordpress\\\/2021\\\/04\\\/26\\\/le-quai-de-ouistreham-florence-aubenas-editions-de-lolivier\\\/#article\",\"isPartOf\":{\"@id\":\"https:\\\/\\\/surbooke.fr\\\/wordpress\\\/2021\\\/04\\\/26\\\/le-quai-de-ouistreham-florence-aubenas-editions-de-lolivier\\\/\"},\"author\":{\"name\":\"Laurent Bisault\",\"@id\":\"https:\\\/\\\/surbooke.fr\\\/wordpress\\\/#\\\/schema\\\/person\\\/9c6be4d35203c76182c56b0e974807c6\"},\"headline\":\"Le quai de Ouistreham, Florence Aubenas, \u00c9ditions de l&rsquo;Olivier\",\"datePublished\":\"2021-04-26T05:32:40+00:00\",\"dateModified\":\"2022-07-06T20:03:43+00:00\",\"mainEntityOfPage\":{\"@id\":\"https:\\\/\\\/surbooke.fr\\\/wordpress\\\/2021\\\/04\\\/26\\\/le-quai-de-ouistreham-florence-aubenas-editions-de-lolivier\\\/\"},\"wordCount\":1298,\"commentCount\":2,\"image\":{\"@id\":\"https:\\\/\\\/surbooke.fr\\\/wordpress\\\/2021\\\/04\\\/26\\\/le-quai-de-ouistreham-florence-aubenas-editions-de-lolivier\\\/#primaryimage\"},\"thumbnailUrl\":\"https:\\\/\\\/surbooke.fr\\\/wordpress\\\/wp-content\\\/uploads\\\/2021\\\/04\\\/Le-quai-de-Ouistreham-1.jpg\",\"keywords\":[\"L&#039;Olivier\"],\"articleSection\":[\"roman fran\u00e7ais \ud83c\uddeb\ud83c\uddf7\",\"sociologie\",\"\ud83e\udd0d\"],\"inLanguage\":\"fr-FR\",\"potentialAction\":[{\"@type\":\"CommentAction\",\"name\":\"Comment\",\"target\":[\"https:\\\/\\\/surbooke.fr\\\/wordpress\\\/2021\\\/04\\\/26\\\/le-quai-de-ouistreham-florence-aubenas-editions-de-lolivier\\\/#respond\"]}]},{\"@type\":\"WebPage\",\"@id\":\"https:\\\/\\\/surbooke.fr\\\/wordpress\\\/2021\\\/04\\\/26\\\/le-quai-de-ouistreham-florence-aubenas-editions-de-lolivier\\\/\",\"url\":\"https:\\\/\\\/surbooke.fr\\\/wordpress\\\/2021\\\/04\\\/26\\\/le-quai-de-ouistreham-florence-aubenas-editions-de-lolivier\\\/\",\"name\":\"Le quai de Ouistreham, Florence Aubenas, \u00c9ditions de l'Olivier - Surbook\u00e9\",\"isPartOf\":{\"@id\":\"https:\\\/\\\/surbooke.fr\\\/wordpress\\\/#website\"},\"primaryImageOfPage\":{\"@id\":\"https:\\\/\\\/surbooke.fr\\\/wordpress\\\/2021\\\/04\\\/26\\\/le-quai-de-ouistreham-florence-aubenas-editions-de-lolivier\\\/#primaryimage\"},\"image\":{\"@id\":\"https:\\\/\\\/surbooke.fr\\\/wordpress\\\/2021\\\/04\\\/26\\\/le-quai-de-ouistreham-florence-aubenas-editions-de-lolivier\\\/#primaryimage\"},\"thumbnailUrl\":\"https:\\\/\\\/surbooke.fr\\\/wordpress\\\/wp-content\\\/uploads\\\/2021\\\/04\\\/Le-quai-de-Ouistreham-1.jpg\",\"datePublished\":\"2021-04-26T05:32:40+00:00\",\"dateModified\":\"2022-07-06T20:03:43+00:00\",\"author\":{\"@id\":\"https:\\\/\\\/surbooke.fr\\\/wordpress\\\/#\\\/schema\\\/person\\\/9c6be4d35203c76182c56b0e974807c6\"},\"breadcrumb\":{\"@id\":\"https:\\\/\\\/surbooke.fr\\\/wordpress\\\/2021\\\/04\\\/26\\\/le-quai-de-ouistreham-florence-aubenas-editions-de-lolivier\\\/#breadcrumb\"},\"inLanguage\":\"fr-FR\",\"potentialAction\":[{\"@type\":\"ReadAction\",\"target\":[\"https:\\\/\\\/surbooke.fr\\\/wordpress\\\/2021\\\/04\\\/26\\\/le-quai-de-ouistreham-florence-aubenas-editions-de-lolivier\\\/\"]}]},{\"@type\":\"ImageObject\",\"inLanguage\":\"fr-FR\",\"@id\":\"https:\\\/\\\/surbooke.fr\\\/wordpress\\\/2021\\\/04\\\/26\\\/le-quai-de-ouistreham-florence-aubenas-editions-de-lolivier\\\/#primaryimage\",\"url\":\"https:\\\/\\\/surbooke.fr\\\/wordpress\\\/wp-content\\\/uploads\\\/2021\\\/04\\\/Le-quai-de-Ouistreham-1.jpg\",\"contentUrl\":\"https:\\\/\\\/surbooke.fr\\\/wordpress\\\/wp-content\\\/uploads\\\/2021\\\/04\\\/Le-quai-de-Ouistreham-1.jpg\",\"width\":364,\"height\":600},{\"@type\":\"BreadcrumbList\",\"@id\":\"https:\\\/\\\/surbooke.fr\\\/wordpress\\\/2021\\\/04\\\/26\\\/le-quai-de-ouistreham-florence-aubenas-editions-de-lolivier\\\/#breadcrumb\",\"itemListElement\":[{\"@type\":\"ListItem\",\"position\":1,\"name\":\"Accueil\",\"item\":\"https:\\\/\\\/surbooke.fr\\\/wordpress\\\/\"},{\"@type\":\"ListItem\",\"position\":2,\"name\":\"Le quai de Ouistreham, Florence Aubenas, \u00c9ditions de l&#8217;Olivier\"}]},{\"@type\":\"WebSite\",\"@id\":\"https:\\\/\\\/surbooke.fr\\\/wordpress\\\/#website\",\"url\":\"https:\\\/\\\/surbooke.fr\\\/wordpress\\\/\",\"name\":\"Surbook\u00e9\",\"description\":\"Le blog de Laurent Bisault\",\"potentialAction\":[{\"@type\":\"SearchAction\",\"target\":{\"@type\":\"EntryPoint\",\"urlTemplate\":\"https:\\\/\\\/surbooke.fr\\\/wordpress\\\/?s={search_term_string}\"},\"query-input\":{\"@type\":\"PropertyValueSpecification\",\"valueRequired\":true,\"valueName\":\"search_term_string\"}}],\"inLanguage\":\"fr-FR\"},{\"@type\":\"Person\",\"@id\":\"https:\\\/\\\/surbooke.fr\\\/wordpress\\\/#\\\/schema\\\/person\\\/9c6be4d35203c76182c56b0e974807c6\",\"name\":\"Laurent Bisault\",\"image\":{\"@type\":\"ImageObject\",\"inLanguage\":\"fr-FR\",\"@id\":\"https:\\\/\\\/secure.gravatar.com\\\/avatar\\\/3bcd2efdfc3a3e416bea3223d3dfcd7f8845e2ca0669671d0c7ed8e84e97bfc4?s=96&d=mm&r=g\",\"url\":\"https:\\\/\\\/secure.gravatar.com\\\/avatar\\\/3bcd2efdfc3a3e416bea3223d3dfcd7f8845e2ca0669671d0c7ed8e84e97bfc4?s=96&d=mm&r=g\",\"contentUrl\":\"https:\\\/\\\/secure.gravatar.com\\\/avatar\\\/3bcd2efdfc3a3e416bea3223d3dfcd7f8845e2ca0669671d0c7ed8e84e97bfc4?s=96&d=mm&r=g\",\"caption\":\"Laurent Bisault\"},\"sameAs\":[\"https:\\\/\\\/surbooke.fr\\\/wordpress\\\/\",\"https:\\\/\\\/x.com\\\/LaurentBisault\"],\"url\":\"https:\\\/\\\/surbooke.fr\\\/wordpress\\\/author\\\/surbooke\\\/\"}]}<\/script>\n<!-- \/ Yoast SEO plugin. -->","yoast_head_json":{"title":"Le quai de Ouistreham, Florence Aubenas, \u00c9ditions de l'Olivier - Surbook\u00e9","robots":{"index":"index","follow":"follow","max-snippet":"max-snippet:-1","max-image-preview":"max-image-preview:large","max-video-preview":"max-video-preview:-1"},"canonical":"https:\/\/surbooke.fr\/wordpress\/2021\/04\/26\/le-quai-de-ouistreham-florence-aubenas-editions-de-lolivier\/","og_locale":"fr_FR","og_type":"article","og_title":"Le quai de Ouistreham, Florence Aubenas, \u00c9ditions de l'Olivier - Surbook\u00e9","og_description":"C&rsquo;est une femme que l&rsquo;on voit toujours jeune tant elle incarne le dynamisme. Florence Aubenas, longtemps journaliste \u00e0 Lib\u00e9, un temps \u00e0 L&rsquo;Obs puis au Monde depuis 2012, est autant r\u00e9put\u00e9e pour ses reportages que pour les bouquins qu&rsquo;elle en a tir\u00e9. \u00c9galement appr\u00e9ci\u00e9e pour son traitement des faits divers que pour ses reportages de [&hellip;]","og_url":"https:\/\/surbooke.fr\/wordpress\/2021\/04\/26\/le-quai-de-ouistreham-florence-aubenas-editions-de-lolivier\/","og_site_name":"Surbook\u00e9","article_published_time":"2021-04-26T05:32:40+00:00","article_modified_time":"2022-07-06T20:03:43+00:00","og_image":[{"width":364,"height":600,"url":"https:\/\/surbooke.fr\/wordpress\/wp-content\/uploads\/2021\/04\/Le-quai-de-Ouistreham-1.jpg","type":"image\/jpeg"}],"author":"Laurent Bisault","twitter_card":"summary_large_image","twitter_creator":"@LaurentBisault","twitter_misc":{"\u00c9crit par":"Laurent Bisault","Dur\u00e9e de lecture estim\u00e9e":"6 minutes"},"schema":{"@context":"https:\/\/schema.org","@graph":[{"@type":"Article","@id":"https:\/\/surbooke.fr\/wordpress\/2021\/04\/26\/le-quai-de-ouistreham-florence-aubenas-editions-de-lolivier\/#article","isPartOf":{"@id":"https:\/\/surbooke.fr\/wordpress\/2021\/04\/26\/le-quai-de-ouistreham-florence-aubenas-editions-de-lolivier\/"},"author":{"name":"Laurent Bisault","@id":"https:\/\/surbooke.fr\/wordpress\/#\/schema\/person\/9c6be4d35203c76182c56b0e974807c6"},"headline":"Le quai de Ouistreham, Florence Aubenas, \u00c9ditions de l&rsquo;Olivier","datePublished":"2021-04-26T05:32:40+00:00","dateModified":"2022-07-06T20:03:43+00:00","mainEntityOfPage":{"@id":"https:\/\/surbooke.fr\/wordpress\/2021\/04\/26\/le-quai-de-ouistreham-florence-aubenas-editions-de-lolivier\/"},"wordCount":1298,"commentCount":2,"image":{"@id":"https:\/\/surbooke.fr\/wordpress\/2021\/04\/26\/le-quai-de-ouistreham-florence-aubenas-editions-de-lolivier\/#primaryimage"},"thumbnailUrl":"https:\/\/surbooke.fr\/wordpress\/wp-content\/uploads\/2021\/04\/Le-quai-de-Ouistreham-1.jpg","keywords":["L&#039;Olivier"],"articleSection":["roman fran\u00e7ais \ud83c\uddeb\ud83c\uddf7","sociologie","\ud83e\udd0d"],"inLanguage":"fr-FR","potentialAction":[{"@type":"CommentAction","name":"Comment","target":["https:\/\/surbooke.fr\/wordpress\/2021\/04\/26\/le-quai-de-ouistreham-florence-aubenas-editions-de-lolivier\/#respond"]}]},{"@type":"WebPage","@id":"https:\/\/surbooke.fr\/wordpress\/2021\/04\/26\/le-quai-de-ouistreham-florence-aubenas-editions-de-lolivier\/","url":"https:\/\/surbooke.fr\/wordpress\/2021\/04\/26\/le-quai-de-ouistreham-florence-aubenas-editions-de-lolivier\/","name":"Le quai de Ouistreham, Florence Aubenas, \u00c9ditions de l'Olivier - Surbook\u00e9","isPartOf":{"@id":"https:\/\/surbooke.fr\/wordpress\/#website"},"primaryImageOfPage":{"@id":"https:\/\/surbooke.fr\/wordpress\/2021\/04\/26\/le-quai-de-ouistreham-florence-aubenas-editions-de-lolivier\/#primaryimage"},"image":{"@id":"https:\/\/surbooke.fr\/wordpress\/2021\/04\/26\/le-quai-de-ouistreham-florence-aubenas-editions-de-lolivier\/#primaryimage"},"thumbnailUrl":"https:\/\/surbooke.fr\/wordpress\/wp-content\/uploads\/2021\/04\/Le-quai-de-Ouistreham-1.jpg","datePublished":"2021-04-26T05:32:40+00:00","dateModified":"2022-07-06T20:03:43+00:00","author":{"@id":"https:\/\/surbooke.fr\/wordpress\/#\/schema\/person\/9c6be4d35203c76182c56b0e974807c6"},"breadcrumb":{"@id":"https:\/\/surbooke.fr\/wordpress\/2021\/04\/26\/le-quai-de-ouistreham-florence-aubenas-editions-de-lolivier\/#breadcrumb"},"inLanguage":"fr-FR","potentialAction":[{"@type":"ReadAction","target":["https:\/\/surbooke.fr\/wordpress\/2021\/04\/26\/le-quai-de-ouistreham-florence-aubenas-editions-de-lolivier\/"]}]},{"@type":"ImageObject","inLanguage":"fr-FR","@id":"https:\/\/surbooke.fr\/wordpress\/2021\/04\/26\/le-quai-de-ouistreham-florence-aubenas-editions-de-lolivier\/#primaryimage","url":"https:\/\/surbooke.fr\/wordpress\/wp-content\/uploads\/2021\/04\/Le-quai-de-Ouistreham-1.jpg","contentUrl":"https:\/\/surbooke.fr\/wordpress\/wp-content\/uploads\/2021\/04\/Le-quai-de-Ouistreham-1.jpg","width":364,"height":600},{"@type":"BreadcrumbList","@id":"https:\/\/surbooke.fr\/wordpress\/2021\/04\/26\/le-quai-de-ouistreham-florence-aubenas-editions-de-lolivier\/#breadcrumb","itemListElement":[{"@type":"ListItem","position":1,"name":"Accueil","item":"https:\/\/surbooke.fr\/wordpress\/"},{"@type":"ListItem","position":2,"name":"Le quai de Ouistreham, Florence Aubenas, \u00c9ditions de l&#8217;Olivier"}]},{"@type":"WebSite","@id":"https:\/\/surbooke.fr\/wordpress\/#website","url":"https:\/\/surbooke.fr\/wordpress\/","name":"Surbook\u00e9","description":"Le blog de Laurent Bisault","potentialAction":[{"@type":"SearchAction","target":{"@type":"EntryPoint","urlTemplate":"https:\/\/surbooke.fr\/wordpress\/?s={search_term_string}"},"query-input":{"@type":"PropertyValueSpecification","valueRequired":true,"valueName":"search_term_string"}}],"inLanguage":"fr-FR"},{"@type":"Person","@id":"https:\/\/surbooke.fr\/wordpress\/#\/schema\/person\/9c6be4d35203c76182c56b0e974807c6","name":"Laurent Bisault","image":{"@type":"ImageObject","inLanguage":"fr-FR","@id":"https:\/\/secure.gravatar.com\/avatar\/3bcd2efdfc3a3e416bea3223d3dfcd7f8845e2ca0669671d0c7ed8e84e97bfc4?s=96&d=mm&r=g","url":"https:\/\/secure.gravatar.com\/avatar\/3bcd2efdfc3a3e416bea3223d3dfcd7f8845e2ca0669671d0c7ed8e84e97bfc4?s=96&d=mm&r=g","contentUrl":"https:\/\/secure.gravatar.com\/avatar\/3bcd2efdfc3a3e416bea3223d3dfcd7f8845e2ca0669671d0c7ed8e84e97bfc4?s=96&d=mm&r=g","caption":"Laurent Bisault"},"sameAs":["https:\/\/surbooke.fr\/wordpress\/","https:\/\/x.com\/LaurentBisault"],"url":"https:\/\/surbooke.fr\/wordpress\/author\/surbooke\/"}]}},"_links":{"self":[{"href":"https:\/\/surbooke.fr\/wordpress\/wp-json\/wp\/v2\/posts\/8082","targetHints":{"allow":["GET"]}}],"collection":[{"href":"https:\/\/surbooke.fr\/wordpress\/wp-json\/wp\/v2\/posts"}],"about":[{"href":"https:\/\/surbooke.fr\/wordpress\/wp-json\/wp\/v2\/types\/post"}],"author":[{"embeddable":true,"href":"https:\/\/surbooke.fr\/wordpress\/wp-json\/wp\/v2\/users\/8"}],"replies":[{"embeddable":true,"href":"https:\/\/surbooke.fr\/wordpress\/wp-json\/wp\/v2\/comments?post=8082"}],"version-history":[{"count":0,"href":"https:\/\/surbooke.fr\/wordpress\/wp-json\/wp\/v2\/posts\/8082\/revisions"}],"wp:featuredmedia":[{"embeddable":true,"href":"https:\/\/surbooke.fr\/wordpress\/wp-json\/wp\/v2\/media\/18488"}],"wp:attachment":[{"href":"https:\/\/surbooke.fr\/wordpress\/wp-json\/wp\/v2\/media?parent=8082"}],"wp:term":[{"taxonomy":"category","embeddable":true,"href":"https:\/\/surbooke.fr\/wordpress\/wp-json\/wp\/v2\/categories?post=8082"},{"taxonomy":"post_tag","embeddable":true,"href":"https:\/\/surbooke.fr\/wordpress\/wp-json\/wp\/v2\/tags?post=8082"}],"curies":[{"name":"wp","href":"https:\/\/api.w.org\/{rel}","templated":true}]}}