{"id":810,"date":"2018-02-02T19:45:07","date_gmt":"2018-02-02T18:45:07","guid":{"rendered":"http:\/\/surbooke.fr\/wordpress\/?p=810"},"modified":"2022-07-29T14:22:35","modified_gmt":"2022-07-29T12:22:35","slug":"le-garcon-sauvage-paolo-cognetti-editions-10-18","status":"publish","type":"post","link":"https:\/\/surbooke.fr\/wordpress\/2018\/02\/02\/le-garcon-sauvage-paolo-cognetti-editions-10-18\/","title":{"rendered":"Le gar\u00e7on sauvage, Paolo Cognetti, \u00c9ditions 10\/18"},"content":{"rendered":"\n<p><strong>C&rsquo;est un petit livre rafra\u00eechissant<\/strong> qui va vous emmener passer du printemps \u00e0 l&rsquo;automne dans les montagnes. Haut, tr\u00e8s haut, \u00e0 plus de 2&nbsp;000 m\u00e8tres dans le Val d&rsquo;Aoste. Paolo Cognetti y raconte son s\u00e9jour, lui qui a fui Milan pour se ressourcer o\u00f9 il a pass\u00e9 son enfance. Peut-\u00eatre m\u00eame pour recommencer \u00e0 \u00e9crire. Mais de sa qu\u00eate d&rsquo;\u00e9criture, Cognetti n&rsquo;en parle gu\u00e8re. Il raconte davantage sa vie dans les alpages, sa recherche de la nature, son attirance pour les animaux et pour les paysages. Il nous parle de sa baita, le chalet dont il prend possession avec son odeur de bois et de r\u00e9sine. Il lit, notamment Rigoni Stern, un autre \u00e9crivain montagnard. Mais c\u00f4t\u00e9 Dolomites. Il coupe du bois quand il lui faut d\u00e9biter un m\u00e9l\u00e8ze abattu par la foudre. Il en profite pour nous expliquer les caract\u00e9ristiques des diff\u00e9rentes essences. Il fait la vaisselle dehors sous le regard des marmottes. Paolo Cognetti envisage de cultiver un potager, mais que faire pousser \u00e0 une telle altitude ? Des l\u00e9gumes \u00e0 feuilles comme les salades ou les \u00e9pinards. Peut-\u00eatre des carottes. Cognetti aime cuisiner. Quand il se pr\u00e9pare des tagliatelles vertes, ce n&rsquo;est pas en achetant son paquet de Barilla. Il ramasse des t\u00eates d&rsquo;orties, les hache avant de les m\u00e9langer \u00e0 la farine. Cognetti nous raconte surtout ses rencontres car ce sont les hommes qui comptent. Ce sont eux qui ont fa\u00e7onn\u00e9 ces paysages. En juin, il voit arriver les bergers et leurs vaches. Il se d\u00e9lecte de les voir g\u00e9rer l&rsquo;herbe avec l&rsquo;aide de leurs chiens. D\u00e9pla\u00e7ant chaque jour les piquets pour rationner la p\u00e2ture. Parce que \u00e7a mange une pie rouge pour produire du lait qui part chaque soir \u00e0 la fromagerie. Avec l&rsquo;arriv\u00e9e de l&rsquo;automne, les stalactites apparaissent \u00e0 la fontaine. Il est temps de pr\u00e9parer la baita pour l&rsquo;hiver et de partir.<\/p>\n","protected":false},"excerpt":{"rendered":"<p>C&rsquo;est un petit livre rafra\u00eechissant qui va vous emmener passer du printemps \u00e0 l&rsquo;automne dans les montagnes. Haut, tr\u00e8s haut, \u00e0 plus de 2&nbsp;000 m\u00e8tres dans le Val d&rsquo;Aoste. Paolo Cognetti y raconte son s\u00e9jour, lui qui a fui Milan pour se ressourcer o\u00f9 il a pass\u00e9 son enfance. Peut-\u00eatre m\u00eame pour recommencer \u00e0 \u00e9crire. [&hellip;]<\/p>\n","protected":false},"author":8,"featured_media":19363,"comment_status":"open","ping_status":"open","sticky":false,"template":"","format":"standard","meta":{"footnotes":""},"categories":[22],"tags":[125],"class_list":["post-810","post","type-post","status-publish","format-standard","has-post-thumbnail","hentry","category-ail-et-parmesan","tag-10-18"],"yoast_head":"<!-- This site is optimized with the Yoast SEO plugin v27.4 - https:\/\/yoast.com\/product\/yoast-seo-wordpress\/ -->\n<title>Le gar\u00e7on sauvage, Paolo Cognetti, \u00c9ditions 10\/18 - Surbook\u00e9<\/title>\n<meta name=\"robots\" content=\"index, follow, max-snippet:-1, max-image-preview:large, max-video-preview:-1\" \/>\n<link rel=\"canonical\" href=\"https:\/\/surbooke.fr\/wordpress\/2018\/02\/02\/le-garcon-sauvage-paolo-cognetti-editions-10-18\/\" \/>\n<meta property=\"og:locale\" content=\"fr_FR\" \/>\n<meta property=\"og:type\" content=\"article\" \/>\n<meta property=\"og:title\" content=\"Le gar\u00e7on sauvage, Paolo Cognetti, \u00c9ditions 10\/18 - Surbook\u00e9\" \/>\n<meta property=\"og:description\" content=\"C&rsquo;est un petit livre rafra\u00eechissant qui va vous emmener passer du printemps \u00e0 l&rsquo;automne dans les montagnes. Haut, tr\u00e8s haut, \u00e0 plus de 2&nbsp;000 m\u00e8tres dans le Val d&rsquo;Aoste. Paolo Cognetti y raconte son s\u00e9jour, lui qui a fui Milan pour se ressourcer o\u00f9 il a pass\u00e9 son enfance. Peut-\u00eatre m\u00eame pour recommencer \u00e0 \u00e9crire. [&hellip;]\" \/>\n<meta property=\"og:url\" content=\"https:\/\/surbooke.fr\/wordpress\/2018\/02\/02\/le-garcon-sauvage-paolo-cognetti-editions-10-18\/\" \/>\n<meta property=\"og:site_name\" content=\"Surbook\u00e9\" \/>\n<meta property=\"article:published_time\" content=\"2018-02-02T18:45:07+00:00\" \/>\n<meta property=\"article:modified_time\" content=\"2022-07-29T12:22:35+00:00\" \/>\n<meta property=\"og:image\" content=\"https:\/\/surbooke.fr\/wordpress\/wp-content\/uploads\/2018\/02\/Le-garcon-sauvage.jpg\" \/>\n\t<meta property=\"og:image:width\" content=\"340\" \/>\n\t<meta property=\"og:image:height\" content=\"340\" \/>\n\t<meta property=\"og:image:type\" content=\"image\/jpeg\" \/>\n<meta name=\"author\" content=\"Laurent Bisault\" \/>\n<meta name=\"twitter:card\" content=\"summary_large_image\" \/>\n<meta name=\"twitter:creator\" content=\"@LaurentBisault\" \/>\n<meta name=\"twitter:label1\" content=\"\u00c9crit par\" \/>\n\t<meta name=\"twitter:data1\" content=\"Laurent Bisault\" \/>\n\t<meta name=\"twitter:label2\" content=\"Dur\u00e9e de lecture estim\u00e9e\" \/>\n\t<meta name=\"twitter:data2\" content=\"2 minutes\" \/>\n<script type=\"application\/ld+json\" class=\"yoast-schema-graph\">{\"@context\":\"https:\\\/\\\/schema.org\",\"@graph\":[{\"@type\":\"Article\",\"@id\":\"https:\\\/\\\/surbooke.fr\\\/wordpress\\\/2018\\\/02\\\/02\\\/le-garcon-sauvage-paolo-cognetti-editions-10-18\\\/#article\",\"isPartOf\":{\"@id\":\"https:\\\/\\\/surbooke.fr\\\/wordpress\\\/2018\\\/02\\\/02\\\/le-garcon-sauvage-paolo-cognetti-editions-10-18\\\/\"},\"author\":{\"name\":\"Laurent Bisault\",\"@id\":\"https:\\\/\\\/surbooke.fr\\\/wordpress\\\/#\\\/schema\\\/person\\\/9c6be4d35203c76182c56b0e974807c6\"},\"headline\":\"Le gar\u00e7on sauvage, Paolo Cognetti, \u00c9ditions 10\\\/18\",\"datePublished\":\"2018-02-02T18:45:07+00:00\",\"dateModified\":\"2022-07-29T12:22:35+00:00\",\"mainEntityOfPage\":{\"@id\":\"https:\\\/\\\/surbooke.fr\\\/wordpress\\\/2018\\\/02\\\/02\\\/le-garcon-sauvage-paolo-cognetti-editions-10-18\\\/\"},\"wordCount\":347,\"commentCount\":0,\"image\":{\"@id\":\"https:\\\/\\\/surbooke.fr\\\/wordpress\\\/2018\\\/02\\\/02\\\/le-garcon-sauvage-paolo-cognetti-editions-10-18\\\/#primaryimage\"},\"thumbnailUrl\":\"https:\\\/\\\/surbooke.fr\\\/wordpress\\\/wp-content\\\/uploads\\\/2018\\\/02\\\/Le-garcon-sauvage.jpg\",\"keywords\":[\"10\\\/18\"],\"articleSection\":[\"ail et parmesan \ud83c\uddee\ud83c\uddf9\"],\"inLanguage\":\"fr-FR\",\"potentialAction\":[{\"@type\":\"CommentAction\",\"name\":\"Comment\",\"target\":[\"https:\\\/\\\/surbooke.fr\\\/wordpress\\\/2018\\\/02\\\/02\\\/le-garcon-sauvage-paolo-cognetti-editions-10-18\\\/#respond\"]}]},{\"@type\":\"WebPage\",\"@id\":\"https:\\\/\\\/surbooke.fr\\\/wordpress\\\/2018\\\/02\\\/02\\\/le-garcon-sauvage-paolo-cognetti-editions-10-18\\\/\",\"url\":\"https:\\\/\\\/surbooke.fr\\\/wordpress\\\/2018\\\/02\\\/02\\\/le-garcon-sauvage-paolo-cognetti-editions-10-18\\\/\",\"name\":\"Le gar\u00e7on sauvage, Paolo Cognetti, \u00c9ditions 10\\\/18 - Surbook\u00e9\",\"isPartOf\":{\"@id\":\"https:\\\/\\\/surbooke.fr\\\/wordpress\\\/#website\"},\"primaryImageOfPage\":{\"@id\":\"https:\\\/\\\/surbooke.fr\\\/wordpress\\\/2018\\\/02\\\/02\\\/le-garcon-sauvage-paolo-cognetti-editions-10-18\\\/#primaryimage\"},\"image\":{\"@id\":\"https:\\\/\\\/surbooke.fr\\\/wordpress\\\/2018\\\/02\\\/02\\\/le-garcon-sauvage-paolo-cognetti-editions-10-18\\\/#primaryimage\"},\"thumbnailUrl\":\"https:\\\/\\\/surbooke.fr\\\/wordpress\\\/wp-content\\\/uploads\\\/2018\\\/02\\\/Le-garcon-sauvage.jpg\",\"datePublished\":\"2018-02-02T18:45:07+00:00\",\"dateModified\":\"2022-07-29T12:22:35+00:00\",\"author\":{\"@id\":\"https:\\\/\\\/surbooke.fr\\\/wordpress\\\/#\\\/schema\\\/person\\\/9c6be4d35203c76182c56b0e974807c6\"},\"breadcrumb\":{\"@id\":\"https:\\\/\\\/surbooke.fr\\\/wordpress\\\/2018\\\/02\\\/02\\\/le-garcon-sauvage-paolo-cognetti-editions-10-18\\\/#breadcrumb\"},\"inLanguage\":\"fr-FR\",\"potentialAction\":[{\"@type\":\"ReadAction\",\"target\":[\"https:\\\/\\\/surbooke.fr\\\/wordpress\\\/2018\\\/02\\\/02\\\/le-garcon-sauvage-paolo-cognetti-editions-10-18\\\/\"]}]},{\"@type\":\"ImageObject\",\"inLanguage\":\"fr-FR\",\"@id\":\"https:\\\/\\\/surbooke.fr\\\/wordpress\\\/2018\\\/02\\\/02\\\/le-garcon-sauvage-paolo-cognetti-editions-10-18\\\/#primaryimage\",\"url\":\"https:\\\/\\\/surbooke.fr\\\/wordpress\\\/wp-content\\\/uploads\\\/2018\\\/02\\\/Le-garcon-sauvage.jpg\",\"contentUrl\":\"https:\\\/\\\/surbooke.fr\\\/wordpress\\\/wp-content\\\/uploads\\\/2018\\\/02\\\/Le-garcon-sauvage.jpg\",\"width\":340,\"height\":340},{\"@type\":\"BreadcrumbList\",\"@id\":\"https:\\\/\\\/surbooke.fr\\\/wordpress\\\/2018\\\/02\\\/02\\\/le-garcon-sauvage-paolo-cognetti-editions-10-18\\\/#breadcrumb\",\"itemListElement\":[{\"@type\":\"ListItem\",\"position\":1,\"name\":\"Accueil\",\"item\":\"https:\\\/\\\/surbooke.fr\\\/wordpress\\\/\"},{\"@type\":\"ListItem\",\"position\":2,\"name\":\"Le gar\u00e7on sauvage, Paolo Cognetti, \u00c9ditions 10\\\/18\"}]},{\"@type\":\"WebSite\",\"@id\":\"https:\\\/\\\/surbooke.fr\\\/wordpress\\\/#website\",\"url\":\"https:\\\/\\\/surbooke.fr\\\/wordpress\\\/\",\"name\":\"Surbook\u00e9\",\"description\":\"Le blog de Laurent Bisault\",\"potentialAction\":[{\"@type\":\"SearchAction\",\"target\":{\"@type\":\"EntryPoint\",\"urlTemplate\":\"https:\\\/\\\/surbooke.fr\\\/wordpress\\\/?s={search_term_string}\"},\"query-input\":{\"@type\":\"PropertyValueSpecification\",\"valueRequired\":true,\"valueName\":\"search_term_string\"}}],\"inLanguage\":\"fr-FR\"},{\"@type\":\"Person\",\"@id\":\"https:\\\/\\\/surbooke.fr\\\/wordpress\\\/#\\\/schema\\\/person\\\/9c6be4d35203c76182c56b0e974807c6\",\"name\":\"Laurent Bisault\",\"image\":{\"@type\":\"ImageObject\",\"inLanguage\":\"fr-FR\",\"@id\":\"https:\\\/\\\/secure.gravatar.com\\\/avatar\\\/3bcd2efdfc3a3e416bea3223d3dfcd7f8845e2ca0669671d0c7ed8e84e97bfc4?s=96&d=mm&r=g\",\"url\":\"https:\\\/\\\/secure.gravatar.com\\\/avatar\\\/3bcd2efdfc3a3e416bea3223d3dfcd7f8845e2ca0669671d0c7ed8e84e97bfc4?s=96&d=mm&r=g\",\"contentUrl\":\"https:\\\/\\\/secure.gravatar.com\\\/avatar\\\/3bcd2efdfc3a3e416bea3223d3dfcd7f8845e2ca0669671d0c7ed8e84e97bfc4?s=96&d=mm&r=g\",\"caption\":\"Laurent Bisault\"},\"sameAs\":[\"https:\\\/\\\/surbooke.fr\\\/wordpress\\\/\",\"https:\\\/\\\/x.com\\\/LaurentBisault\"],\"url\":\"https:\\\/\\\/surbooke.fr\\\/wordpress\\\/author\\\/surbooke\\\/\"}]}<\/script>\n<!-- \/ Yoast SEO plugin. -->","yoast_head_json":{"title":"Le gar\u00e7on sauvage, Paolo Cognetti, \u00c9ditions 10\/18 - Surbook\u00e9","robots":{"index":"index","follow":"follow","max-snippet":"max-snippet:-1","max-image-preview":"max-image-preview:large","max-video-preview":"max-video-preview:-1"},"canonical":"https:\/\/surbooke.fr\/wordpress\/2018\/02\/02\/le-garcon-sauvage-paolo-cognetti-editions-10-18\/","og_locale":"fr_FR","og_type":"article","og_title":"Le gar\u00e7on sauvage, Paolo Cognetti, \u00c9ditions 10\/18 - Surbook\u00e9","og_description":"C&rsquo;est un petit livre rafra\u00eechissant qui va vous emmener passer du printemps \u00e0 l&rsquo;automne dans les montagnes. Haut, tr\u00e8s haut, \u00e0 plus de 2&nbsp;000 m\u00e8tres dans le Val d&rsquo;Aoste. Paolo Cognetti y raconte son s\u00e9jour, lui qui a fui Milan pour se ressourcer o\u00f9 il a pass\u00e9 son enfance. Peut-\u00eatre m\u00eame pour recommencer \u00e0 \u00e9crire. [&hellip;]","og_url":"https:\/\/surbooke.fr\/wordpress\/2018\/02\/02\/le-garcon-sauvage-paolo-cognetti-editions-10-18\/","og_site_name":"Surbook\u00e9","article_published_time":"2018-02-02T18:45:07+00:00","article_modified_time":"2022-07-29T12:22:35+00:00","og_image":[{"width":340,"height":340,"url":"https:\/\/surbooke.fr\/wordpress\/wp-content\/uploads\/2018\/02\/Le-garcon-sauvage.jpg","type":"image\/jpeg"}],"author":"Laurent Bisault","twitter_card":"summary_large_image","twitter_creator":"@LaurentBisault","twitter_misc":{"\u00c9crit par":"Laurent Bisault","Dur\u00e9e de lecture estim\u00e9e":"2 minutes"},"schema":{"@context":"https:\/\/schema.org","@graph":[{"@type":"Article","@id":"https:\/\/surbooke.fr\/wordpress\/2018\/02\/02\/le-garcon-sauvage-paolo-cognetti-editions-10-18\/#article","isPartOf":{"@id":"https:\/\/surbooke.fr\/wordpress\/2018\/02\/02\/le-garcon-sauvage-paolo-cognetti-editions-10-18\/"},"author":{"name":"Laurent Bisault","@id":"https:\/\/surbooke.fr\/wordpress\/#\/schema\/person\/9c6be4d35203c76182c56b0e974807c6"},"headline":"Le gar\u00e7on sauvage, Paolo Cognetti, \u00c9ditions 10\/18","datePublished":"2018-02-02T18:45:07+00:00","dateModified":"2022-07-29T12:22:35+00:00","mainEntityOfPage":{"@id":"https:\/\/surbooke.fr\/wordpress\/2018\/02\/02\/le-garcon-sauvage-paolo-cognetti-editions-10-18\/"},"wordCount":347,"commentCount":0,"image":{"@id":"https:\/\/surbooke.fr\/wordpress\/2018\/02\/02\/le-garcon-sauvage-paolo-cognetti-editions-10-18\/#primaryimage"},"thumbnailUrl":"https:\/\/surbooke.fr\/wordpress\/wp-content\/uploads\/2018\/02\/Le-garcon-sauvage.jpg","keywords":["10\/18"],"articleSection":["ail et parmesan \ud83c\uddee\ud83c\uddf9"],"inLanguage":"fr-FR","potentialAction":[{"@type":"CommentAction","name":"Comment","target":["https:\/\/surbooke.fr\/wordpress\/2018\/02\/02\/le-garcon-sauvage-paolo-cognetti-editions-10-18\/#respond"]}]},{"@type":"WebPage","@id":"https:\/\/surbooke.fr\/wordpress\/2018\/02\/02\/le-garcon-sauvage-paolo-cognetti-editions-10-18\/","url":"https:\/\/surbooke.fr\/wordpress\/2018\/02\/02\/le-garcon-sauvage-paolo-cognetti-editions-10-18\/","name":"Le gar\u00e7on sauvage, Paolo Cognetti, \u00c9ditions 10\/18 - Surbook\u00e9","isPartOf":{"@id":"https:\/\/surbooke.fr\/wordpress\/#website"},"primaryImageOfPage":{"@id":"https:\/\/surbooke.fr\/wordpress\/2018\/02\/02\/le-garcon-sauvage-paolo-cognetti-editions-10-18\/#primaryimage"},"image":{"@id":"https:\/\/surbooke.fr\/wordpress\/2018\/02\/02\/le-garcon-sauvage-paolo-cognetti-editions-10-18\/#primaryimage"},"thumbnailUrl":"https:\/\/surbooke.fr\/wordpress\/wp-content\/uploads\/2018\/02\/Le-garcon-sauvage.jpg","datePublished":"2018-02-02T18:45:07+00:00","dateModified":"2022-07-29T12:22:35+00:00","author":{"@id":"https:\/\/surbooke.fr\/wordpress\/#\/schema\/person\/9c6be4d35203c76182c56b0e974807c6"},"breadcrumb":{"@id":"https:\/\/surbooke.fr\/wordpress\/2018\/02\/02\/le-garcon-sauvage-paolo-cognetti-editions-10-18\/#breadcrumb"},"inLanguage":"fr-FR","potentialAction":[{"@type":"ReadAction","target":["https:\/\/surbooke.fr\/wordpress\/2018\/02\/02\/le-garcon-sauvage-paolo-cognetti-editions-10-18\/"]}]},{"@type":"ImageObject","inLanguage":"fr-FR","@id":"https:\/\/surbooke.fr\/wordpress\/2018\/02\/02\/le-garcon-sauvage-paolo-cognetti-editions-10-18\/#primaryimage","url":"https:\/\/surbooke.fr\/wordpress\/wp-content\/uploads\/2018\/02\/Le-garcon-sauvage.jpg","contentUrl":"https:\/\/surbooke.fr\/wordpress\/wp-content\/uploads\/2018\/02\/Le-garcon-sauvage.jpg","width":340,"height":340},{"@type":"BreadcrumbList","@id":"https:\/\/surbooke.fr\/wordpress\/2018\/02\/02\/le-garcon-sauvage-paolo-cognetti-editions-10-18\/#breadcrumb","itemListElement":[{"@type":"ListItem","position":1,"name":"Accueil","item":"https:\/\/surbooke.fr\/wordpress\/"},{"@type":"ListItem","position":2,"name":"Le gar\u00e7on sauvage, Paolo Cognetti, \u00c9ditions 10\/18"}]},{"@type":"WebSite","@id":"https:\/\/surbooke.fr\/wordpress\/#website","url":"https:\/\/surbooke.fr\/wordpress\/","name":"Surbook\u00e9","description":"Le blog de Laurent Bisault","potentialAction":[{"@type":"SearchAction","target":{"@type":"EntryPoint","urlTemplate":"https:\/\/surbooke.fr\/wordpress\/?s={search_term_string}"},"query-input":{"@type":"PropertyValueSpecification","valueRequired":true,"valueName":"search_term_string"}}],"inLanguage":"fr-FR"},{"@type":"Person","@id":"https:\/\/surbooke.fr\/wordpress\/#\/schema\/person\/9c6be4d35203c76182c56b0e974807c6","name":"Laurent Bisault","image":{"@type":"ImageObject","inLanguage":"fr-FR","@id":"https:\/\/secure.gravatar.com\/avatar\/3bcd2efdfc3a3e416bea3223d3dfcd7f8845e2ca0669671d0c7ed8e84e97bfc4?s=96&d=mm&r=g","url":"https:\/\/secure.gravatar.com\/avatar\/3bcd2efdfc3a3e416bea3223d3dfcd7f8845e2ca0669671d0c7ed8e84e97bfc4?s=96&d=mm&r=g","contentUrl":"https:\/\/secure.gravatar.com\/avatar\/3bcd2efdfc3a3e416bea3223d3dfcd7f8845e2ca0669671d0c7ed8e84e97bfc4?s=96&d=mm&r=g","caption":"Laurent Bisault"},"sameAs":["https:\/\/surbooke.fr\/wordpress\/","https:\/\/x.com\/LaurentBisault"],"url":"https:\/\/surbooke.fr\/wordpress\/author\/surbooke\/"}]}},"_links":{"self":[{"href":"https:\/\/surbooke.fr\/wordpress\/wp-json\/wp\/v2\/posts\/810","targetHints":{"allow":["GET"]}}],"collection":[{"href":"https:\/\/surbooke.fr\/wordpress\/wp-json\/wp\/v2\/posts"}],"about":[{"href":"https:\/\/surbooke.fr\/wordpress\/wp-json\/wp\/v2\/types\/post"}],"author":[{"embeddable":true,"href":"https:\/\/surbooke.fr\/wordpress\/wp-json\/wp\/v2\/users\/8"}],"replies":[{"embeddable":true,"href":"https:\/\/surbooke.fr\/wordpress\/wp-json\/wp\/v2\/comments?post=810"}],"version-history":[{"count":0,"href":"https:\/\/surbooke.fr\/wordpress\/wp-json\/wp\/v2\/posts\/810\/revisions"}],"wp:featuredmedia":[{"embeddable":true,"href":"https:\/\/surbooke.fr\/wordpress\/wp-json\/wp\/v2\/media\/19363"}],"wp:attachment":[{"href":"https:\/\/surbooke.fr\/wordpress\/wp-json\/wp\/v2\/media?parent=810"}],"wp:term":[{"taxonomy":"category","embeddable":true,"href":"https:\/\/surbooke.fr\/wordpress\/wp-json\/wp\/v2\/categories?post=810"},{"taxonomy":"post_tag","embeddable":true,"href":"https:\/\/surbooke.fr\/wordpress\/wp-json\/wp\/v2\/tags?post=810"}],"curies":[{"name":"wp","href":"https:\/\/api.w.org\/{rel}","templated":true}]}}