{"id":813,"date":"2018-02-03T19:46:38","date_gmt":"2018-02-03T18:46:38","guid":{"rendered":"http:\/\/surbooke.fr\/wordpress\/?p=813"},"modified":"2022-07-29T14:21:12","modified_gmt":"2022-07-29T12:21:12","slug":"les-huit-montagnes-paolo-cognetti-editions-stock","status":"publish","type":"post","link":"https:\/\/surbooke.fr\/wordpress\/2018\/02\/03\/les-huit-montagnes-paolo-cognetti-editions-stock\/","title":{"rendered":"Les huit montagnes, Paolo Cognetti, \u00c9ditions Stock"},"content":{"rendered":"\n<p><strong>Quatre ans plus tard<\/strong>, Paolo Cognetti remet \u00e7a. Mais dans une forme plus \u00e9labor\u00e9e, un roman et non plus des carnets de montagne. Un roman qui vient d&rsquo;obtenir le prix M\u00e9dicis \u00e9tranger. Un roman magnifique qui nous raconte l&rsquo;amiti\u00e9 de Pietro et de Bruno, les rapports entre un fils et son p\u00e8re. Et qui nous offre le portrait d&rsquo;une m\u00e8re comme on vous en souhaite tous. Les deux enfants se rencontrent dans le petit village de Grana dans le Val d&rsquo;Aoste. Pietro vient de Milan et arrive avec ses parents pour profiter de la montagne l&rsquo;\u00e9t\u00e9. Sa famille n&rsquo;a d&rsquo;autres attaches lombardes que celle du travail car ils viennent de V\u00e9n\u00e9tie et se sont initi\u00e9s \u00e0 l&rsquo;altitude dans les Dolomites. On d\u00e9couvrira en cours de lecture les raisons de leur d\u00e9part. La m\u00e8re de Pietro est assistante sociale. Son p\u00e8re chimiste \u00e9touffe dans son logement milanais au point de hurler l&rsquo;\u00e9t\u00e9 quand le bruit l&rsquo;envahit. L&rsquo;installation estivale \u00e0 Grana permet au p\u00e8re de renouer avec sa passion : gravir le plus vite possible les sommets. Il n&rsquo;a d&rsquo;ailleurs de cesse de vouloir y emmener son fils. D&rsquo;abord dans les alpages vers 2&nbsp;000 m\u00e8tres puis \u00e0 3 000 et m\u00eame 4 000 m\u00e8tres d&rsquo;altitude. Pas forc\u00e9ment une bonne id\u00e9e car Pietro est pris de naus\u00e9e quand il suit son p\u00e8re dans ses courses. La montagne qu&rsquo;appr\u00e9cie Pietro, c&rsquo;est celle que lui fait d\u00e9couvrir Bruno. Dans le village d&rsquo;abord mais aussi au bord de la rivi\u00e8re et dans la for\u00eat. Le petit berger a toute latitude pour initier son ami car sa m\u00e8re qui ne parle quasiment pas ne s&rsquo;occupe pas de lui. Et son p\u00e8re, ma\u00e7on, ne vit pas sur place. Son destin est d\u00e9j\u00e0 trac\u00e9 : il sera \u00e9leveur comme son oncle qui l&rsquo;\u00e9l\u00e8ve en l&rsquo;absence de son p\u00e8re ou alors ma\u00e7on. Il a d&rsquo;ailleurs arr\u00eat\u00e9 l&rsquo;\u00e9cole \u00e0 onze ans. Il la reprend pourtant sous l&rsquo;influence de la m\u00e8re de Pietro qui le prend sous sa coupe. Bruno obtient ainsi le brevet. Quand il est question de l&#8217;emmener \u00e0 Milan pour qu&rsquo;il \u00e9tudie dans un lyc\u00e9e professionnel, les choses se g\u00e2tent. L&rsquo;oncle n&rsquo;y voit aucun inconv\u00e9nient puisque les parents de Pietro s&rsquo;engagent \u00e0 tout payer. Mais le p\u00e8re de Bruno refait son apparition et affirme son refus \u00e0 coups de poing. Fin du premier \u00e9pisode. On retrouve Pietro d\u00e9sormais \u00e2g\u00e9 de trente et un ans. Son p\u00e8re vient de mourir d&rsquo;une crise cardiaque pour avoir v\u00e9cu trop rapidement dans sa vie professionnelle comme il le faisait en montagne. Pietro revient \u00e0 Grana pour prendre possession de la b\u00e2tisse que lui a l\u00e9gu\u00e9 son p\u00e8re. Il y retrouve Bruno. La nouvelle maison de Pietro n&rsquo;est qu&rsquo;une ruine dans les alpages, parfaitement inhabitable. Mais elle est le lien qui le relie \u00e0 son p\u00e8re. Bruno propose de la restaurer pendant l&rsquo;\u00e9t\u00e9. Quasi gratuitement car Pietro n&rsquo;a pas de revenus r\u00e9guliers. Il vivote de ses voyages comme cin\u00e9aste dans l&rsquo;Himalaya. Le chantier consolide l&rsquo;amiti\u00e9 des deux hommes. Bruno dort sur place et Pietro assure le transport des mat\u00e9riaux depuis Grana \u00e0 l&rsquo;aide d&rsquo;une mule. La r\u00e9ussite de l&rsquo;op\u00e9ration convainc Bruno de sa capacit\u00e9 \u00e0 construire son exploitation non loin de la maison de Pietro. Il s&rsquo;y installe avec son cheptel de vaches au prix d&rsquo;un gros emprunt. Le pari est audacieux, mais c&rsquo;est l\u00e0 et ainsi qu&rsquo;il souhaite vivre. La m\u00e8re de Pietro n&rsquo;a pas quitt\u00e9 la r\u00e9gion apr\u00e8s la mort de son mari. Elle constitue le p\u00f4le de stabilit\u00e9 entre tous les personnages qui en ont bien besoin. Pour son fils, pour Bruno et sa compagne. Elle se mue aussi en adorable-grand-m\u00e8re capable de monter \u00e0 l&rsquo;alpage pour s&rsquo;occuper de la fille de Bruno. On ne saurait trop vous conseiller de la d\u00e9couvrir par vous-m\u00eame. Vous ne serez pas d\u00e9\u00e7us.<\/p>\n","protected":false},"excerpt":{"rendered":"<p>Quatre ans plus tard, Paolo Cognetti remet \u00e7a. Mais dans une forme plus \u00e9labor\u00e9e, un roman et non plus des carnets de montagne. Un roman qui vient d&rsquo;obtenir le prix M\u00e9dicis \u00e9tranger. Un roman magnifique qui nous raconte l&rsquo;amiti\u00e9 de Pietro et de Bruno, les rapports entre un fils et son p\u00e8re. Et qui nous [&hellip;]<\/p>\n","protected":false},"author":8,"featured_media":19359,"comment_status":"open","ping_status":"open","sticky":false,"template":"","format":"standard","meta":{"footnotes":""},"categories":[22],"tags":[51],"class_list":["post-813","post","type-post","status-publish","format-standard","has-post-thumbnail","hentry","category-ail-et-parmesan","tag-stock"],"yoast_head":"<!-- This site is optimized with the Yoast SEO plugin v27.4 - https:\/\/yoast.com\/product\/yoast-seo-wordpress\/ -->\n<title>Les huit montagnes, Paolo Cognetti, \u00c9ditions Stock - Surbook\u00e9<\/title>\n<meta name=\"robots\" content=\"index, follow, max-snippet:-1, max-image-preview:large, max-video-preview:-1\" \/>\n<link rel=\"canonical\" href=\"https:\/\/surbooke.fr\/wordpress\/2018\/02\/03\/les-huit-montagnes-paolo-cognetti-editions-stock\/\" \/>\n<meta property=\"og:locale\" content=\"fr_FR\" \/>\n<meta property=\"og:type\" content=\"article\" \/>\n<meta property=\"og:title\" content=\"Les huit montagnes, Paolo Cognetti, \u00c9ditions Stock - Surbook\u00e9\" \/>\n<meta property=\"og:description\" content=\"Quatre ans plus tard, Paolo Cognetti remet \u00e7a. Mais dans une forme plus \u00e9labor\u00e9e, un roman et non plus des carnets de montagne. Un roman qui vient d&rsquo;obtenir le prix M\u00e9dicis \u00e9tranger. Un roman magnifique qui nous raconte l&rsquo;amiti\u00e9 de Pietro et de Bruno, les rapports entre un fils et son p\u00e8re. Et qui nous [&hellip;]\" \/>\n<meta property=\"og:url\" content=\"https:\/\/surbooke.fr\/wordpress\/2018\/02\/03\/les-huit-montagnes-paolo-cognetti-editions-stock\/\" \/>\n<meta property=\"og:site_name\" content=\"Surbook\u00e9\" \/>\n<meta property=\"article:published_time\" content=\"2018-02-03T18:46:38+00:00\" \/>\n<meta property=\"article:modified_time\" content=\"2022-07-29T12:21:12+00:00\" \/>\n<meta property=\"og:image\" content=\"https:\/\/surbooke.fr\/wordpress\/wp-content\/uploads\/2018\/02\/les-huit-montagnes.jpg\" \/>\n\t<meta property=\"og:image:width\" content=\"215\" \/>\n\t<meta property=\"og:image:height\" content=\"371\" \/>\n\t<meta property=\"og:image:type\" content=\"image\/jpeg\" \/>\n<meta name=\"author\" content=\"Laurent Bisault\" \/>\n<meta name=\"twitter:card\" content=\"summary_large_image\" \/>\n<meta name=\"twitter:creator\" content=\"@LaurentBisault\" \/>\n<meta name=\"twitter:label1\" content=\"\u00c9crit par\" \/>\n\t<meta name=\"twitter:data1\" content=\"Laurent Bisault\" \/>\n\t<meta name=\"twitter:label2\" content=\"Dur\u00e9e de lecture estim\u00e9e\" \/>\n\t<meta name=\"twitter:data2\" content=\"4 minutes\" \/>\n<script type=\"application\/ld+json\" class=\"yoast-schema-graph\">{\"@context\":\"https:\\\/\\\/schema.org\",\"@graph\":[{\"@type\":\"Article\",\"@id\":\"https:\\\/\\\/surbooke.fr\\\/wordpress\\\/2018\\\/02\\\/03\\\/les-huit-montagnes-paolo-cognetti-editions-stock\\\/#article\",\"isPartOf\":{\"@id\":\"https:\\\/\\\/surbooke.fr\\\/wordpress\\\/2018\\\/02\\\/03\\\/les-huit-montagnes-paolo-cognetti-editions-stock\\\/\"},\"author\":{\"name\":\"Laurent Bisault\",\"@id\":\"https:\\\/\\\/surbooke.fr\\\/wordpress\\\/#\\\/schema\\\/person\\\/9c6be4d35203c76182c56b0e974807c6\"},\"headline\":\"Les huit montagnes, Paolo Cognetti, \u00c9ditions Stock\",\"datePublished\":\"2018-02-03T18:46:38+00:00\",\"dateModified\":\"2022-07-29T12:21:12+00:00\",\"mainEntityOfPage\":{\"@id\":\"https:\\\/\\\/surbooke.fr\\\/wordpress\\\/2018\\\/02\\\/03\\\/les-huit-montagnes-paolo-cognetti-editions-stock\\\/\"},\"wordCount\":719,\"commentCount\":0,\"image\":{\"@id\":\"https:\\\/\\\/surbooke.fr\\\/wordpress\\\/2018\\\/02\\\/03\\\/les-huit-montagnes-paolo-cognetti-editions-stock\\\/#primaryimage\"},\"thumbnailUrl\":\"https:\\\/\\\/surbooke.fr\\\/wordpress\\\/wp-content\\\/uploads\\\/2018\\\/02\\\/les-huit-montagnes.jpg\",\"keywords\":[\"Stock\"],\"articleSection\":[\"ail et parmesan \ud83c\uddee\ud83c\uddf9\"],\"inLanguage\":\"fr-FR\",\"potentialAction\":[{\"@type\":\"CommentAction\",\"name\":\"Comment\",\"target\":[\"https:\\\/\\\/surbooke.fr\\\/wordpress\\\/2018\\\/02\\\/03\\\/les-huit-montagnes-paolo-cognetti-editions-stock\\\/#respond\"]}]},{\"@type\":\"WebPage\",\"@id\":\"https:\\\/\\\/surbooke.fr\\\/wordpress\\\/2018\\\/02\\\/03\\\/les-huit-montagnes-paolo-cognetti-editions-stock\\\/\",\"url\":\"https:\\\/\\\/surbooke.fr\\\/wordpress\\\/2018\\\/02\\\/03\\\/les-huit-montagnes-paolo-cognetti-editions-stock\\\/\",\"name\":\"Les huit montagnes, Paolo Cognetti, \u00c9ditions Stock - Surbook\u00e9\",\"isPartOf\":{\"@id\":\"https:\\\/\\\/surbooke.fr\\\/wordpress\\\/#website\"},\"primaryImageOfPage\":{\"@id\":\"https:\\\/\\\/surbooke.fr\\\/wordpress\\\/2018\\\/02\\\/03\\\/les-huit-montagnes-paolo-cognetti-editions-stock\\\/#primaryimage\"},\"image\":{\"@id\":\"https:\\\/\\\/surbooke.fr\\\/wordpress\\\/2018\\\/02\\\/03\\\/les-huit-montagnes-paolo-cognetti-editions-stock\\\/#primaryimage\"},\"thumbnailUrl\":\"https:\\\/\\\/surbooke.fr\\\/wordpress\\\/wp-content\\\/uploads\\\/2018\\\/02\\\/les-huit-montagnes.jpg\",\"datePublished\":\"2018-02-03T18:46:38+00:00\",\"dateModified\":\"2022-07-29T12:21:12+00:00\",\"author\":{\"@id\":\"https:\\\/\\\/surbooke.fr\\\/wordpress\\\/#\\\/schema\\\/person\\\/9c6be4d35203c76182c56b0e974807c6\"},\"breadcrumb\":{\"@id\":\"https:\\\/\\\/surbooke.fr\\\/wordpress\\\/2018\\\/02\\\/03\\\/les-huit-montagnes-paolo-cognetti-editions-stock\\\/#breadcrumb\"},\"inLanguage\":\"fr-FR\",\"potentialAction\":[{\"@type\":\"ReadAction\",\"target\":[\"https:\\\/\\\/surbooke.fr\\\/wordpress\\\/2018\\\/02\\\/03\\\/les-huit-montagnes-paolo-cognetti-editions-stock\\\/\"]}]},{\"@type\":\"ImageObject\",\"inLanguage\":\"fr-FR\",\"@id\":\"https:\\\/\\\/surbooke.fr\\\/wordpress\\\/2018\\\/02\\\/03\\\/les-huit-montagnes-paolo-cognetti-editions-stock\\\/#primaryimage\",\"url\":\"https:\\\/\\\/surbooke.fr\\\/wordpress\\\/wp-content\\\/uploads\\\/2018\\\/02\\\/les-huit-montagnes.jpg\",\"contentUrl\":\"https:\\\/\\\/surbooke.fr\\\/wordpress\\\/wp-content\\\/uploads\\\/2018\\\/02\\\/les-huit-montagnes.jpg\",\"width\":215,\"height\":371},{\"@type\":\"BreadcrumbList\",\"@id\":\"https:\\\/\\\/surbooke.fr\\\/wordpress\\\/2018\\\/02\\\/03\\\/les-huit-montagnes-paolo-cognetti-editions-stock\\\/#breadcrumb\",\"itemListElement\":[{\"@type\":\"ListItem\",\"position\":1,\"name\":\"Accueil\",\"item\":\"https:\\\/\\\/surbooke.fr\\\/wordpress\\\/\"},{\"@type\":\"ListItem\",\"position\":2,\"name\":\"Les huit montagnes, Paolo Cognetti, \u00c9ditions Stock\"}]},{\"@type\":\"WebSite\",\"@id\":\"https:\\\/\\\/surbooke.fr\\\/wordpress\\\/#website\",\"url\":\"https:\\\/\\\/surbooke.fr\\\/wordpress\\\/\",\"name\":\"Surbook\u00e9\",\"description\":\"Le blog de Laurent Bisault\",\"potentialAction\":[{\"@type\":\"SearchAction\",\"target\":{\"@type\":\"EntryPoint\",\"urlTemplate\":\"https:\\\/\\\/surbooke.fr\\\/wordpress\\\/?s={search_term_string}\"},\"query-input\":{\"@type\":\"PropertyValueSpecification\",\"valueRequired\":true,\"valueName\":\"search_term_string\"}}],\"inLanguage\":\"fr-FR\"},{\"@type\":\"Person\",\"@id\":\"https:\\\/\\\/surbooke.fr\\\/wordpress\\\/#\\\/schema\\\/person\\\/9c6be4d35203c76182c56b0e974807c6\",\"name\":\"Laurent Bisault\",\"image\":{\"@type\":\"ImageObject\",\"inLanguage\":\"fr-FR\",\"@id\":\"https:\\\/\\\/secure.gravatar.com\\\/avatar\\\/3bcd2efdfc3a3e416bea3223d3dfcd7f8845e2ca0669671d0c7ed8e84e97bfc4?s=96&d=mm&r=g\",\"url\":\"https:\\\/\\\/secure.gravatar.com\\\/avatar\\\/3bcd2efdfc3a3e416bea3223d3dfcd7f8845e2ca0669671d0c7ed8e84e97bfc4?s=96&d=mm&r=g\",\"contentUrl\":\"https:\\\/\\\/secure.gravatar.com\\\/avatar\\\/3bcd2efdfc3a3e416bea3223d3dfcd7f8845e2ca0669671d0c7ed8e84e97bfc4?s=96&d=mm&r=g\",\"caption\":\"Laurent Bisault\"},\"sameAs\":[\"https:\\\/\\\/surbooke.fr\\\/wordpress\\\/\",\"https:\\\/\\\/x.com\\\/LaurentBisault\"],\"url\":\"https:\\\/\\\/surbooke.fr\\\/wordpress\\\/author\\\/surbooke\\\/\"}]}<\/script>\n<!-- \/ Yoast SEO plugin. -->","yoast_head_json":{"title":"Les huit montagnes, Paolo Cognetti, \u00c9ditions Stock - Surbook\u00e9","robots":{"index":"index","follow":"follow","max-snippet":"max-snippet:-1","max-image-preview":"max-image-preview:large","max-video-preview":"max-video-preview:-1"},"canonical":"https:\/\/surbooke.fr\/wordpress\/2018\/02\/03\/les-huit-montagnes-paolo-cognetti-editions-stock\/","og_locale":"fr_FR","og_type":"article","og_title":"Les huit montagnes, Paolo Cognetti, \u00c9ditions Stock - Surbook\u00e9","og_description":"Quatre ans plus tard, Paolo Cognetti remet \u00e7a. Mais dans une forme plus \u00e9labor\u00e9e, un roman et non plus des carnets de montagne. Un roman qui vient d&rsquo;obtenir le prix M\u00e9dicis \u00e9tranger. Un roman magnifique qui nous raconte l&rsquo;amiti\u00e9 de Pietro et de Bruno, les rapports entre un fils et son p\u00e8re. Et qui nous [&hellip;]","og_url":"https:\/\/surbooke.fr\/wordpress\/2018\/02\/03\/les-huit-montagnes-paolo-cognetti-editions-stock\/","og_site_name":"Surbook\u00e9","article_published_time":"2018-02-03T18:46:38+00:00","article_modified_time":"2022-07-29T12:21:12+00:00","og_image":[{"width":215,"height":371,"url":"https:\/\/surbooke.fr\/wordpress\/wp-content\/uploads\/2018\/02\/les-huit-montagnes.jpg","type":"image\/jpeg"}],"author":"Laurent Bisault","twitter_card":"summary_large_image","twitter_creator":"@LaurentBisault","twitter_misc":{"\u00c9crit par":"Laurent Bisault","Dur\u00e9e de lecture estim\u00e9e":"4 minutes"},"schema":{"@context":"https:\/\/schema.org","@graph":[{"@type":"Article","@id":"https:\/\/surbooke.fr\/wordpress\/2018\/02\/03\/les-huit-montagnes-paolo-cognetti-editions-stock\/#article","isPartOf":{"@id":"https:\/\/surbooke.fr\/wordpress\/2018\/02\/03\/les-huit-montagnes-paolo-cognetti-editions-stock\/"},"author":{"name":"Laurent Bisault","@id":"https:\/\/surbooke.fr\/wordpress\/#\/schema\/person\/9c6be4d35203c76182c56b0e974807c6"},"headline":"Les huit montagnes, Paolo Cognetti, \u00c9ditions Stock","datePublished":"2018-02-03T18:46:38+00:00","dateModified":"2022-07-29T12:21:12+00:00","mainEntityOfPage":{"@id":"https:\/\/surbooke.fr\/wordpress\/2018\/02\/03\/les-huit-montagnes-paolo-cognetti-editions-stock\/"},"wordCount":719,"commentCount":0,"image":{"@id":"https:\/\/surbooke.fr\/wordpress\/2018\/02\/03\/les-huit-montagnes-paolo-cognetti-editions-stock\/#primaryimage"},"thumbnailUrl":"https:\/\/surbooke.fr\/wordpress\/wp-content\/uploads\/2018\/02\/les-huit-montagnes.jpg","keywords":["Stock"],"articleSection":["ail et parmesan \ud83c\uddee\ud83c\uddf9"],"inLanguage":"fr-FR","potentialAction":[{"@type":"CommentAction","name":"Comment","target":["https:\/\/surbooke.fr\/wordpress\/2018\/02\/03\/les-huit-montagnes-paolo-cognetti-editions-stock\/#respond"]}]},{"@type":"WebPage","@id":"https:\/\/surbooke.fr\/wordpress\/2018\/02\/03\/les-huit-montagnes-paolo-cognetti-editions-stock\/","url":"https:\/\/surbooke.fr\/wordpress\/2018\/02\/03\/les-huit-montagnes-paolo-cognetti-editions-stock\/","name":"Les huit montagnes, Paolo Cognetti, \u00c9ditions Stock - Surbook\u00e9","isPartOf":{"@id":"https:\/\/surbooke.fr\/wordpress\/#website"},"primaryImageOfPage":{"@id":"https:\/\/surbooke.fr\/wordpress\/2018\/02\/03\/les-huit-montagnes-paolo-cognetti-editions-stock\/#primaryimage"},"image":{"@id":"https:\/\/surbooke.fr\/wordpress\/2018\/02\/03\/les-huit-montagnes-paolo-cognetti-editions-stock\/#primaryimage"},"thumbnailUrl":"https:\/\/surbooke.fr\/wordpress\/wp-content\/uploads\/2018\/02\/les-huit-montagnes.jpg","datePublished":"2018-02-03T18:46:38+00:00","dateModified":"2022-07-29T12:21:12+00:00","author":{"@id":"https:\/\/surbooke.fr\/wordpress\/#\/schema\/person\/9c6be4d35203c76182c56b0e974807c6"},"breadcrumb":{"@id":"https:\/\/surbooke.fr\/wordpress\/2018\/02\/03\/les-huit-montagnes-paolo-cognetti-editions-stock\/#breadcrumb"},"inLanguage":"fr-FR","potentialAction":[{"@type":"ReadAction","target":["https:\/\/surbooke.fr\/wordpress\/2018\/02\/03\/les-huit-montagnes-paolo-cognetti-editions-stock\/"]}]},{"@type":"ImageObject","inLanguage":"fr-FR","@id":"https:\/\/surbooke.fr\/wordpress\/2018\/02\/03\/les-huit-montagnes-paolo-cognetti-editions-stock\/#primaryimage","url":"https:\/\/surbooke.fr\/wordpress\/wp-content\/uploads\/2018\/02\/les-huit-montagnes.jpg","contentUrl":"https:\/\/surbooke.fr\/wordpress\/wp-content\/uploads\/2018\/02\/les-huit-montagnes.jpg","width":215,"height":371},{"@type":"BreadcrumbList","@id":"https:\/\/surbooke.fr\/wordpress\/2018\/02\/03\/les-huit-montagnes-paolo-cognetti-editions-stock\/#breadcrumb","itemListElement":[{"@type":"ListItem","position":1,"name":"Accueil","item":"https:\/\/surbooke.fr\/wordpress\/"},{"@type":"ListItem","position":2,"name":"Les huit montagnes, Paolo Cognetti, \u00c9ditions Stock"}]},{"@type":"WebSite","@id":"https:\/\/surbooke.fr\/wordpress\/#website","url":"https:\/\/surbooke.fr\/wordpress\/","name":"Surbook\u00e9","description":"Le blog de Laurent Bisault","potentialAction":[{"@type":"SearchAction","target":{"@type":"EntryPoint","urlTemplate":"https:\/\/surbooke.fr\/wordpress\/?s={search_term_string}"},"query-input":{"@type":"PropertyValueSpecification","valueRequired":true,"valueName":"search_term_string"}}],"inLanguage":"fr-FR"},{"@type":"Person","@id":"https:\/\/surbooke.fr\/wordpress\/#\/schema\/person\/9c6be4d35203c76182c56b0e974807c6","name":"Laurent Bisault","image":{"@type":"ImageObject","inLanguage":"fr-FR","@id":"https:\/\/secure.gravatar.com\/avatar\/3bcd2efdfc3a3e416bea3223d3dfcd7f8845e2ca0669671d0c7ed8e84e97bfc4?s=96&d=mm&r=g","url":"https:\/\/secure.gravatar.com\/avatar\/3bcd2efdfc3a3e416bea3223d3dfcd7f8845e2ca0669671d0c7ed8e84e97bfc4?s=96&d=mm&r=g","contentUrl":"https:\/\/secure.gravatar.com\/avatar\/3bcd2efdfc3a3e416bea3223d3dfcd7f8845e2ca0669671d0c7ed8e84e97bfc4?s=96&d=mm&r=g","caption":"Laurent Bisault"},"sameAs":["https:\/\/surbooke.fr\/wordpress\/","https:\/\/x.com\/LaurentBisault"],"url":"https:\/\/surbooke.fr\/wordpress\/author\/surbooke\/"}]}},"_links":{"self":[{"href":"https:\/\/surbooke.fr\/wordpress\/wp-json\/wp\/v2\/posts\/813","targetHints":{"allow":["GET"]}}],"collection":[{"href":"https:\/\/surbooke.fr\/wordpress\/wp-json\/wp\/v2\/posts"}],"about":[{"href":"https:\/\/surbooke.fr\/wordpress\/wp-json\/wp\/v2\/types\/post"}],"author":[{"embeddable":true,"href":"https:\/\/surbooke.fr\/wordpress\/wp-json\/wp\/v2\/users\/8"}],"replies":[{"embeddable":true,"href":"https:\/\/surbooke.fr\/wordpress\/wp-json\/wp\/v2\/comments?post=813"}],"version-history":[{"count":0,"href":"https:\/\/surbooke.fr\/wordpress\/wp-json\/wp\/v2\/posts\/813\/revisions"}],"wp:featuredmedia":[{"embeddable":true,"href":"https:\/\/surbooke.fr\/wordpress\/wp-json\/wp\/v2\/media\/19359"}],"wp:attachment":[{"href":"https:\/\/surbooke.fr\/wordpress\/wp-json\/wp\/v2\/media?parent=813"}],"wp:term":[{"taxonomy":"category","embeddable":true,"href":"https:\/\/surbooke.fr\/wordpress\/wp-json\/wp\/v2\/categories?post=813"},{"taxonomy":"post_tag","embeddable":true,"href":"https:\/\/surbooke.fr\/wordpress\/wp-json\/wp\/v2\/tags?post=813"}],"curies":[{"name":"wp","href":"https:\/\/api.w.org\/{rel}","templated":true}]}}