{"id":826,"date":"2018-01-02T19:55:13","date_gmt":"2018-01-02T18:55:13","guid":{"rendered":"http:\/\/surbooke.fr\/wordpress\/?p=826"},"modified":"2023-05-30T15:38:19","modified_gmt":"2023-05-30T13:38:19","slug":"cest-en-hiver-que-les-jours-rallongent-joseph-bialot-editions-seuil","status":"publish","type":"post","link":"https:\/\/surbooke.fr\/wordpress\/2018\/01\/02\/cest-en-hiver-que-les-jours-rallongent-joseph-bialot-editions-seuil\/","title":{"rendered":"C&rsquo;est en hiver que les jours rallongent, Joseph Bialot, \u00c9ditions Seuil"},"content":{"rendered":"\n<p><strong>Pourquoi donc lire un livre sur Auschwitz<\/strong> ? D&rsquo;aucuns diraient que les derniers t\u00e9moins de ce haut lieu de l&rsquo;horreur humaine partis, il ne nous reste que les \u00e9crits pour ne pas oublier que la Solution finale ne devrait jamais avoir de suite. Malgr\u00e9 le Cambodge, malgr\u00e9 le Rwanda, malgr\u00e9 la Yougoslavie ou la Birmanie. Mais la lecture de ce que Joseph Bialot a v\u00e9cu de 1944 \u00e0 1945 est bien plus encore. C&rsquo;est d&rsquo;abord le livre d&rsquo;un grand \u00e9crivain, peut-\u00eatre le plus beau qu&rsquo;il ait \u00e9crit. Avec de nombreuses lueurs d&rsquo;espoir comme en t\u00e9moigne le titre de son r\u00e9cit. Bialot n&rsquo;oublie jamais que l&rsquo;humour, f\u00fbt-il le plus noir, est aussi une arme contre le d\u00e9sespoir. Il est capable d&rsquo;\u00e9crire que l&rsquo;op\u00e9ration \u00ab&nbsp;Nuit et Brouillard&nbsp;\u00bb, qui permettait de faire dispara\u00eetre quiconque sans laisser de traces, attestait de ce que l&rsquo;Allemagne a toujours \u00e9t\u00e9 un pays romantique. Ou de s&rsquo;entendre dire par un d\u00e9port\u00e9 qu&rsquo;il br\u00fblerait bien parce qu&rsquo;il \u00e9tait d\u00e9sormais sec. L&rsquo;espoir chez Bialot est aussi celui apport\u00e9 par ce m\u00e9decin juif qui disait toujours \u00ab&nbsp;Monsieur&nbsp;\u00bb \u00e0 ses malades. Auschwitz \u00e9tait \u00e9galement un lieu de courage bien que les d\u00e9port\u00e9s aient \u00e9t\u00e9 r\u00e9duits \u00e0 l&rsquo;\u00e9tat d&rsquo;animaux. Un de ses compagnons de block refusa de s\u00e9lectionner les partants pour la chambre \u00e0 gaz en sachant ce qu&rsquo;il encourait. Des membres du <em>Sonderkommando<\/em> firent sauter une partie du cr\u00e9matoire dont ils avaient la charge. Le r\u00e9cit de Bialot est passionnant dans son analyse des comportements dans le camp. Les d\u00e9port\u00e9s se regroupaient selon leur langue. La ma\u00eetrise de l&rsquo;allemand ou du yiddish \u00e9tait d&rsquo;ailleurs indispensable pour subsister un peu plus longtemps. Pour Bialot, parmi les Juifs d\u00e9port\u00e9s les Hollandais \u00e9taient les plus g\u00e9n\u00e9reux et les paysans hongrois des Carpates \u00ab <em>la lie de la terre<\/em>&nbsp;\u00bb. Les petites gens habitu\u00e9s \u00e0 vivre dans la mis\u00e8re s&rsquo;en sortaient mieux que les Bourgeois. La formation politique des d\u00e9port\u00e9s avait beaucoup d&rsquo;importance. Les communistes habitu\u00e9s \u00e0 se battre ont \u00e9t\u00e9 presque les seuls \u00e0 r\u00e9sister avec leurs maigres moyens. Les religieux \u00e9taient bien plus d\u00e9munis, \u00e0 commencer par les T\u00e9moins de J\u00e9hovah. Joseph Bialot \u00e9chappa \u00e0 la mortelle \u00e9vacuation du camp parce qu&rsquo;il \u00e9tait trop malade pour suivre ses compagnons. Il \u00e9tait \u00e0 ce moment persuad\u00e9 d&rsquo;\u00eatre ex\u00e9cut\u00e9 sur place par les SS qui ne voulaient laisser aucune trace derri\u00e8re eux. Mais la peur des \u00ab Ivan&nbsp;\u00bb, les soldats russes qui allaient lib\u00e9rer Auschwitz fut plus forte. Ils n&rsquo;en eurent pas le temps. Bialot n&rsquo;appr\u00e9ciait gu\u00e8re les  Polonais. Il nous rappelle que des habitants proches du camp pill\u00e8rent Auschwitz d\u00e8s sa lib\u00e9ration et que la Pologne connut un pogrom quelques ann\u00e9es apr\u00e8s la guerre. Ce qui ne l&#8217;emp\u00eache pas de nous raconter cette habitante de Cracovie qui l&rsquo;a recueilli quand il errait sur les routes de Pologne la libert\u00e9 retrouv\u00e9e. Son cheminement le m\u00e8nera lui et ses compagnons jusqu&rsquo;aux rives de la mer Noire, puis sur un bateau \u00e0 pavillon norv\u00e9gien vers Marseille. \u00c0 Paris l&rsquo;attendait toute sa famille.<\/p>\n","protected":false},"excerpt":{"rendered":"<p>Pourquoi donc lire un livre sur Auschwitz ? D&rsquo;aucuns diraient que les derniers t\u00e9moins de ce haut lieu de l&rsquo;horreur humaine partis, il ne nous reste que les \u00e9crits pour ne pas oublier que la Solution finale ne devrait jamais avoir de suite. Malgr\u00e9 le Cambodge, malgr\u00e9 le Rwanda, malgr\u00e9 la Yougoslavie ou la Birmanie. [&hellip;]<\/p>\n","protected":false},"author":8,"featured_media":25186,"comment_status":"open","ping_status":"open","sticky":false,"template":"","format":"standard","meta":{"footnotes":""},"categories":[83,171],"tags":[58],"class_list":["post-826","post","type-post","status-publish","format-standard","has-post-thumbnail","hentry","category-autobiographie","category-171","tag-le-seuil"],"yoast_head":"<!-- This site is optimized with the Yoast SEO plugin v27.5 - https:\/\/yoast.com\/product\/yoast-seo-wordpress\/ -->\n<title>C&#039;est en hiver que les jours rallongent, Joseph Bialot, \u00c9ditions Seuil - Surbook\u00e9<\/title>\n<meta name=\"robots\" content=\"index, follow, max-snippet:-1, max-image-preview:large, max-video-preview:-1\" \/>\n<link rel=\"canonical\" href=\"https:\/\/surbooke.fr\/wordpress\/2018\/01\/02\/cest-en-hiver-que-les-jours-rallongent-joseph-bialot-editions-seuil\/\" \/>\n<meta property=\"og:locale\" content=\"fr_FR\" \/>\n<meta property=\"og:type\" content=\"article\" \/>\n<meta property=\"og:title\" content=\"C&#039;est en hiver que les jours rallongent, Joseph Bialot, \u00c9ditions Seuil - Surbook\u00e9\" \/>\n<meta property=\"og:description\" content=\"Pourquoi donc lire un livre sur Auschwitz ? D&rsquo;aucuns diraient que les derniers t\u00e9moins de ce haut lieu de l&rsquo;horreur humaine partis, il ne nous reste que les \u00e9crits pour ne pas oublier que la Solution finale ne devrait jamais avoir de suite. Malgr\u00e9 le Cambodge, malgr\u00e9 le Rwanda, malgr\u00e9 la Yougoslavie ou la Birmanie. [&hellip;]\" \/>\n<meta property=\"og:url\" content=\"https:\/\/surbooke.fr\/wordpress\/2018\/01\/02\/cest-en-hiver-que-les-jours-rallongent-joseph-bialot-editions-seuil\/\" \/>\n<meta property=\"og:site_name\" content=\"Surbook\u00e9\" \/>\n<meta property=\"article:published_time\" content=\"2018-01-02T18:55:13+00:00\" \/>\n<meta property=\"article:modified_time\" content=\"2023-05-30T13:38:19+00:00\" \/>\n<meta property=\"og:image\" content=\"https:\/\/surbooke.fr\/wordpress\/wp-content\/uploads\/2018\/01\/Cest-en-hiver-que-les-jours-rallongent.jpg\" \/>\n\t<meta property=\"og:image:width\" content=\"300\" \/>\n\t<meta property=\"og:image:height\" content=\"300\" \/>\n\t<meta property=\"og:image:type\" content=\"image\/jpeg\" \/>\n<meta name=\"author\" content=\"Laurent Bisault\" \/>\n<meta name=\"twitter:card\" content=\"summary_large_image\" \/>\n<meta name=\"twitter:creator\" content=\"@LaurentBisault\" \/>\n<meta name=\"twitter:label1\" content=\"\u00c9crit par\" \/>\n\t<meta name=\"twitter:data1\" content=\"Laurent Bisault\" \/>\n\t<meta name=\"twitter:label2\" content=\"Dur\u00e9e de lecture estim\u00e9e\" \/>\n\t<meta name=\"twitter:data2\" content=\"3 minutes\" \/>\n<script type=\"application\/ld+json\" class=\"yoast-schema-graph\">{\"@context\":\"https:\\\/\\\/schema.org\",\"@graph\":[{\"@type\":\"Article\",\"@id\":\"https:\\\/\\\/surbooke.fr\\\/wordpress\\\/2018\\\/01\\\/02\\\/cest-en-hiver-que-les-jours-rallongent-joseph-bialot-editions-seuil\\\/#article\",\"isPartOf\":{\"@id\":\"https:\\\/\\\/surbooke.fr\\\/wordpress\\\/2018\\\/01\\\/02\\\/cest-en-hiver-que-les-jours-rallongent-joseph-bialot-editions-seuil\\\/\"},\"author\":{\"name\":\"Laurent Bisault\",\"@id\":\"https:\\\/\\\/surbooke.fr\\\/wordpress\\\/#\\\/schema\\\/person\\\/9c6be4d35203c76182c56b0e974807c6\"},\"headline\":\"C&rsquo;est en hiver que les jours rallongent, Joseph Bialot, \u00c9ditions Seuil\",\"datePublished\":\"2018-01-02T18:55:13+00:00\",\"dateModified\":\"2023-05-30T13:38:19+00:00\",\"mainEntityOfPage\":{\"@id\":\"https:\\\/\\\/surbooke.fr\\\/wordpress\\\/2018\\\/01\\\/02\\\/cest-en-hiver-que-les-jours-rallongent-joseph-bialot-editions-seuil\\\/\"},\"wordCount\":574,\"commentCount\":0,\"image\":{\"@id\":\"https:\\\/\\\/surbooke.fr\\\/wordpress\\\/2018\\\/01\\\/02\\\/cest-en-hiver-que-les-jours-rallongent-joseph-bialot-editions-seuil\\\/#primaryimage\"},\"thumbnailUrl\":\"https:\\\/\\\/surbooke.fr\\\/wordpress\\\/wp-content\\\/uploads\\\/2018\\\/01\\\/Cest-en-hiver-que-les-jours-rallongent.jpg\",\"keywords\":[\"Le Seuil\"],\"articleSection\":[\"autobiographie\",\"\ud83e\udd0d\ud83e\udd0d\"],\"inLanguage\":\"fr-FR\",\"potentialAction\":[{\"@type\":\"CommentAction\",\"name\":\"Comment\",\"target\":[\"https:\\\/\\\/surbooke.fr\\\/wordpress\\\/2018\\\/01\\\/02\\\/cest-en-hiver-que-les-jours-rallongent-joseph-bialot-editions-seuil\\\/#respond\"]}]},{\"@type\":\"WebPage\",\"@id\":\"https:\\\/\\\/surbooke.fr\\\/wordpress\\\/2018\\\/01\\\/02\\\/cest-en-hiver-que-les-jours-rallongent-joseph-bialot-editions-seuil\\\/\",\"url\":\"https:\\\/\\\/surbooke.fr\\\/wordpress\\\/2018\\\/01\\\/02\\\/cest-en-hiver-que-les-jours-rallongent-joseph-bialot-editions-seuil\\\/\",\"name\":\"C'est en hiver que les jours rallongent, Joseph Bialot, \u00c9ditions Seuil - Surbook\u00e9\",\"isPartOf\":{\"@id\":\"https:\\\/\\\/surbooke.fr\\\/wordpress\\\/#website\"},\"primaryImageOfPage\":{\"@id\":\"https:\\\/\\\/surbooke.fr\\\/wordpress\\\/2018\\\/01\\\/02\\\/cest-en-hiver-que-les-jours-rallongent-joseph-bialot-editions-seuil\\\/#primaryimage\"},\"image\":{\"@id\":\"https:\\\/\\\/surbooke.fr\\\/wordpress\\\/2018\\\/01\\\/02\\\/cest-en-hiver-que-les-jours-rallongent-joseph-bialot-editions-seuil\\\/#primaryimage\"},\"thumbnailUrl\":\"https:\\\/\\\/surbooke.fr\\\/wordpress\\\/wp-content\\\/uploads\\\/2018\\\/01\\\/Cest-en-hiver-que-les-jours-rallongent.jpg\",\"datePublished\":\"2018-01-02T18:55:13+00:00\",\"dateModified\":\"2023-05-30T13:38:19+00:00\",\"author\":{\"@id\":\"https:\\\/\\\/surbooke.fr\\\/wordpress\\\/#\\\/schema\\\/person\\\/9c6be4d35203c76182c56b0e974807c6\"},\"breadcrumb\":{\"@id\":\"https:\\\/\\\/surbooke.fr\\\/wordpress\\\/2018\\\/01\\\/02\\\/cest-en-hiver-que-les-jours-rallongent-joseph-bialot-editions-seuil\\\/#breadcrumb\"},\"inLanguage\":\"fr-FR\",\"potentialAction\":[{\"@type\":\"ReadAction\",\"target\":[\"https:\\\/\\\/surbooke.fr\\\/wordpress\\\/2018\\\/01\\\/02\\\/cest-en-hiver-que-les-jours-rallongent-joseph-bialot-editions-seuil\\\/\"]}]},{\"@type\":\"ImageObject\",\"inLanguage\":\"fr-FR\",\"@id\":\"https:\\\/\\\/surbooke.fr\\\/wordpress\\\/2018\\\/01\\\/02\\\/cest-en-hiver-que-les-jours-rallongent-joseph-bialot-editions-seuil\\\/#primaryimage\",\"url\":\"https:\\\/\\\/surbooke.fr\\\/wordpress\\\/wp-content\\\/uploads\\\/2018\\\/01\\\/Cest-en-hiver-que-les-jours-rallongent.jpg\",\"contentUrl\":\"https:\\\/\\\/surbooke.fr\\\/wordpress\\\/wp-content\\\/uploads\\\/2018\\\/01\\\/Cest-en-hiver-que-les-jours-rallongent.jpg\",\"width\":300,\"height\":300},{\"@type\":\"BreadcrumbList\",\"@id\":\"https:\\\/\\\/surbooke.fr\\\/wordpress\\\/2018\\\/01\\\/02\\\/cest-en-hiver-que-les-jours-rallongent-joseph-bialot-editions-seuil\\\/#breadcrumb\",\"itemListElement\":[{\"@type\":\"ListItem\",\"position\":1,\"name\":\"Accueil\",\"item\":\"https:\\\/\\\/surbooke.fr\\\/wordpress\\\/\"},{\"@type\":\"ListItem\",\"position\":2,\"name\":\"C&#8217;est en hiver que les jours rallongent, Joseph Bialot, \u00c9ditions Seuil\"}]},{\"@type\":\"WebSite\",\"@id\":\"https:\\\/\\\/surbooke.fr\\\/wordpress\\\/#website\",\"url\":\"https:\\\/\\\/surbooke.fr\\\/wordpress\\\/\",\"name\":\"Surbook\u00e9\",\"description\":\"Le blog de Laurent Bisault\",\"potentialAction\":[{\"@type\":\"SearchAction\",\"target\":{\"@type\":\"EntryPoint\",\"urlTemplate\":\"https:\\\/\\\/surbooke.fr\\\/wordpress\\\/?s={search_term_string}\"},\"query-input\":{\"@type\":\"PropertyValueSpecification\",\"valueRequired\":true,\"valueName\":\"search_term_string\"}}],\"inLanguage\":\"fr-FR\"},{\"@type\":\"Person\",\"@id\":\"https:\\\/\\\/surbooke.fr\\\/wordpress\\\/#\\\/schema\\\/person\\\/9c6be4d35203c76182c56b0e974807c6\",\"name\":\"Laurent Bisault\",\"image\":{\"@type\":\"ImageObject\",\"inLanguage\":\"fr-FR\",\"@id\":\"https:\\\/\\\/secure.gravatar.com\\\/avatar\\\/3bcd2efdfc3a3e416bea3223d3dfcd7f8845e2ca0669671d0c7ed8e84e97bfc4?s=96&d=mm&r=g\",\"url\":\"https:\\\/\\\/secure.gravatar.com\\\/avatar\\\/3bcd2efdfc3a3e416bea3223d3dfcd7f8845e2ca0669671d0c7ed8e84e97bfc4?s=96&d=mm&r=g\",\"contentUrl\":\"https:\\\/\\\/secure.gravatar.com\\\/avatar\\\/3bcd2efdfc3a3e416bea3223d3dfcd7f8845e2ca0669671d0c7ed8e84e97bfc4?s=96&d=mm&r=g\",\"caption\":\"Laurent Bisault\"},\"sameAs\":[\"https:\\\/\\\/surbooke.fr\\\/wordpress\\\/\",\"https:\\\/\\\/x.com\\\/LaurentBisault\"],\"url\":\"https:\\\/\\\/surbooke.fr\\\/wordpress\\\/author\\\/surbooke\\\/\"}]}<\/script>\n<!-- \/ Yoast SEO plugin. -->","yoast_head_json":{"title":"C'est en hiver que les jours rallongent, Joseph Bialot, \u00c9ditions Seuil - Surbook\u00e9","robots":{"index":"index","follow":"follow","max-snippet":"max-snippet:-1","max-image-preview":"max-image-preview:large","max-video-preview":"max-video-preview:-1"},"canonical":"https:\/\/surbooke.fr\/wordpress\/2018\/01\/02\/cest-en-hiver-que-les-jours-rallongent-joseph-bialot-editions-seuil\/","og_locale":"fr_FR","og_type":"article","og_title":"C'est en hiver que les jours rallongent, Joseph Bialot, \u00c9ditions Seuil - Surbook\u00e9","og_description":"Pourquoi donc lire un livre sur Auschwitz ? D&rsquo;aucuns diraient que les derniers t\u00e9moins de ce haut lieu de l&rsquo;horreur humaine partis, il ne nous reste que les \u00e9crits pour ne pas oublier que la Solution finale ne devrait jamais avoir de suite. Malgr\u00e9 le Cambodge, malgr\u00e9 le Rwanda, malgr\u00e9 la Yougoslavie ou la Birmanie. [&hellip;]","og_url":"https:\/\/surbooke.fr\/wordpress\/2018\/01\/02\/cest-en-hiver-que-les-jours-rallongent-joseph-bialot-editions-seuil\/","og_site_name":"Surbook\u00e9","article_published_time":"2018-01-02T18:55:13+00:00","article_modified_time":"2023-05-30T13:38:19+00:00","og_image":[{"width":300,"height":300,"url":"https:\/\/surbooke.fr\/wordpress\/wp-content\/uploads\/2018\/01\/Cest-en-hiver-que-les-jours-rallongent.jpg","type":"image\/jpeg"}],"author":"Laurent Bisault","twitter_card":"summary_large_image","twitter_creator":"@LaurentBisault","twitter_misc":{"\u00c9crit par":"Laurent Bisault","Dur\u00e9e de lecture estim\u00e9e":"3 minutes"},"schema":{"@context":"https:\/\/schema.org","@graph":[{"@type":"Article","@id":"https:\/\/surbooke.fr\/wordpress\/2018\/01\/02\/cest-en-hiver-que-les-jours-rallongent-joseph-bialot-editions-seuil\/#article","isPartOf":{"@id":"https:\/\/surbooke.fr\/wordpress\/2018\/01\/02\/cest-en-hiver-que-les-jours-rallongent-joseph-bialot-editions-seuil\/"},"author":{"name":"Laurent Bisault","@id":"https:\/\/surbooke.fr\/wordpress\/#\/schema\/person\/9c6be4d35203c76182c56b0e974807c6"},"headline":"C&rsquo;est en hiver que les jours rallongent, Joseph Bialot, \u00c9ditions Seuil","datePublished":"2018-01-02T18:55:13+00:00","dateModified":"2023-05-30T13:38:19+00:00","mainEntityOfPage":{"@id":"https:\/\/surbooke.fr\/wordpress\/2018\/01\/02\/cest-en-hiver-que-les-jours-rallongent-joseph-bialot-editions-seuil\/"},"wordCount":574,"commentCount":0,"image":{"@id":"https:\/\/surbooke.fr\/wordpress\/2018\/01\/02\/cest-en-hiver-que-les-jours-rallongent-joseph-bialot-editions-seuil\/#primaryimage"},"thumbnailUrl":"https:\/\/surbooke.fr\/wordpress\/wp-content\/uploads\/2018\/01\/Cest-en-hiver-que-les-jours-rallongent.jpg","keywords":["Le Seuil"],"articleSection":["autobiographie","\ud83e\udd0d\ud83e\udd0d"],"inLanguage":"fr-FR","potentialAction":[{"@type":"CommentAction","name":"Comment","target":["https:\/\/surbooke.fr\/wordpress\/2018\/01\/02\/cest-en-hiver-que-les-jours-rallongent-joseph-bialot-editions-seuil\/#respond"]}]},{"@type":"WebPage","@id":"https:\/\/surbooke.fr\/wordpress\/2018\/01\/02\/cest-en-hiver-que-les-jours-rallongent-joseph-bialot-editions-seuil\/","url":"https:\/\/surbooke.fr\/wordpress\/2018\/01\/02\/cest-en-hiver-que-les-jours-rallongent-joseph-bialot-editions-seuil\/","name":"C'est en hiver que les jours rallongent, Joseph Bialot, \u00c9ditions Seuil - Surbook\u00e9","isPartOf":{"@id":"https:\/\/surbooke.fr\/wordpress\/#website"},"primaryImageOfPage":{"@id":"https:\/\/surbooke.fr\/wordpress\/2018\/01\/02\/cest-en-hiver-que-les-jours-rallongent-joseph-bialot-editions-seuil\/#primaryimage"},"image":{"@id":"https:\/\/surbooke.fr\/wordpress\/2018\/01\/02\/cest-en-hiver-que-les-jours-rallongent-joseph-bialot-editions-seuil\/#primaryimage"},"thumbnailUrl":"https:\/\/surbooke.fr\/wordpress\/wp-content\/uploads\/2018\/01\/Cest-en-hiver-que-les-jours-rallongent.jpg","datePublished":"2018-01-02T18:55:13+00:00","dateModified":"2023-05-30T13:38:19+00:00","author":{"@id":"https:\/\/surbooke.fr\/wordpress\/#\/schema\/person\/9c6be4d35203c76182c56b0e974807c6"},"breadcrumb":{"@id":"https:\/\/surbooke.fr\/wordpress\/2018\/01\/02\/cest-en-hiver-que-les-jours-rallongent-joseph-bialot-editions-seuil\/#breadcrumb"},"inLanguage":"fr-FR","potentialAction":[{"@type":"ReadAction","target":["https:\/\/surbooke.fr\/wordpress\/2018\/01\/02\/cest-en-hiver-que-les-jours-rallongent-joseph-bialot-editions-seuil\/"]}]},{"@type":"ImageObject","inLanguage":"fr-FR","@id":"https:\/\/surbooke.fr\/wordpress\/2018\/01\/02\/cest-en-hiver-que-les-jours-rallongent-joseph-bialot-editions-seuil\/#primaryimage","url":"https:\/\/surbooke.fr\/wordpress\/wp-content\/uploads\/2018\/01\/Cest-en-hiver-que-les-jours-rallongent.jpg","contentUrl":"https:\/\/surbooke.fr\/wordpress\/wp-content\/uploads\/2018\/01\/Cest-en-hiver-que-les-jours-rallongent.jpg","width":300,"height":300},{"@type":"BreadcrumbList","@id":"https:\/\/surbooke.fr\/wordpress\/2018\/01\/02\/cest-en-hiver-que-les-jours-rallongent-joseph-bialot-editions-seuil\/#breadcrumb","itemListElement":[{"@type":"ListItem","position":1,"name":"Accueil","item":"https:\/\/surbooke.fr\/wordpress\/"},{"@type":"ListItem","position":2,"name":"C&#8217;est en hiver que les jours rallongent, Joseph Bialot, \u00c9ditions Seuil"}]},{"@type":"WebSite","@id":"https:\/\/surbooke.fr\/wordpress\/#website","url":"https:\/\/surbooke.fr\/wordpress\/","name":"Surbook\u00e9","description":"Le blog de Laurent Bisault","potentialAction":[{"@type":"SearchAction","target":{"@type":"EntryPoint","urlTemplate":"https:\/\/surbooke.fr\/wordpress\/?s={search_term_string}"},"query-input":{"@type":"PropertyValueSpecification","valueRequired":true,"valueName":"search_term_string"}}],"inLanguage":"fr-FR"},{"@type":"Person","@id":"https:\/\/surbooke.fr\/wordpress\/#\/schema\/person\/9c6be4d35203c76182c56b0e974807c6","name":"Laurent Bisault","image":{"@type":"ImageObject","inLanguage":"fr-FR","@id":"https:\/\/secure.gravatar.com\/avatar\/3bcd2efdfc3a3e416bea3223d3dfcd7f8845e2ca0669671d0c7ed8e84e97bfc4?s=96&d=mm&r=g","url":"https:\/\/secure.gravatar.com\/avatar\/3bcd2efdfc3a3e416bea3223d3dfcd7f8845e2ca0669671d0c7ed8e84e97bfc4?s=96&d=mm&r=g","contentUrl":"https:\/\/secure.gravatar.com\/avatar\/3bcd2efdfc3a3e416bea3223d3dfcd7f8845e2ca0669671d0c7ed8e84e97bfc4?s=96&d=mm&r=g","caption":"Laurent Bisault"},"sameAs":["https:\/\/surbooke.fr\/wordpress\/","https:\/\/x.com\/LaurentBisault"],"url":"https:\/\/surbooke.fr\/wordpress\/author\/surbooke\/"}]}},"_links":{"self":[{"href":"https:\/\/surbooke.fr\/wordpress\/wp-json\/wp\/v2\/posts\/826","targetHints":{"allow":["GET"]}}],"collection":[{"href":"https:\/\/surbooke.fr\/wordpress\/wp-json\/wp\/v2\/posts"}],"about":[{"href":"https:\/\/surbooke.fr\/wordpress\/wp-json\/wp\/v2\/types\/post"}],"author":[{"embeddable":true,"href":"https:\/\/surbooke.fr\/wordpress\/wp-json\/wp\/v2\/users\/8"}],"replies":[{"embeddable":true,"href":"https:\/\/surbooke.fr\/wordpress\/wp-json\/wp\/v2\/comments?post=826"}],"version-history":[{"count":0,"href":"https:\/\/surbooke.fr\/wordpress\/wp-json\/wp\/v2\/posts\/826\/revisions"}],"wp:featuredmedia":[{"embeddable":true,"href":"https:\/\/surbooke.fr\/wordpress\/wp-json\/wp\/v2\/media\/25186"}],"wp:attachment":[{"href":"https:\/\/surbooke.fr\/wordpress\/wp-json\/wp\/v2\/media?parent=826"}],"wp:term":[{"taxonomy":"category","embeddable":true,"href":"https:\/\/surbooke.fr\/wordpress\/wp-json\/wp\/v2\/categories?post=826"},{"taxonomy":"post_tag","embeddable":true,"href":"https:\/\/surbooke.fr\/wordpress\/wp-json\/wp\/v2\/tags?post=826"}],"curies":[{"name":"wp","href":"https:\/\/api.w.org\/{rel}","templated":true}]}}