{"id":9240,"date":"2021-06-14T07:02:50","date_gmt":"2021-06-14T05:02:50","guid":{"rendered":"https:\/\/surbooke.fr\/wordpress\/?p=9240"},"modified":"2023-05-22T19:25:07","modified_gmt":"2023-05-22T17:25:07","slug":"la-supplication-svetlana-alexievitch-editions-jean-claude-lattes","status":"publish","type":"post","link":"https:\/\/surbooke.fr\/wordpress\/2021\/06\/14\/la-supplication-svetlana-alexievitch-editions-jean-claude-lattes\/","title":{"rendered":"La supplication, Svetlana Alexievitch, \u00c9ditions Jean-Claude Latt\u00e8s"},"content":{"rendered":"\n<p><strong> Au d\u00e9but il y eut une petite phrase sur le compte Instagram de Nicolas Mathieu<\/strong> : \u00ab <em>Un des meilleurs bouquins que j&rsquo;aie jamais lu<\/em> \u00bb. Elle renvoyait \u00e0 <em>La<\/em> <em>supplication<\/em> le livre de Svetlana Alexievitch, une \u00e9crivaine bi\u00e9lorusse qui a re\u00e7u le prix Nobel de litt\u00e9rature en 2015 pour ses \u00e9crits sur l&rsquo;Afghanistan, Tchernobyl, et sur la politique russe envers l&rsquo;Ukraine. Soit autant de sujets qui l&rsquo;ont men\u00e9e dans des relations conflictuelles avec les autorit\u00e9s de son pays.<em> La Supplication <\/em>sous-titr\u00e9e \u00ab Tchernobyl, chroniques du monde apr\u00e8s l&rsquo;Apocalypse \u00bb est constitu\u00e9e de t\u00e9moignages d&rsquo;habitants et de personnes qui sont intervenues autour de la centrale apr\u00e8s l&rsquo;explosion. Sa lecture souvent insoutenable d\u00e9crit autant l&rsquo;horreur de ce qui s&rsquo;est pass\u00e9 aux confins de l&rsquo;Ukraine et de la Bi\u00e9lorussie, que la d\u00e9cr\u00e9pitude du syst\u00e8me sovi\u00e9tique qui n&rsquo;a fait que l&rsquo;aggraver. Svetlana Alexievitch nous dit sobrement au d\u00e9but de l&rsquo;ouvrage que \u00ab <em>Le 26 avril 1986&nbsp;une s\u00e9rie d&rsquo;explosions d\u00e9truit le r\u00e9acteur et le b\u00e2timent de la quatri\u00e8me tranche du r\u00e9acteur nucl\u00e9aire de Tchernobyl. Pendant la seconde guerre mondiale les Nazis avaient d\u00e9truit 619 villages en Bi\u00e9lorussie et extermin\u00e9 leur population. \u00c0 la suite de la catastrophe le pays en perd 485. C&rsquo;est un d\u00e9sastre.<\/em> \u00bb<\/p>\n\n\n\n<blockquote class=\"wp-block-quote has-text-align-center is-style-large is-layout-flow wp-block-quote-is-layout-flow\"><p>\u00ab <em>Tchernobyl<\/em>, <em>z\u00e9ro<\/em> <em>mort<\/em> \u00bb Arnaud Montebourg<\/p><\/blockquote>\n\n\n\n<p>Quelques semaines avant le <em>post<\/em> de Nicolas Mathieu, Arnaud Montebourg s&rsquo;\u00e9tait exprim\u00e9 \u00e0 propos des centrales nucl\u00e9aires : \u00ab <em>Il<\/em> <em>faut<\/em> <em>relativiser<\/em> <em>la<\/em> <em>question<\/em> <em>du<\/em> <em>risque<\/em>. <em>Fukushima<\/em>, <em>z\u00e9ro<\/em> <em>mort<\/em>. <em>Il<\/em> <em>y<\/em> <em>a<\/em> <em>un<\/em> <em>d\u00e9bat<\/em> <em>qui<\/em> <em>s&rsquo;ouvre<\/em>, <em>mais<\/em> <em>enfin<\/em>, <em>z\u00e9ro<\/em> <em>mort<\/em>. <em>Tchernobyl<\/em>, <em>z\u00e9ro<\/em> <em>mort<\/em>. \u00bb. Montebourg n&rsquo;\u00e9tait pas interrog\u00e9 par surprise au d\u00e9tour d&rsquo;un trottoir. Il intervenait face au maire de Grenoble \u00c9ric Piolle dans un d\u00e9bat intitul\u00e9  \u00ab Le nucl\u00e9aire est-il \u00e9cologique \u00bb organis\u00e9 par&nbsp; <em><strong><a rel=\"noreferrer noopener\" aria-label=\"Reporterre (s\u2019ouvre dans un nouvel onglet)\" href=\"https:\/\/m.reporterre.net\/Nucleaire-le-recit-du-debat-Montebourg-Piolle-sur-Reporterre?__twitter_impression=true\" target=\"_blank\">Reporterre<\/a><\/strong><\/em>. Repris par Herv\u00e9 Kempf un des animateurs, Montebourg a reconnu son erreur, sa \u00ab <em>b\u00eatise<\/em> \u00bb. Le mot est faible quand on sait que certaines estimations parlent de plusieurs dizaines de milliers de morts, le plus difficile \u00e9tant la mesure des d\u00e9c\u00e8s diff\u00e9r\u00e9s. La lecture du livre de Svetlana Alexievitch ne laisse de toute fa\u00e7on aucun doute sur l&rsquo;ampleur du drame. \u00c0 Fukushima les d\u00e9c\u00e8s furent infiniment moins nombreux mais ils ont exist\u00e9 en-dehors des morts du tsunami. En pronon\u00e7ant ces paroles Montebourg s&rsquo;est probablement d\u00e9finitivement d\u00e9cr\u00e9dibilis\u00e9. Mais il illustre aussi l&rsquo;impossibilit\u00e9 d&rsquo;avoir un d\u00e9bat rationnel sur le nucl\u00e9aire devant la soci\u00e9t\u00e9 fran\u00e7aise. Les raisons en sont multiples. Parmi les plus importantes il y a le syst\u00e8me \u00e9lectoral fran\u00e7ais qui attribue la quasi-totalit\u00e9 du pouvoir au pr\u00e9sident de la r\u00e9publique. Or le chef de l&rsquo;\u00c9tat n&rsquo;est jamais \u00e9lu sur son choix \u00e9nerg\u00e9tique mais sur bien d&rsquo;autres \u00e9l\u00e9ments. Il en va diff\u00e9remment en Allemagne o\u00f9 la pratique du consensus a permis au pays de d\u00e9cider de sortir du nucl\u00e9aire trois mois apr\u00e8s la catastrophe de Fukushima. Il serait sain d&rsquo;en discuter devant les Fran\u00e7ais qui en derni\u00e8re instance choisiraient leur politique \u00e9nerg\u00e9tique.<\/p>\n\n\n\n<blockquote class=\"wp-block-quote has-text-align-center is-style-large is-layout-flow wp-block-quote-is-layout-flow\"><p>La pr\u00e9tendue excellence fran\u00e7aise dans l&rsquo;industrie nucl\u00e9aire n&rsquo;est plus qu&rsquo;un mythe eu \u00e9gard aux retards de construction des EPR<\/p><\/blockquote>\n\n\n\n<p> On d\u00e9couvrirait alors que le risque nucl\u00e9aire n&rsquo;est nullement comparable aux autres risques industriels comme le pr\u00e9tend Arnaud Montebourg. Que l&rsquo;\u00e9lectricit\u00e9 fran\u00e7aise principalement d&rsquo;origine nucl\u00e9aire n&rsquo;est moins ch\u00e8re que parce que ne sont pas provisionn\u00e9es les sommes n\u00e9cessaires pour d\u00e9manteler les centrales. Que les travaux demand\u00e9s par l&rsquo;autorit\u00e9 de s\u00fbret\u00e9 du nucl\u00e9aire (ASN) pour prolonger leur fonctionnement devraient co\u00fbter autour de 100 milliards d&rsquo;euros. Que les \u00e9nergies renouvelables sont d\u00e9sormais moins co\u00fbteuses que le nucl\u00e9aire. Que l&rsquo;Allemagne n&rsquo;a pas augment\u00e9 ses rejets de CO2 en sortant du nucl\u00e9aire comme le rappelle r\u00e9guli\u00e8rement <strong><a rel=\"noreferrer noopener\" aria-label=\"Pau Neau (s\u2019ouvre dans un nouvel onglet)\" href=\"https:\/\/twitter.com\/PaulNeau\" target=\"_blank\">Paul Neau<\/a><\/strong>. Ce pays a davantage augment\u00e9 sa production d&rsquo;\u00e9lectricit\u00e9 renouvelable qu&rsquo;elle n&rsquo;a baiss\u00e9 ses productions nucl\u00e9aires et fossiles sur les dix derni\u00e8res ann\u00e9es. Il y  a certes encore trop d&rsquo;\u00e9lectricit\u00e9 issue du charbon en Allemagne, mais il faut aussi prendre en compte la difficult\u00e9 sociale \u00e0 fermer les mines qui est d&rsquo;une autre ampleur que celles induites par l&rsquo;arr\u00eat de Fessenheim en France. Que la pr\u00e9tendue excellence fran\u00e7aise dans l&rsquo;industrie nucl\u00e9aire n&rsquo;est plus qu&rsquo;un mythe eu \u00e9gard aux retards de construction des EPR. Qu&rsquo;il existe des sc\u00e9narios de sortie du nucl\u00e9aire en France comme celui de <strong>n\u00e9gaWatt<\/strong> qui s&rsquo;appuie en plus des renouvelables sur l&rsquo;efficacit\u00e9 et la sobri\u00e9t\u00e9 \u00e9nerg\u00e9tiques. Soit comme ne le cesse de le dire Corinne Lepage que le nucl\u00e9aire est une industrie du pass\u00e9. En attendant qu&rsquo;un d\u00e9bat national s&rsquo;ouvre on pourra toujours se contenter de la lecture de <em>La supplication<\/em>.<\/p>\n\n\n\n<p> <\/p>\n\n\n\n<blockquote class=\"wp-block-quote has-text-align-center is-style-large is-layout-flow wp-block-quote-is-layout-flow\"><p>Aucune infirmi\u00e8re ne s&rsquo;approche de son mari qu&rsquo;elles qualifient de r\u00e9acteur<\/p><\/blockquote>\n\n\n\n<p>\u00c0 Tchernobyl les pompiers sont appel\u00e9s pendant la nuit en urgence et partent en chemise balancer le graphite br\u00fblant en bas du r\u00e9acteur. Personne ne les avaient pr\u00e9venus. Au matin ils sont transf\u00e9r\u00e9s \u00e0 l&rsquo;h\u00f4pital. Beaucoup vont mourir mais ils ne le savent pas encore. Dans la ville on ne parle pas de radiations et les familles continuent \u00e0 cultiver leur potager. La femme d&rsquo;un pompier enceinte de six mois est prise de vomissements. Elle retrouve son mari dans un \u00e9tablissement radiologique moscovite o\u00f9 il a \u00e9t\u00e9 transf\u00e9r\u00e9 avec ses coll\u00e8gues quand elle apprend qu&rsquo;elle ne pourra plus avoir d&rsquo;enfants. Son syst\u00e8me nerveux central et sa moelle \u00e9pini\u00e8re ont \u00e9t\u00e9 touch\u00e9s. Elle sera la seule \u00e9pouse \u00e0 p\u00e9n\u00e9trer dans l&rsquo;h\u00f4pital car les m\u00e9decins veulent les prot\u00e9ger. Pour entrer elle leur a cach\u00e9 sa grossesse. Aucune infirmi\u00e8re ne s&rsquo;approche de son mari qu&rsquo;elles qualifient de r\u00e9acteur. Malgr\u00e9 la greffe de la moelle osseuse de sa s\u0153ur son \u00e9poux d\u00e9c\u00e8de quatorze jours apr\u00e8s l&rsquo;explosion, il n&rsquo;est plus qu&rsquo;une \u00e9norme plaie. On l&rsquo;enterre \u00e0 Moscou dans un cercueil en zinc sous des dalles de b\u00e9ton. Sa femme et ses beaux-parents rentrent au village. Elle accouchera \u00e0 huit mois et sa petite fille mourra aussit\u00f4t. Une kolkhozienne a trouv\u00e9 dans les champs des morceaux de c\u00e9sium. On lui a conseill\u00e9 de travailler avec des gants de coton, de laver les b\u00fbches et l&rsquo;int\u00e9rieur de sa maison, de ne plus utiliser l&rsquo;eau, et enfin d&rsquo;\u00e9vacuer le village. Trop vieille pour partir, elle a pr\u00e9f\u00e9r\u00e9 rester en \u00e9tant ravitaill\u00e9e par les miliciens. Au d\u00e9but elle lutte contre la prolif\u00e9ration des rats qui ne craignent plus rien. D&rsquo;autres familles s&rsquo;installent plus loin en se cachant pour \u00e9chapper aux soldats qui ont tu\u00e9 tous les chiens porteurs de poussi\u00e8res radioactives. Elles font vingt kilom\u00e8tres \u00e0 pied pour le pain, mais elles peuvent continuer \u00e0 cultiver autant qu&rsquo;elles le souhaitent la terre \u00e9tant libre d&rsquo;acc\u00e8s. Elles boivent aussi le lait de leurs vaches avec toujours la m\u00eame id\u00e9e : rentrer au village.<\/p>\n\n\n\n<blockquote class=\"wp-block-quote has-text-align-center is-style-large is-layout-flow wp-block-quote-is-layout-flow\"><p>Les soldats sont bien pay\u00e9s, trois fois leur solde habituelle, mais ne sont pas inform\u00e9s<\/p><\/blockquote>\n\n\n\n<p>Outre les pompiers les militaires envoy\u00e9s sur le site payent un lourd tribut. Ils n&rsquo;ont pas le choix, c&rsquo;est \u00e7a ou la cour martiale. Ils y vont v\u00eatus d&rsquo;une calotte blanche,&nbsp;d&rsquo;une blouse et d&rsquo;un masque de gaze. La zone est d\u00e9clar\u00e9e interdite, d\u00e9j\u00e0 vid\u00e9e de ses habitants, et les soldats sont fiers d&rsquo;y travailler. Ils savent qu&rsquo;ils sont n\u00e9s, non pas pour \u00eatre riches, mais pour devenir des h\u00e9ros. Leur t\u00e2che consiste d&rsquo;abord \u00e0 emp\u00eacher les habitants de rentrer ce qu&rsquo;ils ne comprennent pas. D&rsquo;un c\u00f4t\u00e9 de la fronti\u00e8re leur maison leur est interdite, de l&rsquo;autre les vaches paissent. Les soldats sont bien pay\u00e9s, trois fois leur solde habituelle, mais ne sont pas inform\u00e9s. Tout ce qui peut sortir de la zone se n\u00e9gocie en alcool. Certains leur disent qu&rsquo;ils ne risquent rien m\u00eame en l\u00e9chant leur h\u00e9licopt\u00e8re. D&rsquo;autres les incitent \u00e0 se fabriquer des protections. Ce n&rsquo;est que trois ans apr\u00e8s qu&rsquo;ils commenceront \u00e0 mourir. Ils revenaient presque tous d&rsquo;Afghanistan o\u00f9 tout \u00e9tait plus simple. Une balle suffisait pour d\u00e9c\u00e9der. Revenu chez lui, un soldat donne son calot \u00e0 son fils qui lui avait tant r\u00e9clam\u00e9. Deux ans apr\u00e8s cet enfant souffrira d&rsquo;une tumeur au cerveau. Des b\u00e9b\u00e9s naissent avec une tripe aplasie : pas de vagin, pas d&rsquo;anus, pas de rein gauche. Les m\u00e9decins ne parviennent pas \u00e0 les reconstruire et l&rsquo;\u00c9tat bi\u00e9lorusse se refuse \u00e0 lier ces pathologies \u00e0 l&rsquo;explosion de la centrale.<\/p>\n\n\n\n<blockquote class=\"wp-block-quote has-text-align-center is-style-large is-layout-flow wp-block-quote-is-layout-flow\"><p>La nourriture a un go\u00fbt de c\u00e9sium et de strontium<\/p><\/blockquote>\n\n\n\n<p class=\"has-text-align-left\">Tout va bien, tout est sous contr\u00f4le. C&rsquo;est ce que Gorbatchev annonce aux habitants des villages touch\u00e9s \u00e0 la t\u00e9l\u00e9vision. Le secr\u00e9taire local du parti communiste est attendu sur place. Mais o\u00f9 va-t-il passer ? Les militaires le comprennent en voyant la triple couche de bitume fra\u00eechement pos\u00e9e qui lui \u00e9vitera la poussi\u00e8re radioactive que tous avalent dans les chemins de terre. Dans les champs les pommiers sont en fleurs mais il n&rsquo;y a aucune odeur. L&rsquo;organisme r\u00e9agit aux fortes radiations en bloquant certains organes. La r\u00e9colte des l\u00e9gumes s&rsquo;annonce exceptionnelle. Mais il est inconcevable de jeter les concombres. Les habitants multiplient donc les conserves. Sage pr\u00e9caution. \u00c0 No\u00ebl les \u00e9tals des magasins seront vides et les habitants compenseront avec leurs provisions au point que certains diront en plaisantant que la nourriture a un go\u00fbt de c\u00e9sium et de strontium. Ils ont de toute fa\u00e7on fait au mieux pour prot\u00e9ger leur b\u00e9tail. Certains ont gard\u00e9 les vaches \u00e0 l&rsquo;\u00e9table tout en leur amenant de l&rsquo;herbe des champs. Les appels au secours des physiciens sont ignor\u00e9s des autorit\u00e9s. Pourtant les responsables politiques prennent des pastilles d&rsquo;iode mais ne le distribuent pas \u00e0 la population. Il ne faudrait pas d\u00e9clencher une panique.<\/p>\n\n\n\n<p><\/p>\n","protected":false},"excerpt":{"rendered":"<p>Au d\u00e9but il y eut une petite phrase sur le compte Instagram de Nicolas Mathieu : \u00ab Un des meilleurs bouquins que j&rsquo;aie jamais lu \u00bb. Elle renvoyait \u00e0 La supplication le livre de Svetlana Alexievitch, une \u00e9crivaine bi\u00e9lorusse qui a re\u00e7u le prix Nobel de litt\u00e9rature en 2015 pour ses \u00e9crits sur l&rsquo;Afghanistan, Tchernobyl, [&hellip;]<\/p>\n","protected":false},"author":8,"featured_media":18464,"comment_status":"open","ping_status":"open","sticky":false,"template":"","format":"standard","meta":{"footnotes":""},"categories":[63,171],"tags":[61],"class_list":["post-9240","post","type-post","status-publish","format-standard","has-post-thumbnail","hentry","category-roman-bielorusse","category-171","tag-jean-claude-lattes"],"yoast_head":"<!-- This site is optimized with the Yoast SEO plugin v27.5 - https:\/\/yoast.com\/product\/yoast-seo-wordpress\/ -->\n<title>La supplication, Svetlana Alexievitch, \u00c9ditions Jean-Claude Latt\u00e8s - Surbook\u00e9<\/title>\n<meta name=\"robots\" content=\"index, follow, max-snippet:-1, max-image-preview:large, max-video-preview:-1\" \/>\n<link rel=\"canonical\" href=\"https:\/\/surbooke.fr\/wordpress\/2021\/06\/14\/la-supplication-svetlana-alexievitch-editions-jean-claude-lattes\/\" \/>\n<meta property=\"og:locale\" content=\"fr_FR\" \/>\n<meta property=\"og:type\" content=\"article\" \/>\n<meta property=\"og:title\" content=\"La supplication, Svetlana Alexievitch, \u00c9ditions Jean-Claude Latt\u00e8s - Surbook\u00e9\" \/>\n<meta property=\"og:description\" content=\"Au d\u00e9but il y eut une petite phrase sur le compte Instagram de Nicolas Mathieu : \u00ab Un des meilleurs bouquins que j&rsquo;aie jamais lu \u00bb. Elle renvoyait \u00e0 La supplication le livre de Svetlana Alexievitch, une \u00e9crivaine bi\u00e9lorusse qui a re\u00e7u le prix Nobel de litt\u00e9rature en 2015 pour ses \u00e9crits sur l&rsquo;Afghanistan, Tchernobyl, [&hellip;]\" \/>\n<meta property=\"og:url\" content=\"https:\/\/surbooke.fr\/wordpress\/2021\/06\/14\/la-supplication-svetlana-alexievitch-editions-jean-claude-lattes\/\" \/>\n<meta property=\"og:site_name\" content=\"Surbook\u00e9\" \/>\n<meta property=\"article:published_time\" content=\"2021-06-14T05:02:50+00:00\" \/>\n<meta property=\"article:modified_time\" content=\"2023-05-22T17:25:07+00:00\" \/>\n<meta property=\"og:image\" content=\"https:\/\/surbooke.fr\/wordpress\/wp-content\/uploads\/2021\/06\/La-supplication-1.jpg\" \/>\n\t<meta property=\"og:image:width\" content=\"309\" \/>\n\t<meta property=\"og:image:height\" content=\"500\" \/>\n\t<meta property=\"og:image:type\" content=\"image\/jpeg\" \/>\n<meta name=\"author\" content=\"Laurent Bisault\" \/>\n<meta name=\"twitter:card\" content=\"summary_large_image\" \/>\n<meta name=\"twitter:creator\" content=\"@LaurentBisault\" \/>\n<meta name=\"twitter:label1\" content=\"\u00c9crit par\" \/>\n\t<meta name=\"twitter:data1\" content=\"Laurent Bisault\" \/>\n\t<meta name=\"twitter:label2\" content=\"Dur\u00e9e de lecture estim\u00e9e\" \/>\n\t<meta name=\"twitter:data2\" content=\"8 minutes\" \/>\n<script type=\"application\/ld+json\" class=\"yoast-schema-graph\">{\"@context\":\"https:\\\/\\\/schema.org\",\"@graph\":[{\"@type\":\"Article\",\"@id\":\"https:\\\/\\\/surbooke.fr\\\/wordpress\\\/2021\\\/06\\\/14\\\/la-supplication-svetlana-alexievitch-editions-jean-claude-lattes\\\/#article\",\"isPartOf\":{\"@id\":\"https:\\\/\\\/surbooke.fr\\\/wordpress\\\/2021\\\/06\\\/14\\\/la-supplication-svetlana-alexievitch-editions-jean-claude-lattes\\\/\"},\"author\":{\"name\":\"Laurent Bisault\",\"@id\":\"https:\\\/\\\/surbooke.fr\\\/wordpress\\\/#\\\/schema\\\/person\\\/9c6be4d35203c76182c56b0e974807c6\"},\"headline\":\"La supplication, Svetlana Alexievitch, \u00c9ditions Jean-Claude Latt\u00e8s\",\"datePublished\":\"2021-06-14T05:02:50+00:00\",\"dateModified\":\"2023-05-22T17:25:07+00:00\",\"mainEntityOfPage\":{\"@id\":\"https:\\\/\\\/surbooke.fr\\\/wordpress\\\/2021\\\/06\\\/14\\\/la-supplication-svetlana-alexievitch-editions-jean-claude-lattes\\\/\"},\"wordCount\":1795,\"commentCount\":1,\"image\":{\"@id\":\"https:\\\/\\\/surbooke.fr\\\/wordpress\\\/2021\\\/06\\\/14\\\/la-supplication-svetlana-alexievitch-editions-jean-claude-lattes\\\/#primaryimage\"},\"thumbnailUrl\":\"https:\\\/\\\/surbooke.fr\\\/wordpress\\\/wp-content\\\/uploads\\\/2021\\\/06\\\/La-supplication-1.jpg\",\"keywords\":[\"Jean-Claude Latt\u00e8s\"],\"articleSection\":[\"roman bi\u00e9lorusse \ud83c\udde7\ud83c\uddfe\",\"\ud83e\udd0d\ud83e\udd0d\"],\"inLanguage\":\"fr-FR\",\"potentialAction\":[{\"@type\":\"CommentAction\",\"name\":\"Comment\",\"target\":[\"https:\\\/\\\/surbooke.fr\\\/wordpress\\\/2021\\\/06\\\/14\\\/la-supplication-svetlana-alexievitch-editions-jean-claude-lattes\\\/#respond\"]}]},{\"@type\":\"WebPage\",\"@id\":\"https:\\\/\\\/surbooke.fr\\\/wordpress\\\/2021\\\/06\\\/14\\\/la-supplication-svetlana-alexievitch-editions-jean-claude-lattes\\\/\",\"url\":\"https:\\\/\\\/surbooke.fr\\\/wordpress\\\/2021\\\/06\\\/14\\\/la-supplication-svetlana-alexievitch-editions-jean-claude-lattes\\\/\",\"name\":\"La supplication, Svetlana Alexievitch, \u00c9ditions Jean-Claude Latt\u00e8s - Surbook\u00e9\",\"isPartOf\":{\"@id\":\"https:\\\/\\\/surbooke.fr\\\/wordpress\\\/#website\"},\"primaryImageOfPage\":{\"@id\":\"https:\\\/\\\/surbooke.fr\\\/wordpress\\\/2021\\\/06\\\/14\\\/la-supplication-svetlana-alexievitch-editions-jean-claude-lattes\\\/#primaryimage\"},\"image\":{\"@id\":\"https:\\\/\\\/surbooke.fr\\\/wordpress\\\/2021\\\/06\\\/14\\\/la-supplication-svetlana-alexievitch-editions-jean-claude-lattes\\\/#primaryimage\"},\"thumbnailUrl\":\"https:\\\/\\\/surbooke.fr\\\/wordpress\\\/wp-content\\\/uploads\\\/2021\\\/06\\\/La-supplication-1.jpg\",\"datePublished\":\"2021-06-14T05:02:50+00:00\",\"dateModified\":\"2023-05-22T17:25:07+00:00\",\"author\":{\"@id\":\"https:\\\/\\\/surbooke.fr\\\/wordpress\\\/#\\\/schema\\\/person\\\/9c6be4d35203c76182c56b0e974807c6\"},\"breadcrumb\":{\"@id\":\"https:\\\/\\\/surbooke.fr\\\/wordpress\\\/2021\\\/06\\\/14\\\/la-supplication-svetlana-alexievitch-editions-jean-claude-lattes\\\/#breadcrumb\"},\"inLanguage\":\"fr-FR\",\"potentialAction\":[{\"@type\":\"ReadAction\",\"target\":[\"https:\\\/\\\/surbooke.fr\\\/wordpress\\\/2021\\\/06\\\/14\\\/la-supplication-svetlana-alexievitch-editions-jean-claude-lattes\\\/\"]}]},{\"@type\":\"ImageObject\",\"inLanguage\":\"fr-FR\",\"@id\":\"https:\\\/\\\/surbooke.fr\\\/wordpress\\\/2021\\\/06\\\/14\\\/la-supplication-svetlana-alexievitch-editions-jean-claude-lattes\\\/#primaryimage\",\"url\":\"https:\\\/\\\/surbooke.fr\\\/wordpress\\\/wp-content\\\/uploads\\\/2021\\\/06\\\/La-supplication-1.jpg\",\"contentUrl\":\"https:\\\/\\\/surbooke.fr\\\/wordpress\\\/wp-content\\\/uploads\\\/2021\\\/06\\\/La-supplication-1.jpg\",\"width\":309,\"height\":500},{\"@type\":\"BreadcrumbList\",\"@id\":\"https:\\\/\\\/surbooke.fr\\\/wordpress\\\/2021\\\/06\\\/14\\\/la-supplication-svetlana-alexievitch-editions-jean-claude-lattes\\\/#breadcrumb\",\"itemListElement\":[{\"@type\":\"ListItem\",\"position\":1,\"name\":\"Accueil\",\"item\":\"https:\\\/\\\/surbooke.fr\\\/wordpress\\\/\"},{\"@type\":\"ListItem\",\"position\":2,\"name\":\"La supplication, Svetlana Alexievitch, \u00c9ditions Jean-Claude Latt\u00e8s\"}]},{\"@type\":\"WebSite\",\"@id\":\"https:\\\/\\\/surbooke.fr\\\/wordpress\\\/#website\",\"url\":\"https:\\\/\\\/surbooke.fr\\\/wordpress\\\/\",\"name\":\"Surbook\u00e9\",\"description\":\"Le blog de Laurent Bisault\",\"potentialAction\":[{\"@type\":\"SearchAction\",\"target\":{\"@type\":\"EntryPoint\",\"urlTemplate\":\"https:\\\/\\\/surbooke.fr\\\/wordpress\\\/?s={search_term_string}\"},\"query-input\":{\"@type\":\"PropertyValueSpecification\",\"valueRequired\":true,\"valueName\":\"search_term_string\"}}],\"inLanguage\":\"fr-FR\"},{\"@type\":\"Person\",\"@id\":\"https:\\\/\\\/surbooke.fr\\\/wordpress\\\/#\\\/schema\\\/person\\\/9c6be4d35203c76182c56b0e974807c6\",\"name\":\"Laurent Bisault\",\"image\":{\"@type\":\"ImageObject\",\"inLanguage\":\"fr-FR\",\"@id\":\"https:\\\/\\\/secure.gravatar.com\\\/avatar\\\/3bcd2efdfc3a3e416bea3223d3dfcd7f8845e2ca0669671d0c7ed8e84e97bfc4?s=96&d=mm&r=g\",\"url\":\"https:\\\/\\\/secure.gravatar.com\\\/avatar\\\/3bcd2efdfc3a3e416bea3223d3dfcd7f8845e2ca0669671d0c7ed8e84e97bfc4?s=96&d=mm&r=g\",\"contentUrl\":\"https:\\\/\\\/secure.gravatar.com\\\/avatar\\\/3bcd2efdfc3a3e416bea3223d3dfcd7f8845e2ca0669671d0c7ed8e84e97bfc4?s=96&d=mm&r=g\",\"caption\":\"Laurent Bisault\"},\"sameAs\":[\"https:\\\/\\\/surbooke.fr\\\/wordpress\\\/\",\"https:\\\/\\\/x.com\\\/LaurentBisault\"],\"url\":\"https:\\\/\\\/surbooke.fr\\\/wordpress\\\/author\\\/surbooke\\\/\"}]}<\/script>\n<!-- \/ Yoast SEO plugin. -->","yoast_head_json":{"title":"La supplication, Svetlana Alexievitch, \u00c9ditions Jean-Claude Latt\u00e8s - Surbook\u00e9","robots":{"index":"index","follow":"follow","max-snippet":"max-snippet:-1","max-image-preview":"max-image-preview:large","max-video-preview":"max-video-preview:-1"},"canonical":"https:\/\/surbooke.fr\/wordpress\/2021\/06\/14\/la-supplication-svetlana-alexievitch-editions-jean-claude-lattes\/","og_locale":"fr_FR","og_type":"article","og_title":"La supplication, Svetlana Alexievitch, \u00c9ditions Jean-Claude Latt\u00e8s - Surbook\u00e9","og_description":"Au d\u00e9but il y eut une petite phrase sur le compte Instagram de Nicolas Mathieu : \u00ab Un des meilleurs bouquins que j&rsquo;aie jamais lu \u00bb. Elle renvoyait \u00e0 La supplication le livre de Svetlana Alexievitch, une \u00e9crivaine bi\u00e9lorusse qui a re\u00e7u le prix Nobel de litt\u00e9rature en 2015 pour ses \u00e9crits sur l&rsquo;Afghanistan, Tchernobyl, [&hellip;]","og_url":"https:\/\/surbooke.fr\/wordpress\/2021\/06\/14\/la-supplication-svetlana-alexievitch-editions-jean-claude-lattes\/","og_site_name":"Surbook\u00e9","article_published_time":"2021-06-14T05:02:50+00:00","article_modified_time":"2023-05-22T17:25:07+00:00","og_image":[{"width":309,"height":500,"url":"https:\/\/surbooke.fr\/wordpress\/wp-content\/uploads\/2021\/06\/La-supplication-1.jpg","type":"image\/jpeg"}],"author":"Laurent Bisault","twitter_card":"summary_large_image","twitter_creator":"@LaurentBisault","twitter_misc":{"\u00c9crit par":"Laurent Bisault","Dur\u00e9e de lecture estim\u00e9e":"8 minutes"},"schema":{"@context":"https:\/\/schema.org","@graph":[{"@type":"Article","@id":"https:\/\/surbooke.fr\/wordpress\/2021\/06\/14\/la-supplication-svetlana-alexievitch-editions-jean-claude-lattes\/#article","isPartOf":{"@id":"https:\/\/surbooke.fr\/wordpress\/2021\/06\/14\/la-supplication-svetlana-alexievitch-editions-jean-claude-lattes\/"},"author":{"name":"Laurent Bisault","@id":"https:\/\/surbooke.fr\/wordpress\/#\/schema\/person\/9c6be4d35203c76182c56b0e974807c6"},"headline":"La supplication, Svetlana Alexievitch, \u00c9ditions Jean-Claude Latt\u00e8s","datePublished":"2021-06-14T05:02:50+00:00","dateModified":"2023-05-22T17:25:07+00:00","mainEntityOfPage":{"@id":"https:\/\/surbooke.fr\/wordpress\/2021\/06\/14\/la-supplication-svetlana-alexievitch-editions-jean-claude-lattes\/"},"wordCount":1795,"commentCount":1,"image":{"@id":"https:\/\/surbooke.fr\/wordpress\/2021\/06\/14\/la-supplication-svetlana-alexievitch-editions-jean-claude-lattes\/#primaryimage"},"thumbnailUrl":"https:\/\/surbooke.fr\/wordpress\/wp-content\/uploads\/2021\/06\/La-supplication-1.jpg","keywords":["Jean-Claude Latt\u00e8s"],"articleSection":["roman bi\u00e9lorusse \ud83c\udde7\ud83c\uddfe","\ud83e\udd0d\ud83e\udd0d"],"inLanguage":"fr-FR","potentialAction":[{"@type":"CommentAction","name":"Comment","target":["https:\/\/surbooke.fr\/wordpress\/2021\/06\/14\/la-supplication-svetlana-alexievitch-editions-jean-claude-lattes\/#respond"]}]},{"@type":"WebPage","@id":"https:\/\/surbooke.fr\/wordpress\/2021\/06\/14\/la-supplication-svetlana-alexievitch-editions-jean-claude-lattes\/","url":"https:\/\/surbooke.fr\/wordpress\/2021\/06\/14\/la-supplication-svetlana-alexievitch-editions-jean-claude-lattes\/","name":"La supplication, Svetlana Alexievitch, \u00c9ditions Jean-Claude Latt\u00e8s - Surbook\u00e9","isPartOf":{"@id":"https:\/\/surbooke.fr\/wordpress\/#website"},"primaryImageOfPage":{"@id":"https:\/\/surbooke.fr\/wordpress\/2021\/06\/14\/la-supplication-svetlana-alexievitch-editions-jean-claude-lattes\/#primaryimage"},"image":{"@id":"https:\/\/surbooke.fr\/wordpress\/2021\/06\/14\/la-supplication-svetlana-alexievitch-editions-jean-claude-lattes\/#primaryimage"},"thumbnailUrl":"https:\/\/surbooke.fr\/wordpress\/wp-content\/uploads\/2021\/06\/La-supplication-1.jpg","datePublished":"2021-06-14T05:02:50+00:00","dateModified":"2023-05-22T17:25:07+00:00","author":{"@id":"https:\/\/surbooke.fr\/wordpress\/#\/schema\/person\/9c6be4d35203c76182c56b0e974807c6"},"breadcrumb":{"@id":"https:\/\/surbooke.fr\/wordpress\/2021\/06\/14\/la-supplication-svetlana-alexievitch-editions-jean-claude-lattes\/#breadcrumb"},"inLanguage":"fr-FR","potentialAction":[{"@type":"ReadAction","target":["https:\/\/surbooke.fr\/wordpress\/2021\/06\/14\/la-supplication-svetlana-alexievitch-editions-jean-claude-lattes\/"]}]},{"@type":"ImageObject","inLanguage":"fr-FR","@id":"https:\/\/surbooke.fr\/wordpress\/2021\/06\/14\/la-supplication-svetlana-alexievitch-editions-jean-claude-lattes\/#primaryimage","url":"https:\/\/surbooke.fr\/wordpress\/wp-content\/uploads\/2021\/06\/La-supplication-1.jpg","contentUrl":"https:\/\/surbooke.fr\/wordpress\/wp-content\/uploads\/2021\/06\/La-supplication-1.jpg","width":309,"height":500},{"@type":"BreadcrumbList","@id":"https:\/\/surbooke.fr\/wordpress\/2021\/06\/14\/la-supplication-svetlana-alexievitch-editions-jean-claude-lattes\/#breadcrumb","itemListElement":[{"@type":"ListItem","position":1,"name":"Accueil","item":"https:\/\/surbooke.fr\/wordpress\/"},{"@type":"ListItem","position":2,"name":"La supplication, Svetlana Alexievitch, \u00c9ditions Jean-Claude Latt\u00e8s"}]},{"@type":"WebSite","@id":"https:\/\/surbooke.fr\/wordpress\/#website","url":"https:\/\/surbooke.fr\/wordpress\/","name":"Surbook\u00e9","description":"Le blog de Laurent Bisault","potentialAction":[{"@type":"SearchAction","target":{"@type":"EntryPoint","urlTemplate":"https:\/\/surbooke.fr\/wordpress\/?s={search_term_string}"},"query-input":{"@type":"PropertyValueSpecification","valueRequired":true,"valueName":"search_term_string"}}],"inLanguage":"fr-FR"},{"@type":"Person","@id":"https:\/\/surbooke.fr\/wordpress\/#\/schema\/person\/9c6be4d35203c76182c56b0e974807c6","name":"Laurent Bisault","image":{"@type":"ImageObject","inLanguage":"fr-FR","@id":"https:\/\/secure.gravatar.com\/avatar\/3bcd2efdfc3a3e416bea3223d3dfcd7f8845e2ca0669671d0c7ed8e84e97bfc4?s=96&d=mm&r=g","url":"https:\/\/secure.gravatar.com\/avatar\/3bcd2efdfc3a3e416bea3223d3dfcd7f8845e2ca0669671d0c7ed8e84e97bfc4?s=96&d=mm&r=g","contentUrl":"https:\/\/secure.gravatar.com\/avatar\/3bcd2efdfc3a3e416bea3223d3dfcd7f8845e2ca0669671d0c7ed8e84e97bfc4?s=96&d=mm&r=g","caption":"Laurent Bisault"},"sameAs":["https:\/\/surbooke.fr\/wordpress\/","https:\/\/x.com\/LaurentBisault"],"url":"https:\/\/surbooke.fr\/wordpress\/author\/surbooke\/"}]}},"_links":{"self":[{"href":"https:\/\/surbooke.fr\/wordpress\/wp-json\/wp\/v2\/posts\/9240","targetHints":{"allow":["GET"]}}],"collection":[{"href":"https:\/\/surbooke.fr\/wordpress\/wp-json\/wp\/v2\/posts"}],"about":[{"href":"https:\/\/surbooke.fr\/wordpress\/wp-json\/wp\/v2\/types\/post"}],"author":[{"embeddable":true,"href":"https:\/\/surbooke.fr\/wordpress\/wp-json\/wp\/v2\/users\/8"}],"replies":[{"embeddable":true,"href":"https:\/\/surbooke.fr\/wordpress\/wp-json\/wp\/v2\/comments?post=9240"}],"version-history":[{"count":0,"href":"https:\/\/surbooke.fr\/wordpress\/wp-json\/wp\/v2\/posts\/9240\/revisions"}],"wp:featuredmedia":[{"embeddable":true,"href":"https:\/\/surbooke.fr\/wordpress\/wp-json\/wp\/v2\/media\/18464"}],"wp:attachment":[{"href":"https:\/\/surbooke.fr\/wordpress\/wp-json\/wp\/v2\/media?parent=9240"}],"wp:term":[{"taxonomy":"category","embeddable":true,"href":"https:\/\/surbooke.fr\/wordpress\/wp-json\/wp\/v2\/categories?post=9240"},{"taxonomy":"post_tag","embeddable":true,"href":"https:\/\/surbooke.fr\/wordpress\/wp-json\/wp\/v2\/tags?post=9240"}],"curies":[{"name":"wp","href":"https:\/\/api.w.org\/{rel}","templated":true}]}}